{"id":104611,"date":"2024-09-04T12:20:59","date_gmt":"2024-09-04T10:20:59","guid":{"rendered":"https:\/\/www.retaildetail.be\/?p=104611"},"modified":"2024-09-05T16:34:43","modified_gmt":"2024-09-05T14:34:43","slug":"trois-raisons-de-ne-pas-manquer-le-retail-marketing-day","status":"publish","type":"post","link":"https:\/\/www.retaildetail.be\/fr\/news\/general\/trois-raisons-de-ne-pas-manquer-le-retail-marketing-day\/","title":{"rendered":"Trois raisons de ne pas manquer le Retail Marketing Day"},"content":{"rendered":"\n<p>En tant que d\u00e9taillant, comment maximiser votre budget marketing ? Une question qui est plus que jamais d&rsquo;actualit\u00e9 en cette p\u00e9riode de turbulences. Sept exemples concrets illustrent comment un marketing intelligent fait la diff\u00e9rence dans le commerce de d\u00e9tail.<\/p>\n\n\n\n<h2 class=\"wp-block-heading\">1. Tirez le meilleur parti de votre budget marketing<\/h2>\n\n\n\n<p>En p\u00e9riode de temp\u00eate, l&rsquo;attention du marketing se d\u00e9place de la construction de la marque vers des actions dont le rendement est \u00e0 plus court terme. En tant que d\u00e9taillant, comment tirer le meilleur parti de votre budget marketing ? C&rsquo;est ce que vous apprendront, entre autres, le professeur de marketing Gino Van Ossel, qui anime l&rsquo;\u00e9v\u00e9nement, l&rsquo;expert en fid\u00e9lisation <strong>Voyado<\/strong> et le ph\u00e9nom\u00e8ne <strong>Promojagers<\/strong>, la communaut\u00e9 en ligne unique qui s&rsquo;adresse \u00e0 la g\u00e9n\u00e9ration Z, un groupe cible que les d\u00e9taillants ont du mal \u00e0 atteindre.<\/p>\n\n\n\n<h2 class=\"wp-block-heading\">2. Apprendre des marques \u00e9mergentes et des marques \u00e9tablies<\/h2>\n\n\n\n<p>\u00c0 propos de la g\u00e9n\u00e9ration Z : Standaard Boekhandel prouve qu&rsquo;il est possible de marquer des points aupr\u00e8s des \u00ab jeunes adultes \u00bb avec une marque plus que centenaire, gr\u00e2ce \u00e0 TikTok et Instagram. Un vent de fra\u00eecheur souffle \u00e9galement sur <strong>Carrefour<\/strong>, tout comme <strong>LolaLiza<\/strong>, qui fait preuve d&rsquo;agilit\u00e9 sur un march\u00e9 de la mode en crise. Les marques \u00e9tablies se r\u00e9inventent, de nouvelles marques apparaissent, parfois presque de nulle part, comme <strong>Tout Bien<\/strong>, la bi\u00e8re blonde \u00ab tr\u00e8s ordinaire \u00bb de la figure des m\u00e9dias sociaux Average Rob, ou le caf\u00e9 un peu moins ordinaire de <strong>Ray&amp;Jules<\/strong>, qui ne veut rien de moins que changer le monde du caf\u00e9.<\/p>\n\n\n\n<h2 class=\"wp-block-heading\">3. Se connecter \u00e0 un r\u00e9seau unique<\/h2>\n\n\n\n<p>Nous le disons souvent : lors des \u00e9v\u00e9nements RetailDetail, la r\u00e8gle est que le public est aussi int\u00e9ressant que les orateurs. Le 19 septembre, vous pourrez rencontrer quelque deux cents professionnels du commerce de d\u00e9tail entre les pr\u00e9sentations et nouer des contacts avec eux. Faites vite, car les ventes de billets sont en plein essor : les billets peuvent \u00eatre command\u00e9s en cliquant sur le lien ci-dessous.<\/p>\n\n\n\n<div class=\"wp-block-buttons is-layout-flex wp-block-buttons-is-layout-flex\">\n<div class=\"wp-block-button\"><a class=\"wp-block-button__link has-vivid-red-background-color has-background\" href=\"https:\/\/www.retaildetail.be\/fr\/retail-events\/retail-marketing-day-2024-fr\/\" target=\"_blank\" rel=\"noreferrer noopener\">Cliquez ici pour r\u00e9server votre place<\/a><\/div>\n<\/div>\n","protected":false},"excerpt":{"rendered":"<p>En tant que d\u00e9taillant, comment maximiser votre budget marketing ? Une question qui est plus que jamais d&rsquo;actualit\u00e9 en cette p\u00e9riode de turbulences. Sept exemples concrets illustrent comment un marketing intelligent fait la diff\u00e9rence dans le commerce de d\u00e9tail.<\/p>\n","protected":false},"author":3,"featured_media":104608,"comment_status":"closed","ping_status":"closed","sticky":false,"template":"","format":"standard","meta":{"_acf_changed":false,"inline_featured_image":false,"_jetpack_memberships_contains_paid_content":false,"footnotes":""},"categories":[25],"tags":[],"people":[],"extra":[],"company":[],"topic":[488,774],"region":[],"class_list":["post-104611","post","type-post","status-publish","format-standard","has-post-thumbnail","hentry","category-general","topic-marketing","topic-retaildetail-day"],"acf":[],"yoast_head":"<!-- This site is optimized with the Yoast SEO plugin v27.3 - https:\/\/yoast.com\/product\/yoast-seo-wordpress\/ -->\n<title>Trois raisons de ne pas manquer le Retail Marketing Day - RetailDetail BE<\/title>\n<meta name=\"description\" content=\"En tant que d\u00e9taillant, comment maximiser votre budget marketing ? Une question qui est plus que jamais d&#039;actualit\u00e9 en cette p\u00e9riode de turbulences.\" \/>\n<meta name=\"robots\" content=\"index, follow, max-snippet:-1, max-image-preview:large, max-video-preview:-1\" \/>\n<link rel=\"canonical\" href=\"https:\/\/www.retaildetail.be\/fr\/news\/general\/trois-raisons-de-ne-pas-manquer-le-retail-marketing-day\/\" \/>\n<meta property=\"og:locale\" content=\"fr_FR\" \/>\n<meta property=\"og:type\" content=\"article\" \/>\n<meta property=\"og:title\" content=\"Trois raisons de ne pas manquer le Retail Marketing Day - RetailDetail BE\" \/>\n<meta property=\"og:description\" content=\"En tant que d\u00e9taillant, comment maximiser votre budget marketing ? Une question qui est plus que jamais d&#039;actualit\u00e9 en cette p\u00e9riode de turbulences.\" \/>\n<meta property=\"og:url\" content=\"https:\/\/www.retaildetail.be\/fr\/news\/general\/trois-raisons-de-ne-pas-manquer-le-retail-marketing-day\/\" \/>\n<meta property=\"og:site_name\" content=\"RetailDetail BE\" \/>\n<meta property=\"article:published_time\" content=\"2024-09-04T10:20:59+00:00\" \/>\n<meta property=\"article:modified_time\" content=\"2024-09-05T14:34:43+00:00\" \/>\n<meta property=\"og:image\" content=\"https:\/\/www.retaildetail.be\/wp-content\/uploads\/2024\/09\/RetailMarketingDay_V2_2560x1740.png\" \/>\n\t<meta property=\"og:image:width\" content=\"2560\" \/>\n\t<meta property=\"og:image:height\" content=\"1740\" \/>\n\t<meta property=\"og:image:type\" content=\"image\/png\" \/>\n<meta name=\"author\" content=\"Stefan Van Rompaey\" \/>\n<meta name=\"twitter:card\" content=\"summary_large_image\" \/>\n<meta name=\"twitter:label1\" content=\"\u00c9crit par\" \/>\n\t<meta name=\"twitter:data1\" content=\"Stefan Van Rompaey\" \/>\n\t<meta name=\"twitter:label2\" content=\"Dur\u00e9e de lecture estim\u00e9e\" \/>\n\t<meta name=\"twitter:data2\" content=\"2 minutes\" \/>\n<script type=\"application\/ld+json\" class=\"yoast-schema-graph\">{\"@context\":\"https:\\\/\\\/schema.org\",\"@graph\":[{\"@type\":\"NewsArticle\",\"@id\":\"https:\\\/\\\/www.retaildetail.be\\\/fr\\\/news\\\/general\\\/trois-raisons-de-ne-pas-manquer-le-retail-marketing-day\\\/#article\",\"isPartOf\":{\"@id\":\"https:\\\/\\\/www.retaildetail.be\\\/fr\\\/news\\\/general\\\/trois-raisons-de-ne-pas-manquer-le-retail-marketing-day\\\/\"},\"author\":{\"name\":\"Stefan Van Rompaey\",\"@id\":\"https:\\\/\\\/www.retaildetail.be\\\/nl\\\/#\\\/schema\\\/person\\\/51aec6069c4416aa2f68b2e4ff3455df\"},\"headline\":\"Trois raisons de ne pas manquer le Retail Marketing Day\",\"datePublished\":\"2024-09-04T10:20:59+00:00\",\"dateModified\":\"2024-09-05T14:34:43+00:00\",\"mainEntityOfPage\":{\"@id\":\"https:\\\/\\\/www.retaildetail.be\\\/fr\\\/news\\\/general\\\/trois-raisons-de-ne-pas-manquer-le-retail-marketing-day\\\/\"},\"wordCount\":367,\"publisher\":{\"@id\":\"https:\\\/\\\/www.retaildetail.be\\\/nl\\\/#organization\"},\"image\":{\"@id\":\"https:\\\/\\\/www.retaildetail.be\\\/fr\\\/news\\\/general\\\/trois-raisons-de-ne-pas-manquer-le-retail-marketing-day\\\/#primaryimage\"},\"thumbnailUrl\":\"https:\\\/\\\/www.retaildetail.be\\\/wp-content\\\/uploads\\\/2024\\\/09\\\/RetailMarketingDay_V2_2560x1740.png\",\"articleSection\":[\"G\u00e9n\u00e9ral\"],\"inLanguage\":\"fr-FR\",\"copyrightYear\":\"2024\",\"copyrightHolder\":{\"@id\":\"https:\\\/\\\/www.retaildetail.be\\\/#organization\"}},{\"@type\":\"WebPage\",\"@id\":\"https:\\\/\\\/www.retaildetail.be\\\/fr\\\/news\\\/general\\\/trois-raisons-de-ne-pas-manquer-le-retail-marketing-day\\\/\",\"url\":\"https:\\\/\\\/www.retaildetail.be\\\/fr\\\/news\\\/general\\\/trois-raisons-de-ne-pas-manquer-le-retail-marketing-day\\\/\",\"name\":\"Trois raisons de ne pas manquer le Retail Marketing Day - RetailDetail BE\",\"isPartOf\":{\"@id\":\"https:\\\/\\\/www.retaildetail.be\\\/nl\\\/#website\"},\"primaryImageOfPage\":{\"@id\":\"https:\\\/\\\/www.retaildetail.be\\\/fr\\\/news\\\/general\\\/trois-raisons-de-ne-pas-manquer-le-retail-marketing-day\\\/#primaryimage\"},\"image\":{\"@id\":\"https:\\\/\\\/www.retaildetail.be\\\/fr\\\/news\\\/general\\\/trois-raisons-de-ne-pas-manquer-le-retail-marketing-day\\\/#primaryimage\"},\"thumbnailUrl\":\"https:\\\/\\\/www.retaildetail.be\\\/wp-content\\\/uploads\\\/2024\\\/09\\\/RetailMarketingDay_V2_2560x1740.png\",\"datePublished\":\"2024-09-04T10:20:59+00:00\",\"dateModified\":\"2024-09-05T14:34:43+00:00\",\"description\":\"En tant que d\u00e9taillant, comment maximiser votre budget marketing ? Une question qui est plus que jamais d'actualit\u00e9 en cette p\u00e9riode de turbulences.\",\"breadcrumb\":{\"@id\":\"https:\\\/\\\/www.retaildetail.be\\\/fr\\\/news\\\/general\\\/trois-raisons-de-ne-pas-manquer-le-retail-marketing-day\\\/#breadcrumb\"},\"inLanguage\":\"fr-FR\",\"potentialAction\":[{\"@type\":\"ReadAction\",\"target\":[\"https:\\\/\\\/www.retaildetail.be\\\/fr\\\/news\\\/general\\\/trois-raisons-de-ne-pas-manquer-le-retail-marketing-day\\\/\"]}]},{\"@type\":\"ImageObject\",\"inLanguage\":\"fr-FR\",\"@id\":\"https:\\\/\\\/www.retaildetail.be\\\/fr\\\/news\\\/general\\\/trois-raisons-de-ne-pas-manquer-le-retail-marketing-day\\\/#primaryimage\",\"url\":\"https:\\\/\\\/www.retaildetail.be\\\/wp-content\\\/uploads\\\/2024\\\/09\\\/RetailMarketingDay_V2_2560x1740.png\",\"contentUrl\":\"https:\\\/\\\/www.retaildetail.be\\\/wp-content\\\/uploads\\\/2024\\\/09\\\/RetailMarketingDay_V2_2560x1740.png\",\"width\":2560,\"height\":1740},{\"@type\":\"BreadcrumbList\",\"@id\":\"https:\\\/\\\/www.retaildetail.be\\\/fr\\\/news\\\/general\\\/trois-raisons-de-ne-pas-manquer-le-retail-marketing-day\\\/#breadcrumb\",\"itemListElement\":[{\"@type\":\"ListItem\",\"position\":1,\"name\":\"Home\",\"item\":\"https:\\\/\\\/www.retaildetail.be\\\/fr\\\/\"},{\"@type\":\"ListItem\",\"position\":2,\"name\":\"Trois raisons de ne pas manquer le Retail Marketing Day\"}]},{\"@type\":\"WebSite\",\"@id\":\"https:\\\/\\\/www.retaildetail.be\\\/nl\\\/#website\",\"url\":\"https:\\\/\\\/www.retaildetail.be\\\/nl\\\/\",\"name\":\"RetailDetail BE\",\"description\":\"News\",\"publisher\":{\"@id\":\"https:\\\/\\\/www.retaildetail.be\\\/nl\\\/#organization\"},\"potentialAction\":[{\"@type\":\"SearchAction\",\"target\":{\"@type\":\"EntryPoint\",\"urlTemplate\":\"https:\\\/\\\/www.retaildetail.be\\\/nl\\\/?s={search_term_string}\"},\"query-input\":{\"@type\":\"PropertyValueSpecification\",\"valueRequired\":true,\"valueName\":\"search_term_string\"}}],\"inLanguage\":\"fr-FR\"},{\"@type\":\"Organization\",\"@id\":\"https:\\\/\\\/www.retaildetail.be\\\/nl\\\/#organization\",\"name\":\"RetailDetail BE\",\"url\":\"https:\\\/\\\/www.retaildetail.be\\\/nl\\\/\",\"logo\":{\"@type\":\"ImageObject\",\"inLanguage\":\"fr-FR\",\"@id\":\"https:\\\/\\\/www.retaildetail.be\\\/nl\\\/#\\\/schema\\\/logo\\\/image\\\/\",\"url\":\"https:\\\/\\\/www.retaildetail.be\\\/wp-content\\\/uploads\\\/2022\\\/04\\\/logo.svg\",\"contentUrl\":\"https:\\\/\\\/www.retaildetail.be\\\/wp-content\\\/uploads\\\/2022\\\/04\\\/logo.svg\",\"width\":131,\"height\":70,\"caption\":\"RetailDetail BE\"},\"image\":{\"@id\":\"https:\\\/\\\/www.retaildetail.be\\\/nl\\\/#\\\/schema\\\/logo\\\/image\\\/\"}},{\"@type\":\"Person\",\"@id\":\"https:\\\/\\\/www.retaildetail.be\\\/nl\\\/#\\\/schema\\\/person\\\/51aec6069c4416aa2f68b2e4ff3455df\",\"name\":\"Stefan Van Rompaey\",\"image\":{\"@type\":\"ImageObject\",\"inLanguage\":\"fr-FR\",\"@id\":\"https:\\\/\\\/secure.gravatar.com\\\/avatar\\\/fbbb4a80a0f109888b2a5ab8ae255617499ecde533749b3ab2fa6c23b5d65dac?s=96&d=mm&r=g\",\"url\":\"https:\\\/\\\/secure.gravatar.com\\\/avatar\\\/fbbb4a80a0f109888b2a5ab8ae255617499ecde533749b3ab2fa6c23b5d65dac?s=96&d=mm&r=g\",\"contentUrl\":\"https:\\\/\\\/secure.gravatar.com\\\/avatar\\\/fbbb4a80a0f109888b2a5ab8ae255617499ecde533749b3ab2fa6c23b5d65dac?s=96&d=mm&r=g\",\"caption\":\"Stefan Van Rompaey\"},\"url\":\"https:\\\/\\\/www.retaildetail.be\\\/fr\\\/author\\\/stefanvanrompaey\\\/\"}]}<\/script>\n<!-- \/ Yoast SEO plugin. -->","yoast_head_json":{"title":"Trois raisons de ne pas manquer le Retail Marketing Day - RetailDetail BE","description":"En tant que d\u00e9taillant, comment maximiser votre budget marketing ? Une question qui est plus que jamais d'actualit\u00e9 en cette p\u00e9riode de turbulences.","robots":{"index":"index","follow":"follow","max-snippet":"max-snippet:-1","max-image-preview":"max-image-preview:large","max-video-preview":"max-video-preview:-1"},"canonical":"https:\/\/www.retaildetail.be\/fr\/news\/general\/trois-raisons-de-ne-pas-manquer-le-retail-marketing-day\/","og_locale":"fr_FR","og_type":"article","og_title":"Trois raisons de ne pas manquer le Retail Marketing Day - RetailDetail BE","og_description":"En tant que d\u00e9taillant, comment maximiser votre budget marketing ? Une question qui est plus que jamais d'actualit\u00e9 en cette p\u00e9riode de turbulences.","og_url":"https:\/\/www.retaildetail.be\/fr\/news\/general\/trois-raisons-de-ne-pas-manquer-le-retail-marketing-day\/","og_site_name":"RetailDetail BE","article_published_time":"2024-09-04T10:20:59+00:00","article_modified_time":"2024-09-05T14:34:43+00:00","og_image":[{"width":2560,"height":1740,"url":"https:\/\/www.retaildetail.be\/wp-content\/uploads\/2024\/09\/RetailMarketingDay_V2_2560x1740.png","type":"image\/png"}],"author":"Stefan Van Rompaey","twitter_card":"summary_large_image","twitter_misc":{"\u00c9crit par":"Stefan Van Rompaey","Dur\u00e9e de lecture estim\u00e9e":"2 minutes"},"schema":{"@context":"https:\/\/schema.org","@graph":[{"@type":"NewsArticle","@id":"https:\/\/www.retaildetail.be\/fr\/news\/general\/trois-raisons-de-ne-pas-manquer-le-retail-marketing-day\/#article","isPartOf":{"@id":"https:\/\/www.retaildetail.be\/fr\/news\/general\/trois-raisons-de-ne-pas-manquer-le-retail-marketing-day\/"},"author":{"name":"Stefan Van Rompaey","@id":"https:\/\/www.retaildetail.be\/nl\/#\/schema\/person\/51aec6069c4416aa2f68b2e4ff3455df"},"headline":"Trois raisons de ne pas manquer le Retail Marketing Day","datePublished":"2024-09-04T10:20:59+00:00","dateModified":"2024-09-05T14:34:43+00:00","mainEntityOfPage":{"@id":"https:\/\/www.retaildetail.be\/fr\/news\/general\/trois-raisons-de-ne-pas-manquer-le-retail-marketing-day\/"},"wordCount":367,"publisher":{"@id":"https:\/\/www.retaildetail.be\/nl\/#organization"},"image":{"@id":"https:\/\/www.retaildetail.be\/fr\/news\/general\/trois-raisons-de-ne-pas-manquer-le-retail-marketing-day\/#primaryimage"},"thumbnailUrl":"https:\/\/www.retaildetail.be\/wp-content\/uploads\/2024\/09\/RetailMarketingDay_V2_2560x1740.png","articleSection":["G\u00e9n\u00e9ral"],"inLanguage":"fr-FR","copyrightYear":"2024","copyrightHolder":{"@id":"https:\/\/www.retaildetail.be\/#organization"}},{"@type":"WebPage","@id":"https:\/\/www.retaildetail.be\/fr\/news\/general\/trois-raisons-de-ne-pas-manquer-le-retail-marketing-day\/","url":"https:\/\/www.retaildetail.be\/fr\/news\/general\/trois-raisons-de-ne-pas-manquer-le-retail-marketing-day\/","name":"Trois raisons de ne pas manquer le Retail Marketing Day - RetailDetail BE","isPartOf":{"@id":"https:\/\/www.retaildetail.be\/nl\/#website"},"primaryImageOfPage":{"@id":"https:\/\/www.retaildetail.be\/fr\/news\/general\/trois-raisons-de-ne-pas-manquer-le-retail-marketing-day\/#primaryimage"},"image":{"@id":"https:\/\/www.retaildetail.be\/fr\/news\/general\/trois-raisons-de-ne-pas-manquer-le-retail-marketing-day\/#primaryimage"},"thumbnailUrl":"https:\/\/www.retaildetail.be\/wp-content\/uploads\/2024\/09\/RetailMarketingDay_V2_2560x1740.png","datePublished":"2024-09-04T10:20:59+00:00","dateModified":"2024-09-05T14:34:43+00:00","description":"En tant que d\u00e9taillant, comment maximiser votre budget marketing ? Une question qui est plus que jamais d'actualit\u00e9 en cette p\u00e9riode de turbulences.","breadcrumb":{"@id":"https:\/\/www.retaildetail.be\/fr\/news\/general\/trois-raisons-de-ne-pas-manquer-le-retail-marketing-day\/#breadcrumb"},"inLanguage":"fr-FR","potentialAction":[{"@type":"ReadAction","target":["https:\/\/www.retaildetail.be\/fr\/news\/general\/trois-raisons-de-ne-pas-manquer-le-retail-marketing-day\/"]}]},{"@type":"ImageObject","inLanguage":"fr-FR","@id":"https:\/\/www.retaildetail.be\/fr\/news\/general\/trois-raisons-de-ne-pas-manquer-le-retail-marketing-day\/#primaryimage","url":"https:\/\/www.retaildetail.be\/wp-content\/uploads\/2024\/09\/RetailMarketingDay_V2_2560x1740.png","contentUrl":"https:\/\/www.retaildetail.be\/wp-content\/uploads\/2024\/09\/RetailMarketingDay_V2_2560x1740.png","width":2560,"height":1740},{"@type":"BreadcrumbList","@id":"https:\/\/www.retaildetail.be\/fr\/news\/general\/trois-raisons-de-ne-pas-manquer-le-retail-marketing-day\/#breadcrumb","itemListElement":[{"@type":"ListItem","position":1,"name":"Home","item":"https:\/\/www.retaildetail.be\/fr\/"},{"@type":"ListItem","position":2,"name":"Trois raisons de ne pas manquer le Retail Marketing Day"}]},{"@type":"WebSite","@id":"https:\/\/www.retaildetail.be\/nl\/#website","url":"https:\/\/www.retaildetail.be\/nl\/","name":"RetailDetail BE","description":"News","publisher":{"@id":"https:\/\/www.retaildetail.be\/nl\/#organization"},"potentialAction":[{"@type":"SearchAction","target":{"@type":"EntryPoint","urlTemplate":"https:\/\/www.retaildetail.be\/nl\/?s={search_term_string}"},"query-input":{"@type":"PropertyValueSpecification","valueRequired":true,"valueName":"search_term_string"}}],"inLanguage":"fr-FR"},{"@type":"Organization","@id":"https:\/\/www.retaildetail.be\/nl\/#organization","name":"RetailDetail BE","url":"https:\/\/www.retaildetail.be\/nl\/","logo":{"@type":"ImageObject","inLanguage":"fr-FR","@id":"https:\/\/www.retaildetail.be\/nl\/#\/schema\/logo\/image\/","url":"https:\/\/www.retaildetail.be\/wp-content\/uploads\/2022\/04\/logo.svg","contentUrl":"https:\/\/www.retaildetail.be\/wp-content\/uploads\/2022\/04\/logo.svg","width":131,"height":70,"caption":"RetailDetail BE"},"image":{"@id":"https:\/\/www.retaildetail.be\/nl\/#\/schema\/logo\/image\/"}},{"@type":"Person","@id":"https:\/\/www.retaildetail.be\/nl\/#\/schema\/person\/51aec6069c4416aa2f68b2e4ff3455df","name":"Stefan Van Rompaey","image":{"@type":"ImageObject","inLanguage":"fr-FR","@id":"https:\/\/secure.gravatar.com\/avatar\/fbbb4a80a0f109888b2a5ab8ae255617499ecde533749b3ab2fa6c23b5d65dac?s=96&d=mm&r=g","url":"https:\/\/secure.gravatar.com\/avatar\/fbbb4a80a0f109888b2a5ab8ae255617499ecde533749b3ab2fa6c23b5d65dac?s=96&d=mm&r=g","contentUrl":"https:\/\/secure.gravatar.com\/avatar\/fbbb4a80a0f109888b2a5ab8ae255617499ecde533749b3ab2fa6c23b5d65dac?s=96&d=mm&r=g","caption":"Stefan Van Rompaey"},"url":"https:\/\/www.retaildetail.be\/fr\/author\/stefanvanrompaey\/"}]}},"jetpack_featured_media_url":"https:\/\/www.retaildetail.be\/wp-content\/uploads\/2024\/09\/RetailMarketingDay_V2_2560x1740.png","jetpack_sharing_enabled":true,"_links":{"self":[{"href":"https:\/\/www.retaildetail.be\/fr\/wp-json\/wp\/v2\/posts\/104611","targetHints":{"allow":["GET"]}}],"collection":[{"href":"https:\/\/www.retaildetail.be\/fr\/wp-json\/wp\/v2\/posts"}],"about":[{"href":"https:\/\/www.retaildetail.be\/fr\/wp-json\/wp\/v2\/types\/post"}],"author":[{"embeddable":true,"href":"https:\/\/www.retaildetail.be\/fr\/wp-json\/wp\/v2\/users\/3"}],"replies":[{"embeddable":true,"href":"https:\/\/www.retaildetail.be\/fr\/wp-json\/wp\/v2\/comments?post=104611"}],"version-history":[{"count":2,"href":"https:\/\/www.retaildetail.be\/fr\/wp-json\/wp\/v2\/posts\/104611\/revisions"}],"predecessor-version":[{"id":104708,"href":"https:\/\/www.retaildetail.be\/fr\/wp-json\/wp\/v2\/posts\/104611\/revisions\/104708"}],"wp:featuredmedia":[{"embeddable":true,"href":"https:\/\/www.retaildetail.be\/fr\/wp-json\/wp\/v2\/media\/104608"}],"wp:attachment":[{"href":"https:\/\/www.retaildetail.be\/fr\/wp-json\/wp\/v2\/media?parent=104611"}],"wp:term":[{"taxonomy":"category","embeddable":true,"href":"https:\/\/www.retaildetail.be\/fr\/wp-json\/wp\/v2\/categories?post=104611"},{"taxonomy":"post_tag","embeddable":true,"href":"https:\/\/www.retaildetail.be\/fr\/wp-json\/wp\/v2\/tags?post=104611"},{"taxonomy":"people","embeddable":true,"href":"https:\/\/www.retaildetail.be\/fr\/wp-json\/wp\/v2\/people?post=104611"},{"taxonomy":"extra","embeddable":true,"href":"https:\/\/www.retaildetail.be\/fr\/wp-json\/wp\/v2\/extra?post=104611"},{"taxonomy":"company","embeddable":true,"href":"https:\/\/www.retaildetail.be\/fr\/wp-json\/wp\/v2\/company?post=104611"},{"taxonomy":"topic","embeddable":true,"href":"https:\/\/www.retaildetail.be\/fr\/wp-json\/wp\/v2\/topic?post=104611"},{"taxonomy":"region","embeddable":true,"href":"https:\/\/www.retaildetail.be\/fr\/wp-json\/wp\/v2\/region?post=104611"}],"curies":[{"name":"wp","href":"https:\/\/api.w.org\/{rel}","templated":true}]}}