{"id":1079,"date":"2011-12-02T09:58:25","date_gmt":"2011-12-02T09:58:25","guid":{"rendered":"https:\/\/www.retaildetail.be\/food\/resultats-semestriels-decevants-pour-colruyt\/"},"modified":"2011-12-02T09:58:25","modified_gmt":"2011-12-02T09:58:25","slug":"resultats-semestriels-decevants-pour-colruyt","status":"publish","type":"post","link":"https:\/\/www.retaildetail.be\/fr\/news\/food\/resultats-semestriels-decevants-pour-colruyt\/","title":{"rendered":"R\u00e9sultats semestriels d\u00e9cevants pour Colruyt"},"content":{"rendered":"<p>\u00a0<\/p>\n<h2>Le chiffre d\u2019affaires continue \u00e0 progresser<\/h2>\n<p>Le chiffre d\u2019affaires par contre continue \u00e0 augmenter et s\u2019\u00e9l\u00e8ve aujourd\u2019hui \u00e0 3,828 milliards d\u2019euros : suite \u00e0 la crise \u00e9conomique actuelle, de plus de plus de consommateurs optent pour les produits les moins chers,\u00a0 le \u2018core business\u2019 de Colruyt. Le fait que le b\u00e9n\u00e9fice baisse malgr\u00e9 tout, s\u2019explique, selon le distributeur de Hal, par l\u2019inflation des co\u00fbts.<\/p>\n<p><img loading=\"lazy\" decoding=\"async\" style=\"margin-top: 10px;margin-bottom: 10px;margin-left: 10px\" alt=\"\" title=\"\" src=\"\/sites\/default\/files\/spacer.png\" width=\"200\" align=\"right\" height=\"133\" \/>Un hard discounter ne peut quasiment pas r\u00e9percuter la hausse des prix des mati\u00e8res premi\u00e8res sur le consommateur et Colruyt ne semble pas pour l\u2019instant disposer des armes n\u00e9cessaires pour diminuer les co\u00fbts. Colruyt \u00e9tant connu principalement comme cha\u00eene de supermarch\u00e9s \u00e0 bas co\u00fbts, ceci laisse donc tr\u00e8s peu de marge. Le b\u00e9n\u00e9fice de l\u2019entreprise a chut\u00e9 de 6,5% \u00e0 228,6 millions d\u2019euros et le b\u00e9n\u00e9fice net de 7,6% \u00e0 158,7 millions d\u2019euros. La marge op\u00e9rationnelle a donc baiss\u00e9 \u00e9galement, mais les analystes consid\u00e8rent malgr\u00e9 tout Colruyt comme l\u2019une des cha\u00eenes de supermarch\u00e9s les plus rentables de notre pays, voire m\u00eame de l\u2019Europe.<\/p>\n<h2>Troisi\u00e8me d\u00e9ception cons\u00e9cutive<\/h2>\n<p>Nouvelle d\u00e9sillusion donc pour les investisseurs de Colruyt, la troisi\u00e8me d\u00e9j\u00e0 cette ann\u00e9e. En juillet le discounter pour la toute premi\u00e8re fois n\u2019avait pas r\u00e9ussi \u00e0 atteindre ses objectifs et avait d\u00e9\u00e7u les attentes des analystes. Ensuite en septembre un pronostic prudent annon\u00e7ant un b\u00e9n\u00e9fice net pour 2011-2012 stable tout au plus.<\/p>\n<p> Et voil\u00e0 maintenant l\u2019annonce d\u2019 une baisse du b\u00e9n\u00e9fice, ce qui met Colruyt devant un s\u00e9rieux d\u00e9fi quant au pronostic annuel : \u00ab Notre objectif pour l&rsquo;ann\u00e9e comptable 2011-2012 est de r\u00e9aliser un b\u00e9n\u00e9fice net consolid\u00e9 qui approche celui de l&rsquo;ann\u00e9e derni\u00e8re, ce qui dans le climat \u00e9conomique actuel est un v\u00e9ritable d\u00e9fi \u00bb, comme l\u2019a pr\u00e9cis\u00e9 Jef Colruyt, CEO du groupe.<\/p>\n<p> \u00a0<\/p>\n<p>Toutefois de nombreux investisseurs ont interpr\u00e9t\u00e9 cette annonce comme un avertissement sur les b\u00e9n\u00e9fices d\u00e9guis\u00e9, d\u2019o\u00f9 une\u00a0 baisse de l\u2019action Colruyt ce mardi de 5%.<\/p>\n<p>\u00a0<\/p>\n<p>\u00a0<\/p>\n<p><em>Traduit par Marie-No\u00eblle Masure<\/em><\/p>\n<p><\/p>\n","protected":false},"excerpt":{"rendered":"<p>\u00a0 Le chiffre d\u2019affaires continue \u00e0 progresser Le chiffre d\u2019affaires par contre continue \u00e0 augmenter et s\u2019\u00e9l\u00e8ve aujourd\u2019hui \u00e0 3,828 milliards d\u2019euros : suite \u00e0 la crise \u00e9conomique actuelle, de plus de plus de consommateurs optent pour les produits les moins chers,\u00a0 le \u2018core business\u2019 de Colruyt. Le fait que le b\u00e9n\u00e9fice baisse malgr\u00e9 tout, [&hellip;]<\/p>\n","protected":false},"author":1,"featured_media":84,"comment_status":"closed","ping_status":"closed","sticky":false,"template":"","format":"standard","meta":{"_acf_changed":false,"inline_featured_image":false,"_jetpack_memberships_contains_paid_content":false,"footnotes":""},"categories":[24],"tags":[],"people":[],"extra":[],"company":[],"topic":[],"region":[],"class_list":["post-1079","post","type-post","status-publish","format-standard","has-post-thumbnail","hentry","category-food"],"acf":[],"yoast_head":"<!-- This site is optimized with the Yoast SEO plugin v27.3 - https:\/\/yoast.com\/product\/yoast-seo-wordpress\/ -->\n<title>R\u00e9sultats semestriels d\u00e9cevants pour Colruyt - RetailDetail BE<\/title>\n<meta name=\"robots\" content=\"index, follow, max-snippet:-1, max-image-preview:large, max-video-preview:-1\" \/>\n<link rel=\"canonical\" href=\"https:\/\/www.retaildetail.be\/fr\/news\/food\/resultats-semestriels-decevants-pour-colruyt\/\" \/>\n<meta property=\"og:locale\" content=\"fr_FR\" \/>\n<meta property=\"og:type\" content=\"article\" \/>\n<meta property=\"og:title\" content=\"R\u00e9sultats semestriels d\u00e9cevants pour Colruyt - RetailDetail BE\" \/>\n<meta property=\"og:description\" content=\"\u00a0 Le chiffre d\u2019affaires continue \u00e0 progresser Le chiffre d\u2019affaires par contre continue \u00e0 augmenter et s\u2019\u00e9l\u00e8ve aujourd\u2019hui \u00e0 3,828 milliards d\u2019euros : suite \u00e0 la crise \u00e9conomique actuelle, de plus de plus de consommateurs optent pour les produits les moins chers,\u00a0 le \u2018core business\u2019 de Colruyt. Le fait que le b\u00e9n\u00e9fice baisse malgr\u00e9 tout, [&hellip;]\" \/>\n<meta property=\"og:url\" content=\"https:\/\/www.retaildetail.be\/fr\/news\/food\/resultats-semestriels-decevants-pour-colruyt\/\" \/>\n<meta property=\"og:site_name\" content=\"RetailDetail BE\" \/>\n<meta property=\"article:published_time\" content=\"2011-12-02T09:58:25+00:00\" \/>\n<meta property=\"og:image\" content=\"https:\/\/i0.wp.com\/www.retaildetail.be\/wp-content\/uploads\/2022\/04\/logo.png?fit=281%2C147&quality=100&strip=all&ssl=1\" \/>\n\t<meta property=\"og:image:width\" content=\"281\" \/>\n\t<meta property=\"og:image:height\" content=\"147\" \/>\n\t<meta property=\"og:image:type\" content=\"image\/png\" \/>\n<meta name=\"author\" content=\"dev@grandiz.com\" \/>\n<meta name=\"twitter:card\" content=\"summary_large_image\" \/>\n<meta name=\"twitter:label1\" content=\"\u00c9crit par\" \/>\n\t<meta name=\"twitter:data1\" content=\"dev@grandiz.com\" \/>\n\t<meta name=\"twitter:label2\" content=\"Dur\u00e9e de lecture estim\u00e9e\" \/>\n\t<meta name=\"twitter:data2\" content=\"2 minutes\" \/>\n<script type=\"application\/ld+json\" class=\"yoast-schema-graph\">{\"@context\":\"https:\\\/\\\/schema.org\",\"@graph\":[{\"@type\":\"NewsArticle\",\"@id\":\"https:\\\/\\\/www.retaildetail.be\\\/fr\\\/news\\\/food\\\/resultats-semestriels-decevants-pour-colruyt\\\/#article\",\"isPartOf\":{\"@id\":\"https:\\\/\\\/www.retaildetail.be\\\/fr\\\/news\\\/food\\\/resultats-semestriels-decevants-pour-colruyt\\\/\"},\"author\":{\"name\":\"dev@grandiz.com\",\"@id\":\"https:\\\/\\\/www.retaildetail.be\\\/nl\\\/#\\\/schema\\\/person\\\/ba2d383452a753a3a1ce8cdb349b5fc9\"},\"headline\":\"R\u00e9sultats semestriels d\u00e9cevants pour Colruyt\",\"datePublished\":\"2011-12-02T09:58:25+00:00\",\"mainEntityOfPage\":{\"@id\":\"https:\\\/\\\/www.retaildetail.be\\\/fr\\\/news\\\/food\\\/resultats-semestriels-decevants-pour-colruyt\\\/\"},\"wordCount\":375,\"publisher\":{\"@id\":\"https:\\\/\\\/www.retaildetail.be\\\/nl\\\/#organization\"},\"image\":{\"@id\":\"https:\\\/\\\/www.retaildetail.be\\\/fr\\\/news\\\/food\\\/resultats-semestriels-decevants-pour-colruyt\\\/#primaryimage\"},\"thumbnailUrl\":\"https:\\\/\\\/www.retaildetail.be\\\/wp-content\\\/uploads\\\/2022\\\/04\\\/logo.png\",\"articleSection\":[\"Food\"],\"inLanguage\":\"fr-FR\",\"copyrightYear\":\"2011\",\"copyrightHolder\":{\"@id\":\"https:\\\/\\\/www.retaildetail.be\\\/#organization\"}},{\"@type\":\"WebPage\",\"@id\":\"https:\\\/\\\/www.retaildetail.be\\\/fr\\\/news\\\/food\\\/resultats-semestriels-decevants-pour-colruyt\\\/\",\"url\":\"https:\\\/\\\/www.retaildetail.be\\\/fr\\\/news\\\/food\\\/resultats-semestriels-decevants-pour-colruyt\\\/\",\"name\":\"R\u00e9sultats semestriels d\u00e9cevants pour Colruyt - RetailDetail BE\",\"isPartOf\":{\"@id\":\"https:\\\/\\\/www.retaildetail.be\\\/nl\\\/#website\"},\"primaryImageOfPage\":{\"@id\":\"https:\\\/\\\/www.retaildetail.be\\\/fr\\\/news\\\/food\\\/resultats-semestriels-decevants-pour-colruyt\\\/#primaryimage\"},\"image\":{\"@id\":\"https:\\\/\\\/www.retaildetail.be\\\/fr\\\/news\\\/food\\\/resultats-semestriels-decevants-pour-colruyt\\\/#primaryimage\"},\"thumbnailUrl\":\"https:\\\/\\\/www.retaildetail.be\\\/wp-content\\\/uploads\\\/2022\\\/04\\\/logo.png\",\"datePublished\":\"2011-12-02T09:58:25+00:00\",\"breadcrumb\":{\"@id\":\"https:\\\/\\\/www.retaildetail.be\\\/fr\\\/news\\\/food\\\/resultats-semestriels-decevants-pour-colruyt\\\/#breadcrumb\"},\"inLanguage\":\"fr-FR\",\"potentialAction\":[{\"@type\":\"ReadAction\",\"target\":[\"https:\\\/\\\/www.retaildetail.be\\\/fr\\\/news\\\/food\\\/resultats-semestriels-decevants-pour-colruyt\\\/\"]}]},{\"@type\":\"ImageObject\",\"inLanguage\":\"fr-FR\",\"@id\":\"https:\\\/\\\/www.retaildetail.be\\\/fr\\\/news\\\/food\\\/resultats-semestriels-decevants-pour-colruyt\\\/#primaryimage\",\"url\":\"https:\\\/\\\/www.retaildetail.be\\\/wp-content\\\/uploads\\\/2022\\\/04\\\/logo.png\",\"contentUrl\":\"https:\\\/\\\/www.retaildetail.be\\\/wp-content\\\/uploads\\\/2022\\\/04\\\/logo.png\",\"width\":281,\"height\":147},{\"@type\":\"BreadcrumbList\",\"@id\":\"https:\\\/\\\/www.retaildetail.be\\\/fr\\\/news\\\/food\\\/resultats-semestriels-decevants-pour-colruyt\\\/#breadcrumb\",\"itemListElement\":[{\"@type\":\"ListItem\",\"position\":1,\"name\":\"Home\",\"item\":\"https:\\\/\\\/www.retaildetail.be\\\/fr\\\/\"},{\"@type\":\"ListItem\",\"position\":2,\"name\":\"R\u00e9sultats semestriels d\u00e9cevants pour Colruyt\"}]},{\"@type\":\"WebSite\",\"@id\":\"https:\\\/\\\/www.retaildetail.be\\\/nl\\\/#website\",\"url\":\"https:\\\/\\\/www.retaildetail.be\\\/nl\\\/\",\"name\":\"RetailDetail BE\",\"description\":\"News\",\"publisher\":{\"@id\":\"https:\\\/\\\/www.retaildetail.be\\\/nl\\\/#organization\"},\"potentialAction\":[{\"@type\":\"SearchAction\",\"target\":{\"@type\":\"EntryPoint\",\"urlTemplate\":\"https:\\\/\\\/www.retaildetail.be\\\/nl\\\/?s={search_term_string}\"},\"query-input\":{\"@type\":\"PropertyValueSpecification\",\"valueRequired\":true,\"valueName\":\"search_term_string\"}}],\"inLanguage\":\"fr-FR\"},{\"@type\":\"Organization\",\"@id\":\"https:\\\/\\\/www.retaildetail.be\\\/nl\\\/#organization\",\"name\":\"RetailDetail BE\",\"url\":\"https:\\\/\\\/www.retaildetail.be\\\/nl\\\/\",\"logo\":{\"@type\":\"ImageObject\",\"inLanguage\":\"fr-FR\",\"@id\":\"https:\\\/\\\/www.retaildetail.be\\\/nl\\\/#\\\/schema\\\/logo\\\/image\\\/\",\"url\":\"https:\\\/\\\/www.retaildetail.be\\\/wp-content\\\/uploads\\\/2022\\\/04\\\/logo.svg\",\"contentUrl\":\"https:\\\/\\\/www.retaildetail.be\\\/wp-content\\\/uploads\\\/2022\\\/04\\\/logo.svg\",\"width\":131,\"height\":70,\"caption\":\"RetailDetail BE\"},\"image\":{\"@id\":\"https:\\\/\\\/www.retaildetail.be\\\/nl\\\/#\\\/schema\\\/logo\\\/image\\\/\"}},{\"@type\":\"Person\",\"@id\":\"https:\\\/\\\/www.retaildetail.be\\\/nl\\\/#\\\/schema\\\/person\\\/ba2d383452a753a3a1ce8cdb349b5fc9\",\"name\":\"dev@grandiz.com\",\"image\":{\"@type\":\"ImageObject\",\"inLanguage\":\"fr-FR\",\"@id\":\"https:\\\/\\\/secure.gravatar.com\\\/avatar\\\/5f53ce9fb6eed4a60e5aaaa712be8773880fa9459d9cac9bc4aa4fdbce3f447f?s=96&d=mm&r=g\",\"url\":\"https:\\\/\\\/secure.gravatar.com\\\/avatar\\\/5f53ce9fb6eed4a60e5aaaa712be8773880fa9459d9cac9bc4aa4fdbce3f447f?s=96&d=mm&r=g\",\"contentUrl\":\"https:\\\/\\\/secure.gravatar.com\\\/avatar\\\/5f53ce9fb6eed4a60e5aaaa712be8773880fa9459d9cac9bc4aa4fdbce3f447f?s=96&d=mm&r=g\",\"caption\":\"dev@grandiz.com\"},\"sameAs\":[\"http:\\\/\\\/preprod.retaildetail.be\"],\"url\":\"https:\\\/\\\/www.retaildetail.be\\\/fr\\\/author\\\/devgrandiz-com\\\/\"}]}<\/script>\n<!-- \/ Yoast SEO plugin. -->","yoast_head_json":{"title":"R\u00e9sultats semestriels d\u00e9cevants pour Colruyt - RetailDetail BE","robots":{"index":"index","follow":"follow","max-snippet":"max-snippet:-1","max-image-preview":"max-image-preview:large","max-video-preview":"max-video-preview:-1"},"canonical":"https:\/\/www.retaildetail.be\/fr\/news\/food\/resultats-semestriels-decevants-pour-colruyt\/","og_locale":"fr_FR","og_type":"article","og_title":"R\u00e9sultats semestriels d\u00e9cevants pour Colruyt - RetailDetail BE","og_description":"\u00a0 Le chiffre d\u2019affaires continue \u00e0 progresser Le chiffre d\u2019affaires par contre continue \u00e0 augmenter et s\u2019\u00e9l\u00e8ve aujourd\u2019hui \u00e0 3,828 milliards d\u2019euros : suite \u00e0 la crise \u00e9conomique actuelle, de plus de plus de consommateurs optent pour les produits les moins chers,\u00a0 le \u2018core business\u2019 de Colruyt. Le fait que le b\u00e9n\u00e9fice baisse malgr\u00e9 tout, [&hellip;]","og_url":"https:\/\/www.retaildetail.be\/fr\/news\/food\/resultats-semestriels-decevants-pour-colruyt\/","og_site_name":"RetailDetail BE","article_published_time":"2011-12-02T09:58:25+00:00","og_image":[{"width":281,"height":147,"url":"https:\/\/i0.wp.com\/www.retaildetail.be\/wp-content\/uploads\/2022\/04\/logo.png?fit=281%2C147&quality=100&strip=all&ssl=1","type":"image\/png"}],"author":"dev@grandiz.com","twitter_card":"summary_large_image","twitter_misc":{"\u00c9crit par":"dev@grandiz.com","Dur\u00e9e de lecture estim\u00e9e":"2 minutes"},"schema":{"@context":"https:\/\/schema.org","@graph":[{"@type":"NewsArticle","@id":"https:\/\/www.retaildetail.be\/fr\/news\/food\/resultats-semestriels-decevants-pour-colruyt\/#article","isPartOf":{"@id":"https:\/\/www.retaildetail.be\/fr\/news\/food\/resultats-semestriels-decevants-pour-colruyt\/"},"author":{"name":"dev@grandiz.com","@id":"https:\/\/www.retaildetail.be\/nl\/#\/schema\/person\/ba2d383452a753a3a1ce8cdb349b5fc9"},"headline":"R\u00e9sultats semestriels d\u00e9cevants pour Colruyt","datePublished":"2011-12-02T09:58:25+00:00","mainEntityOfPage":{"@id":"https:\/\/www.retaildetail.be\/fr\/news\/food\/resultats-semestriels-decevants-pour-colruyt\/"},"wordCount":375,"publisher":{"@id":"https:\/\/www.retaildetail.be\/nl\/#organization"},"image":{"@id":"https:\/\/www.retaildetail.be\/fr\/news\/food\/resultats-semestriels-decevants-pour-colruyt\/#primaryimage"},"thumbnailUrl":"https:\/\/www.retaildetail.be\/wp-content\/uploads\/2022\/04\/logo.png","articleSection":["Food"],"inLanguage":"fr-FR","copyrightYear":"2011","copyrightHolder":{"@id":"https:\/\/www.retaildetail.be\/#organization"}},{"@type":"WebPage","@id":"https:\/\/www.retaildetail.be\/fr\/news\/food\/resultats-semestriels-decevants-pour-colruyt\/","url":"https:\/\/www.retaildetail.be\/fr\/news\/food\/resultats-semestriels-decevants-pour-colruyt\/","name":"R\u00e9sultats semestriels d\u00e9cevants pour Colruyt - RetailDetail BE","isPartOf":{"@id":"https:\/\/www.retaildetail.be\/nl\/#website"},"primaryImageOfPage":{"@id":"https:\/\/www.retaildetail.be\/fr\/news\/food\/resultats-semestriels-decevants-pour-colruyt\/#primaryimage"},"image":{"@id":"https:\/\/www.retaildetail.be\/fr\/news\/food\/resultats-semestriels-decevants-pour-colruyt\/#primaryimage"},"thumbnailUrl":"https:\/\/www.retaildetail.be\/wp-content\/uploads\/2022\/04\/logo.png","datePublished":"2011-12-02T09:58:25+00:00","breadcrumb":{"@id":"https:\/\/www.retaildetail.be\/fr\/news\/food\/resultats-semestriels-decevants-pour-colruyt\/#breadcrumb"},"inLanguage":"fr-FR","potentialAction":[{"@type":"ReadAction","target":["https:\/\/www.retaildetail.be\/fr\/news\/food\/resultats-semestriels-decevants-pour-colruyt\/"]}]},{"@type":"ImageObject","inLanguage":"fr-FR","@id":"https:\/\/www.retaildetail.be\/fr\/news\/food\/resultats-semestriels-decevants-pour-colruyt\/#primaryimage","url":"https:\/\/www.retaildetail.be\/wp-content\/uploads\/2022\/04\/logo.png","contentUrl":"https:\/\/www.retaildetail.be\/wp-content\/uploads\/2022\/04\/logo.png","width":281,"height":147},{"@type":"BreadcrumbList","@id":"https:\/\/www.retaildetail.be\/fr\/news\/food\/resultats-semestriels-decevants-pour-colruyt\/#breadcrumb","itemListElement":[{"@type":"ListItem","position":1,"name":"Home","item":"https:\/\/www.retaildetail.be\/fr\/"},{"@type":"ListItem","position":2,"name":"R\u00e9sultats semestriels d\u00e9cevants pour Colruyt"}]},{"@type":"WebSite","@id":"https:\/\/www.retaildetail.be\/nl\/#website","url":"https:\/\/www.retaildetail.be\/nl\/","name":"RetailDetail BE","description":"News","publisher":{"@id":"https:\/\/www.retaildetail.be\/nl\/#organization"},"potentialAction":[{"@type":"SearchAction","target":{"@type":"EntryPoint","urlTemplate":"https:\/\/www.retaildetail.be\/nl\/?s={search_term_string}"},"query-input":{"@type":"PropertyValueSpecification","valueRequired":true,"valueName":"search_term_string"}}],"inLanguage":"fr-FR"},{"@type":"Organization","@id":"https:\/\/www.retaildetail.be\/nl\/#organization","name":"RetailDetail BE","url":"https:\/\/www.retaildetail.be\/nl\/","logo":{"@type":"ImageObject","inLanguage":"fr-FR","@id":"https:\/\/www.retaildetail.be\/nl\/#\/schema\/logo\/image\/","url":"https:\/\/www.retaildetail.be\/wp-content\/uploads\/2022\/04\/logo.svg","contentUrl":"https:\/\/www.retaildetail.be\/wp-content\/uploads\/2022\/04\/logo.svg","width":131,"height":70,"caption":"RetailDetail BE"},"image":{"@id":"https:\/\/www.retaildetail.be\/nl\/#\/schema\/logo\/image\/"}},{"@type":"Person","@id":"https:\/\/www.retaildetail.be\/nl\/#\/schema\/person\/ba2d383452a753a3a1ce8cdb349b5fc9","name":"dev@grandiz.com","image":{"@type":"ImageObject","inLanguage":"fr-FR","@id":"https:\/\/secure.gravatar.com\/avatar\/5f53ce9fb6eed4a60e5aaaa712be8773880fa9459d9cac9bc4aa4fdbce3f447f?s=96&d=mm&r=g","url":"https:\/\/secure.gravatar.com\/avatar\/5f53ce9fb6eed4a60e5aaaa712be8773880fa9459d9cac9bc4aa4fdbce3f447f?s=96&d=mm&r=g","contentUrl":"https:\/\/secure.gravatar.com\/avatar\/5f53ce9fb6eed4a60e5aaaa712be8773880fa9459d9cac9bc4aa4fdbce3f447f?s=96&d=mm&r=g","caption":"dev@grandiz.com"},"sameAs":["http:\/\/preprod.retaildetail.be"],"url":"https:\/\/www.retaildetail.be\/fr\/author\/devgrandiz-com\/"}]}},"jetpack_featured_media_url":"https:\/\/www.retaildetail.be\/wp-content\/uploads\/2022\/04\/logo.png","jetpack_sharing_enabled":true,"_links":{"self":[{"href":"https:\/\/www.retaildetail.be\/fr\/wp-json\/wp\/v2\/posts\/1079","targetHints":{"allow":["GET"]}}],"collection":[{"href":"https:\/\/www.retaildetail.be\/fr\/wp-json\/wp\/v2\/posts"}],"about":[{"href":"https:\/\/www.retaildetail.be\/fr\/wp-json\/wp\/v2\/types\/post"}],"author":[{"embeddable":true,"href":"https:\/\/www.retaildetail.be\/fr\/wp-json\/wp\/v2\/users\/1"}],"replies":[{"embeddable":true,"href":"https:\/\/www.retaildetail.be\/fr\/wp-json\/wp\/v2\/comments?post=1079"}],"version-history":[{"count":0,"href":"https:\/\/www.retaildetail.be\/fr\/wp-json\/wp\/v2\/posts\/1079\/revisions"}],"wp:featuredmedia":[{"embeddable":true,"href":"https:\/\/www.retaildetail.be\/fr\/wp-json\/wp\/v2\/media\/84"}],"wp:attachment":[{"href":"https:\/\/www.retaildetail.be\/fr\/wp-json\/wp\/v2\/media?parent=1079"}],"wp:term":[{"taxonomy":"category","embeddable":true,"href":"https:\/\/www.retaildetail.be\/fr\/wp-json\/wp\/v2\/categories?post=1079"},{"taxonomy":"post_tag","embeddable":true,"href":"https:\/\/www.retaildetail.be\/fr\/wp-json\/wp\/v2\/tags?post=1079"},{"taxonomy":"people","embeddable":true,"href":"https:\/\/www.retaildetail.be\/fr\/wp-json\/wp\/v2\/people?post=1079"},{"taxonomy":"extra","embeddable":true,"href":"https:\/\/www.retaildetail.be\/fr\/wp-json\/wp\/v2\/extra?post=1079"},{"taxonomy":"company","embeddable":true,"href":"https:\/\/www.retaildetail.be\/fr\/wp-json\/wp\/v2\/company?post=1079"},{"taxonomy":"topic","embeddable":true,"href":"https:\/\/www.retaildetail.be\/fr\/wp-json\/wp\/v2\/topic?post=1079"},{"taxonomy":"region","embeddable":true,"href":"https:\/\/www.retaildetail.be\/fr\/wp-json\/wp\/v2\/region?post=1079"}],"curies":[{"name":"wp","href":"https:\/\/api.w.org\/{rel}","templated":true}]}}