{"id":1085,"date":"2011-12-05T10:11:36","date_gmt":"2011-12-05T10:11:36","guid":{"rendered":"https:\/\/www.retaildetail.be\/food\/lancement-officiel-du-cheque-repas-electronique\/"},"modified":"2011-12-05T10:11:36","modified_gmt":"2011-12-05T10:11:36","slug":"lancement-officiel-du-cheque-repas-electronique","status":"publish","type":"post","link":"https:\/\/www.retaildetail.be\/fr\/news\/food\/lancement-officiel-du-cheque-repas-electronique\/","title":{"rendered":"Lancement officiel du ch\u00e8que-repas \u00e9lectronique"},"content":{"rendered":"<h2>Utilisateurs satisfaits \u2026 <\/h2>\n<p>Non par hasard, Sodexo a annonc\u00e9 aujourd\u2019hui\u00a0 les r\u00e9sultats de sa phase pilote. Depuis le mois de janvier de cette ann\u00e9e l\u2019entreprise a fait tester sa carte, Sodexo Card (photo) par plus de 2.000 consommateurs-employ\u00e9s de 15 entreprises belges, qui ont utilis\u00e9 la carte pour leurs courses alimentaires quotidiennes, tant dans des magasins de proximit\u00e9 que des supermarch\u00e9s et des restaurants. Au total 220.000 transactions ont \u00e9t\u00e9 effectu\u00e9es, d\u2019un montant de 5,17 euros en moyenne par transaction.<\/p>\n<p>\nLes r\u00e9sultats de l\u2019enqu\u00eate de satisfaction sont convaincants, indique Sodexo : \u00ab Pour la majorit\u00e9 la carte, Sodexo Card constitue sans aucun doute\u00a0 une simplification administrative. Ils ne voudraient en aucun cas revenir \u00e0 l\u2019ancien syst\u00e8me. Ils trouvent la carte tr\u00e8s pratique et appr\u00e9cient le r\u00e9seau d\u2019acceptation. \u00bb Ce r\u00e9seau compte actuellement plus de 3.000 enseignes, restaurants, supermarch\u00e9s et magasins de proximit\u00e9. R\u00e9cemment le grand concurrent de Sodexo, Edenred, avait annonc\u00e9 avoir franchi le cap des 4.000.<\/p>\n<h2>\u2026 petits ind\u00e9pendants moins enthousiastes<\/h2>\n<p>Mais selon le SNI (Syndicat Neutre pour Ind\u00e9pendants), les petits ind\u00e9pendants ne se r\u00e9jouissent pas autant. \u00ab Le fait que le ministre Van Quickenborne ait lanc\u00e9 le ch\u00e8que-repas \u00e9lectronique dans un supermarch\u00e9 n\u2019est pas un hasard. Le ch\u00e8que- repas \u00e9lectronique semble avoir \u00e9t\u00e9 fait sur mesure pour les supermarch\u00e9s, alors que l\u2019on s\u2019est \u00e0 peine pos\u00e9 la question de savoir si les petits commer\u00e7ants pourront participer \u00e0 ce nouveau syst\u00e8me \u00bb, objecte Christine Mattheeuws du SNI.<\/p>\n<p>\u00a0<\/p>\n<p>La critique du syndicat des ind\u00e9pendants porte sur diff\u00e9rents points : notamment\u00a0 le manque de transparence du co\u00fbt de ce nouveau syst\u00e8me, la n\u00e9cessit\u00e9 d\u2019un terminal de paiement (alors que 50% des magasins alimentaires et 45% de l\u2019horeca ne dispose pas d\u2019un tel terminal), le fait que 75% des commer\u00e7ants utilisent actuellement les ch\u00e8ques-repas papier pour payer leurs fournisseurs (ce qui ne sera donc plus possible et leur fera donc perdre du temps et de l\u2019argent) et \u2013 <em>last but not least<\/em> \u2013 le petit ind\u00e9pendant est oblig\u00e9 de conclure un contrat avec les quatre \u00e9metteurs de ch\u00e8ques-repas \u00e9lectroniques. C\u2019est pourquoi Christine Matteeuws r\u00e9it\u00e8re son plaidoyer : \u00ab supprimer les ch\u00e8ques-repas et\u00a0 verser directement la valeur de ces ch\u00e8ques sur le compte des salari\u00e9s qui b\u00e9n\u00e9ficient de ch\u00e8ques-repas \u00bb.<\/p>\n<p>\u00a0<\/p>\n<p>\u00a0<\/p>\n<p><em>Traduit par Marie-No\u00eblle Masure<\/em><\/p><\/p>\n","protected":false},"excerpt":{"rendered":"<p>Utilisateurs satisfaits \u2026 Non par hasard, Sodexo a annonc\u00e9 aujourd\u2019hui\u00a0 les r\u00e9sultats de sa phase pilote. Depuis le mois de janvier de cette ann\u00e9e l\u2019entreprise a fait tester sa carte, Sodexo Card (photo) par plus de 2.000 consommateurs-employ\u00e9s de 15 entreprises belges, qui ont utilis\u00e9 la carte pour leurs courses alimentaires quotidiennes, tant dans des [&hellip;]<\/p>\n","protected":false},"author":1,"featured_media":84,"comment_status":"closed","ping_status":"closed","sticky":false,"template":"","format":"standard","meta":{"_acf_changed":false,"inline_featured_image":false,"_jetpack_memberships_contains_paid_content":false,"footnotes":""},"categories":[24],"tags":[],"people":[],"extra":[],"company":[],"topic":[],"region":[],"class_list":["post-1085","post","type-post","status-publish","format-standard","has-post-thumbnail","hentry","category-food"],"acf":[],"yoast_head":"<!-- This site is optimized with the Yoast SEO plugin v27.3 - https:\/\/yoast.com\/product\/yoast-seo-wordpress\/ -->\n<title>Lancement officiel du ch\u00e8que-repas \u00e9lectronique - RetailDetail BE<\/title>\n<meta name=\"robots\" content=\"index, follow, max-snippet:-1, max-image-preview:large, max-video-preview:-1\" \/>\n<link rel=\"canonical\" href=\"https:\/\/www.retaildetail.be\/fr\/news\/food\/lancement-officiel-du-cheque-repas-electronique\/\" \/>\n<meta property=\"og:locale\" content=\"fr_FR\" \/>\n<meta property=\"og:type\" content=\"article\" \/>\n<meta property=\"og:title\" content=\"Lancement officiel du ch\u00e8que-repas \u00e9lectronique - RetailDetail BE\" \/>\n<meta property=\"og:description\" content=\"Utilisateurs satisfaits \u2026 Non par hasard, Sodexo a annonc\u00e9 aujourd\u2019hui\u00a0 les r\u00e9sultats de sa phase pilote. Depuis le mois de janvier de cette ann\u00e9e l\u2019entreprise a fait tester sa carte, Sodexo Card (photo) par plus de 2.000 consommateurs-employ\u00e9s de 15 entreprises belges, qui ont utilis\u00e9 la carte pour leurs courses alimentaires quotidiennes, tant dans des [&hellip;]\" \/>\n<meta property=\"og:url\" content=\"https:\/\/www.retaildetail.be\/fr\/news\/food\/lancement-officiel-du-cheque-repas-electronique\/\" \/>\n<meta property=\"og:site_name\" content=\"RetailDetail BE\" \/>\n<meta property=\"article:published_time\" content=\"2011-12-05T10:11:36+00:00\" \/>\n<meta property=\"og:image\" content=\"https:\/\/i0.wp.com\/www.retaildetail.be\/wp-content\/uploads\/2022\/04\/logo.png?fit=281%2C147&quality=100&strip=all&ssl=1\" \/>\n\t<meta property=\"og:image:width\" content=\"281\" \/>\n\t<meta property=\"og:image:height\" content=\"147\" \/>\n\t<meta property=\"og:image:type\" content=\"image\/png\" \/>\n<meta name=\"author\" content=\"dev@grandiz.com\" \/>\n<meta name=\"twitter:card\" content=\"summary_large_image\" \/>\n<meta name=\"twitter:label1\" content=\"\u00c9crit par\" \/>\n\t<meta name=\"twitter:data1\" content=\"dev@grandiz.com\" \/>\n\t<meta name=\"twitter:label2\" content=\"Dur\u00e9e de lecture estim\u00e9e\" \/>\n\t<meta name=\"twitter:data2\" content=\"2 minutes\" \/>\n<script type=\"application\/ld+json\" class=\"yoast-schema-graph\">{\"@context\":\"https:\\\/\\\/schema.org\",\"@graph\":[{\"@type\":\"NewsArticle\",\"@id\":\"https:\\\/\\\/www.retaildetail.be\\\/fr\\\/news\\\/food\\\/lancement-officiel-du-cheque-repas-electronique\\\/#article\",\"isPartOf\":{\"@id\":\"https:\\\/\\\/www.retaildetail.be\\\/fr\\\/news\\\/food\\\/lancement-officiel-du-cheque-repas-electronique\\\/\"},\"author\":{\"name\":\"dev@grandiz.com\",\"@id\":\"https:\\\/\\\/www.retaildetail.be\\\/nl\\\/#\\\/schema\\\/person\\\/ba2d383452a753a3a1ce8cdb349b5fc9\"},\"headline\":\"Lancement officiel du ch\u00e8que-repas \u00e9lectronique\",\"datePublished\":\"2011-12-05T10:11:36+00:00\",\"mainEntityOfPage\":{\"@id\":\"https:\\\/\\\/www.retaildetail.be\\\/fr\\\/news\\\/food\\\/lancement-officiel-du-cheque-repas-electronique\\\/\"},\"wordCount\":407,\"publisher\":{\"@id\":\"https:\\\/\\\/www.retaildetail.be\\\/nl\\\/#organization\"},\"image\":{\"@id\":\"https:\\\/\\\/www.retaildetail.be\\\/fr\\\/news\\\/food\\\/lancement-officiel-du-cheque-repas-electronique\\\/#primaryimage\"},\"thumbnailUrl\":\"https:\\\/\\\/www.retaildetail.be\\\/wp-content\\\/uploads\\\/2022\\\/04\\\/logo.png\",\"articleSection\":[\"Food\"],\"inLanguage\":\"fr-FR\",\"copyrightYear\":\"2011\",\"copyrightHolder\":{\"@id\":\"https:\\\/\\\/www.retaildetail.be\\\/#organization\"}},{\"@type\":\"WebPage\",\"@id\":\"https:\\\/\\\/www.retaildetail.be\\\/fr\\\/news\\\/food\\\/lancement-officiel-du-cheque-repas-electronique\\\/\",\"url\":\"https:\\\/\\\/www.retaildetail.be\\\/fr\\\/news\\\/food\\\/lancement-officiel-du-cheque-repas-electronique\\\/\",\"name\":\"Lancement officiel du ch\u00e8que-repas \u00e9lectronique - RetailDetail BE\",\"isPartOf\":{\"@id\":\"https:\\\/\\\/www.retaildetail.be\\\/nl\\\/#website\"},\"primaryImageOfPage\":{\"@id\":\"https:\\\/\\\/www.retaildetail.be\\\/fr\\\/news\\\/food\\\/lancement-officiel-du-cheque-repas-electronique\\\/#primaryimage\"},\"image\":{\"@id\":\"https:\\\/\\\/www.retaildetail.be\\\/fr\\\/news\\\/food\\\/lancement-officiel-du-cheque-repas-electronique\\\/#primaryimage\"},\"thumbnailUrl\":\"https:\\\/\\\/www.retaildetail.be\\\/wp-content\\\/uploads\\\/2022\\\/04\\\/logo.png\",\"datePublished\":\"2011-12-05T10:11:36+00:00\",\"breadcrumb\":{\"@id\":\"https:\\\/\\\/www.retaildetail.be\\\/fr\\\/news\\\/food\\\/lancement-officiel-du-cheque-repas-electronique\\\/#breadcrumb\"},\"inLanguage\":\"fr-FR\",\"potentialAction\":[{\"@type\":\"ReadAction\",\"target\":[\"https:\\\/\\\/www.retaildetail.be\\\/fr\\\/news\\\/food\\\/lancement-officiel-du-cheque-repas-electronique\\\/\"]}]},{\"@type\":\"ImageObject\",\"inLanguage\":\"fr-FR\",\"@id\":\"https:\\\/\\\/www.retaildetail.be\\\/fr\\\/news\\\/food\\\/lancement-officiel-du-cheque-repas-electronique\\\/#primaryimage\",\"url\":\"https:\\\/\\\/www.retaildetail.be\\\/wp-content\\\/uploads\\\/2022\\\/04\\\/logo.png\",\"contentUrl\":\"https:\\\/\\\/www.retaildetail.be\\\/wp-content\\\/uploads\\\/2022\\\/04\\\/logo.png\",\"width\":281,\"height\":147},{\"@type\":\"BreadcrumbList\",\"@id\":\"https:\\\/\\\/www.retaildetail.be\\\/fr\\\/news\\\/food\\\/lancement-officiel-du-cheque-repas-electronique\\\/#breadcrumb\",\"itemListElement\":[{\"@type\":\"ListItem\",\"position\":1,\"name\":\"Home\",\"item\":\"https:\\\/\\\/www.retaildetail.be\\\/fr\\\/\"},{\"@type\":\"ListItem\",\"position\":2,\"name\":\"Lancement officiel du ch\u00e8que-repas \u00e9lectronique\"}]},{\"@type\":\"WebSite\",\"@id\":\"https:\\\/\\\/www.retaildetail.be\\\/nl\\\/#website\",\"url\":\"https:\\\/\\\/www.retaildetail.be\\\/nl\\\/\",\"name\":\"RetailDetail BE\",\"description\":\"News\",\"publisher\":{\"@id\":\"https:\\\/\\\/www.retaildetail.be\\\/nl\\\/#organization\"},\"potentialAction\":[{\"@type\":\"SearchAction\",\"target\":{\"@type\":\"EntryPoint\",\"urlTemplate\":\"https:\\\/\\\/www.retaildetail.be\\\/nl\\\/?s={search_term_string}\"},\"query-input\":{\"@type\":\"PropertyValueSpecification\",\"valueRequired\":true,\"valueName\":\"search_term_string\"}}],\"inLanguage\":\"fr-FR\"},{\"@type\":\"Organization\",\"@id\":\"https:\\\/\\\/www.retaildetail.be\\\/nl\\\/#organization\",\"name\":\"RetailDetail BE\",\"url\":\"https:\\\/\\\/www.retaildetail.be\\\/nl\\\/\",\"logo\":{\"@type\":\"ImageObject\",\"inLanguage\":\"fr-FR\",\"@id\":\"https:\\\/\\\/www.retaildetail.be\\\/nl\\\/#\\\/schema\\\/logo\\\/image\\\/\",\"url\":\"https:\\\/\\\/www.retaildetail.be\\\/wp-content\\\/uploads\\\/2022\\\/04\\\/logo.svg\",\"contentUrl\":\"https:\\\/\\\/www.retaildetail.be\\\/wp-content\\\/uploads\\\/2022\\\/04\\\/logo.svg\",\"width\":131,\"height\":70,\"caption\":\"RetailDetail BE\"},\"image\":{\"@id\":\"https:\\\/\\\/www.retaildetail.be\\\/nl\\\/#\\\/schema\\\/logo\\\/image\\\/\"}},{\"@type\":\"Person\",\"@id\":\"https:\\\/\\\/www.retaildetail.be\\\/nl\\\/#\\\/schema\\\/person\\\/ba2d383452a753a3a1ce8cdb349b5fc9\",\"name\":\"dev@grandiz.com\",\"image\":{\"@type\":\"ImageObject\",\"inLanguage\":\"fr-FR\",\"@id\":\"https:\\\/\\\/secure.gravatar.com\\\/avatar\\\/5f53ce9fb6eed4a60e5aaaa712be8773880fa9459d9cac9bc4aa4fdbce3f447f?s=96&d=mm&r=g\",\"url\":\"https:\\\/\\\/secure.gravatar.com\\\/avatar\\\/5f53ce9fb6eed4a60e5aaaa712be8773880fa9459d9cac9bc4aa4fdbce3f447f?s=96&d=mm&r=g\",\"contentUrl\":\"https:\\\/\\\/secure.gravatar.com\\\/avatar\\\/5f53ce9fb6eed4a60e5aaaa712be8773880fa9459d9cac9bc4aa4fdbce3f447f?s=96&d=mm&r=g\",\"caption\":\"dev@grandiz.com\"},\"sameAs\":[\"http:\\\/\\\/preprod.retaildetail.be\"],\"url\":\"https:\\\/\\\/www.retaildetail.be\\\/fr\\\/author\\\/devgrandiz-com\\\/\"}]}<\/script>\n<!-- \/ Yoast SEO plugin. -->","yoast_head_json":{"title":"Lancement officiel du ch\u00e8que-repas \u00e9lectronique - RetailDetail BE","robots":{"index":"index","follow":"follow","max-snippet":"max-snippet:-1","max-image-preview":"max-image-preview:large","max-video-preview":"max-video-preview:-1"},"canonical":"https:\/\/www.retaildetail.be\/fr\/news\/food\/lancement-officiel-du-cheque-repas-electronique\/","og_locale":"fr_FR","og_type":"article","og_title":"Lancement officiel du ch\u00e8que-repas \u00e9lectronique - RetailDetail BE","og_description":"Utilisateurs satisfaits \u2026 Non par hasard, Sodexo a annonc\u00e9 aujourd\u2019hui\u00a0 les r\u00e9sultats de sa phase pilote. Depuis le mois de janvier de cette ann\u00e9e l\u2019entreprise a fait tester sa carte, Sodexo Card (photo) par plus de 2.000 consommateurs-employ\u00e9s de 15 entreprises belges, qui ont utilis\u00e9 la carte pour leurs courses alimentaires quotidiennes, tant dans des [&hellip;]","og_url":"https:\/\/www.retaildetail.be\/fr\/news\/food\/lancement-officiel-du-cheque-repas-electronique\/","og_site_name":"RetailDetail BE","article_published_time":"2011-12-05T10:11:36+00:00","og_image":[{"width":281,"height":147,"url":"https:\/\/i0.wp.com\/www.retaildetail.be\/wp-content\/uploads\/2022\/04\/logo.png?fit=281%2C147&quality=100&strip=all&ssl=1","type":"image\/png"}],"author":"dev@grandiz.com","twitter_card":"summary_large_image","twitter_misc":{"\u00c9crit par":"dev@grandiz.com","Dur\u00e9e de lecture estim\u00e9e":"2 minutes"},"schema":{"@context":"https:\/\/schema.org","@graph":[{"@type":"NewsArticle","@id":"https:\/\/www.retaildetail.be\/fr\/news\/food\/lancement-officiel-du-cheque-repas-electronique\/#article","isPartOf":{"@id":"https:\/\/www.retaildetail.be\/fr\/news\/food\/lancement-officiel-du-cheque-repas-electronique\/"},"author":{"name":"dev@grandiz.com","@id":"https:\/\/www.retaildetail.be\/nl\/#\/schema\/person\/ba2d383452a753a3a1ce8cdb349b5fc9"},"headline":"Lancement officiel du ch\u00e8que-repas \u00e9lectronique","datePublished":"2011-12-05T10:11:36+00:00","mainEntityOfPage":{"@id":"https:\/\/www.retaildetail.be\/fr\/news\/food\/lancement-officiel-du-cheque-repas-electronique\/"},"wordCount":407,"publisher":{"@id":"https:\/\/www.retaildetail.be\/nl\/#organization"},"image":{"@id":"https:\/\/www.retaildetail.be\/fr\/news\/food\/lancement-officiel-du-cheque-repas-electronique\/#primaryimage"},"thumbnailUrl":"https:\/\/www.retaildetail.be\/wp-content\/uploads\/2022\/04\/logo.png","articleSection":["Food"],"inLanguage":"fr-FR","copyrightYear":"2011","copyrightHolder":{"@id":"https:\/\/www.retaildetail.be\/#organization"}},{"@type":"WebPage","@id":"https:\/\/www.retaildetail.be\/fr\/news\/food\/lancement-officiel-du-cheque-repas-electronique\/","url":"https:\/\/www.retaildetail.be\/fr\/news\/food\/lancement-officiel-du-cheque-repas-electronique\/","name":"Lancement officiel du ch\u00e8que-repas \u00e9lectronique - RetailDetail BE","isPartOf":{"@id":"https:\/\/www.retaildetail.be\/nl\/#website"},"primaryImageOfPage":{"@id":"https:\/\/www.retaildetail.be\/fr\/news\/food\/lancement-officiel-du-cheque-repas-electronique\/#primaryimage"},"image":{"@id":"https:\/\/www.retaildetail.be\/fr\/news\/food\/lancement-officiel-du-cheque-repas-electronique\/#primaryimage"},"thumbnailUrl":"https:\/\/www.retaildetail.be\/wp-content\/uploads\/2022\/04\/logo.png","datePublished":"2011-12-05T10:11:36+00:00","breadcrumb":{"@id":"https:\/\/www.retaildetail.be\/fr\/news\/food\/lancement-officiel-du-cheque-repas-electronique\/#breadcrumb"},"inLanguage":"fr-FR","potentialAction":[{"@type":"ReadAction","target":["https:\/\/www.retaildetail.be\/fr\/news\/food\/lancement-officiel-du-cheque-repas-electronique\/"]}]},{"@type":"ImageObject","inLanguage":"fr-FR","@id":"https:\/\/www.retaildetail.be\/fr\/news\/food\/lancement-officiel-du-cheque-repas-electronique\/#primaryimage","url":"https:\/\/www.retaildetail.be\/wp-content\/uploads\/2022\/04\/logo.png","contentUrl":"https:\/\/www.retaildetail.be\/wp-content\/uploads\/2022\/04\/logo.png","width":281,"height":147},{"@type":"BreadcrumbList","@id":"https:\/\/www.retaildetail.be\/fr\/news\/food\/lancement-officiel-du-cheque-repas-electronique\/#breadcrumb","itemListElement":[{"@type":"ListItem","position":1,"name":"Home","item":"https:\/\/www.retaildetail.be\/fr\/"},{"@type":"ListItem","position":2,"name":"Lancement officiel du ch\u00e8que-repas \u00e9lectronique"}]},{"@type":"WebSite","@id":"https:\/\/www.retaildetail.be\/nl\/#website","url":"https:\/\/www.retaildetail.be\/nl\/","name":"RetailDetail BE","description":"News","publisher":{"@id":"https:\/\/www.retaildetail.be\/nl\/#organization"},"potentialAction":[{"@type":"SearchAction","target":{"@type":"EntryPoint","urlTemplate":"https:\/\/www.retaildetail.be\/nl\/?s={search_term_string}"},"query-input":{"@type":"PropertyValueSpecification","valueRequired":true,"valueName":"search_term_string"}}],"inLanguage":"fr-FR"},{"@type":"Organization","@id":"https:\/\/www.retaildetail.be\/nl\/#organization","name":"RetailDetail BE","url":"https:\/\/www.retaildetail.be\/nl\/","logo":{"@type":"ImageObject","inLanguage":"fr-FR","@id":"https:\/\/www.retaildetail.be\/nl\/#\/schema\/logo\/image\/","url":"https:\/\/www.retaildetail.be\/wp-content\/uploads\/2022\/04\/logo.svg","contentUrl":"https:\/\/www.retaildetail.be\/wp-content\/uploads\/2022\/04\/logo.svg","width":131,"height":70,"caption":"RetailDetail BE"},"image":{"@id":"https:\/\/www.retaildetail.be\/nl\/#\/schema\/logo\/image\/"}},{"@type":"Person","@id":"https:\/\/www.retaildetail.be\/nl\/#\/schema\/person\/ba2d383452a753a3a1ce8cdb349b5fc9","name":"dev@grandiz.com","image":{"@type":"ImageObject","inLanguage":"fr-FR","@id":"https:\/\/secure.gravatar.com\/avatar\/5f53ce9fb6eed4a60e5aaaa712be8773880fa9459d9cac9bc4aa4fdbce3f447f?s=96&d=mm&r=g","url":"https:\/\/secure.gravatar.com\/avatar\/5f53ce9fb6eed4a60e5aaaa712be8773880fa9459d9cac9bc4aa4fdbce3f447f?s=96&d=mm&r=g","contentUrl":"https:\/\/secure.gravatar.com\/avatar\/5f53ce9fb6eed4a60e5aaaa712be8773880fa9459d9cac9bc4aa4fdbce3f447f?s=96&d=mm&r=g","caption":"dev@grandiz.com"},"sameAs":["http:\/\/preprod.retaildetail.be"],"url":"https:\/\/www.retaildetail.be\/fr\/author\/devgrandiz-com\/"}]}},"jetpack_featured_media_url":"https:\/\/www.retaildetail.be\/wp-content\/uploads\/2022\/04\/logo.png","jetpack_sharing_enabled":true,"_links":{"self":[{"href":"https:\/\/www.retaildetail.be\/fr\/wp-json\/wp\/v2\/posts\/1085","targetHints":{"allow":["GET"]}}],"collection":[{"href":"https:\/\/www.retaildetail.be\/fr\/wp-json\/wp\/v2\/posts"}],"about":[{"href":"https:\/\/www.retaildetail.be\/fr\/wp-json\/wp\/v2\/types\/post"}],"author":[{"embeddable":true,"href":"https:\/\/www.retaildetail.be\/fr\/wp-json\/wp\/v2\/users\/1"}],"replies":[{"embeddable":true,"href":"https:\/\/www.retaildetail.be\/fr\/wp-json\/wp\/v2\/comments?post=1085"}],"version-history":[{"count":0,"href":"https:\/\/www.retaildetail.be\/fr\/wp-json\/wp\/v2\/posts\/1085\/revisions"}],"wp:featuredmedia":[{"embeddable":true,"href":"https:\/\/www.retaildetail.be\/fr\/wp-json\/wp\/v2\/media\/84"}],"wp:attachment":[{"href":"https:\/\/www.retaildetail.be\/fr\/wp-json\/wp\/v2\/media?parent=1085"}],"wp:term":[{"taxonomy":"category","embeddable":true,"href":"https:\/\/www.retaildetail.be\/fr\/wp-json\/wp\/v2\/categories?post=1085"},{"taxonomy":"post_tag","embeddable":true,"href":"https:\/\/www.retaildetail.be\/fr\/wp-json\/wp\/v2\/tags?post=1085"},{"taxonomy":"people","embeddable":true,"href":"https:\/\/www.retaildetail.be\/fr\/wp-json\/wp\/v2\/people?post=1085"},{"taxonomy":"extra","embeddable":true,"href":"https:\/\/www.retaildetail.be\/fr\/wp-json\/wp\/v2\/extra?post=1085"},{"taxonomy":"company","embeddable":true,"href":"https:\/\/www.retaildetail.be\/fr\/wp-json\/wp\/v2\/company?post=1085"},{"taxonomy":"topic","embeddable":true,"href":"https:\/\/www.retaildetail.be\/fr\/wp-json\/wp\/v2\/topic?post=1085"},{"taxonomy":"region","embeddable":true,"href":"https:\/\/www.retaildetail.be\/fr\/wp-json\/wp\/v2\/region?post=1085"}],"curies":[{"name":"wp","href":"https:\/\/api.w.org\/{rel}","templated":true}]}}