{"id":109000,"date":"2024-11-29T11:39:16","date_gmt":"2024-11-29T10:39:16","guid":{"rendered":"https:\/\/www.retaildetail.be\/?p=109000"},"modified":"2024-11-29T11:39:18","modified_gmt":"2024-11-29T10:39:18","slug":"regardez-le-reportage-video-de-la-retaildetail-night-ici","status":"publish","type":"post","link":"https:\/\/www.retaildetail.be\/fr\/news\/general\/regardez-le-reportage-video-de-la-retaildetail-night-ici\/","title":{"rendered":"Regardez le reportage vid\u00e9o de la RetailDetail Night ici"},"content":{"rendered":"\n<p>La douzi\u00e8me \u00e9dition de la RetailDetail Night, qui s&rsquo;est d\u00e9roul\u00e9e le 21 novembre au Handelsbeurs d&rsquo;Anvers, a une nouvelle fois cl\u00f4tur\u00e9 en beaut\u00e9 une ann\u00e9e mouvement\u00e9e dans le secteur du commerce de d\u00e9tail. L&rsquo;aftermovie est maintenant en ligne.<\/p>\n\n\n\n<h2 class=\"wp-block-heading\">Aftermovie<\/h2>\n\n\n\n<p>La RetailDetail Night met traditionnellement un point d&rsquo;orgue festif \u00e0 l&rsquo;ann\u00e9e du commerce de d\u00e9tail et la formule du succ\u00e8s est bien connue : des programmes pr\u00e9liminaires approfondis dans l&rsquo;apr\u00e8s-midi, suivis d&rsquo;un d\u00eener \u00e9l\u00e9gant dans le cadre magnifique du Handelsbeurs, avec des orateurs de premier plan tels que Dirk Van den Berghe (ex-Walmart) et Pieter Zwart (Coolblue). Les participants ont pu nouer de nombreux contacts, tant \u00e0 table qu&rsquo;apr\u00e8s le buffet de desserts et le bar.<\/p>\n\n\n\n<p>Vous pouvez visionner l&rsquo;aftermovie ci-dessous. Ceux qui ont manqu\u00e9 l&rsquo;\u00e9v\u00e9nement seront rapidement convaincus par ces images atmosph\u00e9riques d&rsquo;\u00eatre pr\u00e9sents l&rsquo;ann\u00e9e prochaine : la RetailDetail Night 2025 aura lieu le jeudi 20 novembre.<\/p>\n\n\n\n<figure class=\"wp-block-embed is-type-video is-provider-youtube wp-block-embed-youtube wp-embed-aspect-16-9 wp-has-aspect-ratio\"><div class=\"wp-block-embed__wrapper\">\n<iframe loading=\"lazy\" title=\"RetailDetail Night 2024: de aftermovie\" width=\"500\" height=\"281\" src=\"https:\/\/www.youtube.com\/embed\/nFF1_luz_wI?feature=oembed\" frameborder=\"0\" allow=\"accelerometer; autoplay; clipboard-write; encrypted-media; gyroscope; picture-in-picture; web-share\" referrerpolicy=\"strict-origin-when-cross-origin\" allowfullscreen><\/iframe>\n<\/div><\/figure>\n","protected":false},"excerpt":{"rendered":"<p>La douzi\u00e8me \u00e9dition de la RetailDetail Night, qui s&rsquo;est d\u00e9roul\u00e9e le 21 novembre au Handelsbeurs d&rsquo;Anvers, a une nouvelle fois cl\u00f4tur\u00e9 en beaut\u00e9 une ann\u00e9e mouvement\u00e9e dans le secteur du commerce de d\u00e9tail. L&rsquo;aftermovie est maintenant en ligne.<\/p>\n","protected":false},"author":3,"featured_media":108647,"comment_status":"closed","ping_status":"closed","sticky":false,"template":"","format":"standard","meta":{"_acf_changed":false,"inline_featured_image":false,"_jetpack_memberships_contains_paid_content":false,"footnotes":""},"categories":[25],"tags":[],"people":[],"extra":[],"company":[],"topic":[894],"region":[],"class_list":["post-109000","post","type-post","status-publish","format-standard","has-post-thumbnail","hentry","category-general","topic-retaildetail-night"],"acf":[],"yoast_head":"<!-- This site is optimized with the Yoast SEO plugin v27.3 - https:\/\/yoast.com\/product\/yoast-seo-wordpress\/ -->\n<title>Regardez le reportage vid\u00e9o de la RetailDetail Night ici - RetailDetail BE<\/title>\n<meta name=\"description\" content=\"Le reportage vid\u00e9o de la douzi\u00e8me \u00e9dition de la RetailDetail Night, qui s&#039;est d\u00e9roul\u00e9e le 21 novembre au Handelsbeurs d&#039;Anvers.\" \/>\n<meta name=\"robots\" content=\"index, follow, max-snippet:-1, max-image-preview:large, max-video-preview:-1\" \/>\n<link rel=\"canonical\" href=\"https:\/\/www.retaildetail.be\/fr\/news\/general\/regardez-le-reportage-video-de-la-retaildetail-night-ici\/\" \/>\n<meta property=\"og:locale\" content=\"fr_FR\" \/>\n<meta property=\"og:type\" content=\"article\" \/>\n<meta property=\"og:title\" content=\"Regardez le reportage vid\u00e9o de la RetailDetail Night ici - RetailDetail BE\" \/>\n<meta property=\"og:description\" content=\"Le reportage vid\u00e9o de la douzi\u00e8me \u00e9dition de la RetailDetail Night, qui s&#039;est d\u00e9roul\u00e9e le 21 novembre au Handelsbeurs d&#039;Anvers.\" \/>\n<meta property=\"og:url\" content=\"https:\/\/www.retaildetail.be\/fr\/news\/general\/regardez-le-reportage-video-de-la-retaildetail-night-ici\/\" \/>\n<meta property=\"og:site_name\" content=\"RetailDetail BE\" \/>\n<meta property=\"article:published_time\" content=\"2024-11-29T10:39:16+00:00\" \/>\n<meta property=\"article:modified_time\" content=\"2024-11-29T10:39:18+00:00\" \/>\n<meta property=\"og:image\" content=\"https:\/\/www.retaildetail.be\/wp-content\/uploads\/2024\/11\/Zidis_Retail-Detail_Retail-Detail-Night-Handelsbeurs_Foto_52-Aangepast.jpg\" \/>\n\t<meta property=\"og:image:width\" content=\"960\" \/>\n\t<meta property=\"og:image:height\" content=\"640\" \/>\n\t<meta property=\"og:image:type\" content=\"image\/jpeg\" \/>\n<meta name=\"author\" content=\"Stefan Van Rompaey\" \/>\n<meta name=\"twitter:card\" content=\"summary_large_image\" \/>\n<meta name=\"twitter:label1\" content=\"\u00c9crit par\" \/>\n\t<meta name=\"twitter:data1\" content=\"Stefan Van Rompaey\" \/>\n\t<meta name=\"twitter:label2\" content=\"Dur\u00e9e de lecture estim\u00e9e\" \/>\n\t<meta name=\"twitter:data2\" content=\"1 minute\" \/>\n<script type=\"application\/ld+json\" class=\"yoast-schema-graph\">{\"@context\":\"https:\\\/\\\/schema.org\",\"@graph\":[{\"@type\":\"NewsArticle\",\"@id\":\"https:\\\/\\\/www.retaildetail.be\\\/fr\\\/news\\\/general\\\/regardez-le-reportage-video-de-la-retaildetail-night-ici\\\/#article\",\"isPartOf\":{\"@id\":\"https:\\\/\\\/www.retaildetail.be\\\/fr\\\/news\\\/general\\\/regardez-le-reportage-video-de-la-retaildetail-night-ici\\\/\"},\"author\":{\"name\":\"Stefan Van Rompaey\",\"@id\":\"https:\\\/\\\/www.retaildetail.be\\\/nl\\\/#\\\/schema\\\/person\\\/51aec6069c4416aa2f68b2e4ff3455df\"},\"headline\":\"Regardez le reportage vid\u00e9o de la RetailDetail Night ici\",\"datePublished\":\"2024-11-29T10:39:16+00:00\",\"dateModified\":\"2024-11-29T10:39:18+00:00\",\"mainEntityOfPage\":{\"@id\":\"https:\\\/\\\/www.retaildetail.be\\\/fr\\\/news\\\/general\\\/regardez-le-reportage-video-de-la-retaildetail-night-ici\\\/\"},\"wordCount\":190,\"publisher\":{\"@id\":\"https:\\\/\\\/www.retaildetail.be\\\/nl\\\/#organization\"},\"image\":{\"@id\":\"https:\\\/\\\/www.retaildetail.be\\\/fr\\\/news\\\/general\\\/regardez-le-reportage-video-de-la-retaildetail-night-ici\\\/#primaryimage\"},\"thumbnailUrl\":\"https:\\\/\\\/www.retaildetail.be\\\/wp-content\\\/uploads\\\/2024\\\/11\\\/Zidis_Retail-Detail_Retail-Detail-Night-Handelsbeurs_Foto_52-Aangepast.jpg\",\"articleSection\":[\"G\u00e9n\u00e9ral\"],\"inLanguage\":\"fr-FR\",\"copyrightYear\":\"2024\",\"copyrightHolder\":{\"@id\":\"https:\\\/\\\/www.retaildetail.be\\\/#organization\"}},{\"@type\":\"WebPage\",\"@id\":\"https:\\\/\\\/www.retaildetail.be\\\/fr\\\/news\\\/general\\\/regardez-le-reportage-video-de-la-retaildetail-night-ici\\\/\",\"url\":\"https:\\\/\\\/www.retaildetail.be\\\/fr\\\/news\\\/general\\\/regardez-le-reportage-video-de-la-retaildetail-night-ici\\\/\",\"name\":\"Regardez le reportage vid\u00e9o de la RetailDetail Night ici - RetailDetail BE\",\"isPartOf\":{\"@id\":\"https:\\\/\\\/www.retaildetail.be\\\/nl\\\/#website\"},\"primaryImageOfPage\":{\"@id\":\"https:\\\/\\\/www.retaildetail.be\\\/fr\\\/news\\\/general\\\/regardez-le-reportage-video-de-la-retaildetail-night-ici\\\/#primaryimage\"},\"image\":{\"@id\":\"https:\\\/\\\/www.retaildetail.be\\\/fr\\\/news\\\/general\\\/regardez-le-reportage-video-de-la-retaildetail-night-ici\\\/#primaryimage\"},\"thumbnailUrl\":\"https:\\\/\\\/www.retaildetail.be\\\/wp-content\\\/uploads\\\/2024\\\/11\\\/Zidis_Retail-Detail_Retail-Detail-Night-Handelsbeurs_Foto_52-Aangepast.jpg\",\"datePublished\":\"2024-11-29T10:39:16+00:00\",\"dateModified\":\"2024-11-29T10:39:18+00:00\",\"description\":\"Le reportage vid\u00e9o de la douzi\u00e8me \u00e9dition de la RetailDetail Night, qui s'est d\u00e9roul\u00e9e le 21 novembre au Handelsbeurs d'Anvers.\",\"breadcrumb\":{\"@id\":\"https:\\\/\\\/www.retaildetail.be\\\/fr\\\/news\\\/general\\\/regardez-le-reportage-video-de-la-retaildetail-night-ici\\\/#breadcrumb\"},\"inLanguage\":\"fr-FR\",\"potentialAction\":[{\"@type\":\"ReadAction\",\"target\":[\"https:\\\/\\\/www.retaildetail.be\\\/fr\\\/news\\\/general\\\/regardez-le-reportage-video-de-la-retaildetail-night-ici\\\/\"]}]},{\"@type\":\"ImageObject\",\"inLanguage\":\"fr-FR\",\"@id\":\"https:\\\/\\\/www.retaildetail.be\\\/fr\\\/news\\\/general\\\/regardez-le-reportage-video-de-la-retaildetail-night-ici\\\/#primaryimage\",\"url\":\"https:\\\/\\\/www.retaildetail.be\\\/wp-content\\\/uploads\\\/2024\\\/11\\\/Zidis_Retail-Detail_Retail-Detail-Night-Handelsbeurs_Foto_52-Aangepast.jpg\",\"contentUrl\":\"https:\\\/\\\/www.retaildetail.be\\\/wp-content\\\/uploads\\\/2024\\\/11\\\/Zidis_Retail-Detail_Retail-Detail-Night-Handelsbeurs_Foto_52-Aangepast.jpg\",\"width\":960,\"height\":640},{\"@type\":\"BreadcrumbList\",\"@id\":\"https:\\\/\\\/www.retaildetail.be\\\/fr\\\/news\\\/general\\\/regardez-le-reportage-video-de-la-retaildetail-night-ici\\\/#breadcrumb\",\"itemListElement\":[{\"@type\":\"ListItem\",\"position\":1,\"name\":\"Home\",\"item\":\"https:\\\/\\\/www.retaildetail.be\\\/fr\\\/\"},{\"@type\":\"ListItem\",\"position\":2,\"name\":\"Regardez le reportage vid\u00e9o de la RetailDetail Night ici\"}]},{\"@type\":\"WebSite\",\"@id\":\"https:\\\/\\\/www.retaildetail.be\\\/nl\\\/#website\",\"url\":\"https:\\\/\\\/www.retaildetail.be\\\/nl\\\/\",\"name\":\"RetailDetail BE\",\"description\":\"News\",\"publisher\":{\"@id\":\"https:\\\/\\\/www.retaildetail.be\\\/nl\\\/#organization\"},\"potentialAction\":[{\"@type\":\"SearchAction\",\"target\":{\"@type\":\"EntryPoint\",\"urlTemplate\":\"https:\\\/\\\/www.retaildetail.be\\\/nl\\\/?s={search_term_string}\"},\"query-input\":{\"@type\":\"PropertyValueSpecification\",\"valueRequired\":true,\"valueName\":\"search_term_string\"}}],\"inLanguage\":\"fr-FR\"},{\"@type\":\"Organization\",\"@id\":\"https:\\\/\\\/www.retaildetail.be\\\/nl\\\/#organization\",\"name\":\"RetailDetail BE\",\"url\":\"https:\\\/\\\/www.retaildetail.be\\\/nl\\\/\",\"logo\":{\"@type\":\"ImageObject\",\"inLanguage\":\"fr-FR\",\"@id\":\"https:\\\/\\\/www.retaildetail.be\\\/nl\\\/#\\\/schema\\\/logo\\\/image\\\/\",\"url\":\"https:\\\/\\\/www.retaildetail.be\\\/wp-content\\\/uploads\\\/2022\\\/04\\\/logo.svg\",\"contentUrl\":\"https:\\\/\\\/www.retaildetail.be\\\/wp-content\\\/uploads\\\/2022\\\/04\\\/logo.svg\",\"width\":131,\"height\":70,\"caption\":\"RetailDetail BE\"},\"image\":{\"@id\":\"https:\\\/\\\/www.retaildetail.be\\\/nl\\\/#\\\/schema\\\/logo\\\/image\\\/\"}},{\"@type\":\"Person\",\"@id\":\"https:\\\/\\\/www.retaildetail.be\\\/nl\\\/#\\\/schema\\\/person\\\/51aec6069c4416aa2f68b2e4ff3455df\",\"name\":\"Stefan Van Rompaey\",\"image\":{\"@type\":\"ImageObject\",\"inLanguage\":\"fr-FR\",\"@id\":\"https:\\\/\\\/secure.gravatar.com\\\/avatar\\\/fbbb4a80a0f109888b2a5ab8ae255617499ecde533749b3ab2fa6c23b5d65dac?s=96&d=mm&r=g\",\"url\":\"https:\\\/\\\/secure.gravatar.com\\\/avatar\\\/fbbb4a80a0f109888b2a5ab8ae255617499ecde533749b3ab2fa6c23b5d65dac?s=96&d=mm&r=g\",\"contentUrl\":\"https:\\\/\\\/secure.gravatar.com\\\/avatar\\\/fbbb4a80a0f109888b2a5ab8ae255617499ecde533749b3ab2fa6c23b5d65dac?s=96&d=mm&r=g\",\"caption\":\"Stefan Van Rompaey\"},\"url\":\"https:\\\/\\\/www.retaildetail.be\\\/fr\\\/author\\\/stefanvanrompaey\\\/\"}]}<\/script>\n<!-- \/ Yoast SEO plugin. -->","yoast_head_json":{"title":"Regardez le reportage vid\u00e9o de la RetailDetail Night ici - RetailDetail BE","description":"Le reportage vid\u00e9o de la douzi\u00e8me \u00e9dition de la RetailDetail Night, qui s'est d\u00e9roul\u00e9e le 21 novembre au Handelsbeurs d'Anvers.","robots":{"index":"index","follow":"follow","max-snippet":"max-snippet:-1","max-image-preview":"max-image-preview:large","max-video-preview":"max-video-preview:-1"},"canonical":"https:\/\/www.retaildetail.be\/fr\/news\/general\/regardez-le-reportage-video-de-la-retaildetail-night-ici\/","og_locale":"fr_FR","og_type":"article","og_title":"Regardez le reportage vid\u00e9o de la RetailDetail Night ici - RetailDetail BE","og_description":"Le reportage vid\u00e9o de la douzi\u00e8me \u00e9dition de la RetailDetail Night, qui s'est d\u00e9roul\u00e9e le 21 novembre au Handelsbeurs d'Anvers.","og_url":"https:\/\/www.retaildetail.be\/fr\/news\/general\/regardez-le-reportage-video-de-la-retaildetail-night-ici\/","og_site_name":"RetailDetail BE","article_published_time":"2024-11-29T10:39:16+00:00","article_modified_time":"2024-11-29T10:39:18+00:00","og_image":[{"width":960,"height":640,"url":"https:\/\/www.retaildetail.be\/wp-content\/uploads\/2024\/11\/Zidis_Retail-Detail_Retail-Detail-Night-Handelsbeurs_Foto_52-Aangepast.jpg","type":"image\/jpeg"}],"author":"Stefan Van Rompaey","twitter_card":"summary_large_image","twitter_misc":{"\u00c9crit par":"Stefan Van Rompaey","Dur\u00e9e de lecture estim\u00e9e":"1 minute"},"schema":{"@context":"https:\/\/schema.org","@graph":[{"@type":"NewsArticle","@id":"https:\/\/www.retaildetail.be\/fr\/news\/general\/regardez-le-reportage-video-de-la-retaildetail-night-ici\/#article","isPartOf":{"@id":"https:\/\/www.retaildetail.be\/fr\/news\/general\/regardez-le-reportage-video-de-la-retaildetail-night-ici\/"},"author":{"name":"Stefan Van Rompaey","@id":"https:\/\/www.retaildetail.be\/nl\/#\/schema\/person\/51aec6069c4416aa2f68b2e4ff3455df"},"headline":"Regardez le reportage vid\u00e9o de la RetailDetail Night ici","datePublished":"2024-11-29T10:39:16+00:00","dateModified":"2024-11-29T10:39:18+00:00","mainEntityOfPage":{"@id":"https:\/\/www.retaildetail.be\/fr\/news\/general\/regardez-le-reportage-video-de-la-retaildetail-night-ici\/"},"wordCount":190,"publisher":{"@id":"https:\/\/www.retaildetail.be\/nl\/#organization"},"image":{"@id":"https:\/\/www.retaildetail.be\/fr\/news\/general\/regardez-le-reportage-video-de-la-retaildetail-night-ici\/#primaryimage"},"thumbnailUrl":"https:\/\/www.retaildetail.be\/wp-content\/uploads\/2024\/11\/Zidis_Retail-Detail_Retail-Detail-Night-Handelsbeurs_Foto_52-Aangepast.jpg","articleSection":["G\u00e9n\u00e9ral"],"inLanguage":"fr-FR","copyrightYear":"2024","copyrightHolder":{"@id":"https:\/\/www.retaildetail.be\/#organization"}},{"@type":"WebPage","@id":"https:\/\/www.retaildetail.be\/fr\/news\/general\/regardez-le-reportage-video-de-la-retaildetail-night-ici\/","url":"https:\/\/www.retaildetail.be\/fr\/news\/general\/regardez-le-reportage-video-de-la-retaildetail-night-ici\/","name":"Regardez le reportage vid\u00e9o de la RetailDetail Night ici - RetailDetail BE","isPartOf":{"@id":"https:\/\/www.retaildetail.be\/nl\/#website"},"primaryImageOfPage":{"@id":"https:\/\/www.retaildetail.be\/fr\/news\/general\/regardez-le-reportage-video-de-la-retaildetail-night-ici\/#primaryimage"},"image":{"@id":"https:\/\/www.retaildetail.be\/fr\/news\/general\/regardez-le-reportage-video-de-la-retaildetail-night-ici\/#primaryimage"},"thumbnailUrl":"https:\/\/www.retaildetail.be\/wp-content\/uploads\/2024\/11\/Zidis_Retail-Detail_Retail-Detail-Night-Handelsbeurs_Foto_52-Aangepast.jpg","datePublished":"2024-11-29T10:39:16+00:00","dateModified":"2024-11-29T10:39:18+00:00","description":"Le reportage vid\u00e9o de la douzi\u00e8me \u00e9dition de la RetailDetail Night, qui s'est d\u00e9roul\u00e9e le 21 novembre au Handelsbeurs d'Anvers.","breadcrumb":{"@id":"https:\/\/www.retaildetail.be\/fr\/news\/general\/regardez-le-reportage-video-de-la-retaildetail-night-ici\/#breadcrumb"},"inLanguage":"fr-FR","potentialAction":[{"@type":"ReadAction","target":["https:\/\/www.retaildetail.be\/fr\/news\/general\/regardez-le-reportage-video-de-la-retaildetail-night-ici\/"]}]},{"@type":"ImageObject","inLanguage":"fr-FR","@id":"https:\/\/www.retaildetail.be\/fr\/news\/general\/regardez-le-reportage-video-de-la-retaildetail-night-ici\/#primaryimage","url":"https:\/\/www.retaildetail.be\/wp-content\/uploads\/2024\/11\/Zidis_Retail-Detail_Retail-Detail-Night-Handelsbeurs_Foto_52-Aangepast.jpg","contentUrl":"https:\/\/www.retaildetail.be\/wp-content\/uploads\/2024\/11\/Zidis_Retail-Detail_Retail-Detail-Night-Handelsbeurs_Foto_52-Aangepast.jpg","width":960,"height":640},{"@type":"BreadcrumbList","@id":"https:\/\/www.retaildetail.be\/fr\/news\/general\/regardez-le-reportage-video-de-la-retaildetail-night-ici\/#breadcrumb","itemListElement":[{"@type":"ListItem","position":1,"name":"Home","item":"https:\/\/www.retaildetail.be\/fr\/"},{"@type":"ListItem","position":2,"name":"Regardez le reportage vid\u00e9o de la RetailDetail Night ici"}]},{"@type":"WebSite","@id":"https:\/\/www.retaildetail.be\/nl\/#website","url":"https:\/\/www.retaildetail.be\/nl\/","name":"RetailDetail BE","description":"News","publisher":{"@id":"https:\/\/www.retaildetail.be\/nl\/#organization"},"potentialAction":[{"@type":"SearchAction","target":{"@type":"EntryPoint","urlTemplate":"https:\/\/www.retaildetail.be\/nl\/?s={search_term_string}"},"query-input":{"@type":"PropertyValueSpecification","valueRequired":true,"valueName":"search_term_string"}}],"inLanguage":"fr-FR"},{"@type":"Organization","@id":"https:\/\/www.retaildetail.be\/nl\/#organization","name":"RetailDetail BE","url":"https:\/\/www.retaildetail.be\/nl\/","logo":{"@type":"ImageObject","inLanguage":"fr-FR","@id":"https:\/\/www.retaildetail.be\/nl\/#\/schema\/logo\/image\/","url":"https:\/\/www.retaildetail.be\/wp-content\/uploads\/2022\/04\/logo.svg","contentUrl":"https:\/\/www.retaildetail.be\/wp-content\/uploads\/2022\/04\/logo.svg","width":131,"height":70,"caption":"RetailDetail BE"},"image":{"@id":"https:\/\/www.retaildetail.be\/nl\/#\/schema\/logo\/image\/"}},{"@type":"Person","@id":"https:\/\/www.retaildetail.be\/nl\/#\/schema\/person\/51aec6069c4416aa2f68b2e4ff3455df","name":"Stefan Van Rompaey","image":{"@type":"ImageObject","inLanguage":"fr-FR","@id":"https:\/\/secure.gravatar.com\/avatar\/fbbb4a80a0f109888b2a5ab8ae255617499ecde533749b3ab2fa6c23b5d65dac?s=96&d=mm&r=g","url":"https:\/\/secure.gravatar.com\/avatar\/fbbb4a80a0f109888b2a5ab8ae255617499ecde533749b3ab2fa6c23b5d65dac?s=96&d=mm&r=g","contentUrl":"https:\/\/secure.gravatar.com\/avatar\/fbbb4a80a0f109888b2a5ab8ae255617499ecde533749b3ab2fa6c23b5d65dac?s=96&d=mm&r=g","caption":"Stefan Van Rompaey"},"url":"https:\/\/www.retaildetail.be\/fr\/author\/stefanvanrompaey\/"}]}},"jetpack_featured_media_url":"https:\/\/www.retaildetail.be\/wp-content\/uploads\/2024\/11\/Zidis_Retail-Detail_Retail-Detail-Night-Handelsbeurs_Foto_52-Aangepast.jpg","jetpack_sharing_enabled":true,"_links":{"self":[{"href":"https:\/\/www.retaildetail.be\/fr\/wp-json\/wp\/v2\/posts\/109000","targetHints":{"allow":["GET"]}}],"collection":[{"href":"https:\/\/www.retaildetail.be\/fr\/wp-json\/wp\/v2\/posts"}],"about":[{"href":"https:\/\/www.retaildetail.be\/fr\/wp-json\/wp\/v2\/types\/post"}],"author":[{"embeddable":true,"href":"https:\/\/www.retaildetail.be\/fr\/wp-json\/wp\/v2\/users\/3"}],"replies":[{"embeddable":true,"href":"https:\/\/www.retaildetail.be\/fr\/wp-json\/wp\/v2\/comments?post=109000"}],"version-history":[{"count":1,"href":"https:\/\/www.retaildetail.be\/fr\/wp-json\/wp\/v2\/posts\/109000\/revisions"}],"predecessor-version":[{"id":109001,"href":"https:\/\/www.retaildetail.be\/fr\/wp-json\/wp\/v2\/posts\/109000\/revisions\/109001"}],"wp:featuredmedia":[{"embeddable":true,"href":"https:\/\/www.retaildetail.be\/fr\/wp-json\/wp\/v2\/media\/108647"}],"wp:attachment":[{"href":"https:\/\/www.retaildetail.be\/fr\/wp-json\/wp\/v2\/media?parent=109000"}],"wp:term":[{"taxonomy":"category","embeddable":true,"href":"https:\/\/www.retaildetail.be\/fr\/wp-json\/wp\/v2\/categories?post=109000"},{"taxonomy":"post_tag","embeddable":true,"href":"https:\/\/www.retaildetail.be\/fr\/wp-json\/wp\/v2\/tags?post=109000"},{"taxonomy":"people","embeddable":true,"href":"https:\/\/www.retaildetail.be\/fr\/wp-json\/wp\/v2\/people?post=109000"},{"taxonomy":"extra","embeddable":true,"href":"https:\/\/www.retaildetail.be\/fr\/wp-json\/wp\/v2\/extra?post=109000"},{"taxonomy":"company","embeddable":true,"href":"https:\/\/www.retaildetail.be\/fr\/wp-json\/wp\/v2\/company?post=109000"},{"taxonomy":"topic","embeddable":true,"href":"https:\/\/www.retaildetail.be\/fr\/wp-json\/wp\/v2\/topic?post=109000"},{"taxonomy":"region","embeddable":true,"href":"https:\/\/www.retaildetail.be\/fr\/wp-json\/wp\/v2\/region?post=109000"}],"curies":[{"name":"wp","href":"https:\/\/api.w.org\/{rel}","templated":true}]}}