{"id":1102,"date":"2011-12-07T16:27:42","date_gmt":"2011-12-07T16:27:42","guid":{"rendered":"https:\/\/www.retaildetail.be\/food\/les-magasins-fermiers-doivent-communiquer-mieux-et-davantage\/"},"modified":"2011-12-07T16:27:42","modified_gmt":"2011-12-07T16:27:42","slug":"les-magasins-fermiers-doivent-communiquer-mieux-et-davantage","status":"publish","type":"post","link":"https:\/\/www.retaildetail.be\/fr\/news\/food\/les-magasins-fermiers-doivent-communiquer-mieux-et-davantage\/","title":{"rendered":"\u00ab Les magasins fermiers doivent communiquer mieux et davantage \u00bb"},"content":{"rendered":"<h2>Evaluation approfondie <\/h2>\n<p>Les 48 magasins fermiers ont \u00e9t\u00e9 \u00e9valu\u00e9s sur 53 crit\u00e8res, regroup\u00e9s sous 5 th\u00e8mes : accessibilit\u00e9, implantation du magasin dans la ferme, atmosph\u00e8re et propret\u00e9 du magasin, accueil et service, gamme de produits.<\/p>\n<p>\nLes heures d\u2019ouverture assez larges, la facilit\u00e9 d\u2019acc\u00e8s physique des magasins et l\u2019indication du magasin au sein de\u00a0 la ferme ont \u00e9t\u00e9 jug\u00e9s positifs. C\u2019est valable \u00e9galement pour la propret\u00e9 du magasin et de la ferme et l\u2019amabilit\u00e9 de l\u2019accueil. La gamme des produits est en g\u00e9n\u00e9ral d\u00e9crite comme \u00ab plus large que pr\u00e9vue\u00bb et l\u2019offre suppl\u00e9mentaire de produits r\u00e9gionaux est tr\u00e8s appr\u00e9ci\u00e9e.<\/p>\n<p>\u00a0<\/p>\n<h2>Points \u00e0 am\u00e9liorer <\/h2>\n<p>Bien entendu, certains aspects peuvent \u00eatre am\u00e9lior\u00e9s, selon Inagro. Bien que les heures d\u2019ouvertures soient assez larges, les horaires sont en g\u00e9n\u00e9ral peu r\u00e9guliers, d\u2019o\u00f9 la difficult\u00e9 \u00e0 les retenir pour les consommateurs. La signalisation de l\u2019itin\u00e9raire \u00e0 suivre elle non plus n\u2019est pas encore optimale, d\u2019autant plus que la plupart des magasins fermiers se situent\u00a0 le long de petites routes rurales pas toujours faciles \u00e0 rep\u00e9rer. Les clients myst\u00e8res aimeraient \u00e9galement davantage d\u00e9couvrir les activit\u00e9s agricoles au sein de la ferme.<\/p>\n<h2>\u00ab Du champ \u00e0 l\u2019assiette du consommateur \u00bb<\/h2>\n<p>Le conseil d\u2019Inagro est donc clair et net : \u201cCommuniquer mieux et davantage\u201d. Les magasins de la ferme doivent\u00a0 raconter l\u2019histoire et le parcours de leurs produits du champ jusqu\u2019\u00e0\u00a0 l\u2019assiette du consommateur , faire d\u00e9couvrir aux clients l\u2019authenticit\u00e9 de leurs produits. Cette communication peut se faire\u00a0 de diff\u00e9rentes mani\u00e8res :\u00a0 par mail, via des d\u00e9pliants, ou tout simplement par une explication enthousiaste sur place, en exposant des photos dans le magasin, en organisant des d\u00e9gustations et autres activit\u00e9s.<\/p>\n<p>\nSelon VLAM\u00a0 (Office flamand d\u2019Agro-Marketing) fin novembre la Flandre comptait 238 points de vente reconnus de produits fermiers.<\/p>\n<p>\u00a0<\/p>\n<p>\u00a0<\/p>\n<p><em>Traduit par Marie-No\u00eblle Masure<\/em><\/p>\n","protected":false},"excerpt":{"rendered":"<p>Evaluation approfondie Les 48 magasins fermiers ont \u00e9t\u00e9 \u00e9valu\u00e9s sur 53 crit\u00e8res, regroup\u00e9s sous 5 th\u00e8mes : accessibilit\u00e9, implantation du magasin dans la ferme, atmosph\u00e8re et propret\u00e9 du magasin, accueil et service, gamme de produits. Les heures d\u2019ouverture assez larges, la facilit\u00e9 d\u2019acc\u00e8s physique des magasins et l\u2019indication du magasin au sein de\u00a0 la ferme [&hellip;]<\/p>\n","protected":false},"author":1,"featured_media":84,"comment_status":"closed","ping_status":"closed","sticky":false,"template":"","format":"standard","meta":{"_acf_changed":false,"inline_featured_image":false,"_jetpack_memberships_contains_paid_content":false,"footnotes":""},"categories":[24],"tags":[],"people":[],"extra":[],"company":[],"topic":[],"region":[],"class_list":["post-1102","post","type-post","status-publish","format-standard","has-post-thumbnail","hentry","category-food"],"acf":[],"yoast_head":"<!-- This site is optimized with the Yoast SEO plugin v27.3 - https:\/\/yoast.com\/product\/yoast-seo-wordpress\/ -->\n<title>\u00ab Les magasins fermiers doivent communiquer mieux et davantage \u00bb - RetailDetail BE<\/title>\n<meta name=\"robots\" content=\"index, follow, max-snippet:-1, max-image-preview:large, max-video-preview:-1\" \/>\n<link rel=\"canonical\" href=\"https:\/\/www.retaildetail.be\/fr\/news\/food\/les-magasins-fermiers-doivent-communiquer-mieux-et-davantage\/\" \/>\n<meta property=\"og:locale\" content=\"fr_FR\" \/>\n<meta property=\"og:type\" content=\"article\" \/>\n<meta property=\"og:title\" content=\"\u00ab Les magasins fermiers doivent communiquer mieux et davantage \u00bb - RetailDetail BE\" \/>\n<meta property=\"og:description\" content=\"Evaluation approfondie Les 48 magasins fermiers ont \u00e9t\u00e9 \u00e9valu\u00e9s sur 53 crit\u00e8res, regroup\u00e9s sous 5 th\u00e8mes : accessibilit\u00e9, implantation du magasin dans la ferme, atmosph\u00e8re et propret\u00e9 du magasin, accueil et service, gamme de produits. Les heures d\u2019ouverture assez larges, la facilit\u00e9 d\u2019acc\u00e8s physique des magasins et l\u2019indication du magasin au sein de\u00a0 la ferme [&hellip;]\" \/>\n<meta property=\"og:url\" content=\"https:\/\/www.retaildetail.be\/fr\/news\/food\/les-magasins-fermiers-doivent-communiquer-mieux-et-davantage\/\" \/>\n<meta property=\"og:site_name\" content=\"RetailDetail BE\" \/>\n<meta property=\"article:published_time\" content=\"2011-12-07T16:27:42+00:00\" \/>\n<meta property=\"og:image\" content=\"https:\/\/i0.wp.com\/www.retaildetail.be\/wp-content\/uploads\/2022\/04\/logo.png?fit=281%2C147&quality=100&strip=all&ssl=1\" \/>\n\t<meta property=\"og:image:width\" content=\"281\" \/>\n\t<meta property=\"og:image:height\" content=\"147\" \/>\n\t<meta property=\"og:image:type\" content=\"image\/png\" \/>\n<meta name=\"author\" content=\"dev@grandiz.com\" \/>\n<meta name=\"twitter:card\" content=\"summary_large_image\" \/>\n<meta name=\"twitter:label1\" content=\"\u00c9crit par\" \/>\n\t<meta name=\"twitter:data1\" content=\"dev@grandiz.com\" \/>\n\t<meta name=\"twitter:label2\" content=\"Dur\u00e9e de lecture estim\u00e9e\" \/>\n\t<meta name=\"twitter:data2\" content=\"2 minutes\" \/>\n<script type=\"application\/ld+json\" class=\"yoast-schema-graph\">{\"@context\":\"https:\\\/\\\/schema.org\",\"@graph\":[{\"@type\":\"NewsArticle\",\"@id\":\"https:\\\/\\\/www.retaildetail.be\\\/fr\\\/news\\\/food\\\/les-magasins-fermiers-doivent-communiquer-mieux-et-davantage\\\/#article\",\"isPartOf\":{\"@id\":\"https:\\\/\\\/www.retaildetail.be\\\/fr\\\/news\\\/food\\\/les-magasins-fermiers-doivent-communiquer-mieux-et-davantage\\\/\"},\"author\":{\"name\":\"dev@grandiz.com\",\"@id\":\"https:\\\/\\\/www.retaildetail.be\\\/nl\\\/#\\\/schema\\\/person\\\/ba2d383452a753a3a1ce8cdb349b5fc9\"},\"headline\":\"\u00ab Les magasins fermiers doivent communiquer mieux et davantage \u00bb\",\"datePublished\":\"2011-12-07T16:27:42+00:00\",\"mainEntityOfPage\":{\"@id\":\"https:\\\/\\\/www.retaildetail.be\\\/fr\\\/news\\\/food\\\/les-magasins-fermiers-doivent-communiquer-mieux-et-davantage\\\/\"},\"wordCount\":336,\"publisher\":{\"@id\":\"https:\\\/\\\/www.retaildetail.be\\\/nl\\\/#organization\"},\"image\":{\"@id\":\"https:\\\/\\\/www.retaildetail.be\\\/fr\\\/news\\\/food\\\/les-magasins-fermiers-doivent-communiquer-mieux-et-davantage\\\/#primaryimage\"},\"thumbnailUrl\":\"https:\\\/\\\/www.retaildetail.be\\\/wp-content\\\/uploads\\\/2022\\\/04\\\/logo.png\",\"articleSection\":[\"Food\"],\"inLanguage\":\"fr-FR\",\"copyrightYear\":\"2011\",\"copyrightHolder\":{\"@id\":\"https:\\\/\\\/www.retaildetail.be\\\/#organization\"}},{\"@type\":\"WebPage\",\"@id\":\"https:\\\/\\\/www.retaildetail.be\\\/fr\\\/news\\\/food\\\/les-magasins-fermiers-doivent-communiquer-mieux-et-davantage\\\/\",\"url\":\"https:\\\/\\\/www.retaildetail.be\\\/fr\\\/news\\\/food\\\/les-magasins-fermiers-doivent-communiquer-mieux-et-davantage\\\/\",\"name\":\"\u00ab Les magasins fermiers doivent communiquer mieux et davantage \u00bb - RetailDetail BE\",\"isPartOf\":{\"@id\":\"https:\\\/\\\/www.retaildetail.be\\\/nl\\\/#website\"},\"primaryImageOfPage\":{\"@id\":\"https:\\\/\\\/www.retaildetail.be\\\/fr\\\/news\\\/food\\\/les-magasins-fermiers-doivent-communiquer-mieux-et-davantage\\\/#primaryimage\"},\"image\":{\"@id\":\"https:\\\/\\\/www.retaildetail.be\\\/fr\\\/news\\\/food\\\/les-magasins-fermiers-doivent-communiquer-mieux-et-davantage\\\/#primaryimage\"},\"thumbnailUrl\":\"https:\\\/\\\/www.retaildetail.be\\\/wp-content\\\/uploads\\\/2022\\\/04\\\/logo.png\",\"datePublished\":\"2011-12-07T16:27:42+00:00\",\"breadcrumb\":{\"@id\":\"https:\\\/\\\/www.retaildetail.be\\\/fr\\\/news\\\/food\\\/les-magasins-fermiers-doivent-communiquer-mieux-et-davantage\\\/#breadcrumb\"},\"inLanguage\":\"fr-FR\",\"potentialAction\":[{\"@type\":\"ReadAction\",\"target\":[\"https:\\\/\\\/www.retaildetail.be\\\/fr\\\/news\\\/food\\\/les-magasins-fermiers-doivent-communiquer-mieux-et-davantage\\\/\"]}]},{\"@type\":\"ImageObject\",\"inLanguage\":\"fr-FR\",\"@id\":\"https:\\\/\\\/www.retaildetail.be\\\/fr\\\/news\\\/food\\\/les-magasins-fermiers-doivent-communiquer-mieux-et-davantage\\\/#primaryimage\",\"url\":\"https:\\\/\\\/www.retaildetail.be\\\/wp-content\\\/uploads\\\/2022\\\/04\\\/logo.png\",\"contentUrl\":\"https:\\\/\\\/www.retaildetail.be\\\/wp-content\\\/uploads\\\/2022\\\/04\\\/logo.png\",\"width\":281,\"height\":147},{\"@type\":\"BreadcrumbList\",\"@id\":\"https:\\\/\\\/www.retaildetail.be\\\/fr\\\/news\\\/food\\\/les-magasins-fermiers-doivent-communiquer-mieux-et-davantage\\\/#breadcrumb\",\"itemListElement\":[{\"@type\":\"ListItem\",\"position\":1,\"name\":\"Home\",\"item\":\"https:\\\/\\\/www.retaildetail.be\\\/fr\\\/\"},{\"@type\":\"ListItem\",\"position\":2,\"name\":\"\u00ab Les magasins fermiers doivent communiquer mieux et davantage \u00bb\"}]},{\"@type\":\"WebSite\",\"@id\":\"https:\\\/\\\/www.retaildetail.be\\\/nl\\\/#website\",\"url\":\"https:\\\/\\\/www.retaildetail.be\\\/nl\\\/\",\"name\":\"RetailDetail BE\",\"description\":\"News\",\"publisher\":{\"@id\":\"https:\\\/\\\/www.retaildetail.be\\\/nl\\\/#organization\"},\"potentialAction\":[{\"@type\":\"SearchAction\",\"target\":{\"@type\":\"EntryPoint\",\"urlTemplate\":\"https:\\\/\\\/www.retaildetail.be\\\/nl\\\/?s={search_term_string}\"},\"query-input\":{\"@type\":\"PropertyValueSpecification\",\"valueRequired\":true,\"valueName\":\"search_term_string\"}}],\"inLanguage\":\"fr-FR\"},{\"@type\":\"Organization\",\"@id\":\"https:\\\/\\\/www.retaildetail.be\\\/nl\\\/#organization\",\"name\":\"RetailDetail BE\",\"url\":\"https:\\\/\\\/www.retaildetail.be\\\/nl\\\/\",\"logo\":{\"@type\":\"ImageObject\",\"inLanguage\":\"fr-FR\",\"@id\":\"https:\\\/\\\/www.retaildetail.be\\\/nl\\\/#\\\/schema\\\/logo\\\/image\\\/\",\"url\":\"https:\\\/\\\/www.retaildetail.be\\\/wp-content\\\/uploads\\\/2022\\\/04\\\/logo.svg\",\"contentUrl\":\"https:\\\/\\\/www.retaildetail.be\\\/wp-content\\\/uploads\\\/2022\\\/04\\\/logo.svg\",\"width\":131,\"height\":70,\"caption\":\"RetailDetail BE\"},\"image\":{\"@id\":\"https:\\\/\\\/www.retaildetail.be\\\/nl\\\/#\\\/schema\\\/logo\\\/image\\\/\"}},{\"@type\":\"Person\",\"@id\":\"https:\\\/\\\/www.retaildetail.be\\\/nl\\\/#\\\/schema\\\/person\\\/ba2d383452a753a3a1ce8cdb349b5fc9\",\"name\":\"dev@grandiz.com\",\"image\":{\"@type\":\"ImageObject\",\"inLanguage\":\"fr-FR\",\"@id\":\"https:\\\/\\\/secure.gravatar.com\\\/avatar\\\/5f53ce9fb6eed4a60e5aaaa712be8773880fa9459d9cac9bc4aa4fdbce3f447f?s=96&d=mm&r=g\",\"url\":\"https:\\\/\\\/secure.gravatar.com\\\/avatar\\\/5f53ce9fb6eed4a60e5aaaa712be8773880fa9459d9cac9bc4aa4fdbce3f447f?s=96&d=mm&r=g\",\"contentUrl\":\"https:\\\/\\\/secure.gravatar.com\\\/avatar\\\/5f53ce9fb6eed4a60e5aaaa712be8773880fa9459d9cac9bc4aa4fdbce3f447f?s=96&d=mm&r=g\",\"caption\":\"dev@grandiz.com\"},\"sameAs\":[\"http:\\\/\\\/preprod.retaildetail.be\"],\"url\":\"https:\\\/\\\/www.retaildetail.be\\\/fr\\\/author\\\/devgrandiz-com\\\/\"}]}<\/script>\n<!-- \/ Yoast SEO plugin. -->","yoast_head_json":{"title":"\u00ab Les magasins fermiers doivent communiquer mieux et davantage \u00bb - RetailDetail BE","robots":{"index":"index","follow":"follow","max-snippet":"max-snippet:-1","max-image-preview":"max-image-preview:large","max-video-preview":"max-video-preview:-1"},"canonical":"https:\/\/www.retaildetail.be\/fr\/news\/food\/les-magasins-fermiers-doivent-communiquer-mieux-et-davantage\/","og_locale":"fr_FR","og_type":"article","og_title":"\u00ab Les magasins fermiers doivent communiquer mieux et davantage \u00bb - RetailDetail BE","og_description":"Evaluation approfondie Les 48 magasins fermiers ont \u00e9t\u00e9 \u00e9valu\u00e9s sur 53 crit\u00e8res, regroup\u00e9s sous 5 th\u00e8mes : accessibilit\u00e9, implantation du magasin dans la ferme, atmosph\u00e8re et propret\u00e9 du magasin, accueil et service, gamme de produits. Les heures d\u2019ouverture assez larges, la facilit\u00e9 d\u2019acc\u00e8s physique des magasins et l\u2019indication du magasin au sein de\u00a0 la ferme [&hellip;]","og_url":"https:\/\/www.retaildetail.be\/fr\/news\/food\/les-magasins-fermiers-doivent-communiquer-mieux-et-davantage\/","og_site_name":"RetailDetail BE","article_published_time":"2011-12-07T16:27:42+00:00","og_image":[{"width":281,"height":147,"url":"https:\/\/i0.wp.com\/www.retaildetail.be\/wp-content\/uploads\/2022\/04\/logo.png?fit=281%2C147&quality=100&strip=all&ssl=1","type":"image\/png"}],"author":"dev@grandiz.com","twitter_card":"summary_large_image","twitter_misc":{"\u00c9crit par":"dev@grandiz.com","Dur\u00e9e de lecture estim\u00e9e":"2 minutes"},"schema":{"@context":"https:\/\/schema.org","@graph":[{"@type":"NewsArticle","@id":"https:\/\/www.retaildetail.be\/fr\/news\/food\/les-magasins-fermiers-doivent-communiquer-mieux-et-davantage\/#article","isPartOf":{"@id":"https:\/\/www.retaildetail.be\/fr\/news\/food\/les-magasins-fermiers-doivent-communiquer-mieux-et-davantage\/"},"author":{"name":"dev@grandiz.com","@id":"https:\/\/www.retaildetail.be\/nl\/#\/schema\/person\/ba2d383452a753a3a1ce8cdb349b5fc9"},"headline":"\u00ab Les magasins fermiers doivent communiquer mieux et davantage \u00bb","datePublished":"2011-12-07T16:27:42+00:00","mainEntityOfPage":{"@id":"https:\/\/www.retaildetail.be\/fr\/news\/food\/les-magasins-fermiers-doivent-communiquer-mieux-et-davantage\/"},"wordCount":336,"publisher":{"@id":"https:\/\/www.retaildetail.be\/nl\/#organization"},"image":{"@id":"https:\/\/www.retaildetail.be\/fr\/news\/food\/les-magasins-fermiers-doivent-communiquer-mieux-et-davantage\/#primaryimage"},"thumbnailUrl":"https:\/\/www.retaildetail.be\/wp-content\/uploads\/2022\/04\/logo.png","articleSection":["Food"],"inLanguage":"fr-FR","copyrightYear":"2011","copyrightHolder":{"@id":"https:\/\/www.retaildetail.be\/#organization"}},{"@type":"WebPage","@id":"https:\/\/www.retaildetail.be\/fr\/news\/food\/les-magasins-fermiers-doivent-communiquer-mieux-et-davantage\/","url":"https:\/\/www.retaildetail.be\/fr\/news\/food\/les-magasins-fermiers-doivent-communiquer-mieux-et-davantage\/","name":"\u00ab Les magasins fermiers doivent communiquer mieux et davantage \u00bb - RetailDetail BE","isPartOf":{"@id":"https:\/\/www.retaildetail.be\/nl\/#website"},"primaryImageOfPage":{"@id":"https:\/\/www.retaildetail.be\/fr\/news\/food\/les-magasins-fermiers-doivent-communiquer-mieux-et-davantage\/#primaryimage"},"image":{"@id":"https:\/\/www.retaildetail.be\/fr\/news\/food\/les-magasins-fermiers-doivent-communiquer-mieux-et-davantage\/#primaryimage"},"thumbnailUrl":"https:\/\/www.retaildetail.be\/wp-content\/uploads\/2022\/04\/logo.png","datePublished":"2011-12-07T16:27:42+00:00","breadcrumb":{"@id":"https:\/\/www.retaildetail.be\/fr\/news\/food\/les-magasins-fermiers-doivent-communiquer-mieux-et-davantage\/#breadcrumb"},"inLanguage":"fr-FR","potentialAction":[{"@type":"ReadAction","target":["https:\/\/www.retaildetail.be\/fr\/news\/food\/les-magasins-fermiers-doivent-communiquer-mieux-et-davantage\/"]}]},{"@type":"ImageObject","inLanguage":"fr-FR","@id":"https:\/\/www.retaildetail.be\/fr\/news\/food\/les-magasins-fermiers-doivent-communiquer-mieux-et-davantage\/#primaryimage","url":"https:\/\/www.retaildetail.be\/wp-content\/uploads\/2022\/04\/logo.png","contentUrl":"https:\/\/www.retaildetail.be\/wp-content\/uploads\/2022\/04\/logo.png","width":281,"height":147},{"@type":"BreadcrumbList","@id":"https:\/\/www.retaildetail.be\/fr\/news\/food\/les-magasins-fermiers-doivent-communiquer-mieux-et-davantage\/#breadcrumb","itemListElement":[{"@type":"ListItem","position":1,"name":"Home","item":"https:\/\/www.retaildetail.be\/fr\/"},{"@type":"ListItem","position":2,"name":"\u00ab Les magasins fermiers doivent communiquer mieux et davantage \u00bb"}]},{"@type":"WebSite","@id":"https:\/\/www.retaildetail.be\/nl\/#website","url":"https:\/\/www.retaildetail.be\/nl\/","name":"RetailDetail BE","description":"News","publisher":{"@id":"https:\/\/www.retaildetail.be\/nl\/#organization"},"potentialAction":[{"@type":"SearchAction","target":{"@type":"EntryPoint","urlTemplate":"https:\/\/www.retaildetail.be\/nl\/?s={search_term_string}"},"query-input":{"@type":"PropertyValueSpecification","valueRequired":true,"valueName":"search_term_string"}}],"inLanguage":"fr-FR"},{"@type":"Organization","@id":"https:\/\/www.retaildetail.be\/nl\/#organization","name":"RetailDetail BE","url":"https:\/\/www.retaildetail.be\/nl\/","logo":{"@type":"ImageObject","inLanguage":"fr-FR","@id":"https:\/\/www.retaildetail.be\/nl\/#\/schema\/logo\/image\/","url":"https:\/\/www.retaildetail.be\/wp-content\/uploads\/2022\/04\/logo.svg","contentUrl":"https:\/\/www.retaildetail.be\/wp-content\/uploads\/2022\/04\/logo.svg","width":131,"height":70,"caption":"RetailDetail BE"},"image":{"@id":"https:\/\/www.retaildetail.be\/nl\/#\/schema\/logo\/image\/"}},{"@type":"Person","@id":"https:\/\/www.retaildetail.be\/nl\/#\/schema\/person\/ba2d383452a753a3a1ce8cdb349b5fc9","name":"dev@grandiz.com","image":{"@type":"ImageObject","inLanguage":"fr-FR","@id":"https:\/\/secure.gravatar.com\/avatar\/5f53ce9fb6eed4a60e5aaaa712be8773880fa9459d9cac9bc4aa4fdbce3f447f?s=96&d=mm&r=g","url":"https:\/\/secure.gravatar.com\/avatar\/5f53ce9fb6eed4a60e5aaaa712be8773880fa9459d9cac9bc4aa4fdbce3f447f?s=96&d=mm&r=g","contentUrl":"https:\/\/secure.gravatar.com\/avatar\/5f53ce9fb6eed4a60e5aaaa712be8773880fa9459d9cac9bc4aa4fdbce3f447f?s=96&d=mm&r=g","caption":"dev@grandiz.com"},"sameAs":["http:\/\/preprod.retaildetail.be"],"url":"https:\/\/www.retaildetail.be\/fr\/author\/devgrandiz-com\/"}]}},"jetpack_featured_media_url":"https:\/\/www.retaildetail.be\/wp-content\/uploads\/2022\/04\/logo.png","jetpack_sharing_enabled":true,"_links":{"self":[{"href":"https:\/\/www.retaildetail.be\/fr\/wp-json\/wp\/v2\/posts\/1102","targetHints":{"allow":["GET"]}}],"collection":[{"href":"https:\/\/www.retaildetail.be\/fr\/wp-json\/wp\/v2\/posts"}],"about":[{"href":"https:\/\/www.retaildetail.be\/fr\/wp-json\/wp\/v2\/types\/post"}],"author":[{"embeddable":true,"href":"https:\/\/www.retaildetail.be\/fr\/wp-json\/wp\/v2\/users\/1"}],"replies":[{"embeddable":true,"href":"https:\/\/www.retaildetail.be\/fr\/wp-json\/wp\/v2\/comments?post=1102"}],"version-history":[{"count":0,"href":"https:\/\/www.retaildetail.be\/fr\/wp-json\/wp\/v2\/posts\/1102\/revisions"}],"wp:featuredmedia":[{"embeddable":true,"href":"https:\/\/www.retaildetail.be\/fr\/wp-json\/wp\/v2\/media\/84"}],"wp:attachment":[{"href":"https:\/\/www.retaildetail.be\/fr\/wp-json\/wp\/v2\/media?parent=1102"}],"wp:term":[{"taxonomy":"category","embeddable":true,"href":"https:\/\/www.retaildetail.be\/fr\/wp-json\/wp\/v2\/categories?post=1102"},{"taxonomy":"post_tag","embeddable":true,"href":"https:\/\/www.retaildetail.be\/fr\/wp-json\/wp\/v2\/tags?post=1102"},{"taxonomy":"people","embeddable":true,"href":"https:\/\/www.retaildetail.be\/fr\/wp-json\/wp\/v2\/people?post=1102"},{"taxonomy":"extra","embeddable":true,"href":"https:\/\/www.retaildetail.be\/fr\/wp-json\/wp\/v2\/extra?post=1102"},{"taxonomy":"company","embeddable":true,"href":"https:\/\/www.retaildetail.be\/fr\/wp-json\/wp\/v2\/company?post=1102"},{"taxonomy":"topic","embeddable":true,"href":"https:\/\/www.retaildetail.be\/fr\/wp-json\/wp\/v2\/topic?post=1102"},{"taxonomy":"region","embeddable":true,"href":"https:\/\/www.retaildetail.be\/fr\/wp-json\/wp\/v2\/region?post=1102"}],"curies":[{"name":"wp","href":"https:\/\/api.w.org\/{rel}","templated":true}]}}