{"id":111078,"date":"2025-01-10T16:45:11","date_gmt":"2025-01-10T15:45:11","guid":{"rendered":"https:\/\/www.retaildetail.be\/?p=111078"},"modified":"2025-01-10T16:57:19","modified_gmt":"2025-01-10T15:57:19","slug":"filet-pur-la-mauvaise-affaire","status":"publish","type":"post","link":"https:\/\/www.retaildetail.be\/fr\/news\/food\/filet-pur-la-mauvaise-affaire\/","title":{"rendered":"[Filet Pur] La mauvaise affaire"},"content":{"rendered":"\n<p>La saison des transferts dans le commerce alimentaire, les repreneurs m\u00e9contents s\u00e8ment le trouble dans l\u2019ar\u00e8ne et les baisses de prix semblent dissimuler une multitude d\u2019augmentations. Encore un Filet Pur qui, fid\u00e8le \u00e0 l\u2019air du temps, s\u2019est pass\u00e9 de toute v\u00e9rification des faits.<\/p>\n\n\n\n<h2 class=\"wp-block-heading\">Mercato d\u2019hiver<\/h2>\n\n\n\n<p>Bonne ann\u00e9e&nbsp;! Et bon courage surtout, maintenant qu\u2019il s\u2019av\u00e8re que c\u2019est Veganuary et Dry January en m\u00eame temps. Pas de viande, pas d\u2019alcool, la totale. Et en tant que Belge, vous \u00eates doublement l\u00e9s\u00e9, avec la Tourn\u00e9e Min\u00e9rale en f\u00e9vrier. De plus, aujourd\u2019hui, c\u2019est le<em> \u00ab&nbsp;quitter\u2019s day&nbsp;\u00bb <\/em>(jour des l\u00e2cheurs)&nbsp;: nous avons d\u00e9j\u00e0 balay\u00e9 toutes nos bonnes r\u00e9solutions sous le tapis. Pourtant, les auto-proclam\u00e9s observateurs de tendances, experts, m\u00e9diums et astrologues semblent s\u2019accorder sur le fait que 2025 sera une ann\u00e9e de changements radicaux. \u00c7a promet, car les humains et le changement, c\u2019est comme les chats et la nage&nbsp;: on peut le faire, mais on pr\u00e9f\u00e8re \u00e9viter.<\/p>\n\n\n\n<p>Quiconque s\u2019est d\u00e9j\u00e0 perdu dans le doomscrolling sur LinkedIn a sans doute remarqu\u00e9 que presque tout le monde change de job ce mois-ci. Mercato d\u2019hiver dans le secteur du commerce de d\u00e9tail\u00a0: la semaine derni\u00e8re, nous avons not\u00e9 l\u2019arriv\u00e9e de nouveaux PDG, notamment chez\u00a0<strong>Colmar<\/strong>, entre autres,\u00a0<a href=\"https:\/\/www.retaildetail.be\/nl\/news\/food\/familietelg-neemt-roer-over-bij-colmar\/\" target=\"_blank\" rel=\"noreferrer noopener\">o\u00f9 la famille reprend la main avec un peu plus de fermet\u00e9<\/a>, et chez\u00a0<strong>Foodbag<\/strong>, o\u00f9 le groupe\u00a0<strong>Colruyt<\/strong>\u00a0<a href=\"https:\/\/www.retaildetail.be\/nl\/news\/food\/nieuwe-ceo-voor-foodbag\/\" target=\"_blank\" rel=\"noreferrer noopener\">semble vouloir renforcer encore <\/a>la synergie avec\u00a0<strong>Collect&amp;Go<\/strong>\u00a0. Rien de surprenant. La f\u00e9d\u00e9ration de la distribution Comeos doit elle aussi se chercher un nouvel attaquant vedette, Dominique Michel <a href=\"https:\/\/www.retaildetail.be\/nl\/news\/algemeen\/dominique-michel-stopt-als-ceo-van-comeos\/\" target=\"_blank\" rel=\"noreferrer noopener\">ayant d\u00e9cid\u00e9 de mettre fin \u00e0 son mandat apr\u00e8s dix-sept ans<\/a>. Son d\u00e9part aurait-il un lien avec la discorde croissante entre les d\u00e9taillants au sujet des commissions paritaires, de l\u2019ouverture des magasins le dimanche et des statuts de la franchise\u00a0? Ce n\u2019est qu\u2019une supposition de ma part. Mais si lui n\u2019a pas r\u00e9ussi \u00e0 mettre de l\u2019ordre dans ce chaos, qui y parviendra\u00a0?<\/p>\n\n\n\n<h2 class=\"wp-block-heading\">Lune de miel<\/h2>\n\n\n\n<p>Cela se voyait venir, bien s\u00fbr&nbsp;: la lune de miel est termin\u00e9e. Maintenant, ces entrepreneurs d\u00e9couvrent soudainement quelle mauvaise affaire ils ont r\u00e9cup\u00e9r\u00e9e de la part de <strong>Delhaize<\/strong>. Parce que qu\u2019ont-ils trouv\u00e9 dans leur fonds de commerce&nbsp;? Une bande de quasi-fonctionnaires surpay\u00e9s, qui semblent empocher prime sur prime&nbsp;: prime d\u2019ouverture anticip\u00e9e, prime de fermeture tardive, prime de froid, prime d\u2019\u00e9quipe, prime de dimanche&#8230; On peut dire beaucoup de choses sur les syndicats, mais pas qu\u2019ils n\u2019ont pas fait leur travail. Eh bien oui, si la gestion est faible, les syndicats sont forts. Et cette <em>merde<\/em>, le distributeur l\u2019a joliment refil\u00e9e \u00e0 ses affili\u00e9s.<\/p>\n\n\n\n<p>Que ce soit maintenant cette sympathique et dynamique Kim Van Oncen <a href=\"https:\/\/www.retaildetail.be\/nl\/news\/food\/loonkosten-wegen-op-rentabiliteit-gefranchiseerde-delhaize-filialen\/\" target=\"_blank\" rel=\"noreferrer noopener\">qui ait lanc\u00e9 l\u2019alerte<\/a>, c\u2019est un peu amer, on peut l\u2019imaginer. \u00c7a passe un peu trop bien dans les m\u00e9dias. Et cela l\u2019a apparemment choqu\u00e9e elle-m\u00eame&nbsp;: \u00ab&nbsp;La presse a d\u00e9lib\u00e9r\u00e9ment fait du sensationnalisme&nbsp;\u00bb, a-t-elle confi\u00e9 \u00e0 RetailDetail, ajoutant que l\u2019article \u00e9tait \u00ab&nbsp;trompeur&nbsp;\u00bb. Mais entre-temps, plusieurs coll\u00e8gues ont confirm\u00e9 la teneur du message ici et l\u00e0, bien s\u00fbr de mani\u00e8re anonyme, c\u2019est leur fa\u00e7on de faire&nbsp;: tous ne visent pas une carri\u00e8re m\u00e9diatique.<\/p>\n\n\n\n<h2 class=\"wp-block-heading\">Avides<\/h2>\n\n\n\n<p>\u00c9videmment, ces gens savaient ce qu\u2019ils reprenaient, ce ne sont pas des idiots. Qui s\u2019attendait vraiment \u00e0 ce que ces magasins soient rentables en l\u2019espace d\u2019un an&nbsp;? Si c\u2019\u00e9tait si facile, tout le monde le ferait. Ces employ\u00e9s soi-disant m\u00e9ritants se r\u00e9v\u00e8lent \u00e9galement tr\u00e8s comp\u00e9tents. Beaucoup d\u2019entrepreneurs sont plut\u00f4t satisfaits. Le point de friction majeur, c\u2019est encore la logistique&nbsp;: les d\u00e9lices partent des rayons si vite que le distributeur n\u2019arrive pas \u00e0 suivre avec les r\u00e9approvisionnements. Oups.<\/p>\n\n\n\n<p>Heureusement, Delhaize vient rapidement au secours de ses affili\u00e9s&nbsp;: notamment en augmentant d\u2019un coup les prix de plus de trois mille articles, afin que les marges soient bient\u00f4t suffisantes pour supporter ce co\u00fbt salarial \u00e9lev\u00e9. Astucieux petit coup m\u00e9diatique de la part du comparateur de prix PingPrice aux d\u00e9pens du num\u00e9ro deux, et plusieurs journalistes sont tomb\u00e9s dans le pi\u00e8ge, avides de nouveaux clics. Mais, bien entendu, cet instantan\u00e9 n\u2019est pas correct. Chaque ann\u00e9e, \u00e0 cette \u00e9poque, tous les supermarch\u00e9s augmentent obligatoirement leurs prix apr\u00e8s les chaleureuses n\u00e9gociations annuelles avec les multinationales de leurs marques pr\u00e9f\u00e9r\u00e9es (mais aussi avec leurs fournisseurs de marques priv\u00e9es). Certains le font d\u00e8s le mois de d\u00e9cembre, d\u2019autres seulement la semaine prochaine.&nbsp;L\u2019enjeu est de taille. Mais bon, la nuance ne fait pas vendre.<\/p>\n\n\n\n<h2 class=\"wp-block-heading\">Pas de tsunami<\/h2>\n\n\n\n<p>La communication intelligente, en revanche\u00a0: le choix malin, a-t-on d\u00fb penser \u00e0 Erpe-Mere. Le timing est primordial. Si tout le monde augmente ses prix,\u00a0<strong>Aldi<\/strong>\u00a0lancera une \u00ab\u00a0vague de baisses de prix\u00a0\u00bb. Vague\u00a0? En tout cas, ce n\u2019est pas un tsunami\u00a0: une centaine, environ. Combien ont augment\u00e9 en silence entre-temps, on ne le sait pas\u00a0: Aldi, sans doute \u00e0 son grand soulagement, ne figurait pas dans l\u2019analyse de PingPrice. On suppose qu\u2019il y en a eu bien plus d\u2019une centaine. Les d\u00e9taillants qui se vantent d\u2019avoir baiss\u00e9 leurs prix ont souvent quelque chose \u00e0 cacher, \u00e0 savoir de nombreuses autres hausses de prix.<\/p>\n\n\n\n<p>Mais comment peut-on encore comparer les prix en p\u00e9riode d\u2019offres promotionnelles&nbsp;? Le prix en rayon ne comptera bient\u00f4t plus. Ce qui semble plus pertinent, c\u2019est l\u2019annonce <a href=\"https:\/\/www.retaildetail.be\/nl\/news\/food\/aldi-gaat-forser-uitpakken-met-11-promoties\/\" target=\"_blank\" rel=\"noreferrer noopener\">que le discounter va encore plus intensifier ses offres 1+1<\/a>. Le mot magique \u00ab&nbsp;gratuit&nbsp;\u00bb, n\u2019est-ce pas&nbsp;? Eh bien, tout le monde doit suivre. Autrefois, les discounters \u00e9taient des adeptes de l\u2019EDLP, vous vous en souvenez&nbsp;?&nbsp;C\u2019\u00e9tait le bon vieux temps. Aujourd\u2019hui, ils lancent des programmes d\u2019\u00e9conomie de points comme tout le monde. Alors qu\u2019Aldi s\u2019en tient encore \u00e0 un test,&nbsp;<strong>Lidl<\/strong>&nbsp;se lance directement&nbsp;<a href=\"https:\/\/www.retaildetail.be\/nl\/news\/food\/lidl-lanceert-nieuw-spaarprogramma-in-zn-app\/\" target=\"_blank\" rel=\"noreferrer noopener\">dans le d\u00e9ploiement \u00e0 l\u2019\u00e9chelle nationale<\/a>. Uniquement avec l\u2019application&nbsp;: les moins f\u00e9rus de num\u00e9rique restent dans l\u2019ombre.<\/p>\n\n\n\n<h2 class=\"wp-block-heading\">Beignets<\/h2>\n\n\n\n<p>Il y a quelques semaines, nous rigolions en disant que ce sont aujourd\u2019hui les magasins belges qui soutiennent le <strong>Jumbo<\/strong> en difficult\u00e9. Eh bien, cela ne va pas beaucoup changer\u00a0: le \u00ab\u00a0danger jaune\u00a0\u00bb semble avoir\u00a0<a href=\"https:\/\/www.retaildetail.be\/nl\/news\/food\/jumbo-verloor-opnieuw-marktaandeel-in-nederland\/\" target=\"_blank\" rel=\"noreferrer noopener\">\u00e9t\u00e9 le plus grand perdant<\/a> sur son march\u00e9 national au\u00a0quatri\u00e8me trimestre, si l\u2019on en croit les chiffres de la soci\u00e9t\u00e9 de donn\u00e9es Hiiper. Les discounters ont gagn\u00e9 la bataille. Les N\u00e9erlandais f\u00eatent le Nouvel An avec des \u00ab\u00a0Oliebollen\u00a0\u00bb (beignets), et non avec du champagne et du foie gras, \u00e7a fait une diff\u00e9rence. De plus, le distributeur fait face \u00e0 des rayons constamment vides\u00a0: les disputes avec de nombreuses marques connues ne sont toujours pas r\u00e9gl\u00e9es. Cela n\u2019aide pas vraiment.<\/p>\n\n\n\n<p>Mais bon, la v\u00e9rification des faits est pour la semaine prochaine&nbsp;: Jumbo invite la presse \u00e0 Veghel pour une conversation informelle sur les r\u00e9sultats de 2024 et les ambitions pour 2025. Heureusement, l\u2019entreprise le fait bien avant l\u2019explosion de la folie du carnaval l\u00e0-bas, car dans environ un mois et demi, Veghel se transforme comme chaque ann\u00e9e en \u00ab&nbsp;Kuussegat&nbsp;\u00bb (un mot de dialecte qui ferait r\u00e9f\u00e9rence \u00e0 l\u2019anus d\u2019un veau, j\u2019ai pris soin de le chercher pour vous), alors, vous ne voulez pas vous retrouver dans les parages. Sauf si vous le souhaitez, bien s\u00fbr. \u00c0 la semaine prochaine&nbsp;!<\/p>\n\n\n\n<div class=\"wp-block-buttons is-layout-flex wp-block-buttons-is-layout-flex\">\n<div class=\"wp-block-button\"><a class=\"wp-block-button__link has-vivid-red-background-color has-background wp-element-button\" href=\"https:\/\/www.retaildetail.be\/fr\/newsletter\/\">L&rsquo;actualit\u00e9 alimentaire dans votre bo\u00eete aux lettres \u00e9lectronique tous les vendredis ? Abonnez-vous gratuitement \u00e0 notre lettre d&rsquo;information ici !<\/a><\/div>\n<\/div>\n","protected":false},"excerpt":{"rendered":"<p>La saison des transferts dans le commerce alimentaire, les repreneurs m\u00e9contents s\u00e8ment le trouble dans l\u2019ar\u00e8ne et les baisses de prix semblent dissimuler une multitude d\u2019augmentations. Encore un Filet Pur qui, fid\u00e8le \u00e0 l\u2019air du temps, s\u2019est pass\u00e9 de toute v\u00e9rification des faits.<\/p>\n","protected":false},"author":3,"featured_media":111056,"comment_status":"closed","ping_status":"closed","sticky":false,"template":"","format":"standard","meta":{"_acf_changed":false,"inline_featured_image":false,"_jetpack_memberships_contains_paid_content":false,"footnotes":""},"categories":[24],"tags":[],"people":[],"extra":[],"company":[203,572,1209,141,196,847,217,204],"topic":[205,386],"region":[],"class_list":["post-111078","post","type-post","status-publish","format-standard","has-post-thumbnail","hentry","category-food","company-aldi","company-collectgo","company-colmar","company-colruyt-group","company-delhaize","company-foodbag","company-jumbo","company-lidl","topic-filet-pur","topic-fmcg"],"acf":[],"yoast_head":"<!-- This site is optimized with the Yoast SEO plugin v27.3 - https:\/\/yoast.com\/product\/yoast-seo-wordpress\/ -->\n<title>[Filet Pur] La mauvaise affaire - RetailDetail BE<\/title>\n<meta name=\"description\" content=\"Filet Pur, la rubrique du vendredi de RetailDetail Food, r\u00e9sume pour vous, sans fard, l&#039;actualit\u00e9 du secteur des produits de grande consommation.\" \/>\n<meta name=\"robots\" content=\"index, follow, max-snippet:-1, max-image-preview:large, max-video-preview:-1\" \/>\n<link rel=\"canonical\" href=\"https:\/\/www.retaildetail.be\/fr\/news\/food\/filet-pur-la-mauvaise-affaire\/\" \/>\n<meta property=\"og:locale\" content=\"fr_FR\" \/>\n<meta property=\"og:type\" content=\"article\" \/>\n<meta property=\"og:title\" content=\"[Filet Pur] La mauvaise affaire - RetailDetail BE\" \/>\n<meta property=\"og:description\" content=\"Filet Pur, la rubrique du vendredi de RetailDetail Food, r\u00e9sume pour vous, sans fard, l&#039;actualit\u00e9 du secteur des produits de grande consommation.\" \/>\n<meta property=\"og:url\" content=\"https:\/\/www.retaildetail.be\/fr\/news\/food\/filet-pur-la-mauvaise-affaire\/\" \/>\n<meta property=\"og:site_name\" content=\"RetailDetail BE\" \/>\n<meta property=\"article:published_time\" content=\"2025-01-10T15:45:11+00:00\" \/>\n<meta property=\"article:modified_time\" content=\"2025-01-10T15:57:19+00:00\" \/>\n<meta property=\"og:image\" content=\"https:\/\/www.retaildetail.be\/wp-content\/uploads\/2025\/01\/shutterstock_251952478.jpg\" \/>\n\t<meta property=\"og:image:width\" content=\"1000\" \/>\n\t<meta property=\"og:image:height\" content=\"690\" \/>\n\t<meta property=\"og:image:type\" content=\"image\/jpeg\" \/>\n<meta name=\"author\" content=\"Stefan Van Rompaey\" \/>\n<meta name=\"twitter:card\" content=\"summary_large_image\" \/>\n<meta name=\"twitter:label1\" content=\"\u00c9crit par\" \/>\n\t<meta name=\"twitter:data1\" content=\"Stefan Van Rompaey\" \/>\n\t<meta name=\"twitter:label2\" content=\"Dur\u00e9e de lecture estim\u00e9e\" \/>\n\t<meta name=\"twitter:data2\" content=\"7 minutes\" \/>\n<script type=\"application\/ld+json\" class=\"yoast-schema-graph\">{\"@context\":\"https:\\\/\\\/schema.org\",\"@graph\":[{\"@type\":\"NewsArticle\",\"@id\":\"https:\\\/\\\/www.retaildetail.be\\\/fr\\\/news\\\/food\\\/filet-pur-la-mauvaise-affaire\\\/#article\",\"isPartOf\":{\"@id\":\"https:\\\/\\\/www.retaildetail.be\\\/fr\\\/news\\\/food\\\/filet-pur-la-mauvaise-affaire\\\/\"},\"author\":{\"name\":\"Stefan Van Rompaey\",\"@id\":\"https:\\\/\\\/www.retaildetail.be\\\/nl\\\/#\\\/schema\\\/person\\\/51aec6069c4416aa2f68b2e4ff3455df\"},\"headline\":\"[Filet Pur] La mauvaise affaire\",\"datePublished\":\"2025-01-10T15:45:11+00:00\",\"dateModified\":\"2025-01-10T15:57:19+00:00\",\"mainEntityOfPage\":{\"@id\":\"https:\\\/\\\/www.retaildetail.be\\\/fr\\\/news\\\/food\\\/filet-pur-la-mauvaise-affaire\\\/\"},\"wordCount\":1343,\"publisher\":{\"@id\":\"https:\\\/\\\/www.retaildetail.be\\\/nl\\\/#organization\"},\"image\":{\"@id\":\"https:\\\/\\\/www.retaildetail.be\\\/fr\\\/news\\\/food\\\/filet-pur-la-mauvaise-affaire\\\/#primaryimage\"},\"thumbnailUrl\":\"https:\\\/\\\/www.retaildetail.be\\\/wp-content\\\/uploads\\\/2025\\\/01\\\/shutterstock_251952478.jpg\",\"articleSection\":[\"Food\"],\"inLanguage\":\"fr-FR\",\"copyrightYear\":\"2025\",\"copyrightHolder\":{\"@id\":\"https:\\\/\\\/www.retaildetail.be\\\/#organization\"}},{\"@type\":\"WebPage\",\"@id\":\"https:\\\/\\\/www.retaildetail.be\\\/fr\\\/news\\\/food\\\/filet-pur-la-mauvaise-affaire\\\/\",\"url\":\"https:\\\/\\\/www.retaildetail.be\\\/fr\\\/news\\\/food\\\/filet-pur-la-mauvaise-affaire\\\/\",\"name\":\"[Filet Pur] La mauvaise affaire - RetailDetail BE\",\"isPartOf\":{\"@id\":\"https:\\\/\\\/www.retaildetail.be\\\/nl\\\/#website\"},\"primaryImageOfPage\":{\"@id\":\"https:\\\/\\\/www.retaildetail.be\\\/fr\\\/news\\\/food\\\/filet-pur-la-mauvaise-affaire\\\/#primaryimage\"},\"image\":{\"@id\":\"https:\\\/\\\/www.retaildetail.be\\\/fr\\\/news\\\/food\\\/filet-pur-la-mauvaise-affaire\\\/#primaryimage\"},\"thumbnailUrl\":\"https:\\\/\\\/www.retaildetail.be\\\/wp-content\\\/uploads\\\/2025\\\/01\\\/shutterstock_251952478.jpg\",\"datePublished\":\"2025-01-10T15:45:11+00:00\",\"dateModified\":\"2025-01-10T15:57:19+00:00\",\"description\":\"Filet Pur, la rubrique du vendredi de RetailDetail Food, r\u00e9sume pour vous, sans fard, l'actualit\u00e9 du secteur des produits de grande consommation.\",\"breadcrumb\":{\"@id\":\"https:\\\/\\\/www.retaildetail.be\\\/fr\\\/news\\\/food\\\/filet-pur-la-mauvaise-affaire\\\/#breadcrumb\"},\"inLanguage\":\"fr-FR\",\"potentialAction\":[{\"@type\":\"ReadAction\",\"target\":[\"https:\\\/\\\/www.retaildetail.be\\\/fr\\\/news\\\/food\\\/filet-pur-la-mauvaise-affaire\\\/\"]}]},{\"@type\":\"ImageObject\",\"inLanguage\":\"fr-FR\",\"@id\":\"https:\\\/\\\/www.retaildetail.be\\\/fr\\\/news\\\/food\\\/filet-pur-la-mauvaise-affaire\\\/#primaryimage\",\"url\":\"https:\\\/\\\/www.retaildetail.be\\\/wp-content\\\/uploads\\\/2025\\\/01\\\/shutterstock_251952478.jpg\",\"contentUrl\":\"https:\\\/\\\/www.retaildetail.be\\\/wp-content\\\/uploads\\\/2025\\\/01\\\/shutterstock_251952478.jpg\",\"width\":1000,\"height\":690,\"caption\":\"Shutterstock.com\"},{\"@type\":\"BreadcrumbList\",\"@id\":\"https:\\\/\\\/www.retaildetail.be\\\/fr\\\/news\\\/food\\\/filet-pur-la-mauvaise-affaire\\\/#breadcrumb\",\"itemListElement\":[{\"@type\":\"ListItem\",\"position\":1,\"name\":\"Home\",\"item\":\"https:\\\/\\\/www.retaildetail.be\\\/fr\\\/\"},{\"@type\":\"ListItem\",\"position\":2,\"name\":\"[Filet Pur] La mauvaise affaire\"}]},{\"@type\":\"WebSite\",\"@id\":\"https:\\\/\\\/www.retaildetail.be\\\/nl\\\/#website\",\"url\":\"https:\\\/\\\/www.retaildetail.be\\\/nl\\\/\",\"name\":\"RetailDetail BE\",\"description\":\"News\",\"publisher\":{\"@id\":\"https:\\\/\\\/www.retaildetail.be\\\/nl\\\/#organization\"},\"potentialAction\":[{\"@type\":\"SearchAction\",\"target\":{\"@type\":\"EntryPoint\",\"urlTemplate\":\"https:\\\/\\\/www.retaildetail.be\\\/nl\\\/?s={search_term_string}\"},\"query-input\":{\"@type\":\"PropertyValueSpecification\",\"valueRequired\":true,\"valueName\":\"search_term_string\"}}],\"inLanguage\":\"fr-FR\"},{\"@type\":\"Organization\",\"@id\":\"https:\\\/\\\/www.retaildetail.be\\\/nl\\\/#organization\",\"name\":\"RetailDetail BE\",\"url\":\"https:\\\/\\\/www.retaildetail.be\\\/nl\\\/\",\"logo\":{\"@type\":\"ImageObject\",\"inLanguage\":\"fr-FR\",\"@id\":\"https:\\\/\\\/www.retaildetail.be\\\/nl\\\/#\\\/schema\\\/logo\\\/image\\\/\",\"url\":\"https:\\\/\\\/www.retaildetail.be\\\/wp-content\\\/uploads\\\/2022\\\/04\\\/logo.svg\",\"contentUrl\":\"https:\\\/\\\/www.retaildetail.be\\\/wp-content\\\/uploads\\\/2022\\\/04\\\/logo.svg\",\"width\":131,\"height\":70,\"caption\":\"RetailDetail BE\"},\"image\":{\"@id\":\"https:\\\/\\\/www.retaildetail.be\\\/nl\\\/#\\\/schema\\\/logo\\\/image\\\/\"}},{\"@type\":\"Person\",\"@id\":\"https:\\\/\\\/www.retaildetail.be\\\/nl\\\/#\\\/schema\\\/person\\\/51aec6069c4416aa2f68b2e4ff3455df\",\"name\":\"Stefan Van Rompaey\",\"image\":{\"@type\":\"ImageObject\",\"inLanguage\":\"fr-FR\",\"@id\":\"https:\\\/\\\/secure.gravatar.com\\\/avatar\\\/fbbb4a80a0f109888b2a5ab8ae255617499ecde533749b3ab2fa6c23b5d65dac?s=96&d=mm&r=g\",\"url\":\"https:\\\/\\\/secure.gravatar.com\\\/avatar\\\/fbbb4a80a0f109888b2a5ab8ae255617499ecde533749b3ab2fa6c23b5d65dac?s=96&d=mm&r=g\",\"contentUrl\":\"https:\\\/\\\/secure.gravatar.com\\\/avatar\\\/fbbb4a80a0f109888b2a5ab8ae255617499ecde533749b3ab2fa6c23b5d65dac?s=96&d=mm&r=g\",\"caption\":\"Stefan Van Rompaey\"},\"url\":\"https:\\\/\\\/www.retaildetail.be\\\/fr\\\/author\\\/stefanvanrompaey\\\/\"}]}<\/script>\n<!-- \/ Yoast SEO plugin. -->","yoast_head_json":{"title":"[Filet Pur] La mauvaise affaire - RetailDetail BE","description":"Filet Pur, la rubrique du vendredi de RetailDetail Food, r\u00e9sume pour vous, sans fard, l'actualit\u00e9 du secteur des produits de grande consommation.","robots":{"index":"index","follow":"follow","max-snippet":"max-snippet:-1","max-image-preview":"max-image-preview:large","max-video-preview":"max-video-preview:-1"},"canonical":"https:\/\/www.retaildetail.be\/fr\/news\/food\/filet-pur-la-mauvaise-affaire\/","og_locale":"fr_FR","og_type":"article","og_title":"[Filet Pur] La mauvaise affaire - RetailDetail BE","og_description":"Filet Pur, la rubrique du vendredi de RetailDetail Food, r\u00e9sume pour vous, sans fard, l'actualit\u00e9 du secteur des produits de grande consommation.","og_url":"https:\/\/www.retaildetail.be\/fr\/news\/food\/filet-pur-la-mauvaise-affaire\/","og_site_name":"RetailDetail BE","article_published_time":"2025-01-10T15:45:11+00:00","article_modified_time":"2025-01-10T15:57:19+00:00","og_image":[{"width":1000,"height":690,"url":"https:\/\/www.retaildetail.be\/wp-content\/uploads\/2025\/01\/shutterstock_251952478.jpg","type":"image\/jpeg"}],"author":"Stefan Van Rompaey","twitter_card":"summary_large_image","twitter_misc":{"\u00c9crit par":"Stefan Van Rompaey","Dur\u00e9e de lecture estim\u00e9e":"7 minutes"},"schema":{"@context":"https:\/\/schema.org","@graph":[{"@type":"NewsArticle","@id":"https:\/\/www.retaildetail.be\/fr\/news\/food\/filet-pur-la-mauvaise-affaire\/#article","isPartOf":{"@id":"https:\/\/www.retaildetail.be\/fr\/news\/food\/filet-pur-la-mauvaise-affaire\/"},"author":{"name":"Stefan Van Rompaey","@id":"https:\/\/www.retaildetail.be\/nl\/#\/schema\/person\/51aec6069c4416aa2f68b2e4ff3455df"},"headline":"[Filet Pur] La mauvaise affaire","datePublished":"2025-01-10T15:45:11+00:00","dateModified":"2025-01-10T15:57:19+00:00","mainEntityOfPage":{"@id":"https:\/\/www.retaildetail.be\/fr\/news\/food\/filet-pur-la-mauvaise-affaire\/"},"wordCount":1343,"publisher":{"@id":"https:\/\/www.retaildetail.be\/nl\/#organization"},"image":{"@id":"https:\/\/www.retaildetail.be\/fr\/news\/food\/filet-pur-la-mauvaise-affaire\/#primaryimage"},"thumbnailUrl":"https:\/\/www.retaildetail.be\/wp-content\/uploads\/2025\/01\/shutterstock_251952478.jpg","articleSection":["Food"],"inLanguage":"fr-FR","copyrightYear":"2025","copyrightHolder":{"@id":"https:\/\/www.retaildetail.be\/#organization"}},{"@type":"WebPage","@id":"https:\/\/www.retaildetail.be\/fr\/news\/food\/filet-pur-la-mauvaise-affaire\/","url":"https:\/\/www.retaildetail.be\/fr\/news\/food\/filet-pur-la-mauvaise-affaire\/","name":"[Filet Pur] La mauvaise affaire - RetailDetail BE","isPartOf":{"@id":"https:\/\/www.retaildetail.be\/nl\/#website"},"primaryImageOfPage":{"@id":"https:\/\/www.retaildetail.be\/fr\/news\/food\/filet-pur-la-mauvaise-affaire\/#primaryimage"},"image":{"@id":"https:\/\/www.retaildetail.be\/fr\/news\/food\/filet-pur-la-mauvaise-affaire\/#primaryimage"},"thumbnailUrl":"https:\/\/www.retaildetail.be\/wp-content\/uploads\/2025\/01\/shutterstock_251952478.jpg","datePublished":"2025-01-10T15:45:11+00:00","dateModified":"2025-01-10T15:57:19+00:00","description":"Filet Pur, la rubrique du vendredi de RetailDetail Food, r\u00e9sume pour vous, sans fard, l'actualit\u00e9 du secteur des produits de grande consommation.","breadcrumb":{"@id":"https:\/\/www.retaildetail.be\/fr\/news\/food\/filet-pur-la-mauvaise-affaire\/#breadcrumb"},"inLanguage":"fr-FR","potentialAction":[{"@type":"ReadAction","target":["https:\/\/www.retaildetail.be\/fr\/news\/food\/filet-pur-la-mauvaise-affaire\/"]}]},{"@type":"ImageObject","inLanguage":"fr-FR","@id":"https:\/\/www.retaildetail.be\/fr\/news\/food\/filet-pur-la-mauvaise-affaire\/#primaryimage","url":"https:\/\/www.retaildetail.be\/wp-content\/uploads\/2025\/01\/shutterstock_251952478.jpg","contentUrl":"https:\/\/www.retaildetail.be\/wp-content\/uploads\/2025\/01\/shutterstock_251952478.jpg","width":1000,"height":690,"caption":"Shutterstock.com"},{"@type":"BreadcrumbList","@id":"https:\/\/www.retaildetail.be\/fr\/news\/food\/filet-pur-la-mauvaise-affaire\/#breadcrumb","itemListElement":[{"@type":"ListItem","position":1,"name":"Home","item":"https:\/\/www.retaildetail.be\/fr\/"},{"@type":"ListItem","position":2,"name":"[Filet Pur] La mauvaise affaire"}]},{"@type":"WebSite","@id":"https:\/\/www.retaildetail.be\/nl\/#website","url":"https:\/\/www.retaildetail.be\/nl\/","name":"RetailDetail BE","description":"News","publisher":{"@id":"https:\/\/www.retaildetail.be\/nl\/#organization"},"potentialAction":[{"@type":"SearchAction","target":{"@type":"EntryPoint","urlTemplate":"https:\/\/www.retaildetail.be\/nl\/?s={search_term_string}"},"query-input":{"@type":"PropertyValueSpecification","valueRequired":true,"valueName":"search_term_string"}}],"inLanguage":"fr-FR"},{"@type":"Organization","@id":"https:\/\/www.retaildetail.be\/nl\/#organization","name":"RetailDetail BE","url":"https:\/\/www.retaildetail.be\/nl\/","logo":{"@type":"ImageObject","inLanguage":"fr-FR","@id":"https:\/\/www.retaildetail.be\/nl\/#\/schema\/logo\/image\/","url":"https:\/\/www.retaildetail.be\/wp-content\/uploads\/2022\/04\/logo.svg","contentUrl":"https:\/\/www.retaildetail.be\/wp-content\/uploads\/2022\/04\/logo.svg","width":131,"height":70,"caption":"RetailDetail BE"},"image":{"@id":"https:\/\/www.retaildetail.be\/nl\/#\/schema\/logo\/image\/"}},{"@type":"Person","@id":"https:\/\/www.retaildetail.be\/nl\/#\/schema\/person\/51aec6069c4416aa2f68b2e4ff3455df","name":"Stefan Van Rompaey","image":{"@type":"ImageObject","inLanguage":"fr-FR","@id":"https:\/\/secure.gravatar.com\/avatar\/fbbb4a80a0f109888b2a5ab8ae255617499ecde533749b3ab2fa6c23b5d65dac?s=96&d=mm&r=g","url":"https:\/\/secure.gravatar.com\/avatar\/fbbb4a80a0f109888b2a5ab8ae255617499ecde533749b3ab2fa6c23b5d65dac?s=96&d=mm&r=g","contentUrl":"https:\/\/secure.gravatar.com\/avatar\/fbbb4a80a0f109888b2a5ab8ae255617499ecde533749b3ab2fa6c23b5d65dac?s=96&d=mm&r=g","caption":"Stefan Van Rompaey"},"url":"https:\/\/www.retaildetail.be\/fr\/author\/stefanvanrompaey\/"}]}},"jetpack_featured_media_url":"https:\/\/www.retaildetail.be\/wp-content\/uploads\/2025\/01\/shutterstock_251952478.jpg","jetpack_sharing_enabled":true,"_links":{"self":[{"href":"https:\/\/www.retaildetail.be\/fr\/wp-json\/wp\/v2\/posts\/111078","targetHints":{"allow":["GET"]}}],"collection":[{"href":"https:\/\/www.retaildetail.be\/fr\/wp-json\/wp\/v2\/posts"}],"about":[{"href":"https:\/\/www.retaildetail.be\/fr\/wp-json\/wp\/v2\/types\/post"}],"author":[{"embeddable":true,"href":"https:\/\/www.retaildetail.be\/fr\/wp-json\/wp\/v2\/users\/3"}],"replies":[{"embeddable":true,"href":"https:\/\/www.retaildetail.be\/fr\/wp-json\/wp\/v2\/comments?post=111078"}],"version-history":[{"count":2,"href":"https:\/\/www.retaildetail.be\/fr\/wp-json\/wp\/v2\/posts\/111078\/revisions"}],"predecessor-version":[{"id":111081,"href":"https:\/\/www.retaildetail.be\/fr\/wp-json\/wp\/v2\/posts\/111078\/revisions\/111081"}],"wp:featuredmedia":[{"embeddable":true,"href":"https:\/\/www.retaildetail.be\/fr\/wp-json\/wp\/v2\/media\/111056"}],"wp:attachment":[{"href":"https:\/\/www.retaildetail.be\/fr\/wp-json\/wp\/v2\/media?parent=111078"}],"wp:term":[{"taxonomy":"category","embeddable":true,"href":"https:\/\/www.retaildetail.be\/fr\/wp-json\/wp\/v2\/categories?post=111078"},{"taxonomy":"post_tag","embeddable":true,"href":"https:\/\/www.retaildetail.be\/fr\/wp-json\/wp\/v2\/tags?post=111078"},{"taxonomy":"people","embeddable":true,"href":"https:\/\/www.retaildetail.be\/fr\/wp-json\/wp\/v2\/people?post=111078"},{"taxonomy":"extra","embeddable":true,"href":"https:\/\/www.retaildetail.be\/fr\/wp-json\/wp\/v2\/extra?post=111078"},{"taxonomy":"company","embeddable":true,"href":"https:\/\/www.retaildetail.be\/fr\/wp-json\/wp\/v2\/company?post=111078"},{"taxonomy":"topic","embeddable":true,"href":"https:\/\/www.retaildetail.be\/fr\/wp-json\/wp\/v2\/topic?post=111078"},{"taxonomy":"region","embeddable":true,"href":"https:\/\/www.retaildetail.be\/fr\/wp-json\/wp\/v2\/region?post=111078"}],"curies":[{"name":"wp","href":"https:\/\/api.w.org\/{rel}","templated":true}]}}