{"id":1117,"date":"2011-12-12T07:50:05","date_gmt":"2011-12-12T07:50:05","guid":{"rendered":"https:\/\/www.retaildetail.be\/food\/carrefour-belgique-ambitieux-sur-tous-les-fronts\/"},"modified":"2011-12-12T07:50:05","modified_gmt":"2011-12-12T07:50:05","slug":"carrefour-belgique-ambitieux-sur-tous-les-fronts","status":"publish","type":"post","link":"https:\/\/www.retaildetail.be\/fr\/news\/food\/carrefour-belgique-ambitieux-sur-tous-les-fronts\/","title":{"rendered":"Carrefour Belgique ambitieux sur tous les fronts"},"content":{"rendered":"<h2>Un timing serr\u00e9<\/h2>\n<p>Fin mai, nous vous annoncions d\u00e9j\u00e0 que Luc Demez, qui \u00e9tait \u00e0 l\u2019\u00e9poque directeur des RH de Carrefour Belgique, succ\u00e8derait \u00e0 Dominique Eeman au mois de novembre \u00e0 la t\u00eate des Carrefour Markets et des superettes Express. Demez (48 ans) est le dernier de la g\u00e9n\u00e9ration GIB encore pr\u00e9sent dans le comit\u00e9 de direction de Carrefour Belgium.<\/p>\n<p>\n\u201cL\u2019une de mes premi\u00e8res pr\u00e9occupations est d\u2019acc\u00e9l\u00e9rer la conversion des GB franchis\u00e9s en Carrefour Markets. L\u2019objectif est d\u2019achever toute cette op\u00e9ration d\u2019ici fin octobre 2012 \u00bb, d\u00e9clare-t-il au magazine Trends. Sachant\u00a0 qu\u2019environ la moiti\u00e9 des 315 magasins doit encore \u00eatre transform\u00e9e, le timing s\u2019av\u00e8re donc tr\u00e8s serr\u00e9.<\/p>\n<p>\nMais Demez arrive au bon moment, car \u00ab c\u2019est la premi\u00e8re fois, apr\u00e8s dix ann\u00e9es de\u00a0 parts de march\u00e9 en baisse et de r\u00e9sultats n\u00e9gatifs, que la tendance dans les 40 supermarch\u00e9s int\u00e9gr\u00e9s de Carrefour Belgium s\u2019est invers\u00e9e. Ils se sont stabilis\u00e9s ou parfois m\u00eame ont gagn\u00e9 en parts de march\u00e9 et ne sont plus dans le rouge.\u00a0 Les mesures visant \u00e0 r\u00e9duire les co\u00fbts g\u00e9n\u00e9raux et du personnel, ont port\u00e9 leurs fruits \u00bb.<\/p>\n<p>\nD\u2019autre part Demez souhaite \u00e9tendre le r\u00e9seau des magasins de proximit\u00e9 exploit\u00e9s par des ind\u00e9pendants. D\u2019ici la fin de l\u2019ann\u00e9e notre pays comptera 225 sup\u00e9rettes Express et malgr\u00e9 la crise il ambitionne d\u2019en ouvrir une trentaine chaque ann\u00e9e.<\/p>\n<h2>Huiti\u00e8me Carrefour Planet \u00e0 Berchem-Sainte-Agathe <\/h2>\n<p>Mais les aspirations de Carrefour ne se limitent pas aux supermarch\u00e9s et aux magasins de proximit\u00e9 : la m\u00e9tamorphose des hypermarch\u00e9s en Carrefour Planet progresse \u00e9galement \u00e0 grands pas. Il y a une semaine environ un Carrefour Planet ouvrait ses portes \u00e0 Schoten pr\u00e8s d\u2019Anvers\u00a0 et vendredi dernier c\u2019\u00e9tait le tour de Berchem-Sainte-Agathe (pr\u00e8s de Bruxelles).<\/p>\n<p>\nL\u2019am\u00e9nagement int\u00e9rieur des nouveaux\u00a0 Carrefour Planet est con\u00e7u selon le mod\u00e8le bien connu d\u00e8s \u00e0 pr\u00e9sent, avec un rayon halal et un point d\u2019enl\u00e8vement pour les acheteurs online. Le Carrefour Planet de Berchem-Sainte-Agathe est le huiti\u00e8me en Belgique et d\u00e9j\u00e0 le quatri\u00e8me \u00e0 Bruxelles. <\/p>\n<p>\u00a0<\/p>\n<p>\u00a0<\/p>\n<p><em>Traduit par Marie-No\u00eblle Masure<\/em><\/p>\n<p><\/p>\n","protected":false},"excerpt":{"rendered":"<p>Un timing serr\u00e9 Fin mai, nous vous annoncions d\u00e9j\u00e0 que Luc Demez, qui \u00e9tait \u00e0 l\u2019\u00e9poque directeur des RH de Carrefour Belgique, succ\u00e8derait \u00e0 Dominique Eeman au mois de novembre \u00e0 la t\u00eate des Carrefour Markets et des superettes Express. Demez (48 ans) est le dernier de la g\u00e9n\u00e9ration GIB encore pr\u00e9sent dans le comit\u00e9 [&hellip;]<\/p>\n","protected":false},"author":1,"featured_media":84,"comment_status":"closed","ping_status":"closed","sticky":false,"template":"","format":"standard","meta":{"_acf_changed":false,"inline_featured_image":false,"_jetpack_memberships_contains_paid_content":false,"footnotes":""},"categories":[24],"tags":[],"people":[],"extra":[],"company":[],"topic":[],"region":[],"class_list":["post-1117","post","type-post","status-publish","format-standard","has-post-thumbnail","hentry","category-food"],"acf":[],"yoast_head":"<!-- This site is optimized with the Yoast SEO plugin v27.3 - https:\/\/yoast.com\/product\/yoast-seo-wordpress\/ -->\n<title>Carrefour Belgique ambitieux sur tous les fronts - RetailDetail BE<\/title>\n<meta name=\"robots\" content=\"index, follow, max-snippet:-1, max-image-preview:large, max-video-preview:-1\" \/>\n<link rel=\"canonical\" href=\"https:\/\/www.retaildetail.be\/fr\/news\/food\/carrefour-belgique-ambitieux-sur-tous-les-fronts\/\" \/>\n<meta property=\"og:locale\" content=\"fr_FR\" \/>\n<meta property=\"og:type\" content=\"article\" \/>\n<meta property=\"og:title\" content=\"Carrefour Belgique ambitieux sur tous les fronts - RetailDetail BE\" \/>\n<meta property=\"og:description\" content=\"Un timing serr\u00e9 Fin mai, nous vous annoncions d\u00e9j\u00e0 que Luc Demez, qui \u00e9tait \u00e0 l\u2019\u00e9poque directeur des RH de Carrefour Belgique, succ\u00e8derait \u00e0 Dominique Eeman au mois de novembre \u00e0 la t\u00eate des Carrefour Markets et des superettes Express. Demez (48 ans) est le dernier de la g\u00e9n\u00e9ration GIB encore pr\u00e9sent dans le comit\u00e9 [&hellip;]\" \/>\n<meta property=\"og:url\" content=\"https:\/\/www.retaildetail.be\/fr\/news\/food\/carrefour-belgique-ambitieux-sur-tous-les-fronts\/\" \/>\n<meta property=\"og:site_name\" content=\"RetailDetail BE\" \/>\n<meta property=\"article:published_time\" content=\"2011-12-12T07:50:05+00:00\" \/>\n<meta property=\"og:image\" content=\"https:\/\/i0.wp.com\/www.retaildetail.be\/wp-content\/uploads\/2022\/04\/logo.png?fit=281%2C147&quality=100&strip=all&ssl=1\" \/>\n\t<meta property=\"og:image:width\" content=\"281\" \/>\n\t<meta property=\"og:image:height\" content=\"147\" \/>\n\t<meta property=\"og:image:type\" content=\"image\/png\" \/>\n<meta name=\"author\" content=\"dev@grandiz.com\" \/>\n<meta name=\"twitter:card\" content=\"summary_large_image\" \/>\n<meta name=\"twitter:label1\" content=\"\u00c9crit par\" \/>\n\t<meta name=\"twitter:data1\" content=\"dev@grandiz.com\" \/>\n\t<meta name=\"twitter:label2\" content=\"Dur\u00e9e de lecture estim\u00e9e\" \/>\n\t<meta name=\"twitter:data2\" content=\"2 minutes\" \/>\n<script type=\"application\/ld+json\" class=\"yoast-schema-graph\">{\"@context\":\"https:\\\/\\\/schema.org\",\"@graph\":[{\"@type\":\"NewsArticle\",\"@id\":\"https:\\\/\\\/www.retaildetail.be\\\/fr\\\/news\\\/food\\\/carrefour-belgique-ambitieux-sur-tous-les-fronts\\\/#article\",\"isPartOf\":{\"@id\":\"https:\\\/\\\/www.retaildetail.be\\\/fr\\\/news\\\/food\\\/carrefour-belgique-ambitieux-sur-tous-les-fronts\\\/\"},\"author\":{\"name\":\"dev@grandiz.com\",\"@id\":\"https:\\\/\\\/www.retaildetail.be\\\/nl\\\/#\\\/schema\\\/person\\\/ba2d383452a753a3a1ce8cdb349b5fc9\"},\"headline\":\"Carrefour Belgique ambitieux sur tous les fronts\",\"datePublished\":\"2011-12-12T07:50:05+00:00\",\"mainEntityOfPage\":{\"@id\":\"https:\\\/\\\/www.retaildetail.be\\\/fr\\\/news\\\/food\\\/carrefour-belgique-ambitieux-sur-tous-les-fronts\\\/\"},\"wordCount\":389,\"publisher\":{\"@id\":\"https:\\\/\\\/www.retaildetail.be\\\/nl\\\/#organization\"},\"image\":{\"@id\":\"https:\\\/\\\/www.retaildetail.be\\\/fr\\\/news\\\/food\\\/carrefour-belgique-ambitieux-sur-tous-les-fronts\\\/#primaryimage\"},\"thumbnailUrl\":\"https:\\\/\\\/www.retaildetail.be\\\/wp-content\\\/uploads\\\/2022\\\/04\\\/logo.png\",\"articleSection\":[\"Food\"],\"inLanguage\":\"fr-FR\",\"copyrightYear\":\"2011\",\"copyrightHolder\":{\"@id\":\"https:\\\/\\\/www.retaildetail.be\\\/#organization\"}},{\"@type\":\"WebPage\",\"@id\":\"https:\\\/\\\/www.retaildetail.be\\\/fr\\\/news\\\/food\\\/carrefour-belgique-ambitieux-sur-tous-les-fronts\\\/\",\"url\":\"https:\\\/\\\/www.retaildetail.be\\\/fr\\\/news\\\/food\\\/carrefour-belgique-ambitieux-sur-tous-les-fronts\\\/\",\"name\":\"Carrefour Belgique ambitieux sur tous les fronts - RetailDetail BE\",\"isPartOf\":{\"@id\":\"https:\\\/\\\/www.retaildetail.be\\\/nl\\\/#website\"},\"primaryImageOfPage\":{\"@id\":\"https:\\\/\\\/www.retaildetail.be\\\/fr\\\/news\\\/food\\\/carrefour-belgique-ambitieux-sur-tous-les-fronts\\\/#primaryimage\"},\"image\":{\"@id\":\"https:\\\/\\\/www.retaildetail.be\\\/fr\\\/news\\\/food\\\/carrefour-belgique-ambitieux-sur-tous-les-fronts\\\/#primaryimage\"},\"thumbnailUrl\":\"https:\\\/\\\/www.retaildetail.be\\\/wp-content\\\/uploads\\\/2022\\\/04\\\/logo.png\",\"datePublished\":\"2011-12-12T07:50:05+00:00\",\"breadcrumb\":{\"@id\":\"https:\\\/\\\/www.retaildetail.be\\\/fr\\\/news\\\/food\\\/carrefour-belgique-ambitieux-sur-tous-les-fronts\\\/#breadcrumb\"},\"inLanguage\":\"fr-FR\",\"potentialAction\":[{\"@type\":\"ReadAction\",\"target\":[\"https:\\\/\\\/www.retaildetail.be\\\/fr\\\/news\\\/food\\\/carrefour-belgique-ambitieux-sur-tous-les-fronts\\\/\"]}]},{\"@type\":\"ImageObject\",\"inLanguage\":\"fr-FR\",\"@id\":\"https:\\\/\\\/www.retaildetail.be\\\/fr\\\/news\\\/food\\\/carrefour-belgique-ambitieux-sur-tous-les-fronts\\\/#primaryimage\",\"url\":\"https:\\\/\\\/www.retaildetail.be\\\/wp-content\\\/uploads\\\/2022\\\/04\\\/logo.png\",\"contentUrl\":\"https:\\\/\\\/www.retaildetail.be\\\/wp-content\\\/uploads\\\/2022\\\/04\\\/logo.png\",\"width\":281,\"height\":147},{\"@type\":\"BreadcrumbList\",\"@id\":\"https:\\\/\\\/www.retaildetail.be\\\/fr\\\/news\\\/food\\\/carrefour-belgique-ambitieux-sur-tous-les-fronts\\\/#breadcrumb\",\"itemListElement\":[{\"@type\":\"ListItem\",\"position\":1,\"name\":\"Home\",\"item\":\"https:\\\/\\\/www.retaildetail.be\\\/fr\\\/\"},{\"@type\":\"ListItem\",\"position\":2,\"name\":\"Carrefour Belgique ambitieux sur tous les fronts\"}]},{\"@type\":\"WebSite\",\"@id\":\"https:\\\/\\\/www.retaildetail.be\\\/nl\\\/#website\",\"url\":\"https:\\\/\\\/www.retaildetail.be\\\/nl\\\/\",\"name\":\"RetailDetail BE\",\"description\":\"News\",\"publisher\":{\"@id\":\"https:\\\/\\\/www.retaildetail.be\\\/nl\\\/#organization\"},\"potentialAction\":[{\"@type\":\"SearchAction\",\"target\":{\"@type\":\"EntryPoint\",\"urlTemplate\":\"https:\\\/\\\/www.retaildetail.be\\\/nl\\\/?s={search_term_string}\"},\"query-input\":{\"@type\":\"PropertyValueSpecification\",\"valueRequired\":true,\"valueName\":\"search_term_string\"}}],\"inLanguage\":\"fr-FR\"},{\"@type\":\"Organization\",\"@id\":\"https:\\\/\\\/www.retaildetail.be\\\/nl\\\/#organization\",\"name\":\"RetailDetail BE\",\"url\":\"https:\\\/\\\/www.retaildetail.be\\\/nl\\\/\",\"logo\":{\"@type\":\"ImageObject\",\"inLanguage\":\"fr-FR\",\"@id\":\"https:\\\/\\\/www.retaildetail.be\\\/nl\\\/#\\\/schema\\\/logo\\\/image\\\/\",\"url\":\"https:\\\/\\\/www.retaildetail.be\\\/wp-content\\\/uploads\\\/2022\\\/04\\\/logo.svg\",\"contentUrl\":\"https:\\\/\\\/www.retaildetail.be\\\/wp-content\\\/uploads\\\/2022\\\/04\\\/logo.svg\",\"width\":131,\"height\":70,\"caption\":\"RetailDetail BE\"},\"image\":{\"@id\":\"https:\\\/\\\/www.retaildetail.be\\\/nl\\\/#\\\/schema\\\/logo\\\/image\\\/\"}},{\"@type\":\"Person\",\"@id\":\"https:\\\/\\\/www.retaildetail.be\\\/nl\\\/#\\\/schema\\\/person\\\/ba2d383452a753a3a1ce8cdb349b5fc9\",\"name\":\"dev@grandiz.com\",\"image\":{\"@type\":\"ImageObject\",\"inLanguage\":\"fr-FR\",\"@id\":\"https:\\\/\\\/secure.gravatar.com\\\/avatar\\\/5f53ce9fb6eed4a60e5aaaa712be8773880fa9459d9cac9bc4aa4fdbce3f447f?s=96&d=mm&r=g\",\"url\":\"https:\\\/\\\/secure.gravatar.com\\\/avatar\\\/5f53ce9fb6eed4a60e5aaaa712be8773880fa9459d9cac9bc4aa4fdbce3f447f?s=96&d=mm&r=g\",\"contentUrl\":\"https:\\\/\\\/secure.gravatar.com\\\/avatar\\\/5f53ce9fb6eed4a60e5aaaa712be8773880fa9459d9cac9bc4aa4fdbce3f447f?s=96&d=mm&r=g\",\"caption\":\"dev@grandiz.com\"},\"sameAs\":[\"http:\\\/\\\/preprod.retaildetail.be\"],\"url\":\"https:\\\/\\\/www.retaildetail.be\\\/fr\\\/author\\\/devgrandiz-com\\\/\"}]}<\/script>\n<!-- \/ Yoast SEO plugin. -->","yoast_head_json":{"title":"Carrefour Belgique ambitieux sur tous les fronts - RetailDetail BE","robots":{"index":"index","follow":"follow","max-snippet":"max-snippet:-1","max-image-preview":"max-image-preview:large","max-video-preview":"max-video-preview:-1"},"canonical":"https:\/\/www.retaildetail.be\/fr\/news\/food\/carrefour-belgique-ambitieux-sur-tous-les-fronts\/","og_locale":"fr_FR","og_type":"article","og_title":"Carrefour Belgique ambitieux sur tous les fronts - RetailDetail BE","og_description":"Un timing serr\u00e9 Fin mai, nous vous annoncions d\u00e9j\u00e0 que Luc Demez, qui \u00e9tait \u00e0 l\u2019\u00e9poque directeur des RH de Carrefour Belgique, succ\u00e8derait \u00e0 Dominique Eeman au mois de novembre \u00e0 la t\u00eate des Carrefour Markets et des superettes Express. Demez (48 ans) est le dernier de la g\u00e9n\u00e9ration GIB encore pr\u00e9sent dans le comit\u00e9 [&hellip;]","og_url":"https:\/\/www.retaildetail.be\/fr\/news\/food\/carrefour-belgique-ambitieux-sur-tous-les-fronts\/","og_site_name":"RetailDetail BE","article_published_time":"2011-12-12T07:50:05+00:00","og_image":[{"width":281,"height":147,"url":"https:\/\/i0.wp.com\/www.retaildetail.be\/wp-content\/uploads\/2022\/04\/logo.png?fit=281%2C147&quality=100&strip=all&ssl=1","type":"image\/png"}],"author":"dev@grandiz.com","twitter_card":"summary_large_image","twitter_misc":{"\u00c9crit par":"dev@grandiz.com","Dur\u00e9e de lecture estim\u00e9e":"2 minutes"},"schema":{"@context":"https:\/\/schema.org","@graph":[{"@type":"NewsArticle","@id":"https:\/\/www.retaildetail.be\/fr\/news\/food\/carrefour-belgique-ambitieux-sur-tous-les-fronts\/#article","isPartOf":{"@id":"https:\/\/www.retaildetail.be\/fr\/news\/food\/carrefour-belgique-ambitieux-sur-tous-les-fronts\/"},"author":{"name":"dev@grandiz.com","@id":"https:\/\/www.retaildetail.be\/nl\/#\/schema\/person\/ba2d383452a753a3a1ce8cdb349b5fc9"},"headline":"Carrefour Belgique ambitieux sur tous les fronts","datePublished":"2011-12-12T07:50:05+00:00","mainEntityOfPage":{"@id":"https:\/\/www.retaildetail.be\/fr\/news\/food\/carrefour-belgique-ambitieux-sur-tous-les-fronts\/"},"wordCount":389,"publisher":{"@id":"https:\/\/www.retaildetail.be\/nl\/#organization"},"image":{"@id":"https:\/\/www.retaildetail.be\/fr\/news\/food\/carrefour-belgique-ambitieux-sur-tous-les-fronts\/#primaryimage"},"thumbnailUrl":"https:\/\/www.retaildetail.be\/wp-content\/uploads\/2022\/04\/logo.png","articleSection":["Food"],"inLanguage":"fr-FR","copyrightYear":"2011","copyrightHolder":{"@id":"https:\/\/www.retaildetail.be\/#organization"}},{"@type":"WebPage","@id":"https:\/\/www.retaildetail.be\/fr\/news\/food\/carrefour-belgique-ambitieux-sur-tous-les-fronts\/","url":"https:\/\/www.retaildetail.be\/fr\/news\/food\/carrefour-belgique-ambitieux-sur-tous-les-fronts\/","name":"Carrefour Belgique ambitieux sur tous les fronts - RetailDetail BE","isPartOf":{"@id":"https:\/\/www.retaildetail.be\/nl\/#website"},"primaryImageOfPage":{"@id":"https:\/\/www.retaildetail.be\/fr\/news\/food\/carrefour-belgique-ambitieux-sur-tous-les-fronts\/#primaryimage"},"image":{"@id":"https:\/\/www.retaildetail.be\/fr\/news\/food\/carrefour-belgique-ambitieux-sur-tous-les-fronts\/#primaryimage"},"thumbnailUrl":"https:\/\/www.retaildetail.be\/wp-content\/uploads\/2022\/04\/logo.png","datePublished":"2011-12-12T07:50:05+00:00","breadcrumb":{"@id":"https:\/\/www.retaildetail.be\/fr\/news\/food\/carrefour-belgique-ambitieux-sur-tous-les-fronts\/#breadcrumb"},"inLanguage":"fr-FR","potentialAction":[{"@type":"ReadAction","target":["https:\/\/www.retaildetail.be\/fr\/news\/food\/carrefour-belgique-ambitieux-sur-tous-les-fronts\/"]}]},{"@type":"ImageObject","inLanguage":"fr-FR","@id":"https:\/\/www.retaildetail.be\/fr\/news\/food\/carrefour-belgique-ambitieux-sur-tous-les-fronts\/#primaryimage","url":"https:\/\/www.retaildetail.be\/wp-content\/uploads\/2022\/04\/logo.png","contentUrl":"https:\/\/www.retaildetail.be\/wp-content\/uploads\/2022\/04\/logo.png","width":281,"height":147},{"@type":"BreadcrumbList","@id":"https:\/\/www.retaildetail.be\/fr\/news\/food\/carrefour-belgique-ambitieux-sur-tous-les-fronts\/#breadcrumb","itemListElement":[{"@type":"ListItem","position":1,"name":"Home","item":"https:\/\/www.retaildetail.be\/fr\/"},{"@type":"ListItem","position":2,"name":"Carrefour Belgique ambitieux sur tous les fronts"}]},{"@type":"WebSite","@id":"https:\/\/www.retaildetail.be\/nl\/#website","url":"https:\/\/www.retaildetail.be\/nl\/","name":"RetailDetail BE","description":"News","publisher":{"@id":"https:\/\/www.retaildetail.be\/nl\/#organization"},"potentialAction":[{"@type":"SearchAction","target":{"@type":"EntryPoint","urlTemplate":"https:\/\/www.retaildetail.be\/nl\/?s={search_term_string}"},"query-input":{"@type":"PropertyValueSpecification","valueRequired":true,"valueName":"search_term_string"}}],"inLanguage":"fr-FR"},{"@type":"Organization","@id":"https:\/\/www.retaildetail.be\/nl\/#organization","name":"RetailDetail BE","url":"https:\/\/www.retaildetail.be\/nl\/","logo":{"@type":"ImageObject","inLanguage":"fr-FR","@id":"https:\/\/www.retaildetail.be\/nl\/#\/schema\/logo\/image\/","url":"https:\/\/www.retaildetail.be\/wp-content\/uploads\/2022\/04\/logo.svg","contentUrl":"https:\/\/www.retaildetail.be\/wp-content\/uploads\/2022\/04\/logo.svg","width":131,"height":70,"caption":"RetailDetail BE"},"image":{"@id":"https:\/\/www.retaildetail.be\/nl\/#\/schema\/logo\/image\/"}},{"@type":"Person","@id":"https:\/\/www.retaildetail.be\/nl\/#\/schema\/person\/ba2d383452a753a3a1ce8cdb349b5fc9","name":"dev@grandiz.com","image":{"@type":"ImageObject","inLanguage":"fr-FR","@id":"https:\/\/secure.gravatar.com\/avatar\/5f53ce9fb6eed4a60e5aaaa712be8773880fa9459d9cac9bc4aa4fdbce3f447f?s=96&d=mm&r=g","url":"https:\/\/secure.gravatar.com\/avatar\/5f53ce9fb6eed4a60e5aaaa712be8773880fa9459d9cac9bc4aa4fdbce3f447f?s=96&d=mm&r=g","contentUrl":"https:\/\/secure.gravatar.com\/avatar\/5f53ce9fb6eed4a60e5aaaa712be8773880fa9459d9cac9bc4aa4fdbce3f447f?s=96&d=mm&r=g","caption":"dev@grandiz.com"},"sameAs":["http:\/\/preprod.retaildetail.be"],"url":"https:\/\/www.retaildetail.be\/fr\/author\/devgrandiz-com\/"}]}},"jetpack_featured_media_url":"https:\/\/www.retaildetail.be\/wp-content\/uploads\/2022\/04\/logo.png","jetpack_sharing_enabled":true,"_links":{"self":[{"href":"https:\/\/www.retaildetail.be\/fr\/wp-json\/wp\/v2\/posts\/1117","targetHints":{"allow":["GET"]}}],"collection":[{"href":"https:\/\/www.retaildetail.be\/fr\/wp-json\/wp\/v2\/posts"}],"about":[{"href":"https:\/\/www.retaildetail.be\/fr\/wp-json\/wp\/v2\/types\/post"}],"author":[{"embeddable":true,"href":"https:\/\/www.retaildetail.be\/fr\/wp-json\/wp\/v2\/users\/1"}],"replies":[{"embeddable":true,"href":"https:\/\/www.retaildetail.be\/fr\/wp-json\/wp\/v2\/comments?post=1117"}],"version-history":[{"count":0,"href":"https:\/\/www.retaildetail.be\/fr\/wp-json\/wp\/v2\/posts\/1117\/revisions"}],"wp:featuredmedia":[{"embeddable":true,"href":"https:\/\/www.retaildetail.be\/fr\/wp-json\/wp\/v2\/media\/84"}],"wp:attachment":[{"href":"https:\/\/www.retaildetail.be\/fr\/wp-json\/wp\/v2\/media?parent=1117"}],"wp:term":[{"taxonomy":"category","embeddable":true,"href":"https:\/\/www.retaildetail.be\/fr\/wp-json\/wp\/v2\/categories?post=1117"},{"taxonomy":"post_tag","embeddable":true,"href":"https:\/\/www.retaildetail.be\/fr\/wp-json\/wp\/v2\/tags?post=1117"},{"taxonomy":"people","embeddable":true,"href":"https:\/\/www.retaildetail.be\/fr\/wp-json\/wp\/v2\/people?post=1117"},{"taxonomy":"extra","embeddable":true,"href":"https:\/\/www.retaildetail.be\/fr\/wp-json\/wp\/v2\/extra?post=1117"},{"taxonomy":"company","embeddable":true,"href":"https:\/\/www.retaildetail.be\/fr\/wp-json\/wp\/v2\/company?post=1117"},{"taxonomy":"topic","embeddable":true,"href":"https:\/\/www.retaildetail.be\/fr\/wp-json\/wp\/v2\/topic?post=1117"},{"taxonomy":"region","embeddable":true,"href":"https:\/\/www.retaildetail.be\/fr\/wp-json\/wp\/v2\/region?post=1117"}],"curies":[{"name":"wp","href":"https:\/\/api.w.org\/{rel}","templated":true}]}}