{"id":111970,"date":"2025-01-27T11:54:14","date_gmt":"2025-01-27T10:54:14","guid":{"rendered":"https:\/\/www.retaildetail.be\/?p=111970"},"modified":"2025-01-27T11:54:16","modified_gmt":"2025-01-27T10:54:16","slug":"lancien-proprietaire-de-galeria-rene-benko-reste-en-detention","status":"publish","type":"post","link":"https:\/\/www.retaildetail.be\/fr\/news\/general\/lancien-proprietaire-de-galeria-rene-benko-reste-en-detention\/","title":{"rendered":"L&rsquo;ancien propri\u00e9taire de Galeria, Ren\u00e9 Benko, reste en d\u00e9tention"},"content":{"rendered":"\n<p>Ren\u00e9 Benko, l&rsquo;ancien propri\u00e9taire des cha\u00eenes de grands magasins <strong>Galeria<\/strong>, <strong>Inno <\/strong>et <strong>Bijenkorf<\/strong>, reste pour l&rsquo;instant en d\u00e9tention. Il est soup\u00e7onn\u00e9 de d\u00e9tournement de fonds et doit rester en prison car le risque de r\u00e9cidive est trop \u00e9lev\u00e9.<\/p>\n\n\n\n<h2 class=\"wp-block-heading\">D\u00e9tournement de moyens et d&rsquo;investissements<\/h2>\n\n\n\n<p>Le promoteur immobilier autrichien est le fondateur du groupe en faillite <strong>Signa <\/strong>(la soci\u00e9t\u00e9 holding qui chapeautait Galeria, <strong>Selfridges<\/strong>, Inno et Bijenkorf, entre autres, jusqu&rsquo;\u00e0 la fin de 2023) et est accus\u00e9 d&rsquo;avoir dissimul\u00e9 des actifs \u00e0 ses cr\u00e9anciers et aux autorit\u00e9s. Benko aurait dissimul\u00e9 des actifs par l&rsquo;interm\u00e9diaire d&rsquo;une fondation du nom de sa fille Laura, apr\u00e8s <a href=\"https:\/\/www.retaildetail.be\/fr\/news\/general\/rene-benko-proprietaire-de-galeria-reclame-sa-propre-insolvabilite\/\">s&rsquo;\u00eatre d\u00e9clar\u00e9 personnellement en faillite<\/a> en raison de dettes croissantes aupr\u00e8s des autorit\u00e9s fiscales autrichiennes, entre autres.<\/p>\n\n\n\n<p>Malgr\u00e9 sa faillite, Benko a continu\u00e9 \u00e0 faire parler de lui en raison de son mode de vie luxueux. La police a \u00e9cout\u00e9 l&rsquo;homme d&rsquo;affaires pendant des mois et a suivi sa messagerie. Les procureurs affirment qu&rsquo;il a demand\u00e9 \u00e0 tort l&rsquo;aide financi\u00e8re en p\u00e9riode du Covid pour un chalet \u00e0 Lech, mais l&rsquo;enqu\u00eate se concentre \u00e9galement sur la situation financi\u00e8re de Signa, o\u00f9 Benko aurait dup\u00e9 les cr\u00e9anciers par le biais de structures opaques.<\/p>\n\n\n\n<p>\u00c0 la fin de l&rsquo;ann\u00e9e 2023, <a href=\"https:\/\/www.retaildetail.be\/fr\/news\/general\/signa-societe-mere-de-galeria-et-inno-lance-une-procedure-dinsolvabilite\/\">le rideau est tomb\u00e9 sur Signa<\/a>, plongeant plusieurs filiales dans la tourmente. Galeria s&rsquo;est effondr\u00e9e mais a red\u00e9marr\u00e9 avec succ\u00e8s. Selfridges et Bijenkorf ont d\u00fb trouver <a href=\"https:\/\/www.retaildetail.be\/fr\/news\/mode\/le-bijenkorf-passe-entierement-aux-mains-des-thailandais\/\">refuge aupr\u00e8s de leur coactionnaire tha\u00eflandais<\/a>, tandis qu&rsquo;Inno a fait l&rsquo;objet d&rsquo;une proc\u00e9dure de vente ind\u00e9pendante. Toutefois, la chute a entra\u00een\u00e9 de lourdes pertes pour les investisseurs, qui exigent d\u00e9sormais que Benko rembourse au moins 2,4 milliards d&rsquo;euros.<\/p>\n","protected":false},"excerpt":{"rendered":"<p>Ren\u00e9 Benko, l&rsquo;ancien propri\u00e9taire des cha\u00eenes de grands magasins Galeria, Inno et Bijenkorf, reste pour l&rsquo;instant en d\u00e9tention. Il est soup\u00e7onn\u00e9 de d\u00e9tournement de fonds et doit rester en prison car le risque de r\u00e9cidive est trop \u00e9lev\u00e9.<\/p>\n","protected":false},"author":5,"featured_media":107538,"comment_status":"closed","ping_status":"closed","sticky":false,"template":"","format":"standard","meta":{"_acf_changed":false,"inline_featured_image":false,"_jetpack_memberships_contains_paid_content":false,"footnotes":""},"categories":[25],"tags":[],"people":[],"extra":[],"company":[],"topic":[702,756],"region":[],"class_list":["post-111970","post","type-post","status-publish","format-standard","has-post-thumbnail","hentry","category-general","topic-fraude","topic-litige"],"acf":[],"yoast_head":"<!-- This site is optimized with the Yoast SEO plugin v27.3 - https:\/\/yoast.com\/product\/yoast-seo-wordpress\/ -->\n<title>L&#039;ancien propri\u00e9taire de Galeria, Ren\u00e9 Benko, reste en d\u00e9tention - RetailDetail BE<\/title>\n<meta name=\"description\" content=\"Ren\u00e9 Benko reste en d\u00e9tention. Il est soup\u00e7onn\u00e9 de d\u00e9tournement de fonds et doit rester en prison car le risque de r\u00e9cidive est trop \u00e9lev\u00e9.\" \/>\n<meta name=\"robots\" content=\"index, follow, max-snippet:-1, max-image-preview:large, max-video-preview:-1\" \/>\n<link rel=\"canonical\" href=\"https:\/\/www.retaildetail.be\/fr\/news\/general\/lancien-proprietaire-de-galeria-rene-benko-reste-en-detention\/\" \/>\n<meta property=\"og:locale\" content=\"fr_FR\" \/>\n<meta property=\"og:type\" content=\"article\" \/>\n<meta property=\"og:title\" content=\"L&#039;ancien propri\u00e9taire de Galeria, Ren\u00e9 Benko, reste en d\u00e9tention - RetailDetail BE\" \/>\n<meta property=\"og:description\" content=\"Ren\u00e9 Benko reste en d\u00e9tention. Il est soup\u00e7onn\u00e9 de d\u00e9tournement de fonds et doit rester en prison car le risque de r\u00e9cidive est trop \u00e9lev\u00e9.\" \/>\n<meta property=\"og:url\" content=\"https:\/\/www.retaildetail.be\/fr\/news\/general\/lancien-proprietaire-de-galeria-rene-benko-reste-en-detention\/\" \/>\n<meta property=\"og:site_name\" content=\"RetailDetail BE\" \/>\n<meta property=\"article:published_time\" content=\"2025-01-27T10:54:14+00:00\" \/>\n<meta property=\"article:modified_time\" content=\"2025-01-27T10:54:16+00:00\" \/>\n<meta property=\"og:image\" content=\"https:\/\/www.retaildetail.be\/wp-content\/uploads\/2024\/11\/shutterstock_2458135599.jpg\" \/>\n\t<meta property=\"og:image:width\" content=\"1000\" \/>\n\t<meta property=\"og:image:height\" content=\"665\" \/>\n\t<meta property=\"og:image:type\" content=\"image\/jpeg\" \/>\n<meta name=\"author\" content=\"Pauline Neerman\" \/>\n<meta name=\"twitter:card\" content=\"summary_large_image\" \/>\n<meta name=\"twitter:label1\" content=\"\u00c9crit par\" \/>\n\t<meta name=\"twitter:data1\" content=\"Pauline Neerman\" \/>\n\t<meta name=\"twitter:label2\" content=\"Dur\u00e9e de lecture estim\u00e9e\" \/>\n\t<meta name=\"twitter:data2\" content=\"1 minute\" \/>\n<script type=\"application\/ld+json\" class=\"yoast-schema-graph\">{\"@context\":\"https:\\\/\\\/schema.org\",\"@graph\":[{\"@type\":\"NewsArticle\",\"@id\":\"https:\\\/\\\/www.retaildetail.be\\\/fr\\\/news\\\/general\\\/lancien-proprietaire-de-galeria-rene-benko-reste-en-detention\\\/#article\",\"isPartOf\":{\"@id\":\"https:\\\/\\\/www.retaildetail.be\\\/fr\\\/news\\\/general\\\/lancien-proprietaire-de-galeria-rene-benko-reste-en-detention\\\/\"},\"author\":{\"name\":\"Pauline Neerman\",\"@id\":\"https:\\\/\\\/www.retaildetail.be\\\/nl\\\/#\\\/schema\\\/person\\\/66b54803fa10759039079458ea89e307\"},\"headline\":\"L&rsquo;ancien propri\u00e9taire de Galeria, Ren\u00e9 Benko, reste en d\u00e9tention\",\"datePublished\":\"2025-01-27T10:54:14+00:00\",\"dateModified\":\"2025-01-27T10:54:16+00:00\",\"mainEntityOfPage\":{\"@id\":\"https:\\\/\\\/www.retaildetail.be\\\/fr\\\/news\\\/general\\\/lancien-proprietaire-de-galeria-rene-benko-reste-en-detention\\\/\"},\"wordCount\":315,\"publisher\":{\"@id\":\"https:\\\/\\\/www.retaildetail.be\\\/nl\\\/#organization\"},\"image\":{\"@id\":\"https:\\\/\\\/www.retaildetail.be\\\/fr\\\/news\\\/general\\\/lancien-proprietaire-de-galeria-rene-benko-reste-en-detention\\\/#primaryimage\"},\"thumbnailUrl\":\"https:\\\/\\\/www.retaildetail.be\\\/wp-content\\\/uploads\\\/2024\\\/11\\\/shutterstock_2458135599.jpg\",\"articleSection\":[\"G\u00e9n\u00e9ral\"],\"inLanguage\":\"fr-FR\",\"copyrightYear\":\"2025\",\"copyrightHolder\":{\"@id\":\"https:\\\/\\\/www.retaildetail.be\\\/#organization\"}},{\"@type\":\"WebPage\",\"@id\":\"https:\\\/\\\/www.retaildetail.be\\\/fr\\\/news\\\/general\\\/lancien-proprietaire-de-galeria-rene-benko-reste-en-detention\\\/\",\"url\":\"https:\\\/\\\/www.retaildetail.be\\\/fr\\\/news\\\/general\\\/lancien-proprietaire-de-galeria-rene-benko-reste-en-detention\\\/\",\"name\":\"L'ancien propri\u00e9taire de Galeria, Ren\u00e9 Benko, reste en d\u00e9tention - RetailDetail BE\",\"isPartOf\":{\"@id\":\"https:\\\/\\\/www.retaildetail.be\\\/nl\\\/#website\"},\"primaryImageOfPage\":{\"@id\":\"https:\\\/\\\/www.retaildetail.be\\\/fr\\\/news\\\/general\\\/lancien-proprietaire-de-galeria-rene-benko-reste-en-detention\\\/#primaryimage\"},\"image\":{\"@id\":\"https:\\\/\\\/www.retaildetail.be\\\/fr\\\/news\\\/general\\\/lancien-proprietaire-de-galeria-rene-benko-reste-en-detention\\\/#primaryimage\"},\"thumbnailUrl\":\"https:\\\/\\\/www.retaildetail.be\\\/wp-content\\\/uploads\\\/2024\\\/11\\\/shutterstock_2458135599.jpg\",\"datePublished\":\"2025-01-27T10:54:14+00:00\",\"dateModified\":\"2025-01-27T10:54:16+00:00\",\"description\":\"Ren\u00e9 Benko reste en d\u00e9tention. Il est soup\u00e7onn\u00e9 de d\u00e9tournement de fonds et doit rester en prison car le risque de r\u00e9cidive est trop \u00e9lev\u00e9.\",\"breadcrumb\":{\"@id\":\"https:\\\/\\\/www.retaildetail.be\\\/fr\\\/news\\\/general\\\/lancien-proprietaire-de-galeria-rene-benko-reste-en-detention\\\/#breadcrumb\"},\"inLanguage\":\"fr-FR\",\"potentialAction\":[{\"@type\":\"ReadAction\",\"target\":[\"https:\\\/\\\/www.retaildetail.be\\\/fr\\\/news\\\/general\\\/lancien-proprietaire-de-galeria-rene-benko-reste-en-detention\\\/\"]}]},{\"@type\":\"ImageObject\",\"inLanguage\":\"fr-FR\",\"@id\":\"https:\\\/\\\/www.retaildetail.be\\\/fr\\\/news\\\/general\\\/lancien-proprietaire-de-galeria-rene-benko-reste-en-detention\\\/#primaryimage\",\"url\":\"https:\\\/\\\/www.retaildetail.be\\\/wp-content\\\/uploads\\\/2024\\\/11\\\/shutterstock_2458135599.jpg\",\"contentUrl\":\"https:\\\/\\\/www.retaildetail.be\\\/wp-content\\\/uploads\\\/2024\\\/11\\\/shutterstock_2458135599.jpg\",\"width\":1000,\"height\":665,\"caption\":\"Shutterstock.com\"},{\"@type\":\"BreadcrumbList\",\"@id\":\"https:\\\/\\\/www.retaildetail.be\\\/fr\\\/news\\\/general\\\/lancien-proprietaire-de-galeria-rene-benko-reste-en-detention\\\/#breadcrumb\",\"itemListElement\":[{\"@type\":\"ListItem\",\"position\":1,\"name\":\"Home\",\"item\":\"https:\\\/\\\/www.retaildetail.be\\\/fr\\\/\"},{\"@type\":\"ListItem\",\"position\":2,\"name\":\"L&#8217;ancien propri\u00e9taire de Galeria, Ren\u00e9 Benko, reste en d\u00e9tention\"}]},{\"@type\":\"WebSite\",\"@id\":\"https:\\\/\\\/www.retaildetail.be\\\/nl\\\/#website\",\"url\":\"https:\\\/\\\/www.retaildetail.be\\\/nl\\\/\",\"name\":\"RetailDetail BE\",\"description\":\"News\",\"publisher\":{\"@id\":\"https:\\\/\\\/www.retaildetail.be\\\/nl\\\/#organization\"},\"potentialAction\":[{\"@type\":\"SearchAction\",\"target\":{\"@type\":\"EntryPoint\",\"urlTemplate\":\"https:\\\/\\\/www.retaildetail.be\\\/nl\\\/?s={search_term_string}\"},\"query-input\":{\"@type\":\"PropertyValueSpecification\",\"valueRequired\":true,\"valueName\":\"search_term_string\"}}],\"inLanguage\":\"fr-FR\"},{\"@type\":\"Organization\",\"@id\":\"https:\\\/\\\/www.retaildetail.be\\\/nl\\\/#organization\",\"name\":\"RetailDetail BE\",\"url\":\"https:\\\/\\\/www.retaildetail.be\\\/nl\\\/\",\"logo\":{\"@type\":\"ImageObject\",\"inLanguage\":\"fr-FR\",\"@id\":\"https:\\\/\\\/www.retaildetail.be\\\/nl\\\/#\\\/schema\\\/logo\\\/image\\\/\",\"url\":\"https:\\\/\\\/www.retaildetail.be\\\/wp-content\\\/uploads\\\/2022\\\/04\\\/logo.svg\",\"contentUrl\":\"https:\\\/\\\/www.retaildetail.be\\\/wp-content\\\/uploads\\\/2022\\\/04\\\/logo.svg\",\"width\":131,\"height\":70,\"caption\":\"RetailDetail BE\"},\"image\":{\"@id\":\"https:\\\/\\\/www.retaildetail.be\\\/nl\\\/#\\\/schema\\\/logo\\\/image\\\/\"}},{\"@type\":\"Person\",\"@id\":\"https:\\\/\\\/www.retaildetail.be\\\/nl\\\/#\\\/schema\\\/person\\\/66b54803fa10759039079458ea89e307\",\"name\":\"Pauline Neerman\",\"image\":{\"@type\":\"ImageObject\",\"inLanguage\":\"fr-FR\",\"@id\":\"https:\\\/\\\/secure.gravatar.com\\\/avatar\\\/58db22aee589a691f9603e5765ac06010427a923f9b2728b951eb7fe27214d70?s=96&d=mm&r=g\",\"url\":\"https:\\\/\\\/secure.gravatar.com\\\/avatar\\\/58db22aee589a691f9603e5765ac06010427a923f9b2728b951eb7fe27214d70?s=96&d=mm&r=g\",\"contentUrl\":\"https:\\\/\\\/secure.gravatar.com\\\/avatar\\\/58db22aee589a691f9603e5765ac06010427a923f9b2728b951eb7fe27214d70?s=96&d=mm&r=g\",\"caption\":\"Pauline Neerman\"},\"url\":\"https:\\\/\\\/www.retaildetail.be\\\/fr\\\/author\\\/paulineneerman\\\/\"}]}<\/script>\n<!-- \/ Yoast SEO plugin. -->","yoast_head_json":{"title":"L'ancien propri\u00e9taire de Galeria, Ren\u00e9 Benko, reste en d\u00e9tention - RetailDetail BE","description":"Ren\u00e9 Benko reste en d\u00e9tention. Il est soup\u00e7onn\u00e9 de d\u00e9tournement de fonds et doit rester en prison car le risque de r\u00e9cidive est trop \u00e9lev\u00e9.","robots":{"index":"index","follow":"follow","max-snippet":"max-snippet:-1","max-image-preview":"max-image-preview:large","max-video-preview":"max-video-preview:-1"},"canonical":"https:\/\/www.retaildetail.be\/fr\/news\/general\/lancien-proprietaire-de-galeria-rene-benko-reste-en-detention\/","og_locale":"fr_FR","og_type":"article","og_title":"L'ancien propri\u00e9taire de Galeria, Ren\u00e9 Benko, reste en d\u00e9tention - RetailDetail BE","og_description":"Ren\u00e9 Benko reste en d\u00e9tention. Il est soup\u00e7onn\u00e9 de d\u00e9tournement de fonds et doit rester en prison car le risque de r\u00e9cidive est trop \u00e9lev\u00e9.","og_url":"https:\/\/www.retaildetail.be\/fr\/news\/general\/lancien-proprietaire-de-galeria-rene-benko-reste-en-detention\/","og_site_name":"RetailDetail BE","article_published_time":"2025-01-27T10:54:14+00:00","article_modified_time":"2025-01-27T10:54:16+00:00","og_image":[{"width":1000,"height":665,"url":"https:\/\/www.retaildetail.be\/wp-content\/uploads\/2024\/11\/shutterstock_2458135599.jpg","type":"image\/jpeg"}],"author":"Pauline Neerman","twitter_card":"summary_large_image","twitter_misc":{"\u00c9crit par":"Pauline Neerman","Dur\u00e9e de lecture estim\u00e9e":"1 minute"},"schema":{"@context":"https:\/\/schema.org","@graph":[{"@type":"NewsArticle","@id":"https:\/\/www.retaildetail.be\/fr\/news\/general\/lancien-proprietaire-de-galeria-rene-benko-reste-en-detention\/#article","isPartOf":{"@id":"https:\/\/www.retaildetail.be\/fr\/news\/general\/lancien-proprietaire-de-galeria-rene-benko-reste-en-detention\/"},"author":{"name":"Pauline Neerman","@id":"https:\/\/www.retaildetail.be\/nl\/#\/schema\/person\/66b54803fa10759039079458ea89e307"},"headline":"L&rsquo;ancien propri\u00e9taire de Galeria, Ren\u00e9 Benko, reste en d\u00e9tention","datePublished":"2025-01-27T10:54:14+00:00","dateModified":"2025-01-27T10:54:16+00:00","mainEntityOfPage":{"@id":"https:\/\/www.retaildetail.be\/fr\/news\/general\/lancien-proprietaire-de-galeria-rene-benko-reste-en-detention\/"},"wordCount":315,"publisher":{"@id":"https:\/\/www.retaildetail.be\/nl\/#organization"},"image":{"@id":"https:\/\/www.retaildetail.be\/fr\/news\/general\/lancien-proprietaire-de-galeria-rene-benko-reste-en-detention\/#primaryimage"},"thumbnailUrl":"https:\/\/www.retaildetail.be\/wp-content\/uploads\/2024\/11\/shutterstock_2458135599.jpg","articleSection":["G\u00e9n\u00e9ral"],"inLanguage":"fr-FR","copyrightYear":"2025","copyrightHolder":{"@id":"https:\/\/www.retaildetail.be\/#organization"}},{"@type":"WebPage","@id":"https:\/\/www.retaildetail.be\/fr\/news\/general\/lancien-proprietaire-de-galeria-rene-benko-reste-en-detention\/","url":"https:\/\/www.retaildetail.be\/fr\/news\/general\/lancien-proprietaire-de-galeria-rene-benko-reste-en-detention\/","name":"L'ancien propri\u00e9taire de Galeria, Ren\u00e9 Benko, reste en d\u00e9tention - RetailDetail BE","isPartOf":{"@id":"https:\/\/www.retaildetail.be\/nl\/#website"},"primaryImageOfPage":{"@id":"https:\/\/www.retaildetail.be\/fr\/news\/general\/lancien-proprietaire-de-galeria-rene-benko-reste-en-detention\/#primaryimage"},"image":{"@id":"https:\/\/www.retaildetail.be\/fr\/news\/general\/lancien-proprietaire-de-galeria-rene-benko-reste-en-detention\/#primaryimage"},"thumbnailUrl":"https:\/\/www.retaildetail.be\/wp-content\/uploads\/2024\/11\/shutterstock_2458135599.jpg","datePublished":"2025-01-27T10:54:14+00:00","dateModified":"2025-01-27T10:54:16+00:00","description":"Ren\u00e9 Benko reste en d\u00e9tention. Il est soup\u00e7onn\u00e9 de d\u00e9tournement de fonds et doit rester en prison car le risque de r\u00e9cidive est trop \u00e9lev\u00e9.","breadcrumb":{"@id":"https:\/\/www.retaildetail.be\/fr\/news\/general\/lancien-proprietaire-de-galeria-rene-benko-reste-en-detention\/#breadcrumb"},"inLanguage":"fr-FR","potentialAction":[{"@type":"ReadAction","target":["https:\/\/www.retaildetail.be\/fr\/news\/general\/lancien-proprietaire-de-galeria-rene-benko-reste-en-detention\/"]}]},{"@type":"ImageObject","inLanguage":"fr-FR","@id":"https:\/\/www.retaildetail.be\/fr\/news\/general\/lancien-proprietaire-de-galeria-rene-benko-reste-en-detention\/#primaryimage","url":"https:\/\/www.retaildetail.be\/wp-content\/uploads\/2024\/11\/shutterstock_2458135599.jpg","contentUrl":"https:\/\/www.retaildetail.be\/wp-content\/uploads\/2024\/11\/shutterstock_2458135599.jpg","width":1000,"height":665,"caption":"Shutterstock.com"},{"@type":"BreadcrumbList","@id":"https:\/\/www.retaildetail.be\/fr\/news\/general\/lancien-proprietaire-de-galeria-rene-benko-reste-en-detention\/#breadcrumb","itemListElement":[{"@type":"ListItem","position":1,"name":"Home","item":"https:\/\/www.retaildetail.be\/fr\/"},{"@type":"ListItem","position":2,"name":"L&#8217;ancien propri\u00e9taire de Galeria, Ren\u00e9 Benko, reste en d\u00e9tention"}]},{"@type":"WebSite","@id":"https:\/\/www.retaildetail.be\/nl\/#website","url":"https:\/\/www.retaildetail.be\/nl\/","name":"RetailDetail BE","description":"News","publisher":{"@id":"https:\/\/www.retaildetail.be\/nl\/#organization"},"potentialAction":[{"@type":"SearchAction","target":{"@type":"EntryPoint","urlTemplate":"https:\/\/www.retaildetail.be\/nl\/?s={search_term_string}"},"query-input":{"@type":"PropertyValueSpecification","valueRequired":true,"valueName":"search_term_string"}}],"inLanguage":"fr-FR"},{"@type":"Organization","@id":"https:\/\/www.retaildetail.be\/nl\/#organization","name":"RetailDetail BE","url":"https:\/\/www.retaildetail.be\/nl\/","logo":{"@type":"ImageObject","inLanguage":"fr-FR","@id":"https:\/\/www.retaildetail.be\/nl\/#\/schema\/logo\/image\/","url":"https:\/\/www.retaildetail.be\/wp-content\/uploads\/2022\/04\/logo.svg","contentUrl":"https:\/\/www.retaildetail.be\/wp-content\/uploads\/2022\/04\/logo.svg","width":131,"height":70,"caption":"RetailDetail BE"},"image":{"@id":"https:\/\/www.retaildetail.be\/nl\/#\/schema\/logo\/image\/"}},{"@type":"Person","@id":"https:\/\/www.retaildetail.be\/nl\/#\/schema\/person\/66b54803fa10759039079458ea89e307","name":"Pauline Neerman","image":{"@type":"ImageObject","inLanguage":"fr-FR","@id":"https:\/\/secure.gravatar.com\/avatar\/58db22aee589a691f9603e5765ac06010427a923f9b2728b951eb7fe27214d70?s=96&d=mm&r=g","url":"https:\/\/secure.gravatar.com\/avatar\/58db22aee589a691f9603e5765ac06010427a923f9b2728b951eb7fe27214d70?s=96&d=mm&r=g","contentUrl":"https:\/\/secure.gravatar.com\/avatar\/58db22aee589a691f9603e5765ac06010427a923f9b2728b951eb7fe27214d70?s=96&d=mm&r=g","caption":"Pauline Neerman"},"url":"https:\/\/www.retaildetail.be\/fr\/author\/paulineneerman\/"}]}},"jetpack_featured_media_url":"https:\/\/www.retaildetail.be\/wp-content\/uploads\/2024\/11\/shutterstock_2458135599.jpg","jetpack_sharing_enabled":true,"_links":{"self":[{"href":"https:\/\/www.retaildetail.be\/fr\/wp-json\/wp\/v2\/posts\/111970","targetHints":{"allow":["GET"]}}],"collection":[{"href":"https:\/\/www.retaildetail.be\/fr\/wp-json\/wp\/v2\/posts"}],"about":[{"href":"https:\/\/www.retaildetail.be\/fr\/wp-json\/wp\/v2\/types\/post"}],"author":[{"embeddable":true,"href":"https:\/\/www.retaildetail.be\/fr\/wp-json\/wp\/v2\/users\/5"}],"replies":[{"embeddable":true,"href":"https:\/\/www.retaildetail.be\/fr\/wp-json\/wp\/v2\/comments?post=111970"}],"version-history":[{"count":1,"href":"https:\/\/www.retaildetail.be\/fr\/wp-json\/wp\/v2\/posts\/111970\/revisions"}],"predecessor-version":[{"id":111971,"href":"https:\/\/www.retaildetail.be\/fr\/wp-json\/wp\/v2\/posts\/111970\/revisions\/111971"}],"wp:featuredmedia":[{"embeddable":true,"href":"https:\/\/www.retaildetail.be\/fr\/wp-json\/wp\/v2\/media\/107538"}],"wp:attachment":[{"href":"https:\/\/www.retaildetail.be\/fr\/wp-json\/wp\/v2\/media?parent=111970"}],"wp:term":[{"taxonomy":"category","embeddable":true,"href":"https:\/\/www.retaildetail.be\/fr\/wp-json\/wp\/v2\/categories?post=111970"},{"taxonomy":"post_tag","embeddable":true,"href":"https:\/\/www.retaildetail.be\/fr\/wp-json\/wp\/v2\/tags?post=111970"},{"taxonomy":"people","embeddable":true,"href":"https:\/\/www.retaildetail.be\/fr\/wp-json\/wp\/v2\/people?post=111970"},{"taxonomy":"extra","embeddable":true,"href":"https:\/\/www.retaildetail.be\/fr\/wp-json\/wp\/v2\/extra?post=111970"},{"taxonomy":"company","embeddable":true,"href":"https:\/\/www.retaildetail.be\/fr\/wp-json\/wp\/v2\/company?post=111970"},{"taxonomy":"topic","embeddable":true,"href":"https:\/\/www.retaildetail.be\/fr\/wp-json\/wp\/v2\/topic?post=111970"},{"taxonomy":"region","embeddable":true,"href":"https:\/\/www.retaildetail.be\/fr\/wp-json\/wp\/v2\/region?post=111970"}],"curies":[{"name":"wp","href":"https:\/\/api.w.org\/{rel}","templated":true}]}}