{"id":1131,"date":"2011-12-15T09:17:24","date_gmt":"2011-12-15T09:17:24","guid":{"rendered":"https:\/\/www.retaildetail.be\/food\/bicky-crisp-vainqueur-du-concours-cree-ton-gout-de-lays\/"},"modified":"2011-12-15T09:17:24","modified_gmt":"2011-12-15T09:17:24","slug":"bicky-crisp-vainqueur-du-concours-cree-ton-gout-de-lays","status":"publish","type":"post","link":"https:\/\/www.retaildetail.be\/fr\/news\/food\/bicky-crisp-vainqueur-du-concours-cree-ton-gout-de-lays\/","title":{"rendered":"\u00ab Bicky Crisp \u00bb vainqueur du concours \u00ab Cr\u00e9e ton go\u00fbt \u00bb de Lay\u2019s"},"content":{"rendered":"<h2>25.000 euros et 1% des ventes <\/h2>\n<p>Cette victoire a valu \u00e0 la laur\u00e9ate un prix de 25.000 euros, ainsi qu\u2019 1% sur le chiffre de ventes de \u2018ses\u2019 chips durant l\u2019ann\u00e9e 2012.\u00a0 Pour sa deuxi\u00e8me place m\u00e9ritoire Karin Luyckx s\u2019est vu remettre un ch\u00e8que de 5.000 euros, mais son go\u00fbt ne sera pas commercialis\u00e9.<\/p>\n<p>\nD\u00e9but de cette ann\u00e9e Lay\u2019s a lanc\u00e9 son concours \u00ab Cr\u00e9e ton go\u00fbt \u00bb en Belgique, invitant tous les Belges \u00e0 imaginer sa propre saveur de chips. Parmi quelques 250.000 propositions, un jury \u2013 pr\u00e9sid\u00e9 par les c\u00e9l\u00e8bres chefs cuisiniers Lionel Rigolet et Wout Bru \u2013 a choisi deux finalistes.<\/p>\n<h2>Crowdsourcing <\/h2>\n<p>Pour le deuxi\u00e8me tour le consommateur a \u00e9t\u00e9 \u00e0 nouveau sollicit\u00e9. De d\u00e9but octobre \u00e0 fin novembre les chips Lay\u2019s Bicky Crisp et Indian Curry Style ont \u00e9t\u00e9 produits et vendus, afin de permettre au client durant huit semaines de choisir son go\u00fbt favori, en votant via le site web de Lay\u2019s, mais \u00e9galement via SMS et les r\u00e9seaux sociaux Facebook et Netlog.<\/p>\n<p>\nLe principe du crowdsourcing est une mani\u00e8re r\u00e9ussie d\u2019impliquer le consommateur dans la marque, estime-t-on chez PepsiCo, soci\u00e9t\u00e9 m\u00e8re de Lay\u2019s. Cette initiative a valu \u00e0 Sabine De Veilder, Sales Director Retail chez Pepsico Belux, une nomination au \u2018Marketer de l\u2019Ann\u00e9e\u2019. Reste \u00e0 attendre les r\u00e9sultats des ventes. D\u00e8s le mois de f\u00e9vrier 2012 les chips Bicky Crisp seront en vente dans les rayons.<\/p>\n<p>\u00a0<\/p>\n<p>\u00a0<\/p>\n<p><em>Traduit par Marie-No\u00eblle Masure <\/em><\/p>\n","protected":false},"excerpt":{"rendered":"<p>25.000 euros et 1% des ventes Cette victoire a valu \u00e0 la laur\u00e9ate un prix de 25.000 euros, ainsi qu\u2019 1% sur le chiffre de ventes de \u2018ses\u2019 chips durant l\u2019ann\u00e9e 2012.\u00a0 Pour sa deuxi\u00e8me place m\u00e9ritoire Karin Luyckx s\u2019est vu remettre un ch\u00e8que de 5.000 euros, mais son go\u00fbt ne sera pas commercialis\u00e9. D\u00e9but [&hellip;]<\/p>\n","protected":false},"author":1,"featured_media":84,"comment_status":"closed","ping_status":"closed","sticky":false,"template":"","format":"standard","meta":{"_acf_changed":false,"inline_featured_image":false,"_jetpack_memberships_contains_paid_content":false,"footnotes":""},"categories":[24],"tags":[],"people":[],"extra":[],"company":[],"topic":[],"region":[],"class_list":["post-1131","post","type-post","status-publish","format-standard","has-post-thumbnail","hentry","category-food"],"acf":[],"yoast_head":"<!-- This site is optimized with the Yoast SEO plugin v27.3 - https:\/\/yoast.com\/product\/yoast-seo-wordpress\/ -->\n<title>\u00ab Bicky Crisp \u00bb vainqueur du concours \u00ab Cr\u00e9e ton go\u00fbt \u00bb de Lay\u2019s - RetailDetail BE<\/title>\n<meta name=\"robots\" content=\"index, follow, max-snippet:-1, max-image-preview:large, max-video-preview:-1\" \/>\n<link rel=\"canonical\" href=\"https:\/\/www.retaildetail.be\/fr\/news\/food\/bicky-crisp-vainqueur-du-concours-cree-ton-gout-de-lays\/\" \/>\n<meta property=\"og:locale\" content=\"fr_FR\" \/>\n<meta property=\"og:type\" content=\"article\" \/>\n<meta property=\"og:title\" content=\"\u00ab Bicky Crisp \u00bb vainqueur du concours \u00ab Cr\u00e9e ton go\u00fbt \u00bb de Lay\u2019s - RetailDetail BE\" \/>\n<meta property=\"og:description\" content=\"25.000 euros et 1% des ventes Cette victoire a valu \u00e0 la laur\u00e9ate un prix de 25.000 euros, ainsi qu\u2019 1% sur le chiffre de ventes de \u2018ses\u2019 chips durant l\u2019ann\u00e9e 2012.\u00a0 Pour sa deuxi\u00e8me place m\u00e9ritoire Karin Luyckx s\u2019est vu remettre un ch\u00e8que de 5.000 euros, mais son go\u00fbt ne sera pas commercialis\u00e9. D\u00e9but [&hellip;]\" \/>\n<meta property=\"og:url\" content=\"https:\/\/www.retaildetail.be\/fr\/news\/food\/bicky-crisp-vainqueur-du-concours-cree-ton-gout-de-lays\/\" \/>\n<meta property=\"og:site_name\" content=\"RetailDetail BE\" \/>\n<meta property=\"article:published_time\" content=\"2011-12-15T09:17:24+00:00\" \/>\n<meta property=\"og:image\" content=\"https:\/\/i0.wp.com\/www.retaildetail.be\/wp-content\/uploads\/2022\/04\/logo.png?fit=281%2C147&quality=100&strip=all&ssl=1\" \/>\n\t<meta property=\"og:image:width\" content=\"281\" \/>\n\t<meta property=\"og:image:height\" content=\"147\" \/>\n\t<meta property=\"og:image:type\" content=\"image\/png\" \/>\n<meta name=\"author\" content=\"dev@grandiz.com\" \/>\n<meta name=\"twitter:card\" content=\"summary_large_image\" \/>\n<meta name=\"twitter:label1\" content=\"\u00c9crit par\" \/>\n\t<meta name=\"twitter:data1\" content=\"dev@grandiz.com\" \/>\n\t<meta name=\"twitter:label2\" content=\"Dur\u00e9e de lecture estim\u00e9e\" \/>\n\t<meta name=\"twitter:data2\" content=\"1 minute\" \/>\n<script type=\"application\/ld+json\" class=\"yoast-schema-graph\">{\"@context\":\"https:\\\/\\\/schema.org\",\"@graph\":[{\"@type\":\"NewsArticle\",\"@id\":\"https:\\\/\\\/www.retaildetail.be\\\/fr\\\/news\\\/food\\\/bicky-crisp-vainqueur-du-concours-cree-ton-gout-de-lays\\\/#article\",\"isPartOf\":{\"@id\":\"https:\\\/\\\/www.retaildetail.be\\\/fr\\\/news\\\/food\\\/bicky-crisp-vainqueur-du-concours-cree-ton-gout-de-lays\\\/\"},\"author\":{\"name\":\"dev@grandiz.com\",\"@id\":\"https:\\\/\\\/www.retaildetail.be\\\/nl\\\/#\\\/schema\\\/person\\\/ba2d383452a753a3a1ce8cdb349b5fc9\"},\"headline\":\"\u00ab Bicky Crisp \u00bb vainqueur du concours \u00ab Cr\u00e9e ton go\u00fbt \u00bb de Lay\u2019s\",\"datePublished\":\"2011-12-15T09:17:24+00:00\",\"mainEntityOfPage\":{\"@id\":\"https:\\\/\\\/www.retaildetail.be\\\/fr\\\/news\\\/food\\\/bicky-crisp-vainqueur-du-concours-cree-ton-gout-de-lays\\\/\"},\"wordCount\":265,\"publisher\":{\"@id\":\"https:\\\/\\\/www.retaildetail.be\\\/nl\\\/#organization\"},\"image\":{\"@id\":\"https:\\\/\\\/www.retaildetail.be\\\/fr\\\/news\\\/food\\\/bicky-crisp-vainqueur-du-concours-cree-ton-gout-de-lays\\\/#primaryimage\"},\"thumbnailUrl\":\"https:\\\/\\\/www.retaildetail.be\\\/wp-content\\\/uploads\\\/2022\\\/04\\\/logo.png\",\"articleSection\":[\"Food\"],\"inLanguage\":\"fr-FR\",\"copyrightYear\":\"2011\",\"copyrightHolder\":{\"@id\":\"https:\\\/\\\/www.retaildetail.be\\\/#organization\"}},{\"@type\":\"WebPage\",\"@id\":\"https:\\\/\\\/www.retaildetail.be\\\/fr\\\/news\\\/food\\\/bicky-crisp-vainqueur-du-concours-cree-ton-gout-de-lays\\\/\",\"url\":\"https:\\\/\\\/www.retaildetail.be\\\/fr\\\/news\\\/food\\\/bicky-crisp-vainqueur-du-concours-cree-ton-gout-de-lays\\\/\",\"name\":\"\u00ab Bicky Crisp \u00bb vainqueur du concours \u00ab Cr\u00e9e ton go\u00fbt \u00bb de Lay\u2019s - RetailDetail BE\",\"isPartOf\":{\"@id\":\"https:\\\/\\\/www.retaildetail.be\\\/nl\\\/#website\"},\"primaryImageOfPage\":{\"@id\":\"https:\\\/\\\/www.retaildetail.be\\\/fr\\\/news\\\/food\\\/bicky-crisp-vainqueur-du-concours-cree-ton-gout-de-lays\\\/#primaryimage\"},\"image\":{\"@id\":\"https:\\\/\\\/www.retaildetail.be\\\/fr\\\/news\\\/food\\\/bicky-crisp-vainqueur-du-concours-cree-ton-gout-de-lays\\\/#primaryimage\"},\"thumbnailUrl\":\"https:\\\/\\\/www.retaildetail.be\\\/wp-content\\\/uploads\\\/2022\\\/04\\\/logo.png\",\"datePublished\":\"2011-12-15T09:17:24+00:00\",\"breadcrumb\":{\"@id\":\"https:\\\/\\\/www.retaildetail.be\\\/fr\\\/news\\\/food\\\/bicky-crisp-vainqueur-du-concours-cree-ton-gout-de-lays\\\/#breadcrumb\"},\"inLanguage\":\"fr-FR\",\"potentialAction\":[{\"@type\":\"ReadAction\",\"target\":[\"https:\\\/\\\/www.retaildetail.be\\\/fr\\\/news\\\/food\\\/bicky-crisp-vainqueur-du-concours-cree-ton-gout-de-lays\\\/\"]}]},{\"@type\":\"ImageObject\",\"inLanguage\":\"fr-FR\",\"@id\":\"https:\\\/\\\/www.retaildetail.be\\\/fr\\\/news\\\/food\\\/bicky-crisp-vainqueur-du-concours-cree-ton-gout-de-lays\\\/#primaryimage\",\"url\":\"https:\\\/\\\/www.retaildetail.be\\\/wp-content\\\/uploads\\\/2022\\\/04\\\/logo.png\",\"contentUrl\":\"https:\\\/\\\/www.retaildetail.be\\\/wp-content\\\/uploads\\\/2022\\\/04\\\/logo.png\",\"width\":281,\"height\":147},{\"@type\":\"BreadcrumbList\",\"@id\":\"https:\\\/\\\/www.retaildetail.be\\\/fr\\\/news\\\/food\\\/bicky-crisp-vainqueur-du-concours-cree-ton-gout-de-lays\\\/#breadcrumb\",\"itemListElement\":[{\"@type\":\"ListItem\",\"position\":1,\"name\":\"Home\",\"item\":\"https:\\\/\\\/www.retaildetail.be\\\/fr\\\/\"},{\"@type\":\"ListItem\",\"position\":2,\"name\":\"\u00ab Bicky Crisp \u00bb vainqueur du concours \u00ab Cr\u00e9e ton go\u00fbt \u00bb de Lay\u2019s\"}]},{\"@type\":\"WebSite\",\"@id\":\"https:\\\/\\\/www.retaildetail.be\\\/nl\\\/#website\",\"url\":\"https:\\\/\\\/www.retaildetail.be\\\/nl\\\/\",\"name\":\"RetailDetail BE\",\"description\":\"News\",\"publisher\":{\"@id\":\"https:\\\/\\\/www.retaildetail.be\\\/nl\\\/#organization\"},\"potentialAction\":[{\"@type\":\"SearchAction\",\"target\":{\"@type\":\"EntryPoint\",\"urlTemplate\":\"https:\\\/\\\/www.retaildetail.be\\\/nl\\\/?s={search_term_string}\"},\"query-input\":{\"@type\":\"PropertyValueSpecification\",\"valueRequired\":true,\"valueName\":\"search_term_string\"}}],\"inLanguage\":\"fr-FR\"},{\"@type\":\"Organization\",\"@id\":\"https:\\\/\\\/www.retaildetail.be\\\/nl\\\/#organization\",\"name\":\"RetailDetail BE\",\"url\":\"https:\\\/\\\/www.retaildetail.be\\\/nl\\\/\",\"logo\":{\"@type\":\"ImageObject\",\"inLanguage\":\"fr-FR\",\"@id\":\"https:\\\/\\\/www.retaildetail.be\\\/nl\\\/#\\\/schema\\\/logo\\\/image\\\/\",\"url\":\"https:\\\/\\\/www.retaildetail.be\\\/wp-content\\\/uploads\\\/2022\\\/04\\\/logo.svg\",\"contentUrl\":\"https:\\\/\\\/www.retaildetail.be\\\/wp-content\\\/uploads\\\/2022\\\/04\\\/logo.svg\",\"width\":131,\"height\":70,\"caption\":\"RetailDetail BE\"},\"image\":{\"@id\":\"https:\\\/\\\/www.retaildetail.be\\\/nl\\\/#\\\/schema\\\/logo\\\/image\\\/\"}},{\"@type\":\"Person\",\"@id\":\"https:\\\/\\\/www.retaildetail.be\\\/nl\\\/#\\\/schema\\\/person\\\/ba2d383452a753a3a1ce8cdb349b5fc9\",\"name\":\"dev@grandiz.com\",\"image\":{\"@type\":\"ImageObject\",\"inLanguage\":\"fr-FR\",\"@id\":\"https:\\\/\\\/secure.gravatar.com\\\/avatar\\\/5f53ce9fb6eed4a60e5aaaa712be8773880fa9459d9cac9bc4aa4fdbce3f447f?s=96&d=mm&r=g\",\"url\":\"https:\\\/\\\/secure.gravatar.com\\\/avatar\\\/5f53ce9fb6eed4a60e5aaaa712be8773880fa9459d9cac9bc4aa4fdbce3f447f?s=96&d=mm&r=g\",\"contentUrl\":\"https:\\\/\\\/secure.gravatar.com\\\/avatar\\\/5f53ce9fb6eed4a60e5aaaa712be8773880fa9459d9cac9bc4aa4fdbce3f447f?s=96&d=mm&r=g\",\"caption\":\"dev@grandiz.com\"},\"sameAs\":[\"http:\\\/\\\/preprod.retaildetail.be\"],\"url\":\"https:\\\/\\\/www.retaildetail.be\\\/fr\\\/author\\\/devgrandiz-com\\\/\"}]}<\/script>\n<!-- \/ Yoast SEO plugin. -->","yoast_head_json":{"title":"\u00ab Bicky Crisp \u00bb vainqueur du concours \u00ab Cr\u00e9e ton go\u00fbt \u00bb de Lay\u2019s - RetailDetail BE","robots":{"index":"index","follow":"follow","max-snippet":"max-snippet:-1","max-image-preview":"max-image-preview:large","max-video-preview":"max-video-preview:-1"},"canonical":"https:\/\/www.retaildetail.be\/fr\/news\/food\/bicky-crisp-vainqueur-du-concours-cree-ton-gout-de-lays\/","og_locale":"fr_FR","og_type":"article","og_title":"\u00ab Bicky Crisp \u00bb vainqueur du concours \u00ab Cr\u00e9e ton go\u00fbt \u00bb de Lay\u2019s - RetailDetail BE","og_description":"25.000 euros et 1% des ventes Cette victoire a valu \u00e0 la laur\u00e9ate un prix de 25.000 euros, ainsi qu\u2019 1% sur le chiffre de ventes de \u2018ses\u2019 chips durant l\u2019ann\u00e9e 2012.\u00a0 Pour sa deuxi\u00e8me place m\u00e9ritoire Karin Luyckx s\u2019est vu remettre un ch\u00e8que de 5.000 euros, mais son go\u00fbt ne sera pas commercialis\u00e9. D\u00e9but [&hellip;]","og_url":"https:\/\/www.retaildetail.be\/fr\/news\/food\/bicky-crisp-vainqueur-du-concours-cree-ton-gout-de-lays\/","og_site_name":"RetailDetail BE","article_published_time":"2011-12-15T09:17:24+00:00","og_image":[{"width":281,"height":147,"url":"https:\/\/i0.wp.com\/www.retaildetail.be\/wp-content\/uploads\/2022\/04\/logo.png?fit=281%2C147&quality=100&strip=all&ssl=1","type":"image\/png"}],"author":"dev@grandiz.com","twitter_card":"summary_large_image","twitter_misc":{"\u00c9crit par":"dev@grandiz.com","Dur\u00e9e de lecture estim\u00e9e":"1 minute"},"schema":{"@context":"https:\/\/schema.org","@graph":[{"@type":"NewsArticle","@id":"https:\/\/www.retaildetail.be\/fr\/news\/food\/bicky-crisp-vainqueur-du-concours-cree-ton-gout-de-lays\/#article","isPartOf":{"@id":"https:\/\/www.retaildetail.be\/fr\/news\/food\/bicky-crisp-vainqueur-du-concours-cree-ton-gout-de-lays\/"},"author":{"name":"dev@grandiz.com","@id":"https:\/\/www.retaildetail.be\/nl\/#\/schema\/person\/ba2d383452a753a3a1ce8cdb349b5fc9"},"headline":"\u00ab Bicky Crisp \u00bb vainqueur du concours \u00ab Cr\u00e9e ton go\u00fbt \u00bb de Lay\u2019s","datePublished":"2011-12-15T09:17:24+00:00","mainEntityOfPage":{"@id":"https:\/\/www.retaildetail.be\/fr\/news\/food\/bicky-crisp-vainqueur-du-concours-cree-ton-gout-de-lays\/"},"wordCount":265,"publisher":{"@id":"https:\/\/www.retaildetail.be\/nl\/#organization"},"image":{"@id":"https:\/\/www.retaildetail.be\/fr\/news\/food\/bicky-crisp-vainqueur-du-concours-cree-ton-gout-de-lays\/#primaryimage"},"thumbnailUrl":"https:\/\/www.retaildetail.be\/wp-content\/uploads\/2022\/04\/logo.png","articleSection":["Food"],"inLanguage":"fr-FR","copyrightYear":"2011","copyrightHolder":{"@id":"https:\/\/www.retaildetail.be\/#organization"}},{"@type":"WebPage","@id":"https:\/\/www.retaildetail.be\/fr\/news\/food\/bicky-crisp-vainqueur-du-concours-cree-ton-gout-de-lays\/","url":"https:\/\/www.retaildetail.be\/fr\/news\/food\/bicky-crisp-vainqueur-du-concours-cree-ton-gout-de-lays\/","name":"\u00ab Bicky Crisp \u00bb vainqueur du concours \u00ab Cr\u00e9e ton go\u00fbt \u00bb de Lay\u2019s - RetailDetail BE","isPartOf":{"@id":"https:\/\/www.retaildetail.be\/nl\/#website"},"primaryImageOfPage":{"@id":"https:\/\/www.retaildetail.be\/fr\/news\/food\/bicky-crisp-vainqueur-du-concours-cree-ton-gout-de-lays\/#primaryimage"},"image":{"@id":"https:\/\/www.retaildetail.be\/fr\/news\/food\/bicky-crisp-vainqueur-du-concours-cree-ton-gout-de-lays\/#primaryimage"},"thumbnailUrl":"https:\/\/www.retaildetail.be\/wp-content\/uploads\/2022\/04\/logo.png","datePublished":"2011-12-15T09:17:24+00:00","breadcrumb":{"@id":"https:\/\/www.retaildetail.be\/fr\/news\/food\/bicky-crisp-vainqueur-du-concours-cree-ton-gout-de-lays\/#breadcrumb"},"inLanguage":"fr-FR","potentialAction":[{"@type":"ReadAction","target":["https:\/\/www.retaildetail.be\/fr\/news\/food\/bicky-crisp-vainqueur-du-concours-cree-ton-gout-de-lays\/"]}]},{"@type":"ImageObject","inLanguage":"fr-FR","@id":"https:\/\/www.retaildetail.be\/fr\/news\/food\/bicky-crisp-vainqueur-du-concours-cree-ton-gout-de-lays\/#primaryimage","url":"https:\/\/www.retaildetail.be\/wp-content\/uploads\/2022\/04\/logo.png","contentUrl":"https:\/\/www.retaildetail.be\/wp-content\/uploads\/2022\/04\/logo.png","width":281,"height":147},{"@type":"BreadcrumbList","@id":"https:\/\/www.retaildetail.be\/fr\/news\/food\/bicky-crisp-vainqueur-du-concours-cree-ton-gout-de-lays\/#breadcrumb","itemListElement":[{"@type":"ListItem","position":1,"name":"Home","item":"https:\/\/www.retaildetail.be\/fr\/"},{"@type":"ListItem","position":2,"name":"\u00ab Bicky Crisp \u00bb vainqueur du concours \u00ab Cr\u00e9e ton go\u00fbt \u00bb de Lay\u2019s"}]},{"@type":"WebSite","@id":"https:\/\/www.retaildetail.be\/nl\/#website","url":"https:\/\/www.retaildetail.be\/nl\/","name":"RetailDetail BE","description":"News","publisher":{"@id":"https:\/\/www.retaildetail.be\/nl\/#organization"},"potentialAction":[{"@type":"SearchAction","target":{"@type":"EntryPoint","urlTemplate":"https:\/\/www.retaildetail.be\/nl\/?s={search_term_string}"},"query-input":{"@type":"PropertyValueSpecification","valueRequired":true,"valueName":"search_term_string"}}],"inLanguage":"fr-FR"},{"@type":"Organization","@id":"https:\/\/www.retaildetail.be\/nl\/#organization","name":"RetailDetail BE","url":"https:\/\/www.retaildetail.be\/nl\/","logo":{"@type":"ImageObject","inLanguage":"fr-FR","@id":"https:\/\/www.retaildetail.be\/nl\/#\/schema\/logo\/image\/","url":"https:\/\/www.retaildetail.be\/wp-content\/uploads\/2022\/04\/logo.svg","contentUrl":"https:\/\/www.retaildetail.be\/wp-content\/uploads\/2022\/04\/logo.svg","width":131,"height":70,"caption":"RetailDetail BE"},"image":{"@id":"https:\/\/www.retaildetail.be\/nl\/#\/schema\/logo\/image\/"}},{"@type":"Person","@id":"https:\/\/www.retaildetail.be\/nl\/#\/schema\/person\/ba2d383452a753a3a1ce8cdb349b5fc9","name":"dev@grandiz.com","image":{"@type":"ImageObject","inLanguage":"fr-FR","@id":"https:\/\/secure.gravatar.com\/avatar\/5f53ce9fb6eed4a60e5aaaa712be8773880fa9459d9cac9bc4aa4fdbce3f447f?s=96&d=mm&r=g","url":"https:\/\/secure.gravatar.com\/avatar\/5f53ce9fb6eed4a60e5aaaa712be8773880fa9459d9cac9bc4aa4fdbce3f447f?s=96&d=mm&r=g","contentUrl":"https:\/\/secure.gravatar.com\/avatar\/5f53ce9fb6eed4a60e5aaaa712be8773880fa9459d9cac9bc4aa4fdbce3f447f?s=96&d=mm&r=g","caption":"dev@grandiz.com"},"sameAs":["http:\/\/preprod.retaildetail.be"],"url":"https:\/\/www.retaildetail.be\/fr\/author\/devgrandiz-com\/"}]}},"jetpack_featured_media_url":"https:\/\/www.retaildetail.be\/wp-content\/uploads\/2022\/04\/logo.png","jetpack_sharing_enabled":true,"_links":{"self":[{"href":"https:\/\/www.retaildetail.be\/fr\/wp-json\/wp\/v2\/posts\/1131","targetHints":{"allow":["GET"]}}],"collection":[{"href":"https:\/\/www.retaildetail.be\/fr\/wp-json\/wp\/v2\/posts"}],"about":[{"href":"https:\/\/www.retaildetail.be\/fr\/wp-json\/wp\/v2\/types\/post"}],"author":[{"embeddable":true,"href":"https:\/\/www.retaildetail.be\/fr\/wp-json\/wp\/v2\/users\/1"}],"replies":[{"embeddable":true,"href":"https:\/\/www.retaildetail.be\/fr\/wp-json\/wp\/v2\/comments?post=1131"}],"version-history":[{"count":0,"href":"https:\/\/www.retaildetail.be\/fr\/wp-json\/wp\/v2\/posts\/1131\/revisions"}],"wp:featuredmedia":[{"embeddable":true,"href":"https:\/\/www.retaildetail.be\/fr\/wp-json\/wp\/v2\/media\/84"}],"wp:attachment":[{"href":"https:\/\/www.retaildetail.be\/fr\/wp-json\/wp\/v2\/media?parent=1131"}],"wp:term":[{"taxonomy":"category","embeddable":true,"href":"https:\/\/www.retaildetail.be\/fr\/wp-json\/wp\/v2\/categories?post=1131"},{"taxonomy":"post_tag","embeddable":true,"href":"https:\/\/www.retaildetail.be\/fr\/wp-json\/wp\/v2\/tags?post=1131"},{"taxonomy":"people","embeddable":true,"href":"https:\/\/www.retaildetail.be\/fr\/wp-json\/wp\/v2\/people?post=1131"},{"taxonomy":"extra","embeddable":true,"href":"https:\/\/www.retaildetail.be\/fr\/wp-json\/wp\/v2\/extra?post=1131"},{"taxonomy":"company","embeddable":true,"href":"https:\/\/www.retaildetail.be\/fr\/wp-json\/wp\/v2\/company?post=1131"},{"taxonomy":"topic","embeddable":true,"href":"https:\/\/www.retaildetail.be\/fr\/wp-json\/wp\/v2\/topic?post=1131"},{"taxonomy":"region","embeddable":true,"href":"https:\/\/www.retaildetail.be\/fr\/wp-json\/wp\/v2\/region?post=1131"}],"curies":[{"name":"wp","href":"https:\/\/api.w.org\/{rel}","templated":true}]}}