{"id":114919,"date":"2025-03-11T10:07:59","date_gmt":"2025-03-11T09:07:59","guid":{"rendered":"https:\/\/www.retaildetail.be\/?p=114919"},"modified":"2025-03-11T10:13:32","modified_gmt":"2025-03-11T09:13:32","slug":"5-tendances-pour-le-retail-design-en-2025-etes-vous-kiki-ou-buba","status":"publish","type":"post","link":"https:\/\/www.retaildetail.be\/fr\/news\/general\/5-tendances-pour-le-retail-design-en-2025-etes-vous-kiki-ou-buba\/","title":{"rendered":"5 tendances pour le retail design en 2025 : \u00ab \u00cates-vous Kiki ou Buba ? \u00bb"},"content":{"rendered":"\n<p>En ces temps d&rsquo;incertitude, il n&rsquo;y a pas de petites \u00e9conomies. Katelijn Quartier, professeur en Retail Design \u00e0 l&rsquo;<strong>UHasselt<\/strong>, le constate \u00e9galement dans son laboratoire de design : \u00ab Ce sont surtout les grandes enseignes qui investissent encore activement, alors que les plus petites sont en perte de vitesse, et c&rsquo;est bien dommage. Mais les retailers qui investissent encore le font de mani\u00e8re plus r\u00e9fl\u00e9chie \u00bb.<\/p>\n\n\n\n<h2 class=\"wp-block-heading\">1. Le retail reste avant tout un business<\/h2>\n\n\n\n<p>Pendant des ann\u00e9es, le service et l&rsquo;hospitalit\u00e9 ont \u00e9t\u00e9 les ma\u00eetres mots de l&rsquo;exp\u00e9rience commerciale : un magasin devait \u00eatre un lieu accueillant pour tous, o\u00f9 la relation humaine \u00e9tait centrale. Aujourd&rsquo;hui, l&rsquo;accent semble \u00e0 nouveau mis sur la rentabilit\u00e9. Starbucks, par exemple, a r\u00e9cemment annonc\u00e9 que seuls les clients payants seraient d\u00e9sormais les bienvenus. Auparavant, tout le monde pouvait s&rsquo;y asseoir ou aller aux toilettes.<\/p>\n\n\n\n<p>Le service est-il donc pass\u00e9 ? Certainement pas, le service reste important et les commer\u00e7ants le reconnaissent, note Katelijn Quartier, mais entre le r\u00eave et l&rsquo;acte, il y a la r\u00e9alit\u00e9 \u00e9conomique. \u00ab La gratuit\u00e9 des places assises est belle en th\u00e9orie, mais elle n&rsquo;est pas financi\u00e8rement viable. En fin de compte, le retail reste une activit\u00e9 commerciale. Nous voulons peut-\u00eatre que les magasins soient des lieux communautaires, mais tant que les retailers voudront cro\u00eetre et faire des b\u00e9n\u00e9fices, cela restera une illusion. \u00bb<\/p>\n\n\n\n<p>Dans toute l&rsquo;Europe, les gens se d\u00e9battent avec les m\u00eames probl\u00e8mes, sans avanc\u00e9es notables. M\u00eame dans des villes comme Londres et Milan, Quartier constate que si les grandes marques continuent d&rsquo;\u00e9voluer, peu de concepts v\u00e9ritablement r\u00e9volutionnaires \u00e9mergent. Tout le monde danse sur une corde raide, \u00e0 la recherche d&rsquo;un \u00e9quilibre \u00e9conomiquement durable.<\/p>\n\n\n\n<h2 class=\"wp-block-heading\">2. Le milieu dispara\u00eet<\/h2>\n\n\n\n<p>L&rsquo;exp\u00e9rience restera-t-elle la norme dans les magasins physiques ou reviendrons-nous \u00e0 des points d&rsquo;achat plus transactionnels ? Katelijn Quartier : \u00ab L&rsquo;exp\u00e9rience reste importante. Les retailers coupent peut-\u00eatre dans les d\u00e9penses, mais les consommateurs attendent toujours une certaine exp\u00e9rience. Cependant, les consommateurs ont peu de pouvoir de d\u00e9cision dans ce domaine : si les enseignes cessent massivement d&rsquo;offrir ces exp\u00e9riences, les consommateurs devront s&rsquo;adapter. C&rsquo;est l&rsquo;\u00e9quilibre qui se cherche aujourd&rsquo;hui \u00bb.<\/p>\n\n\n\n<p>Dans le m\u00eame temps, le foss\u00e9 se creuse entre les clients qui se focalisent sur le prix et ceux qui optent pour le v\u00e9cu. \u00ab Nous r\u00e9p\u00e9tons depuis un certain temps que la zone m\u00e9diane &#8211; les retailers qui ne se positionnent pas explicitement sur le prix ou sur l&rsquo;exp\u00e9rience &#8211; est sous pression. Ils devront faire un choix : monter en gamme vers le v\u00e9cu ou descendre en gamme vers le prix. Sinon, ils dispara\u00eetront du march\u00e9 \u00bb.<\/p>\n\n\n\n<p>Les retailers pr\u00e9f\u00e8rent donc \u00e9galement choisir un nombre r\u00e9duit de magasins performants plut\u00f4t qu&rsquo;un r\u00e9seau tr\u00e8s dispers\u00e9 de magasins moins performants. L\u00e0 encore, cela s&rsquo;inscrit dans une tendance plus large : faire des choix clairs en faveur de l&rsquo;exp\u00e9rience ou du prix.<\/p>\n\n\n\n<h2 class=\"wp-block-heading\">3. \u00cates-vous Kiki ou Buba ?<\/h2>\n\n\n\n<p>Les principales tendances en mati\u00e8re de design commercial : \u00ab \u00c0 l&rsquo;\u00e9chelle internationale, l&rsquo;int\u00e9gration de la lumi\u00e8re du jour, des plantes et de la verdure reste une tendance. Si nous regardons les cr\u00e9ations des \u00e9tudiants, les futurs designers du retail, nous voyons des cr\u00e9ations beaucoup plus organiques avec des formes plus ludiques. C&rsquo;est tr\u00e8s diff\u00e9rent du pass\u00e9, o\u00f9 les lignes \u00e9pur\u00e9es dominaient \u00bb, note Quartier.<\/p>\n\n\n\n<p>Un lien scientifique int\u00e9ressant est la th\u00e9orie \u00ab Kiki et Buba \u00bb. Les gens associent les formes rondes \u00e0 la douceur (Buba) et les formes pointues \u00e0 la duret\u00e9 (Kiki). Cela influence la mani\u00e8re dont vous choisissez votre design en tant que marque : une marque de sport qui veut \u00eatre \u00e0 la pointe des tendances et s&rsquo;affirmer travaillera avec des lignes \u00e9pur\u00e9es, tandis qu&rsquo;une marque accueillante utilisera plus volontiers des formes rondes. Ces connaissances se traduisent aujourd&rsquo;hui de plus en plus dans le design des magasins.<\/p>\n\n\n\n<p>Plus pr\u00e9cis\u00e9ment, Quartier constate que ce langage des formes &#8211; formes douces contre lignes \u00e9pur\u00e9es &#8211; se refl\u00e8te dans la mani\u00e8re dont les magasins sont agenc\u00e9s. Les magasins de premier prix utilisent des formes pures et nettes, tandis que les magasins exp\u00e9rientiels se concentrent sur des formes plus rondes et plus douces.<\/p>\n\n\n\n<h2 class=\"wp-block-heading\">4. Force \u00e0 l&rsquo;invisible<\/h2>\n\n\n\n<p>\u00ab Less is more \u00bb, conseille Katelijn Quartier \u00e0 propos de la technologie dans les magasins : \u00ab Nous avons exp\u00e9riment\u00e9 pendant des ann\u00e9es avec des miroirs et des \u00e9crans interactifs, mais en fin de compte, la technologie doit juste \u00eatre efficace, sans que le client s&rsquo;en rende compte. Plus elle est invisible, mieux c&rsquo;est \u00bb. Cependant, les connaissances scientifiques deviennent de plus en plus importantes. Par exemple, UHasselt travaille actuellement sur un outil d&rsquo;IA qui analyse les valeurs de la marque et les traduit en un concept de magasin.<\/p>\n\n\n\n<p>La technologie joue donc un r\u00f4le de soutien, non pas comme un gadget, mais comme un moyen de rendre la conception des magasins plus intelligente et plus efficace. \u00ab Les avis divergent, mais je pense que l&rsquo;impact visuel de la num\u00e9risation est en train de se stabiliser. Bien s\u00fbr, il y aura toujours beaucoup de technologie et d&rsquo;IA dans les magasins, mais il n&rsquo;est pas n\u00e9cessaire que cela soit visible. \u00bb<\/p>\n\n\n\n<h2 class=\"wp-block-heading\">5. TikTok selon son ADN<\/h2>\n\n\n\n<p>N\u00e9anmoins, \u00e0 l&rsquo;\u00e8re d&rsquo;Instagram et de TikTok, la visibilit\u00e9 est cruciale.Les boutiques pop-up, en particulier, sont de plus en plus utilis\u00e9es pour l&rsquo;activation de marques plut\u00f4t que pour la vente directe. \u00ab Les pop-ups extr\u00eames, comme ceux de la marque fran\u00e7aise de sacs \u00e0 main <strong>Jacquemus <\/strong>&#8211; avec d&rsquo;\u00e9normes sacs \u00e0 main ou des machines \u00e0 pop-corn &#8211; fonctionnent \u00e0 merveille parce qu&rsquo;ils font le tour des m\u00e9dias sociaux. \u00bb<\/p>\n\n\n\n<p>Les retailers doivent toutefois veiller \u00e0 s&rsquo;inspirer de leur propre ADN. Trop souvent, les int\u00e9rieurs sont revus sans vraiment penser \u00e0 l&rsquo;identit\u00e9 de la marque. \u00ab Une boutique a beau \u00eatre magnifique, si elle ne cr\u00e9e pas de lien \u00e9motionnel avec le client, c&rsquo;est une occasion rat\u00e9e. Pour moi, <strong>La Bottega<\/strong> \u00e0 Hasselt reste un bon exemple : elle continue d&rsquo;innover et de r\u00e9pondre aux nouvelles tendances, tout en restant fid\u00e8le \u00e0 l&rsquo;identit\u00e9 de sa marque. \u00bb<\/p>\n","protected":false},"excerpt":{"rendered":"<p>\u00ab Ce sont surtout les grandes enseignes qui investissent encore activement, alors que les plus petites sont en perte de vitesse, et c&rsquo;est bien dommage. Mais les retailers qui investissent encore le font de mani\u00e8re plus r\u00e9fl\u00e9chie \u00bb, constate Katelijn Quartier, professeur en Retail Design \u00e0 l&rsquo;UHasselt.<\/p>\n","protected":false},"author":5,"featured_media":55640,"comment_status":"closed","ping_status":"closed","sticky":false,"template":"","format":"standard","meta":{"_acf_changed":false,"inline_featured_image":false,"_jetpack_memberships_contains_paid_content":false,"footnotes":""},"categories":[25],"tags":[],"people":[],"extra":[43],"company":[],"topic":[340,194],"region":[],"class_list":["post-114919","post","type-post","status-publish","format-standard","has-post-thumbnail","hentry","category-general","extra-plus","topic-concept-de-magasin","topic-retail-design"],"acf":[],"yoast_head":"<!-- This site is optimized with the Yoast SEO plugin v27.3 - https:\/\/yoast.com\/product\/yoast-seo-wordpress\/ -->\n<title>5 tendances pour le retail design en 2025 : \u00ab \u00cates-vous Kiki ou Buba ? \u00bb - RetailDetail BE<\/title>\n<meta name=\"description\" content=\"\u00ab Les retailers qui investissent encore le font de mani\u00e8re plus r\u00e9fl\u00e9chie \u00bb, constate Katelijn Quartier, professeur en Retail Design \u00e0 l&#039;UHasselt.\" \/>\n<meta name=\"robots\" content=\"index, follow, max-snippet:-1, max-image-preview:large, max-video-preview:-1\" \/>\n<link rel=\"canonical\" href=\"https:\/\/www.retaildetail.be\/fr\/news\/general\/5-tendances-pour-le-retail-design-en-2025-etes-vous-kiki-ou-buba\/\" \/>\n<meta property=\"og:locale\" content=\"fr_FR\" \/>\n<meta property=\"og:type\" content=\"article\" \/>\n<meta property=\"og:title\" content=\"5 tendances pour le retail design en 2025 : \u00ab \u00cates-vous Kiki ou Buba ? \u00bb - RetailDetail BE\" \/>\n<meta property=\"og:description\" content=\"\u00ab Les retailers qui investissent encore le font de mani\u00e8re plus r\u00e9fl\u00e9chie \u00bb, constate Katelijn Quartier, professeur en Retail Design \u00e0 l&#039;UHasselt.\" \/>\n<meta property=\"og:url\" content=\"https:\/\/www.retaildetail.be\/fr\/news\/general\/5-tendances-pour-le-retail-design-en-2025-etes-vous-kiki-ou-buba\/\" \/>\n<meta property=\"og:site_name\" content=\"RetailDetail BE\" \/>\n<meta property=\"article:published_time\" content=\"2025-03-11T09:07:59+00:00\" \/>\n<meta property=\"article:modified_time\" content=\"2025-03-11T09:13:32+00:00\" \/>\n<meta property=\"og:image\" content=\"https:\/\/www.retaildetail.be\/wp-content\/uploads\/2022\/04\/Katelijn-Quartier-Retail-Design-Lab.jpg\" \/>\n\t<meta property=\"og:image:width\" content=\"941\" \/>\n\t<meta property=\"og:image:height\" content=\"682\" \/>\n\t<meta property=\"og:image:type\" content=\"image\/jpeg\" \/>\n<meta name=\"author\" content=\"Pauline Neerman\" \/>\n<meta name=\"twitter:card\" content=\"summary_large_image\" \/>\n<meta name=\"twitter:label1\" content=\"\u00c9crit par\" \/>\n\t<meta name=\"twitter:data1\" content=\"Pauline Neerman\" \/>\n\t<meta name=\"twitter:label2\" content=\"Dur\u00e9e de lecture estim\u00e9e\" \/>\n\t<meta name=\"twitter:data2\" content=\"5 minutes\" \/>\n<script type=\"application\/ld+json\" class=\"yoast-schema-graph\">{\"@context\":\"https:\\\/\\\/schema.org\",\"@graph\":[{\"@type\":\"NewsArticle\",\"@id\":\"https:\\\/\\\/www.retaildetail.be\\\/fr\\\/news\\\/general\\\/5-tendances-pour-le-retail-design-en-2025-etes-vous-kiki-ou-buba\\\/#article\",\"isPartOf\":{\"@id\":\"https:\\\/\\\/www.retaildetail.be\\\/fr\\\/news\\\/general\\\/5-tendances-pour-le-retail-design-en-2025-etes-vous-kiki-ou-buba\\\/\"},\"author\":{\"name\":\"Pauline Neerman\",\"@id\":\"https:\\\/\\\/www.retaildetail.be\\\/nl\\\/#\\\/schema\\\/person\\\/66b54803fa10759039079458ea89e307\"},\"headline\":\"5 tendances pour le retail design en 2025 : \u00ab \u00cates-vous Kiki ou Buba ? \u00bb\",\"datePublished\":\"2025-03-11T09:07:59+00:00\",\"dateModified\":\"2025-03-11T09:13:32+00:00\",\"mainEntityOfPage\":{\"@id\":\"https:\\\/\\\/www.retaildetail.be\\\/fr\\\/news\\\/general\\\/5-tendances-pour-le-retail-design-en-2025-etes-vous-kiki-ou-buba\\\/\"},\"wordCount\":1083,\"publisher\":{\"@id\":\"https:\\\/\\\/www.retaildetail.be\\\/nl\\\/#organization\"},\"image\":{\"@id\":\"https:\\\/\\\/www.retaildetail.be\\\/fr\\\/news\\\/general\\\/5-tendances-pour-le-retail-design-en-2025-etes-vous-kiki-ou-buba\\\/#primaryimage\"},\"thumbnailUrl\":\"https:\\\/\\\/www.retaildetail.be\\\/wp-content\\\/uploads\\\/2022\\\/04\\\/Katelijn-Quartier-Retail-Design-Lab.jpg\",\"articleSection\":[\"G\u00e9n\u00e9ral\"],\"inLanguage\":\"fr-FR\",\"copyrightYear\":\"2025\",\"copyrightHolder\":{\"@id\":\"https:\\\/\\\/www.retaildetail.be\\\/#organization\"}},{\"@type\":\"WebPage\",\"@id\":\"https:\\\/\\\/www.retaildetail.be\\\/fr\\\/news\\\/general\\\/5-tendances-pour-le-retail-design-en-2025-etes-vous-kiki-ou-buba\\\/\",\"url\":\"https:\\\/\\\/www.retaildetail.be\\\/fr\\\/news\\\/general\\\/5-tendances-pour-le-retail-design-en-2025-etes-vous-kiki-ou-buba\\\/\",\"name\":\"5 tendances pour le retail design en 2025 : \u00ab \u00cates-vous Kiki ou Buba ? \u00bb - RetailDetail BE\",\"isPartOf\":{\"@id\":\"https:\\\/\\\/www.retaildetail.be\\\/nl\\\/#website\"},\"primaryImageOfPage\":{\"@id\":\"https:\\\/\\\/www.retaildetail.be\\\/fr\\\/news\\\/general\\\/5-tendances-pour-le-retail-design-en-2025-etes-vous-kiki-ou-buba\\\/#primaryimage\"},\"image\":{\"@id\":\"https:\\\/\\\/www.retaildetail.be\\\/fr\\\/news\\\/general\\\/5-tendances-pour-le-retail-design-en-2025-etes-vous-kiki-ou-buba\\\/#primaryimage\"},\"thumbnailUrl\":\"https:\\\/\\\/www.retaildetail.be\\\/wp-content\\\/uploads\\\/2022\\\/04\\\/Katelijn-Quartier-Retail-Design-Lab.jpg\",\"datePublished\":\"2025-03-11T09:07:59+00:00\",\"dateModified\":\"2025-03-11T09:13:32+00:00\",\"description\":\"\u00ab Les retailers qui investissent encore le font de mani\u00e8re plus r\u00e9fl\u00e9chie \u00bb, constate Katelijn Quartier, professeur en Retail Design \u00e0 l'UHasselt.\",\"breadcrumb\":{\"@id\":\"https:\\\/\\\/www.retaildetail.be\\\/fr\\\/news\\\/general\\\/5-tendances-pour-le-retail-design-en-2025-etes-vous-kiki-ou-buba\\\/#breadcrumb\"},\"inLanguage\":\"fr-FR\",\"potentialAction\":[{\"@type\":\"ReadAction\",\"target\":[\"https:\\\/\\\/www.retaildetail.be\\\/fr\\\/news\\\/general\\\/5-tendances-pour-le-retail-design-en-2025-etes-vous-kiki-ou-buba\\\/\"]}]},{\"@type\":\"ImageObject\",\"inLanguage\":\"fr-FR\",\"@id\":\"https:\\\/\\\/www.retaildetail.be\\\/fr\\\/news\\\/general\\\/5-tendances-pour-le-retail-design-en-2025-etes-vous-kiki-ou-buba\\\/#primaryimage\",\"url\":\"https:\\\/\\\/www.retaildetail.be\\\/wp-content\\\/uploads\\\/2022\\\/04\\\/Katelijn-Quartier-Retail-Design-Lab.jpg\",\"contentUrl\":\"https:\\\/\\\/www.retaildetail.be\\\/wp-content\\\/uploads\\\/2022\\\/04\\\/Katelijn-Quartier-Retail-Design-Lab.jpg\",\"width\":941,\"height\":682,\"caption\":\"Katelijn Quartier, Retail Design Lab\"},{\"@type\":\"BreadcrumbList\",\"@id\":\"https:\\\/\\\/www.retaildetail.be\\\/fr\\\/news\\\/general\\\/5-tendances-pour-le-retail-design-en-2025-etes-vous-kiki-ou-buba\\\/#breadcrumb\",\"itemListElement\":[{\"@type\":\"ListItem\",\"position\":1,\"name\":\"Home\",\"item\":\"https:\\\/\\\/www.retaildetail.be\\\/fr\\\/\"},{\"@type\":\"ListItem\",\"position\":2,\"name\":\"5 tendances pour le retail design en 2025 : \u00ab \u00cates-vous Kiki ou Buba ? \u00bb\"}]},{\"@type\":\"WebSite\",\"@id\":\"https:\\\/\\\/www.retaildetail.be\\\/nl\\\/#website\",\"url\":\"https:\\\/\\\/www.retaildetail.be\\\/nl\\\/\",\"name\":\"RetailDetail BE\",\"description\":\"News\",\"publisher\":{\"@id\":\"https:\\\/\\\/www.retaildetail.be\\\/nl\\\/#organization\"},\"potentialAction\":[{\"@type\":\"SearchAction\",\"target\":{\"@type\":\"EntryPoint\",\"urlTemplate\":\"https:\\\/\\\/www.retaildetail.be\\\/nl\\\/?s={search_term_string}\"},\"query-input\":{\"@type\":\"PropertyValueSpecification\",\"valueRequired\":true,\"valueName\":\"search_term_string\"}}],\"inLanguage\":\"fr-FR\"},{\"@type\":\"Organization\",\"@id\":\"https:\\\/\\\/www.retaildetail.be\\\/nl\\\/#organization\",\"name\":\"RetailDetail BE\",\"url\":\"https:\\\/\\\/www.retaildetail.be\\\/nl\\\/\",\"logo\":{\"@type\":\"ImageObject\",\"inLanguage\":\"fr-FR\",\"@id\":\"https:\\\/\\\/www.retaildetail.be\\\/nl\\\/#\\\/schema\\\/logo\\\/image\\\/\",\"url\":\"https:\\\/\\\/www.retaildetail.be\\\/wp-content\\\/uploads\\\/2022\\\/04\\\/logo.svg\",\"contentUrl\":\"https:\\\/\\\/www.retaildetail.be\\\/wp-content\\\/uploads\\\/2022\\\/04\\\/logo.svg\",\"width\":131,\"height\":70,\"caption\":\"RetailDetail BE\"},\"image\":{\"@id\":\"https:\\\/\\\/www.retaildetail.be\\\/nl\\\/#\\\/schema\\\/logo\\\/image\\\/\"}},{\"@type\":\"Person\",\"@id\":\"https:\\\/\\\/www.retaildetail.be\\\/nl\\\/#\\\/schema\\\/person\\\/66b54803fa10759039079458ea89e307\",\"name\":\"Pauline Neerman\",\"image\":{\"@type\":\"ImageObject\",\"inLanguage\":\"fr-FR\",\"@id\":\"https:\\\/\\\/secure.gravatar.com\\\/avatar\\\/58db22aee589a691f9603e5765ac06010427a923f9b2728b951eb7fe27214d70?s=96&d=mm&r=g\",\"url\":\"https:\\\/\\\/secure.gravatar.com\\\/avatar\\\/58db22aee589a691f9603e5765ac06010427a923f9b2728b951eb7fe27214d70?s=96&d=mm&r=g\",\"contentUrl\":\"https:\\\/\\\/secure.gravatar.com\\\/avatar\\\/58db22aee589a691f9603e5765ac06010427a923f9b2728b951eb7fe27214d70?s=96&d=mm&r=g\",\"caption\":\"Pauline Neerman\"},\"url\":\"https:\\\/\\\/www.retaildetail.be\\\/fr\\\/author\\\/paulineneerman\\\/\"}]}<\/script>\n<!-- \/ Yoast SEO plugin. -->","yoast_head_json":{"title":"5 tendances pour le retail design en 2025 : \u00ab \u00cates-vous Kiki ou Buba ? \u00bb - RetailDetail BE","description":"\u00ab Les retailers qui investissent encore le font de mani\u00e8re plus r\u00e9fl\u00e9chie \u00bb, constate Katelijn Quartier, professeur en Retail Design \u00e0 l'UHasselt.","robots":{"index":"index","follow":"follow","max-snippet":"max-snippet:-1","max-image-preview":"max-image-preview:large","max-video-preview":"max-video-preview:-1"},"canonical":"https:\/\/www.retaildetail.be\/fr\/news\/general\/5-tendances-pour-le-retail-design-en-2025-etes-vous-kiki-ou-buba\/","og_locale":"fr_FR","og_type":"article","og_title":"5 tendances pour le retail design en 2025 : \u00ab \u00cates-vous Kiki ou Buba ? \u00bb - RetailDetail BE","og_description":"\u00ab Les retailers qui investissent encore le font de mani\u00e8re plus r\u00e9fl\u00e9chie \u00bb, constate Katelijn Quartier, professeur en Retail Design \u00e0 l'UHasselt.","og_url":"https:\/\/www.retaildetail.be\/fr\/news\/general\/5-tendances-pour-le-retail-design-en-2025-etes-vous-kiki-ou-buba\/","og_site_name":"RetailDetail BE","article_published_time":"2025-03-11T09:07:59+00:00","article_modified_time":"2025-03-11T09:13:32+00:00","og_image":[{"width":941,"height":682,"url":"https:\/\/www.retaildetail.be\/wp-content\/uploads\/2022\/04\/Katelijn-Quartier-Retail-Design-Lab.jpg","type":"image\/jpeg"}],"author":"Pauline Neerman","twitter_card":"summary_large_image","twitter_misc":{"\u00c9crit par":"Pauline Neerman","Dur\u00e9e de lecture estim\u00e9e":"5 minutes"},"schema":{"@context":"https:\/\/schema.org","@graph":[{"@type":"NewsArticle","@id":"https:\/\/www.retaildetail.be\/fr\/news\/general\/5-tendances-pour-le-retail-design-en-2025-etes-vous-kiki-ou-buba\/#article","isPartOf":{"@id":"https:\/\/www.retaildetail.be\/fr\/news\/general\/5-tendances-pour-le-retail-design-en-2025-etes-vous-kiki-ou-buba\/"},"author":{"name":"Pauline Neerman","@id":"https:\/\/www.retaildetail.be\/nl\/#\/schema\/person\/66b54803fa10759039079458ea89e307"},"headline":"5 tendances pour le retail design en 2025 : \u00ab \u00cates-vous Kiki ou Buba ? \u00bb","datePublished":"2025-03-11T09:07:59+00:00","dateModified":"2025-03-11T09:13:32+00:00","mainEntityOfPage":{"@id":"https:\/\/www.retaildetail.be\/fr\/news\/general\/5-tendances-pour-le-retail-design-en-2025-etes-vous-kiki-ou-buba\/"},"wordCount":1083,"publisher":{"@id":"https:\/\/www.retaildetail.be\/nl\/#organization"},"image":{"@id":"https:\/\/www.retaildetail.be\/fr\/news\/general\/5-tendances-pour-le-retail-design-en-2025-etes-vous-kiki-ou-buba\/#primaryimage"},"thumbnailUrl":"https:\/\/www.retaildetail.be\/wp-content\/uploads\/2022\/04\/Katelijn-Quartier-Retail-Design-Lab.jpg","articleSection":["G\u00e9n\u00e9ral"],"inLanguage":"fr-FR","copyrightYear":"2025","copyrightHolder":{"@id":"https:\/\/www.retaildetail.be\/#organization"}},{"@type":"WebPage","@id":"https:\/\/www.retaildetail.be\/fr\/news\/general\/5-tendances-pour-le-retail-design-en-2025-etes-vous-kiki-ou-buba\/","url":"https:\/\/www.retaildetail.be\/fr\/news\/general\/5-tendances-pour-le-retail-design-en-2025-etes-vous-kiki-ou-buba\/","name":"5 tendances pour le retail design en 2025 : \u00ab \u00cates-vous Kiki ou Buba ? \u00bb - RetailDetail BE","isPartOf":{"@id":"https:\/\/www.retaildetail.be\/nl\/#website"},"primaryImageOfPage":{"@id":"https:\/\/www.retaildetail.be\/fr\/news\/general\/5-tendances-pour-le-retail-design-en-2025-etes-vous-kiki-ou-buba\/#primaryimage"},"image":{"@id":"https:\/\/www.retaildetail.be\/fr\/news\/general\/5-tendances-pour-le-retail-design-en-2025-etes-vous-kiki-ou-buba\/#primaryimage"},"thumbnailUrl":"https:\/\/www.retaildetail.be\/wp-content\/uploads\/2022\/04\/Katelijn-Quartier-Retail-Design-Lab.jpg","datePublished":"2025-03-11T09:07:59+00:00","dateModified":"2025-03-11T09:13:32+00:00","description":"\u00ab Les retailers qui investissent encore le font de mani\u00e8re plus r\u00e9fl\u00e9chie \u00bb, constate Katelijn Quartier, professeur en Retail Design \u00e0 l'UHasselt.","breadcrumb":{"@id":"https:\/\/www.retaildetail.be\/fr\/news\/general\/5-tendances-pour-le-retail-design-en-2025-etes-vous-kiki-ou-buba\/#breadcrumb"},"inLanguage":"fr-FR","potentialAction":[{"@type":"ReadAction","target":["https:\/\/www.retaildetail.be\/fr\/news\/general\/5-tendances-pour-le-retail-design-en-2025-etes-vous-kiki-ou-buba\/"]}]},{"@type":"ImageObject","inLanguage":"fr-FR","@id":"https:\/\/www.retaildetail.be\/fr\/news\/general\/5-tendances-pour-le-retail-design-en-2025-etes-vous-kiki-ou-buba\/#primaryimage","url":"https:\/\/www.retaildetail.be\/wp-content\/uploads\/2022\/04\/Katelijn-Quartier-Retail-Design-Lab.jpg","contentUrl":"https:\/\/www.retaildetail.be\/wp-content\/uploads\/2022\/04\/Katelijn-Quartier-Retail-Design-Lab.jpg","width":941,"height":682,"caption":"Katelijn Quartier, Retail Design Lab"},{"@type":"BreadcrumbList","@id":"https:\/\/www.retaildetail.be\/fr\/news\/general\/5-tendances-pour-le-retail-design-en-2025-etes-vous-kiki-ou-buba\/#breadcrumb","itemListElement":[{"@type":"ListItem","position":1,"name":"Home","item":"https:\/\/www.retaildetail.be\/fr\/"},{"@type":"ListItem","position":2,"name":"5 tendances pour le retail design en 2025 : \u00ab \u00cates-vous Kiki ou Buba ? \u00bb"}]},{"@type":"WebSite","@id":"https:\/\/www.retaildetail.be\/nl\/#website","url":"https:\/\/www.retaildetail.be\/nl\/","name":"RetailDetail BE","description":"News","publisher":{"@id":"https:\/\/www.retaildetail.be\/nl\/#organization"},"potentialAction":[{"@type":"SearchAction","target":{"@type":"EntryPoint","urlTemplate":"https:\/\/www.retaildetail.be\/nl\/?s={search_term_string}"},"query-input":{"@type":"PropertyValueSpecification","valueRequired":true,"valueName":"search_term_string"}}],"inLanguage":"fr-FR"},{"@type":"Organization","@id":"https:\/\/www.retaildetail.be\/nl\/#organization","name":"RetailDetail BE","url":"https:\/\/www.retaildetail.be\/nl\/","logo":{"@type":"ImageObject","inLanguage":"fr-FR","@id":"https:\/\/www.retaildetail.be\/nl\/#\/schema\/logo\/image\/","url":"https:\/\/www.retaildetail.be\/wp-content\/uploads\/2022\/04\/logo.svg","contentUrl":"https:\/\/www.retaildetail.be\/wp-content\/uploads\/2022\/04\/logo.svg","width":131,"height":70,"caption":"RetailDetail BE"},"image":{"@id":"https:\/\/www.retaildetail.be\/nl\/#\/schema\/logo\/image\/"}},{"@type":"Person","@id":"https:\/\/www.retaildetail.be\/nl\/#\/schema\/person\/66b54803fa10759039079458ea89e307","name":"Pauline Neerman","image":{"@type":"ImageObject","inLanguage":"fr-FR","@id":"https:\/\/secure.gravatar.com\/avatar\/58db22aee589a691f9603e5765ac06010427a923f9b2728b951eb7fe27214d70?s=96&d=mm&r=g","url":"https:\/\/secure.gravatar.com\/avatar\/58db22aee589a691f9603e5765ac06010427a923f9b2728b951eb7fe27214d70?s=96&d=mm&r=g","contentUrl":"https:\/\/secure.gravatar.com\/avatar\/58db22aee589a691f9603e5765ac06010427a923f9b2728b951eb7fe27214d70?s=96&d=mm&r=g","caption":"Pauline Neerman"},"url":"https:\/\/www.retaildetail.be\/fr\/author\/paulineneerman\/"}]}},"jetpack_featured_media_url":"https:\/\/www.retaildetail.be\/wp-content\/uploads\/2022\/04\/Katelijn-Quartier-Retail-Design-Lab.jpg","jetpack_sharing_enabled":true,"_links":{"self":[{"href":"https:\/\/www.retaildetail.be\/fr\/wp-json\/wp\/v2\/posts\/114919","targetHints":{"allow":["GET"]}}],"collection":[{"href":"https:\/\/www.retaildetail.be\/fr\/wp-json\/wp\/v2\/posts"}],"about":[{"href":"https:\/\/www.retaildetail.be\/fr\/wp-json\/wp\/v2\/types\/post"}],"author":[{"embeddable":true,"href":"https:\/\/www.retaildetail.be\/fr\/wp-json\/wp\/v2\/users\/5"}],"replies":[{"embeddable":true,"href":"https:\/\/www.retaildetail.be\/fr\/wp-json\/wp\/v2\/comments?post=114919"}],"version-history":[{"count":1,"href":"https:\/\/www.retaildetail.be\/fr\/wp-json\/wp\/v2\/posts\/114919\/revisions"}],"predecessor-version":[{"id":114920,"href":"https:\/\/www.retaildetail.be\/fr\/wp-json\/wp\/v2\/posts\/114919\/revisions\/114920"}],"wp:featuredmedia":[{"embeddable":true,"href":"https:\/\/www.retaildetail.be\/fr\/wp-json\/wp\/v2\/media\/55640"}],"wp:attachment":[{"href":"https:\/\/www.retaildetail.be\/fr\/wp-json\/wp\/v2\/media?parent=114919"}],"wp:term":[{"taxonomy":"category","embeddable":true,"href":"https:\/\/www.retaildetail.be\/fr\/wp-json\/wp\/v2\/categories?post=114919"},{"taxonomy":"post_tag","embeddable":true,"href":"https:\/\/www.retaildetail.be\/fr\/wp-json\/wp\/v2\/tags?post=114919"},{"taxonomy":"people","embeddable":true,"href":"https:\/\/www.retaildetail.be\/fr\/wp-json\/wp\/v2\/people?post=114919"},{"taxonomy":"extra","embeddable":true,"href":"https:\/\/www.retaildetail.be\/fr\/wp-json\/wp\/v2\/extra?post=114919"},{"taxonomy":"company","embeddable":true,"href":"https:\/\/www.retaildetail.be\/fr\/wp-json\/wp\/v2\/company?post=114919"},{"taxonomy":"topic","embeddable":true,"href":"https:\/\/www.retaildetail.be\/fr\/wp-json\/wp\/v2\/topic?post=114919"},{"taxonomy":"region","embeddable":true,"href":"https:\/\/www.retaildetail.be\/fr\/wp-json\/wp\/v2\/region?post=114919"}],"curies":[{"name":"wp","href":"https:\/\/api.w.org\/{rel}","templated":true}]}}