{"id":115128,"date":"2025-03-13T10:38:21","date_gmt":"2025-03-13T09:38:21","guid":{"rendered":"https:\/\/www.retaildetail.be\/?p=115128"},"modified":"2025-03-13T10:38:22","modified_gmt":"2025-03-13T09:38:22","slug":"un-folder-plus-compact-et-une-app-renouvelee-pour-carrefour","status":"publish","type":"post","link":"https:\/\/www.retaildetail.be\/fr\/news\/food\/un-folder-plus-compact-et-une-app-renouvelee-pour-carrefour\/","title":{"rendered":"Un folder plus compact et une app renouvel\u00e9e pour Carrefour"},"content":{"rendered":"\n<p>Moins de pages et des promotions plus fortes dans un folder plus compact : c&rsquo;est ainsi que <strong>Carrefour<\/strong> veut avoir plus d&rsquo;impact en Belgique. Dans le m\u00eame temps, le distributeur augmente ses investissements dans la communication num\u00e9rique cibl\u00e9e avec les clients.<\/p>\n\n\n\n<h2 class=\"wp-block-heading\">\u00c9conomies de papier<\/h2>\n\n\n\n<p>Le folder bien connu de Carrefour a fait peau neuve : il se pr\u00e9sente d\u00e9sormais dans un format plus compact, avec moins de pages mais des promotions plus fortes, et il est envoy\u00e9 \u00e0 un plus grand nombre de clients. Ce nouveau format permet de r\u00e9duire encore la consommation de papier : le distributeur entend passer de 3 900 tonnes aujourd&rsquo;hui \u00e0 1 900 tonnes d&rsquo;ici \u00e0 la fin de l&rsquo;ann\u00e9e 2026. En 2022, Carrefour utilisait encore 7 800 tonnes de papier pour ses prospectus.<\/p>\n\n\n\n<p>Le distributeur investit le budget lib\u00e9r\u00e9 dans des communications num\u00e9riques plus cibl\u00e9es, telles que des promotions personnalis\u00e9es via son application, son site web et les m\u00e9dias sociaux. L&rsquo;application r\u00e9cemment remani\u00e9e comprend de nouvelles fonctionnalit\u00e9s : par exemple, les clients peuvent convertir imm\u00e9diatement les promos int\u00e9ressantes en liste de courses et cr\u00e9er plus rapidement des bons d&rsquo;achat bonus pour \u00e9changer les points \u00e9pargn\u00e9s.<\/p>\n","protected":false},"excerpt":{"rendered":"<p>Moins de pages et des promotions plus fortes dans un folder plus compact : c&rsquo;est ainsi que Carrefour veut avoir plus d&rsquo;impact en Belgique. Dans le m\u00eame temps, le distributeur augmente ses investissements dans la communication num\u00e9rique cibl\u00e9e avec les clients.<\/p>\n","protected":false},"author":3,"featured_media":115126,"comment_status":"closed","ping_status":"closed","sticky":false,"template":"","format":"standard","meta":{"_acf_changed":false,"inline_featured_image":false,"_jetpack_memberships_contains_paid_content":false,"footnotes":""},"categories":[24],"tags":[],"people":[],"extra":[],"company":[87],"topic":[488],"region":[226],"class_list":["post-115128","post","type-post","status-publish","format-standard","has-post-thumbnail","hentry","category-food","company-carrefour","topic-marketing","region-belgique"],"acf":[],"yoast_head":"<!-- This site is optimized with the Yoast SEO plugin v27.3 - https:\/\/yoast.com\/product\/yoast-seo-wordpress\/ -->\n<title>Un folder plus compact et une app renouvel\u00e9e pour Carrefour - RetailDetail BE<\/title>\n<meta name=\"description\" content=\"Moins de pages et des promotions plus fortes dans un folder plus compact : c&#039;est ainsi que Carrefour veut avoir plus d&#039;impact en Belgique.\" \/>\n<meta name=\"robots\" content=\"index, follow, max-snippet:-1, max-image-preview:large, max-video-preview:-1\" \/>\n<link rel=\"canonical\" href=\"https:\/\/www.retaildetail.be\/fr\/news\/food\/un-folder-plus-compact-et-une-app-renouvelee-pour-carrefour\/\" \/>\n<meta property=\"og:locale\" content=\"fr_FR\" \/>\n<meta property=\"og:type\" content=\"article\" \/>\n<meta property=\"og:title\" content=\"Un folder plus compact et une app renouvel\u00e9e pour Carrefour - RetailDetail BE\" \/>\n<meta property=\"og:description\" content=\"Moins de pages et des promotions plus fortes dans un folder plus compact : c&#039;est ainsi que Carrefour veut avoir plus d&#039;impact en Belgique.\" \/>\n<meta property=\"og:url\" content=\"https:\/\/www.retaildetail.be\/fr\/news\/food\/un-folder-plus-compact-et-une-app-renouvelee-pour-carrefour\/\" \/>\n<meta property=\"og:site_name\" content=\"RetailDetail BE\" \/>\n<meta property=\"article:published_time\" content=\"2025-03-13T09:38:21+00:00\" \/>\n<meta property=\"article:modified_time\" content=\"2025-03-13T09:38:22+00:00\" \/>\n<meta property=\"og:image\" content=\"https:\/\/www.retaildetail.be\/wp-content\/uploads\/2025\/03\/carrefour-folder-fr.png\" \/>\n\t<meta property=\"og:image:width\" content=\"1118\" \/>\n\t<meta property=\"og:image:height\" content=\"637\" \/>\n\t<meta property=\"og:image:type\" content=\"image\/png\" \/>\n<meta name=\"author\" content=\"Stefan Van Rompaey\" \/>\n<meta name=\"twitter:card\" content=\"summary_large_image\" \/>\n<meta name=\"twitter:label1\" content=\"\u00c9crit par\" \/>\n\t<meta name=\"twitter:data1\" content=\"Stefan Van Rompaey\" \/>\n\t<meta name=\"twitter:label2\" content=\"Dur\u00e9e de lecture estim\u00e9e\" \/>\n\t<meta name=\"twitter:data2\" content=\"1 minute\" \/>\n<script type=\"application\/ld+json\" class=\"yoast-schema-graph\">{\"@context\":\"https:\\\/\\\/schema.org\",\"@graph\":[{\"@type\":\"NewsArticle\",\"@id\":\"https:\\\/\\\/www.retaildetail.be\\\/fr\\\/news\\\/food\\\/un-folder-plus-compact-et-une-app-renouvelee-pour-carrefour\\\/#article\",\"isPartOf\":{\"@id\":\"https:\\\/\\\/www.retaildetail.be\\\/fr\\\/news\\\/food\\\/un-folder-plus-compact-et-une-app-renouvelee-pour-carrefour\\\/\"},\"author\":{\"name\":\"Stefan Van Rompaey\",\"@id\":\"https:\\\/\\\/www.retaildetail.be\\\/nl\\\/#\\\/schema\\\/person\\\/51aec6069c4416aa2f68b2e4ff3455df\"},\"headline\":\"Un folder plus compact et une app renouvel\u00e9e pour Carrefour\",\"datePublished\":\"2025-03-13T09:38:21+00:00\",\"dateModified\":\"2025-03-13T09:38:22+00:00\",\"mainEntityOfPage\":{\"@id\":\"https:\\\/\\\/www.retaildetail.be\\\/fr\\\/news\\\/food\\\/un-folder-plus-compact-et-une-app-renouvelee-pour-carrefour\\\/\"},\"wordCount\":213,\"publisher\":{\"@id\":\"https:\\\/\\\/www.retaildetail.be\\\/nl\\\/#organization\"},\"image\":{\"@id\":\"https:\\\/\\\/www.retaildetail.be\\\/fr\\\/news\\\/food\\\/un-folder-plus-compact-et-une-app-renouvelee-pour-carrefour\\\/#primaryimage\"},\"thumbnailUrl\":\"https:\\\/\\\/www.retaildetail.be\\\/wp-content\\\/uploads\\\/2025\\\/03\\\/carrefour-folder-fr.png\",\"articleSection\":[\"Food\"],\"inLanguage\":\"fr-FR\",\"copyrightYear\":\"2025\",\"copyrightHolder\":{\"@id\":\"https:\\\/\\\/www.retaildetail.be\\\/#organization\"}},{\"@type\":\"WebPage\",\"@id\":\"https:\\\/\\\/www.retaildetail.be\\\/fr\\\/news\\\/food\\\/un-folder-plus-compact-et-une-app-renouvelee-pour-carrefour\\\/\",\"url\":\"https:\\\/\\\/www.retaildetail.be\\\/fr\\\/news\\\/food\\\/un-folder-plus-compact-et-une-app-renouvelee-pour-carrefour\\\/\",\"name\":\"Un folder plus compact et une app renouvel\u00e9e pour Carrefour - RetailDetail BE\",\"isPartOf\":{\"@id\":\"https:\\\/\\\/www.retaildetail.be\\\/nl\\\/#website\"},\"primaryImageOfPage\":{\"@id\":\"https:\\\/\\\/www.retaildetail.be\\\/fr\\\/news\\\/food\\\/un-folder-plus-compact-et-une-app-renouvelee-pour-carrefour\\\/#primaryimage\"},\"image\":{\"@id\":\"https:\\\/\\\/www.retaildetail.be\\\/fr\\\/news\\\/food\\\/un-folder-plus-compact-et-une-app-renouvelee-pour-carrefour\\\/#primaryimage\"},\"thumbnailUrl\":\"https:\\\/\\\/www.retaildetail.be\\\/wp-content\\\/uploads\\\/2025\\\/03\\\/carrefour-folder-fr.png\",\"datePublished\":\"2025-03-13T09:38:21+00:00\",\"dateModified\":\"2025-03-13T09:38:22+00:00\",\"description\":\"Moins de pages et des promotions plus fortes dans un folder plus compact : c'est ainsi que Carrefour veut avoir plus d'impact en Belgique.\",\"breadcrumb\":{\"@id\":\"https:\\\/\\\/www.retaildetail.be\\\/fr\\\/news\\\/food\\\/un-folder-plus-compact-et-une-app-renouvelee-pour-carrefour\\\/#breadcrumb\"},\"inLanguage\":\"fr-FR\",\"potentialAction\":[{\"@type\":\"ReadAction\",\"target\":[\"https:\\\/\\\/www.retaildetail.be\\\/fr\\\/news\\\/food\\\/un-folder-plus-compact-et-une-app-renouvelee-pour-carrefour\\\/\"]}]},{\"@type\":\"ImageObject\",\"inLanguage\":\"fr-FR\",\"@id\":\"https:\\\/\\\/www.retaildetail.be\\\/fr\\\/news\\\/food\\\/un-folder-plus-compact-et-une-app-renouvelee-pour-carrefour\\\/#primaryimage\",\"url\":\"https:\\\/\\\/www.retaildetail.be\\\/wp-content\\\/uploads\\\/2025\\\/03\\\/carrefour-folder-fr.png\",\"contentUrl\":\"https:\\\/\\\/www.retaildetail.be\\\/wp-content\\\/uploads\\\/2025\\\/03\\\/carrefour-folder-fr.png\",\"width\":1118,\"height\":637,\"caption\":\"Carrefour\"},{\"@type\":\"BreadcrumbList\",\"@id\":\"https:\\\/\\\/www.retaildetail.be\\\/fr\\\/news\\\/food\\\/un-folder-plus-compact-et-une-app-renouvelee-pour-carrefour\\\/#breadcrumb\",\"itemListElement\":[{\"@type\":\"ListItem\",\"position\":1,\"name\":\"Home\",\"item\":\"https:\\\/\\\/www.retaildetail.be\\\/fr\\\/\"},{\"@type\":\"ListItem\",\"position\":2,\"name\":\"Un folder plus compact et une app renouvel\u00e9e pour Carrefour\"}]},{\"@type\":\"WebSite\",\"@id\":\"https:\\\/\\\/www.retaildetail.be\\\/nl\\\/#website\",\"url\":\"https:\\\/\\\/www.retaildetail.be\\\/nl\\\/\",\"name\":\"RetailDetail BE\",\"description\":\"News\",\"publisher\":{\"@id\":\"https:\\\/\\\/www.retaildetail.be\\\/nl\\\/#organization\"},\"potentialAction\":[{\"@type\":\"SearchAction\",\"target\":{\"@type\":\"EntryPoint\",\"urlTemplate\":\"https:\\\/\\\/www.retaildetail.be\\\/nl\\\/?s={search_term_string}\"},\"query-input\":{\"@type\":\"PropertyValueSpecification\",\"valueRequired\":true,\"valueName\":\"search_term_string\"}}],\"inLanguage\":\"fr-FR\"},{\"@type\":\"Organization\",\"@id\":\"https:\\\/\\\/www.retaildetail.be\\\/nl\\\/#organization\",\"name\":\"RetailDetail BE\",\"url\":\"https:\\\/\\\/www.retaildetail.be\\\/nl\\\/\",\"logo\":{\"@type\":\"ImageObject\",\"inLanguage\":\"fr-FR\",\"@id\":\"https:\\\/\\\/www.retaildetail.be\\\/nl\\\/#\\\/schema\\\/logo\\\/image\\\/\",\"url\":\"https:\\\/\\\/www.retaildetail.be\\\/wp-content\\\/uploads\\\/2022\\\/04\\\/logo.svg\",\"contentUrl\":\"https:\\\/\\\/www.retaildetail.be\\\/wp-content\\\/uploads\\\/2022\\\/04\\\/logo.svg\",\"width\":131,\"height\":70,\"caption\":\"RetailDetail BE\"},\"image\":{\"@id\":\"https:\\\/\\\/www.retaildetail.be\\\/nl\\\/#\\\/schema\\\/logo\\\/image\\\/\"}},{\"@type\":\"Person\",\"@id\":\"https:\\\/\\\/www.retaildetail.be\\\/nl\\\/#\\\/schema\\\/person\\\/51aec6069c4416aa2f68b2e4ff3455df\",\"name\":\"Stefan Van Rompaey\",\"image\":{\"@type\":\"ImageObject\",\"inLanguage\":\"fr-FR\",\"@id\":\"https:\\\/\\\/secure.gravatar.com\\\/avatar\\\/fbbb4a80a0f109888b2a5ab8ae255617499ecde533749b3ab2fa6c23b5d65dac?s=96&d=mm&r=g\",\"url\":\"https:\\\/\\\/secure.gravatar.com\\\/avatar\\\/fbbb4a80a0f109888b2a5ab8ae255617499ecde533749b3ab2fa6c23b5d65dac?s=96&d=mm&r=g\",\"contentUrl\":\"https:\\\/\\\/secure.gravatar.com\\\/avatar\\\/fbbb4a80a0f109888b2a5ab8ae255617499ecde533749b3ab2fa6c23b5d65dac?s=96&d=mm&r=g\",\"caption\":\"Stefan Van Rompaey\"},\"url\":\"https:\\\/\\\/www.retaildetail.be\\\/fr\\\/author\\\/stefanvanrompaey\\\/\"}]}<\/script>\n<!-- \/ Yoast SEO plugin. -->","yoast_head_json":{"title":"Un folder plus compact et une app renouvel\u00e9e pour Carrefour - RetailDetail BE","description":"Moins de pages et des promotions plus fortes dans un folder plus compact : c'est ainsi que Carrefour veut avoir plus d'impact en Belgique.","robots":{"index":"index","follow":"follow","max-snippet":"max-snippet:-1","max-image-preview":"max-image-preview:large","max-video-preview":"max-video-preview:-1"},"canonical":"https:\/\/www.retaildetail.be\/fr\/news\/food\/un-folder-plus-compact-et-une-app-renouvelee-pour-carrefour\/","og_locale":"fr_FR","og_type":"article","og_title":"Un folder plus compact et une app renouvel\u00e9e pour Carrefour - RetailDetail BE","og_description":"Moins de pages et des promotions plus fortes dans un folder plus compact : c'est ainsi que Carrefour veut avoir plus d'impact en Belgique.","og_url":"https:\/\/www.retaildetail.be\/fr\/news\/food\/un-folder-plus-compact-et-une-app-renouvelee-pour-carrefour\/","og_site_name":"RetailDetail BE","article_published_time":"2025-03-13T09:38:21+00:00","article_modified_time":"2025-03-13T09:38:22+00:00","og_image":[{"width":1118,"height":637,"url":"https:\/\/www.retaildetail.be\/wp-content\/uploads\/2025\/03\/carrefour-folder-fr.png","type":"image\/png"}],"author":"Stefan Van Rompaey","twitter_card":"summary_large_image","twitter_misc":{"\u00c9crit par":"Stefan Van Rompaey","Dur\u00e9e de lecture estim\u00e9e":"1 minute"},"schema":{"@context":"https:\/\/schema.org","@graph":[{"@type":"NewsArticle","@id":"https:\/\/www.retaildetail.be\/fr\/news\/food\/un-folder-plus-compact-et-une-app-renouvelee-pour-carrefour\/#article","isPartOf":{"@id":"https:\/\/www.retaildetail.be\/fr\/news\/food\/un-folder-plus-compact-et-une-app-renouvelee-pour-carrefour\/"},"author":{"name":"Stefan Van Rompaey","@id":"https:\/\/www.retaildetail.be\/nl\/#\/schema\/person\/51aec6069c4416aa2f68b2e4ff3455df"},"headline":"Un folder plus compact et une app renouvel\u00e9e pour Carrefour","datePublished":"2025-03-13T09:38:21+00:00","dateModified":"2025-03-13T09:38:22+00:00","mainEntityOfPage":{"@id":"https:\/\/www.retaildetail.be\/fr\/news\/food\/un-folder-plus-compact-et-une-app-renouvelee-pour-carrefour\/"},"wordCount":213,"publisher":{"@id":"https:\/\/www.retaildetail.be\/nl\/#organization"},"image":{"@id":"https:\/\/www.retaildetail.be\/fr\/news\/food\/un-folder-plus-compact-et-une-app-renouvelee-pour-carrefour\/#primaryimage"},"thumbnailUrl":"https:\/\/www.retaildetail.be\/wp-content\/uploads\/2025\/03\/carrefour-folder-fr.png","articleSection":["Food"],"inLanguage":"fr-FR","copyrightYear":"2025","copyrightHolder":{"@id":"https:\/\/www.retaildetail.be\/#organization"}},{"@type":"WebPage","@id":"https:\/\/www.retaildetail.be\/fr\/news\/food\/un-folder-plus-compact-et-une-app-renouvelee-pour-carrefour\/","url":"https:\/\/www.retaildetail.be\/fr\/news\/food\/un-folder-plus-compact-et-une-app-renouvelee-pour-carrefour\/","name":"Un folder plus compact et une app renouvel\u00e9e pour Carrefour - RetailDetail BE","isPartOf":{"@id":"https:\/\/www.retaildetail.be\/nl\/#website"},"primaryImageOfPage":{"@id":"https:\/\/www.retaildetail.be\/fr\/news\/food\/un-folder-plus-compact-et-une-app-renouvelee-pour-carrefour\/#primaryimage"},"image":{"@id":"https:\/\/www.retaildetail.be\/fr\/news\/food\/un-folder-plus-compact-et-une-app-renouvelee-pour-carrefour\/#primaryimage"},"thumbnailUrl":"https:\/\/www.retaildetail.be\/wp-content\/uploads\/2025\/03\/carrefour-folder-fr.png","datePublished":"2025-03-13T09:38:21+00:00","dateModified":"2025-03-13T09:38:22+00:00","description":"Moins de pages et des promotions plus fortes dans un folder plus compact : c'est ainsi que Carrefour veut avoir plus d'impact en Belgique.","breadcrumb":{"@id":"https:\/\/www.retaildetail.be\/fr\/news\/food\/un-folder-plus-compact-et-une-app-renouvelee-pour-carrefour\/#breadcrumb"},"inLanguage":"fr-FR","potentialAction":[{"@type":"ReadAction","target":["https:\/\/www.retaildetail.be\/fr\/news\/food\/un-folder-plus-compact-et-une-app-renouvelee-pour-carrefour\/"]}]},{"@type":"ImageObject","inLanguage":"fr-FR","@id":"https:\/\/www.retaildetail.be\/fr\/news\/food\/un-folder-plus-compact-et-une-app-renouvelee-pour-carrefour\/#primaryimage","url":"https:\/\/www.retaildetail.be\/wp-content\/uploads\/2025\/03\/carrefour-folder-fr.png","contentUrl":"https:\/\/www.retaildetail.be\/wp-content\/uploads\/2025\/03\/carrefour-folder-fr.png","width":1118,"height":637,"caption":"Carrefour"},{"@type":"BreadcrumbList","@id":"https:\/\/www.retaildetail.be\/fr\/news\/food\/un-folder-plus-compact-et-une-app-renouvelee-pour-carrefour\/#breadcrumb","itemListElement":[{"@type":"ListItem","position":1,"name":"Home","item":"https:\/\/www.retaildetail.be\/fr\/"},{"@type":"ListItem","position":2,"name":"Un folder plus compact et une app renouvel\u00e9e pour Carrefour"}]},{"@type":"WebSite","@id":"https:\/\/www.retaildetail.be\/nl\/#website","url":"https:\/\/www.retaildetail.be\/nl\/","name":"RetailDetail BE","description":"News","publisher":{"@id":"https:\/\/www.retaildetail.be\/nl\/#organization"},"potentialAction":[{"@type":"SearchAction","target":{"@type":"EntryPoint","urlTemplate":"https:\/\/www.retaildetail.be\/nl\/?s={search_term_string}"},"query-input":{"@type":"PropertyValueSpecification","valueRequired":true,"valueName":"search_term_string"}}],"inLanguage":"fr-FR"},{"@type":"Organization","@id":"https:\/\/www.retaildetail.be\/nl\/#organization","name":"RetailDetail BE","url":"https:\/\/www.retaildetail.be\/nl\/","logo":{"@type":"ImageObject","inLanguage":"fr-FR","@id":"https:\/\/www.retaildetail.be\/nl\/#\/schema\/logo\/image\/","url":"https:\/\/www.retaildetail.be\/wp-content\/uploads\/2022\/04\/logo.svg","contentUrl":"https:\/\/www.retaildetail.be\/wp-content\/uploads\/2022\/04\/logo.svg","width":131,"height":70,"caption":"RetailDetail BE"},"image":{"@id":"https:\/\/www.retaildetail.be\/nl\/#\/schema\/logo\/image\/"}},{"@type":"Person","@id":"https:\/\/www.retaildetail.be\/nl\/#\/schema\/person\/51aec6069c4416aa2f68b2e4ff3455df","name":"Stefan Van Rompaey","image":{"@type":"ImageObject","inLanguage":"fr-FR","@id":"https:\/\/secure.gravatar.com\/avatar\/fbbb4a80a0f109888b2a5ab8ae255617499ecde533749b3ab2fa6c23b5d65dac?s=96&d=mm&r=g","url":"https:\/\/secure.gravatar.com\/avatar\/fbbb4a80a0f109888b2a5ab8ae255617499ecde533749b3ab2fa6c23b5d65dac?s=96&d=mm&r=g","contentUrl":"https:\/\/secure.gravatar.com\/avatar\/fbbb4a80a0f109888b2a5ab8ae255617499ecde533749b3ab2fa6c23b5d65dac?s=96&d=mm&r=g","caption":"Stefan Van Rompaey"},"url":"https:\/\/www.retaildetail.be\/fr\/author\/stefanvanrompaey\/"}]}},"jetpack_featured_media_url":"https:\/\/www.retaildetail.be\/wp-content\/uploads\/2025\/03\/carrefour-folder-fr.png","jetpack_sharing_enabled":true,"_links":{"self":[{"href":"https:\/\/www.retaildetail.be\/fr\/wp-json\/wp\/v2\/posts\/115128","targetHints":{"allow":["GET"]}}],"collection":[{"href":"https:\/\/www.retaildetail.be\/fr\/wp-json\/wp\/v2\/posts"}],"about":[{"href":"https:\/\/www.retaildetail.be\/fr\/wp-json\/wp\/v2\/types\/post"}],"author":[{"embeddable":true,"href":"https:\/\/www.retaildetail.be\/fr\/wp-json\/wp\/v2\/users\/3"}],"replies":[{"embeddable":true,"href":"https:\/\/www.retaildetail.be\/fr\/wp-json\/wp\/v2\/comments?post=115128"}],"version-history":[{"count":2,"href":"https:\/\/www.retaildetail.be\/fr\/wp-json\/wp\/v2\/posts\/115128\/revisions"}],"predecessor-version":[{"id":115130,"href":"https:\/\/www.retaildetail.be\/fr\/wp-json\/wp\/v2\/posts\/115128\/revisions\/115130"}],"wp:featuredmedia":[{"embeddable":true,"href":"https:\/\/www.retaildetail.be\/fr\/wp-json\/wp\/v2\/media\/115126"}],"wp:attachment":[{"href":"https:\/\/www.retaildetail.be\/fr\/wp-json\/wp\/v2\/media?parent=115128"}],"wp:term":[{"taxonomy":"category","embeddable":true,"href":"https:\/\/www.retaildetail.be\/fr\/wp-json\/wp\/v2\/categories?post=115128"},{"taxonomy":"post_tag","embeddable":true,"href":"https:\/\/www.retaildetail.be\/fr\/wp-json\/wp\/v2\/tags?post=115128"},{"taxonomy":"people","embeddable":true,"href":"https:\/\/www.retaildetail.be\/fr\/wp-json\/wp\/v2\/people?post=115128"},{"taxonomy":"extra","embeddable":true,"href":"https:\/\/www.retaildetail.be\/fr\/wp-json\/wp\/v2\/extra?post=115128"},{"taxonomy":"company","embeddable":true,"href":"https:\/\/www.retaildetail.be\/fr\/wp-json\/wp\/v2\/company?post=115128"},{"taxonomy":"topic","embeddable":true,"href":"https:\/\/www.retaildetail.be\/fr\/wp-json\/wp\/v2\/topic?post=115128"},{"taxonomy":"region","embeddable":true,"href":"https:\/\/www.retaildetail.be\/fr\/wp-json\/wp\/v2\/region?post=115128"}],"curies":[{"name":"wp","href":"https:\/\/api.w.org\/{rel}","templated":true}]}}