{"id":123488,"date":"2025-07-24T19:59:18","date_gmt":"2025-07-24T17:59:18","guid":{"rendered":"https:\/\/www.retaildetail.be\/?p=123488"},"modified":"2025-07-24T19:59:20","modified_gmt":"2025-07-24T17:59:20","slug":"deuxieme-trimestre-solide-pour-carrefour-belgique","status":"publish","type":"post","link":"https:\/\/www.retaildetail.be\/fr\/news\/food\/deuxieme-trimestre-solide-pour-carrefour-belgique\/","title":{"rendered":"Deuxi\u00e8me trimestre solide pour Carrefour Belgique"},"content":{"rendered":"\n<p>En Belgique, <strong>Carrefour <\/strong>a enregistr\u00e9 une croissance de son chiffre d&rsquo;affaires comparable au deuxi\u00e8me trimestre. C&rsquo;est un coup de pouce pour le distributeur alimentaire, apr\u00e8s un premier trimestre plus difficile.<\/p>\n\n\n\n<h2 class=\"wp-block-heading\">Baisses de prix et promotions commerciales<\/h2>\n\n\n\n<p>Avec une augmentation de 1,95 % de son chiffre d&rsquo;affaires comparable \u00e0 1,1 milliards d\u2019euros au deuxi\u00e8me trimestre, Carrefour Belgique peut se montrer satisfait. Les performances se sont am\u00e9lior\u00e9es dans tous les formats de magasins et les volumes sont \u00e0 nouveau en hausse. Le distributeur alimentaire cl\u00f4ture le premier semestre avec ce qu&rsquo;il qualifie lui-m\u00eame d&rsquo;\u00ab am\u00e9lioration notoire du r\u00e9sultat op\u00e9rationnel courant (<em>recurring operating income<\/em>).&nbsp;\u00bb Au premier trimestre, le chiffre d&rsquo;affaires comparable <a href=\"https:\/\/www.retaildetail.be\/fr\/news\/food\/les-ventes-de-carrefour-legerement-sous-pression-en-france-et-en-belgique\/\">avait encore recul\u00e9 de 1,1 %<\/a>, notamment en raison de gr\u00e8ves.<\/p>\n\n\n\n<p>Carrefour attribue l&rsquo;am\u00e9lioration de ses r\u00e9sultats \u00e0 la baisse des prix de plus de 3 000 produits et \u00e0 des promotions commerciales exclusives telles que Scanmania, Jalla et Belg\u00e9tarien. Le distributeur a \u00e9galement ajout\u00e9 pr\u00e8s de 3 500 nouveaux produits \u00e0 son assortiment. De plus, le commerce \u00e9lectronique a connu un essor, l&rsquo;application Carrefour a \u00e9t\u00e9 renouvel\u00e9e <a href=\"https:\/\/www.retaildetail.be\/fr\/news\/food\/un-folder-plus-compact-et-une-app-renouvelee-pour-carrefour\/\">et le nombre de prospectus papier a \u00e9t\u00e9 r\u00e9duit<\/a>.<\/p>\n\n\n\n<p>L&rsquo;ajout de plus de 3 500 produits \u00e0 la base de donn\u00e9es Open Food Facts et l&rsquo;am\u00e9lioration du Nutri-Score de 30 de ses propres produits favorisent la transparence et les choix sains, conform\u00e9ment au programme Act for Food qui vise \u00e0 promouvoir une alimentation saine, durable et accessible \u00e0 tous.<\/p>\n","protected":false},"excerpt":{"rendered":"<p>En Belgique, Carrefour a enregistr\u00e9 une croissance de son chiffre d&rsquo;affaires comparable au deuxi\u00e8me trimestre. C&rsquo;est un coup de pouce pour le distributeur alimentaire, apr\u00e8s un premier trimestre plus difficile. <\/p>\n","protected":false},"author":3,"featured_media":117463,"comment_status":"closed","ping_status":"closed","sticky":false,"template":"","format":"standard","meta":{"_acf_changed":false,"inline_featured_image":false,"_jetpack_memberships_contains_paid_content":false,"footnotes":""},"categories":[24],"tags":[],"people":[],"extra":[],"company":[87],"topic":[266],"region":[226],"class_list":["post-123488","post","type-post","status-publish","format-standard","has-post-thumbnail","hentry","category-food","company-carrefour","topic-resultats-financiers","region-belgique"],"acf":[],"yoast_head":"<!-- This site is optimized with the Yoast SEO plugin v27.3 - https:\/\/yoast.com\/product\/yoast-seo-wordpress\/ -->\n<title>Deuxi\u00e8me trimestre solide pour Carrefour Belgique - RetailDetail BE<\/title>\n<meta name=\"description\" content=\"En Belgique, Carrefour a enregistr\u00e9 une croissance de son chiffre d&#039;affaires comparable au deuxi\u00e8me trimestre.\" \/>\n<meta name=\"robots\" content=\"index, follow, max-snippet:-1, max-image-preview:large, max-video-preview:-1\" \/>\n<link rel=\"canonical\" href=\"https:\/\/www.retaildetail.be\/fr\/news\/food\/deuxieme-trimestre-solide-pour-carrefour-belgique\/\" \/>\n<meta property=\"og:locale\" content=\"fr_FR\" \/>\n<meta property=\"og:type\" content=\"article\" \/>\n<meta property=\"og:title\" content=\"Deuxi\u00e8me trimestre solide pour Carrefour Belgique - RetailDetail BE\" \/>\n<meta property=\"og:description\" content=\"En Belgique, Carrefour a enregistr\u00e9 une croissance de son chiffre d&#039;affaires comparable au deuxi\u00e8me trimestre.\" \/>\n<meta property=\"og:url\" content=\"https:\/\/www.retaildetail.be\/fr\/news\/food\/deuxieme-trimestre-solide-pour-carrefour-belgique\/\" \/>\n<meta property=\"og:site_name\" content=\"RetailDetail BE\" \/>\n<meta property=\"article:published_time\" content=\"2025-07-24T17:59:18+00:00\" \/>\n<meta property=\"article:modified_time\" content=\"2025-07-24T17:59:20+00:00\" \/>\n<meta property=\"og:image\" content=\"https:\/\/www.retaildetail.be\/wp-content\/uploads\/2025\/04\/Carrefour-Market-Woluwe.jpg\" \/>\n\t<meta property=\"og:image:width\" content=\"1348\" \/>\n\t<meta property=\"og:image:height\" content=\"895\" \/>\n\t<meta property=\"og:image:type\" content=\"image\/jpeg\" \/>\n<meta name=\"author\" content=\"Stefan Van Rompaey\" \/>\n<meta name=\"twitter:card\" content=\"summary_large_image\" \/>\n<meta name=\"twitter:label1\" content=\"\u00c9crit par\" \/>\n\t<meta name=\"twitter:data1\" content=\"Stefan Van Rompaey\" \/>\n\t<meta name=\"twitter:label2\" content=\"Dur\u00e9e de lecture estim\u00e9e\" \/>\n\t<meta name=\"twitter:data2\" content=\"1 minute\" \/>\n<script type=\"application\/ld+json\" class=\"yoast-schema-graph\">{\"@context\":\"https:\\\/\\\/schema.org\",\"@graph\":[{\"@type\":\"NewsArticle\",\"@id\":\"https:\\\/\\\/www.retaildetail.be\\\/fr\\\/news\\\/food\\\/deuxieme-trimestre-solide-pour-carrefour-belgique\\\/#article\",\"isPartOf\":{\"@id\":\"https:\\\/\\\/www.retaildetail.be\\\/fr\\\/news\\\/food\\\/deuxieme-trimestre-solide-pour-carrefour-belgique\\\/\"},\"author\":{\"name\":\"Stefan Van Rompaey\",\"@id\":\"https:\\\/\\\/www.retaildetail.be\\\/nl\\\/#\\\/schema\\\/person\\\/51aec6069c4416aa2f68b2e4ff3455df\"},\"headline\":\"Deuxi\u00e8me trimestre solide pour Carrefour Belgique\",\"datePublished\":\"2025-07-24T17:59:18+00:00\",\"dateModified\":\"2025-07-24T17:59:20+00:00\",\"mainEntityOfPage\":{\"@id\":\"https:\\\/\\\/www.retaildetail.be\\\/fr\\\/news\\\/food\\\/deuxieme-trimestre-solide-pour-carrefour-belgique\\\/\"},\"wordCount\":253,\"publisher\":{\"@id\":\"https:\\\/\\\/www.retaildetail.be\\\/nl\\\/#organization\"},\"image\":{\"@id\":\"https:\\\/\\\/www.retaildetail.be\\\/fr\\\/news\\\/food\\\/deuxieme-trimestre-solide-pour-carrefour-belgique\\\/#primaryimage\"},\"thumbnailUrl\":\"https:\\\/\\\/www.retaildetail.be\\\/wp-content\\\/uploads\\\/2025\\\/04\\\/Carrefour-Market-Woluwe.jpg\",\"articleSection\":[\"Food\"],\"inLanguage\":\"fr-FR\",\"copyrightYear\":\"2025\",\"copyrightHolder\":{\"@id\":\"https:\\\/\\\/www.retaildetail.be\\\/#organization\"}},{\"@type\":\"WebPage\",\"@id\":\"https:\\\/\\\/www.retaildetail.be\\\/fr\\\/news\\\/food\\\/deuxieme-trimestre-solide-pour-carrefour-belgique\\\/\",\"url\":\"https:\\\/\\\/www.retaildetail.be\\\/fr\\\/news\\\/food\\\/deuxieme-trimestre-solide-pour-carrefour-belgique\\\/\",\"name\":\"Deuxi\u00e8me trimestre solide pour Carrefour Belgique - RetailDetail BE\",\"isPartOf\":{\"@id\":\"https:\\\/\\\/www.retaildetail.be\\\/nl\\\/#website\"},\"primaryImageOfPage\":{\"@id\":\"https:\\\/\\\/www.retaildetail.be\\\/fr\\\/news\\\/food\\\/deuxieme-trimestre-solide-pour-carrefour-belgique\\\/#primaryimage\"},\"image\":{\"@id\":\"https:\\\/\\\/www.retaildetail.be\\\/fr\\\/news\\\/food\\\/deuxieme-trimestre-solide-pour-carrefour-belgique\\\/#primaryimage\"},\"thumbnailUrl\":\"https:\\\/\\\/www.retaildetail.be\\\/wp-content\\\/uploads\\\/2025\\\/04\\\/Carrefour-Market-Woluwe.jpg\",\"datePublished\":\"2025-07-24T17:59:18+00:00\",\"dateModified\":\"2025-07-24T17:59:20+00:00\",\"description\":\"En Belgique, Carrefour a enregistr\u00e9 une croissance de son chiffre d'affaires comparable au deuxi\u00e8me trimestre.\",\"breadcrumb\":{\"@id\":\"https:\\\/\\\/www.retaildetail.be\\\/fr\\\/news\\\/food\\\/deuxieme-trimestre-solide-pour-carrefour-belgique\\\/#breadcrumb\"},\"inLanguage\":\"fr-FR\",\"potentialAction\":[{\"@type\":\"ReadAction\",\"target\":[\"https:\\\/\\\/www.retaildetail.be\\\/fr\\\/news\\\/food\\\/deuxieme-trimestre-solide-pour-carrefour-belgique\\\/\"]}]},{\"@type\":\"ImageObject\",\"inLanguage\":\"fr-FR\",\"@id\":\"https:\\\/\\\/www.retaildetail.be\\\/fr\\\/news\\\/food\\\/deuxieme-trimestre-solide-pour-carrefour-belgique\\\/#primaryimage\",\"url\":\"https:\\\/\\\/www.retaildetail.be\\\/wp-content\\\/uploads\\\/2025\\\/04\\\/Carrefour-Market-Woluwe.jpg\",\"contentUrl\":\"https:\\\/\\\/www.retaildetail.be\\\/wp-content\\\/uploads\\\/2025\\\/04\\\/Carrefour-Market-Woluwe.jpg\",\"width\":1348,\"height\":895,\"caption\":\"Carrefour Market Woluwe\"},{\"@type\":\"BreadcrumbList\",\"@id\":\"https:\\\/\\\/www.retaildetail.be\\\/fr\\\/news\\\/food\\\/deuxieme-trimestre-solide-pour-carrefour-belgique\\\/#breadcrumb\",\"itemListElement\":[{\"@type\":\"ListItem\",\"position\":1,\"name\":\"Home\",\"item\":\"https:\\\/\\\/www.retaildetail.be\\\/fr\\\/\"},{\"@type\":\"ListItem\",\"position\":2,\"name\":\"Deuxi\u00e8me trimestre solide pour Carrefour Belgique\"}]},{\"@type\":\"WebSite\",\"@id\":\"https:\\\/\\\/www.retaildetail.be\\\/nl\\\/#website\",\"url\":\"https:\\\/\\\/www.retaildetail.be\\\/nl\\\/\",\"name\":\"RetailDetail BE\",\"description\":\"News\",\"publisher\":{\"@id\":\"https:\\\/\\\/www.retaildetail.be\\\/nl\\\/#organization\"},\"potentialAction\":[{\"@type\":\"SearchAction\",\"target\":{\"@type\":\"EntryPoint\",\"urlTemplate\":\"https:\\\/\\\/www.retaildetail.be\\\/nl\\\/?s={search_term_string}\"},\"query-input\":{\"@type\":\"PropertyValueSpecification\",\"valueRequired\":true,\"valueName\":\"search_term_string\"}}],\"inLanguage\":\"fr-FR\"},{\"@type\":\"Organization\",\"@id\":\"https:\\\/\\\/www.retaildetail.be\\\/nl\\\/#organization\",\"name\":\"RetailDetail BE\",\"url\":\"https:\\\/\\\/www.retaildetail.be\\\/nl\\\/\",\"logo\":{\"@type\":\"ImageObject\",\"inLanguage\":\"fr-FR\",\"@id\":\"https:\\\/\\\/www.retaildetail.be\\\/nl\\\/#\\\/schema\\\/logo\\\/image\\\/\",\"url\":\"https:\\\/\\\/www.retaildetail.be\\\/wp-content\\\/uploads\\\/2022\\\/04\\\/logo.svg\",\"contentUrl\":\"https:\\\/\\\/www.retaildetail.be\\\/wp-content\\\/uploads\\\/2022\\\/04\\\/logo.svg\",\"width\":131,\"height\":70,\"caption\":\"RetailDetail BE\"},\"image\":{\"@id\":\"https:\\\/\\\/www.retaildetail.be\\\/nl\\\/#\\\/schema\\\/logo\\\/image\\\/\"}},{\"@type\":\"Person\",\"@id\":\"https:\\\/\\\/www.retaildetail.be\\\/nl\\\/#\\\/schema\\\/person\\\/51aec6069c4416aa2f68b2e4ff3455df\",\"name\":\"Stefan Van Rompaey\",\"image\":{\"@type\":\"ImageObject\",\"inLanguage\":\"fr-FR\",\"@id\":\"https:\\\/\\\/secure.gravatar.com\\\/avatar\\\/fbbb4a80a0f109888b2a5ab8ae255617499ecde533749b3ab2fa6c23b5d65dac?s=96&d=mm&r=g\",\"url\":\"https:\\\/\\\/secure.gravatar.com\\\/avatar\\\/fbbb4a80a0f109888b2a5ab8ae255617499ecde533749b3ab2fa6c23b5d65dac?s=96&d=mm&r=g\",\"contentUrl\":\"https:\\\/\\\/secure.gravatar.com\\\/avatar\\\/fbbb4a80a0f109888b2a5ab8ae255617499ecde533749b3ab2fa6c23b5d65dac?s=96&d=mm&r=g\",\"caption\":\"Stefan Van Rompaey\"},\"url\":\"https:\\\/\\\/www.retaildetail.be\\\/fr\\\/author\\\/stefanvanrompaey\\\/\"}]}<\/script>\n<!-- \/ Yoast SEO plugin. -->","yoast_head_json":{"title":"Deuxi\u00e8me trimestre solide pour Carrefour Belgique - RetailDetail BE","description":"En Belgique, Carrefour a enregistr\u00e9 une croissance de son chiffre d'affaires comparable au deuxi\u00e8me trimestre.","robots":{"index":"index","follow":"follow","max-snippet":"max-snippet:-1","max-image-preview":"max-image-preview:large","max-video-preview":"max-video-preview:-1"},"canonical":"https:\/\/www.retaildetail.be\/fr\/news\/food\/deuxieme-trimestre-solide-pour-carrefour-belgique\/","og_locale":"fr_FR","og_type":"article","og_title":"Deuxi\u00e8me trimestre solide pour Carrefour Belgique - RetailDetail BE","og_description":"En Belgique, Carrefour a enregistr\u00e9 une croissance de son chiffre d'affaires comparable au deuxi\u00e8me trimestre.","og_url":"https:\/\/www.retaildetail.be\/fr\/news\/food\/deuxieme-trimestre-solide-pour-carrefour-belgique\/","og_site_name":"RetailDetail BE","article_published_time":"2025-07-24T17:59:18+00:00","article_modified_time":"2025-07-24T17:59:20+00:00","og_image":[{"width":1348,"height":895,"url":"https:\/\/www.retaildetail.be\/wp-content\/uploads\/2025\/04\/Carrefour-Market-Woluwe.jpg","type":"image\/jpeg"}],"author":"Stefan Van Rompaey","twitter_card":"summary_large_image","twitter_misc":{"\u00c9crit par":"Stefan Van Rompaey","Dur\u00e9e de lecture estim\u00e9e":"1 minute"},"schema":{"@context":"https:\/\/schema.org","@graph":[{"@type":"NewsArticle","@id":"https:\/\/www.retaildetail.be\/fr\/news\/food\/deuxieme-trimestre-solide-pour-carrefour-belgique\/#article","isPartOf":{"@id":"https:\/\/www.retaildetail.be\/fr\/news\/food\/deuxieme-trimestre-solide-pour-carrefour-belgique\/"},"author":{"name":"Stefan Van Rompaey","@id":"https:\/\/www.retaildetail.be\/nl\/#\/schema\/person\/51aec6069c4416aa2f68b2e4ff3455df"},"headline":"Deuxi\u00e8me trimestre solide pour Carrefour Belgique","datePublished":"2025-07-24T17:59:18+00:00","dateModified":"2025-07-24T17:59:20+00:00","mainEntityOfPage":{"@id":"https:\/\/www.retaildetail.be\/fr\/news\/food\/deuxieme-trimestre-solide-pour-carrefour-belgique\/"},"wordCount":253,"publisher":{"@id":"https:\/\/www.retaildetail.be\/nl\/#organization"},"image":{"@id":"https:\/\/www.retaildetail.be\/fr\/news\/food\/deuxieme-trimestre-solide-pour-carrefour-belgique\/#primaryimage"},"thumbnailUrl":"https:\/\/www.retaildetail.be\/wp-content\/uploads\/2025\/04\/Carrefour-Market-Woluwe.jpg","articleSection":["Food"],"inLanguage":"fr-FR","copyrightYear":"2025","copyrightHolder":{"@id":"https:\/\/www.retaildetail.be\/#organization"}},{"@type":"WebPage","@id":"https:\/\/www.retaildetail.be\/fr\/news\/food\/deuxieme-trimestre-solide-pour-carrefour-belgique\/","url":"https:\/\/www.retaildetail.be\/fr\/news\/food\/deuxieme-trimestre-solide-pour-carrefour-belgique\/","name":"Deuxi\u00e8me trimestre solide pour Carrefour Belgique - RetailDetail BE","isPartOf":{"@id":"https:\/\/www.retaildetail.be\/nl\/#website"},"primaryImageOfPage":{"@id":"https:\/\/www.retaildetail.be\/fr\/news\/food\/deuxieme-trimestre-solide-pour-carrefour-belgique\/#primaryimage"},"image":{"@id":"https:\/\/www.retaildetail.be\/fr\/news\/food\/deuxieme-trimestre-solide-pour-carrefour-belgique\/#primaryimage"},"thumbnailUrl":"https:\/\/www.retaildetail.be\/wp-content\/uploads\/2025\/04\/Carrefour-Market-Woluwe.jpg","datePublished":"2025-07-24T17:59:18+00:00","dateModified":"2025-07-24T17:59:20+00:00","description":"En Belgique, Carrefour a enregistr\u00e9 une croissance de son chiffre d'affaires comparable au deuxi\u00e8me trimestre.","breadcrumb":{"@id":"https:\/\/www.retaildetail.be\/fr\/news\/food\/deuxieme-trimestre-solide-pour-carrefour-belgique\/#breadcrumb"},"inLanguage":"fr-FR","potentialAction":[{"@type":"ReadAction","target":["https:\/\/www.retaildetail.be\/fr\/news\/food\/deuxieme-trimestre-solide-pour-carrefour-belgique\/"]}]},{"@type":"ImageObject","inLanguage":"fr-FR","@id":"https:\/\/www.retaildetail.be\/fr\/news\/food\/deuxieme-trimestre-solide-pour-carrefour-belgique\/#primaryimage","url":"https:\/\/www.retaildetail.be\/wp-content\/uploads\/2025\/04\/Carrefour-Market-Woluwe.jpg","contentUrl":"https:\/\/www.retaildetail.be\/wp-content\/uploads\/2025\/04\/Carrefour-Market-Woluwe.jpg","width":1348,"height":895,"caption":"Carrefour Market Woluwe"},{"@type":"BreadcrumbList","@id":"https:\/\/www.retaildetail.be\/fr\/news\/food\/deuxieme-trimestre-solide-pour-carrefour-belgique\/#breadcrumb","itemListElement":[{"@type":"ListItem","position":1,"name":"Home","item":"https:\/\/www.retaildetail.be\/fr\/"},{"@type":"ListItem","position":2,"name":"Deuxi\u00e8me trimestre solide pour Carrefour Belgique"}]},{"@type":"WebSite","@id":"https:\/\/www.retaildetail.be\/nl\/#website","url":"https:\/\/www.retaildetail.be\/nl\/","name":"RetailDetail BE","description":"News","publisher":{"@id":"https:\/\/www.retaildetail.be\/nl\/#organization"},"potentialAction":[{"@type":"SearchAction","target":{"@type":"EntryPoint","urlTemplate":"https:\/\/www.retaildetail.be\/nl\/?s={search_term_string}"},"query-input":{"@type":"PropertyValueSpecification","valueRequired":true,"valueName":"search_term_string"}}],"inLanguage":"fr-FR"},{"@type":"Organization","@id":"https:\/\/www.retaildetail.be\/nl\/#organization","name":"RetailDetail BE","url":"https:\/\/www.retaildetail.be\/nl\/","logo":{"@type":"ImageObject","inLanguage":"fr-FR","@id":"https:\/\/www.retaildetail.be\/nl\/#\/schema\/logo\/image\/","url":"https:\/\/www.retaildetail.be\/wp-content\/uploads\/2022\/04\/logo.svg","contentUrl":"https:\/\/www.retaildetail.be\/wp-content\/uploads\/2022\/04\/logo.svg","width":131,"height":70,"caption":"RetailDetail BE"},"image":{"@id":"https:\/\/www.retaildetail.be\/nl\/#\/schema\/logo\/image\/"}},{"@type":"Person","@id":"https:\/\/www.retaildetail.be\/nl\/#\/schema\/person\/51aec6069c4416aa2f68b2e4ff3455df","name":"Stefan Van Rompaey","image":{"@type":"ImageObject","inLanguage":"fr-FR","@id":"https:\/\/secure.gravatar.com\/avatar\/fbbb4a80a0f109888b2a5ab8ae255617499ecde533749b3ab2fa6c23b5d65dac?s=96&d=mm&r=g","url":"https:\/\/secure.gravatar.com\/avatar\/fbbb4a80a0f109888b2a5ab8ae255617499ecde533749b3ab2fa6c23b5d65dac?s=96&d=mm&r=g","contentUrl":"https:\/\/secure.gravatar.com\/avatar\/fbbb4a80a0f109888b2a5ab8ae255617499ecde533749b3ab2fa6c23b5d65dac?s=96&d=mm&r=g","caption":"Stefan Van Rompaey"},"url":"https:\/\/www.retaildetail.be\/fr\/author\/stefanvanrompaey\/"}]}},"jetpack_featured_media_url":"https:\/\/www.retaildetail.be\/wp-content\/uploads\/2025\/04\/Carrefour-Market-Woluwe.jpg","jetpack_sharing_enabled":true,"_links":{"self":[{"href":"https:\/\/www.retaildetail.be\/fr\/wp-json\/wp\/v2\/posts\/123488","targetHints":{"allow":["GET"]}}],"collection":[{"href":"https:\/\/www.retaildetail.be\/fr\/wp-json\/wp\/v2\/posts"}],"about":[{"href":"https:\/\/www.retaildetail.be\/fr\/wp-json\/wp\/v2\/types\/post"}],"author":[{"embeddable":true,"href":"https:\/\/www.retaildetail.be\/fr\/wp-json\/wp\/v2\/users\/3"}],"replies":[{"embeddable":true,"href":"https:\/\/www.retaildetail.be\/fr\/wp-json\/wp\/v2\/comments?post=123488"}],"version-history":[{"count":2,"href":"https:\/\/www.retaildetail.be\/fr\/wp-json\/wp\/v2\/posts\/123488\/revisions"}],"predecessor-version":[{"id":123490,"href":"https:\/\/www.retaildetail.be\/fr\/wp-json\/wp\/v2\/posts\/123488\/revisions\/123490"}],"wp:featuredmedia":[{"embeddable":true,"href":"https:\/\/www.retaildetail.be\/fr\/wp-json\/wp\/v2\/media\/117463"}],"wp:attachment":[{"href":"https:\/\/www.retaildetail.be\/fr\/wp-json\/wp\/v2\/media?parent=123488"}],"wp:term":[{"taxonomy":"category","embeddable":true,"href":"https:\/\/www.retaildetail.be\/fr\/wp-json\/wp\/v2\/categories?post=123488"},{"taxonomy":"post_tag","embeddable":true,"href":"https:\/\/www.retaildetail.be\/fr\/wp-json\/wp\/v2\/tags?post=123488"},{"taxonomy":"people","embeddable":true,"href":"https:\/\/www.retaildetail.be\/fr\/wp-json\/wp\/v2\/people?post=123488"},{"taxonomy":"extra","embeddable":true,"href":"https:\/\/www.retaildetail.be\/fr\/wp-json\/wp\/v2\/extra?post=123488"},{"taxonomy":"company","embeddable":true,"href":"https:\/\/www.retaildetail.be\/fr\/wp-json\/wp\/v2\/company?post=123488"},{"taxonomy":"topic","embeddable":true,"href":"https:\/\/www.retaildetail.be\/fr\/wp-json\/wp\/v2\/topic?post=123488"},{"taxonomy":"region","embeddable":true,"href":"https:\/\/www.retaildetail.be\/fr\/wp-json\/wp\/v2\/region?post=123488"}],"curies":[{"name":"wp","href":"https:\/\/api.w.org\/{rel}","templated":true}]}}