{"id":123495,"date":"2025-07-24T20:41:56","date_gmt":"2025-07-24T18:41:56","guid":{"rendered":"https:\/\/www.retaildetail.be\/?p=123495"},"modified":"2025-07-25T14:14:35","modified_gmt":"2025-07-25T12:14:35","slug":"carrefour-cedesa-branche-italienne-a-newprinces-group","status":"publish","type":"post","link":"https:\/\/www.retaildetail.be\/fr\/news\/food\/carrefour-cedesa-branche-italienne-a-newprinces-group\/","title":{"rendered":"Carrefour c\u00e8de sa branche italienne \u00e0 NewPrinces Group"},"content":{"rendered":"\n<p><strong>Carrefour <\/strong>a conclu un accord avec le groupe <strong>NewPrinces<\/strong> en vue de la vente de toutes ses activit\u00e9s en Italie. C&rsquo;est ce qu&rsquo;annonce le distributeur alimentaire en marge de ses solides r\u00e9sultats trimestriels.<\/p>\n\n\n\n<h2 class=\"wp-block-heading\">Activit\u00e9s d\u00e9ficitaires<\/h2>\n\n\n\n<p>Avec la vente de ses activit\u00e9s italiennes, qui comptent 1 188 magasins, Carrefour souhaite, selon ses propres d\u00e9clarations, am\u00e9liorer sa rentabilit\u00e9 et sa tr\u00e9sorerie et se concentrer sur ses principaux march\u00e9s. L&rsquo;ann\u00e9e derni\u00e8re, la branche italienne a encore enregistr\u00e9 une perte op\u00e9rationnelle de 67 millions d&rsquo;euros et un flux de tr\u00e9sorerie disponible n\u00e9gatif de 180 millions d&rsquo;euros, dans un contexte \u00e9conomique et concurrentiel particuli\u00e8rement difficile.<\/p>\n\n\n\n<p>Le candidat acqu\u00e9reur, NewPrinces Group (jusqu&rsquo;\u00e0 r\u00e9cemment Newlat Group), est jusqu&rsquo;\u00e0 pr\u00e9sent un producteur et distributeur de produits alimentaires dans diverses cat\u00e9gories et fait donc ses premiers pas dans le secteur de la vente au d\u00e9tail avec cette acquisition. Apr\u00e8s l&rsquo;acquisition, l&rsquo;entreprise deviendra le deuxi\u00e8me groupe alimentaire en Italie, avec un chiffre d&rsquo;affaires de 6,9 milliards d&rsquo;euros. NewPrinces Group souhaite relancer la cha\u00eene de supermarch\u00e9s GS, disparue apr\u00e8s la reprise par Carrefour.<\/p>\n\n\n\n<h2 class=\"wp-block-heading\">Perte nette<\/h2>\n\n\n\n<p>La nouvelle de la transaction, qui sera finalis\u00e9e avant la fin de l&rsquo;ann\u00e9e, intervient dans le contexte de r\u00e9sultats trimestriels solides pour le d\u00e9taillant fran\u00e7ais : le chiffre d&rsquo;affaires comparable a augment\u00e9 de 4,4 %, apr\u00e8s une hausse de 2,9 % au premier trimestre. Sur le march\u00e9 domestique fran\u00e7ais, la croissance comparable s&rsquo;est \u00e9lev\u00e9e \u00e0 2,1 %. Le d\u00e9taillant constate une nouvelle augmentation des volumes apr\u00e8s des ann\u00e9es de contraction. Il a \u00e9galement enregistr\u00e9 de bons r\u00e9sultats en Espagne <a href=\"https:\/\/www.retaildetail.be\/fr\/news\/food\/deuxieme-trimestre-solide-pour-carrefour-belgique\/\">et en Belgique<\/a>, tout comme au Br\u00e9sil. En Pologne, le d\u00e9taillant rencontre des difficult\u00e9s en raison d&rsquo;une concurrence intense.<\/p>\n\n\n\n<p>Au cours du premier semestre, Carrefour a r\u00e9alis\u00e9 un chiffre d&rsquo;affaires de 46,6 milliards d&rsquo;euros, contre 44,9 milliards d&rsquo;euros au cours de la m\u00eame p\u00e9riode l&rsquo;ann\u00e9e pr\u00e9c\u00e9dente. L&rsquo;EBITDA a augment\u00e9 de 1,1 % pour atteindre 1,9 milliard d&rsquo;euros, mais le r\u00e9sultat net affiche une perte de 401 millions d&rsquo;euros, contre un b\u00e9n\u00e9fice net de 25 millions d&rsquo;euros au premier semestre 2024. Selon l&rsquo;entreprise, cela s&rsquo;explique en partie par la consolidation de Cora &amp; Match au premier semestre 2025.<\/p>\n","protected":false},"excerpt":{"rendered":"<p>Carrefour a conclu un accord avec le groupe NewPrinces en vue de la vente de toutes ses activit\u00e9s en Italie. C&rsquo;est ce qu&rsquo;annonce le distributeur alimentaire en marge de ses solides r\u00e9sultats trimestriels. <\/p>\n","protected":false},"author":3,"featured_media":51349,"comment_status":"closed","ping_status":"closed","sticky":false,"template":"","format":"standard","meta":{"_acf_changed":false,"inline_featured_image":false,"_jetpack_memberships_contains_paid_content":false,"footnotes":""},"categories":[24],"tags":[],"people":[],"extra":[],"company":[87],"topic":[282],"region":[525],"class_list":["post-123495","post","type-post","status-publish","format-standard","has-post-thumbnail","hentry","category-food","company-carrefour","topic-acquisition","region-italie"],"acf":[],"yoast_head":"<!-- This site is optimized with the Yoast SEO plugin v27.3 - https:\/\/yoast.com\/product\/yoast-seo-wordpress\/ -->\n<title>Carrefour c\u00e8de sa branche italienne \u00e0 NewPrinces Group - RetailDetail BE<\/title>\n<meta name=\"description\" content=\"Carrefour a conclu un accord avec le groupe NewPrinces en vue de la vente de toutes ses activit\u00e9s en Italie.\" \/>\n<meta name=\"robots\" content=\"index, follow, max-snippet:-1, max-image-preview:large, max-video-preview:-1\" \/>\n<link rel=\"canonical\" href=\"https:\/\/www.retaildetail.be\/fr\/news\/food\/carrefour-cedesa-branche-italienne-a-newprinces-group\/\" \/>\n<meta property=\"og:locale\" content=\"fr_FR\" \/>\n<meta property=\"og:type\" content=\"article\" \/>\n<meta property=\"og:title\" content=\"Carrefour c\u00e8de sa branche italienne \u00e0 NewPrinces Group - RetailDetail BE\" \/>\n<meta property=\"og:description\" content=\"Carrefour a conclu un accord avec le groupe NewPrinces en vue de la vente de toutes ses activit\u00e9s en Italie.\" \/>\n<meta property=\"og:url\" content=\"https:\/\/www.retaildetail.be\/fr\/news\/food\/carrefour-cedesa-branche-italienne-a-newprinces-group\/\" \/>\n<meta property=\"og:site_name\" content=\"RetailDetail BE\" \/>\n<meta property=\"article:published_time\" content=\"2025-07-24T18:41:56+00:00\" \/>\n<meta property=\"article:modified_time\" content=\"2025-07-25T12:14:35+00:00\" \/>\n<meta property=\"og:image\" content=\"https:\/\/www.retaildetail.be\/wp-content\/uploads\/2022\/04\/carrefour_2.jpg\" \/>\n\t<meta property=\"og:image:width\" content=\"1000\" \/>\n\t<meta property=\"og:image:height\" content=\"667\" \/>\n\t<meta property=\"og:image:type\" content=\"image\/jpeg\" \/>\n<meta name=\"author\" content=\"Stefan Van Rompaey\" \/>\n<meta name=\"twitter:card\" content=\"summary_large_image\" \/>\n<meta name=\"twitter:label1\" content=\"\u00c9crit par\" \/>\n\t<meta name=\"twitter:data1\" content=\"Stefan Van Rompaey\" \/>\n\t<meta name=\"twitter:label2\" content=\"Dur\u00e9e de lecture estim\u00e9e\" \/>\n\t<meta name=\"twitter:data2\" content=\"2 minutes\" \/>\n<script type=\"application\/ld+json\" class=\"yoast-schema-graph\">{\"@context\":\"https:\\\/\\\/schema.org\",\"@graph\":[{\"@type\":\"NewsArticle\",\"@id\":\"https:\\\/\\\/www.retaildetail.be\\\/fr\\\/news\\\/food\\\/carrefour-cedesa-branche-italienne-a-newprinces-group\\\/#article\",\"isPartOf\":{\"@id\":\"https:\\\/\\\/www.retaildetail.be\\\/fr\\\/news\\\/food\\\/carrefour-cedesa-branche-italienne-a-newprinces-group\\\/\"},\"author\":{\"name\":\"Stefan Van Rompaey\",\"@id\":\"https:\\\/\\\/www.retaildetail.be\\\/nl\\\/#\\\/schema\\\/person\\\/51aec6069c4416aa2f68b2e4ff3455df\"},\"headline\":\"Carrefour c\u00e8de sa branche italienne \u00e0 NewPrinces Group\",\"datePublished\":\"2025-07-24T18:41:56+00:00\",\"dateModified\":\"2025-07-25T12:14:35+00:00\",\"mainEntityOfPage\":{\"@id\":\"https:\\\/\\\/www.retaildetail.be\\\/fr\\\/news\\\/food\\\/carrefour-cedesa-branche-italienne-a-newprinces-group\\\/\"},\"wordCount\":408,\"publisher\":{\"@id\":\"https:\\\/\\\/www.retaildetail.be\\\/nl\\\/#organization\"},\"image\":{\"@id\":\"https:\\\/\\\/www.retaildetail.be\\\/fr\\\/news\\\/food\\\/carrefour-cedesa-branche-italienne-a-newprinces-group\\\/#primaryimage\"},\"thumbnailUrl\":\"https:\\\/\\\/www.retaildetail.be\\\/wp-content\\\/uploads\\\/2022\\\/04\\\/carrefour_2.jpg\",\"articleSection\":[\"Food\"],\"inLanguage\":\"fr-FR\",\"copyrightYear\":\"2025\",\"copyrightHolder\":{\"@id\":\"https:\\\/\\\/www.retaildetail.be\\\/#organization\"}},{\"@type\":\"WebPage\",\"@id\":\"https:\\\/\\\/www.retaildetail.be\\\/fr\\\/news\\\/food\\\/carrefour-cedesa-branche-italienne-a-newprinces-group\\\/\",\"url\":\"https:\\\/\\\/www.retaildetail.be\\\/fr\\\/news\\\/food\\\/carrefour-cedesa-branche-italienne-a-newprinces-group\\\/\",\"name\":\"Carrefour c\u00e8de sa branche italienne \u00e0 NewPrinces Group - RetailDetail BE\",\"isPartOf\":{\"@id\":\"https:\\\/\\\/www.retaildetail.be\\\/nl\\\/#website\"},\"primaryImageOfPage\":{\"@id\":\"https:\\\/\\\/www.retaildetail.be\\\/fr\\\/news\\\/food\\\/carrefour-cedesa-branche-italienne-a-newprinces-group\\\/#primaryimage\"},\"image\":{\"@id\":\"https:\\\/\\\/www.retaildetail.be\\\/fr\\\/news\\\/food\\\/carrefour-cedesa-branche-italienne-a-newprinces-group\\\/#primaryimage\"},\"thumbnailUrl\":\"https:\\\/\\\/www.retaildetail.be\\\/wp-content\\\/uploads\\\/2022\\\/04\\\/carrefour_2.jpg\",\"datePublished\":\"2025-07-24T18:41:56+00:00\",\"dateModified\":\"2025-07-25T12:14:35+00:00\",\"description\":\"Carrefour a conclu un accord avec le groupe NewPrinces en vue de la vente de toutes ses activit\u00e9s en Italie.\",\"breadcrumb\":{\"@id\":\"https:\\\/\\\/www.retaildetail.be\\\/fr\\\/news\\\/food\\\/carrefour-cedesa-branche-italienne-a-newprinces-group\\\/#breadcrumb\"},\"inLanguage\":\"fr-FR\",\"potentialAction\":[{\"@type\":\"ReadAction\",\"target\":[\"https:\\\/\\\/www.retaildetail.be\\\/fr\\\/news\\\/food\\\/carrefour-cedesa-branche-italienne-a-newprinces-group\\\/\"]}]},{\"@type\":\"ImageObject\",\"inLanguage\":\"fr-FR\",\"@id\":\"https:\\\/\\\/www.retaildetail.be\\\/fr\\\/news\\\/food\\\/carrefour-cedesa-branche-italienne-a-newprinces-group\\\/#primaryimage\",\"url\":\"https:\\\/\\\/www.retaildetail.be\\\/wp-content\\\/uploads\\\/2022\\\/04\\\/carrefour_2.jpg\",\"contentUrl\":\"https:\\\/\\\/www.retaildetail.be\\\/wp-content\\\/uploads\\\/2022\\\/04\\\/carrefour_2.jpg\",\"width\":1000,\"height\":667,\"caption\":\"Shutterstock.com\"},{\"@type\":\"BreadcrumbList\",\"@id\":\"https:\\\/\\\/www.retaildetail.be\\\/fr\\\/news\\\/food\\\/carrefour-cedesa-branche-italienne-a-newprinces-group\\\/#breadcrumb\",\"itemListElement\":[{\"@type\":\"ListItem\",\"position\":1,\"name\":\"Home\",\"item\":\"https:\\\/\\\/www.retaildetail.be\\\/fr\\\/\"},{\"@type\":\"ListItem\",\"position\":2,\"name\":\"Carrefour c\u00e8de sa branche italienne \u00e0 NewPrinces Group\"}]},{\"@type\":\"WebSite\",\"@id\":\"https:\\\/\\\/www.retaildetail.be\\\/nl\\\/#website\",\"url\":\"https:\\\/\\\/www.retaildetail.be\\\/nl\\\/\",\"name\":\"RetailDetail BE\",\"description\":\"News\",\"publisher\":{\"@id\":\"https:\\\/\\\/www.retaildetail.be\\\/nl\\\/#organization\"},\"potentialAction\":[{\"@type\":\"SearchAction\",\"target\":{\"@type\":\"EntryPoint\",\"urlTemplate\":\"https:\\\/\\\/www.retaildetail.be\\\/nl\\\/?s={search_term_string}\"},\"query-input\":{\"@type\":\"PropertyValueSpecification\",\"valueRequired\":true,\"valueName\":\"search_term_string\"}}],\"inLanguage\":\"fr-FR\"},{\"@type\":\"Organization\",\"@id\":\"https:\\\/\\\/www.retaildetail.be\\\/nl\\\/#organization\",\"name\":\"RetailDetail BE\",\"url\":\"https:\\\/\\\/www.retaildetail.be\\\/nl\\\/\",\"logo\":{\"@type\":\"ImageObject\",\"inLanguage\":\"fr-FR\",\"@id\":\"https:\\\/\\\/www.retaildetail.be\\\/nl\\\/#\\\/schema\\\/logo\\\/image\\\/\",\"url\":\"https:\\\/\\\/www.retaildetail.be\\\/wp-content\\\/uploads\\\/2022\\\/04\\\/logo.svg\",\"contentUrl\":\"https:\\\/\\\/www.retaildetail.be\\\/wp-content\\\/uploads\\\/2022\\\/04\\\/logo.svg\",\"width\":131,\"height\":70,\"caption\":\"RetailDetail BE\"},\"image\":{\"@id\":\"https:\\\/\\\/www.retaildetail.be\\\/nl\\\/#\\\/schema\\\/logo\\\/image\\\/\"}},{\"@type\":\"Person\",\"@id\":\"https:\\\/\\\/www.retaildetail.be\\\/nl\\\/#\\\/schema\\\/person\\\/51aec6069c4416aa2f68b2e4ff3455df\",\"name\":\"Stefan Van Rompaey\",\"image\":{\"@type\":\"ImageObject\",\"inLanguage\":\"fr-FR\",\"@id\":\"https:\\\/\\\/secure.gravatar.com\\\/avatar\\\/fbbb4a80a0f109888b2a5ab8ae255617499ecde533749b3ab2fa6c23b5d65dac?s=96&d=mm&r=g\",\"url\":\"https:\\\/\\\/secure.gravatar.com\\\/avatar\\\/fbbb4a80a0f109888b2a5ab8ae255617499ecde533749b3ab2fa6c23b5d65dac?s=96&d=mm&r=g\",\"contentUrl\":\"https:\\\/\\\/secure.gravatar.com\\\/avatar\\\/fbbb4a80a0f109888b2a5ab8ae255617499ecde533749b3ab2fa6c23b5d65dac?s=96&d=mm&r=g\",\"caption\":\"Stefan Van Rompaey\"},\"url\":\"https:\\\/\\\/www.retaildetail.be\\\/fr\\\/author\\\/stefanvanrompaey\\\/\"}]}<\/script>\n<!-- \/ Yoast SEO plugin. -->","yoast_head_json":{"title":"Carrefour c\u00e8de sa branche italienne \u00e0 NewPrinces Group - RetailDetail BE","description":"Carrefour a conclu un accord avec le groupe NewPrinces en vue de la vente de toutes ses activit\u00e9s en Italie.","robots":{"index":"index","follow":"follow","max-snippet":"max-snippet:-1","max-image-preview":"max-image-preview:large","max-video-preview":"max-video-preview:-1"},"canonical":"https:\/\/www.retaildetail.be\/fr\/news\/food\/carrefour-cedesa-branche-italienne-a-newprinces-group\/","og_locale":"fr_FR","og_type":"article","og_title":"Carrefour c\u00e8de sa branche italienne \u00e0 NewPrinces Group - RetailDetail BE","og_description":"Carrefour a conclu un accord avec le groupe NewPrinces en vue de la vente de toutes ses activit\u00e9s en Italie.","og_url":"https:\/\/www.retaildetail.be\/fr\/news\/food\/carrefour-cedesa-branche-italienne-a-newprinces-group\/","og_site_name":"RetailDetail BE","article_published_time":"2025-07-24T18:41:56+00:00","article_modified_time":"2025-07-25T12:14:35+00:00","og_image":[{"width":1000,"height":667,"url":"https:\/\/www.retaildetail.be\/wp-content\/uploads\/2022\/04\/carrefour_2.jpg","type":"image\/jpeg"}],"author":"Stefan Van Rompaey","twitter_card":"summary_large_image","twitter_misc":{"\u00c9crit par":"Stefan Van Rompaey","Dur\u00e9e de lecture estim\u00e9e":"2 minutes"},"schema":{"@context":"https:\/\/schema.org","@graph":[{"@type":"NewsArticle","@id":"https:\/\/www.retaildetail.be\/fr\/news\/food\/carrefour-cedesa-branche-italienne-a-newprinces-group\/#article","isPartOf":{"@id":"https:\/\/www.retaildetail.be\/fr\/news\/food\/carrefour-cedesa-branche-italienne-a-newprinces-group\/"},"author":{"name":"Stefan Van Rompaey","@id":"https:\/\/www.retaildetail.be\/nl\/#\/schema\/person\/51aec6069c4416aa2f68b2e4ff3455df"},"headline":"Carrefour c\u00e8de sa branche italienne \u00e0 NewPrinces Group","datePublished":"2025-07-24T18:41:56+00:00","dateModified":"2025-07-25T12:14:35+00:00","mainEntityOfPage":{"@id":"https:\/\/www.retaildetail.be\/fr\/news\/food\/carrefour-cedesa-branche-italienne-a-newprinces-group\/"},"wordCount":408,"publisher":{"@id":"https:\/\/www.retaildetail.be\/nl\/#organization"},"image":{"@id":"https:\/\/www.retaildetail.be\/fr\/news\/food\/carrefour-cedesa-branche-italienne-a-newprinces-group\/#primaryimage"},"thumbnailUrl":"https:\/\/www.retaildetail.be\/wp-content\/uploads\/2022\/04\/carrefour_2.jpg","articleSection":["Food"],"inLanguage":"fr-FR","copyrightYear":"2025","copyrightHolder":{"@id":"https:\/\/www.retaildetail.be\/#organization"}},{"@type":"WebPage","@id":"https:\/\/www.retaildetail.be\/fr\/news\/food\/carrefour-cedesa-branche-italienne-a-newprinces-group\/","url":"https:\/\/www.retaildetail.be\/fr\/news\/food\/carrefour-cedesa-branche-italienne-a-newprinces-group\/","name":"Carrefour c\u00e8de sa branche italienne \u00e0 NewPrinces Group - RetailDetail BE","isPartOf":{"@id":"https:\/\/www.retaildetail.be\/nl\/#website"},"primaryImageOfPage":{"@id":"https:\/\/www.retaildetail.be\/fr\/news\/food\/carrefour-cedesa-branche-italienne-a-newprinces-group\/#primaryimage"},"image":{"@id":"https:\/\/www.retaildetail.be\/fr\/news\/food\/carrefour-cedesa-branche-italienne-a-newprinces-group\/#primaryimage"},"thumbnailUrl":"https:\/\/www.retaildetail.be\/wp-content\/uploads\/2022\/04\/carrefour_2.jpg","datePublished":"2025-07-24T18:41:56+00:00","dateModified":"2025-07-25T12:14:35+00:00","description":"Carrefour a conclu un accord avec le groupe NewPrinces en vue de la vente de toutes ses activit\u00e9s en Italie.","breadcrumb":{"@id":"https:\/\/www.retaildetail.be\/fr\/news\/food\/carrefour-cedesa-branche-italienne-a-newprinces-group\/#breadcrumb"},"inLanguage":"fr-FR","potentialAction":[{"@type":"ReadAction","target":["https:\/\/www.retaildetail.be\/fr\/news\/food\/carrefour-cedesa-branche-italienne-a-newprinces-group\/"]}]},{"@type":"ImageObject","inLanguage":"fr-FR","@id":"https:\/\/www.retaildetail.be\/fr\/news\/food\/carrefour-cedesa-branche-italienne-a-newprinces-group\/#primaryimage","url":"https:\/\/www.retaildetail.be\/wp-content\/uploads\/2022\/04\/carrefour_2.jpg","contentUrl":"https:\/\/www.retaildetail.be\/wp-content\/uploads\/2022\/04\/carrefour_2.jpg","width":1000,"height":667,"caption":"Shutterstock.com"},{"@type":"BreadcrumbList","@id":"https:\/\/www.retaildetail.be\/fr\/news\/food\/carrefour-cedesa-branche-italienne-a-newprinces-group\/#breadcrumb","itemListElement":[{"@type":"ListItem","position":1,"name":"Home","item":"https:\/\/www.retaildetail.be\/fr\/"},{"@type":"ListItem","position":2,"name":"Carrefour c\u00e8de sa branche italienne \u00e0 NewPrinces Group"}]},{"@type":"WebSite","@id":"https:\/\/www.retaildetail.be\/nl\/#website","url":"https:\/\/www.retaildetail.be\/nl\/","name":"RetailDetail BE","description":"News","publisher":{"@id":"https:\/\/www.retaildetail.be\/nl\/#organization"},"potentialAction":[{"@type":"SearchAction","target":{"@type":"EntryPoint","urlTemplate":"https:\/\/www.retaildetail.be\/nl\/?s={search_term_string}"},"query-input":{"@type":"PropertyValueSpecification","valueRequired":true,"valueName":"search_term_string"}}],"inLanguage":"fr-FR"},{"@type":"Organization","@id":"https:\/\/www.retaildetail.be\/nl\/#organization","name":"RetailDetail BE","url":"https:\/\/www.retaildetail.be\/nl\/","logo":{"@type":"ImageObject","inLanguage":"fr-FR","@id":"https:\/\/www.retaildetail.be\/nl\/#\/schema\/logo\/image\/","url":"https:\/\/www.retaildetail.be\/wp-content\/uploads\/2022\/04\/logo.svg","contentUrl":"https:\/\/www.retaildetail.be\/wp-content\/uploads\/2022\/04\/logo.svg","width":131,"height":70,"caption":"RetailDetail BE"},"image":{"@id":"https:\/\/www.retaildetail.be\/nl\/#\/schema\/logo\/image\/"}},{"@type":"Person","@id":"https:\/\/www.retaildetail.be\/nl\/#\/schema\/person\/51aec6069c4416aa2f68b2e4ff3455df","name":"Stefan Van Rompaey","image":{"@type":"ImageObject","inLanguage":"fr-FR","@id":"https:\/\/secure.gravatar.com\/avatar\/fbbb4a80a0f109888b2a5ab8ae255617499ecde533749b3ab2fa6c23b5d65dac?s=96&d=mm&r=g","url":"https:\/\/secure.gravatar.com\/avatar\/fbbb4a80a0f109888b2a5ab8ae255617499ecde533749b3ab2fa6c23b5d65dac?s=96&d=mm&r=g","contentUrl":"https:\/\/secure.gravatar.com\/avatar\/fbbb4a80a0f109888b2a5ab8ae255617499ecde533749b3ab2fa6c23b5d65dac?s=96&d=mm&r=g","caption":"Stefan Van Rompaey"},"url":"https:\/\/www.retaildetail.be\/fr\/author\/stefanvanrompaey\/"}]}},"jetpack_featured_media_url":"https:\/\/www.retaildetail.be\/wp-content\/uploads\/2022\/04\/carrefour_2.jpg","jetpack_sharing_enabled":true,"_links":{"self":[{"href":"https:\/\/www.retaildetail.be\/fr\/wp-json\/wp\/v2\/posts\/123495","targetHints":{"allow":["GET"]}}],"collection":[{"href":"https:\/\/www.retaildetail.be\/fr\/wp-json\/wp\/v2\/posts"}],"about":[{"href":"https:\/\/www.retaildetail.be\/fr\/wp-json\/wp\/v2\/types\/post"}],"author":[{"embeddable":true,"href":"https:\/\/www.retaildetail.be\/fr\/wp-json\/wp\/v2\/users\/3"}],"replies":[{"embeddable":true,"href":"https:\/\/www.retaildetail.be\/fr\/wp-json\/wp\/v2\/comments?post=123495"}],"version-history":[{"count":3,"href":"https:\/\/www.retaildetail.be\/fr\/wp-json\/wp\/v2\/posts\/123495\/revisions"}],"predecessor-version":[{"id":123547,"href":"https:\/\/www.retaildetail.be\/fr\/wp-json\/wp\/v2\/posts\/123495\/revisions\/123547"}],"wp:featuredmedia":[{"embeddable":true,"href":"https:\/\/www.retaildetail.be\/fr\/wp-json\/wp\/v2\/media\/51349"}],"wp:attachment":[{"href":"https:\/\/www.retaildetail.be\/fr\/wp-json\/wp\/v2\/media?parent=123495"}],"wp:term":[{"taxonomy":"category","embeddable":true,"href":"https:\/\/www.retaildetail.be\/fr\/wp-json\/wp\/v2\/categories?post=123495"},{"taxonomy":"post_tag","embeddable":true,"href":"https:\/\/www.retaildetail.be\/fr\/wp-json\/wp\/v2\/tags?post=123495"},{"taxonomy":"people","embeddable":true,"href":"https:\/\/www.retaildetail.be\/fr\/wp-json\/wp\/v2\/people?post=123495"},{"taxonomy":"extra","embeddable":true,"href":"https:\/\/www.retaildetail.be\/fr\/wp-json\/wp\/v2\/extra?post=123495"},{"taxonomy":"company","embeddable":true,"href":"https:\/\/www.retaildetail.be\/fr\/wp-json\/wp\/v2\/company?post=123495"},{"taxonomy":"topic","embeddable":true,"href":"https:\/\/www.retaildetail.be\/fr\/wp-json\/wp\/v2\/topic?post=123495"},{"taxonomy":"region","embeddable":true,"href":"https:\/\/www.retaildetail.be\/fr\/wp-json\/wp\/v2\/region?post=123495"}],"curies":[{"name":"wp","href":"https:\/\/api.w.org\/{rel}","templated":true}]}}