{"id":124270,"date":"2025-08-04T11:43:04","date_gmt":"2025-08-04T09:43:04","guid":{"rendered":"https:\/\/www.retaildetail.be\/?p=124270"},"modified":"2025-08-04T11:43:06","modified_gmt":"2025-08-04T09:43:06","slug":"la-plus-forte-croissance-en-cinq-ans-pour-kimberly-clark","status":"publish","type":"post","link":"https:\/\/www.retaildetail.be\/fr\/news\/beaute-soins\/la-plus-forte-croissance-en-cinq-ans-pour-kimberly-clark\/","title":{"rendered":"La plus forte croissance en cinq ans pour Kimberly-Clark"},"content":{"rendered":"\n<p><strong>Kimberly-Clark <\/strong>a r\u00e9alis\u00e9 au deuxi\u00e8me trimestre la plus grande croissance organique du volume en cinq ans. Le producteur de marques telles que Kleenex et Huggies a profit\u00e9 de prix plus bas et d&rsquo;une gamme de produits ajust\u00e9e.<\/p>\n\n\n\n<h2 class=\"wp-block-heading\">Flexibilit\u00e9<\/h2>\n\n\n\n<p>Au cours des trois mois se terminant en juin, les ventes organiques de Kimberly-Clark ont augment\u00e9 de 3,9 % par rapport \u00e0 la m\u00eame p\u00e9riode l&rsquo;ann\u00e9e derni\u00e8re. Le nombre de produits vendus a fortement augment\u00e9, avec une hausse de 5 %. Dans le m\u00eame temps, les prix \u00e9taient en moyenne 1,2 % inf\u00e9rieurs \u00e0 ceux de l&rsquo;ann\u00e9e derni\u00e8re, un choix strat\u00e9gique visant \u00e0 attirer des consommateurs de divers niveaux de revenus.<\/p>\n\n\n\n<p>Selon le PDG Mike Hsu, cette approche souligne l&rsquo;importance de la flexibilit\u00e9 : \u00ab Dans ce march\u00e9 difficile, nous voulons \u00eatre l\u00e0 o\u00f9 nos clients ont besoin de nous. Ainsi, nous avons non seulement ajust\u00e9 certains prix d&rsquo;entr\u00e9e, mais nous apportons \u00e9galement des caract\u00e9ristiques de produits premium \u00e0 des variantes moins ch\u00e8res. \u00bb L&rsquo;entreprise se concentre sur l&rsquo;offre tant pour les clients soucieux des prix que pour les clients exigeants, afin de rivaliser avec des acteurs comme <strong>Procter &amp; Gamble<\/strong>.<\/p>\n\n\n\n<h2 class=\"wp-block-heading\">Droits de douane \u00e0 l&rsquo;importation<\/h2>\n\n\n\n<p>Kimberly Clark se montre \u00e9galement plus optimiste quant aux co\u00fbts suppl\u00e9mentaires dus aux droits de douane am\u00e9ricains sur les produits chinois : ceux-ci sont d\u00e9sormais estim\u00e9s \u00e0 environ 170 millions de dollars am\u00e9ricains (environ 156 millions d&rsquo;euros), alors que l&rsquo;entreprise pr\u00e9voyait en avril environ 300 millions de dollars am\u00e9ricains (environ 275 millions d&rsquo;euros).<\/p>\n\n\n\n<p>En juin, Kimberly-Clark a conclu un accord pour vendre une participation de 51 % dans ses activit\u00e9s internationales de papier tissue \u00e0 la soci\u00e9t\u00e9 br\u00e9silienne Suzano pour 3,4 milliards de dollars am\u00e9ricains (environ 3,12 milliards d&rsquo;euros). Avec cette transaction, le groupe souhaite ma\u00eetriser ses co\u00fbts et se concentrer davantage sur des marques rentables sur le march\u00e9 am\u00e9ricain.<\/p>\n","protected":false},"excerpt":{"rendered":"<p>Kimberly-Clark a r\u00e9alis\u00e9 au deuxi\u00e8me trimestre la plus grande croissance organique du volume en cinq ans. Le producteur de marques telles que Kleenex et Huggies a profit\u00e9 de prix plus bas et d&rsquo;une gamme de produits ajust\u00e9e.<\/p>\n","protected":false},"author":10,"featured_media":124271,"comment_status":"closed","ping_status":"closed","sticky":false,"template":"","format":"standard","meta":{"_acf_changed":false,"inline_featured_image":false,"_jetpack_memberships_contains_paid_content":false,"footnotes":""},"categories":[27,19],"tags":[],"people":[],"extra":[],"company":[1753],"topic":[266],"region":[],"class_list":["post-124270","post","type-post","status-publish","format-standard","has-post-thumbnail","hentry","category-beaute-soins","category-schoonheid-verzorging","company-kimberly-clark","topic-resultats-financiers"],"acf":[],"yoast_head":"<!-- This site is optimized with the Yoast SEO plugin v27.3 - https:\/\/yoast.com\/product\/yoast-seo-wordpress\/ -->\n<title>La plus forte croissance en cinq ans pour Kimberly-Clark - RetailDetail BE<\/title>\n<meta name=\"description\" content=\"Kimberly-Clark a r\u00e9alis\u00e9 au deuxi\u00e8me trimestre la plus grande croissance organique du volume en cinq ans.\" \/>\n<meta name=\"robots\" content=\"index, follow, max-snippet:-1, max-image-preview:large, max-video-preview:-1\" \/>\n<link rel=\"canonical\" href=\"https:\/\/www.retaildetail.be\/fr\/news\/beaute-soins\/la-plus-forte-croissance-en-cinq-ans-pour-kimberly-clark\/\" \/>\n<meta property=\"og:locale\" content=\"fr_FR\" \/>\n<meta property=\"og:type\" content=\"article\" \/>\n<meta property=\"og:title\" content=\"La plus forte croissance en cinq ans pour Kimberly-Clark - RetailDetail BE\" \/>\n<meta property=\"og:description\" content=\"Kimberly-Clark a r\u00e9alis\u00e9 au deuxi\u00e8me trimestre la plus grande croissance organique du volume en cinq ans.\" \/>\n<meta property=\"og:url\" content=\"https:\/\/www.retaildetail.be\/fr\/news\/beaute-soins\/la-plus-forte-croissance-en-cinq-ans-pour-kimberly-clark\/\" \/>\n<meta property=\"og:site_name\" content=\"RetailDetail BE\" \/>\n<meta property=\"article:published_time\" content=\"2025-08-04T09:43:04+00:00\" \/>\n<meta property=\"article:modified_time\" content=\"2025-08-04T09:43:06+00:00\" \/>\n<meta property=\"og:image\" content=\"https:\/\/www.retaildetail.be\/wp-content\/uploads\/2025\/08\/shutterstock_1626149962-1.jpg\" \/>\n\t<meta property=\"og:image:width\" content=\"1000\" \/>\n\t<meta property=\"og:image:height\" content=\"667\" \/>\n\t<meta property=\"og:image:type\" content=\"image\/jpeg\" \/>\n<meta name=\"author\" content=\"Jorg Snoeck\" \/>\n<meta name=\"twitter:card\" content=\"summary_large_image\" \/>\n<meta name=\"twitter:label1\" content=\"\u00c9crit par\" \/>\n\t<meta name=\"twitter:data1\" content=\"Jorg Snoeck\" \/>\n\t<meta name=\"twitter:label2\" content=\"Dur\u00e9e de lecture estim\u00e9e\" \/>\n\t<meta name=\"twitter:data2\" content=\"2 minutes\" \/>\n<script type=\"application\/ld+json\" class=\"yoast-schema-graph\">{\"@context\":\"https:\\\/\\\/schema.org\",\"@graph\":[{\"@type\":\"NewsArticle\",\"@id\":\"https:\\\/\\\/www.retaildetail.be\\\/fr\\\/news\\\/beaute-soins\\\/la-plus-forte-croissance-en-cinq-ans-pour-kimberly-clark\\\/#article\",\"isPartOf\":{\"@id\":\"https:\\\/\\\/www.retaildetail.be\\\/fr\\\/news\\\/beaute-soins\\\/la-plus-forte-croissance-en-cinq-ans-pour-kimberly-clark\\\/\"},\"author\":{\"name\":\"Jorg Snoeck\",\"@id\":\"https:\\\/\\\/www.retaildetail.be\\\/nl\\\/#\\\/schema\\\/person\\\/71d9b89376db00e9b1aa8a2841e71a72\"},\"headline\":\"La plus forte croissance en cinq ans pour Kimberly-Clark\",\"datePublished\":\"2025-08-04T09:43:04+00:00\",\"dateModified\":\"2025-08-04T09:43:06+00:00\",\"mainEntityOfPage\":{\"@id\":\"https:\\\/\\\/www.retaildetail.be\\\/fr\\\/news\\\/beaute-soins\\\/la-plus-forte-croissance-en-cinq-ans-pour-kimberly-clark\\\/\"},\"wordCount\":330,\"publisher\":{\"@id\":\"https:\\\/\\\/www.retaildetail.be\\\/nl\\\/#organization\"},\"image\":{\"@id\":\"https:\\\/\\\/www.retaildetail.be\\\/fr\\\/news\\\/beaute-soins\\\/la-plus-forte-croissance-en-cinq-ans-pour-kimberly-clark\\\/#primaryimage\"},\"thumbnailUrl\":\"https:\\\/\\\/www.retaildetail.be\\\/wp-content\\\/uploads\\\/2025\\\/08\\\/shutterstock_1626149962-1.jpg\",\"articleSection\":[\"Beaut\u00e9\\\/Soins\",\"Schoonheid\\\/verzorging\"],\"inLanguage\":\"fr-FR\",\"copyrightYear\":\"2025\",\"copyrightHolder\":{\"@id\":\"https:\\\/\\\/www.retaildetail.be\\\/#organization\"}},{\"@type\":\"WebPage\",\"@id\":\"https:\\\/\\\/www.retaildetail.be\\\/fr\\\/news\\\/beaute-soins\\\/la-plus-forte-croissance-en-cinq-ans-pour-kimberly-clark\\\/\",\"url\":\"https:\\\/\\\/www.retaildetail.be\\\/fr\\\/news\\\/beaute-soins\\\/la-plus-forte-croissance-en-cinq-ans-pour-kimberly-clark\\\/\",\"name\":\"La plus forte croissance en cinq ans pour Kimberly-Clark - RetailDetail BE\",\"isPartOf\":{\"@id\":\"https:\\\/\\\/www.retaildetail.be\\\/nl\\\/#website\"},\"primaryImageOfPage\":{\"@id\":\"https:\\\/\\\/www.retaildetail.be\\\/fr\\\/news\\\/beaute-soins\\\/la-plus-forte-croissance-en-cinq-ans-pour-kimberly-clark\\\/#primaryimage\"},\"image\":{\"@id\":\"https:\\\/\\\/www.retaildetail.be\\\/fr\\\/news\\\/beaute-soins\\\/la-plus-forte-croissance-en-cinq-ans-pour-kimberly-clark\\\/#primaryimage\"},\"thumbnailUrl\":\"https:\\\/\\\/www.retaildetail.be\\\/wp-content\\\/uploads\\\/2025\\\/08\\\/shutterstock_1626149962-1.jpg\",\"datePublished\":\"2025-08-04T09:43:04+00:00\",\"dateModified\":\"2025-08-04T09:43:06+00:00\",\"description\":\"Kimberly-Clark a r\u00e9alis\u00e9 au deuxi\u00e8me trimestre la plus grande croissance organique du volume en cinq ans.\",\"breadcrumb\":{\"@id\":\"https:\\\/\\\/www.retaildetail.be\\\/fr\\\/news\\\/beaute-soins\\\/la-plus-forte-croissance-en-cinq-ans-pour-kimberly-clark\\\/#breadcrumb\"},\"inLanguage\":\"fr-FR\",\"potentialAction\":[{\"@type\":\"ReadAction\",\"target\":[\"https:\\\/\\\/www.retaildetail.be\\\/fr\\\/news\\\/beaute-soins\\\/la-plus-forte-croissance-en-cinq-ans-pour-kimberly-clark\\\/\"]}]},{\"@type\":\"ImageObject\",\"inLanguage\":\"fr-FR\",\"@id\":\"https:\\\/\\\/www.retaildetail.be\\\/fr\\\/news\\\/beaute-soins\\\/la-plus-forte-croissance-en-cinq-ans-pour-kimberly-clark\\\/#primaryimage\",\"url\":\"https:\\\/\\\/www.retaildetail.be\\\/wp-content\\\/uploads\\\/2025\\\/08\\\/shutterstock_1626149962-1.jpg\",\"contentUrl\":\"https:\\\/\\\/www.retaildetail.be\\\/wp-content\\\/uploads\\\/2025\\\/08\\\/shutterstock_1626149962-1.jpg\",\"width\":1000,\"height\":667},{\"@type\":\"BreadcrumbList\",\"@id\":\"https:\\\/\\\/www.retaildetail.be\\\/fr\\\/news\\\/beaute-soins\\\/la-plus-forte-croissance-en-cinq-ans-pour-kimberly-clark\\\/#breadcrumb\",\"itemListElement\":[{\"@type\":\"ListItem\",\"position\":1,\"name\":\"Home\",\"item\":\"https:\\\/\\\/www.retaildetail.be\\\/fr\\\/\"},{\"@type\":\"ListItem\",\"position\":2,\"name\":\"La plus forte croissance en cinq ans pour Kimberly-Clark\"}]},{\"@type\":\"WebSite\",\"@id\":\"https:\\\/\\\/www.retaildetail.be\\\/nl\\\/#website\",\"url\":\"https:\\\/\\\/www.retaildetail.be\\\/nl\\\/\",\"name\":\"RetailDetail BE\",\"description\":\"News\",\"publisher\":{\"@id\":\"https:\\\/\\\/www.retaildetail.be\\\/nl\\\/#organization\"},\"potentialAction\":[{\"@type\":\"SearchAction\",\"target\":{\"@type\":\"EntryPoint\",\"urlTemplate\":\"https:\\\/\\\/www.retaildetail.be\\\/nl\\\/?s={search_term_string}\"},\"query-input\":{\"@type\":\"PropertyValueSpecification\",\"valueRequired\":true,\"valueName\":\"search_term_string\"}}],\"inLanguage\":\"fr-FR\"},{\"@type\":\"Organization\",\"@id\":\"https:\\\/\\\/www.retaildetail.be\\\/nl\\\/#organization\",\"name\":\"RetailDetail BE\",\"url\":\"https:\\\/\\\/www.retaildetail.be\\\/nl\\\/\",\"logo\":{\"@type\":\"ImageObject\",\"inLanguage\":\"fr-FR\",\"@id\":\"https:\\\/\\\/www.retaildetail.be\\\/nl\\\/#\\\/schema\\\/logo\\\/image\\\/\",\"url\":\"https:\\\/\\\/www.retaildetail.be\\\/wp-content\\\/uploads\\\/2022\\\/04\\\/logo.svg\",\"contentUrl\":\"https:\\\/\\\/www.retaildetail.be\\\/wp-content\\\/uploads\\\/2022\\\/04\\\/logo.svg\",\"width\":131,\"height\":70,\"caption\":\"RetailDetail BE\"},\"image\":{\"@id\":\"https:\\\/\\\/www.retaildetail.be\\\/nl\\\/#\\\/schema\\\/logo\\\/image\\\/\"}},{\"@type\":\"Person\",\"@id\":\"https:\\\/\\\/www.retaildetail.be\\\/nl\\\/#\\\/schema\\\/person\\\/71d9b89376db00e9b1aa8a2841e71a72\",\"name\":\"Jorg Snoeck\",\"image\":{\"@type\":\"ImageObject\",\"inLanguage\":\"fr-FR\",\"@id\":\"https:\\\/\\\/secure.gravatar.com\\\/avatar\\\/fc1bd94c7d40f2446e6bf778bb34cf9ab000168f63533cec8e072f4ad96ce7f3?s=96&d=mm&r=g\",\"url\":\"https:\\\/\\\/secure.gravatar.com\\\/avatar\\\/fc1bd94c7d40f2446e6bf778bb34cf9ab000168f63533cec8e072f4ad96ce7f3?s=96&d=mm&r=g\",\"contentUrl\":\"https:\\\/\\\/secure.gravatar.com\\\/avatar\\\/fc1bd94c7d40f2446e6bf778bb34cf9ab000168f63533cec8e072f4ad96ce7f3?s=96&d=mm&r=g\",\"caption\":\"Jorg Snoeck\"},\"url\":\"https:\\\/\\\/www.retaildetail.be\\\/fr\\\/author\\\/jorgsnoeck\\\/\"}]}<\/script>\n<!-- \/ Yoast SEO plugin. -->","yoast_head_json":{"title":"La plus forte croissance en cinq ans pour Kimberly-Clark - RetailDetail BE","description":"Kimberly-Clark a r\u00e9alis\u00e9 au deuxi\u00e8me trimestre la plus grande croissance organique du volume en cinq ans.","robots":{"index":"index","follow":"follow","max-snippet":"max-snippet:-1","max-image-preview":"max-image-preview:large","max-video-preview":"max-video-preview:-1"},"canonical":"https:\/\/www.retaildetail.be\/fr\/news\/beaute-soins\/la-plus-forte-croissance-en-cinq-ans-pour-kimberly-clark\/","og_locale":"fr_FR","og_type":"article","og_title":"La plus forte croissance en cinq ans pour Kimberly-Clark - RetailDetail BE","og_description":"Kimberly-Clark a r\u00e9alis\u00e9 au deuxi\u00e8me trimestre la plus grande croissance organique du volume en cinq ans.","og_url":"https:\/\/www.retaildetail.be\/fr\/news\/beaute-soins\/la-plus-forte-croissance-en-cinq-ans-pour-kimberly-clark\/","og_site_name":"RetailDetail BE","article_published_time":"2025-08-04T09:43:04+00:00","article_modified_time":"2025-08-04T09:43:06+00:00","og_image":[{"width":1000,"height":667,"url":"https:\/\/www.retaildetail.be\/wp-content\/uploads\/2025\/08\/shutterstock_1626149962-1.jpg","type":"image\/jpeg"}],"author":"Jorg Snoeck","twitter_card":"summary_large_image","twitter_misc":{"\u00c9crit par":"Jorg Snoeck","Dur\u00e9e de lecture estim\u00e9e":"2 minutes"},"schema":{"@context":"https:\/\/schema.org","@graph":[{"@type":"NewsArticle","@id":"https:\/\/www.retaildetail.be\/fr\/news\/beaute-soins\/la-plus-forte-croissance-en-cinq-ans-pour-kimberly-clark\/#article","isPartOf":{"@id":"https:\/\/www.retaildetail.be\/fr\/news\/beaute-soins\/la-plus-forte-croissance-en-cinq-ans-pour-kimberly-clark\/"},"author":{"name":"Jorg Snoeck","@id":"https:\/\/www.retaildetail.be\/nl\/#\/schema\/person\/71d9b89376db00e9b1aa8a2841e71a72"},"headline":"La plus forte croissance en cinq ans pour Kimberly-Clark","datePublished":"2025-08-04T09:43:04+00:00","dateModified":"2025-08-04T09:43:06+00:00","mainEntityOfPage":{"@id":"https:\/\/www.retaildetail.be\/fr\/news\/beaute-soins\/la-plus-forte-croissance-en-cinq-ans-pour-kimberly-clark\/"},"wordCount":330,"publisher":{"@id":"https:\/\/www.retaildetail.be\/nl\/#organization"},"image":{"@id":"https:\/\/www.retaildetail.be\/fr\/news\/beaute-soins\/la-plus-forte-croissance-en-cinq-ans-pour-kimberly-clark\/#primaryimage"},"thumbnailUrl":"https:\/\/www.retaildetail.be\/wp-content\/uploads\/2025\/08\/shutterstock_1626149962-1.jpg","articleSection":["Beaut\u00e9\/Soins","Schoonheid\/verzorging"],"inLanguage":"fr-FR","copyrightYear":"2025","copyrightHolder":{"@id":"https:\/\/www.retaildetail.be\/#organization"}},{"@type":"WebPage","@id":"https:\/\/www.retaildetail.be\/fr\/news\/beaute-soins\/la-plus-forte-croissance-en-cinq-ans-pour-kimberly-clark\/","url":"https:\/\/www.retaildetail.be\/fr\/news\/beaute-soins\/la-plus-forte-croissance-en-cinq-ans-pour-kimberly-clark\/","name":"La plus forte croissance en cinq ans pour Kimberly-Clark - RetailDetail BE","isPartOf":{"@id":"https:\/\/www.retaildetail.be\/nl\/#website"},"primaryImageOfPage":{"@id":"https:\/\/www.retaildetail.be\/fr\/news\/beaute-soins\/la-plus-forte-croissance-en-cinq-ans-pour-kimberly-clark\/#primaryimage"},"image":{"@id":"https:\/\/www.retaildetail.be\/fr\/news\/beaute-soins\/la-plus-forte-croissance-en-cinq-ans-pour-kimberly-clark\/#primaryimage"},"thumbnailUrl":"https:\/\/www.retaildetail.be\/wp-content\/uploads\/2025\/08\/shutterstock_1626149962-1.jpg","datePublished":"2025-08-04T09:43:04+00:00","dateModified":"2025-08-04T09:43:06+00:00","description":"Kimberly-Clark a r\u00e9alis\u00e9 au deuxi\u00e8me trimestre la plus grande croissance organique du volume en cinq ans.","breadcrumb":{"@id":"https:\/\/www.retaildetail.be\/fr\/news\/beaute-soins\/la-plus-forte-croissance-en-cinq-ans-pour-kimberly-clark\/#breadcrumb"},"inLanguage":"fr-FR","potentialAction":[{"@type":"ReadAction","target":["https:\/\/www.retaildetail.be\/fr\/news\/beaute-soins\/la-plus-forte-croissance-en-cinq-ans-pour-kimberly-clark\/"]}]},{"@type":"ImageObject","inLanguage":"fr-FR","@id":"https:\/\/www.retaildetail.be\/fr\/news\/beaute-soins\/la-plus-forte-croissance-en-cinq-ans-pour-kimberly-clark\/#primaryimage","url":"https:\/\/www.retaildetail.be\/wp-content\/uploads\/2025\/08\/shutterstock_1626149962-1.jpg","contentUrl":"https:\/\/www.retaildetail.be\/wp-content\/uploads\/2025\/08\/shutterstock_1626149962-1.jpg","width":1000,"height":667},{"@type":"BreadcrumbList","@id":"https:\/\/www.retaildetail.be\/fr\/news\/beaute-soins\/la-plus-forte-croissance-en-cinq-ans-pour-kimberly-clark\/#breadcrumb","itemListElement":[{"@type":"ListItem","position":1,"name":"Home","item":"https:\/\/www.retaildetail.be\/fr\/"},{"@type":"ListItem","position":2,"name":"La plus forte croissance en cinq ans pour Kimberly-Clark"}]},{"@type":"WebSite","@id":"https:\/\/www.retaildetail.be\/nl\/#website","url":"https:\/\/www.retaildetail.be\/nl\/","name":"RetailDetail BE","description":"News","publisher":{"@id":"https:\/\/www.retaildetail.be\/nl\/#organization"},"potentialAction":[{"@type":"SearchAction","target":{"@type":"EntryPoint","urlTemplate":"https:\/\/www.retaildetail.be\/nl\/?s={search_term_string}"},"query-input":{"@type":"PropertyValueSpecification","valueRequired":true,"valueName":"search_term_string"}}],"inLanguage":"fr-FR"},{"@type":"Organization","@id":"https:\/\/www.retaildetail.be\/nl\/#organization","name":"RetailDetail BE","url":"https:\/\/www.retaildetail.be\/nl\/","logo":{"@type":"ImageObject","inLanguage":"fr-FR","@id":"https:\/\/www.retaildetail.be\/nl\/#\/schema\/logo\/image\/","url":"https:\/\/www.retaildetail.be\/wp-content\/uploads\/2022\/04\/logo.svg","contentUrl":"https:\/\/www.retaildetail.be\/wp-content\/uploads\/2022\/04\/logo.svg","width":131,"height":70,"caption":"RetailDetail BE"},"image":{"@id":"https:\/\/www.retaildetail.be\/nl\/#\/schema\/logo\/image\/"}},{"@type":"Person","@id":"https:\/\/www.retaildetail.be\/nl\/#\/schema\/person\/71d9b89376db00e9b1aa8a2841e71a72","name":"Jorg Snoeck","image":{"@type":"ImageObject","inLanguage":"fr-FR","@id":"https:\/\/secure.gravatar.com\/avatar\/fc1bd94c7d40f2446e6bf778bb34cf9ab000168f63533cec8e072f4ad96ce7f3?s=96&d=mm&r=g","url":"https:\/\/secure.gravatar.com\/avatar\/fc1bd94c7d40f2446e6bf778bb34cf9ab000168f63533cec8e072f4ad96ce7f3?s=96&d=mm&r=g","contentUrl":"https:\/\/secure.gravatar.com\/avatar\/fc1bd94c7d40f2446e6bf778bb34cf9ab000168f63533cec8e072f4ad96ce7f3?s=96&d=mm&r=g","caption":"Jorg Snoeck"},"url":"https:\/\/www.retaildetail.be\/fr\/author\/jorgsnoeck\/"}]}},"jetpack_featured_media_url":"https:\/\/www.retaildetail.be\/wp-content\/uploads\/2025\/08\/shutterstock_1626149962-1.jpg","jetpack_sharing_enabled":true,"_links":{"self":[{"href":"https:\/\/www.retaildetail.be\/fr\/wp-json\/wp\/v2\/posts\/124270","targetHints":{"allow":["GET"]}}],"collection":[{"href":"https:\/\/www.retaildetail.be\/fr\/wp-json\/wp\/v2\/posts"}],"about":[{"href":"https:\/\/www.retaildetail.be\/fr\/wp-json\/wp\/v2\/types\/post"}],"author":[{"embeddable":true,"href":"https:\/\/www.retaildetail.be\/fr\/wp-json\/wp\/v2\/users\/10"}],"replies":[{"embeddable":true,"href":"https:\/\/www.retaildetail.be\/fr\/wp-json\/wp\/v2\/comments?post=124270"}],"version-history":[{"count":1,"href":"https:\/\/www.retaildetail.be\/fr\/wp-json\/wp\/v2\/posts\/124270\/revisions"}],"predecessor-version":[{"id":124273,"href":"https:\/\/www.retaildetail.be\/fr\/wp-json\/wp\/v2\/posts\/124270\/revisions\/124273"}],"wp:featuredmedia":[{"embeddable":true,"href":"https:\/\/www.retaildetail.be\/fr\/wp-json\/wp\/v2\/media\/124271"}],"wp:attachment":[{"href":"https:\/\/www.retaildetail.be\/fr\/wp-json\/wp\/v2\/media?parent=124270"}],"wp:term":[{"taxonomy":"category","embeddable":true,"href":"https:\/\/www.retaildetail.be\/fr\/wp-json\/wp\/v2\/categories?post=124270"},{"taxonomy":"post_tag","embeddable":true,"href":"https:\/\/www.retaildetail.be\/fr\/wp-json\/wp\/v2\/tags?post=124270"},{"taxonomy":"people","embeddable":true,"href":"https:\/\/www.retaildetail.be\/fr\/wp-json\/wp\/v2\/people?post=124270"},{"taxonomy":"extra","embeddable":true,"href":"https:\/\/www.retaildetail.be\/fr\/wp-json\/wp\/v2\/extra?post=124270"},{"taxonomy":"company","embeddable":true,"href":"https:\/\/www.retaildetail.be\/fr\/wp-json\/wp\/v2\/company?post=124270"},{"taxonomy":"topic","embeddable":true,"href":"https:\/\/www.retaildetail.be\/fr\/wp-json\/wp\/v2\/topic?post=124270"},{"taxonomy":"region","embeddable":true,"href":"https:\/\/www.retaildetail.be\/fr\/wp-json\/wp\/v2\/region?post=124270"}],"curies":[{"name":"wp","href":"https:\/\/api.w.org\/{rel}","templated":true}]}}