{"id":124304,"date":"2025-08-04T13:31:08","date_gmt":"2025-08-04T11:31:08","guid":{"rendered":"https:\/\/www.retaildetail.be\/?p=124304"},"modified":"2025-08-04T13:31:09","modified_gmt":"2025-08-04T11:31:09","slug":"shein-recoit-une-amende-de-1-million-deuros-en-italie","status":"publish","type":"post","link":"https:\/\/www.retaildetail.be\/fr\/news\/mode\/shein-recoit-une-amende-de-1-million-deuros-en-italie\/","title":{"rendered":"Shein re\u00e7oit une amende de 1 million d&rsquo;euros en Italie"},"content":{"rendered":"\n<p>L&rsquo;autorit\u00e9 italienne de la concurrence inflige \u00e0 <strong>Shein<\/strong> une amende d&rsquo;un million d&rsquo;euros en raison de communications trompeuses sur l&rsquo;impact environnemental des produits. La sanction fait suite \u00e0 une enqu\u00eate sur le \u00ab\u00a0greenwashing\u00a0\u00bb.<\/p>\n\n\n\n<h2 class=\"wp-block-heading\">All\u00e9gations trompeuses sur la durabilit\u00e9<\/h2>\n\n\n\n<p>L&rsquo;amende fait suite \u00e0 une analyse approfondie qui a d\u00e9but\u00e9 en septembre de l&rsquo;ann\u00e9e derni\u00e8re. Il est apparu de l&rsquo;enqu\u00eate que la communication de Shein sur l&rsquo;environnement et la responsabilit\u00e9 soci\u00e9tale des entreprises \u00e9tait vague, exag\u00e9r\u00e9e et dans certains cas m\u00eame incorrecte ou trompeuse.<\/p>\n\n\n\n<p>Selon l&rsquo;autorit\u00e9 italienne, Shein a une plus grande responsabilit\u00e9, car la plateforme est active dans le secteur de la fast-fashion, qui est connue pour la pollution environnementale due \u00e0 des cycles de production rapides et des volumes de production \u00e9lev\u00e9s. L&rsquo;entreprise a d\u00e9clar\u00e9 au d\u00e9but de l&rsquo;enqu\u00eate qu&rsquo;elle coop\u00e9rerait pleinement avec les autorit\u00e9s et fournirait toutes les informations n\u00e9cessaires.<\/p>\n","protected":false},"excerpt":{"rendered":"<p>L&rsquo;autorit\u00e9 italienne de la concurrence inflige \u00e0 Shein une amende d&rsquo;un million d&rsquo;euros en raison de communications trompeuses sur l&rsquo;impact environnemental des produits. La sanction fait suite \u00e0 une enqu\u00eate sur le \u00ab\u00a0greenwashing\u00a0\u00bb.<\/p>\n","protected":false},"author":5,"featured_media":124305,"comment_status":"closed","ping_status":"closed","sticky":false,"template":"","format":"standard","meta":{"_acf_changed":false,"inline_featured_image":false,"_jetpack_memberships_contains_paid_content":false,"footnotes":""},"categories":[14,22],"tags":[],"people":[],"extra":[],"company":[571],"topic":[373,756],"region":[525],"class_list":{"0":"post-124304","1":"post","2":"type-post","3":"status-publish","4":"format-standard","5":"has-post-thumbnail","6":"hentry","7":"category-mode","9":"company-shein","10":"topic-durabilite","11":"topic-litige","12":"region-italie"},"acf":[],"yoast_head":"<!-- This site is optimized with the Yoast SEO plugin v27.3 - https:\/\/yoast.com\/product\/yoast-seo-wordpress\/ -->\n<title>Shein re\u00e7oit une amende de 1 million d&#039;euros en Italie - RetailDetail BE<\/title>\n<meta name=\"description\" content=\"L&#039;autorit\u00e9 italienne de la concurrence inflige \u00e0 Shein une amende d&#039;un million d&#039;euros en raison de communications trompeuses sur l&#039;impact environnemental.\" \/>\n<meta name=\"robots\" content=\"index, follow, max-snippet:-1, max-image-preview:large, max-video-preview:-1\" \/>\n<link rel=\"canonical\" href=\"https:\/\/www.retaildetail.be\/fr\/news\/mode\/shein-recoit-une-amende-de-1-million-deuros-en-italie\/\" \/>\n<meta property=\"og:locale\" content=\"fr_FR\" \/>\n<meta property=\"og:type\" content=\"article\" \/>\n<meta property=\"og:title\" content=\"Shein re\u00e7oit une amende de 1 million d&#039;euros en Italie - RetailDetail BE\" \/>\n<meta property=\"og:description\" content=\"L&#039;autorit\u00e9 italienne de la concurrence inflige \u00e0 Shein une amende d&#039;un million d&#039;euros en raison de communications trompeuses sur l&#039;impact environnemental.\" \/>\n<meta property=\"og:url\" content=\"https:\/\/www.retaildetail.be\/fr\/news\/mode\/shein-recoit-une-amende-de-1-million-deuros-en-italie\/\" \/>\n<meta property=\"og:site_name\" content=\"RetailDetail BE\" \/>\n<meta property=\"article:published_time\" content=\"2025-08-04T11:31:08+00:00\" \/>\n<meta property=\"article:modified_time\" content=\"2025-08-04T11:31:09+00:00\" \/>\n<meta property=\"og:image\" content=\"https:\/\/www.retaildetail.be\/wp-content\/uploads\/2025\/08\/shutterstock_shein.jpg\" \/>\n\t<meta property=\"og:image:width\" content=\"1000\" \/>\n\t<meta property=\"og:image:height\" content=\"667\" \/>\n\t<meta property=\"og:image:type\" content=\"image\/jpeg\" \/>\n<meta name=\"author\" content=\"Pauline Neerman\" \/>\n<meta name=\"twitter:card\" content=\"summary_large_image\" \/>\n<meta name=\"twitter:label1\" content=\"\u00c9crit par\" \/>\n\t<meta name=\"twitter:data1\" content=\"Pauline Neerman\" \/>\n\t<meta name=\"twitter:label2\" content=\"Dur\u00e9e de lecture estim\u00e9e\" \/>\n\t<meta name=\"twitter:data2\" content=\"1 minute\" \/>\n<script type=\"application\/ld+json\" class=\"yoast-schema-graph\">{\"@context\":\"https:\\\/\\\/schema.org\",\"@graph\":[{\"@type\":\"NewsArticle\",\"@id\":\"https:\\\/\\\/www.retaildetail.be\\\/fr\\\/news\\\/mode\\\/shein-recoit-une-amende-de-1-million-deuros-en-italie\\\/#article\",\"isPartOf\":{\"@id\":\"https:\\\/\\\/www.retaildetail.be\\\/fr\\\/news\\\/mode\\\/shein-recoit-une-amende-de-1-million-deuros-en-italie\\\/\"},\"author\":{\"name\":\"Pauline Neerman\",\"@id\":\"https:\\\/\\\/www.retaildetail.be\\\/nl\\\/#\\\/schema\\\/person\\\/66b54803fa10759039079458ea89e307\"},\"headline\":\"Shein re\u00e7oit une amende de 1 million d&rsquo;euros en Italie\",\"datePublished\":\"2025-08-04T11:31:08+00:00\",\"dateModified\":\"2025-08-04T11:31:09+00:00\",\"mainEntityOfPage\":{\"@id\":\"https:\\\/\\\/www.retaildetail.be\\\/fr\\\/news\\\/mode\\\/shein-recoit-une-amende-de-1-million-deuros-en-italie\\\/\"},\"wordCount\":177,\"publisher\":{\"@id\":\"https:\\\/\\\/www.retaildetail.be\\\/nl\\\/#organization\"},\"image\":{\"@id\":\"https:\\\/\\\/www.retaildetail.be\\\/fr\\\/news\\\/mode\\\/shein-recoit-une-amende-de-1-million-deuros-en-italie\\\/#primaryimage\"},\"thumbnailUrl\":\"https:\\\/\\\/www.retaildetail.be\\\/wp-content\\\/uploads\\\/2025\\\/08\\\/shutterstock_shein.jpg\",\"articleSection\":[\"Mode\",\"Mode\"],\"inLanguage\":\"fr-FR\",\"copyrightYear\":\"2025\",\"copyrightHolder\":{\"@id\":\"https:\\\/\\\/www.retaildetail.be\\\/#organization\"}},{\"@type\":\"WebPage\",\"@id\":\"https:\\\/\\\/www.retaildetail.be\\\/fr\\\/news\\\/mode\\\/shein-recoit-une-amende-de-1-million-deuros-en-italie\\\/\",\"url\":\"https:\\\/\\\/www.retaildetail.be\\\/fr\\\/news\\\/mode\\\/shein-recoit-une-amende-de-1-million-deuros-en-italie\\\/\",\"name\":\"Shein re\u00e7oit une amende de 1 million d'euros en Italie - RetailDetail BE\",\"isPartOf\":{\"@id\":\"https:\\\/\\\/www.retaildetail.be\\\/nl\\\/#website\"},\"primaryImageOfPage\":{\"@id\":\"https:\\\/\\\/www.retaildetail.be\\\/fr\\\/news\\\/mode\\\/shein-recoit-une-amende-de-1-million-deuros-en-italie\\\/#primaryimage\"},\"image\":{\"@id\":\"https:\\\/\\\/www.retaildetail.be\\\/fr\\\/news\\\/mode\\\/shein-recoit-une-amende-de-1-million-deuros-en-italie\\\/#primaryimage\"},\"thumbnailUrl\":\"https:\\\/\\\/www.retaildetail.be\\\/wp-content\\\/uploads\\\/2025\\\/08\\\/shutterstock_shein.jpg\",\"datePublished\":\"2025-08-04T11:31:08+00:00\",\"dateModified\":\"2025-08-04T11:31:09+00:00\",\"description\":\"L'autorit\u00e9 italienne de la concurrence inflige \u00e0 Shein une amende d'un million d'euros en raison de communications trompeuses sur l'impact environnemental.\",\"breadcrumb\":{\"@id\":\"https:\\\/\\\/www.retaildetail.be\\\/fr\\\/news\\\/mode\\\/shein-recoit-une-amende-de-1-million-deuros-en-italie\\\/#breadcrumb\"},\"inLanguage\":\"fr-FR\",\"potentialAction\":[{\"@type\":\"ReadAction\",\"target\":[\"https:\\\/\\\/www.retaildetail.be\\\/fr\\\/news\\\/mode\\\/shein-recoit-une-amende-de-1-million-deuros-en-italie\\\/\"]}]},{\"@type\":\"ImageObject\",\"inLanguage\":\"fr-FR\",\"@id\":\"https:\\\/\\\/www.retaildetail.be\\\/fr\\\/news\\\/mode\\\/shein-recoit-une-amende-de-1-million-deuros-en-italie\\\/#primaryimage\",\"url\":\"https:\\\/\\\/www.retaildetail.be\\\/wp-content\\\/uploads\\\/2025\\\/08\\\/shutterstock_shein.jpg\",\"contentUrl\":\"https:\\\/\\\/www.retaildetail.be\\\/wp-content\\\/uploads\\\/2025\\\/08\\\/shutterstock_shein.jpg\",\"width\":1000,\"height\":667},{\"@type\":\"BreadcrumbList\",\"@id\":\"https:\\\/\\\/www.retaildetail.be\\\/fr\\\/news\\\/mode\\\/shein-recoit-une-amende-de-1-million-deuros-en-italie\\\/#breadcrumb\",\"itemListElement\":[{\"@type\":\"ListItem\",\"position\":1,\"name\":\"Home\",\"item\":\"https:\\\/\\\/www.retaildetail.be\\\/fr\\\/\"},{\"@type\":\"ListItem\",\"position\":2,\"name\":\"Shein re\u00e7oit une amende de 1 million d&#8217;euros en Italie\"}]},{\"@type\":\"WebSite\",\"@id\":\"https:\\\/\\\/www.retaildetail.be\\\/nl\\\/#website\",\"url\":\"https:\\\/\\\/www.retaildetail.be\\\/nl\\\/\",\"name\":\"RetailDetail BE\",\"description\":\"News\",\"publisher\":{\"@id\":\"https:\\\/\\\/www.retaildetail.be\\\/nl\\\/#organization\"},\"potentialAction\":[{\"@type\":\"SearchAction\",\"target\":{\"@type\":\"EntryPoint\",\"urlTemplate\":\"https:\\\/\\\/www.retaildetail.be\\\/nl\\\/?s={search_term_string}\"},\"query-input\":{\"@type\":\"PropertyValueSpecification\",\"valueRequired\":true,\"valueName\":\"search_term_string\"}}],\"inLanguage\":\"fr-FR\"},{\"@type\":\"Organization\",\"@id\":\"https:\\\/\\\/www.retaildetail.be\\\/nl\\\/#organization\",\"name\":\"RetailDetail BE\",\"url\":\"https:\\\/\\\/www.retaildetail.be\\\/nl\\\/\",\"logo\":{\"@type\":\"ImageObject\",\"inLanguage\":\"fr-FR\",\"@id\":\"https:\\\/\\\/www.retaildetail.be\\\/nl\\\/#\\\/schema\\\/logo\\\/image\\\/\",\"url\":\"https:\\\/\\\/www.retaildetail.be\\\/wp-content\\\/uploads\\\/2022\\\/04\\\/logo.svg\",\"contentUrl\":\"https:\\\/\\\/www.retaildetail.be\\\/wp-content\\\/uploads\\\/2022\\\/04\\\/logo.svg\",\"width\":131,\"height\":70,\"caption\":\"RetailDetail BE\"},\"image\":{\"@id\":\"https:\\\/\\\/www.retaildetail.be\\\/nl\\\/#\\\/schema\\\/logo\\\/image\\\/\"}},{\"@type\":\"Person\",\"@id\":\"https:\\\/\\\/www.retaildetail.be\\\/nl\\\/#\\\/schema\\\/person\\\/66b54803fa10759039079458ea89e307\",\"name\":\"Pauline Neerman\",\"image\":{\"@type\":\"ImageObject\",\"inLanguage\":\"fr-FR\",\"@id\":\"https:\\\/\\\/secure.gravatar.com\\\/avatar\\\/58db22aee589a691f9603e5765ac06010427a923f9b2728b951eb7fe27214d70?s=96&d=mm&r=g\",\"url\":\"https:\\\/\\\/secure.gravatar.com\\\/avatar\\\/58db22aee589a691f9603e5765ac06010427a923f9b2728b951eb7fe27214d70?s=96&d=mm&r=g\",\"contentUrl\":\"https:\\\/\\\/secure.gravatar.com\\\/avatar\\\/58db22aee589a691f9603e5765ac06010427a923f9b2728b951eb7fe27214d70?s=96&d=mm&r=g\",\"caption\":\"Pauline Neerman\"},\"url\":\"https:\\\/\\\/www.retaildetail.be\\\/fr\\\/author\\\/paulineneerman\\\/\"}]}<\/script>\n<!-- \/ Yoast SEO plugin. -->","yoast_head_json":{"title":"Shein re\u00e7oit une amende de 1 million d'euros en Italie - RetailDetail BE","description":"L'autorit\u00e9 italienne de la concurrence inflige \u00e0 Shein une amende d'un million d'euros en raison de communications trompeuses sur l'impact environnemental.","robots":{"index":"index","follow":"follow","max-snippet":"max-snippet:-1","max-image-preview":"max-image-preview:large","max-video-preview":"max-video-preview:-1"},"canonical":"https:\/\/www.retaildetail.be\/fr\/news\/mode\/shein-recoit-une-amende-de-1-million-deuros-en-italie\/","og_locale":"fr_FR","og_type":"article","og_title":"Shein re\u00e7oit une amende de 1 million d'euros en Italie - RetailDetail BE","og_description":"L'autorit\u00e9 italienne de la concurrence inflige \u00e0 Shein une amende d'un million d'euros en raison de communications trompeuses sur l'impact environnemental.","og_url":"https:\/\/www.retaildetail.be\/fr\/news\/mode\/shein-recoit-une-amende-de-1-million-deuros-en-italie\/","og_site_name":"RetailDetail BE","article_published_time":"2025-08-04T11:31:08+00:00","article_modified_time":"2025-08-04T11:31:09+00:00","og_image":[{"width":1000,"height":667,"url":"https:\/\/www.retaildetail.be\/wp-content\/uploads\/2025\/08\/shutterstock_shein.jpg","type":"image\/jpeg"}],"author":"Pauline Neerman","twitter_card":"summary_large_image","twitter_misc":{"\u00c9crit par":"Pauline Neerman","Dur\u00e9e de lecture estim\u00e9e":"1 minute"},"schema":{"@context":"https:\/\/schema.org","@graph":[{"@type":"NewsArticle","@id":"https:\/\/www.retaildetail.be\/fr\/news\/mode\/shein-recoit-une-amende-de-1-million-deuros-en-italie\/#article","isPartOf":{"@id":"https:\/\/www.retaildetail.be\/fr\/news\/mode\/shein-recoit-une-amende-de-1-million-deuros-en-italie\/"},"author":{"name":"Pauline Neerman","@id":"https:\/\/www.retaildetail.be\/nl\/#\/schema\/person\/66b54803fa10759039079458ea89e307"},"headline":"Shein re\u00e7oit une amende de 1 million d&rsquo;euros en Italie","datePublished":"2025-08-04T11:31:08+00:00","dateModified":"2025-08-04T11:31:09+00:00","mainEntityOfPage":{"@id":"https:\/\/www.retaildetail.be\/fr\/news\/mode\/shein-recoit-une-amende-de-1-million-deuros-en-italie\/"},"wordCount":177,"publisher":{"@id":"https:\/\/www.retaildetail.be\/nl\/#organization"},"image":{"@id":"https:\/\/www.retaildetail.be\/fr\/news\/mode\/shein-recoit-une-amende-de-1-million-deuros-en-italie\/#primaryimage"},"thumbnailUrl":"https:\/\/www.retaildetail.be\/wp-content\/uploads\/2025\/08\/shutterstock_shein.jpg","articleSection":["Mode","Mode"],"inLanguage":"fr-FR","copyrightYear":"2025","copyrightHolder":{"@id":"https:\/\/www.retaildetail.be\/#organization"}},{"@type":"WebPage","@id":"https:\/\/www.retaildetail.be\/fr\/news\/mode\/shein-recoit-une-amende-de-1-million-deuros-en-italie\/","url":"https:\/\/www.retaildetail.be\/fr\/news\/mode\/shein-recoit-une-amende-de-1-million-deuros-en-italie\/","name":"Shein re\u00e7oit une amende de 1 million d'euros en Italie - RetailDetail BE","isPartOf":{"@id":"https:\/\/www.retaildetail.be\/nl\/#website"},"primaryImageOfPage":{"@id":"https:\/\/www.retaildetail.be\/fr\/news\/mode\/shein-recoit-une-amende-de-1-million-deuros-en-italie\/#primaryimage"},"image":{"@id":"https:\/\/www.retaildetail.be\/fr\/news\/mode\/shein-recoit-une-amende-de-1-million-deuros-en-italie\/#primaryimage"},"thumbnailUrl":"https:\/\/www.retaildetail.be\/wp-content\/uploads\/2025\/08\/shutterstock_shein.jpg","datePublished":"2025-08-04T11:31:08+00:00","dateModified":"2025-08-04T11:31:09+00:00","description":"L'autorit\u00e9 italienne de la concurrence inflige \u00e0 Shein une amende d'un million d'euros en raison de communications trompeuses sur l'impact environnemental.","breadcrumb":{"@id":"https:\/\/www.retaildetail.be\/fr\/news\/mode\/shein-recoit-une-amende-de-1-million-deuros-en-italie\/#breadcrumb"},"inLanguage":"fr-FR","potentialAction":[{"@type":"ReadAction","target":["https:\/\/www.retaildetail.be\/fr\/news\/mode\/shein-recoit-une-amende-de-1-million-deuros-en-italie\/"]}]},{"@type":"ImageObject","inLanguage":"fr-FR","@id":"https:\/\/www.retaildetail.be\/fr\/news\/mode\/shein-recoit-une-amende-de-1-million-deuros-en-italie\/#primaryimage","url":"https:\/\/www.retaildetail.be\/wp-content\/uploads\/2025\/08\/shutterstock_shein.jpg","contentUrl":"https:\/\/www.retaildetail.be\/wp-content\/uploads\/2025\/08\/shutterstock_shein.jpg","width":1000,"height":667},{"@type":"BreadcrumbList","@id":"https:\/\/www.retaildetail.be\/fr\/news\/mode\/shein-recoit-une-amende-de-1-million-deuros-en-italie\/#breadcrumb","itemListElement":[{"@type":"ListItem","position":1,"name":"Home","item":"https:\/\/www.retaildetail.be\/fr\/"},{"@type":"ListItem","position":2,"name":"Shein re\u00e7oit une amende de 1 million d&#8217;euros en Italie"}]},{"@type":"WebSite","@id":"https:\/\/www.retaildetail.be\/nl\/#website","url":"https:\/\/www.retaildetail.be\/nl\/","name":"RetailDetail BE","description":"News","publisher":{"@id":"https:\/\/www.retaildetail.be\/nl\/#organization"},"potentialAction":[{"@type":"SearchAction","target":{"@type":"EntryPoint","urlTemplate":"https:\/\/www.retaildetail.be\/nl\/?s={search_term_string}"},"query-input":{"@type":"PropertyValueSpecification","valueRequired":true,"valueName":"search_term_string"}}],"inLanguage":"fr-FR"},{"@type":"Organization","@id":"https:\/\/www.retaildetail.be\/nl\/#organization","name":"RetailDetail BE","url":"https:\/\/www.retaildetail.be\/nl\/","logo":{"@type":"ImageObject","inLanguage":"fr-FR","@id":"https:\/\/www.retaildetail.be\/nl\/#\/schema\/logo\/image\/","url":"https:\/\/www.retaildetail.be\/wp-content\/uploads\/2022\/04\/logo.svg","contentUrl":"https:\/\/www.retaildetail.be\/wp-content\/uploads\/2022\/04\/logo.svg","width":131,"height":70,"caption":"RetailDetail BE"},"image":{"@id":"https:\/\/www.retaildetail.be\/nl\/#\/schema\/logo\/image\/"}},{"@type":"Person","@id":"https:\/\/www.retaildetail.be\/nl\/#\/schema\/person\/66b54803fa10759039079458ea89e307","name":"Pauline Neerman","image":{"@type":"ImageObject","inLanguage":"fr-FR","@id":"https:\/\/secure.gravatar.com\/avatar\/58db22aee589a691f9603e5765ac06010427a923f9b2728b951eb7fe27214d70?s=96&d=mm&r=g","url":"https:\/\/secure.gravatar.com\/avatar\/58db22aee589a691f9603e5765ac06010427a923f9b2728b951eb7fe27214d70?s=96&d=mm&r=g","contentUrl":"https:\/\/secure.gravatar.com\/avatar\/58db22aee589a691f9603e5765ac06010427a923f9b2728b951eb7fe27214d70?s=96&d=mm&r=g","caption":"Pauline Neerman"},"url":"https:\/\/www.retaildetail.be\/fr\/author\/paulineneerman\/"}]}},"jetpack_featured_media_url":"https:\/\/www.retaildetail.be\/wp-content\/uploads\/2025\/08\/shutterstock_shein.jpg","jetpack_sharing_enabled":true,"_links":{"self":[{"href":"https:\/\/www.retaildetail.be\/fr\/wp-json\/wp\/v2\/posts\/124304","targetHints":{"allow":["GET"]}}],"collection":[{"href":"https:\/\/www.retaildetail.be\/fr\/wp-json\/wp\/v2\/posts"}],"about":[{"href":"https:\/\/www.retaildetail.be\/fr\/wp-json\/wp\/v2\/types\/post"}],"author":[{"embeddable":true,"href":"https:\/\/www.retaildetail.be\/fr\/wp-json\/wp\/v2\/users\/5"}],"replies":[{"embeddable":true,"href":"https:\/\/www.retaildetail.be\/fr\/wp-json\/wp\/v2\/comments?post=124304"}],"version-history":[{"count":1,"href":"https:\/\/www.retaildetail.be\/fr\/wp-json\/wp\/v2\/posts\/124304\/revisions"}],"predecessor-version":[{"id":124306,"href":"https:\/\/www.retaildetail.be\/fr\/wp-json\/wp\/v2\/posts\/124304\/revisions\/124306"}],"wp:featuredmedia":[{"embeddable":true,"href":"https:\/\/www.retaildetail.be\/fr\/wp-json\/wp\/v2\/media\/124305"}],"wp:attachment":[{"href":"https:\/\/www.retaildetail.be\/fr\/wp-json\/wp\/v2\/media?parent=124304"}],"wp:term":[{"taxonomy":"category","embeddable":true,"href":"https:\/\/www.retaildetail.be\/fr\/wp-json\/wp\/v2\/categories?post=124304"},{"taxonomy":"post_tag","embeddable":true,"href":"https:\/\/www.retaildetail.be\/fr\/wp-json\/wp\/v2\/tags?post=124304"},{"taxonomy":"people","embeddable":true,"href":"https:\/\/www.retaildetail.be\/fr\/wp-json\/wp\/v2\/people?post=124304"},{"taxonomy":"extra","embeddable":true,"href":"https:\/\/www.retaildetail.be\/fr\/wp-json\/wp\/v2\/extra?post=124304"},{"taxonomy":"company","embeddable":true,"href":"https:\/\/www.retaildetail.be\/fr\/wp-json\/wp\/v2\/company?post=124304"},{"taxonomy":"topic","embeddable":true,"href":"https:\/\/www.retaildetail.be\/fr\/wp-json\/wp\/v2\/topic?post=124304"},{"taxonomy":"region","embeddable":true,"href":"https:\/\/www.retaildetail.be\/fr\/wp-json\/wp\/v2\/region?post=124304"}],"curies":[{"name":"wp","href":"https:\/\/api.w.org\/{rel}","templated":true}]}}