{"id":124768,"date":"2025-08-07T14:18:15","date_gmt":"2025-08-07T12:18:15","guid":{"rendered":"https:\/\/www.retaildetail.be\/?p=124768"},"modified":"2025-08-07T15:09:29","modified_gmt":"2025-08-07T13:09:29","slug":"opinion-comment-le-jumbo-doit-il-continuer-sans-son-capitaine-frits-van-eerd","status":"publish","type":"post","link":"https:\/\/www.retaildetail.be\/fr\/news\/food\/opinion-comment-le-jumbo-doit-il-continuer-sans-son-capitaine-frits-van-eerd\/","title":{"rendered":"[Opinion] Comment Jumbo doit-elle continuer sans son capitaine Frits van Eerd ?"},"content":{"rendered":"\n<p>L&rsquo;ancien dirigeant de<strong> Jumbo<\/strong>, Frits van Eerd, a \u00e9t\u00e9 condamn\u00e9 \u00e0 deux ans de prison dans le cadre d&rsquo;une l&rsquo;affaire p\u00e9nale. Un coup dur, non seulement pour lui, mais aussi pour la cha\u00eene de supermarch\u00e9s n\u00e9erlandaise. Car quelle est la prochaine \u00e9tape pour Jumbo ?<\/p>\n\n\n\n<h2 class=\"wp-block-heading\">Rien ne sera comme avant<\/h2>\n\n\n\n<p>Frits van Eerd a \u00e9t\u00e9 <a href=\"https:\/\/www.retaildetail.be\/fr\/news\/food\/deux-ans-de-prison-pour-lancien-dirigeant-de-jumbo-frits-van-eerd\/\">condamn\u00e9 \u00e0 une peine de deux ans de prison<\/a>, sans sursis. Le juge a ainsi rendu une d\u00e9cision encore plus s\u00e9v\u00e8re que celle demand\u00e9e par le procureur. Une d\u00e9cision surprenante, car Frits van Eerd lui-m\u00eame clame son innocence avec insistance. Le descendant de la famille Jumbo est, selon lui, un entrepreneur dans l&rsquo;\u00e2me. Et il l&rsquo;a prouv\u00e9 plus d&rsquo;une fois, aussi au sein de la cha\u00eene de supermarch\u00e9s familiale.<\/p>\n\n\n\n<p>Plus pr\u00e9cis\u00e9ment, sans Van Eerd, Jumbo semble \u00e0 la d\u00e9rive. Non pas parce que le navire prend l&rsquo;eau, mais parce que le capitaine a disparu. Depuis 2022, le poste de PDG est devenu un carrousel, o\u00f9 les int\u00e9rimaires se succ\u00e8dent. Ce qui \u00e9tait au d\u00e9part une solution provisoire compr\u00e9hensible s&rsquo;est transform\u00e9 en un vide structurel. La question qui se pose aujourd&rsquo;hui est la suivante : comment proc\u00e9der sans Frits van Eerd ? Aujourd&rsquo;hui, m\u00eame que son actionnariat est menac\u00e9.<\/p>\n\n\n\n<h2 class=\"wp-block-heading\">Int\u00e9rimaire apr\u00e8s int\u00e9rimaire<\/h2>\n\n\n\n<p>Au cours des deux derni\u00e8res ann\u00e9es, la direction de Jumbo a ressembl\u00e9 \u00e0 un jeu de chaises musicales. Tout d&rsquo;abord, le directeur financier Ton van Veen a temporairement assum\u00e9 le r\u00f4le de PDG. Puis il a \u00e9t\u00e9 officiellement nomm\u00e9 &#8211; et r\u00e9cemment il est reparti. Entre-temps, Tom Heidman a \u00e9t\u00e9 nomm\u00e9 directeur g\u00e9n\u00e9ral par int\u00e9rim. Le mot \u00ab\u00a0int\u00e9rim\u00a0\u00bb en dit long. Pas de nomination d\u00e9finitive, pas de vision strat\u00e9gique \u00e0 long terme, mais une fois de plus une figure de transition.<\/p>\n\n\n\n<p>Il n&rsquo;en reste pas moins que Tom Heidman peut apporter le calme \u00e0 court terme. En tant que directeur exp\u00e9riment\u00e9 et gestionnaire de crise, il a gagn\u00e9 ses lettres de noblesse en stabilisant temporairement des organisations en transition. Son regard neuf de l&rsquo;ext\u00e9rieur peut \u00eatre utile pour rationaliser les processus, analyser objectivement les relations internes et r\u00e9tablir la discipline op\u00e9rationnelle. En ce sens, son r\u00f4le de PDG par int\u00e9rim est pr\u00e9cieux &#8211; \u00e0 condition qu&rsquo;il reste clairement d\u00e9fini comme une phase int\u00e9rimaire.<\/p>\n\n\n\n<p>Mais \u00e0 Veghel, on sait qu&rsquo;il ne s&rsquo;agit pas d&rsquo;une solution structurelle. Tous les PDG int\u00e9rimaires v\u00e9hiculent le m\u00eame message : nous attendons quelque chose &#8211; ou quelqu&rsquo;un. Ce qu&rsquo;il faut, c&rsquo;est de la clart\u00e9. Qui dirige(ra) r\u00e9ellement Jumbo ?<\/p>\n\n\n\n<h2 class=\"wp-block-heading\">L&rsquo;h\u00e9ritage de l&rsquo;esprit d&rsquo;entreprise<\/h2>\n\n\n\n<p>Jumbo n&rsquo;est pas devenu grand par prudence. La strat\u00e9gie adopt\u00e9e au cours des derni\u00e8res d\u00e9cennies t\u00e9moigne d&rsquo;un esprit d&rsquo;entreprise : une expansion audacieuse aux Pays-Bas, un saut remarquable en Belgique, un flirt ambitieux avec la restauration et une approche marketing combinant sport, prix et engagement.<\/p>\n\n\n\n<p>Il ne s&rsquo;agissait pas d&rsquo;une logique comptable, mais du r\u00e9sultat de risques calcul\u00e9s. Des risques qui s&rsquo;inscrivent dans la culture d&rsquo;une entreprise familiale o\u00f9 la r\u00e9flexion \u00e0 long terme prime sur les r\u00e9sultats trimestriels. Et c&rsquo;est pr\u00e9cis\u00e9ment cette approche qui est aujourd&rsquo;hui mise sous pression. Sans capitaine, la marque semble moins tranchante. La perception des prix s&rsquo;effrite, le march\u00e9 belge conna\u00eet des difficult\u00e9s de croissance et l&rsquo;entreprise vacille visiblement sans la poigne qui la guidait auparavant.<\/p>\n\n\n\n<h2 class=\"wp-block-heading\">Les entreprises familiales ont besoin d&rsquo;inspiration<\/h2>\n\n\n\n<p>La force d&rsquo;une entreprise familiale r\u00e9side dans sa coh\u00e9rence, ses valeurs et son identit\u00e9. Mais cela signifie aussi que le leadership est difficile \u00e0 remplacer. Surtout lorsque ce dirigeant n&rsquo;\u00e9tait pas seulement un manager, mais aussi un porteur de culture. Une entreprise familiale sans inspiration au sommet devient une structure sans histoire.<\/p>\n\n\n\n<p>En ce sens, les derni\u00e8res ann\u00e9es chez Jumbo ont surtout \u00e9t\u00e9 un exercice de manque. Pas n\u00e9cessairement d&rsquo;une personne, mais de la direction, du courage, de l&rsquo;esprit d&rsquo;entreprise qui ont fait la grandeur de la marque. Et \u00e0 Veghel, \u00e7a se ressent. Chaque directeur g\u00e9n\u00e9ral temporaire entretient l&rsquo;espoir que la vision d&rsquo;origine pr\u00e9vaudra \u00e0 nouveau un jour.<\/p>\n\n\n\n<p>Entre-temps, l&rsquo;horloge tourne. Le march\u00e9 \u00e9volue rapidement : la concurrence sur les prix s&rsquo;intensifie, la num\u00e9risation s&rsquo;acc\u00e9l\u00e8re, les \u00e9conomies d&rsquo;\u00e9chelle dominent. Dans ce contexte, Jumbo a besoin de plus qu&rsquo;une simple gestion. Elle a besoin de direction, de courage et de vision. La force du pass\u00e9 ne r\u00e9sidait pas seulement dans des prix comp\u00e9titifs ou dans le sponsoring sportif, mais aussi dans l&rsquo;audace de choisir, d&rsquo;investir et d&rsquo;\u00eatre diff\u00e9rent.<\/p>\n\n\n\n<h2 class=\"wp-block-heading\">Le temps de la clart\u00e9<\/h2>\n\n\n\n<p>Le ballet des chaises au sommet est peut-\u00eatre explicable, mais il est strat\u00e9giquement risqu\u00e9. En effet, sans direction claire, il n&rsquo;y a pas de v\u00e9ritable orientation. Jumbo est toujours \u00e0 la recherche d&rsquo;un nouveau PDG, d&rsquo;un nouveau membre du conseil de surveillance et, plus r\u00e9cemment, d&rsquo;un directeur du marketing. Apr\u00e8s tout, m\u00eame Ren\u00e9 Repko ne fait qu&rsquo;assurer l&rsquo;int\u00e9rim. N&rsquo;y a-t-il donc personne de comp\u00e9tent \u00e0 trouver ? Ou personne ne peut remplacer Frits van Eerd ? Seul Van Eerd est-il vraiment Jumbo ?<\/p>\n\n\n\n<p>Quoi qu&rsquo;il en soit, ce qu&rsquo;il faut, c&rsquo;est de la clart\u00e9. La direction. La cl\u00e9 r\u00e9side dans la prise de d\u00e9cisions claires. A-t-on confiance dans la capacit\u00e9 de la direction actuelle \u00e0 assurer la strat\u00e9gie \u00e0 long terme ? Dans l&rsquo;affirmative, il faut l&rsquo;exprimer et le rendre visible. Si la r\u00e9ponse est plus nuanc\u00e9e, il est temps d&rsquo;y faire face.<\/p>\n","protected":false},"excerpt":{"rendered":"<p>L&rsquo;ancien dirigeant de Jumbo, Frits van Eerd, a \u00e9t\u00e9 condamn\u00e9 \u00e0 deux ans de prison dans le cadre d&rsquo;une l&rsquo;affaire p\u00e9nale. Un coup dur, non seulement pour lui, mais aussi pour la cha\u00eene de supermarch\u00e9s n\u00e9erlandaise. Car quelle est la prochaine \u00e9tape pour Jumbo ?<\/p>\n","protected":false},"author":10,"featured_media":124769,"comment_status":"closed","ping_status":"closed","sticky":false,"template":"","format":"standard","meta":{"_acf_changed":false,"inline_featured_image":false,"_jetpack_memberships_contains_paid_content":false,"footnotes":""},"categories":[18,24],"tags":[],"people":[842],"extra":[43],"company":[217],"topic":[609],"region":[524],"class_list":{"0":"post-124768","1":"post","2":"type-post","3":"status-publish","4":"format-standard","5":"has-post-thumbnail","6":"hentry","7":"category-food","9":"people-frits-van-eerd","10":"extra-plus","11":"company-jumbo","12":"topic-changement-de-direction","13":"region-pays-bas"},"acf":[],"yoast_head":"<!-- This site is optimized with the Yoast SEO plugin v27.3 - https:\/\/yoast.com\/product\/yoast-seo-wordpress\/ -->\n<title>[Opinion] Comment Jumbo doit-elle continuer sans son capitaine Frits van Eerd ? - RetailDetail BE<\/title>\n<meta name=\"description\" content=\"L&#039;ancien dirigeant de Jumbo, Frits van Eerd, a \u00e9t\u00e9 condamn\u00e9 \u00e0 deux ans de prison. Quelle est la prochaine \u00e9tape pour Jumbo ?\" \/>\n<meta name=\"robots\" content=\"index, follow, max-snippet:-1, max-image-preview:large, max-video-preview:-1\" \/>\n<link rel=\"canonical\" href=\"https:\/\/www.retaildetail.be\/fr\/news\/food\/opinion-comment-le-jumbo-doit-il-continuer-sans-son-capitaine-frits-van-eerd\/\" \/>\n<meta property=\"og:locale\" content=\"fr_FR\" \/>\n<meta property=\"og:type\" content=\"article\" \/>\n<meta property=\"og:title\" content=\"[Opinion] Comment Jumbo doit-elle continuer sans son capitaine Frits van Eerd ? - RetailDetail BE\" \/>\n<meta property=\"og:description\" content=\"L&#039;ancien dirigeant de Jumbo, Frits van Eerd, a \u00e9t\u00e9 condamn\u00e9 \u00e0 deux ans de prison. Quelle est la prochaine \u00e9tape pour Jumbo ?\" \/>\n<meta property=\"og:url\" content=\"https:\/\/www.retaildetail.be\/fr\/news\/food\/opinion-comment-le-jumbo-doit-il-continuer-sans-son-capitaine-frits-van-eerd\/\" \/>\n<meta property=\"og:site_name\" content=\"RetailDetail BE\" \/>\n<meta property=\"article:published_time\" content=\"2025-08-07T12:18:15+00:00\" \/>\n<meta property=\"article:modified_time\" content=\"2025-08-07T13:09:29+00:00\" \/>\n<meta property=\"og:image\" content=\"https:\/\/www.retaildetail.be\/wp-content\/uploads\/2025\/08\/Frits-van-Eerd-Jumbo-2.jpg\" \/>\n\t<meta property=\"og:image:width\" content=\"1327\" \/>\n\t<meta property=\"og:image:height\" content=\"864\" \/>\n\t<meta property=\"og:image:type\" content=\"image\/jpeg\" \/>\n<meta name=\"author\" content=\"Jorg Snoeck\" \/>\n<meta name=\"twitter:card\" content=\"summary_large_image\" \/>\n<meta name=\"twitter:label1\" content=\"\u00c9crit par\" \/>\n\t<meta name=\"twitter:data1\" content=\"Jorg Snoeck\" \/>\n\t<meta name=\"twitter:label2\" content=\"Dur\u00e9e de lecture estim\u00e9e\" \/>\n\t<meta name=\"twitter:data2\" content=\"5 minutes\" \/>\n<script type=\"application\/ld+json\" class=\"yoast-schema-graph\">{\"@context\":\"https:\\\/\\\/schema.org\",\"@graph\":[{\"@type\":\"NewsArticle\",\"@id\":\"https:\\\/\\\/www.retaildetail.be\\\/fr\\\/news\\\/food\\\/opinion-comment-le-jumbo-doit-il-continuer-sans-son-capitaine-frits-van-eerd\\\/#article\",\"isPartOf\":{\"@id\":\"https:\\\/\\\/www.retaildetail.be\\\/fr\\\/news\\\/food\\\/opinion-comment-le-jumbo-doit-il-continuer-sans-son-capitaine-frits-van-eerd\\\/\"},\"author\":{\"name\":\"Jorg Snoeck\",\"@id\":\"https:\\\/\\\/www.retaildetail.be\\\/nl\\\/#\\\/schema\\\/person\\\/71d9b89376db00e9b1aa8a2841e71a72\"},\"headline\":\"[Opinion] Comment Jumbo doit-elle continuer sans son capitaine Frits van Eerd ?\",\"datePublished\":\"2025-08-07T12:18:15+00:00\",\"dateModified\":\"2025-08-07T13:09:29+00:00\",\"mainEntityOfPage\":{\"@id\":\"https:\\\/\\\/www.retaildetail.be\\\/fr\\\/news\\\/food\\\/opinion-comment-le-jumbo-doit-il-continuer-sans-son-capitaine-frits-van-eerd\\\/\"},\"wordCount\":1001,\"publisher\":{\"@id\":\"https:\\\/\\\/www.retaildetail.be\\\/nl\\\/#organization\"},\"image\":{\"@id\":\"https:\\\/\\\/www.retaildetail.be\\\/fr\\\/news\\\/food\\\/opinion-comment-le-jumbo-doit-il-continuer-sans-son-capitaine-frits-van-eerd\\\/#primaryimage\"},\"thumbnailUrl\":\"https:\\\/\\\/www.retaildetail.be\\\/wp-content\\\/uploads\\\/2025\\\/08\\\/Frits-van-Eerd-Jumbo-2.jpg\",\"articleSection\":[\"Food\",\"Food\"],\"inLanguage\":\"fr-FR\",\"copyrightYear\":\"2025\",\"copyrightHolder\":{\"@id\":\"https:\\\/\\\/www.retaildetail.be\\\/#organization\"}},{\"@type\":\"WebPage\",\"@id\":\"https:\\\/\\\/www.retaildetail.be\\\/fr\\\/news\\\/food\\\/opinion-comment-le-jumbo-doit-il-continuer-sans-son-capitaine-frits-van-eerd\\\/\",\"url\":\"https:\\\/\\\/www.retaildetail.be\\\/fr\\\/news\\\/food\\\/opinion-comment-le-jumbo-doit-il-continuer-sans-son-capitaine-frits-van-eerd\\\/\",\"name\":\"[Opinion] Comment Jumbo doit-elle continuer sans son capitaine Frits van Eerd ? - RetailDetail BE\",\"isPartOf\":{\"@id\":\"https:\\\/\\\/www.retaildetail.be\\\/nl\\\/#website\"},\"primaryImageOfPage\":{\"@id\":\"https:\\\/\\\/www.retaildetail.be\\\/fr\\\/news\\\/food\\\/opinion-comment-le-jumbo-doit-il-continuer-sans-son-capitaine-frits-van-eerd\\\/#primaryimage\"},\"image\":{\"@id\":\"https:\\\/\\\/www.retaildetail.be\\\/fr\\\/news\\\/food\\\/opinion-comment-le-jumbo-doit-il-continuer-sans-son-capitaine-frits-van-eerd\\\/#primaryimage\"},\"thumbnailUrl\":\"https:\\\/\\\/www.retaildetail.be\\\/wp-content\\\/uploads\\\/2025\\\/08\\\/Frits-van-Eerd-Jumbo-2.jpg\",\"datePublished\":\"2025-08-07T12:18:15+00:00\",\"dateModified\":\"2025-08-07T13:09:29+00:00\",\"description\":\"L'ancien dirigeant de Jumbo, Frits van Eerd, a \u00e9t\u00e9 condamn\u00e9 \u00e0 deux ans de prison. Quelle est la prochaine \u00e9tape pour Jumbo ?\",\"breadcrumb\":{\"@id\":\"https:\\\/\\\/www.retaildetail.be\\\/fr\\\/news\\\/food\\\/opinion-comment-le-jumbo-doit-il-continuer-sans-son-capitaine-frits-van-eerd\\\/#breadcrumb\"},\"inLanguage\":\"fr-FR\",\"potentialAction\":[{\"@type\":\"ReadAction\",\"target\":[\"https:\\\/\\\/www.retaildetail.be\\\/fr\\\/news\\\/food\\\/opinion-comment-le-jumbo-doit-il-continuer-sans-son-capitaine-frits-van-eerd\\\/\"]}]},{\"@type\":\"ImageObject\",\"inLanguage\":\"fr-FR\",\"@id\":\"https:\\\/\\\/www.retaildetail.be\\\/fr\\\/news\\\/food\\\/opinion-comment-le-jumbo-doit-il-continuer-sans-son-capitaine-frits-van-eerd\\\/#primaryimage\",\"url\":\"https:\\\/\\\/www.retaildetail.be\\\/wp-content\\\/uploads\\\/2025\\\/08\\\/Frits-van-Eerd-Jumbo-2.jpg\",\"contentUrl\":\"https:\\\/\\\/www.retaildetail.be\\\/wp-content\\\/uploads\\\/2025\\\/08\\\/Frits-van-Eerd-Jumbo-2.jpg\",\"width\":1327,\"height\":864},{\"@type\":\"BreadcrumbList\",\"@id\":\"https:\\\/\\\/www.retaildetail.be\\\/fr\\\/news\\\/food\\\/opinion-comment-le-jumbo-doit-il-continuer-sans-son-capitaine-frits-van-eerd\\\/#breadcrumb\",\"itemListElement\":[{\"@type\":\"ListItem\",\"position\":1,\"name\":\"Home\",\"item\":\"https:\\\/\\\/www.retaildetail.be\\\/fr\\\/\"},{\"@type\":\"ListItem\",\"position\":2,\"name\":\"[Opinion] Comment Jumbo doit-elle continuer sans son capitaine Frits van Eerd ?\"}]},{\"@type\":\"WebSite\",\"@id\":\"https:\\\/\\\/www.retaildetail.be\\\/nl\\\/#website\",\"url\":\"https:\\\/\\\/www.retaildetail.be\\\/nl\\\/\",\"name\":\"RetailDetail BE\",\"description\":\"News\",\"publisher\":{\"@id\":\"https:\\\/\\\/www.retaildetail.be\\\/nl\\\/#organization\"},\"potentialAction\":[{\"@type\":\"SearchAction\",\"target\":{\"@type\":\"EntryPoint\",\"urlTemplate\":\"https:\\\/\\\/www.retaildetail.be\\\/nl\\\/?s={search_term_string}\"},\"query-input\":{\"@type\":\"PropertyValueSpecification\",\"valueRequired\":true,\"valueName\":\"search_term_string\"}}],\"inLanguage\":\"fr-FR\"},{\"@type\":\"Organization\",\"@id\":\"https:\\\/\\\/www.retaildetail.be\\\/nl\\\/#organization\",\"name\":\"RetailDetail BE\",\"url\":\"https:\\\/\\\/www.retaildetail.be\\\/nl\\\/\",\"logo\":{\"@type\":\"ImageObject\",\"inLanguage\":\"fr-FR\",\"@id\":\"https:\\\/\\\/www.retaildetail.be\\\/nl\\\/#\\\/schema\\\/logo\\\/image\\\/\",\"url\":\"https:\\\/\\\/www.retaildetail.be\\\/wp-content\\\/uploads\\\/2022\\\/04\\\/logo.svg\",\"contentUrl\":\"https:\\\/\\\/www.retaildetail.be\\\/wp-content\\\/uploads\\\/2022\\\/04\\\/logo.svg\",\"width\":131,\"height\":70,\"caption\":\"RetailDetail BE\"},\"image\":{\"@id\":\"https:\\\/\\\/www.retaildetail.be\\\/nl\\\/#\\\/schema\\\/logo\\\/image\\\/\"}},{\"@type\":\"Person\",\"@id\":\"https:\\\/\\\/www.retaildetail.be\\\/nl\\\/#\\\/schema\\\/person\\\/71d9b89376db00e9b1aa8a2841e71a72\",\"name\":\"Jorg Snoeck\",\"image\":{\"@type\":\"ImageObject\",\"inLanguage\":\"fr-FR\",\"@id\":\"https:\\\/\\\/secure.gravatar.com\\\/avatar\\\/fc1bd94c7d40f2446e6bf778bb34cf9ab000168f63533cec8e072f4ad96ce7f3?s=96&d=mm&r=g\",\"url\":\"https:\\\/\\\/secure.gravatar.com\\\/avatar\\\/fc1bd94c7d40f2446e6bf778bb34cf9ab000168f63533cec8e072f4ad96ce7f3?s=96&d=mm&r=g\",\"contentUrl\":\"https:\\\/\\\/secure.gravatar.com\\\/avatar\\\/fc1bd94c7d40f2446e6bf778bb34cf9ab000168f63533cec8e072f4ad96ce7f3?s=96&d=mm&r=g\",\"caption\":\"Jorg Snoeck\"},\"url\":\"https:\\\/\\\/www.retaildetail.be\\\/fr\\\/author\\\/jorgsnoeck\\\/\"}]}<\/script>\n<!-- \/ Yoast SEO plugin. -->","yoast_head_json":{"title":"[Opinion] Comment Jumbo doit-elle continuer sans son capitaine Frits van Eerd ? - RetailDetail BE","description":"L'ancien dirigeant de Jumbo, Frits van Eerd, a \u00e9t\u00e9 condamn\u00e9 \u00e0 deux ans de prison. Quelle est la prochaine \u00e9tape pour Jumbo ?","robots":{"index":"index","follow":"follow","max-snippet":"max-snippet:-1","max-image-preview":"max-image-preview:large","max-video-preview":"max-video-preview:-1"},"canonical":"https:\/\/www.retaildetail.be\/fr\/news\/food\/opinion-comment-le-jumbo-doit-il-continuer-sans-son-capitaine-frits-van-eerd\/","og_locale":"fr_FR","og_type":"article","og_title":"[Opinion] Comment Jumbo doit-elle continuer sans son capitaine Frits van Eerd ? - RetailDetail BE","og_description":"L'ancien dirigeant de Jumbo, Frits van Eerd, a \u00e9t\u00e9 condamn\u00e9 \u00e0 deux ans de prison. Quelle est la prochaine \u00e9tape pour Jumbo ?","og_url":"https:\/\/www.retaildetail.be\/fr\/news\/food\/opinion-comment-le-jumbo-doit-il-continuer-sans-son-capitaine-frits-van-eerd\/","og_site_name":"RetailDetail BE","article_published_time":"2025-08-07T12:18:15+00:00","article_modified_time":"2025-08-07T13:09:29+00:00","og_image":[{"width":1327,"height":864,"url":"https:\/\/www.retaildetail.be\/wp-content\/uploads\/2025\/08\/Frits-van-Eerd-Jumbo-2.jpg","type":"image\/jpeg"}],"author":"Jorg Snoeck","twitter_card":"summary_large_image","twitter_misc":{"\u00c9crit par":"Jorg Snoeck","Dur\u00e9e de lecture estim\u00e9e":"5 minutes"},"schema":{"@context":"https:\/\/schema.org","@graph":[{"@type":"NewsArticle","@id":"https:\/\/www.retaildetail.be\/fr\/news\/food\/opinion-comment-le-jumbo-doit-il-continuer-sans-son-capitaine-frits-van-eerd\/#article","isPartOf":{"@id":"https:\/\/www.retaildetail.be\/fr\/news\/food\/opinion-comment-le-jumbo-doit-il-continuer-sans-son-capitaine-frits-van-eerd\/"},"author":{"name":"Jorg Snoeck","@id":"https:\/\/www.retaildetail.be\/nl\/#\/schema\/person\/71d9b89376db00e9b1aa8a2841e71a72"},"headline":"[Opinion] Comment Jumbo doit-elle continuer sans son capitaine Frits van Eerd ?","datePublished":"2025-08-07T12:18:15+00:00","dateModified":"2025-08-07T13:09:29+00:00","mainEntityOfPage":{"@id":"https:\/\/www.retaildetail.be\/fr\/news\/food\/opinion-comment-le-jumbo-doit-il-continuer-sans-son-capitaine-frits-van-eerd\/"},"wordCount":1001,"publisher":{"@id":"https:\/\/www.retaildetail.be\/nl\/#organization"},"image":{"@id":"https:\/\/www.retaildetail.be\/fr\/news\/food\/opinion-comment-le-jumbo-doit-il-continuer-sans-son-capitaine-frits-van-eerd\/#primaryimage"},"thumbnailUrl":"https:\/\/www.retaildetail.be\/wp-content\/uploads\/2025\/08\/Frits-van-Eerd-Jumbo-2.jpg","articleSection":["Food","Food"],"inLanguage":"fr-FR","copyrightYear":"2025","copyrightHolder":{"@id":"https:\/\/www.retaildetail.be\/#organization"}},{"@type":"WebPage","@id":"https:\/\/www.retaildetail.be\/fr\/news\/food\/opinion-comment-le-jumbo-doit-il-continuer-sans-son-capitaine-frits-van-eerd\/","url":"https:\/\/www.retaildetail.be\/fr\/news\/food\/opinion-comment-le-jumbo-doit-il-continuer-sans-son-capitaine-frits-van-eerd\/","name":"[Opinion] Comment Jumbo doit-elle continuer sans son capitaine Frits van Eerd ? - RetailDetail BE","isPartOf":{"@id":"https:\/\/www.retaildetail.be\/nl\/#website"},"primaryImageOfPage":{"@id":"https:\/\/www.retaildetail.be\/fr\/news\/food\/opinion-comment-le-jumbo-doit-il-continuer-sans-son-capitaine-frits-van-eerd\/#primaryimage"},"image":{"@id":"https:\/\/www.retaildetail.be\/fr\/news\/food\/opinion-comment-le-jumbo-doit-il-continuer-sans-son-capitaine-frits-van-eerd\/#primaryimage"},"thumbnailUrl":"https:\/\/www.retaildetail.be\/wp-content\/uploads\/2025\/08\/Frits-van-Eerd-Jumbo-2.jpg","datePublished":"2025-08-07T12:18:15+00:00","dateModified":"2025-08-07T13:09:29+00:00","description":"L'ancien dirigeant de Jumbo, Frits van Eerd, a \u00e9t\u00e9 condamn\u00e9 \u00e0 deux ans de prison. Quelle est la prochaine \u00e9tape pour Jumbo ?","breadcrumb":{"@id":"https:\/\/www.retaildetail.be\/fr\/news\/food\/opinion-comment-le-jumbo-doit-il-continuer-sans-son-capitaine-frits-van-eerd\/#breadcrumb"},"inLanguage":"fr-FR","potentialAction":[{"@type":"ReadAction","target":["https:\/\/www.retaildetail.be\/fr\/news\/food\/opinion-comment-le-jumbo-doit-il-continuer-sans-son-capitaine-frits-van-eerd\/"]}]},{"@type":"ImageObject","inLanguage":"fr-FR","@id":"https:\/\/www.retaildetail.be\/fr\/news\/food\/opinion-comment-le-jumbo-doit-il-continuer-sans-son-capitaine-frits-van-eerd\/#primaryimage","url":"https:\/\/www.retaildetail.be\/wp-content\/uploads\/2025\/08\/Frits-van-Eerd-Jumbo-2.jpg","contentUrl":"https:\/\/www.retaildetail.be\/wp-content\/uploads\/2025\/08\/Frits-van-Eerd-Jumbo-2.jpg","width":1327,"height":864},{"@type":"BreadcrumbList","@id":"https:\/\/www.retaildetail.be\/fr\/news\/food\/opinion-comment-le-jumbo-doit-il-continuer-sans-son-capitaine-frits-van-eerd\/#breadcrumb","itemListElement":[{"@type":"ListItem","position":1,"name":"Home","item":"https:\/\/www.retaildetail.be\/fr\/"},{"@type":"ListItem","position":2,"name":"[Opinion] Comment Jumbo doit-elle continuer sans son capitaine Frits van Eerd ?"}]},{"@type":"WebSite","@id":"https:\/\/www.retaildetail.be\/nl\/#website","url":"https:\/\/www.retaildetail.be\/nl\/","name":"RetailDetail BE","description":"News","publisher":{"@id":"https:\/\/www.retaildetail.be\/nl\/#organization"},"potentialAction":[{"@type":"SearchAction","target":{"@type":"EntryPoint","urlTemplate":"https:\/\/www.retaildetail.be\/nl\/?s={search_term_string}"},"query-input":{"@type":"PropertyValueSpecification","valueRequired":true,"valueName":"search_term_string"}}],"inLanguage":"fr-FR"},{"@type":"Organization","@id":"https:\/\/www.retaildetail.be\/nl\/#organization","name":"RetailDetail BE","url":"https:\/\/www.retaildetail.be\/nl\/","logo":{"@type":"ImageObject","inLanguage":"fr-FR","@id":"https:\/\/www.retaildetail.be\/nl\/#\/schema\/logo\/image\/","url":"https:\/\/www.retaildetail.be\/wp-content\/uploads\/2022\/04\/logo.svg","contentUrl":"https:\/\/www.retaildetail.be\/wp-content\/uploads\/2022\/04\/logo.svg","width":131,"height":70,"caption":"RetailDetail BE"},"image":{"@id":"https:\/\/www.retaildetail.be\/nl\/#\/schema\/logo\/image\/"}},{"@type":"Person","@id":"https:\/\/www.retaildetail.be\/nl\/#\/schema\/person\/71d9b89376db00e9b1aa8a2841e71a72","name":"Jorg Snoeck","image":{"@type":"ImageObject","inLanguage":"fr-FR","@id":"https:\/\/secure.gravatar.com\/avatar\/fc1bd94c7d40f2446e6bf778bb34cf9ab000168f63533cec8e072f4ad96ce7f3?s=96&d=mm&r=g","url":"https:\/\/secure.gravatar.com\/avatar\/fc1bd94c7d40f2446e6bf778bb34cf9ab000168f63533cec8e072f4ad96ce7f3?s=96&d=mm&r=g","contentUrl":"https:\/\/secure.gravatar.com\/avatar\/fc1bd94c7d40f2446e6bf778bb34cf9ab000168f63533cec8e072f4ad96ce7f3?s=96&d=mm&r=g","caption":"Jorg Snoeck"},"url":"https:\/\/www.retaildetail.be\/fr\/author\/jorgsnoeck\/"}]}},"jetpack_featured_media_url":"https:\/\/www.retaildetail.be\/wp-content\/uploads\/2025\/08\/Frits-van-Eerd-Jumbo-2.jpg","jetpack_sharing_enabled":true,"_links":{"self":[{"href":"https:\/\/www.retaildetail.be\/fr\/wp-json\/wp\/v2\/posts\/124768","targetHints":{"allow":["GET"]}}],"collection":[{"href":"https:\/\/www.retaildetail.be\/fr\/wp-json\/wp\/v2\/posts"}],"about":[{"href":"https:\/\/www.retaildetail.be\/fr\/wp-json\/wp\/v2\/types\/post"}],"author":[{"embeddable":true,"href":"https:\/\/www.retaildetail.be\/fr\/wp-json\/wp\/v2\/users\/10"}],"replies":[{"embeddable":true,"href":"https:\/\/www.retaildetail.be\/fr\/wp-json\/wp\/v2\/comments?post=124768"}],"version-history":[{"count":3,"href":"https:\/\/www.retaildetail.be\/fr\/wp-json\/wp\/v2\/posts\/124768\/revisions"}],"predecessor-version":[{"id":124808,"href":"https:\/\/www.retaildetail.be\/fr\/wp-json\/wp\/v2\/posts\/124768\/revisions\/124808"}],"wp:featuredmedia":[{"embeddable":true,"href":"https:\/\/www.retaildetail.be\/fr\/wp-json\/wp\/v2\/media\/124769"}],"wp:attachment":[{"href":"https:\/\/www.retaildetail.be\/fr\/wp-json\/wp\/v2\/media?parent=124768"}],"wp:term":[{"taxonomy":"category","embeddable":true,"href":"https:\/\/www.retaildetail.be\/fr\/wp-json\/wp\/v2\/categories?post=124768"},{"taxonomy":"post_tag","embeddable":true,"href":"https:\/\/www.retaildetail.be\/fr\/wp-json\/wp\/v2\/tags?post=124768"},{"taxonomy":"people","embeddable":true,"href":"https:\/\/www.retaildetail.be\/fr\/wp-json\/wp\/v2\/people?post=124768"},{"taxonomy":"extra","embeddable":true,"href":"https:\/\/www.retaildetail.be\/fr\/wp-json\/wp\/v2\/extra?post=124768"},{"taxonomy":"company","embeddable":true,"href":"https:\/\/www.retaildetail.be\/fr\/wp-json\/wp\/v2\/company?post=124768"},{"taxonomy":"topic","embeddable":true,"href":"https:\/\/www.retaildetail.be\/fr\/wp-json\/wp\/v2\/topic?post=124768"},{"taxonomy":"region","embeddable":true,"href":"https:\/\/www.retaildetail.be\/fr\/wp-json\/wp\/v2\/region?post=124768"}],"curies":[{"name":"wp","href":"https:\/\/api.w.org\/{rel}","templated":true}]}}