{"id":124772,"date":"2025-08-07T14:21:46","date_gmt":"2025-08-07T12:21:46","guid":{"rendered":"https:\/\/www.retaildetail.be\/?p=124772"},"modified":"2025-08-07T15:08:33","modified_gmt":"2025-08-07T13:08:33","slug":"deux-ans-de-prison-pour-lancien-dirigeant-de-jumbo-frits-van-eerd","status":"publish","type":"post","link":"https:\/\/www.retaildetail.be\/fr\/news\/food\/deux-ans-de-prison-pour-lancien-dirigeant-de-jumbo-frits-van-eerd\/","title":{"rendered":"Deux ans de prison pour l&rsquo;ancien dirigeant de Jumbo, Frits van Eerd"},"content":{"rendered":"\n<p>Le tribunal de Groningue a condamn\u00e9 l&rsquo;<strong>ancien<\/strong> PDG de <strong>Jumbo,<\/strong> Frits van Eerd, \u00e0 deux ans de prison pour blanchiment d&rsquo;argent, corruption et falsification.<\/p>\n\n\n\n<h2 class=\"wp-block-heading\">Une peine s\u00e9v\u00e8re<\/h2>\n\n\n\n<p>Le minist\u00e8re public avait requis une peine de deux ans de prison contre Frits van Eerd, dont huit mois avec sursis. Or, le tribunal a d\u00e9cid\u00e9 que la peine soit inconditionnelle. Selon le juge, l&rsquo;ancien dirigeant de Jumbo avait un r\u00f4le exemplaire. <\/p>\n\n\n\n<p>Le blanchiment d&rsquo;argent s&rsquo;est d\u00e9roul\u00e9 dans un contexte de grande criminalit\u00e9 organis\u00e9e : selon le juge, Van Eerd \u00e9tait s&rsquo;impliquait dans le milieu de la drogue. De plus, ses d\u00e9clarations concernant l&rsquo;origine de grandes quantit\u00e9s d&rsquo;argent liquide on \u00e9t\u00e9 jug\u00e9s inv\u00e9rifiables et peu plausibles.<\/p>\n\n\n\n<p>Frits van Eerd a \u00e9t\u00e9 <a href=\"https:\/\/www.retaildetail.be\/fr\/news\/food\/le-pdg-de-jumbo-implique-dans-une-grande-enquete-sur-le-blanchiment-dargent\/\">discr\u00e9dit\u00e9 \u00e0 la suite d&rsquo;une perquisition<\/a> \u00e0 son domicile en 2022. Il a toujours ni\u00e9 cat\u00e9goriquement les all\u00e9gations, mais <a href=\"https:\/\/www.retaildetail.be\/fr\/news\/food\/frits-van-eerd-quitte-son-poste-de-directeur-general-de-jumbo\/\">a d\u00e9missionn\u00e9 de son poste<\/a> de directeur g\u00e9n\u00e9ral de Jumbo. L&rsquo;entreprise elle-m\u00eame est totalement ind\u00e9pendante de l&rsquo;enqu\u00eate et des poursuites judiciaires. <\/p>\n\n\n\n<p>Cependant, depuis son d\u00e9part la cha\u00eene de supermarch\u00e9s <a href=\"https:\/\/www.retaildetail.be\/fr\/news\/food\/opinion-comment-le-jumbo-doit-il-continuer-sans-son-capitaine-frits-van-eerd\/\">semble avoir du mal \u00e0 se r\u00e9orienter et \u00e0 trouver de nouveaux leaders strat\u00e9giques<\/a>. La question se pose : comment la cha\u00eene continuera-t-elle sans son capitaine Frits Van Eerd ?<\/p>\n","protected":false},"excerpt":{"rendered":"<p>Le tribunal de Groningue a condamn\u00e9 l&rsquo;ancien PDG de Jumbo, Frits van Eerd, \u00e0 deux ans de prison pour blanchiment d&rsquo;argent, corruption et falsification.<\/p>\n","protected":false},"author":3,"featured_media":124782,"comment_status":"closed","ping_status":"closed","sticky":false,"template":"","format":"standard","meta":{"_acf_changed":false,"inline_featured_image":false,"_jetpack_memberships_contains_paid_content":false,"footnotes":""},"categories":[18,24],"tags":[],"people":[842],"extra":[44],"company":[217],"topic":[756],"region":[524],"class_list":{"0":"post-124772","1":"post","2":"type-post","3":"status-publish","4":"format-standard","5":"has-post-thumbnail","6":"hentry","7":"category-food","9":"people-frits-van-eerd","10":"extra-hot","11":"company-jumbo","12":"topic-litige","13":"region-pays-bas"},"acf":[],"yoast_head":"<!-- This site is optimized with the Yoast SEO plugin v27.3 - https:\/\/yoast.com\/product\/yoast-seo-wordpress\/ -->\n<title>Deux ans de prison pour l&#039;ancien dirigeant de Jumbo, Frits van Eerd - RetailDetail BE<\/title>\n<meta name=\"description\" content=\"Le tribunal de Groningue a condamn\u00e9 l&#039;ancien PDG de Jumbo, Frits van Eerd, \u00e0 deux ans de prison pour blanchiment d&#039;argent, corruption et falsification.\" \/>\n<meta name=\"robots\" content=\"index, follow, max-snippet:-1, max-image-preview:large, max-video-preview:-1\" \/>\n<link rel=\"canonical\" href=\"https:\/\/www.retaildetail.be\/fr\/news\/food\/deux-ans-de-prison-pour-lancien-dirigeant-de-jumbo-frits-van-eerd\/\" \/>\n<meta property=\"og:locale\" content=\"fr_FR\" \/>\n<meta property=\"og:type\" content=\"article\" \/>\n<meta property=\"og:title\" content=\"Deux ans de prison pour l&#039;ancien dirigeant de Jumbo, Frits van Eerd - RetailDetail BE\" \/>\n<meta property=\"og:description\" content=\"Le tribunal de Groningue a condamn\u00e9 l&#039;ancien PDG de Jumbo, Frits van Eerd, \u00e0 deux ans de prison pour blanchiment d&#039;argent, corruption et falsification.\" \/>\n<meta property=\"og:url\" content=\"https:\/\/www.retaildetail.be\/fr\/news\/food\/deux-ans-de-prison-pour-lancien-dirigeant-de-jumbo-frits-van-eerd\/\" \/>\n<meta property=\"og:site_name\" content=\"RetailDetail BE\" \/>\n<meta property=\"article:published_time\" content=\"2025-08-07T12:21:46+00:00\" \/>\n<meta property=\"article:modified_time\" content=\"2025-08-07T13:08:33+00:00\" \/>\n<meta property=\"og:image\" content=\"https:\/\/www.retaildetail.be\/wp-content\/uploads\/2025\/08\/frits-van-eerd-jumbo-beeldbank-2021.webp\" \/>\n\t<meta property=\"og:image:width\" content=\"1200\" \/>\n\t<meta property=\"og:image:height\" content=\"800\" \/>\n\t<meta property=\"og:image:type\" content=\"image\/webp\" \/>\n<meta name=\"author\" content=\"Stefan Van Rompaey\" \/>\n<meta name=\"twitter:card\" content=\"summary_large_image\" \/>\n<meta name=\"twitter:label1\" content=\"\u00c9crit par\" \/>\n\t<meta name=\"twitter:data1\" content=\"Stefan Van Rompaey\" \/>\n\t<meta name=\"twitter:label2\" content=\"Dur\u00e9e de lecture estim\u00e9e\" \/>\n\t<meta name=\"twitter:data2\" content=\"1 minute\" \/>\n<script type=\"application\/ld+json\" class=\"yoast-schema-graph\">{\"@context\":\"https:\\\/\\\/schema.org\",\"@graph\":[{\"@type\":\"NewsArticle\",\"@id\":\"https:\\\/\\\/www.retaildetail.be\\\/fr\\\/news\\\/food\\\/deux-ans-de-prison-pour-lancien-dirigeant-de-jumbo-frits-van-eerd\\\/#article\",\"isPartOf\":{\"@id\":\"https:\\\/\\\/www.retaildetail.be\\\/fr\\\/news\\\/food\\\/deux-ans-de-prison-pour-lancien-dirigeant-de-jumbo-frits-van-eerd\\\/\"},\"author\":{\"name\":\"Stefan Van Rompaey\",\"@id\":\"https:\\\/\\\/www.retaildetail.be\\\/nl\\\/#\\\/schema\\\/person\\\/51aec6069c4416aa2f68b2e4ff3455df\"},\"headline\":\"Deux ans de prison pour l&rsquo;ancien dirigeant de Jumbo, Frits van Eerd\",\"datePublished\":\"2025-08-07T12:21:46+00:00\",\"dateModified\":\"2025-08-07T13:08:33+00:00\",\"mainEntityOfPage\":{\"@id\":\"https:\\\/\\\/www.retaildetail.be\\\/fr\\\/news\\\/food\\\/deux-ans-de-prison-pour-lancien-dirigeant-de-jumbo-frits-van-eerd\\\/\"},\"wordCount\":237,\"publisher\":{\"@id\":\"https:\\\/\\\/www.retaildetail.be\\\/nl\\\/#organization\"},\"image\":{\"@id\":\"https:\\\/\\\/www.retaildetail.be\\\/fr\\\/news\\\/food\\\/deux-ans-de-prison-pour-lancien-dirigeant-de-jumbo-frits-van-eerd\\\/#primaryimage\"},\"thumbnailUrl\":\"https:\\\/\\\/www.retaildetail.be\\\/wp-content\\\/uploads\\\/2025\\\/08\\\/frits-van-eerd-jumbo-beeldbank-2021.webp\",\"articleSection\":[\"Food\",\"Food\"],\"inLanguage\":\"fr-FR\",\"copyrightYear\":\"2025\",\"copyrightHolder\":{\"@id\":\"https:\\\/\\\/www.retaildetail.be\\\/#organization\"}},{\"@type\":\"WebPage\",\"@id\":\"https:\\\/\\\/www.retaildetail.be\\\/fr\\\/news\\\/food\\\/deux-ans-de-prison-pour-lancien-dirigeant-de-jumbo-frits-van-eerd\\\/\",\"url\":\"https:\\\/\\\/www.retaildetail.be\\\/fr\\\/news\\\/food\\\/deux-ans-de-prison-pour-lancien-dirigeant-de-jumbo-frits-van-eerd\\\/\",\"name\":\"Deux ans de prison pour l'ancien dirigeant de Jumbo, Frits van Eerd - RetailDetail BE\",\"isPartOf\":{\"@id\":\"https:\\\/\\\/www.retaildetail.be\\\/nl\\\/#website\"},\"primaryImageOfPage\":{\"@id\":\"https:\\\/\\\/www.retaildetail.be\\\/fr\\\/news\\\/food\\\/deux-ans-de-prison-pour-lancien-dirigeant-de-jumbo-frits-van-eerd\\\/#primaryimage\"},\"image\":{\"@id\":\"https:\\\/\\\/www.retaildetail.be\\\/fr\\\/news\\\/food\\\/deux-ans-de-prison-pour-lancien-dirigeant-de-jumbo-frits-van-eerd\\\/#primaryimage\"},\"thumbnailUrl\":\"https:\\\/\\\/www.retaildetail.be\\\/wp-content\\\/uploads\\\/2025\\\/08\\\/frits-van-eerd-jumbo-beeldbank-2021.webp\",\"datePublished\":\"2025-08-07T12:21:46+00:00\",\"dateModified\":\"2025-08-07T13:08:33+00:00\",\"description\":\"Le tribunal de Groningue a condamn\u00e9 l'ancien PDG de Jumbo, Frits van Eerd, \u00e0 deux ans de prison pour blanchiment d'argent, corruption et falsification.\",\"breadcrumb\":{\"@id\":\"https:\\\/\\\/www.retaildetail.be\\\/fr\\\/news\\\/food\\\/deux-ans-de-prison-pour-lancien-dirigeant-de-jumbo-frits-van-eerd\\\/#breadcrumb\"},\"inLanguage\":\"fr-FR\",\"potentialAction\":[{\"@type\":\"ReadAction\",\"target\":[\"https:\\\/\\\/www.retaildetail.be\\\/fr\\\/news\\\/food\\\/deux-ans-de-prison-pour-lancien-dirigeant-de-jumbo-frits-van-eerd\\\/\"]}]},{\"@type\":\"ImageObject\",\"inLanguage\":\"fr-FR\",\"@id\":\"https:\\\/\\\/www.retaildetail.be\\\/fr\\\/news\\\/food\\\/deux-ans-de-prison-pour-lancien-dirigeant-de-jumbo-frits-van-eerd\\\/#primaryimage\",\"url\":\"https:\\\/\\\/www.retaildetail.be\\\/wp-content\\\/uploads\\\/2025\\\/08\\\/frits-van-eerd-jumbo-beeldbank-2021.webp\",\"contentUrl\":\"https:\\\/\\\/www.retaildetail.be\\\/wp-content\\\/uploads\\\/2025\\\/08\\\/frits-van-eerd-jumbo-beeldbank-2021.webp\",\"width\":1200,\"height\":800},{\"@type\":\"BreadcrumbList\",\"@id\":\"https:\\\/\\\/www.retaildetail.be\\\/fr\\\/news\\\/food\\\/deux-ans-de-prison-pour-lancien-dirigeant-de-jumbo-frits-van-eerd\\\/#breadcrumb\",\"itemListElement\":[{\"@type\":\"ListItem\",\"position\":1,\"name\":\"Home\",\"item\":\"https:\\\/\\\/www.retaildetail.be\\\/fr\\\/\"},{\"@type\":\"ListItem\",\"position\":2,\"name\":\"Deux ans de prison pour l&#8217;ancien dirigeant de Jumbo, Frits van Eerd\"}]},{\"@type\":\"WebSite\",\"@id\":\"https:\\\/\\\/www.retaildetail.be\\\/nl\\\/#website\",\"url\":\"https:\\\/\\\/www.retaildetail.be\\\/nl\\\/\",\"name\":\"RetailDetail BE\",\"description\":\"News\",\"publisher\":{\"@id\":\"https:\\\/\\\/www.retaildetail.be\\\/nl\\\/#organization\"},\"potentialAction\":[{\"@type\":\"SearchAction\",\"target\":{\"@type\":\"EntryPoint\",\"urlTemplate\":\"https:\\\/\\\/www.retaildetail.be\\\/nl\\\/?s={search_term_string}\"},\"query-input\":{\"@type\":\"PropertyValueSpecification\",\"valueRequired\":true,\"valueName\":\"search_term_string\"}}],\"inLanguage\":\"fr-FR\"},{\"@type\":\"Organization\",\"@id\":\"https:\\\/\\\/www.retaildetail.be\\\/nl\\\/#organization\",\"name\":\"RetailDetail BE\",\"url\":\"https:\\\/\\\/www.retaildetail.be\\\/nl\\\/\",\"logo\":{\"@type\":\"ImageObject\",\"inLanguage\":\"fr-FR\",\"@id\":\"https:\\\/\\\/www.retaildetail.be\\\/nl\\\/#\\\/schema\\\/logo\\\/image\\\/\",\"url\":\"https:\\\/\\\/www.retaildetail.be\\\/wp-content\\\/uploads\\\/2022\\\/04\\\/logo.svg\",\"contentUrl\":\"https:\\\/\\\/www.retaildetail.be\\\/wp-content\\\/uploads\\\/2022\\\/04\\\/logo.svg\",\"width\":131,\"height\":70,\"caption\":\"RetailDetail BE\"},\"image\":{\"@id\":\"https:\\\/\\\/www.retaildetail.be\\\/nl\\\/#\\\/schema\\\/logo\\\/image\\\/\"}},{\"@type\":\"Person\",\"@id\":\"https:\\\/\\\/www.retaildetail.be\\\/nl\\\/#\\\/schema\\\/person\\\/51aec6069c4416aa2f68b2e4ff3455df\",\"name\":\"Stefan Van Rompaey\",\"image\":{\"@type\":\"ImageObject\",\"inLanguage\":\"fr-FR\",\"@id\":\"https:\\\/\\\/secure.gravatar.com\\\/avatar\\\/fbbb4a80a0f109888b2a5ab8ae255617499ecde533749b3ab2fa6c23b5d65dac?s=96&d=mm&r=g\",\"url\":\"https:\\\/\\\/secure.gravatar.com\\\/avatar\\\/fbbb4a80a0f109888b2a5ab8ae255617499ecde533749b3ab2fa6c23b5d65dac?s=96&d=mm&r=g\",\"contentUrl\":\"https:\\\/\\\/secure.gravatar.com\\\/avatar\\\/fbbb4a80a0f109888b2a5ab8ae255617499ecde533749b3ab2fa6c23b5d65dac?s=96&d=mm&r=g\",\"caption\":\"Stefan Van Rompaey\"},\"url\":\"https:\\\/\\\/www.retaildetail.be\\\/fr\\\/author\\\/stefanvanrompaey\\\/\"}]}<\/script>\n<!-- \/ Yoast SEO plugin. -->","yoast_head_json":{"title":"Deux ans de prison pour l'ancien dirigeant de Jumbo, Frits van Eerd - RetailDetail BE","description":"Le tribunal de Groningue a condamn\u00e9 l'ancien PDG de Jumbo, Frits van Eerd, \u00e0 deux ans de prison pour blanchiment d'argent, corruption et falsification.","robots":{"index":"index","follow":"follow","max-snippet":"max-snippet:-1","max-image-preview":"max-image-preview:large","max-video-preview":"max-video-preview:-1"},"canonical":"https:\/\/www.retaildetail.be\/fr\/news\/food\/deux-ans-de-prison-pour-lancien-dirigeant-de-jumbo-frits-van-eerd\/","og_locale":"fr_FR","og_type":"article","og_title":"Deux ans de prison pour l'ancien dirigeant de Jumbo, Frits van Eerd - RetailDetail BE","og_description":"Le tribunal de Groningue a condamn\u00e9 l'ancien PDG de Jumbo, Frits van Eerd, \u00e0 deux ans de prison pour blanchiment d'argent, corruption et falsification.","og_url":"https:\/\/www.retaildetail.be\/fr\/news\/food\/deux-ans-de-prison-pour-lancien-dirigeant-de-jumbo-frits-van-eerd\/","og_site_name":"RetailDetail BE","article_published_time":"2025-08-07T12:21:46+00:00","article_modified_time":"2025-08-07T13:08:33+00:00","og_image":[{"width":1200,"height":800,"url":"https:\/\/www.retaildetail.be\/wp-content\/uploads\/2025\/08\/frits-van-eerd-jumbo-beeldbank-2021.webp","type":"image\/webp"}],"author":"Stefan Van Rompaey","twitter_card":"summary_large_image","twitter_misc":{"\u00c9crit par":"Stefan Van Rompaey","Dur\u00e9e de lecture estim\u00e9e":"1 minute"},"schema":{"@context":"https:\/\/schema.org","@graph":[{"@type":"NewsArticle","@id":"https:\/\/www.retaildetail.be\/fr\/news\/food\/deux-ans-de-prison-pour-lancien-dirigeant-de-jumbo-frits-van-eerd\/#article","isPartOf":{"@id":"https:\/\/www.retaildetail.be\/fr\/news\/food\/deux-ans-de-prison-pour-lancien-dirigeant-de-jumbo-frits-van-eerd\/"},"author":{"name":"Stefan Van Rompaey","@id":"https:\/\/www.retaildetail.be\/nl\/#\/schema\/person\/51aec6069c4416aa2f68b2e4ff3455df"},"headline":"Deux ans de prison pour l&rsquo;ancien dirigeant de Jumbo, Frits van Eerd","datePublished":"2025-08-07T12:21:46+00:00","dateModified":"2025-08-07T13:08:33+00:00","mainEntityOfPage":{"@id":"https:\/\/www.retaildetail.be\/fr\/news\/food\/deux-ans-de-prison-pour-lancien-dirigeant-de-jumbo-frits-van-eerd\/"},"wordCount":237,"publisher":{"@id":"https:\/\/www.retaildetail.be\/nl\/#organization"},"image":{"@id":"https:\/\/www.retaildetail.be\/fr\/news\/food\/deux-ans-de-prison-pour-lancien-dirigeant-de-jumbo-frits-van-eerd\/#primaryimage"},"thumbnailUrl":"https:\/\/www.retaildetail.be\/wp-content\/uploads\/2025\/08\/frits-van-eerd-jumbo-beeldbank-2021.webp","articleSection":["Food","Food"],"inLanguage":"fr-FR","copyrightYear":"2025","copyrightHolder":{"@id":"https:\/\/www.retaildetail.be\/#organization"}},{"@type":"WebPage","@id":"https:\/\/www.retaildetail.be\/fr\/news\/food\/deux-ans-de-prison-pour-lancien-dirigeant-de-jumbo-frits-van-eerd\/","url":"https:\/\/www.retaildetail.be\/fr\/news\/food\/deux-ans-de-prison-pour-lancien-dirigeant-de-jumbo-frits-van-eerd\/","name":"Deux ans de prison pour l'ancien dirigeant de Jumbo, Frits van Eerd - RetailDetail BE","isPartOf":{"@id":"https:\/\/www.retaildetail.be\/nl\/#website"},"primaryImageOfPage":{"@id":"https:\/\/www.retaildetail.be\/fr\/news\/food\/deux-ans-de-prison-pour-lancien-dirigeant-de-jumbo-frits-van-eerd\/#primaryimage"},"image":{"@id":"https:\/\/www.retaildetail.be\/fr\/news\/food\/deux-ans-de-prison-pour-lancien-dirigeant-de-jumbo-frits-van-eerd\/#primaryimage"},"thumbnailUrl":"https:\/\/www.retaildetail.be\/wp-content\/uploads\/2025\/08\/frits-van-eerd-jumbo-beeldbank-2021.webp","datePublished":"2025-08-07T12:21:46+00:00","dateModified":"2025-08-07T13:08:33+00:00","description":"Le tribunal de Groningue a condamn\u00e9 l'ancien PDG de Jumbo, Frits van Eerd, \u00e0 deux ans de prison pour blanchiment d'argent, corruption et falsification.","breadcrumb":{"@id":"https:\/\/www.retaildetail.be\/fr\/news\/food\/deux-ans-de-prison-pour-lancien-dirigeant-de-jumbo-frits-van-eerd\/#breadcrumb"},"inLanguage":"fr-FR","potentialAction":[{"@type":"ReadAction","target":["https:\/\/www.retaildetail.be\/fr\/news\/food\/deux-ans-de-prison-pour-lancien-dirigeant-de-jumbo-frits-van-eerd\/"]}]},{"@type":"ImageObject","inLanguage":"fr-FR","@id":"https:\/\/www.retaildetail.be\/fr\/news\/food\/deux-ans-de-prison-pour-lancien-dirigeant-de-jumbo-frits-van-eerd\/#primaryimage","url":"https:\/\/www.retaildetail.be\/wp-content\/uploads\/2025\/08\/frits-van-eerd-jumbo-beeldbank-2021.webp","contentUrl":"https:\/\/www.retaildetail.be\/wp-content\/uploads\/2025\/08\/frits-van-eerd-jumbo-beeldbank-2021.webp","width":1200,"height":800},{"@type":"BreadcrumbList","@id":"https:\/\/www.retaildetail.be\/fr\/news\/food\/deux-ans-de-prison-pour-lancien-dirigeant-de-jumbo-frits-van-eerd\/#breadcrumb","itemListElement":[{"@type":"ListItem","position":1,"name":"Home","item":"https:\/\/www.retaildetail.be\/fr\/"},{"@type":"ListItem","position":2,"name":"Deux ans de prison pour l&#8217;ancien dirigeant de Jumbo, Frits van Eerd"}]},{"@type":"WebSite","@id":"https:\/\/www.retaildetail.be\/nl\/#website","url":"https:\/\/www.retaildetail.be\/nl\/","name":"RetailDetail BE","description":"News","publisher":{"@id":"https:\/\/www.retaildetail.be\/nl\/#organization"},"potentialAction":[{"@type":"SearchAction","target":{"@type":"EntryPoint","urlTemplate":"https:\/\/www.retaildetail.be\/nl\/?s={search_term_string}"},"query-input":{"@type":"PropertyValueSpecification","valueRequired":true,"valueName":"search_term_string"}}],"inLanguage":"fr-FR"},{"@type":"Organization","@id":"https:\/\/www.retaildetail.be\/nl\/#organization","name":"RetailDetail BE","url":"https:\/\/www.retaildetail.be\/nl\/","logo":{"@type":"ImageObject","inLanguage":"fr-FR","@id":"https:\/\/www.retaildetail.be\/nl\/#\/schema\/logo\/image\/","url":"https:\/\/www.retaildetail.be\/wp-content\/uploads\/2022\/04\/logo.svg","contentUrl":"https:\/\/www.retaildetail.be\/wp-content\/uploads\/2022\/04\/logo.svg","width":131,"height":70,"caption":"RetailDetail BE"},"image":{"@id":"https:\/\/www.retaildetail.be\/nl\/#\/schema\/logo\/image\/"}},{"@type":"Person","@id":"https:\/\/www.retaildetail.be\/nl\/#\/schema\/person\/51aec6069c4416aa2f68b2e4ff3455df","name":"Stefan Van Rompaey","image":{"@type":"ImageObject","inLanguage":"fr-FR","@id":"https:\/\/secure.gravatar.com\/avatar\/fbbb4a80a0f109888b2a5ab8ae255617499ecde533749b3ab2fa6c23b5d65dac?s=96&d=mm&r=g","url":"https:\/\/secure.gravatar.com\/avatar\/fbbb4a80a0f109888b2a5ab8ae255617499ecde533749b3ab2fa6c23b5d65dac?s=96&d=mm&r=g","contentUrl":"https:\/\/secure.gravatar.com\/avatar\/fbbb4a80a0f109888b2a5ab8ae255617499ecde533749b3ab2fa6c23b5d65dac?s=96&d=mm&r=g","caption":"Stefan Van Rompaey"},"url":"https:\/\/www.retaildetail.be\/fr\/author\/stefanvanrompaey\/"}]}},"jetpack_featured_media_url":"https:\/\/www.retaildetail.be\/wp-content\/uploads\/2025\/08\/frits-van-eerd-jumbo-beeldbank-2021.webp","jetpack_sharing_enabled":true,"_links":{"self":[{"href":"https:\/\/www.retaildetail.be\/fr\/wp-json\/wp\/v2\/posts\/124772","targetHints":{"allow":["GET"]}}],"collection":[{"href":"https:\/\/www.retaildetail.be\/fr\/wp-json\/wp\/v2\/posts"}],"about":[{"href":"https:\/\/www.retaildetail.be\/fr\/wp-json\/wp\/v2\/types\/post"}],"author":[{"embeddable":true,"href":"https:\/\/www.retaildetail.be\/fr\/wp-json\/wp\/v2\/users\/3"}],"replies":[{"embeddable":true,"href":"https:\/\/www.retaildetail.be\/fr\/wp-json\/wp\/v2\/comments?post=124772"}],"version-history":[{"count":2,"href":"https:\/\/www.retaildetail.be\/fr\/wp-json\/wp\/v2\/posts\/124772\/revisions"}],"predecessor-version":[{"id":124805,"href":"https:\/\/www.retaildetail.be\/fr\/wp-json\/wp\/v2\/posts\/124772\/revisions\/124805"}],"wp:featuredmedia":[{"embeddable":true,"href":"https:\/\/www.retaildetail.be\/fr\/wp-json\/wp\/v2\/media\/124782"}],"wp:attachment":[{"href":"https:\/\/www.retaildetail.be\/fr\/wp-json\/wp\/v2\/media?parent=124772"}],"wp:term":[{"taxonomy":"category","embeddable":true,"href":"https:\/\/www.retaildetail.be\/fr\/wp-json\/wp\/v2\/categories?post=124772"},{"taxonomy":"post_tag","embeddable":true,"href":"https:\/\/www.retaildetail.be\/fr\/wp-json\/wp\/v2\/tags?post=124772"},{"taxonomy":"people","embeddable":true,"href":"https:\/\/www.retaildetail.be\/fr\/wp-json\/wp\/v2\/people?post=124772"},{"taxonomy":"extra","embeddable":true,"href":"https:\/\/www.retaildetail.be\/fr\/wp-json\/wp\/v2\/extra?post=124772"},{"taxonomy":"company","embeddable":true,"href":"https:\/\/www.retaildetail.be\/fr\/wp-json\/wp\/v2\/company?post=124772"},{"taxonomy":"topic","embeddable":true,"href":"https:\/\/www.retaildetail.be\/fr\/wp-json\/wp\/v2\/topic?post=124772"},{"taxonomy":"region","embeddable":true,"href":"https:\/\/www.retaildetail.be\/fr\/wp-json\/wp\/v2\/region?post=124772"}],"curies":[{"name":"wp","href":"https:\/\/api.w.org\/{rel}","templated":true}]}}