{"id":125704,"date":"2025-08-20T10:31:16","date_gmt":"2025-08-20T08:31:16","guid":{"rendered":"https:\/\/www.retaildetail.be\/?p=125704"},"modified":"2025-08-20T10:31:17","modified_gmt":"2025-08-20T08:31:17","slug":"interview-pourquoi-action-na-pas-de-planogrammes","status":"publish","type":"post","link":"https:\/\/www.retaildetail.be\/fr\/news\/general\/interview-pourquoi-action-na-pas-de-planogrammes\/","title":{"rendered":"[Interview] Pourquoi Action n&rsquo;a pas de planogrammes"},"content":{"rendered":"\n<p>Avec chaque jour de nouvelles surprises \u00e0 d\u00e9baller, la vie d&rsquo;un directeur chez <strong>Action<\/strong> est tout sauf ennuyeuse. Le discounter souhaite toutefois tordre le cou \u00e0 certains pr\u00e9jug\u00e9s : \u00ab Sur nos parkings, on voit tous les types de voitures \u00bb.<\/p>\n\n\n\n<h2 class=\"wp-block-heading\">\u00ab Soyez comme Mondo Duplantis \u00bb<\/h2>\n\n\n\n<p>La croissance impressionnante d&rsquo;Action en Europe suscite depuis des ann\u00e9es l&rsquo;\u00e9tonnement et l&rsquo;admiration des observateurs du secteur de la distribution. Le secret de la cha\u00eene de magasins discount non alimentaires peut se r\u00e9sumer \u00e0 une formule simple, explique Bart Raeymaekers, directeur r\u00e9gional, qui a suivi de pr\u00e8s la croissance de l&rsquo;entreprise, pass\u00e9e de moins de 300 \u00e0 plus de 3 000 magasins : \u00ab <em>Action = prix x surprise x personnes<\/em> \u00bb. Le tout agr\u00e9ment\u00e9 d&rsquo;une touche de durabilit\u00e9.&nbsp;<\/p>\n\n\n\n<p>\u00ab&nbsp;Chaque euro que vous ne d\u00e9pensez pas en tant que d\u00e9taillant, vous n&rsquo;avez pas \u00e0 le demander \u00e0 votre client. Recherchez donc l&rsquo;efficacit\u00e9. Remettez-vous constamment en question et visez toujours mieux. Comme un athl\u00e8te : vous devez avoir le \u00e9tat d&rsquo;esprit de quelqu&rsquo;un comme le sauteur \u00e0 la perche Mondo Duplantis, qui vient encore une fois de battre son record du monde. Nous \u00e9laborons des processus solides, que nous d\u00e9ployons dans tous les pays et que nous am\u00e9liorons en permanence. Chez Action, le hasard n&rsquo;existe pas. \u00bb<\/p>\n\n\n\n<h2 class=\"wp-block-heading\">Acheter malin<\/h2>\n\n\n\n<p>Un facteur de succ\u00e8s important est l&rsquo;assortiment surprenant : chaque semaine, 150 nouveaux articles arrivent dans les rayons. Cela attire non seulement les clients, mais aussi les responsables de magasin, qui ne savent pas \u00e0 l&rsquo;avance ce qui sera livr\u00e9. \u00ab Quand on est directeur de magasin chez Action, on peut d\u00e9baller tous les jours ! C&rsquo;est g\u00e9nial, non ? Nous avons d&rsquo;ailleurs une adresse e-mail interne o\u00f9 les collaborateurs peuvent envoyer des suggestions d&rsquo;articles qu&rsquo;ils aiment, afin d&rsquo;inspirer nos acheteurs. \u00bb<\/p>\n\n\n\n<p>\u00ab Le profil de nos clients est \u00e9galement surprenant \u00bb, ajoute Raeymaekers. \u00ab On pense souvent que nos clients sont issus des classes sociales d\u00e9favoris\u00e9es et qu&rsquo;ils ach\u00e8tent chez nous par n\u00e9cessit\u00e9. Ce n&rsquo;est pas le cas. Un peu moins d&rsquo;un tiers de nos clients appartiennent \u00e0 la classe sup\u00e9rieure, un peu moins d&rsquo;un tiers \u00e0 la classe moyenne et seulement un peu plus d&rsquo;un tiers \u00e0 la classe inf\u00e9rieure. On voit tous les types de voitures sur le parking d&rsquo;un magasin Action. C&rsquo;est tout simplement du <em>smart buying<\/em>. \u00bb<\/p>\n\n\n\n<h2 class=\"wp-block-heading\">\u00ab Au moins un employ\u00e9 \u00e9voluant dans l&rsquo;entreprise par magasin \u00bb<\/h2>\n\n\n\n<p>Vous pouvez avoir la meilleure formule commerciale, mais ce sont les gens qui font la diff\u00e9rence. \u00ab Les normes et les valeurs sont des crit\u00e8res de s\u00e9lection tr\u00e8s stricts lors du recrutement. Nous regardons d&rsquo;abord qui vous \u00eates, puis ce que vous savez faire. Nous investissons \u00e9norm\u00e9ment dans la formation interne : notre objectif est d&rsquo;avoir au moins un employ\u00e9 qui \u00e9volue en interne par magasin. Nos responsables de magasin ont de r\u00e9elles responsabilit\u00e9s : nous n&rsquo;avons pas de plans de rayonnage, ils d\u00e9cident eux-m\u00eames des t\u00eates de gondole et des commandes. Nous n&rsquo;avons qu&rsquo;un seul KPI : le chiffre d&rsquo;affaires total du magasin. \u00bb<\/p>\n\n\n\n<p>Le grand engagement des collaborateurs ressort clairement de l&rsquo;enqu\u00eate de satisfaction biannuelle \u00ab The Voice of Action \u00bb, qui affiche un taux de participation sans pr\u00e9c\u00e9dent de plus de 90 %. La carri\u00e8re de Raeymaekers illustre parfaitement les opportunit\u00e9s offertes par le d\u00e9taillant : il a d\u00e9but\u00e9 en avril 2012 en tant que responsable r\u00e9gional chez Action, alors que la Belgique ne comptait que 35 magasins. Il a ensuite dirig\u00e9 la cha\u00eene en France et en Allemagne. Aujourd&rsquo;hui, il est responsable de la Belgique, du Luxembourg, de l&rsquo;Allemagne, du Portugal, de l&rsquo;Espagne et de l&rsquo;Italie en tant que l&rsquo;un des trois <em>regional country directors<\/em> de l&rsquo;entreprise, Action ayant entre-temps divis\u00e9 l&rsquo;Europe en trois parties.<\/p>\n\n\n\n<h2 class=\"wp-block-heading\">2 pour le prix d&rsquo;1<\/h2>\n\n\n\n<p>Lors du Retail Marketing Day organis\u00e9 par RetailDetail le 25 septembre \u00e0 Anvers, Bart Raeymaekers d&rsquo;Action viendra d\u00e9mystifier d&rsquo;autres pr\u00e9jug\u00e9s sur les discounters. D&rsquo;autres enseignes discount, telles que <strong>Takko Fashion<\/strong> et <strong>Primark<\/strong>, viendront \u00e9galement expliquer leur strat\u00e9gie. Vous pouvez r\u00e9server vos tickets via le lien ci-dessous. Jusqu&rsquo;au 24 ao\u00fbt, vous b\u00e9n\u00e9ficiez de deux tickets pour le prix d&rsquo;un !<\/p>\n\n\n\n<div class=\"wp-block-buttons is-layout-flex wp-block-buttons-is-layout-flex\">\n<div class=\"wp-block-button\"><a class=\"wp-block-button__link has-vivid-red-background-color has-background wp-element-button\" href=\"https:\/\/www.retaildetail.be\/fr\/retail-events\/retail-marketing-day-2025-fr\/\">Je viendrai au Retail Marketing Day le 25 septembre<\/a><\/div>\n<\/div>\n","protected":false},"excerpt":{"rendered":"<p>Avec chaque jour de nouvelles surprises \u00e0 d\u00e9baller, la vie d&rsquo;un directeur chez Action est tout sauf ennuyeuse. Le discounter souhaite toutefois tordre le cou \u00e0 certains pr\u00e9jug\u00e9s : \u00ab Sur nos parkings, on voit tous les types de voitures \u00bb.<\/p>\n","protected":false},"author":3,"featured_media":125698,"comment_status":"closed","ping_status":"closed","sticky":false,"template":"","format":"standard","meta":{"_acf_changed":false,"inline_featured_image":false,"_jetpack_memberships_contains_paid_content":false,"footnotes":""},"categories":[25],"tags":[],"people":[],"extra":[],"company":[417],"topic":[488,774],"region":[],"class_list":["post-125704","post","type-post","status-publish","format-standard","has-post-thumbnail","hentry","category-general","company-action","topic-marketing","topic-retaildetail-day"],"acf":[],"yoast_head":"<!-- This site is optimized with the Yoast SEO plugin v27.3 - https:\/\/yoast.com\/product\/yoast-seo-wordpress\/ -->\n<title>[Interview] Pourquoi Action n&#039;a pas de planogrammes - RetailDetail BE<\/title>\n<meta name=\"description\" content=\"Avec chaque jour de nouvelles surprises \u00e0 d\u00e9baller, la vie d&#039;un directeur chez Action est tout sauf ennuyeuse.\" \/>\n<meta name=\"robots\" content=\"index, follow, max-snippet:-1, max-image-preview:large, max-video-preview:-1\" \/>\n<link rel=\"canonical\" href=\"https:\/\/www.retaildetail.be\/fr\/news\/general\/interview-pourquoi-action-na-pas-de-planogrammes\/\" \/>\n<meta property=\"og:locale\" content=\"fr_FR\" \/>\n<meta property=\"og:type\" content=\"article\" \/>\n<meta property=\"og:title\" content=\"[Interview] Pourquoi Action n&#039;a pas de planogrammes - RetailDetail BE\" \/>\n<meta property=\"og:description\" content=\"Avec chaque jour de nouvelles surprises \u00e0 d\u00e9baller, la vie d&#039;un directeur chez Action est tout sauf ennuyeuse.\" \/>\n<meta property=\"og:url\" content=\"https:\/\/www.retaildetail.be\/fr\/news\/general\/interview-pourquoi-action-na-pas-de-planogrammes\/\" \/>\n<meta property=\"og:site_name\" content=\"RetailDetail BE\" \/>\n<meta property=\"article:published_time\" content=\"2025-08-20T08:31:16+00:00\" \/>\n<meta property=\"article:modified_time\" content=\"2025-08-20T08:31:17+00:00\" \/>\n<meta property=\"og:image\" content=\"https:\/\/www.retaildetail.be\/wp-content\/uploads\/2025\/08\/Bart-Raeymaekers-Action.jpg\" \/>\n\t<meta property=\"og:image:width\" content=\"1920\" \/>\n\t<meta property=\"og:image:height\" content=\"1280\" \/>\n\t<meta property=\"og:image:type\" content=\"image\/jpeg\" \/>\n<meta name=\"author\" content=\"Stefan Van Rompaey\" \/>\n<meta name=\"twitter:card\" content=\"summary_large_image\" \/>\n<meta name=\"twitter:label1\" content=\"\u00c9crit par\" \/>\n\t<meta name=\"twitter:data1\" content=\"Stefan Van Rompaey\" \/>\n\t<meta name=\"twitter:label2\" content=\"Dur\u00e9e de lecture estim\u00e9e\" \/>\n\t<meta name=\"twitter:data2\" content=\"3 minutes\" \/>\n<script type=\"application\/ld+json\" class=\"yoast-schema-graph\">{\"@context\":\"https:\\\/\\\/schema.org\",\"@graph\":[{\"@type\":\"NewsArticle\",\"@id\":\"https:\\\/\\\/www.retaildetail.be\\\/fr\\\/news\\\/general\\\/interview-pourquoi-action-na-pas-de-planogrammes\\\/#article\",\"isPartOf\":{\"@id\":\"https:\\\/\\\/www.retaildetail.be\\\/fr\\\/news\\\/general\\\/interview-pourquoi-action-na-pas-de-planogrammes\\\/\"},\"author\":{\"name\":\"Stefan Van Rompaey\",\"@id\":\"https:\\\/\\\/www.retaildetail.be\\\/nl\\\/#\\\/schema\\\/person\\\/51aec6069c4416aa2f68b2e4ff3455df\"},\"headline\":\"[Interview] Pourquoi Action n&rsquo;a pas de planogrammes\",\"datePublished\":\"2025-08-20T08:31:16+00:00\",\"dateModified\":\"2025-08-20T08:31:17+00:00\",\"mainEntityOfPage\":{\"@id\":\"https:\\\/\\\/www.retaildetail.be\\\/fr\\\/news\\\/general\\\/interview-pourquoi-action-na-pas-de-planogrammes\\\/\"},\"wordCount\":741,\"publisher\":{\"@id\":\"https:\\\/\\\/www.retaildetail.be\\\/nl\\\/#organization\"},\"image\":{\"@id\":\"https:\\\/\\\/www.retaildetail.be\\\/fr\\\/news\\\/general\\\/interview-pourquoi-action-na-pas-de-planogrammes\\\/#primaryimage\"},\"thumbnailUrl\":\"https:\\\/\\\/www.retaildetail.be\\\/wp-content\\\/uploads\\\/2025\\\/08\\\/Bart-Raeymaekers-Action.jpg\",\"articleSection\":[\"G\u00e9n\u00e9ral\"],\"inLanguage\":\"fr-FR\",\"copyrightYear\":\"2025\",\"copyrightHolder\":{\"@id\":\"https:\\\/\\\/www.retaildetail.be\\\/#organization\"}},{\"@type\":\"WebPage\",\"@id\":\"https:\\\/\\\/www.retaildetail.be\\\/fr\\\/news\\\/general\\\/interview-pourquoi-action-na-pas-de-planogrammes\\\/\",\"url\":\"https:\\\/\\\/www.retaildetail.be\\\/fr\\\/news\\\/general\\\/interview-pourquoi-action-na-pas-de-planogrammes\\\/\",\"name\":\"[Interview] Pourquoi Action n'a pas de planogrammes - RetailDetail BE\",\"isPartOf\":{\"@id\":\"https:\\\/\\\/www.retaildetail.be\\\/nl\\\/#website\"},\"primaryImageOfPage\":{\"@id\":\"https:\\\/\\\/www.retaildetail.be\\\/fr\\\/news\\\/general\\\/interview-pourquoi-action-na-pas-de-planogrammes\\\/#primaryimage\"},\"image\":{\"@id\":\"https:\\\/\\\/www.retaildetail.be\\\/fr\\\/news\\\/general\\\/interview-pourquoi-action-na-pas-de-planogrammes\\\/#primaryimage\"},\"thumbnailUrl\":\"https:\\\/\\\/www.retaildetail.be\\\/wp-content\\\/uploads\\\/2025\\\/08\\\/Bart-Raeymaekers-Action.jpg\",\"datePublished\":\"2025-08-20T08:31:16+00:00\",\"dateModified\":\"2025-08-20T08:31:17+00:00\",\"description\":\"Avec chaque jour de nouvelles surprises \u00e0 d\u00e9baller, la vie d'un directeur chez Action est tout sauf ennuyeuse.\",\"breadcrumb\":{\"@id\":\"https:\\\/\\\/www.retaildetail.be\\\/fr\\\/news\\\/general\\\/interview-pourquoi-action-na-pas-de-planogrammes\\\/#breadcrumb\"},\"inLanguage\":\"fr-FR\",\"potentialAction\":[{\"@type\":\"ReadAction\",\"target\":[\"https:\\\/\\\/www.retaildetail.be\\\/fr\\\/news\\\/general\\\/interview-pourquoi-action-na-pas-de-planogrammes\\\/\"]}]},{\"@type\":\"ImageObject\",\"inLanguage\":\"fr-FR\",\"@id\":\"https:\\\/\\\/www.retaildetail.be\\\/fr\\\/news\\\/general\\\/interview-pourquoi-action-na-pas-de-planogrammes\\\/#primaryimage\",\"url\":\"https:\\\/\\\/www.retaildetail.be\\\/wp-content\\\/uploads\\\/2025\\\/08\\\/Bart-Raeymaekers-Action.jpg\",\"contentUrl\":\"https:\\\/\\\/www.retaildetail.be\\\/wp-content\\\/uploads\\\/2025\\\/08\\\/Bart-Raeymaekers-Action.jpg\",\"width\":1920,\"height\":1280,\"caption\":\"Bart Raeymaekers, Action\"},{\"@type\":\"BreadcrumbList\",\"@id\":\"https:\\\/\\\/www.retaildetail.be\\\/fr\\\/news\\\/general\\\/interview-pourquoi-action-na-pas-de-planogrammes\\\/#breadcrumb\",\"itemListElement\":[{\"@type\":\"ListItem\",\"position\":1,\"name\":\"Home\",\"item\":\"https:\\\/\\\/www.retaildetail.be\\\/fr\\\/\"},{\"@type\":\"ListItem\",\"position\":2,\"name\":\"[Interview] Pourquoi Action n&#8217;a pas de planogrammes\"}]},{\"@type\":\"WebSite\",\"@id\":\"https:\\\/\\\/www.retaildetail.be\\\/nl\\\/#website\",\"url\":\"https:\\\/\\\/www.retaildetail.be\\\/nl\\\/\",\"name\":\"RetailDetail BE\",\"description\":\"News\",\"publisher\":{\"@id\":\"https:\\\/\\\/www.retaildetail.be\\\/nl\\\/#organization\"},\"potentialAction\":[{\"@type\":\"SearchAction\",\"target\":{\"@type\":\"EntryPoint\",\"urlTemplate\":\"https:\\\/\\\/www.retaildetail.be\\\/nl\\\/?s={search_term_string}\"},\"query-input\":{\"@type\":\"PropertyValueSpecification\",\"valueRequired\":true,\"valueName\":\"search_term_string\"}}],\"inLanguage\":\"fr-FR\"},{\"@type\":\"Organization\",\"@id\":\"https:\\\/\\\/www.retaildetail.be\\\/nl\\\/#organization\",\"name\":\"RetailDetail BE\",\"url\":\"https:\\\/\\\/www.retaildetail.be\\\/nl\\\/\",\"logo\":{\"@type\":\"ImageObject\",\"inLanguage\":\"fr-FR\",\"@id\":\"https:\\\/\\\/www.retaildetail.be\\\/nl\\\/#\\\/schema\\\/logo\\\/image\\\/\",\"url\":\"https:\\\/\\\/www.retaildetail.be\\\/wp-content\\\/uploads\\\/2022\\\/04\\\/logo.svg\",\"contentUrl\":\"https:\\\/\\\/www.retaildetail.be\\\/wp-content\\\/uploads\\\/2022\\\/04\\\/logo.svg\",\"width\":131,\"height\":70,\"caption\":\"RetailDetail BE\"},\"image\":{\"@id\":\"https:\\\/\\\/www.retaildetail.be\\\/nl\\\/#\\\/schema\\\/logo\\\/image\\\/\"}},{\"@type\":\"Person\",\"@id\":\"https:\\\/\\\/www.retaildetail.be\\\/nl\\\/#\\\/schema\\\/person\\\/51aec6069c4416aa2f68b2e4ff3455df\",\"name\":\"Stefan Van Rompaey\",\"image\":{\"@type\":\"ImageObject\",\"inLanguage\":\"fr-FR\",\"@id\":\"https:\\\/\\\/secure.gravatar.com\\\/avatar\\\/fbbb4a80a0f109888b2a5ab8ae255617499ecde533749b3ab2fa6c23b5d65dac?s=96&d=mm&r=g\",\"url\":\"https:\\\/\\\/secure.gravatar.com\\\/avatar\\\/fbbb4a80a0f109888b2a5ab8ae255617499ecde533749b3ab2fa6c23b5d65dac?s=96&d=mm&r=g\",\"contentUrl\":\"https:\\\/\\\/secure.gravatar.com\\\/avatar\\\/fbbb4a80a0f109888b2a5ab8ae255617499ecde533749b3ab2fa6c23b5d65dac?s=96&d=mm&r=g\",\"caption\":\"Stefan Van Rompaey\"},\"url\":\"https:\\\/\\\/www.retaildetail.be\\\/fr\\\/author\\\/stefanvanrompaey\\\/\"}]}<\/script>\n<!-- \/ Yoast SEO plugin. -->","yoast_head_json":{"title":"[Interview] Pourquoi Action n'a pas de planogrammes - RetailDetail BE","description":"Avec chaque jour de nouvelles surprises \u00e0 d\u00e9baller, la vie d'un directeur chez Action est tout sauf ennuyeuse.","robots":{"index":"index","follow":"follow","max-snippet":"max-snippet:-1","max-image-preview":"max-image-preview:large","max-video-preview":"max-video-preview:-1"},"canonical":"https:\/\/www.retaildetail.be\/fr\/news\/general\/interview-pourquoi-action-na-pas-de-planogrammes\/","og_locale":"fr_FR","og_type":"article","og_title":"[Interview] Pourquoi Action n'a pas de planogrammes - RetailDetail BE","og_description":"Avec chaque jour de nouvelles surprises \u00e0 d\u00e9baller, la vie d'un directeur chez Action est tout sauf ennuyeuse.","og_url":"https:\/\/www.retaildetail.be\/fr\/news\/general\/interview-pourquoi-action-na-pas-de-planogrammes\/","og_site_name":"RetailDetail BE","article_published_time":"2025-08-20T08:31:16+00:00","article_modified_time":"2025-08-20T08:31:17+00:00","og_image":[{"width":1920,"height":1280,"url":"https:\/\/www.retaildetail.be\/wp-content\/uploads\/2025\/08\/Bart-Raeymaekers-Action.jpg","type":"image\/jpeg"}],"author":"Stefan Van Rompaey","twitter_card":"summary_large_image","twitter_misc":{"\u00c9crit par":"Stefan Van Rompaey","Dur\u00e9e de lecture estim\u00e9e":"3 minutes"},"schema":{"@context":"https:\/\/schema.org","@graph":[{"@type":"NewsArticle","@id":"https:\/\/www.retaildetail.be\/fr\/news\/general\/interview-pourquoi-action-na-pas-de-planogrammes\/#article","isPartOf":{"@id":"https:\/\/www.retaildetail.be\/fr\/news\/general\/interview-pourquoi-action-na-pas-de-planogrammes\/"},"author":{"name":"Stefan Van Rompaey","@id":"https:\/\/www.retaildetail.be\/nl\/#\/schema\/person\/51aec6069c4416aa2f68b2e4ff3455df"},"headline":"[Interview] Pourquoi Action n&rsquo;a pas de planogrammes","datePublished":"2025-08-20T08:31:16+00:00","dateModified":"2025-08-20T08:31:17+00:00","mainEntityOfPage":{"@id":"https:\/\/www.retaildetail.be\/fr\/news\/general\/interview-pourquoi-action-na-pas-de-planogrammes\/"},"wordCount":741,"publisher":{"@id":"https:\/\/www.retaildetail.be\/nl\/#organization"},"image":{"@id":"https:\/\/www.retaildetail.be\/fr\/news\/general\/interview-pourquoi-action-na-pas-de-planogrammes\/#primaryimage"},"thumbnailUrl":"https:\/\/www.retaildetail.be\/wp-content\/uploads\/2025\/08\/Bart-Raeymaekers-Action.jpg","articleSection":["G\u00e9n\u00e9ral"],"inLanguage":"fr-FR","copyrightYear":"2025","copyrightHolder":{"@id":"https:\/\/www.retaildetail.be\/#organization"}},{"@type":"WebPage","@id":"https:\/\/www.retaildetail.be\/fr\/news\/general\/interview-pourquoi-action-na-pas-de-planogrammes\/","url":"https:\/\/www.retaildetail.be\/fr\/news\/general\/interview-pourquoi-action-na-pas-de-planogrammes\/","name":"[Interview] Pourquoi Action n'a pas de planogrammes - RetailDetail BE","isPartOf":{"@id":"https:\/\/www.retaildetail.be\/nl\/#website"},"primaryImageOfPage":{"@id":"https:\/\/www.retaildetail.be\/fr\/news\/general\/interview-pourquoi-action-na-pas-de-planogrammes\/#primaryimage"},"image":{"@id":"https:\/\/www.retaildetail.be\/fr\/news\/general\/interview-pourquoi-action-na-pas-de-planogrammes\/#primaryimage"},"thumbnailUrl":"https:\/\/www.retaildetail.be\/wp-content\/uploads\/2025\/08\/Bart-Raeymaekers-Action.jpg","datePublished":"2025-08-20T08:31:16+00:00","dateModified":"2025-08-20T08:31:17+00:00","description":"Avec chaque jour de nouvelles surprises \u00e0 d\u00e9baller, la vie d'un directeur chez Action est tout sauf ennuyeuse.","breadcrumb":{"@id":"https:\/\/www.retaildetail.be\/fr\/news\/general\/interview-pourquoi-action-na-pas-de-planogrammes\/#breadcrumb"},"inLanguage":"fr-FR","potentialAction":[{"@type":"ReadAction","target":["https:\/\/www.retaildetail.be\/fr\/news\/general\/interview-pourquoi-action-na-pas-de-planogrammes\/"]}]},{"@type":"ImageObject","inLanguage":"fr-FR","@id":"https:\/\/www.retaildetail.be\/fr\/news\/general\/interview-pourquoi-action-na-pas-de-planogrammes\/#primaryimage","url":"https:\/\/www.retaildetail.be\/wp-content\/uploads\/2025\/08\/Bart-Raeymaekers-Action.jpg","contentUrl":"https:\/\/www.retaildetail.be\/wp-content\/uploads\/2025\/08\/Bart-Raeymaekers-Action.jpg","width":1920,"height":1280,"caption":"Bart Raeymaekers, Action"},{"@type":"BreadcrumbList","@id":"https:\/\/www.retaildetail.be\/fr\/news\/general\/interview-pourquoi-action-na-pas-de-planogrammes\/#breadcrumb","itemListElement":[{"@type":"ListItem","position":1,"name":"Home","item":"https:\/\/www.retaildetail.be\/fr\/"},{"@type":"ListItem","position":2,"name":"[Interview] Pourquoi Action n&#8217;a pas de planogrammes"}]},{"@type":"WebSite","@id":"https:\/\/www.retaildetail.be\/nl\/#website","url":"https:\/\/www.retaildetail.be\/nl\/","name":"RetailDetail BE","description":"News","publisher":{"@id":"https:\/\/www.retaildetail.be\/nl\/#organization"},"potentialAction":[{"@type":"SearchAction","target":{"@type":"EntryPoint","urlTemplate":"https:\/\/www.retaildetail.be\/nl\/?s={search_term_string}"},"query-input":{"@type":"PropertyValueSpecification","valueRequired":true,"valueName":"search_term_string"}}],"inLanguage":"fr-FR"},{"@type":"Organization","@id":"https:\/\/www.retaildetail.be\/nl\/#organization","name":"RetailDetail BE","url":"https:\/\/www.retaildetail.be\/nl\/","logo":{"@type":"ImageObject","inLanguage":"fr-FR","@id":"https:\/\/www.retaildetail.be\/nl\/#\/schema\/logo\/image\/","url":"https:\/\/www.retaildetail.be\/wp-content\/uploads\/2022\/04\/logo.svg","contentUrl":"https:\/\/www.retaildetail.be\/wp-content\/uploads\/2022\/04\/logo.svg","width":131,"height":70,"caption":"RetailDetail BE"},"image":{"@id":"https:\/\/www.retaildetail.be\/nl\/#\/schema\/logo\/image\/"}},{"@type":"Person","@id":"https:\/\/www.retaildetail.be\/nl\/#\/schema\/person\/51aec6069c4416aa2f68b2e4ff3455df","name":"Stefan Van Rompaey","image":{"@type":"ImageObject","inLanguage":"fr-FR","@id":"https:\/\/secure.gravatar.com\/avatar\/fbbb4a80a0f109888b2a5ab8ae255617499ecde533749b3ab2fa6c23b5d65dac?s=96&d=mm&r=g","url":"https:\/\/secure.gravatar.com\/avatar\/fbbb4a80a0f109888b2a5ab8ae255617499ecde533749b3ab2fa6c23b5d65dac?s=96&d=mm&r=g","contentUrl":"https:\/\/secure.gravatar.com\/avatar\/fbbb4a80a0f109888b2a5ab8ae255617499ecde533749b3ab2fa6c23b5d65dac?s=96&d=mm&r=g","caption":"Stefan Van Rompaey"},"url":"https:\/\/www.retaildetail.be\/fr\/author\/stefanvanrompaey\/"}]}},"jetpack_featured_media_url":"https:\/\/www.retaildetail.be\/wp-content\/uploads\/2025\/08\/Bart-Raeymaekers-Action.jpg","jetpack_sharing_enabled":true,"_links":{"self":[{"href":"https:\/\/www.retaildetail.be\/fr\/wp-json\/wp\/v2\/posts\/125704","targetHints":{"allow":["GET"]}}],"collection":[{"href":"https:\/\/www.retaildetail.be\/fr\/wp-json\/wp\/v2\/posts"}],"about":[{"href":"https:\/\/www.retaildetail.be\/fr\/wp-json\/wp\/v2\/types\/post"}],"author":[{"embeddable":true,"href":"https:\/\/www.retaildetail.be\/fr\/wp-json\/wp\/v2\/users\/3"}],"replies":[{"embeddable":true,"href":"https:\/\/www.retaildetail.be\/fr\/wp-json\/wp\/v2\/comments?post=125704"}],"version-history":[{"count":1,"href":"https:\/\/www.retaildetail.be\/fr\/wp-json\/wp\/v2\/posts\/125704\/revisions"}],"predecessor-version":[{"id":125706,"href":"https:\/\/www.retaildetail.be\/fr\/wp-json\/wp\/v2\/posts\/125704\/revisions\/125706"}],"wp:featuredmedia":[{"embeddable":true,"href":"https:\/\/www.retaildetail.be\/fr\/wp-json\/wp\/v2\/media\/125698"}],"wp:attachment":[{"href":"https:\/\/www.retaildetail.be\/fr\/wp-json\/wp\/v2\/media?parent=125704"}],"wp:term":[{"taxonomy":"category","embeddable":true,"href":"https:\/\/www.retaildetail.be\/fr\/wp-json\/wp\/v2\/categories?post=125704"},{"taxonomy":"post_tag","embeddable":true,"href":"https:\/\/www.retaildetail.be\/fr\/wp-json\/wp\/v2\/tags?post=125704"},{"taxonomy":"people","embeddable":true,"href":"https:\/\/www.retaildetail.be\/fr\/wp-json\/wp\/v2\/people?post=125704"},{"taxonomy":"extra","embeddable":true,"href":"https:\/\/www.retaildetail.be\/fr\/wp-json\/wp\/v2\/extra?post=125704"},{"taxonomy":"company","embeddable":true,"href":"https:\/\/www.retaildetail.be\/fr\/wp-json\/wp\/v2\/company?post=125704"},{"taxonomy":"topic","embeddable":true,"href":"https:\/\/www.retaildetail.be\/fr\/wp-json\/wp\/v2\/topic?post=125704"},{"taxonomy":"region","embeddable":true,"href":"https:\/\/www.retaildetail.be\/fr\/wp-json\/wp\/v2\/region?post=125704"}],"curies":[{"name":"wp","href":"https:\/\/api.w.org\/{rel}","templated":true}]}}