{"id":125763,"date":"2025-08-20T14:08:25","date_gmt":"2025-08-20T12:08:25","guid":{"rendered":"https:\/\/www.retaildetail.be\/?p=125763"},"modified":"2025-08-22T08:17:48","modified_gmt":"2025-08-22T06:17:48","slug":"croq-prix-grignote-les-prix-chez-carrefour","status":"publish","type":"post","link":"https:\/\/www.retaildetail.be\/fr\/news\/food\/croq-prix-grignote-les-prix-chez-carrefour\/","title":{"rendered":"\u00ab Croq\u2019 Prix \u00bb grignote les prix chez Carrefour"},"content":{"rendered":"\n<p><strong>Carrefour<\/strong> Belgique a une nouvelle mascotte : \u00ab Croq\u2019 Prix \u00bb, un petit animal affam\u00e9 qui adore grignoter les prix, jouera le r\u00f4le principal dans une nouvelle campagne promotionnelle du d\u00e9taillant cet automne.<\/p>\n\n\n\n<h2 class=\"wp-block-heading\">\u00ab Reconnaissable et fiable \u00bb<\/h2>\n\n\n\n<p>Cette semaine, Carrefour Belgique lance le \u00ab Croq\u2019 Prix \u00bb : cet animal adorable, qui n&rsquo;a pas par hasard la forme du \u00ab C \u00bb, appara\u00eet aujourd&rsquo;hui sur les comptes des r\u00e9seaux sociaux du d\u00e9taillant et dans le folder. C&rsquo;est le coup d&rsquo;envoi d&rsquo;une nouvelle campagne sur mes prix de la cha\u00eene pour cet automne : cette petite cr\u00e9ature affam\u00e9e n&rsquo;aime rien tant que croquer dans les prix. Elle sera pr\u00e9sente non seulement dans des vid\u00e9os et des publicit\u00e9s, mais aussi sur les \u00e9tiquettes de prix dans les magasins : les clients verront o\u00f9 \u00ab Croq\u2019 Prix \u00bb a grignot\u00e9.<\/p>\n\n\n\n<p>\u00ab Pourquoi maintenant ? Les consommateurs sont plus attentifs que jamais aux prix. Avec Croq\u2019 Prix, nous rendons ces informations claires, reconnaissables et fiables dans les rayons. Vous trouverez Croq\u2019 Prix sur les marques nationales et les produits Carrefour, qu&rsquo;il s&rsquo;agisse de prix bas, de promotions ou d&rsquo;actions de fid\u00e9lit\u00e9 ! Test\u00e9 aupr\u00e8s de nos clients, il est pr\u00e9sent d\u00e8s aujourd&rsquo;hui dans tous les magasins Carrefour en Belgique, ainsi que sur votre t\u00e9l\u00e9vision, votre radio et les r\u00e9seaux sociaux \u00bb, annonce Yannick de Bi\u00e8vre, directeur marketing, sur LinkedIn.<\/p>\n","protected":false},"excerpt":{"rendered":"<p>Carrefour Belgique a une nouvelle mascotte : \u00ab Croq\u2019 Prix \u00bb, un petit animal affam\u00e9 qui adore grignoter les prix, jouera le r\u00f4le principal dans une nouvelle campagne promotionnelle du d\u00e9taillant cet automne.<\/p>\n","protected":false},"author":3,"featured_media":125760,"comment_status":"closed","ping_status":"closed","sticky":false,"template":"","format":"standard","meta":{"_acf_changed":false,"inline_featured_image":false,"_jetpack_memberships_contains_paid_content":false,"footnotes":""},"categories":[24],"tags":[],"people":[],"extra":[],"company":[87],"topic":[767,488],"region":[226],"class_list":["post-125763","post","type-post","status-publish","format-standard","has-post-thumbnail","hentry","category-food","company-carrefour","topic-concurrence-des-prix","topic-marketing","region-belgique"],"acf":[],"yoast_head":"<!-- This site is optimized with the Yoast SEO plugin v27.3 - https:\/\/yoast.com\/product\/yoast-seo-wordpress\/ -->\n<title>\u00ab Croq\u2019 Prix \u00bb grignote les prix chez Carrefour - RetailDetail BE<\/title>\n<meta name=\"description\" content=\"Carrefour Belgique a une nouvelle mascotte : \u00ab Croq\u2019 Prix \u00bb, un petit animal affam\u00e9 qui adore grignoter les prix.\" \/>\n<meta name=\"robots\" content=\"index, follow, max-snippet:-1, max-image-preview:large, max-video-preview:-1\" \/>\n<link rel=\"canonical\" href=\"https:\/\/www.retaildetail.be\/fr\/news\/food\/croq-prix-grignote-les-prix-chez-carrefour\/\" \/>\n<meta property=\"og:locale\" content=\"fr_FR\" \/>\n<meta property=\"og:type\" content=\"article\" \/>\n<meta property=\"og:title\" content=\"\u00ab Croq\u2019 Prix \u00bb grignote les prix chez Carrefour - RetailDetail BE\" \/>\n<meta property=\"og:description\" content=\"Carrefour Belgique a une nouvelle mascotte : \u00ab Croq\u2019 Prix \u00bb, un petit animal affam\u00e9 qui adore grignoter les prix.\" \/>\n<meta property=\"og:url\" content=\"https:\/\/www.retaildetail.be\/fr\/news\/food\/croq-prix-grignote-les-prix-chez-carrefour\/\" \/>\n<meta property=\"og:site_name\" content=\"RetailDetail BE\" \/>\n<meta property=\"article:published_time\" content=\"2025-08-20T12:08:25+00:00\" \/>\n<meta property=\"article:modified_time\" content=\"2025-08-22T06:17:48+00:00\" \/>\n<meta property=\"og:image\" content=\"https:\/\/www.retaildetail.be\/wp-content\/uploads\/2025\/08\/prijsbijter-carrefour.jpg\" \/>\n\t<meta property=\"og:image:width\" content=\"1468\" \/>\n\t<meta property=\"og:image:height\" content=\"877\" \/>\n\t<meta property=\"og:image:type\" content=\"image\/jpeg\" \/>\n<meta name=\"author\" content=\"Stefan Van Rompaey\" \/>\n<meta name=\"twitter:card\" content=\"summary_large_image\" \/>\n<meta name=\"twitter:label1\" content=\"\u00c9crit par\" \/>\n\t<meta name=\"twitter:data1\" content=\"Stefan Van Rompaey\" \/>\n\t<meta name=\"twitter:label2\" content=\"Dur\u00e9e de lecture estim\u00e9e\" \/>\n\t<meta name=\"twitter:data2\" content=\"1 minute\" \/>\n<script type=\"application\/ld+json\" class=\"yoast-schema-graph\">{\"@context\":\"https:\\\/\\\/schema.org\",\"@graph\":[{\"@type\":\"NewsArticle\",\"@id\":\"https:\\\/\\\/www.retaildetail.be\\\/fr\\\/news\\\/food\\\/croq-prix-grignote-les-prix-chez-carrefour\\\/#article\",\"isPartOf\":{\"@id\":\"https:\\\/\\\/www.retaildetail.be\\\/fr\\\/news\\\/food\\\/croq-prix-grignote-les-prix-chez-carrefour\\\/\"},\"author\":{\"name\":\"Stefan Van Rompaey\",\"@id\":\"https:\\\/\\\/www.retaildetail.be\\\/nl\\\/#\\\/schema\\\/person\\\/51aec6069c4416aa2f68b2e4ff3455df\"},\"headline\":\"\u00ab Croq\u2019 Prix \u00bb grignote les prix chez Carrefour\",\"datePublished\":\"2025-08-20T12:08:25+00:00\",\"dateModified\":\"2025-08-22T06:17:48+00:00\",\"mainEntityOfPage\":{\"@id\":\"https:\\\/\\\/www.retaildetail.be\\\/fr\\\/news\\\/food\\\/croq-prix-grignote-les-prix-chez-carrefour\\\/\"},\"wordCount\":244,\"publisher\":{\"@id\":\"https:\\\/\\\/www.retaildetail.be\\\/nl\\\/#organization\"},\"image\":{\"@id\":\"https:\\\/\\\/www.retaildetail.be\\\/fr\\\/news\\\/food\\\/croq-prix-grignote-les-prix-chez-carrefour\\\/#primaryimage\"},\"thumbnailUrl\":\"https:\\\/\\\/www.retaildetail.be\\\/wp-content\\\/uploads\\\/2025\\\/08\\\/prijsbijter-carrefour.jpg\",\"articleSection\":[\"Food\"],\"inLanguage\":\"fr-FR\",\"copyrightYear\":\"2025\",\"copyrightHolder\":{\"@id\":\"https:\\\/\\\/www.retaildetail.be\\\/#organization\"}},{\"@type\":\"WebPage\",\"@id\":\"https:\\\/\\\/www.retaildetail.be\\\/fr\\\/news\\\/food\\\/croq-prix-grignote-les-prix-chez-carrefour\\\/\",\"url\":\"https:\\\/\\\/www.retaildetail.be\\\/fr\\\/news\\\/food\\\/croq-prix-grignote-les-prix-chez-carrefour\\\/\",\"name\":\"\u00ab Croq\u2019 Prix \u00bb grignote les prix chez Carrefour - RetailDetail BE\",\"isPartOf\":{\"@id\":\"https:\\\/\\\/www.retaildetail.be\\\/nl\\\/#website\"},\"primaryImageOfPage\":{\"@id\":\"https:\\\/\\\/www.retaildetail.be\\\/fr\\\/news\\\/food\\\/croq-prix-grignote-les-prix-chez-carrefour\\\/#primaryimage\"},\"image\":{\"@id\":\"https:\\\/\\\/www.retaildetail.be\\\/fr\\\/news\\\/food\\\/croq-prix-grignote-les-prix-chez-carrefour\\\/#primaryimage\"},\"thumbnailUrl\":\"https:\\\/\\\/www.retaildetail.be\\\/wp-content\\\/uploads\\\/2025\\\/08\\\/prijsbijter-carrefour.jpg\",\"datePublished\":\"2025-08-20T12:08:25+00:00\",\"dateModified\":\"2025-08-22T06:17:48+00:00\",\"description\":\"Carrefour Belgique a une nouvelle mascotte : \u00ab Croq\u2019 Prix \u00bb, un petit animal affam\u00e9 qui adore grignoter les prix.\",\"breadcrumb\":{\"@id\":\"https:\\\/\\\/www.retaildetail.be\\\/fr\\\/news\\\/food\\\/croq-prix-grignote-les-prix-chez-carrefour\\\/#breadcrumb\"},\"inLanguage\":\"fr-FR\",\"potentialAction\":[{\"@type\":\"ReadAction\",\"target\":[\"https:\\\/\\\/www.retaildetail.be\\\/fr\\\/news\\\/food\\\/croq-prix-grignote-les-prix-chez-carrefour\\\/\"]}]},{\"@type\":\"ImageObject\",\"inLanguage\":\"fr-FR\",\"@id\":\"https:\\\/\\\/www.retaildetail.be\\\/fr\\\/news\\\/food\\\/croq-prix-grignote-les-prix-chez-carrefour\\\/#primaryimage\",\"url\":\"https:\\\/\\\/www.retaildetail.be\\\/wp-content\\\/uploads\\\/2025\\\/08\\\/prijsbijter-carrefour.jpg\",\"contentUrl\":\"https:\\\/\\\/www.retaildetail.be\\\/wp-content\\\/uploads\\\/2025\\\/08\\\/prijsbijter-carrefour.jpg\",\"width\":1468,\"height\":877},{\"@type\":\"BreadcrumbList\",\"@id\":\"https:\\\/\\\/www.retaildetail.be\\\/fr\\\/news\\\/food\\\/croq-prix-grignote-les-prix-chez-carrefour\\\/#breadcrumb\",\"itemListElement\":[{\"@type\":\"ListItem\",\"position\":1,\"name\":\"Home\",\"item\":\"https:\\\/\\\/www.retaildetail.be\\\/fr\\\/\"},{\"@type\":\"ListItem\",\"position\":2,\"name\":\"\u00ab Croq\u2019 Prix \u00bb grignote les prix chez Carrefour\"}]},{\"@type\":\"WebSite\",\"@id\":\"https:\\\/\\\/www.retaildetail.be\\\/nl\\\/#website\",\"url\":\"https:\\\/\\\/www.retaildetail.be\\\/nl\\\/\",\"name\":\"RetailDetail BE\",\"description\":\"News\",\"publisher\":{\"@id\":\"https:\\\/\\\/www.retaildetail.be\\\/nl\\\/#organization\"},\"potentialAction\":[{\"@type\":\"SearchAction\",\"target\":{\"@type\":\"EntryPoint\",\"urlTemplate\":\"https:\\\/\\\/www.retaildetail.be\\\/nl\\\/?s={search_term_string}\"},\"query-input\":{\"@type\":\"PropertyValueSpecification\",\"valueRequired\":true,\"valueName\":\"search_term_string\"}}],\"inLanguage\":\"fr-FR\"},{\"@type\":\"Organization\",\"@id\":\"https:\\\/\\\/www.retaildetail.be\\\/nl\\\/#organization\",\"name\":\"RetailDetail BE\",\"url\":\"https:\\\/\\\/www.retaildetail.be\\\/nl\\\/\",\"logo\":{\"@type\":\"ImageObject\",\"inLanguage\":\"fr-FR\",\"@id\":\"https:\\\/\\\/www.retaildetail.be\\\/nl\\\/#\\\/schema\\\/logo\\\/image\\\/\",\"url\":\"https:\\\/\\\/www.retaildetail.be\\\/wp-content\\\/uploads\\\/2022\\\/04\\\/logo.svg\",\"contentUrl\":\"https:\\\/\\\/www.retaildetail.be\\\/wp-content\\\/uploads\\\/2022\\\/04\\\/logo.svg\",\"width\":131,\"height\":70,\"caption\":\"RetailDetail BE\"},\"image\":{\"@id\":\"https:\\\/\\\/www.retaildetail.be\\\/nl\\\/#\\\/schema\\\/logo\\\/image\\\/\"}},{\"@type\":\"Person\",\"@id\":\"https:\\\/\\\/www.retaildetail.be\\\/nl\\\/#\\\/schema\\\/person\\\/51aec6069c4416aa2f68b2e4ff3455df\",\"name\":\"Stefan Van Rompaey\",\"image\":{\"@type\":\"ImageObject\",\"inLanguage\":\"fr-FR\",\"@id\":\"https:\\\/\\\/secure.gravatar.com\\\/avatar\\\/fbbb4a80a0f109888b2a5ab8ae255617499ecde533749b3ab2fa6c23b5d65dac?s=96&d=mm&r=g\",\"url\":\"https:\\\/\\\/secure.gravatar.com\\\/avatar\\\/fbbb4a80a0f109888b2a5ab8ae255617499ecde533749b3ab2fa6c23b5d65dac?s=96&d=mm&r=g\",\"contentUrl\":\"https:\\\/\\\/secure.gravatar.com\\\/avatar\\\/fbbb4a80a0f109888b2a5ab8ae255617499ecde533749b3ab2fa6c23b5d65dac?s=96&d=mm&r=g\",\"caption\":\"Stefan Van Rompaey\"},\"url\":\"https:\\\/\\\/www.retaildetail.be\\\/fr\\\/author\\\/stefanvanrompaey\\\/\"}]}<\/script>\n<!-- \/ Yoast SEO plugin. -->","yoast_head_json":{"title":"\u00ab Croq\u2019 Prix \u00bb grignote les prix chez Carrefour - RetailDetail BE","description":"Carrefour Belgique a une nouvelle mascotte : \u00ab Croq\u2019 Prix \u00bb, un petit animal affam\u00e9 qui adore grignoter les prix.","robots":{"index":"index","follow":"follow","max-snippet":"max-snippet:-1","max-image-preview":"max-image-preview:large","max-video-preview":"max-video-preview:-1"},"canonical":"https:\/\/www.retaildetail.be\/fr\/news\/food\/croq-prix-grignote-les-prix-chez-carrefour\/","og_locale":"fr_FR","og_type":"article","og_title":"\u00ab Croq\u2019 Prix \u00bb grignote les prix chez Carrefour - RetailDetail BE","og_description":"Carrefour Belgique a une nouvelle mascotte : \u00ab Croq\u2019 Prix \u00bb, un petit animal affam\u00e9 qui adore grignoter les prix.","og_url":"https:\/\/www.retaildetail.be\/fr\/news\/food\/croq-prix-grignote-les-prix-chez-carrefour\/","og_site_name":"RetailDetail BE","article_published_time":"2025-08-20T12:08:25+00:00","article_modified_time":"2025-08-22T06:17:48+00:00","og_image":[{"width":1468,"height":877,"url":"https:\/\/www.retaildetail.be\/wp-content\/uploads\/2025\/08\/prijsbijter-carrefour.jpg","type":"image\/jpeg"}],"author":"Stefan Van Rompaey","twitter_card":"summary_large_image","twitter_misc":{"\u00c9crit par":"Stefan Van Rompaey","Dur\u00e9e de lecture estim\u00e9e":"1 minute"},"schema":{"@context":"https:\/\/schema.org","@graph":[{"@type":"NewsArticle","@id":"https:\/\/www.retaildetail.be\/fr\/news\/food\/croq-prix-grignote-les-prix-chez-carrefour\/#article","isPartOf":{"@id":"https:\/\/www.retaildetail.be\/fr\/news\/food\/croq-prix-grignote-les-prix-chez-carrefour\/"},"author":{"name":"Stefan Van Rompaey","@id":"https:\/\/www.retaildetail.be\/nl\/#\/schema\/person\/51aec6069c4416aa2f68b2e4ff3455df"},"headline":"\u00ab Croq\u2019 Prix \u00bb grignote les prix chez Carrefour","datePublished":"2025-08-20T12:08:25+00:00","dateModified":"2025-08-22T06:17:48+00:00","mainEntityOfPage":{"@id":"https:\/\/www.retaildetail.be\/fr\/news\/food\/croq-prix-grignote-les-prix-chez-carrefour\/"},"wordCount":244,"publisher":{"@id":"https:\/\/www.retaildetail.be\/nl\/#organization"},"image":{"@id":"https:\/\/www.retaildetail.be\/fr\/news\/food\/croq-prix-grignote-les-prix-chez-carrefour\/#primaryimage"},"thumbnailUrl":"https:\/\/www.retaildetail.be\/wp-content\/uploads\/2025\/08\/prijsbijter-carrefour.jpg","articleSection":["Food"],"inLanguage":"fr-FR","copyrightYear":"2025","copyrightHolder":{"@id":"https:\/\/www.retaildetail.be\/#organization"}},{"@type":"WebPage","@id":"https:\/\/www.retaildetail.be\/fr\/news\/food\/croq-prix-grignote-les-prix-chez-carrefour\/","url":"https:\/\/www.retaildetail.be\/fr\/news\/food\/croq-prix-grignote-les-prix-chez-carrefour\/","name":"\u00ab Croq\u2019 Prix \u00bb grignote les prix chez Carrefour - RetailDetail BE","isPartOf":{"@id":"https:\/\/www.retaildetail.be\/nl\/#website"},"primaryImageOfPage":{"@id":"https:\/\/www.retaildetail.be\/fr\/news\/food\/croq-prix-grignote-les-prix-chez-carrefour\/#primaryimage"},"image":{"@id":"https:\/\/www.retaildetail.be\/fr\/news\/food\/croq-prix-grignote-les-prix-chez-carrefour\/#primaryimage"},"thumbnailUrl":"https:\/\/www.retaildetail.be\/wp-content\/uploads\/2025\/08\/prijsbijter-carrefour.jpg","datePublished":"2025-08-20T12:08:25+00:00","dateModified":"2025-08-22T06:17:48+00:00","description":"Carrefour Belgique a une nouvelle mascotte : \u00ab Croq\u2019 Prix \u00bb, un petit animal affam\u00e9 qui adore grignoter les prix.","breadcrumb":{"@id":"https:\/\/www.retaildetail.be\/fr\/news\/food\/croq-prix-grignote-les-prix-chez-carrefour\/#breadcrumb"},"inLanguage":"fr-FR","potentialAction":[{"@type":"ReadAction","target":["https:\/\/www.retaildetail.be\/fr\/news\/food\/croq-prix-grignote-les-prix-chez-carrefour\/"]}]},{"@type":"ImageObject","inLanguage":"fr-FR","@id":"https:\/\/www.retaildetail.be\/fr\/news\/food\/croq-prix-grignote-les-prix-chez-carrefour\/#primaryimage","url":"https:\/\/www.retaildetail.be\/wp-content\/uploads\/2025\/08\/prijsbijter-carrefour.jpg","contentUrl":"https:\/\/www.retaildetail.be\/wp-content\/uploads\/2025\/08\/prijsbijter-carrefour.jpg","width":1468,"height":877},{"@type":"BreadcrumbList","@id":"https:\/\/www.retaildetail.be\/fr\/news\/food\/croq-prix-grignote-les-prix-chez-carrefour\/#breadcrumb","itemListElement":[{"@type":"ListItem","position":1,"name":"Home","item":"https:\/\/www.retaildetail.be\/fr\/"},{"@type":"ListItem","position":2,"name":"\u00ab Croq\u2019 Prix \u00bb grignote les prix chez Carrefour"}]},{"@type":"WebSite","@id":"https:\/\/www.retaildetail.be\/nl\/#website","url":"https:\/\/www.retaildetail.be\/nl\/","name":"RetailDetail BE","description":"News","publisher":{"@id":"https:\/\/www.retaildetail.be\/nl\/#organization"},"potentialAction":[{"@type":"SearchAction","target":{"@type":"EntryPoint","urlTemplate":"https:\/\/www.retaildetail.be\/nl\/?s={search_term_string}"},"query-input":{"@type":"PropertyValueSpecification","valueRequired":true,"valueName":"search_term_string"}}],"inLanguage":"fr-FR"},{"@type":"Organization","@id":"https:\/\/www.retaildetail.be\/nl\/#organization","name":"RetailDetail BE","url":"https:\/\/www.retaildetail.be\/nl\/","logo":{"@type":"ImageObject","inLanguage":"fr-FR","@id":"https:\/\/www.retaildetail.be\/nl\/#\/schema\/logo\/image\/","url":"https:\/\/www.retaildetail.be\/wp-content\/uploads\/2022\/04\/logo.svg","contentUrl":"https:\/\/www.retaildetail.be\/wp-content\/uploads\/2022\/04\/logo.svg","width":131,"height":70,"caption":"RetailDetail BE"},"image":{"@id":"https:\/\/www.retaildetail.be\/nl\/#\/schema\/logo\/image\/"}},{"@type":"Person","@id":"https:\/\/www.retaildetail.be\/nl\/#\/schema\/person\/51aec6069c4416aa2f68b2e4ff3455df","name":"Stefan Van Rompaey","image":{"@type":"ImageObject","inLanguage":"fr-FR","@id":"https:\/\/secure.gravatar.com\/avatar\/fbbb4a80a0f109888b2a5ab8ae255617499ecde533749b3ab2fa6c23b5d65dac?s=96&d=mm&r=g","url":"https:\/\/secure.gravatar.com\/avatar\/fbbb4a80a0f109888b2a5ab8ae255617499ecde533749b3ab2fa6c23b5d65dac?s=96&d=mm&r=g","contentUrl":"https:\/\/secure.gravatar.com\/avatar\/fbbb4a80a0f109888b2a5ab8ae255617499ecde533749b3ab2fa6c23b5d65dac?s=96&d=mm&r=g","caption":"Stefan Van Rompaey"},"url":"https:\/\/www.retaildetail.be\/fr\/author\/stefanvanrompaey\/"}]}},"jetpack_featured_media_url":"https:\/\/www.retaildetail.be\/wp-content\/uploads\/2025\/08\/prijsbijter-carrefour.jpg","jetpack_sharing_enabled":true,"_links":{"self":[{"href":"https:\/\/www.retaildetail.be\/fr\/wp-json\/wp\/v2\/posts\/125763","targetHints":{"allow":["GET"]}}],"collection":[{"href":"https:\/\/www.retaildetail.be\/fr\/wp-json\/wp\/v2\/posts"}],"about":[{"href":"https:\/\/www.retaildetail.be\/fr\/wp-json\/wp\/v2\/types\/post"}],"author":[{"embeddable":true,"href":"https:\/\/www.retaildetail.be\/fr\/wp-json\/wp\/v2\/users\/3"}],"replies":[{"embeddable":true,"href":"https:\/\/www.retaildetail.be\/fr\/wp-json\/wp\/v2\/comments?post=125763"}],"version-history":[{"count":3,"href":"https:\/\/www.retaildetail.be\/fr\/wp-json\/wp\/v2\/posts\/125763\/revisions"}],"predecessor-version":[{"id":125926,"href":"https:\/\/www.retaildetail.be\/fr\/wp-json\/wp\/v2\/posts\/125763\/revisions\/125926"}],"wp:featuredmedia":[{"embeddable":true,"href":"https:\/\/www.retaildetail.be\/fr\/wp-json\/wp\/v2\/media\/125760"}],"wp:attachment":[{"href":"https:\/\/www.retaildetail.be\/fr\/wp-json\/wp\/v2\/media?parent=125763"}],"wp:term":[{"taxonomy":"category","embeddable":true,"href":"https:\/\/www.retaildetail.be\/fr\/wp-json\/wp\/v2\/categories?post=125763"},{"taxonomy":"post_tag","embeddable":true,"href":"https:\/\/www.retaildetail.be\/fr\/wp-json\/wp\/v2\/tags?post=125763"},{"taxonomy":"people","embeddable":true,"href":"https:\/\/www.retaildetail.be\/fr\/wp-json\/wp\/v2\/people?post=125763"},{"taxonomy":"extra","embeddable":true,"href":"https:\/\/www.retaildetail.be\/fr\/wp-json\/wp\/v2\/extra?post=125763"},{"taxonomy":"company","embeddable":true,"href":"https:\/\/www.retaildetail.be\/fr\/wp-json\/wp\/v2\/company?post=125763"},{"taxonomy":"topic","embeddable":true,"href":"https:\/\/www.retaildetail.be\/fr\/wp-json\/wp\/v2\/topic?post=125763"},{"taxonomy":"region","embeddable":true,"href":"https:\/\/www.retaildetail.be\/fr\/wp-json\/wp\/v2\/region?post=125763"}],"curies":[{"name":"wp","href":"https:\/\/api.w.org\/{rel}","templated":true}]}}