{"id":127033,"date":"2025-09-02T17:03:06","date_gmt":"2025-09-02T15:03:06","guid":{"rendered":"https:\/\/www.retaildetail.be\/?p=127033"},"modified":"2025-09-02T17:07:51","modified_gmt":"2025-09-02T15:07:51","slug":"frits-van-eerd-perd-ses-droits-de-vote-en-tant-quactionnaire-de-jumbo","status":"publish","type":"post","link":"https:\/\/www.retaildetail.be\/fr\/news\/food\/frits-van-eerd-perd-ses-droits-de-vote-en-tant-quactionnaire-de-jumbo\/","title":{"rendered":"Frits van Eerd perd ses droits de vote en tant qu&rsquo;actionnaire de Jumbo"},"content":{"rendered":"\n<p>L&rsquo;ancien CEO Frits van Eerd n&rsquo;a plus voix au chapitre dans le processus d\u00e9cisionnel de <strong>Jumbo<\/strong>. C&rsquo;est ce qu&rsquo;a d\u00e9clar\u00e9 la cha\u00eene de supermarch\u00e9s n\u00e9erlandaise en r\u00e9action \u00e0 la condamnation de son ancien dirigeant le 7 ao\u00fbt.<\/p>\n\n\n\n<h2 class=\"wp-block-heading\">\u00ab\u00a0En coordination avec les banques\u00a0\u00bb<\/h2>\n\n\n\n<p>Jumbo affirme avoir pris le temps d&rsquo;\u00e9tudier <a href=\"https:\/\/www.retaildetail.be\/fr\/news\/food\/deux-ans-de-prison-pour-lancien-dirigeant-de-jumbo-frits-van-eerd\/\">le verdict du tribunal le 7 ao\u00fbt<\/a>. En effet, bien que le d\u00e9taillant ne soit pas partie prenante \u00e0 l&rsquo;affaire et que le jugement n&rsquo;affecte pas directement ses activit\u00e9s quotidiennes, il existe un impact potentiel sur l&rsquo;entreprise. Un comit\u00e9 de pilotage interne, compos\u00e9 d&rsquo;un membre ind\u00e9pendant du conseil de surveillance et de deux membres du conseil d&rsquo;administration de Jumbo, s&rsquo;est pench\u00e9 sur la question.<\/p>\n\n\n\n<p>\u00ab\u00a0D&rsquo;un commun accord\u00a0\u00bb, il a \u00e9t\u00e9 d\u00e9cid\u00e9 que M. van Eerd, contrairement aux autres actionnaires, ses s\u0153urs Colette Cloosterman-van Eerd et Monique Groenewoud-van Eerd, n&rsquo;aurait plus voix au chapitre dans le processus d\u00e9cisionnel de Jumbo. \u00ab\u00a0Cette mesure a \u00e9t\u00e9 mise en \u0153uvre en coordination avec les banques de Jumbo et prend effet imm\u00e9diatement et reste en tout \u00e9tat de cause en vigueur tant que l&rsquo;affaire est en cours\u00a0\u00bb, a d\u00e9clar\u00e9 la soci\u00e9t\u00e9.<\/p>\n\n\n\n<p>La cha\u00eene de supermarch\u00e9s revient \u00e9galement sur la prise en compte par le tribunal du fait que l&rsquo;entreprise pourrait avoir \u00e9t\u00e9 d\u00e9savantag\u00e9e financi\u00e8rement : \u00ab\u00a0Si, apr\u00e8s l&rsquo;appel (et une \u00e9ventuelle cassation), la preuve d&rsquo;un pr\u00e9judice est clairement \u00e9tablie, Jumbo conserve le droit de recouvrer les dommages subis. Jumbo r\u00e9glera alors cette question de mani\u00e8re appropri\u00e9e et confidentielle\u00a0\u00bb. <\/p>\n","protected":false},"excerpt":{"rendered":"<p>L&rsquo;ancien PDG Frits van Eerd n&rsquo;a plus voix au chapitre dans le processus d\u00e9cisionnel de Jumbo. C&rsquo;est ce qu&rsquo;a d\u00e9clar\u00e9 la cha\u00eene de supermarch\u00e9s n\u00e9erlandaise en r\u00e9action \u00e0 la condamnation de son ancien dirigeant le 7 ao\u00fbt. <\/p>\n","protected":false},"author":3,"featured_media":127034,"comment_status":"closed","ping_status":"closed","sticky":false,"template":"","format":"standard","meta":{"_acf_changed":false,"inline_featured_image":false,"_jetpack_memberships_contains_paid_content":false,"footnotes":""},"categories":[18,24],"tags":[],"people":[842],"extra":[44],"company":[217],"topic":[756],"region":[524],"class_list":{"0":"post-127033","1":"post","2":"type-post","3":"status-publish","4":"format-standard","5":"has-post-thumbnail","6":"hentry","7":"category-food","9":"people-frits-van-eerd","10":"extra-hot","11":"company-jumbo","12":"topic-litige","13":"region-pays-bas"},"acf":[],"yoast_head":"<!-- This site is optimized with the Yoast SEO plugin v27.3 - https:\/\/yoast.com\/product\/yoast-seo-wordpress\/ -->\n<title>Frits van Eerd perd ses droits de vote en tant qu&#039;actionnaire de Jumbo - RetailDetail BE<\/title>\n<meta name=\"description\" content=\"L&#039;ancien CEO Frits van Eerd n&#039;a plus voix au chapitre dans le processus d\u00e9cisionnel de Jumbo. C&#039;est ce qu&#039;a d\u00e9clar\u00e9 la cha\u00eene de supermarch\u00e9s n\u00e9erlandaise.\" \/>\n<meta name=\"robots\" content=\"index, follow, max-snippet:-1, max-image-preview:large, max-video-preview:-1\" \/>\n<link rel=\"canonical\" href=\"https:\/\/www.retaildetail.be\/fr\/news\/food\/frits-van-eerd-perd-ses-droits-de-vote-en-tant-quactionnaire-de-jumbo\/\" \/>\n<meta property=\"og:locale\" content=\"fr_FR\" \/>\n<meta property=\"og:type\" content=\"article\" \/>\n<meta property=\"og:title\" content=\"Frits van Eerd perd ses droits de vote en tant qu&#039;actionnaire de Jumbo - RetailDetail BE\" \/>\n<meta property=\"og:description\" content=\"L&#039;ancien CEO Frits van Eerd n&#039;a plus voix au chapitre dans le processus d\u00e9cisionnel de Jumbo. C&#039;est ce qu&#039;a d\u00e9clar\u00e9 la cha\u00eene de supermarch\u00e9s n\u00e9erlandaise.\" \/>\n<meta property=\"og:url\" content=\"https:\/\/www.retaildetail.be\/fr\/news\/food\/frits-van-eerd-perd-ses-droits-de-vote-en-tant-quactionnaire-de-jumbo\/\" \/>\n<meta property=\"og:site_name\" content=\"RetailDetail BE\" \/>\n<meta property=\"article:published_time\" content=\"2025-09-02T15:03:06+00:00\" \/>\n<meta property=\"article:modified_time\" content=\"2025-09-02T15:07:51+00:00\" \/>\n<meta property=\"og:image\" content=\"https:\/\/www.retaildetail.be\/wp-content\/uploads\/2025\/09\/frits-van-eerd-jumbo-beeldbank-2021-1.webp\" \/>\n\t<meta property=\"og:image:width\" content=\"1200\" \/>\n\t<meta property=\"og:image:height\" content=\"800\" \/>\n\t<meta property=\"og:image:type\" content=\"image\/webp\" \/>\n<meta name=\"author\" content=\"Stefan Van Rompaey\" \/>\n<meta name=\"twitter:card\" content=\"summary_large_image\" \/>\n<meta name=\"twitter:label1\" content=\"\u00c9crit par\" \/>\n\t<meta name=\"twitter:data1\" content=\"Stefan Van Rompaey\" \/>\n\t<meta name=\"twitter:label2\" content=\"Dur\u00e9e de lecture estim\u00e9e\" \/>\n\t<meta name=\"twitter:data2\" content=\"1 minute\" \/>\n<script type=\"application\/ld+json\" class=\"yoast-schema-graph\">{\"@context\":\"https:\\\/\\\/schema.org\",\"@graph\":[{\"@type\":\"NewsArticle\",\"@id\":\"https:\\\/\\\/www.retaildetail.be\\\/fr\\\/news\\\/food\\\/frits-van-eerd-perd-ses-droits-de-vote-en-tant-quactionnaire-de-jumbo\\\/#article\",\"isPartOf\":{\"@id\":\"https:\\\/\\\/www.retaildetail.be\\\/fr\\\/news\\\/food\\\/frits-van-eerd-perd-ses-droits-de-vote-en-tant-quactionnaire-de-jumbo\\\/\"},\"author\":{\"name\":\"Stefan Van Rompaey\",\"@id\":\"https:\\\/\\\/www.retaildetail.be\\\/nl\\\/#\\\/schema\\\/person\\\/51aec6069c4416aa2f68b2e4ff3455df\"},\"headline\":\"Frits van Eerd perd ses droits de vote en tant qu&rsquo;actionnaire de Jumbo\",\"datePublished\":\"2025-09-02T15:03:06+00:00\",\"dateModified\":\"2025-09-02T15:07:51+00:00\",\"mainEntityOfPage\":{\"@id\":\"https:\\\/\\\/www.retaildetail.be\\\/fr\\\/news\\\/food\\\/frits-van-eerd-perd-ses-droits-de-vote-en-tant-quactionnaire-de-jumbo\\\/\"},\"wordCount\":295,\"publisher\":{\"@id\":\"https:\\\/\\\/www.retaildetail.be\\\/nl\\\/#organization\"},\"image\":{\"@id\":\"https:\\\/\\\/www.retaildetail.be\\\/fr\\\/news\\\/food\\\/frits-van-eerd-perd-ses-droits-de-vote-en-tant-quactionnaire-de-jumbo\\\/#primaryimage\"},\"thumbnailUrl\":\"https:\\\/\\\/www.retaildetail.be\\\/wp-content\\\/uploads\\\/2025\\\/09\\\/frits-van-eerd-jumbo-beeldbank-2021-1.webp\",\"articleSection\":[\"Food\",\"Food\"],\"inLanguage\":\"fr-FR\",\"copyrightYear\":\"2025\",\"copyrightHolder\":{\"@id\":\"https:\\\/\\\/www.retaildetail.be\\\/#organization\"}},{\"@type\":\"WebPage\",\"@id\":\"https:\\\/\\\/www.retaildetail.be\\\/fr\\\/news\\\/food\\\/frits-van-eerd-perd-ses-droits-de-vote-en-tant-quactionnaire-de-jumbo\\\/\",\"url\":\"https:\\\/\\\/www.retaildetail.be\\\/fr\\\/news\\\/food\\\/frits-van-eerd-perd-ses-droits-de-vote-en-tant-quactionnaire-de-jumbo\\\/\",\"name\":\"Frits van Eerd perd ses droits de vote en tant qu'actionnaire de Jumbo - RetailDetail BE\",\"isPartOf\":{\"@id\":\"https:\\\/\\\/www.retaildetail.be\\\/nl\\\/#website\"},\"primaryImageOfPage\":{\"@id\":\"https:\\\/\\\/www.retaildetail.be\\\/fr\\\/news\\\/food\\\/frits-van-eerd-perd-ses-droits-de-vote-en-tant-quactionnaire-de-jumbo\\\/#primaryimage\"},\"image\":{\"@id\":\"https:\\\/\\\/www.retaildetail.be\\\/fr\\\/news\\\/food\\\/frits-van-eerd-perd-ses-droits-de-vote-en-tant-quactionnaire-de-jumbo\\\/#primaryimage\"},\"thumbnailUrl\":\"https:\\\/\\\/www.retaildetail.be\\\/wp-content\\\/uploads\\\/2025\\\/09\\\/frits-van-eerd-jumbo-beeldbank-2021-1.webp\",\"datePublished\":\"2025-09-02T15:03:06+00:00\",\"dateModified\":\"2025-09-02T15:07:51+00:00\",\"description\":\"L'ancien CEO Frits van Eerd n'a plus voix au chapitre dans le processus d\u00e9cisionnel de Jumbo. C'est ce qu'a d\u00e9clar\u00e9 la cha\u00eene de supermarch\u00e9s n\u00e9erlandaise.\",\"breadcrumb\":{\"@id\":\"https:\\\/\\\/www.retaildetail.be\\\/fr\\\/news\\\/food\\\/frits-van-eerd-perd-ses-droits-de-vote-en-tant-quactionnaire-de-jumbo\\\/#breadcrumb\"},\"inLanguage\":\"fr-FR\",\"potentialAction\":[{\"@type\":\"ReadAction\",\"target\":[\"https:\\\/\\\/www.retaildetail.be\\\/fr\\\/news\\\/food\\\/frits-van-eerd-perd-ses-droits-de-vote-en-tant-quactionnaire-de-jumbo\\\/\"]}]},{\"@type\":\"ImageObject\",\"inLanguage\":\"fr-FR\",\"@id\":\"https:\\\/\\\/www.retaildetail.be\\\/fr\\\/news\\\/food\\\/frits-van-eerd-perd-ses-droits-de-vote-en-tant-quactionnaire-de-jumbo\\\/#primaryimage\",\"url\":\"https:\\\/\\\/www.retaildetail.be\\\/wp-content\\\/uploads\\\/2025\\\/09\\\/frits-van-eerd-jumbo-beeldbank-2021-1.webp\",\"contentUrl\":\"https:\\\/\\\/www.retaildetail.be\\\/wp-content\\\/uploads\\\/2025\\\/09\\\/frits-van-eerd-jumbo-beeldbank-2021-1.webp\",\"width\":1200,\"height\":800},{\"@type\":\"BreadcrumbList\",\"@id\":\"https:\\\/\\\/www.retaildetail.be\\\/fr\\\/news\\\/food\\\/frits-van-eerd-perd-ses-droits-de-vote-en-tant-quactionnaire-de-jumbo\\\/#breadcrumb\",\"itemListElement\":[{\"@type\":\"ListItem\",\"position\":1,\"name\":\"Home\",\"item\":\"https:\\\/\\\/www.retaildetail.be\\\/fr\\\/\"},{\"@type\":\"ListItem\",\"position\":2,\"name\":\"Frits van Eerd perd ses droits de vote en tant qu&#8217;actionnaire de Jumbo\"}]},{\"@type\":\"WebSite\",\"@id\":\"https:\\\/\\\/www.retaildetail.be\\\/nl\\\/#website\",\"url\":\"https:\\\/\\\/www.retaildetail.be\\\/nl\\\/\",\"name\":\"RetailDetail BE\",\"description\":\"News\",\"publisher\":{\"@id\":\"https:\\\/\\\/www.retaildetail.be\\\/nl\\\/#organization\"},\"potentialAction\":[{\"@type\":\"SearchAction\",\"target\":{\"@type\":\"EntryPoint\",\"urlTemplate\":\"https:\\\/\\\/www.retaildetail.be\\\/nl\\\/?s={search_term_string}\"},\"query-input\":{\"@type\":\"PropertyValueSpecification\",\"valueRequired\":true,\"valueName\":\"search_term_string\"}}],\"inLanguage\":\"fr-FR\"},{\"@type\":\"Organization\",\"@id\":\"https:\\\/\\\/www.retaildetail.be\\\/nl\\\/#organization\",\"name\":\"RetailDetail BE\",\"url\":\"https:\\\/\\\/www.retaildetail.be\\\/nl\\\/\",\"logo\":{\"@type\":\"ImageObject\",\"inLanguage\":\"fr-FR\",\"@id\":\"https:\\\/\\\/www.retaildetail.be\\\/nl\\\/#\\\/schema\\\/logo\\\/image\\\/\",\"url\":\"https:\\\/\\\/www.retaildetail.be\\\/wp-content\\\/uploads\\\/2022\\\/04\\\/logo.svg\",\"contentUrl\":\"https:\\\/\\\/www.retaildetail.be\\\/wp-content\\\/uploads\\\/2022\\\/04\\\/logo.svg\",\"width\":131,\"height\":70,\"caption\":\"RetailDetail BE\"},\"image\":{\"@id\":\"https:\\\/\\\/www.retaildetail.be\\\/nl\\\/#\\\/schema\\\/logo\\\/image\\\/\"}},{\"@type\":\"Person\",\"@id\":\"https:\\\/\\\/www.retaildetail.be\\\/nl\\\/#\\\/schema\\\/person\\\/51aec6069c4416aa2f68b2e4ff3455df\",\"name\":\"Stefan Van Rompaey\",\"image\":{\"@type\":\"ImageObject\",\"inLanguage\":\"fr-FR\",\"@id\":\"https:\\\/\\\/secure.gravatar.com\\\/avatar\\\/fbbb4a80a0f109888b2a5ab8ae255617499ecde533749b3ab2fa6c23b5d65dac?s=96&d=mm&r=g\",\"url\":\"https:\\\/\\\/secure.gravatar.com\\\/avatar\\\/fbbb4a80a0f109888b2a5ab8ae255617499ecde533749b3ab2fa6c23b5d65dac?s=96&d=mm&r=g\",\"contentUrl\":\"https:\\\/\\\/secure.gravatar.com\\\/avatar\\\/fbbb4a80a0f109888b2a5ab8ae255617499ecde533749b3ab2fa6c23b5d65dac?s=96&d=mm&r=g\",\"caption\":\"Stefan Van Rompaey\"},\"url\":\"https:\\\/\\\/www.retaildetail.be\\\/fr\\\/author\\\/stefanvanrompaey\\\/\"}]}<\/script>\n<!-- \/ Yoast SEO plugin. -->","yoast_head_json":{"title":"Frits van Eerd perd ses droits de vote en tant qu'actionnaire de Jumbo - RetailDetail BE","description":"L'ancien CEO Frits van Eerd n'a plus voix au chapitre dans le processus d\u00e9cisionnel de Jumbo. C'est ce qu'a d\u00e9clar\u00e9 la cha\u00eene de supermarch\u00e9s n\u00e9erlandaise.","robots":{"index":"index","follow":"follow","max-snippet":"max-snippet:-1","max-image-preview":"max-image-preview:large","max-video-preview":"max-video-preview:-1"},"canonical":"https:\/\/www.retaildetail.be\/fr\/news\/food\/frits-van-eerd-perd-ses-droits-de-vote-en-tant-quactionnaire-de-jumbo\/","og_locale":"fr_FR","og_type":"article","og_title":"Frits van Eerd perd ses droits de vote en tant qu'actionnaire de Jumbo - RetailDetail BE","og_description":"L'ancien CEO Frits van Eerd n'a plus voix au chapitre dans le processus d\u00e9cisionnel de Jumbo. C'est ce qu'a d\u00e9clar\u00e9 la cha\u00eene de supermarch\u00e9s n\u00e9erlandaise.","og_url":"https:\/\/www.retaildetail.be\/fr\/news\/food\/frits-van-eerd-perd-ses-droits-de-vote-en-tant-quactionnaire-de-jumbo\/","og_site_name":"RetailDetail BE","article_published_time":"2025-09-02T15:03:06+00:00","article_modified_time":"2025-09-02T15:07:51+00:00","og_image":[{"width":1200,"height":800,"url":"https:\/\/www.retaildetail.be\/wp-content\/uploads\/2025\/09\/frits-van-eerd-jumbo-beeldbank-2021-1.webp","type":"image\/webp"}],"author":"Stefan Van Rompaey","twitter_card":"summary_large_image","twitter_misc":{"\u00c9crit par":"Stefan Van Rompaey","Dur\u00e9e de lecture estim\u00e9e":"1 minute"},"schema":{"@context":"https:\/\/schema.org","@graph":[{"@type":"NewsArticle","@id":"https:\/\/www.retaildetail.be\/fr\/news\/food\/frits-van-eerd-perd-ses-droits-de-vote-en-tant-quactionnaire-de-jumbo\/#article","isPartOf":{"@id":"https:\/\/www.retaildetail.be\/fr\/news\/food\/frits-van-eerd-perd-ses-droits-de-vote-en-tant-quactionnaire-de-jumbo\/"},"author":{"name":"Stefan Van Rompaey","@id":"https:\/\/www.retaildetail.be\/nl\/#\/schema\/person\/51aec6069c4416aa2f68b2e4ff3455df"},"headline":"Frits van Eerd perd ses droits de vote en tant qu&rsquo;actionnaire de Jumbo","datePublished":"2025-09-02T15:03:06+00:00","dateModified":"2025-09-02T15:07:51+00:00","mainEntityOfPage":{"@id":"https:\/\/www.retaildetail.be\/fr\/news\/food\/frits-van-eerd-perd-ses-droits-de-vote-en-tant-quactionnaire-de-jumbo\/"},"wordCount":295,"publisher":{"@id":"https:\/\/www.retaildetail.be\/nl\/#organization"},"image":{"@id":"https:\/\/www.retaildetail.be\/fr\/news\/food\/frits-van-eerd-perd-ses-droits-de-vote-en-tant-quactionnaire-de-jumbo\/#primaryimage"},"thumbnailUrl":"https:\/\/www.retaildetail.be\/wp-content\/uploads\/2025\/09\/frits-van-eerd-jumbo-beeldbank-2021-1.webp","articleSection":["Food","Food"],"inLanguage":"fr-FR","copyrightYear":"2025","copyrightHolder":{"@id":"https:\/\/www.retaildetail.be\/#organization"}},{"@type":"WebPage","@id":"https:\/\/www.retaildetail.be\/fr\/news\/food\/frits-van-eerd-perd-ses-droits-de-vote-en-tant-quactionnaire-de-jumbo\/","url":"https:\/\/www.retaildetail.be\/fr\/news\/food\/frits-van-eerd-perd-ses-droits-de-vote-en-tant-quactionnaire-de-jumbo\/","name":"Frits van Eerd perd ses droits de vote en tant qu'actionnaire de Jumbo - RetailDetail BE","isPartOf":{"@id":"https:\/\/www.retaildetail.be\/nl\/#website"},"primaryImageOfPage":{"@id":"https:\/\/www.retaildetail.be\/fr\/news\/food\/frits-van-eerd-perd-ses-droits-de-vote-en-tant-quactionnaire-de-jumbo\/#primaryimage"},"image":{"@id":"https:\/\/www.retaildetail.be\/fr\/news\/food\/frits-van-eerd-perd-ses-droits-de-vote-en-tant-quactionnaire-de-jumbo\/#primaryimage"},"thumbnailUrl":"https:\/\/www.retaildetail.be\/wp-content\/uploads\/2025\/09\/frits-van-eerd-jumbo-beeldbank-2021-1.webp","datePublished":"2025-09-02T15:03:06+00:00","dateModified":"2025-09-02T15:07:51+00:00","description":"L'ancien CEO Frits van Eerd n'a plus voix au chapitre dans le processus d\u00e9cisionnel de Jumbo. C'est ce qu'a d\u00e9clar\u00e9 la cha\u00eene de supermarch\u00e9s n\u00e9erlandaise.","breadcrumb":{"@id":"https:\/\/www.retaildetail.be\/fr\/news\/food\/frits-van-eerd-perd-ses-droits-de-vote-en-tant-quactionnaire-de-jumbo\/#breadcrumb"},"inLanguage":"fr-FR","potentialAction":[{"@type":"ReadAction","target":["https:\/\/www.retaildetail.be\/fr\/news\/food\/frits-van-eerd-perd-ses-droits-de-vote-en-tant-quactionnaire-de-jumbo\/"]}]},{"@type":"ImageObject","inLanguage":"fr-FR","@id":"https:\/\/www.retaildetail.be\/fr\/news\/food\/frits-van-eerd-perd-ses-droits-de-vote-en-tant-quactionnaire-de-jumbo\/#primaryimage","url":"https:\/\/www.retaildetail.be\/wp-content\/uploads\/2025\/09\/frits-van-eerd-jumbo-beeldbank-2021-1.webp","contentUrl":"https:\/\/www.retaildetail.be\/wp-content\/uploads\/2025\/09\/frits-van-eerd-jumbo-beeldbank-2021-1.webp","width":1200,"height":800},{"@type":"BreadcrumbList","@id":"https:\/\/www.retaildetail.be\/fr\/news\/food\/frits-van-eerd-perd-ses-droits-de-vote-en-tant-quactionnaire-de-jumbo\/#breadcrumb","itemListElement":[{"@type":"ListItem","position":1,"name":"Home","item":"https:\/\/www.retaildetail.be\/fr\/"},{"@type":"ListItem","position":2,"name":"Frits van Eerd perd ses droits de vote en tant qu&#8217;actionnaire de Jumbo"}]},{"@type":"WebSite","@id":"https:\/\/www.retaildetail.be\/nl\/#website","url":"https:\/\/www.retaildetail.be\/nl\/","name":"RetailDetail BE","description":"News","publisher":{"@id":"https:\/\/www.retaildetail.be\/nl\/#organization"},"potentialAction":[{"@type":"SearchAction","target":{"@type":"EntryPoint","urlTemplate":"https:\/\/www.retaildetail.be\/nl\/?s={search_term_string}"},"query-input":{"@type":"PropertyValueSpecification","valueRequired":true,"valueName":"search_term_string"}}],"inLanguage":"fr-FR"},{"@type":"Organization","@id":"https:\/\/www.retaildetail.be\/nl\/#organization","name":"RetailDetail BE","url":"https:\/\/www.retaildetail.be\/nl\/","logo":{"@type":"ImageObject","inLanguage":"fr-FR","@id":"https:\/\/www.retaildetail.be\/nl\/#\/schema\/logo\/image\/","url":"https:\/\/www.retaildetail.be\/wp-content\/uploads\/2022\/04\/logo.svg","contentUrl":"https:\/\/www.retaildetail.be\/wp-content\/uploads\/2022\/04\/logo.svg","width":131,"height":70,"caption":"RetailDetail BE"},"image":{"@id":"https:\/\/www.retaildetail.be\/nl\/#\/schema\/logo\/image\/"}},{"@type":"Person","@id":"https:\/\/www.retaildetail.be\/nl\/#\/schema\/person\/51aec6069c4416aa2f68b2e4ff3455df","name":"Stefan Van Rompaey","image":{"@type":"ImageObject","inLanguage":"fr-FR","@id":"https:\/\/secure.gravatar.com\/avatar\/fbbb4a80a0f109888b2a5ab8ae255617499ecde533749b3ab2fa6c23b5d65dac?s=96&d=mm&r=g","url":"https:\/\/secure.gravatar.com\/avatar\/fbbb4a80a0f109888b2a5ab8ae255617499ecde533749b3ab2fa6c23b5d65dac?s=96&d=mm&r=g","contentUrl":"https:\/\/secure.gravatar.com\/avatar\/fbbb4a80a0f109888b2a5ab8ae255617499ecde533749b3ab2fa6c23b5d65dac?s=96&d=mm&r=g","caption":"Stefan Van Rompaey"},"url":"https:\/\/www.retaildetail.be\/fr\/author\/stefanvanrompaey\/"}]}},"jetpack_featured_media_url":"https:\/\/www.retaildetail.be\/wp-content\/uploads\/2025\/09\/frits-van-eerd-jumbo-beeldbank-2021-1.webp","jetpack_sharing_enabled":true,"_links":{"self":[{"href":"https:\/\/www.retaildetail.be\/fr\/wp-json\/wp\/v2\/posts\/127033","targetHints":{"allow":["GET"]}}],"collection":[{"href":"https:\/\/www.retaildetail.be\/fr\/wp-json\/wp\/v2\/posts"}],"about":[{"href":"https:\/\/www.retaildetail.be\/fr\/wp-json\/wp\/v2\/types\/post"}],"author":[{"embeddable":true,"href":"https:\/\/www.retaildetail.be\/fr\/wp-json\/wp\/v2\/users\/3"}],"replies":[{"embeddable":true,"href":"https:\/\/www.retaildetail.be\/fr\/wp-json\/wp\/v2\/comments?post=127033"}],"version-history":[{"count":2,"href":"https:\/\/www.retaildetail.be\/fr\/wp-json\/wp\/v2\/posts\/127033\/revisions"}],"predecessor-version":[{"id":127040,"href":"https:\/\/www.retaildetail.be\/fr\/wp-json\/wp\/v2\/posts\/127033\/revisions\/127040"}],"wp:featuredmedia":[{"embeddable":true,"href":"https:\/\/www.retaildetail.be\/fr\/wp-json\/wp\/v2\/media\/127034"}],"wp:attachment":[{"href":"https:\/\/www.retaildetail.be\/fr\/wp-json\/wp\/v2\/media?parent=127033"}],"wp:term":[{"taxonomy":"category","embeddable":true,"href":"https:\/\/www.retaildetail.be\/fr\/wp-json\/wp\/v2\/categories?post=127033"},{"taxonomy":"post_tag","embeddable":true,"href":"https:\/\/www.retaildetail.be\/fr\/wp-json\/wp\/v2\/tags?post=127033"},{"taxonomy":"people","embeddable":true,"href":"https:\/\/www.retaildetail.be\/fr\/wp-json\/wp\/v2\/people?post=127033"},{"taxonomy":"extra","embeddable":true,"href":"https:\/\/www.retaildetail.be\/fr\/wp-json\/wp\/v2\/extra?post=127033"},{"taxonomy":"company","embeddable":true,"href":"https:\/\/www.retaildetail.be\/fr\/wp-json\/wp\/v2\/company?post=127033"},{"taxonomy":"topic","embeddable":true,"href":"https:\/\/www.retaildetail.be\/fr\/wp-json\/wp\/v2\/topic?post=127033"},{"taxonomy":"region","embeddable":true,"href":"https:\/\/www.retaildetail.be\/fr\/wp-json\/wp\/v2\/region?post=127033"}],"curies":[{"name":"wp","href":"https:\/\/api.w.org\/{rel}","templated":true}]}}