{"id":127274,"date":"2025-09-04T11:14:51","date_gmt":"2025-09-04T09:14:51","guid":{"rendered":"https:\/\/www.retaildetail.be\/?p=127274"},"modified":"2025-09-04T11:15:16","modified_gmt":"2025-09-04T09:15:16","slug":"la-france-impose-une-amende-record-de-150-millions-deuros-a-shein","status":"publish","type":"post","link":"https:\/\/www.retaildetail.be\/fr\/news\/general\/la-france-impose-une-amende-record-de-150-millions-deuros-a-shein\/","title":{"rendered":"La France impose une amende record de 150 millions d&rsquo;euros \u00e0 Shein"},"content":{"rendered":"\n<p>La Cnil (Commission nationale de l&rsquo;informatique et des libert\u00e9s) condamne <strong>Shein<\/strong> \u00e0 une amende de 150 millions d&rsquo;euros pour non-respect de la l\u00e9gislation sur les cookies. Il s&rsquo;agit de l&rsquo;une des sanctions les plus lourdes inflig\u00e9es \u00e0 ce jour dans ce domaine. La plateforme chinoise fait appel. <\/p>\n\n\n\n<h2 class=\"wp-block-heading\">\u00ab\u00a0Une sanction colossale\u00a0\u00bb<\/h2>\n\n\n\n<p>L&rsquo;annonce de l&rsquo;amende inflig\u00e9e \u00e0 l&rsquo;application de shopping chinoise <a href=\"https:\/\/www.retaildetail.be\/fr\/news\/mode\/shein-risque-150-millions-damende-pour-des-cookies-sans-autorisation\/\">avait d\u00e9j\u00e0 \u00e9t\u00e9 faite en juin<\/a> et a \u00e9t\u00e9 confirm\u00e9e hier. Le r\u00e9gulateur a constat\u00e9 que Shein avait plac\u00e9 des cookies de suivi sans le consentement des utilisateurs, sans respecter leur choix ni les informer correctement. L&rsquo;autorit\u00e9 avait d\u00e9j\u00e0 inflig\u00e9 une amende record de 325 millions d&rsquo;euros \u00e0 <strong>Google<\/strong> pour des griefs similaires. Selon l&rsquo;autorit\u00e9, il s&rsquo;agit des deux sanctions les plus importantes qu&rsquo;elle ait jamais prononc\u00e9es, \u00e0 l&rsquo;exception d&rsquo;une amende de 150 millions d&rsquo;euros inflig\u00e9e \u00e0 Google en 2022, \u00e9galement pour des cookies.<\/p>\n\n\n\n<p>La Cnil justifie cette amende exceptionnellement lourde en se r\u00e9f\u00e9rant au fait que la l\u00e9gislation pertinente est en place depuis longtemps, en particulier la <em>loi Informatique et Libert\u00e9s<\/em>, que l&rsquo;entreprise ne pouvait pas ignorer. \u00ab\u00a0Depuis 2020, le comit\u00e9 restreint de la Cnil a sanctionn\u00e9 \u00e0 plusieurs reprises des organisations pour des manquements similaires et a rendu ses d\u00e9cisions publiques\u00a0\u00bb, a d\u00e9clar\u00e9 l&rsquo;institution dans un communiqu\u00e9 de presse. La Cnil a qualifi\u00e9 la sanction de \u00ab\u00a0colossale\u00a0\u00bb, compte tenu du nombre tr\u00e8s \u00e9lev\u00e9 d&rsquo;utilisateurs potentiellement touch\u00e9s : 12 millions d&rsquo;utilisateurs fran\u00e7ais en moyenne par mois. En attendant, Shein a tranch\u00e9 en r\u00e8gle.<\/p>\n\n\n\n<h2 class=\"wp-block-heading\">Shein fait appel<\/h2>\n\n\n\n<p>La soci\u00e9t\u00e9 chinoise \u00ab\u00a0conteste fermement\u00a0\u00bb cette d\u00e9cision \u00ab\u00a0et fera appel devant le Conseil d&rsquo;\u00c9tat et la Cour de justice de l&rsquo;Union europ\u00e9enne\u00a0\u00bb. Shein qualifie l&rsquo;amende de disproportionn\u00e9e et souligne les mesures prises et la conformit\u00e9 actuelle.<\/p>\n\n\n\n<p>\u00ab\u00a0Nous estimons que l&rsquo;amende est totalement disproportionn\u00e9e, compte tenu de la nature des probl\u00e8mes all\u00e9gu\u00e9s, de notre conformit\u00e9 actuelle et des mesures correctives proactives que nous avons prises\u00a0\u00bb, a d\u00e9clar\u00e9 Shein. \u00ab\u00a0La s\u00e9v\u00e9rit\u00e9 de la sanction semble \u00eatre motiv\u00e9e par des consid\u00e9rations politiques plut\u00f4t que par une application juste et \u00e9quilibr\u00e9e de la r\u00e9glementation\u00a0\u00bb, juge l&rsquo;entreprise. Rappelant qu&rsquo;elle a \u00ab\u00a0pleinement coop\u00e9r\u00e9 avec la Cnil\u00a0\u00bb depuis ao\u00fbt 2023, Shein regrette qu'\u00a0\u00bbaucun avertissement n&rsquo;ait \u00e9t\u00e9 donn\u00e9\u00a0\u00bb avant la notification formelle.<\/p>\n\n\n\n<p><\/p>\n","protected":false},"excerpt":{"rendered":"<p>La Cnil (Commission nationale de l&rsquo;informatique et des libert\u00e9s) condamne Shein \u00e0 une amende de 150 millions d&rsquo;euros pour non-respect de la l\u00e9gislation sur les cookies. Il s&rsquo;agit de l&rsquo;une des sanctions les plus lourdes inflig\u00e9es \u00e0 ce jour dans ce domaine. La plateforme chinoise fait appel. <\/p>\n","protected":false},"author":10,"featured_media":127275,"comment_status":"closed","ping_status":"closed","sticky":false,"template":"","format":"standard","meta":{"_acf_changed":false,"inline_featured_image":false,"_jetpack_memberships_contains_paid_content":false,"footnotes":""},"categories":[15,25],"tags":[],"people":[],"extra":[43],"company":[571],"topic":[710,756],"region":[342],"class_list":["post-127274","post","type-post","status-publish","format-standard","has-post-thumbnail","hentry","category-algemeen","category-general","extra-plus","company-shein","topic-legislation","topic-litige","region-france"],"acf":[],"yoast_head":"<!-- This site is optimized with the Yoast SEO plugin v27.3 - https:\/\/yoast.com\/product\/yoast-seo-wordpress\/ -->\n<title>La France impose une amende record de 150 millions d&#039;euros \u00e0 Shein - RetailDetail BE<\/title>\n<meta name=\"description\" content=\"La Cnil condamne Shein \u00e0 une amende de 150 millions d&#039;euros pour non-respect de la l\u00e9gislation sur les cookies.\" \/>\n<meta name=\"robots\" content=\"index, follow, max-snippet:-1, max-image-preview:large, max-video-preview:-1\" \/>\n<link rel=\"canonical\" href=\"https:\/\/www.retaildetail.be\/fr\/news\/general\/la-france-impose-une-amende-record-de-150-millions-deuros-a-shein\/\" \/>\n<meta property=\"og:locale\" content=\"fr_FR\" \/>\n<meta property=\"og:type\" content=\"article\" \/>\n<meta property=\"og:title\" content=\"La France impose une amende record de 150 millions d&#039;euros \u00e0 Shein - RetailDetail BE\" \/>\n<meta property=\"og:description\" content=\"La Cnil condamne Shein \u00e0 une amende de 150 millions d&#039;euros pour non-respect de la l\u00e9gislation sur les cookies.\" \/>\n<meta property=\"og:url\" content=\"https:\/\/www.retaildetail.be\/fr\/news\/general\/la-france-impose-une-amende-record-de-150-millions-deuros-a-shein\/\" \/>\n<meta property=\"og:site_name\" content=\"RetailDetail BE\" \/>\n<meta property=\"article:published_time\" content=\"2025-09-04T09:14:51+00:00\" \/>\n<meta property=\"article:modified_time\" content=\"2025-09-04T09:15:16+00:00\" \/>\n<meta property=\"og:image\" content=\"https:\/\/www.retaildetail.be\/wp-content\/uploads\/2025\/09\/shutterstock_shein.jpg\" \/>\n\t<meta property=\"og:image:width\" content=\"1000\" \/>\n\t<meta property=\"og:image:height\" content=\"667\" \/>\n\t<meta property=\"og:image:type\" content=\"image\/jpeg\" \/>\n<meta name=\"author\" content=\"Jorg Snoeck\" \/>\n<meta name=\"twitter:card\" content=\"summary_large_image\" \/>\n<meta name=\"twitter:label1\" content=\"\u00c9crit par\" \/>\n\t<meta name=\"twitter:data1\" content=\"Jorg Snoeck\" \/>\n\t<meta name=\"twitter:label2\" content=\"Dur\u00e9e de lecture estim\u00e9e\" \/>\n\t<meta name=\"twitter:data2\" content=\"2 minutes\" \/>\n<script type=\"application\/ld+json\" class=\"yoast-schema-graph\">{\"@context\":\"https:\\\/\\\/schema.org\",\"@graph\":[{\"@type\":\"NewsArticle\",\"@id\":\"https:\\\/\\\/www.retaildetail.be\\\/fr\\\/news\\\/general\\\/la-france-impose-une-amende-record-de-150-millions-deuros-a-shein\\\/#article\",\"isPartOf\":{\"@id\":\"https:\\\/\\\/www.retaildetail.be\\\/fr\\\/news\\\/general\\\/la-france-impose-une-amende-record-de-150-millions-deuros-a-shein\\\/\"},\"author\":{\"name\":\"Jorg Snoeck\",\"@id\":\"https:\\\/\\\/www.retaildetail.be\\\/nl\\\/#\\\/schema\\\/person\\\/71d9b89376db00e9b1aa8a2841e71a72\"},\"headline\":\"La France impose une amende record de 150 millions d&rsquo;euros \u00e0 Shein\",\"datePublished\":\"2025-09-04T09:14:51+00:00\",\"dateModified\":\"2025-09-04T09:15:16+00:00\",\"mainEntityOfPage\":{\"@id\":\"https:\\\/\\\/www.retaildetail.be\\\/fr\\\/news\\\/general\\\/la-france-impose-une-amende-record-de-150-millions-deuros-a-shein\\\/\"},\"wordCount\":421,\"publisher\":{\"@id\":\"https:\\\/\\\/www.retaildetail.be\\\/nl\\\/#organization\"},\"image\":{\"@id\":\"https:\\\/\\\/www.retaildetail.be\\\/fr\\\/news\\\/general\\\/la-france-impose-une-amende-record-de-150-millions-deuros-a-shein\\\/#primaryimage\"},\"thumbnailUrl\":\"https:\\\/\\\/www.retaildetail.be\\\/wp-content\\\/uploads\\\/2025\\\/09\\\/shutterstock_shein.jpg\",\"articleSection\":[\"Algemeen\",\"G\u00e9n\u00e9ral\"],\"inLanguage\":\"fr-FR\",\"copyrightYear\":\"2025\",\"copyrightHolder\":{\"@id\":\"https:\\\/\\\/www.retaildetail.be\\\/#organization\"}},{\"@type\":\"WebPage\",\"@id\":\"https:\\\/\\\/www.retaildetail.be\\\/fr\\\/news\\\/general\\\/la-france-impose-une-amende-record-de-150-millions-deuros-a-shein\\\/\",\"url\":\"https:\\\/\\\/www.retaildetail.be\\\/fr\\\/news\\\/general\\\/la-france-impose-une-amende-record-de-150-millions-deuros-a-shein\\\/\",\"name\":\"La France impose une amende record de 150 millions d'euros \u00e0 Shein - RetailDetail BE\",\"isPartOf\":{\"@id\":\"https:\\\/\\\/www.retaildetail.be\\\/nl\\\/#website\"},\"primaryImageOfPage\":{\"@id\":\"https:\\\/\\\/www.retaildetail.be\\\/fr\\\/news\\\/general\\\/la-france-impose-une-amende-record-de-150-millions-deuros-a-shein\\\/#primaryimage\"},\"image\":{\"@id\":\"https:\\\/\\\/www.retaildetail.be\\\/fr\\\/news\\\/general\\\/la-france-impose-une-amende-record-de-150-millions-deuros-a-shein\\\/#primaryimage\"},\"thumbnailUrl\":\"https:\\\/\\\/www.retaildetail.be\\\/wp-content\\\/uploads\\\/2025\\\/09\\\/shutterstock_shein.jpg\",\"datePublished\":\"2025-09-04T09:14:51+00:00\",\"dateModified\":\"2025-09-04T09:15:16+00:00\",\"description\":\"La Cnil condamne Shein \u00e0 une amende de 150 millions d'euros pour non-respect de la l\u00e9gislation sur les cookies.\",\"breadcrumb\":{\"@id\":\"https:\\\/\\\/www.retaildetail.be\\\/fr\\\/news\\\/general\\\/la-france-impose-une-amende-record-de-150-millions-deuros-a-shein\\\/#breadcrumb\"},\"inLanguage\":\"fr-FR\",\"potentialAction\":[{\"@type\":\"ReadAction\",\"target\":[\"https:\\\/\\\/www.retaildetail.be\\\/fr\\\/news\\\/general\\\/la-france-impose-une-amende-record-de-150-millions-deuros-a-shein\\\/\"]}]},{\"@type\":\"ImageObject\",\"inLanguage\":\"fr-FR\",\"@id\":\"https:\\\/\\\/www.retaildetail.be\\\/fr\\\/news\\\/general\\\/la-france-impose-une-amende-record-de-150-millions-deuros-a-shein\\\/#primaryimage\",\"url\":\"https:\\\/\\\/www.retaildetail.be\\\/wp-content\\\/uploads\\\/2025\\\/09\\\/shutterstock_shein.jpg\",\"contentUrl\":\"https:\\\/\\\/www.retaildetail.be\\\/wp-content\\\/uploads\\\/2025\\\/09\\\/shutterstock_shein.jpg\",\"width\":1000,\"height\":667,\"caption\":\"\u00a9 Graffitimi \\\/ Shutterstock.com\"},{\"@type\":\"BreadcrumbList\",\"@id\":\"https:\\\/\\\/www.retaildetail.be\\\/fr\\\/news\\\/general\\\/la-france-impose-une-amende-record-de-150-millions-deuros-a-shein\\\/#breadcrumb\",\"itemListElement\":[{\"@type\":\"ListItem\",\"position\":1,\"name\":\"Home\",\"item\":\"https:\\\/\\\/www.retaildetail.be\\\/fr\\\/\"},{\"@type\":\"ListItem\",\"position\":2,\"name\":\"La France impose une amende record de 150 millions d&#8217;euros \u00e0 Shein\"}]},{\"@type\":\"WebSite\",\"@id\":\"https:\\\/\\\/www.retaildetail.be\\\/nl\\\/#website\",\"url\":\"https:\\\/\\\/www.retaildetail.be\\\/nl\\\/\",\"name\":\"RetailDetail BE\",\"description\":\"News\",\"publisher\":{\"@id\":\"https:\\\/\\\/www.retaildetail.be\\\/nl\\\/#organization\"},\"potentialAction\":[{\"@type\":\"SearchAction\",\"target\":{\"@type\":\"EntryPoint\",\"urlTemplate\":\"https:\\\/\\\/www.retaildetail.be\\\/nl\\\/?s={search_term_string}\"},\"query-input\":{\"@type\":\"PropertyValueSpecification\",\"valueRequired\":true,\"valueName\":\"search_term_string\"}}],\"inLanguage\":\"fr-FR\"},{\"@type\":\"Organization\",\"@id\":\"https:\\\/\\\/www.retaildetail.be\\\/nl\\\/#organization\",\"name\":\"RetailDetail BE\",\"url\":\"https:\\\/\\\/www.retaildetail.be\\\/nl\\\/\",\"logo\":{\"@type\":\"ImageObject\",\"inLanguage\":\"fr-FR\",\"@id\":\"https:\\\/\\\/www.retaildetail.be\\\/nl\\\/#\\\/schema\\\/logo\\\/image\\\/\",\"url\":\"https:\\\/\\\/www.retaildetail.be\\\/wp-content\\\/uploads\\\/2022\\\/04\\\/logo.svg\",\"contentUrl\":\"https:\\\/\\\/www.retaildetail.be\\\/wp-content\\\/uploads\\\/2022\\\/04\\\/logo.svg\",\"width\":131,\"height\":70,\"caption\":\"RetailDetail BE\"},\"image\":{\"@id\":\"https:\\\/\\\/www.retaildetail.be\\\/nl\\\/#\\\/schema\\\/logo\\\/image\\\/\"}},{\"@type\":\"Person\",\"@id\":\"https:\\\/\\\/www.retaildetail.be\\\/nl\\\/#\\\/schema\\\/person\\\/71d9b89376db00e9b1aa8a2841e71a72\",\"name\":\"Jorg Snoeck\",\"image\":{\"@type\":\"ImageObject\",\"inLanguage\":\"fr-FR\",\"@id\":\"https:\\\/\\\/secure.gravatar.com\\\/avatar\\\/fc1bd94c7d40f2446e6bf778bb34cf9ab000168f63533cec8e072f4ad96ce7f3?s=96&d=mm&r=g\",\"url\":\"https:\\\/\\\/secure.gravatar.com\\\/avatar\\\/fc1bd94c7d40f2446e6bf778bb34cf9ab000168f63533cec8e072f4ad96ce7f3?s=96&d=mm&r=g\",\"contentUrl\":\"https:\\\/\\\/secure.gravatar.com\\\/avatar\\\/fc1bd94c7d40f2446e6bf778bb34cf9ab000168f63533cec8e072f4ad96ce7f3?s=96&d=mm&r=g\",\"caption\":\"Jorg Snoeck\"},\"url\":\"https:\\\/\\\/www.retaildetail.be\\\/fr\\\/author\\\/jorgsnoeck\\\/\"}]}<\/script>\n<!-- \/ Yoast SEO plugin. -->","yoast_head_json":{"title":"La France impose une amende record de 150 millions d'euros \u00e0 Shein - RetailDetail BE","description":"La Cnil condamne Shein \u00e0 une amende de 150 millions d'euros pour non-respect de la l\u00e9gislation sur les cookies.","robots":{"index":"index","follow":"follow","max-snippet":"max-snippet:-1","max-image-preview":"max-image-preview:large","max-video-preview":"max-video-preview:-1"},"canonical":"https:\/\/www.retaildetail.be\/fr\/news\/general\/la-france-impose-une-amende-record-de-150-millions-deuros-a-shein\/","og_locale":"fr_FR","og_type":"article","og_title":"La France impose une amende record de 150 millions d'euros \u00e0 Shein - RetailDetail BE","og_description":"La Cnil condamne Shein \u00e0 une amende de 150 millions d'euros pour non-respect de la l\u00e9gislation sur les cookies.","og_url":"https:\/\/www.retaildetail.be\/fr\/news\/general\/la-france-impose-une-amende-record-de-150-millions-deuros-a-shein\/","og_site_name":"RetailDetail BE","article_published_time":"2025-09-04T09:14:51+00:00","article_modified_time":"2025-09-04T09:15:16+00:00","og_image":[{"width":1000,"height":667,"url":"https:\/\/www.retaildetail.be\/wp-content\/uploads\/2025\/09\/shutterstock_shein.jpg","type":"image\/jpeg"}],"author":"Jorg Snoeck","twitter_card":"summary_large_image","twitter_misc":{"\u00c9crit par":"Jorg Snoeck","Dur\u00e9e de lecture estim\u00e9e":"2 minutes"},"schema":{"@context":"https:\/\/schema.org","@graph":[{"@type":"NewsArticle","@id":"https:\/\/www.retaildetail.be\/fr\/news\/general\/la-france-impose-une-amende-record-de-150-millions-deuros-a-shein\/#article","isPartOf":{"@id":"https:\/\/www.retaildetail.be\/fr\/news\/general\/la-france-impose-une-amende-record-de-150-millions-deuros-a-shein\/"},"author":{"name":"Jorg Snoeck","@id":"https:\/\/www.retaildetail.be\/nl\/#\/schema\/person\/71d9b89376db00e9b1aa8a2841e71a72"},"headline":"La France impose une amende record de 150 millions d&rsquo;euros \u00e0 Shein","datePublished":"2025-09-04T09:14:51+00:00","dateModified":"2025-09-04T09:15:16+00:00","mainEntityOfPage":{"@id":"https:\/\/www.retaildetail.be\/fr\/news\/general\/la-france-impose-une-amende-record-de-150-millions-deuros-a-shein\/"},"wordCount":421,"publisher":{"@id":"https:\/\/www.retaildetail.be\/nl\/#organization"},"image":{"@id":"https:\/\/www.retaildetail.be\/fr\/news\/general\/la-france-impose-une-amende-record-de-150-millions-deuros-a-shein\/#primaryimage"},"thumbnailUrl":"https:\/\/www.retaildetail.be\/wp-content\/uploads\/2025\/09\/shutterstock_shein.jpg","articleSection":["Algemeen","G\u00e9n\u00e9ral"],"inLanguage":"fr-FR","copyrightYear":"2025","copyrightHolder":{"@id":"https:\/\/www.retaildetail.be\/#organization"}},{"@type":"WebPage","@id":"https:\/\/www.retaildetail.be\/fr\/news\/general\/la-france-impose-une-amende-record-de-150-millions-deuros-a-shein\/","url":"https:\/\/www.retaildetail.be\/fr\/news\/general\/la-france-impose-une-amende-record-de-150-millions-deuros-a-shein\/","name":"La France impose une amende record de 150 millions d'euros \u00e0 Shein - RetailDetail BE","isPartOf":{"@id":"https:\/\/www.retaildetail.be\/nl\/#website"},"primaryImageOfPage":{"@id":"https:\/\/www.retaildetail.be\/fr\/news\/general\/la-france-impose-une-amende-record-de-150-millions-deuros-a-shein\/#primaryimage"},"image":{"@id":"https:\/\/www.retaildetail.be\/fr\/news\/general\/la-france-impose-une-amende-record-de-150-millions-deuros-a-shein\/#primaryimage"},"thumbnailUrl":"https:\/\/www.retaildetail.be\/wp-content\/uploads\/2025\/09\/shutterstock_shein.jpg","datePublished":"2025-09-04T09:14:51+00:00","dateModified":"2025-09-04T09:15:16+00:00","description":"La Cnil condamne Shein \u00e0 une amende de 150 millions d'euros pour non-respect de la l\u00e9gislation sur les cookies.","breadcrumb":{"@id":"https:\/\/www.retaildetail.be\/fr\/news\/general\/la-france-impose-une-amende-record-de-150-millions-deuros-a-shein\/#breadcrumb"},"inLanguage":"fr-FR","potentialAction":[{"@type":"ReadAction","target":["https:\/\/www.retaildetail.be\/fr\/news\/general\/la-france-impose-une-amende-record-de-150-millions-deuros-a-shein\/"]}]},{"@type":"ImageObject","inLanguage":"fr-FR","@id":"https:\/\/www.retaildetail.be\/fr\/news\/general\/la-france-impose-une-amende-record-de-150-millions-deuros-a-shein\/#primaryimage","url":"https:\/\/www.retaildetail.be\/wp-content\/uploads\/2025\/09\/shutterstock_shein.jpg","contentUrl":"https:\/\/www.retaildetail.be\/wp-content\/uploads\/2025\/09\/shutterstock_shein.jpg","width":1000,"height":667,"caption":"\u00a9 Graffitimi \/ Shutterstock.com"},{"@type":"BreadcrumbList","@id":"https:\/\/www.retaildetail.be\/fr\/news\/general\/la-france-impose-une-amende-record-de-150-millions-deuros-a-shein\/#breadcrumb","itemListElement":[{"@type":"ListItem","position":1,"name":"Home","item":"https:\/\/www.retaildetail.be\/fr\/"},{"@type":"ListItem","position":2,"name":"La France impose une amende record de 150 millions d&#8217;euros \u00e0 Shein"}]},{"@type":"WebSite","@id":"https:\/\/www.retaildetail.be\/nl\/#website","url":"https:\/\/www.retaildetail.be\/nl\/","name":"RetailDetail BE","description":"News","publisher":{"@id":"https:\/\/www.retaildetail.be\/nl\/#organization"},"potentialAction":[{"@type":"SearchAction","target":{"@type":"EntryPoint","urlTemplate":"https:\/\/www.retaildetail.be\/nl\/?s={search_term_string}"},"query-input":{"@type":"PropertyValueSpecification","valueRequired":true,"valueName":"search_term_string"}}],"inLanguage":"fr-FR"},{"@type":"Organization","@id":"https:\/\/www.retaildetail.be\/nl\/#organization","name":"RetailDetail BE","url":"https:\/\/www.retaildetail.be\/nl\/","logo":{"@type":"ImageObject","inLanguage":"fr-FR","@id":"https:\/\/www.retaildetail.be\/nl\/#\/schema\/logo\/image\/","url":"https:\/\/www.retaildetail.be\/wp-content\/uploads\/2022\/04\/logo.svg","contentUrl":"https:\/\/www.retaildetail.be\/wp-content\/uploads\/2022\/04\/logo.svg","width":131,"height":70,"caption":"RetailDetail BE"},"image":{"@id":"https:\/\/www.retaildetail.be\/nl\/#\/schema\/logo\/image\/"}},{"@type":"Person","@id":"https:\/\/www.retaildetail.be\/nl\/#\/schema\/person\/71d9b89376db00e9b1aa8a2841e71a72","name":"Jorg Snoeck","image":{"@type":"ImageObject","inLanguage":"fr-FR","@id":"https:\/\/secure.gravatar.com\/avatar\/fc1bd94c7d40f2446e6bf778bb34cf9ab000168f63533cec8e072f4ad96ce7f3?s=96&d=mm&r=g","url":"https:\/\/secure.gravatar.com\/avatar\/fc1bd94c7d40f2446e6bf778bb34cf9ab000168f63533cec8e072f4ad96ce7f3?s=96&d=mm&r=g","contentUrl":"https:\/\/secure.gravatar.com\/avatar\/fc1bd94c7d40f2446e6bf778bb34cf9ab000168f63533cec8e072f4ad96ce7f3?s=96&d=mm&r=g","caption":"Jorg Snoeck"},"url":"https:\/\/www.retaildetail.be\/fr\/author\/jorgsnoeck\/"}]}},"jetpack_featured_media_url":"https:\/\/www.retaildetail.be\/wp-content\/uploads\/2025\/09\/shutterstock_shein.jpg","jetpack_sharing_enabled":true,"_links":{"self":[{"href":"https:\/\/www.retaildetail.be\/fr\/wp-json\/wp\/v2\/posts\/127274","targetHints":{"allow":["GET"]}}],"collection":[{"href":"https:\/\/www.retaildetail.be\/fr\/wp-json\/wp\/v2\/posts"}],"about":[{"href":"https:\/\/www.retaildetail.be\/fr\/wp-json\/wp\/v2\/types\/post"}],"author":[{"embeddable":true,"href":"https:\/\/www.retaildetail.be\/fr\/wp-json\/wp\/v2\/users\/10"}],"replies":[{"embeddable":true,"href":"https:\/\/www.retaildetail.be\/fr\/wp-json\/wp\/v2\/comments?post=127274"}],"version-history":[{"count":2,"href":"https:\/\/www.retaildetail.be\/fr\/wp-json\/wp\/v2\/posts\/127274\/revisions"}],"predecessor-version":[{"id":127279,"href":"https:\/\/www.retaildetail.be\/fr\/wp-json\/wp\/v2\/posts\/127274\/revisions\/127279"}],"wp:featuredmedia":[{"embeddable":true,"href":"https:\/\/www.retaildetail.be\/fr\/wp-json\/wp\/v2\/media\/127275"}],"wp:attachment":[{"href":"https:\/\/www.retaildetail.be\/fr\/wp-json\/wp\/v2\/media?parent=127274"}],"wp:term":[{"taxonomy":"category","embeddable":true,"href":"https:\/\/www.retaildetail.be\/fr\/wp-json\/wp\/v2\/categories?post=127274"},{"taxonomy":"post_tag","embeddable":true,"href":"https:\/\/www.retaildetail.be\/fr\/wp-json\/wp\/v2\/tags?post=127274"},{"taxonomy":"people","embeddable":true,"href":"https:\/\/www.retaildetail.be\/fr\/wp-json\/wp\/v2\/people?post=127274"},{"taxonomy":"extra","embeddable":true,"href":"https:\/\/www.retaildetail.be\/fr\/wp-json\/wp\/v2\/extra?post=127274"},{"taxonomy":"company","embeddable":true,"href":"https:\/\/www.retaildetail.be\/fr\/wp-json\/wp\/v2\/company?post=127274"},{"taxonomy":"topic","embeddable":true,"href":"https:\/\/www.retaildetail.be\/fr\/wp-json\/wp\/v2\/topic?post=127274"},{"taxonomy":"region","embeddable":true,"href":"https:\/\/www.retaildetail.be\/fr\/wp-json\/wp\/v2\/region?post=127274"}],"curies":[{"name":"wp","href":"https:\/\/api.w.org\/{rel}","templated":true}]}}