{"id":128217,"date":"2025-09-12T12:44:04","date_gmt":"2025-09-12T10:44:04","guid":{"rendered":"https:\/\/www.retaildetail.be\/?p=128217"},"modified":"2025-09-12T12:44:06","modified_gmt":"2025-09-12T10:44:06","slug":"ceconomy-plaide-en-faveur-dune-acquisition-par-jd-com","status":"publish","type":"post","link":"https:\/\/www.retaildetail.be\/fr\/news\/electro\/ceconomy-plaide-en-faveur-dune-acquisition-par-jd-com\/","title":{"rendered":"Ceconomy plaide en faveur d&rsquo;une acquisition par JD.com"},"content":{"rendered":"\n<p>Les conseils d&rsquo;administration et de surveillance de <strong>Ceconomy<\/strong>, la soci\u00e9t\u00e9 m\u00e8re de <strong>MediaMarkt<\/strong>, recommandent aux actionnaires d&rsquo;accepter l&rsquo;offre publique d&rsquo;achat de <strong>JD.com.<\/strong> L&rsquo;acteur chinois du commerce \u00e9lectronique offrirait un \u00ab\u00a0prix \u00e9quitable\u00a0\u00bb et serait \u00ab\u00a0le bon partenaire\u00a0\u00bb.<\/p>\n\n\n\n<h2 class=\"wp-block-heading\">Transformation \u00e0 long terme <\/h2>\n\n\n\n<p>\u00ab\u00a0JD.com est le bon partenaire au bon moment. Ensemble, nous acc\u00e9l\u00e9rons la strat\u00e9gie et la trajectoire de croissance de Ceconomy dans le domaine de l&rsquo;\u00e9lectronique d&rsquo;exp\u00e9rience\u00a0\u00bb, a d\u00e9clar\u00e9 le PDG Kai-Ulrich Deissner. Christoph Vilanek, pr\u00e9sident du conseil de surveillance, y voit \u00e9galement des avantages : \u00ab\u00a0L&rsquo;offre donne aux actionnaires la possibilit\u00e9 d&rsquo;encaisser une valeur significative \u00e0 court terme, tout en renfor\u00e7ant la transformation \u00e0 long terme de Ceconomy.\u00a0\u00bb<\/p>\n\n\n\n<p>JD.com propose 4,60 euros par action, enti\u00e8rement en num\u00e9raire. L&rsquo;offre repr\u00e9sente une prime de 43 % par rapport au cours moyen de l&rsquo;action au cours des trois derniers mois et de 23 % par rapport au cours de cl\u00f4ture du 23 juillet. Ceconomy estime qu&rsquo;il s&rsquo;agit d&rsquo;un prix \u00ab\u00a0juste et ad\u00e9quat\u00a0\u00bb. La p\u00e9riode de candidature s&rsquo;\u00e9tend jusqu&rsquo;au 10 novembre.<\/p>\n\n\n\n<p>Avec un chiffre d&rsquo;affaires de 158,8 milliards de dollars (environ 147 milliards d&rsquo;euros), JD.com est le plus grand d\u00e9taillant chinois en termes de revenus. L&rsquo;entreprise investit \u00e9galement au Moyen-Orient. Jingdong Property, la plateforme d&rsquo;infrastructure et d&rsquo;immobilier de JD.com, a acquis un nouveau complexe logistique (dans la zone franche de Jebel Ali) \u00e0 Duba\u00ef. Avec le centre de distribution que JD.com y a ouvert en juin, et un partenariat strat\u00e9gique avec Abu Dhabi Airports depuis juillet, le site deviendra une plate-forme logistique pour les clients du Moyen-Orient, d&rsquo;Afrique et d&rsquo;Europe.<\/p>\n","protected":false},"excerpt":{"rendered":"<p>Les conseils d&rsquo;administration et de surveillance de Ceconomy, la soci\u00e9t\u00e9 m\u00e8re de MediaMarkt, recommandent aux actionnaires d&rsquo;accepter l&rsquo;offre de rachat de JD.com. L&rsquo;acteur chinois du commerce \u00e9lectronique offrirait un \u00ab\u00a0prix \u00e9quitable\u00a0\u00bb et serait \u00ab\u00a0le bon partenaire\u00a0\u00bb. <\/p>\n","protected":false},"author":5,"featured_media":128218,"comment_status":"closed","ping_status":"closed","sticky":false,"template":"","format":"standard","meta":{"_acf_changed":false,"inline_featured_image":false,"_jetpack_memberships_contains_paid_content":false,"footnotes":""},"categories":[23,17],"tags":[],"people":[],"extra":[],"company":[426,454],"topic":[282],"region":[470],"class_list":["post-128217","post","type-post","status-publish","format-standard","has-post-thumbnail","hentry","category-electro","category-elektro","company-ceconomy","company-jd-com","topic-acquisition","region-allemagne"],"acf":[],"yoast_head":"<!-- This site is optimized with the Yoast SEO plugin v27.3 - https:\/\/yoast.com\/product\/yoast-seo-wordpress\/ -->\n<title>Ceconomy plaide en faveur d&#039;une acquisition par JD.com - RetailDetail BE<\/title>\n<meta name=\"description\" content=\"Les conseils d&#039;administration et de surveillance de Ceconomy recommandent aux actionnaires d&#039;accepter l&#039;offre de JD.com.\" \/>\n<meta name=\"robots\" content=\"index, follow, max-snippet:-1, max-image-preview:large, max-video-preview:-1\" \/>\n<link rel=\"canonical\" href=\"https:\/\/www.retaildetail.be\/fr\/news\/electro\/ceconomy-plaide-en-faveur-dune-acquisition-par-jd-com\/\" \/>\n<meta property=\"og:locale\" content=\"fr_FR\" \/>\n<meta property=\"og:type\" content=\"article\" \/>\n<meta property=\"og:title\" content=\"Ceconomy plaide en faveur d&#039;une acquisition par JD.com - RetailDetail BE\" \/>\n<meta property=\"og:description\" content=\"Les conseils d&#039;administration et de surveillance de Ceconomy recommandent aux actionnaires d&#039;accepter l&#039;offre de JD.com.\" \/>\n<meta property=\"og:url\" content=\"https:\/\/www.retaildetail.be\/fr\/news\/electro\/ceconomy-plaide-en-faveur-dune-acquisition-par-jd-com\/\" \/>\n<meta property=\"og:site_name\" content=\"RetailDetail BE\" \/>\n<meta property=\"article:published_time\" content=\"2025-09-12T10:44:04+00:00\" \/>\n<meta property=\"article:modified_time\" content=\"2025-09-12T10:44:06+00:00\" \/>\n<meta property=\"og:image\" content=\"https:\/\/www.retaildetail.be\/wp-content\/uploads\/2025\/09\/Mediamarkt_Brussel.jpg\" \/>\n\t<meta property=\"og:image:width\" content=\"745\" \/>\n\t<meta property=\"og:image:height\" content=\"500\" \/>\n\t<meta property=\"og:image:type\" content=\"image\/jpeg\" \/>\n<meta name=\"author\" content=\"Pauline Neerman\" \/>\n<meta name=\"twitter:card\" content=\"summary_large_image\" \/>\n<meta name=\"twitter:label1\" content=\"\u00c9crit par\" \/>\n\t<meta name=\"twitter:data1\" content=\"Pauline Neerman\" \/>\n\t<meta name=\"twitter:label2\" content=\"Dur\u00e9e de lecture estim\u00e9e\" \/>\n\t<meta name=\"twitter:data2\" content=\"1 minute\" \/>\n<script type=\"application\/ld+json\" class=\"yoast-schema-graph\">{\"@context\":\"https:\\\/\\\/schema.org\",\"@graph\":[{\"@type\":\"NewsArticle\",\"@id\":\"https:\\\/\\\/www.retaildetail.be\\\/fr\\\/news\\\/electro\\\/ceconomy-plaide-en-faveur-dune-acquisition-par-jd-com\\\/#article\",\"isPartOf\":{\"@id\":\"https:\\\/\\\/www.retaildetail.be\\\/fr\\\/news\\\/electro\\\/ceconomy-plaide-en-faveur-dune-acquisition-par-jd-com\\\/\"},\"author\":{\"name\":\"Pauline Neerman\",\"@id\":\"https:\\\/\\\/www.retaildetail.be\\\/nl\\\/#\\\/schema\\\/person\\\/66b54803fa10759039079458ea89e307\"},\"headline\":\"Ceconomy plaide en faveur d&rsquo;une acquisition par JD.com\",\"datePublished\":\"2025-09-12T10:44:04+00:00\",\"dateModified\":\"2025-09-12T10:44:06+00:00\",\"mainEntityOfPage\":{\"@id\":\"https:\\\/\\\/www.retaildetail.be\\\/fr\\\/news\\\/electro\\\/ceconomy-plaide-en-faveur-dune-acquisition-par-jd-com\\\/\"},\"wordCount\":298,\"publisher\":{\"@id\":\"https:\\\/\\\/www.retaildetail.be\\\/nl\\\/#organization\"},\"image\":{\"@id\":\"https:\\\/\\\/www.retaildetail.be\\\/fr\\\/news\\\/electro\\\/ceconomy-plaide-en-faveur-dune-acquisition-par-jd-com\\\/#primaryimage\"},\"thumbnailUrl\":\"https:\\\/\\\/www.retaildetail.be\\\/wp-content\\\/uploads\\\/2025\\\/09\\\/Mediamarkt_Brussel.jpg\",\"articleSection\":[\"Electro\",\"Elektro\"],\"inLanguage\":\"fr-FR\",\"copyrightYear\":\"2025\",\"copyrightHolder\":{\"@id\":\"https:\\\/\\\/www.retaildetail.be\\\/#organization\"}},{\"@type\":\"WebPage\",\"@id\":\"https:\\\/\\\/www.retaildetail.be\\\/fr\\\/news\\\/electro\\\/ceconomy-plaide-en-faveur-dune-acquisition-par-jd-com\\\/\",\"url\":\"https:\\\/\\\/www.retaildetail.be\\\/fr\\\/news\\\/electro\\\/ceconomy-plaide-en-faveur-dune-acquisition-par-jd-com\\\/\",\"name\":\"Ceconomy plaide en faveur d'une acquisition par JD.com - RetailDetail BE\",\"isPartOf\":{\"@id\":\"https:\\\/\\\/www.retaildetail.be\\\/nl\\\/#website\"},\"primaryImageOfPage\":{\"@id\":\"https:\\\/\\\/www.retaildetail.be\\\/fr\\\/news\\\/electro\\\/ceconomy-plaide-en-faveur-dune-acquisition-par-jd-com\\\/#primaryimage\"},\"image\":{\"@id\":\"https:\\\/\\\/www.retaildetail.be\\\/fr\\\/news\\\/electro\\\/ceconomy-plaide-en-faveur-dune-acquisition-par-jd-com\\\/#primaryimage\"},\"thumbnailUrl\":\"https:\\\/\\\/www.retaildetail.be\\\/wp-content\\\/uploads\\\/2025\\\/09\\\/Mediamarkt_Brussel.jpg\",\"datePublished\":\"2025-09-12T10:44:04+00:00\",\"dateModified\":\"2025-09-12T10:44:06+00:00\",\"description\":\"Les conseils d'administration et de surveillance de Ceconomy recommandent aux actionnaires d'accepter l'offre de JD.com.\",\"breadcrumb\":{\"@id\":\"https:\\\/\\\/www.retaildetail.be\\\/fr\\\/news\\\/electro\\\/ceconomy-plaide-en-faveur-dune-acquisition-par-jd-com\\\/#breadcrumb\"},\"inLanguage\":\"fr-FR\",\"potentialAction\":[{\"@type\":\"ReadAction\",\"target\":[\"https:\\\/\\\/www.retaildetail.be\\\/fr\\\/news\\\/electro\\\/ceconomy-plaide-en-faveur-dune-acquisition-par-jd-com\\\/\"]}]},{\"@type\":\"ImageObject\",\"inLanguage\":\"fr-FR\",\"@id\":\"https:\\\/\\\/www.retaildetail.be\\\/fr\\\/news\\\/electro\\\/ceconomy-plaide-en-faveur-dune-acquisition-par-jd-com\\\/#primaryimage\",\"url\":\"https:\\\/\\\/www.retaildetail.be\\\/wp-content\\\/uploads\\\/2025\\\/09\\\/Mediamarkt_Brussel.jpg\",\"contentUrl\":\"https:\\\/\\\/www.retaildetail.be\\\/wp-content\\\/uploads\\\/2025\\\/09\\\/Mediamarkt_Brussel.jpg\",\"width\":745,\"height\":500,\"caption\":\"Shutterstock.com\"},{\"@type\":\"BreadcrumbList\",\"@id\":\"https:\\\/\\\/www.retaildetail.be\\\/fr\\\/news\\\/electro\\\/ceconomy-plaide-en-faveur-dune-acquisition-par-jd-com\\\/#breadcrumb\",\"itemListElement\":[{\"@type\":\"ListItem\",\"position\":1,\"name\":\"Home\",\"item\":\"https:\\\/\\\/www.retaildetail.be\\\/fr\\\/\"},{\"@type\":\"ListItem\",\"position\":2,\"name\":\"Ceconomy plaide en faveur d&#8217;une acquisition par JD.com\"}]},{\"@type\":\"WebSite\",\"@id\":\"https:\\\/\\\/www.retaildetail.be\\\/nl\\\/#website\",\"url\":\"https:\\\/\\\/www.retaildetail.be\\\/nl\\\/\",\"name\":\"RetailDetail BE\",\"description\":\"News\",\"publisher\":{\"@id\":\"https:\\\/\\\/www.retaildetail.be\\\/nl\\\/#organization\"},\"potentialAction\":[{\"@type\":\"SearchAction\",\"target\":{\"@type\":\"EntryPoint\",\"urlTemplate\":\"https:\\\/\\\/www.retaildetail.be\\\/nl\\\/?s={search_term_string}\"},\"query-input\":{\"@type\":\"PropertyValueSpecification\",\"valueRequired\":true,\"valueName\":\"search_term_string\"}}],\"inLanguage\":\"fr-FR\"},{\"@type\":\"Organization\",\"@id\":\"https:\\\/\\\/www.retaildetail.be\\\/nl\\\/#organization\",\"name\":\"RetailDetail BE\",\"url\":\"https:\\\/\\\/www.retaildetail.be\\\/nl\\\/\",\"logo\":{\"@type\":\"ImageObject\",\"inLanguage\":\"fr-FR\",\"@id\":\"https:\\\/\\\/www.retaildetail.be\\\/nl\\\/#\\\/schema\\\/logo\\\/image\\\/\",\"url\":\"https:\\\/\\\/www.retaildetail.be\\\/wp-content\\\/uploads\\\/2022\\\/04\\\/logo.svg\",\"contentUrl\":\"https:\\\/\\\/www.retaildetail.be\\\/wp-content\\\/uploads\\\/2022\\\/04\\\/logo.svg\",\"width\":131,\"height\":70,\"caption\":\"RetailDetail BE\"},\"image\":{\"@id\":\"https:\\\/\\\/www.retaildetail.be\\\/nl\\\/#\\\/schema\\\/logo\\\/image\\\/\"}},{\"@type\":\"Person\",\"@id\":\"https:\\\/\\\/www.retaildetail.be\\\/nl\\\/#\\\/schema\\\/person\\\/66b54803fa10759039079458ea89e307\",\"name\":\"Pauline Neerman\",\"image\":{\"@type\":\"ImageObject\",\"inLanguage\":\"fr-FR\",\"@id\":\"https:\\\/\\\/secure.gravatar.com\\\/avatar\\\/58db22aee589a691f9603e5765ac06010427a923f9b2728b951eb7fe27214d70?s=96&d=mm&r=g\",\"url\":\"https:\\\/\\\/secure.gravatar.com\\\/avatar\\\/58db22aee589a691f9603e5765ac06010427a923f9b2728b951eb7fe27214d70?s=96&d=mm&r=g\",\"contentUrl\":\"https:\\\/\\\/secure.gravatar.com\\\/avatar\\\/58db22aee589a691f9603e5765ac06010427a923f9b2728b951eb7fe27214d70?s=96&d=mm&r=g\",\"caption\":\"Pauline Neerman\"},\"url\":\"https:\\\/\\\/www.retaildetail.be\\\/fr\\\/author\\\/paulineneerman\\\/\"}]}<\/script>\n<!-- \/ Yoast SEO plugin. -->","yoast_head_json":{"title":"Ceconomy plaide en faveur d'une acquisition par JD.com - RetailDetail BE","description":"Les conseils d'administration et de surveillance de Ceconomy recommandent aux actionnaires d'accepter l'offre de JD.com.","robots":{"index":"index","follow":"follow","max-snippet":"max-snippet:-1","max-image-preview":"max-image-preview:large","max-video-preview":"max-video-preview:-1"},"canonical":"https:\/\/www.retaildetail.be\/fr\/news\/electro\/ceconomy-plaide-en-faveur-dune-acquisition-par-jd-com\/","og_locale":"fr_FR","og_type":"article","og_title":"Ceconomy plaide en faveur d'une acquisition par JD.com - RetailDetail BE","og_description":"Les conseils d'administration et de surveillance de Ceconomy recommandent aux actionnaires d'accepter l'offre de JD.com.","og_url":"https:\/\/www.retaildetail.be\/fr\/news\/electro\/ceconomy-plaide-en-faveur-dune-acquisition-par-jd-com\/","og_site_name":"RetailDetail BE","article_published_time":"2025-09-12T10:44:04+00:00","article_modified_time":"2025-09-12T10:44:06+00:00","og_image":[{"width":745,"height":500,"url":"https:\/\/www.retaildetail.be\/wp-content\/uploads\/2025\/09\/Mediamarkt_Brussel.jpg","type":"image\/jpeg"}],"author":"Pauline Neerman","twitter_card":"summary_large_image","twitter_misc":{"\u00c9crit par":"Pauline Neerman","Dur\u00e9e de lecture estim\u00e9e":"1 minute"},"schema":{"@context":"https:\/\/schema.org","@graph":[{"@type":"NewsArticle","@id":"https:\/\/www.retaildetail.be\/fr\/news\/electro\/ceconomy-plaide-en-faveur-dune-acquisition-par-jd-com\/#article","isPartOf":{"@id":"https:\/\/www.retaildetail.be\/fr\/news\/electro\/ceconomy-plaide-en-faveur-dune-acquisition-par-jd-com\/"},"author":{"name":"Pauline Neerman","@id":"https:\/\/www.retaildetail.be\/nl\/#\/schema\/person\/66b54803fa10759039079458ea89e307"},"headline":"Ceconomy plaide en faveur d&rsquo;une acquisition par JD.com","datePublished":"2025-09-12T10:44:04+00:00","dateModified":"2025-09-12T10:44:06+00:00","mainEntityOfPage":{"@id":"https:\/\/www.retaildetail.be\/fr\/news\/electro\/ceconomy-plaide-en-faveur-dune-acquisition-par-jd-com\/"},"wordCount":298,"publisher":{"@id":"https:\/\/www.retaildetail.be\/nl\/#organization"},"image":{"@id":"https:\/\/www.retaildetail.be\/fr\/news\/electro\/ceconomy-plaide-en-faveur-dune-acquisition-par-jd-com\/#primaryimage"},"thumbnailUrl":"https:\/\/www.retaildetail.be\/wp-content\/uploads\/2025\/09\/Mediamarkt_Brussel.jpg","articleSection":["Electro","Elektro"],"inLanguage":"fr-FR","copyrightYear":"2025","copyrightHolder":{"@id":"https:\/\/www.retaildetail.be\/#organization"}},{"@type":"WebPage","@id":"https:\/\/www.retaildetail.be\/fr\/news\/electro\/ceconomy-plaide-en-faveur-dune-acquisition-par-jd-com\/","url":"https:\/\/www.retaildetail.be\/fr\/news\/electro\/ceconomy-plaide-en-faveur-dune-acquisition-par-jd-com\/","name":"Ceconomy plaide en faveur d'une acquisition par JD.com - RetailDetail BE","isPartOf":{"@id":"https:\/\/www.retaildetail.be\/nl\/#website"},"primaryImageOfPage":{"@id":"https:\/\/www.retaildetail.be\/fr\/news\/electro\/ceconomy-plaide-en-faveur-dune-acquisition-par-jd-com\/#primaryimage"},"image":{"@id":"https:\/\/www.retaildetail.be\/fr\/news\/electro\/ceconomy-plaide-en-faveur-dune-acquisition-par-jd-com\/#primaryimage"},"thumbnailUrl":"https:\/\/www.retaildetail.be\/wp-content\/uploads\/2025\/09\/Mediamarkt_Brussel.jpg","datePublished":"2025-09-12T10:44:04+00:00","dateModified":"2025-09-12T10:44:06+00:00","description":"Les conseils d'administration et de surveillance de Ceconomy recommandent aux actionnaires d'accepter l'offre de JD.com.","breadcrumb":{"@id":"https:\/\/www.retaildetail.be\/fr\/news\/electro\/ceconomy-plaide-en-faveur-dune-acquisition-par-jd-com\/#breadcrumb"},"inLanguage":"fr-FR","potentialAction":[{"@type":"ReadAction","target":["https:\/\/www.retaildetail.be\/fr\/news\/electro\/ceconomy-plaide-en-faveur-dune-acquisition-par-jd-com\/"]}]},{"@type":"ImageObject","inLanguage":"fr-FR","@id":"https:\/\/www.retaildetail.be\/fr\/news\/electro\/ceconomy-plaide-en-faveur-dune-acquisition-par-jd-com\/#primaryimage","url":"https:\/\/www.retaildetail.be\/wp-content\/uploads\/2025\/09\/Mediamarkt_Brussel.jpg","contentUrl":"https:\/\/www.retaildetail.be\/wp-content\/uploads\/2025\/09\/Mediamarkt_Brussel.jpg","width":745,"height":500,"caption":"Shutterstock.com"},{"@type":"BreadcrumbList","@id":"https:\/\/www.retaildetail.be\/fr\/news\/electro\/ceconomy-plaide-en-faveur-dune-acquisition-par-jd-com\/#breadcrumb","itemListElement":[{"@type":"ListItem","position":1,"name":"Home","item":"https:\/\/www.retaildetail.be\/fr\/"},{"@type":"ListItem","position":2,"name":"Ceconomy plaide en faveur d&#8217;une acquisition par JD.com"}]},{"@type":"WebSite","@id":"https:\/\/www.retaildetail.be\/nl\/#website","url":"https:\/\/www.retaildetail.be\/nl\/","name":"RetailDetail BE","description":"News","publisher":{"@id":"https:\/\/www.retaildetail.be\/nl\/#organization"},"potentialAction":[{"@type":"SearchAction","target":{"@type":"EntryPoint","urlTemplate":"https:\/\/www.retaildetail.be\/nl\/?s={search_term_string}"},"query-input":{"@type":"PropertyValueSpecification","valueRequired":true,"valueName":"search_term_string"}}],"inLanguage":"fr-FR"},{"@type":"Organization","@id":"https:\/\/www.retaildetail.be\/nl\/#organization","name":"RetailDetail BE","url":"https:\/\/www.retaildetail.be\/nl\/","logo":{"@type":"ImageObject","inLanguage":"fr-FR","@id":"https:\/\/www.retaildetail.be\/nl\/#\/schema\/logo\/image\/","url":"https:\/\/www.retaildetail.be\/wp-content\/uploads\/2022\/04\/logo.svg","contentUrl":"https:\/\/www.retaildetail.be\/wp-content\/uploads\/2022\/04\/logo.svg","width":131,"height":70,"caption":"RetailDetail BE"},"image":{"@id":"https:\/\/www.retaildetail.be\/nl\/#\/schema\/logo\/image\/"}},{"@type":"Person","@id":"https:\/\/www.retaildetail.be\/nl\/#\/schema\/person\/66b54803fa10759039079458ea89e307","name":"Pauline Neerman","image":{"@type":"ImageObject","inLanguage":"fr-FR","@id":"https:\/\/secure.gravatar.com\/avatar\/58db22aee589a691f9603e5765ac06010427a923f9b2728b951eb7fe27214d70?s=96&d=mm&r=g","url":"https:\/\/secure.gravatar.com\/avatar\/58db22aee589a691f9603e5765ac06010427a923f9b2728b951eb7fe27214d70?s=96&d=mm&r=g","contentUrl":"https:\/\/secure.gravatar.com\/avatar\/58db22aee589a691f9603e5765ac06010427a923f9b2728b951eb7fe27214d70?s=96&d=mm&r=g","caption":"Pauline Neerman"},"url":"https:\/\/www.retaildetail.be\/fr\/author\/paulineneerman\/"}]}},"jetpack_featured_media_url":"https:\/\/www.retaildetail.be\/wp-content\/uploads\/2025\/09\/Mediamarkt_Brussel.jpg","jetpack_sharing_enabled":true,"_links":{"self":[{"href":"https:\/\/www.retaildetail.be\/fr\/wp-json\/wp\/v2\/posts\/128217","targetHints":{"allow":["GET"]}}],"collection":[{"href":"https:\/\/www.retaildetail.be\/fr\/wp-json\/wp\/v2\/posts"}],"about":[{"href":"https:\/\/www.retaildetail.be\/fr\/wp-json\/wp\/v2\/types\/post"}],"author":[{"embeddable":true,"href":"https:\/\/www.retaildetail.be\/fr\/wp-json\/wp\/v2\/users\/5"}],"replies":[{"embeddable":true,"href":"https:\/\/www.retaildetail.be\/fr\/wp-json\/wp\/v2\/comments?post=128217"}],"version-history":[{"count":1,"href":"https:\/\/www.retaildetail.be\/fr\/wp-json\/wp\/v2\/posts\/128217\/revisions"}],"predecessor-version":[{"id":128220,"href":"https:\/\/www.retaildetail.be\/fr\/wp-json\/wp\/v2\/posts\/128217\/revisions\/128220"}],"wp:featuredmedia":[{"embeddable":true,"href":"https:\/\/www.retaildetail.be\/fr\/wp-json\/wp\/v2\/media\/128218"}],"wp:attachment":[{"href":"https:\/\/www.retaildetail.be\/fr\/wp-json\/wp\/v2\/media?parent=128217"}],"wp:term":[{"taxonomy":"category","embeddable":true,"href":"https:\/\/www.retaildetail.be\/fr\/wp-json\/wp\/v2\/categories?post=128217"},{"taxonomy":"post_tag","embeddable":true,"href":"https:\/\/www.retaildetail.be\/fr\/wp-json\/wp\/v2\/tags?post=128217"},{"taxonomy":"people","embeddable":true,"href":"https:\/\/www.retaildetail.be\/fr\/wp-json\/wp\/v2\/people?post=128217"},{"taxonomy":"extra","embeddable":true,"href":"https:\/\/www.retaildetail.be\/fr\/wp-json\/wp\/v2\/extra?post=128217"},{"taxonomy":"company","embeddable":true,"href":"https:\/\/www.retaildetail.be\/fr\/wp-json\/wp\/v2\/company?post=128217"},{"taxonomy":"topic","embeddable":true,"href":"https:\/\/www.retaildetail.be\/fr\/wp-json\/wp\/v2\/topic?post=128217"},{"taxonomy":"region","embeddable":true,"href":"https:\/\/www.retaildetail.be\/fr\/wp-json\/wp\/v2\/region?post=128217"}],"curies":[{"name":"wp","href":"https:\/\/api.w.org\/{rel}","templated":true}]}}