{"id":129007,"date":"2025-09-19T16:55:23","date_gmt":"2025-09-19T14:55:23","guid":{"rendered":"https:\/\/www.retaildetail.be\/?p=129007"},"modified":"2025-09-19T16:55:25","modified_gmt":"2025-09-19T14:55:25","slug":"le-projet-detiquetage-secret-conduit-a-une-action-en-justice-contre-la-commission-europeenne","status":"publish","type":"post","link":"https:\/\/www.retaildetail.be\/fr\/news\/food\/le-projet-detiquetage-secret-conduit-a-une-action-en-justice-contre-la-commission-europeenne\/","title":{"rendered":"Le projet d&rsquo;\u00e9tiquetage secret conduit \u00e0 une action en justice contre la Commission europ\u00e9enne"},"content":{"rendered":"\n<p>Foodwatch International et Access Info poursuivent la Commission europ\u00e9enne en justice pour avoir dissimul\u00e9 des projets concernant le nouvel \u00e9tiquetage des denr\u00e9es alimentaires. Ces projets ont depuis \u00e9t\u00e9 discr\u00e8tement abandonn\u00e9s.<\/p>\n\n\n\n<h2 class=\"wp-block-heading\">Pas de clart\u00e9<\/h2>\n\n\n\n<p>Pourquoi la Commission europ\u00e9enne a-t-elle discr\u00e8tement enterr\u00e9 le projet de pr\u00e9senter un label alimentaire \u00e0 l&rsquo;\u00e9chelle europ\u00e9enne, comme le pr\u00e9voyait la strat\u00e9gie \u00ab\u00a0de la ferme \u00e0 la fourchette\u00a0\u00bb, demande Suzy Sumner, responsable du bureau bruxellois de Foodwatch, \u00e0 Euronews. L&rsquo;ONG <a href=\"https:\/\/www.euronews.com\/my-europe\/2025\/09\/16\/eu-commission-sued-for-secrecy-over-ditched-food-label-plan\">souhaite voir les documents et les comptes-rendus<\/a>, mais l&rsquo;acc\u00e8s lui est refus\u00e9.<\/p>\n\n\n\n<p>En effet, dans le cadre de la strat\u00e9gie 2020 \u00ab\u00a0Farm to fork\u00a0\u00bb, l&rsquo;Union europ\u00e9enne souhaitait introduire une \u00e9tiquette alimentaire obligatoire sur le devant de l&#8217;emballage dans toute l&rsquo;Union. En outre, le plan pr\u00e9voyait une liste obligatoire des ingr\u00e9dients et des d\u00e9clarations nutritionnelles pour les boissons alcoolis\u00e9es, ainsi qu&rsquo;une r\u00e9vision des r\u00e8gles relatives \u00e0 l&rsquo;\u00e9tiquetage des dates, telles que la mention \u00ab\u00a0\u00e0 consommer de pr\u00e9f\u00e9rence avant le\u00a0\u00bb.<\/p>\n\n\n\n<h2 class=\"wp-block-heading\">Plan mis en veilleuse<\/h2>\n\n\n\n<p>Le Nutri-Score \u00e9tait l&rsquo;option pr\u00e9f\u00e9r\u00e9e de nombreux \u00c9tats membres \u00e0 cet \u00e9gard, mais d&rsquo;autres pays (dont l&rsquo;Italie) se sont fermement oppos\u00e9s \u00e0 ce syst\u00e8me. C&rsquo;est peut-\u00eatre en partie pour cette raison que le projet a finalement \u00e9t\u00e9 abandonn\u00e9. Cela reste toutefois une supposition, car la Commission ne publie pas les documents relatifs \u00e0 cette question.<\/p>\n\n\n\n<p>Les ONG veulent maintenant que la Cour annule ce refus. Auparavant, elles ont port\u00e9 la m\u00eame plainte devant le M\u00e9diateur europ\u00e9en, Teresa Anjinho, qui, apr\u00e8s avoir examin\u00e9 les documents, a conclu que la Commission n&rsquo;avait pas de raison suffisante de retenir l&rsquo;information et qu&rsquo;elle se livrait donc \u00e0 un cas de mauvaise administration. La semaine derni\u00e8re, les organisations ont officiellement d\u00e9pos\u00e9 une plainte. La Commission europ\u00e9enne elle-m\u00eame affirme qu&rsquo;elle a retenu les documents pour \u00ab\u00a0\u00e9viter toute pression ext\u00e9rieure\u00a0\u00bb sur cette question d\u00e9j\u00e0 \u00e9pineuse.<\/p>\n","protected":false},"excerpt":{"rendered":"<p>Foodwatch International et Access Info poursuivent la Commission europ\u00e9enne en justice pour avoir dissimul\u00e9 des projets concernant le nouvel \u00e9tiquetage des denr\u00e9es alimentaires. Ces projets ont depuis \u00e9t\u00e9 discr\u00e8tement abandonn\u00e9s.<\/p>\n","protected":false},"author":5,"featured_media":129008,"comment_status":"closed","ping_status":"closed","sticky":false,"template":"","format":"standard","meta":{"_acf_changed":false,"inline_featured_image":false,"_jetpack_memberships_contains_paid_content":false,"footnotes":""},"categories":[18,24],"tags":[],"people":[],"extra":[43],"company":[],"topic":[710,756],"region":[243],"class_list":{"0":"post-129007","1":"post","2":"type-post","3":"status-publish","4":"format-standard","5":"has-post-thumbnail","6":"hentry","7":"category-food","9":"extra-plus","10":"topic-legislation","11":"topic-litige","12":"region-europe"},"acf":[],"yoast_head":"<!-- This site is optimized with the Yoast SEO plugin v27.3 - https:\/\/yoast.com\/product\/yoast-seo-wordpress\/ -->\n<title>Le projet d&#039;\u00e9tiquetage secret conduit \u00e0 une action en justice contre la Commission europ\u00e9enne - RetailDetail BE<\/title>\n<meta name=\"description\" content=\"Foodwatch International et Access Info poursuivent la Commission europ\u00e9enne en justice pour avoir dissimul\u00e9 des projets concernant le nouvel \u00e9tiquetage des denr\u00e9es alimentaires. Ces projets ont depuis \u00e9t\u00e9 discr\u00e8tement abandonn\u00e9s.\" \/>\n<meta name=\"robots\" content=\"index, follow, max-snippet:-1, max-image-preview:large, max-video-preview:-1\" \/>\n<link rel=\"canonical\" href=\"https:\/\/www.retaildetail.be\/fr\/news\/food\/le-projet-detiquetage-secret-conduit-a-une-action-en-justice-contre-la-commission-europeenne\/\" \/>\n<meta property=\"og:locale\" content=\"fr_FR\" \/>\n<meta property=\"og:type\" content=\"article\" \/>\n<meta property=\"og:title\" content=\"Le projet d&#039;\u00e9tiquetage secret conduit \u00e0 une action en justice contre la Commission europ\u00e9enne - RetailDetail BE\" \/>\n<meta property=\"og:description\" content=\"Foodwatch International et Access Info poursuivent la Commission europ\u00e9enne en justice pour avoir dissimul\u00e9 des projets concernant le nouvel \u00e9tiquetage des denr\u00e9es alimentaires. Ces projets ont depuis \u00e9t\u00e9 discr\u00e8tement abandonn\u00e9s.\" \/>\n<meta property=\"og:url\" content=\"https:\/\/www.retaildetail.be\/fr\/news\/food\/le-projet-detiquetage-secret-conduit-a-une-action-en-justice-contre-la-commission-europeenne\/\" \/>\n<meta property=\"og:site_name\" content=\"RetailDetail BE\" \/>\n<meta property=\"article:published_time\" content=\"2025-09-19T14:55:23+00:00\" \/>\n<meta property=\"article:modified_time\" content=\"2025-09-19T14:55:25+00:00\" \/>\n<meta property=\"og:image\" content=\"https:\/\/www.retaildetail.be\/wp-content\/uploads\/2025\/09\/800_nutri-scorezuivelschap.jpg\" \/>\n\t<meta property=\"og:image:width\" content=\"800\" \/>\n\t<meta property=\"og:image:height\" content=\"563\" \/>\n\t<meta property=\"og:image:type\" content=\"image\/jpeg\" \/>\n<meta name=\"author\" content=\"Pauline Neerman\" \/>\n<meta name=\"twitter:card\" content=\"summary_large_image\" \/>\n<meta name=\"twitter:label1\" content=\"\u00c9crit par\" \/>\n\t<meta name=\"twitter:data1\" content=\"Pauline Neerman\" \/>\n\t<meta name=\"twitter:label2\" content=\"Dur\u00e9e de lecture estim\u00e9e\" \/>\n\t<meta name=\"twitter:data2\" content=\"2 minutes\" \/>\n<script type=\"application\/ld+json\" class=\"yoast-schema-graph\">{\"@context\":\"https:\\\/\\\/schema.org\",\"@graph\":[{\"@type\":\"NewsArticle\",\"@id\":\"https:\\\/\\\/www.retaildetail.be\\\/fr\\\/news\\\/food\\\/le-projet-detiquetage-secret-conduit-a-une-action-en-justice-contre-la-commission-europeenne\\\/#article\",\"isPartOf\":{\"@id\":\"https:\\\/\\\/www.retaildetail.be\\\/fr\\\/news\\\/food\\\/le-projet-detiquetage-secret-conduit-a-une-action-en-justice-contre-la-commission-europeenne\\\/\"},\"author\":{\"name\":\"Pauline Neerman\",\"@id\":\"https:\\\/\\\/www.retaildetail.be\\\/nl\\\/#\\\/schema\\\/person\\\/66b54803fa10759039079458ea89e307\"},\"headline\":\"Le projet d&rsquo;\u00e9tiquetage secret conduit \u00e0 une action en justice contre la Commission europ\u00e9enne\",\"datePublished\":\"2025-09-19T14:55:23+00:00\",\"dateModified\":\"2025-09-19T14:55:25+00:00\",\"mainEntityOfPage\":{\"@id\":\"https:\\\/\\\/www.retaildetail.be\\\/fr\\\/news\\\/food\\\/le-projet-detiquetage-secret-conduit-a-une-action-en-justice-contre-la-commission-europeenne\\\/\"},\"wordCount\":351,\"publisher\":{\"@id\":\"https:\\\/\\\/www.retaildetail.be\\\/nl\\\/#organization\"},\"image\":{\"@id\":\"https:\\\/\\\/www.retaildetail.be\\\/fr\\\/news\\\/food\\\/le-projet-detiquetage-secret-conduit-a-une-action-en-justice-contre-la-commission-europeenne\\\/#primaryimage\"},\"thumbnailUrl\":\"https:\\\/\\\/www.retaildetail.be\\\/wp-content\\\/uploads\\\/2025\\\/09\\\/800_nutri-scorezuivelschap.jpg\",\"articleSection\":[\"Food\",\"Food\"],\"inLanguage\":\"fr-FR\",\"copyrightYear\":\"2025\",\"copyrightHolder\":{\"@id\":\"https:\\\/\\\/www.retaildetail.be\\\/#organization\"}},{\"@type\":\"WebPage\",\"@id\":\"https:\\\/\\\/www.retaildetail.be\\\/fr\\\/news\\\/food\\\/le-projet-detiquetage-secret-conduit-a-une-action-en-justice-contre-la-commission-europeenne\\\/\",\"url\":\"https:\\\/\\\/www.retaildetail.be\\\/fr\\\/news\\\/food\\\/le-projet-detiquetage-secret-conduit-a-une-action-en-justice-contre-la-commission-europeenne\\\/\",\"name\":\"Le projet d'\u00e9tiquetage secret conduit \u00e0 une action en justice contre la Commission europ\u00e9enne - RetailDetail BE\",\"isPartOf\":{\"@id\":\"https:\\\/\\\/www.retaildetail.be\\\/nl\\\/#website\"},\"primaryImageOfPage\":{\"@id\":\"https:\\\/\\\/www.retaildetail.be\\\/fr\\\/news\\\/food\\\/le-projet-detiquetage-secret-conduit-a-une-action-en-justice-contre-la-commission-europeenne\\\/#primaryimage\"},\"image\":{\"@id\":\"https:\\\/\\\/www.retaildetail.be\\\/fr\\\/news\\\/food\\\/le-projet-detiquetage-secret-conduit-a-une-action-en-justice-contre-la-commission-europeenne\\\/#primaryimage\"},\"thumbnailUrl\":\"https:\\\/\\\/www.retaildetail.be\\\/wp-content\\\/uploads\\\/2025\\\/09\\\/800_nutri-scorezuivelschap.jpg\",\"datePublished\":\"2025-09-19T14:55:23+00:00\",\"dateModified\":\"2025-09-19T14:55:25+00:00\",\"description\":\"Foodwatch International et Access Info poursuivent la Commission europ\u00e9enne en justice pour avoir dissimul\u00e9 des projets concernant le nouvel \u00e9tiquetage des denr\u00e9es alimentaires. Ces projets ont depuis \u00e9t\u00e9 discr\u00e8tement abandonn\u00e9s.\",\"breadcrumb\":{\"@id\":\"https:\\\/\\\/www.retaildetail.be\\\/fr\\\/news\\\/food\\\/le-projet-detiquetage-secret-conduit-a-une-action-en-justice-contre-la-commission-europeenne\\\/#breadcrumb\"},\"inLanguage\":\"fr-FR\",\"potentialAction\":[{\"@type\":\"ReadAction\",\"target\":[\"https:\\\/\\\/www.retaildetail.be\\\/fr\\\/news\\\/food\\\/le-projet-detiquetage-secret-conduit-a-une-action-en-justice-contre-la-commission-europeenne\\\/\"]}]},{\"@type\":\"ImageObject\",\"inLanguage\":\"fr-FR\",\"@id\":\"https:\\\/\\\/www.retaildetail.be\\\/fr\\\/news\\\/food\\\/le-projet-detiquetage-secret-conduit-a-une-action-en-justice-contre-la-commission-europeenne\\\/#primaryimage\",\"url\":\"https:\\\/\\\/www.retaildetail.be\\\/wp-content\\\/uploads\\\/2025\\\/09\\\/800_nutri-scorezuivelschap.jpg\",\"contentUrl\":\"https:\\\/\\\/www.retaildetail.be\\\/wp-content\\\/uploads\\\/2025\\\/09\\\/800_nutri-scorezuivelschap.jpg\",\"width\":800,\"height\":563},{\"@type\":\"BreadcrumbList\",\"@id\":\"https:\\\/\\\/www.retaildetail.be\\\/fr\\\/news\\\/food\\\/le-projet-detiquetage-secret-conduit-a-une-action-en-justice-contre-la-commission-europeenne\\\/#breadcrumb\",\"itemListElement\":[{\"@type\":\"ListItem\",\"position\":1,\"name\":\"Home\",\"item\":\"https:\\\/\\\/www.retaildetail.be\\\/fr\\\/\"},{\"@type\":\"ListItem\",\"position\":2,\"name\":\"Le projet d&#8217;\u00e9tiquetage secret conduit \u00e0 une action en justice contre la Commission europ\u00e9enne\"}]},{\"@type\":\"WebSite\",\"@id\":\"https:\\\/\\\/www.retaildetail.be\\\/nl\\\/#website\",\"url\":\"https:\\\/\\\/www.retaildetail.be\\\/nl\\\/\",\"name\":\"RetailDetail BE\",\"description\":\"News\",\"publisher\":{\"@id\":\"https:\\\/\\\/www.retaildetail.be\\\/nl\\\/#organization\"},\"potentialAction\":[{\"@type\":\"SearchAction\",\"target\":{\"@type\":\"EntryPoint\",\"urlTemplate\":\"https:\\\/\\\/www.retaildetail.be\\\/nl\\\/?s={search_term_string}\"},\"query-input\":{\"@type\":\"PropertyValueSpecification\",\"valueRequired\":true,\"valueName\":\"search_term_string\"}}],\"inLanguage\":\"fr-FR\"},{\"@type\":\"Organization\",\"@id\":\"https:\\\/\\\/www.retaildetail.be\\\/nl\\\/#organization\",\"name\":\"RetailDetail BE\",\"url\":\"https:\\\/\\\/www.retaildetail.be\\\/nl\\\/\",\"logo\":{\"@type\":\"ImageObject\",\"inLanguage\":\"fr-FR\",\"@id\":\"https:\\\/\\\/www.retaildetail.be\\\/nl\\\/#\\\/schema\\\/logo\\\/image\\\/\",\"url\":\"https:\\\/\\\/www.retaildetail.be\\\/wp-content\\\/uploads\\\/2022\\\/04\\\/logo.svg\",\"contentUrl\":\"https:\\\/\\\/www.retaildetail.be\\\/wp-content\\\/uploads\\\/2022\\\/04\\\/logo.svg\",\"width\":131,\"height\":70,\"caption\":\"RetailDetail BE\"},\"image\":{\"@id\":\"https:\\\/\\\/www.retaildetail.be\\\/nl\\\/#\\\/schema\\\/logo\\\/image\\\/\"}},{\"@type\":\"Person\",\"@id\":\"https:\\\/\\\/www.retaildetail.be\\\/nl\\\/#\\\/schema\\\/person\\\/66b54803fa10759039079458ea89e307\",\"name\":\"Pauline Neerman\",\"image\":{\"@type\":\"ImageObject\",\"inLanguage\":\"fr-FR\",\"@id\":\"https:\\\/\\\/secure.gravatar.com\\\/avatar\\\/58db22aee589a691f9603e5765ac06010427a923f9b2728b951eb7fe27214d70?s=96&d=mm&r=g\",\"url\":\"https:\\\/\\\/secure.gravatar.com\\\/avatar\\\/58db22aee589a691f9603e5765ac06010427a923f9b2728b951eb7fe27214d70?s=96&d=mm&r=g\",\"contentUrl\":\"https:\\\/\\\/secure.gravatar.com\\\/avatar\\\/58db22aee589a691f9603e5765ac06010427a923f9b2728b951eb7fe27214d70?s=96&d=mm&r=g\",\"caption\":\"Pauline Neerman\"},\"url\":\"https:\\\/\\\/www.retaildetail.be\\\/fr\\\/author\\\/paulineneerman\\\/\"}]}<\/script>\n<!-- \/ Yoast SEO plugin. -->","yoast_head_json":{"title":"Le projet d'\u00e9tiquetage secret conduit \u00e0 une action en justice contre la Commission europ\u00e9enne - RetailDetail BE","description":"Foodwatch International et Access Info poursuivent la Commission europ\u00e9enne en justice pour avoir dissimul\u00e9 des projets concernant le nouvel \u00e9tiquetage des denr\u00e9es alimentaires. Ces projets ont depuis \u00e9t\u00e9 discr\u00e8tement abandonn\u00e9s.","robots":{"index":"index","follow":"follow","max-snippet":"max-snippet:-1","max-image-preview":"max-image-preview:large","max-video-preview":"max-video-preview:-1"},"canonical":"https:\/\/www.retaildetail.be\/fr\/news\/food\/le-projet-detiquetage-secret-conduit-a-une-action-en-justice-contre-la-commission-europeenne\/","og_locale":"fr_FR","og_type":"article","og_title":"Le projet d'\u00e9tiquetage secret conduit \u00e0 une action en justice contre la Commission europ\u00e9enne - RetailDetail BE","og_description":"Foodwatch International et Access Info poursuivent la Commission europ\u00e9enne en justice pour avoir dissimul\u00e9 des projets concernant le nouvel \u00e9tiquetage des denr\u00e9es alimentaires. Ces projets ont depuis \u00e9t\u00e9 discr\u00e8tement abandonn\u00e9s.","og_url":"https:\/\/www.retaildetail.be\/fr\/news\/food\/le-projet-detiquetage-secret-conduit-a-une-action-en-justice-contre-la-commission-europeenne\/","og_site_name":"RetailDetail BE","article_published_time":"2025-09-19T14:55:23+00:00","article_modified_time":"2025-09-19T14:55:25+00:00","og_image":[{"width":800,"height":563,"url":"https:\/\/www.retaildetail.be\/wp-content\/uploads\/2025\/09\/800_nutri-scorezuivelschap.jpg","type":"image\/jpeg"}],"author":"Pauline Neerman","twitter_card":"summary_large_image","twitter_misc":{"\u00c9crit par":"Pauline Neerman","Dur\u00e9e de lecture estim\u00e9e":"2 minutes"},"schema":{"@context":"https:\/\/schema.org","@graph":[{"@type":"NewsArticle","@id":"https:\/\/www.retaildetail.be\/fr\/news\/food\/le-projet-detiquetage-secret-conduit-a-une-action-en-justice-contre-la-commission-europeenne\/#article","isPartOf":{"@id":"https:\/\/www.retaildetail.be\/fr\/news\/food\/le-projet-detiquetage-secret-conduit-a-une-action-en-justice-contre-la-commission-europeenne\/"},"author":{"name":"Pauline Neerman","@id":"https:\/\/www.retaildetail.be\/nl\/#\/schema\/person\/66b54803fa10759039079458ea89e307"},"headline":"Le projet d&rsquo;\u00e9tiquetage secret conduit \u00e0 une action en justice contre la Commission europ\u00e9enne","datePublished":"2025-09-19T14:55:23+00:00","dateModified":"2025-09-19T14:55:25+00:00","mainEntityOfPage":{"@id":"https:\/\/www.retaildetail.be\/fr\/news\/food\/le-projet-detiquetage-secret-conduit-a-une-action-en-justice-contre-la-commission-europeenne\/"},"wordCount":351,"publisher":{"@id":"https:\/\/www.retaildetail.be\/nl\/#organization"},"image":{"@id":"https:\/\/www.retaildetail.be\/fr\/news\/food\/le-projet-detiquetage-secret-conduit-a-une-action-en-justice-contre-la-commission-europeenne\/#primaryimage"},"thumbnailUrl":"https:\/\/www.retaildetail.be\/wp-content\/uploads\/2025\/09\/800_nutri-scorezuivelschap.jpg","articleSection":["Food","Food"],"inLanguage":"fr-FR","copyrightYear":"2025","copyrightHolder":{"@id":"https:\/\/www.retaildetail.be\/#organization"}},{"@type":"WebPage","@id":"https:\/\/www.retaildetail.be\/fr\/news\/food\/le-projet-detiquetage-secret-conduit-a-une-action-en-justice-contre-la-commission-europeenne\/","url":"https:\/\/www.retaildetail.be\/fr\/news\/food\/le-projet-detiquetage-secret-conduit-a-une-action-en-justice-contre-la-commission-europeenne\/","name":"Le projet d'\u00e9tiquetage secret conduit \u00e0 une action en justice contre la Commission europ\u00e9enne - RetailDetail BE","isPartOf":{"@id":"https:\/\/www.retaildetail.be\/nl\/#website"},"primaryImageOfPage":{"@id":"https:\/\/www.retaildetail.be\/fr\/news\/food\/le-projet-detiquetage-secret-conduit-a-une-action-en-justice-contre-la-commission-europeenne\/#primaryimage"},"image":{"@id":"https:\/\/www.retaildetail.be\/fr\/news\/food\/le-projet-detiquetage-secret-conduit-a-une-action-en-justice-contre-la-commission-europeenne\/#primaryimage"},"thumbnailUrl":"https:\/\/www.retaildetail.be\/wp-content\/uploads\/2025\/09\/800_nutri-scorezuivelschap.jpg","datePublished":"2025-09-19T14:55:23+00:00","dateModified":"2025-09-19T14:55:25+00:00","description":"Foodwatch International et Access Info poursuivent la Commission europ\u00e9enne en justice pour avoir dissimul\u00e9 des projets concernant le nouvel \u00e9tiquetage des denr\u00e9es alimentaires. Ces projets ont depuis \u00e9t\u00e9 discr\u00e8tement abandonn\u00e9s.","breadcrumb":{"@id":"https:\/\/www.retaildetail.be\/fr\/news\/food\/le-projet-detiquetage-secret-conduit-a-une-action-en-justice-contre-la-commission-europeenne\/#breadcrumb"},"inLanguage":"fr-FR","potentialAction":[{"@type":"ReadAction","target":["https:\/\/www.retaildetail.be\/fr\/news\/food\/le-projet-detiquetage-secret-conduit-a-une-action-en-justice-contre-la-commission-europeenne\/"]}]},{"@type":"ImageObject","inLanguage":"fr-FR","@id":"https:\/\/www.retaildetail.be\/fr\/news\/food\/le-projet-detiquetage-secret-conduit-a-une-action-en-justice-contre-la-commission-europeenne\/#primaryimage","url":"https:\/\/www.retaildetail.be\/wp-content\/uploads\/2025\/09\/800_nutri-scorezuivelschap.jpg","contentUrl":"https:\/\/www.retaildetail.be\/wp-content\/uploads\/2025\/09\/800_nutri-scorezuivelschap.jpg","width":800,"height":563},{"@type":"BreadcrumbList","@id":"https:\/\/www.retaildetail.be\/fr\/news\/food\/le-projet-detiquetage-secret-conduit-a-une-action-en-justice-contre-la-commission-europeenne\/#breadcrumb","itemListElement":[{"@type":"ListItem","position":1,"name":"Home","item":"https:\/\/www.retaildetail.be\/fr\/"},{"@type":"ListItem","position":2,"name":"Le projet d&#8217;\u00e9tiquetage secret conduit \u00e0 une action en justice contre la Commission europ\u00e9enne"}]},{"@type":"WebSite","@id":"https:\/\/www.retaildetail.be\/nl\/#website","url":"https:\/\/www.retaildetail.be\/nl\/","name":"RetailDetail BE","description":"News","publisher":{"@id":"https:\/\/www.retaildetail.be\/nl\/#organization"},"potentialAction":[{"@type":"SearchAction","target":{"@type":"EntryPoint","urlTemplate":"https:\/\/www.retaildetail.be\/nl\/?s={search_term_string}"},"query-input":{"@type":"PropertyValueSpecification","valueRequired":true,"valueName":"search_term_string"}}],"inLanguage":"fr-FR"},{"@type":"Organization","@id":"https:\/\/www.retaildetail.be\/nl\/#organization","name":"RetailDetail BE","url":"https:\/\/www.retaildetail.be\/nl\/","logo":{"@type":"ImageObject","inLanguage":"fr-FR","@id":"https:\/\/www.retaildetail.be\/nl\/#\/schema\/logo\/image\/","url":"https:\/\/www.retaildetail.be\/wp-content\/uploads\/2022\/04\/logo.svg","contentUrl":"https:\/\/www.retaildetail.be\/wp-content\/uploads\/2022\/04\/logo.svg","width":131,"height":70,"caption":"RetailDetail BE"},"image":{"@id":"https:\/\/www.retaildetail.be\/nl\/#\/schema\/logo\/image\/"}},{"@type":"Person","@id":"https:\/\/www.retaildetail.be\/nl\/#\/schema\/person\/66b54803fa10759039079458ea89e307","name":"Pauline Neerman","image":{"@type":"ImageObject","inLanguage":"fr-FR","@id":"https:\/\/secure.gravatar.com\/avatar\/58db22aee589a691f9603e5765ac06010427a923f9b2728b951eb7fe27214d70?s=96&d=mm&r=g","url":"https:\/\/secure.gravatar.com\/avatar\/58db22aee589a691f9603e5765ac06010427a923f9b2728b951eb7fe27214d70?s=96&d=mm&r=g","contentUrl":"https:\/\/secure.gravatar.com\/avatar\/58db22aee589a691f9603e5765ac06010427a923f9b2728b951eb7fe27214d70?s=96&d=mm&r=g","caption":"Pauline Neerman"},"url":"https:\/\/www.retaildetail.be\/fr\/author\/paulineneerman\/"}]}},"jetpack_featured_media_url":"https:\/\/www.retaildetail.be\/wp-content\/uploads\/2025\/09\/800_nutri-scorezuivelschap.jpg","jetpack_sharing_enabled":true,"_links":{"self":[{"href":"https:\/\/www.retaildetail.be\/fr\/wp-json\/wp\/v2\/posts\/129007","targetHints":{"allow":["GET"]}}],"collection":[{"href":"https:\/\/www.retaildetail.be\/fr\/wp-json\/wp\/v2\/posts"}],"about":[{"href":"https:\/\/www.retaildetail.be\/fr\/wp-json\/wp\/v2\/types\/post"}],"author":[{"embeddable":true,"href":"https:\/\/www.retaildetail.be\/fr\/wp-json\/wp\/v2\/users\/5"}],"replies":[{"embeddable":true,"href":"https:\/\/www.retaildetail.be\/fr\/wp-json\/wp\/v2\/comments?post=129007"}],"version-history":[{"count":1,"href":"https:\/\/www.retaildetail.be\/fr\/wp-json\/wp\/v2\/posts\/129007\/revisions"}],"predecessor-version":[{"id":129012,"href":"https:\/\/www.retaildetail.be\/fr\/wp-json\/wp\/v2\/posts\/129007\/revisions\/129012"}],"wp:featuredmedia":[{"embeddable":true,"href":"https:\/\/www.retaildetail.be\/fr\/wp-json\/wp\/v2\/media\/129008"}],"wp:attachment":[{"href":"https:\/\/www.retaildetail.be\/fr\/wp-json\/wp\/v2\/media?parent=129007"}],"wp:term":[{"taxonomy":"category","embeddable":true,"href":"https:\/\/www.retaildetail.be\/fr\/wp-json\/wp\/v2\/categories?post=129007"},{"taxonomy":"post_tag","embeddable":true,"href":"https:\/\/www.retaildetail.be\/fr\/wp-json\/wp\/v2\/tags?post=129007"},{"taxonomy":"people","embeddable":true,"href":"https:\/\/www.retaildetail.be\/fr\/wp-json\/wp\/v2\/people?post=129007"},{"taxonomy":"extra","embeddable":true,"href":"https:\/\/www.retaildetail.be\/fr\/wp-json\/wp\/v2\/extra?post=129007"},{"taxonomy":"company","embeddable":true,"href":"https:\/\/www.retaildetail.be\/fr\/wp-json\/wp\/v2\/company?post=129007"},{"taxonomy":"topic","embeddable":true,"href":"https:\/\/www.retaildetail.be\/fr\/wp-json\/wp\/v2\/topic?post=129007"},{"taxonomy":"region","embeddable":true,"href":"https:\/\/www.retaildetail.be\/fr\/wp-json\/wp\/v2\/region?post=129007"}],"curies":[{"name":"wp","href":"https:\/\/api.w.org\/{rel}","templated":true}]}}