{"id":1291,"date":"2012-01-26T18:30:29","date_gmt":"2012-01-26T18:30:29","guid":{"rendered":"https:\/\/www.retaildetail.be\/food\/carrefour-en-passe-de-donner-le-coup-de-grace-a-son-ceo-olofsson\/"},"modified":"2012-01-26T18:30:29","modified_gmt":"2012-01-26T18:30:29","slug":"carrefour-en-passe-de-donner-le-coup-de-grace-a-son-ceo-olofsson","status":"publish","type":"post","link":"https:\/\/www.retaildetail.be\/fr\/news\/food\/carrefour-en-passe-de-donner-le-coup-de-grace-a-son-ceo-olofsson\/","title":{"rendered":"Carrefour en passe de donner  le coup de gr\u00e2ce \u00e0 son CEO Olofsson ?"},"content":{"rendered":"<h2>Plassat aux commandes, exit Olofsson<\/h2>\n<p>En novembre dernier il avait d\u00e9j\u00e0 \u00e9t\u00e9 \u00e9voqu\u00e9 que Carrefour cherchait \u00e0 attirer Plassat en tant que CEO, mais selon les sources de l\u2019agence de presse Reuters, il avait alors d\u00e9clin\u00e9 cette offre. A pr\u00e9sent il aurait repris les discussions avec Carrefour et <a target=\"_blank\" href=\"http:\/\/online.wsj.com\/article\/SB10001424052970204573704577184822758209882.html\" rel=\"noopener\">un accord serait imminent.<\/a><\/p>\n<p>Plassat est l\u2019actuel patron de Vivarte, distributeur de v\u00eatements et de chaussures,\u00a0 (propri\u00e9taire des marques Andr\u00e9, Kookai, La Halle aux chaussures \u2026 entre autres), o\u00f9 depuis 2000\u00a0 il d\u00e9tient\u00a0 10%\u00a0 du capital (pour une valeur estim\u00e9e \u00e0 100 millions d\u2019euros).\u00a0 Selon certaines sources, il devrait encore n\u00e9gocier sa sortie de Vivarte avant son entr\u00e9e chez Carrefour.<\/p>\n<h2>\n<br \/>Deus ex machina pour Carrefour?<\/h2>\n<p>Avant sa carri\u00e8re chez Vivarte, Plassat a pass\u00e9 15 ans chez Casino et a dirig\u00e9 durant deux ans les activit\u00e9s de Carrefour en Espagne, ce qui en fait, selon certains, le candidat id\u00e9al pour remplacer Lars Olofsson.<\/p>\n<p>En tant que Fran\u00e7ais il serait plus apte, selon les analystes,\u00a0 \u00e0 redresser la situation de Carrefour France, qui ne cesse de d\u00e9cliner. Par ailleurs son exp\u00e9rience dans le domaine de la mode pourrait servir \u00e0 relancer les hypermarch\u00e9s Carrefour en perte de vitesse. Lourde t\u00e2che qui incombe \u00e0 George Plassat\u00a0 ou tout autre successeur\u00a0 d\u2019Olofsson.<\/p>\n<p><strong>Update :<\/strong> La bourse a r\u00e9agi de fa\u00e7on positive aux rumeurs : durant ces derni\u00e8res heures l\u2019action Carrefour a gagn\u00e9 7,1%.<\/p>\n<p>\u00a0<\/p>\n<p>\u00a0<\/p>\n<p><em>Traduit par Marie-No\u00eblle Masure<\/em><\/p>\n","protected":false},"excerpt":{"rendered":"<p>Plassat aux commandes, exit Olofsson En novembre dernier il avait d\u00e9j\u00e0 \u00e9t\u00e9 \u00e9voqu\u00e9 que Carrefour cherchait \u00e0 attirer Plassat en tant que CEO, mais selon les sources de l\u2019agence de presse Reuters, il avait alors d\u00e9clin\u00e9 cette offre. A pr\u00e9sent il aurait repris les discussions avec Carrefour et un accord serait imminent. Plassat est l\u2019actuel [&hellip;]<\/p>\n","protected":false},"author":1,"featured_media":84,"comment_status":"closed","ping_status":"closed","sticky":false,"template":"","format":"standard","meta":{"_acf_changed":false,"inline_featured_image":false,"_jetpack_memberships_contains_paid_content":false,"footnotes":""},"categories":[24],"tags":[],"people":[],"extra":[],"company":[],"topic":[],"region":[],"class_list":["post-1291","post","type-post","status-publish","format-standard","has-post-thumbnail","hentry","category-food"],"acf":[],"yoast_head":"<!-- This site is optimized with the Yoast SEO plugin v27.3 - https:\/\/yoast.com\/product\/yoast-seo-wordpress\/ -->\n<title>Carrefour en passe de donner le coup de gr\u00e2ce \u00e0 son CEO Olofsson ? - RetailDetail BE<\/title>\n<meta name=\"robots\" content=\"index, follow, max-snippet:-1, max-image-preview:large, max-video-preview:-1\" \/>\n<link rel=\"canonical\" href=\"https:\/\/www.retaildetail.be\/fr\/news\/food\/carrefour-en-passe-de-donner-le-coup-de-grace-a-son-ceo-olofsson\/\" \/>\n<meta property=\"og:locale\" content=\"fr_FR\" \/>\n<meta property=\"og:type\" content=\"article\" \/>\n<meta property=\"og:title\" content=\"Carrefour en passe de donner le coup de gr\u00e2ce \u00e0 son CEO Olofsson ? - RetailDetail BE\" \/>\n<meta property=\"og:description\" content=\"Plassat aux commandes, exit Olofsson En novembre dernier il avait d\u00e9j\u00e0 \u00e9t\u00e9 \u00e9voqu\u00e9 que Carrefour cherchait \u00e0 attirer Plassat en tant que CEO, mais selon les sources de l\u2019agence de presse Reuters, il avait alors d\u00e9clin\u00e9 cette offre. A pr\u00e9sent il aurait repris les discussions avec Carrefour et un accord serait imminent. Plassat est l\u2019actuel [&hellip;]\" \/>\n<meta property=\"og:url\" content=\"https:\/\/www.retaildetail.be\/fr\/news\/food\/carrefour-en-passe-de-donner-le-coup-de-grace-a-son-ceo-olofsson\/\" \/>\n<meta property=\"og:site_name\" content=\"RetailDetail BE\" \/>\n<meta property=\"article:published_time\" content=\"2012-01-26T18:30:29+00:00\" \/>\n<meta property=\"og:image\" content=\"https:\/\/i0.wp.com\/www.retaildetail.be\/wp-content\/uploads\/2022\/04\/logo.png?fit=281%2C147&quality=100&strip=all&ssl=1\" \/>\n\t<meta property=\"og:image:width\" content=\"281\" \/>\n\t<meta property=\"og:image:height\" content=\"147\" \/>\n\t<meta property=\"og:image:type\" content=\"image\/png\" \/>\n<meta name=\"author\" content=\"dev@grandiz.com\" \/>\n<meta name=\"twitter:card\" content=\"summary_large_image\" \/>\n<meta name=\"twitter:label1\" content=\"\u00c9crit par\" \/>\n\t<meta name=\"twitter:data1\" content=\"dev@grandiz.com\" \/>\n\t<meta name=\"twitter:label2\" content=\"Dur\u00e9e de lecture estim\u00e9e\" \/>\n\t<meta name=\"twitter:data2\" content=\"1 minute\" \/>\n<script type=\"application\/ld+json\" class=\"yoast-schema-graph\">{\"@context\":\"https:\\\/\\\/schema.org\",\"@graph\":[{\"@type\":\"NewsArticle\",\"@id\":\"https:\\\/\\\/www.retaildetail.be\\\/fr\\\/news\\\/food\\\/carrefour-en-passe-de-donner-le-coup-de-grace-a-son-ceo-olofsson\\\/#article\",\"isPartOf\":{\"@id\":\"https:\\\/\\\/www.retaildetail.be\\\/fr\\\/news\\\/food\\\/carrefour-en-passe-de-donner-le-coup-de-grace-a-son-ceo-olofsson\\\/\"},\"author\":{\"name\":\"dev@grandiz.com\",\"@id\":\"https:\\\/\\\/www.retaildetail.be\\\/nl\\\/#\\\/schema\\\/person\\\/ba2d383452a753a3a1ce8cdb349b5fc9\"},\"headline\":\"Carrefour en passe de donner le coup de gr\u00e2ce \u00e0 son CEO Olofsson ?\",\"datePublished\":\"2012-01-26T18:30:29+00:00\",\"mainEntityOfPage\":{\"@id\":\"https:\\\/\\\/www.retaildetail.be\\\/fr\\\/news\\\/food\\\/carrefour-en-passe-de-donner-le-coup-de-grace-a-son-ceo-olofsson\\\/\"},\"wordCount\":257,\"publisher\":{\"@id\":\"https:\\\/\\\/www.retaildetail.be\\\/nl\\\/#organization\"},\"image\":{\"@id\":\"https:\\\/\\\/www.retaildetail.be\\\/fr\\\/news\\\/food\\\/carrefour-en-passe-de-donner-le-coup-de-grace-a-son-ceo-olofsson\\\/#primaryimage\"},\"thumbnailUrl\":\"https:\\\/\\\/www.retaildetail.be\\\/wp-content\\\/uploads\\\/2022\\\/04\\\/logo.png\",\"articleSection\":[\"Food\"],\"inLanguage\":\"fr-FR\",\"copyrightYear\":\"2012\",\"copyrightHolder\":{\"@id\":\"https:\\\/\\\/www.retaildetail.be\\\/#organization\"}},{\"@type\":\"WebPage\",\"@id\":\"https:\\\/\\\/www.retaildetail.be\\\/fr\\\/news\\\/food\\\/carrefour-en-passe-de-donner-le-coup-de-grace-a-son-ceo-olofsson\\\/\",\"url\":\"https:\\\/\\\/www.retaildetail.be\\\/fr\\\/news\\\/food\\\/carrefour-en-passe-de-donner-le-coup-de-grace-a-son-ceo-olofsson\\\/\",\"name\":\"Carrefour en passe de donner le coup de gr\u00e2ce \u00e0 son CEO Olofsson ? - RetailDetail BE\",\"isPartOf\":{\"@id\":\"https:\\\/\\\/www.retaildetail.be\\\/nl\\\/#website\"},\"primaryImageOfPage\":{\"@id\":\"https:\\\/\\\/www.retaildetail.be\\\/fr\\\/news\\\/food\\\/carrefour-en-passe-de-donner-le-coup-de-grace-a-son-ceo-olofsson\\\/#primaryimage\"},\"image\":{\"@id\":\"https:\\\/\\\/www.retaildetail.be\\\/fr\\\/news\\\/food\\\/carrefour-en-passe-de-donner-le-coup-de-grace-a-son-ceo-olofsson\\\/#primaryimage\"},\"thumbnailUrl\":\"https:\\\/\\\/www.retaildetail.be\\\/wp-content\\\/uploads\\\/2022\\\/04\\\/logo.png\",\"datePublished\":\"2012-01-26T18:30:29+00:00\",\"breadcrumb\":{\"@id\":\"https:\\\/\\\/www.retaildetail.be\\\/fr\\\/news\\\/food\\\/carrefour-en-passe-de-donner-le-coup-de-grace-a-son-ceo-olofsson\\\/#breadcrumb\"},\"inLanguage\":\"fr-FR\",\"potentialAction\":[{\"@type\":\"ReadAction\",\"target\":[\"https:\\\/\\\/www.retaildetail.be\\\/fr\\\/news\\\/food\\\/carrefour-en-passe-de-donner-le-coup-de-grace-a-son-ceo-olofsson\\\/\"]}]},{\"@type\":\"ImageObject\",\"inLanguage\":\"fr-FR\",\"@id\":\"https:\\\/\\\/www.retaildetail.be\\\/fr\\\/news\\\/food\\\/carrefour-en-passe-de-donner-le-coup-de-grace-a-son-ceo-olofsson\\\/#primaryimage\",\"url\":\"https:\\\/\\\/www.retaildetail.be\\\/wp-content\\\/uploads\\\/2022\\\/04\\\/logo.png\",\"contentUrl\":\"https:\\\/\\\/www.retaildetail.be\\\/wp-content\\\/uploads\\\/2022\\\/04\\\/logo.png\",\"width\":281,\"height\":147},{\"@type\":\"BreadcrumbList\",\"@id\":\"https:\\\/\\\/www.retaildetail.be\\\/fr\\\/news\\\/food\\\/carrefour-en-passe-de-donner-le-coup-de-grace-a-son-ceo-olofsson\\\/#breadcrumb\",\"itemListElement\":[{\"@type\":\"ListItem\",\"position\":1,\"name\":\"Home\",\"item\":\"https:\\\/\\\/www.retaildetail.be\\\/fr\\\/\"},{\"@type\":\"ListItem\",\"position\":2,\"name\":\"Carrefour en passe de donner le coup de gr\u00e2ce \u00e0 son CEO Olofsson ?\"}]},{\"@type\":\"WebSite\",\"@id\":\"https:\\\/\\\/www.retaildetail.be\\\/nl\\\/#website\",\"url\":\"https:\\\/\\\/www.retaildetail.be\\\/nl\\\/\",\"name\":\"RetailDetail BE\",\"description\":\"News\",\"publisher\":{\"@id\":\"https:\\\/\\\/www.retaildetail.be\\\/nl\\\/#organization\"},\"potentialAction\":[{\"@type\":\"SearchAction\",\"target\":{\"@type\":\"EntryPoint\",\"urlTemplate\":\"https:\\\/\\\/www.retaildetail.be\\\/nl\\\/?s={search_term_string}\"},\"query-input\":{\"@type\":\"PropertyValueSpecification\",\"valueRequired\":true,\"valueName\":\"search_term_string\"}}],\"inLanguage\":\"fr-FR\"},{\"@type\":\"Organization\",\"@id\":\"https:\\\/\\\/www.retaildetail.be\\\/nl\\\/#organization\",\"name\":\"RetailDetail BE\",\"url\":\"https:\\\/\\\/www.retaildetail.be\\\/nl\\\/\",\"logo\":{\"@type\":\"ImageObject\",\"inLanguage\":\"fr-FR\",\"@id\":\"https:\\\/\\\/www.retaildetail.be\\\/nl\\\/#\\\/schema\\\/logo\\\/image\\\/\",\"url\":\"https:\\\/\\\/www.retaildetail.be\\\/wp-content\\\/uploads\\\/2022\\\/04\\\/logo.svg\",\"contentUrl\":\"https:\\\/\\\/www.retaildetail.be\\\/wp-content\\\/uploads\\\/2022\\\/04\\\/logo.svg\",\"width\":131,\"height\":70,\"caption\":\"RetailDetail BE\"},\"image\":{\"@id\":\"https:\\\/\\\/www.retaildetail.be\\\/nl\\\/#\\\/schema\\\/logo\\\/image\\\/\"}},{\"@type\":\"Person\",\"@id\":\"https:\\\/\\\/www.retaildetail.be\\\/nl\\\/#\\\/schema\\\/person\\\/ba2d383452a753a3a1ce8cdb349b5fc9\",\"name\":\"dev@grandiz.com\",\"image\":{\"@type\":\"ImageObject\",\"inLanguage\":\"fr-FR\",\"@id\":\"https:\\\/\\\/secure.gravatar.com\\\/avatar\\\/5f53ce9fb6eed4a60e5aaaa712be8773880fa9459d9cac9bc4aa4fdbce3f447f?s=96&d=mm&r=g\",\"url\":\"https:\\\/\\\/secure.gravatar.com\\\/avatar\\\/5f53ce9fb6eed4a60e5aaaa712be8773880fa9459d9cac9bc4aa4fdbce3f447f?s=96&d=mm&r=g\",\"contentUrl\":\"https:\\\/\\\/secure.gravatar.com\\\/avatar\\\/5f53ce9fb6eed4a60e5aaaa712be8773880fa9459d9cac9bc4aa4fdbce3f447f?s=96&d=mm&r=g\",\"caption\":\"dev@grandiz.com\"},\"sameAs\":[\"http:\\\/\\\/preprod.retaildetail.be\"],\"url\":\"https:\\\/\\\/www.retaildetail.be\\\/fr\\\/author\\\/devgrandiz-com\\\/\"}]}<\/script>\n<!-- \/ Yoast SEO plugin. -->","yoast_head_json":{"title":"Carrefour en passe de donner le coup de gr\u00e2ce \u00e0 son CEO Olofsson ? - RetailDetail BE","robots":{"index":"index","follow":"follow","max-snippet":"max-snippet:-1","max-image-preview":"max-image-preview:large","max-video-preview":"max-video-preview:-1"},"canonical":"https:\/\/www.retaildetail.be\/fr\/news\/food\/carrefour-en-passe-de-donner-le-coup-de-grace-a-son-ceo-olofsson\/","og_locale":"fr_FR","og_type":"article","og_title":"Carrefour en passe de donner le coup de gr\u00e2ce \u00e0 son CEO Olofsson ? - RetailDetail BE","og_description":"Plassat aux commandes, exit Olofsson En novembre dernier il avait d\u00e9j\u00e0 \u00e9t\u00e9 \u00e9voqu\u00e9 que Carrefour cherchait \u00e0 attirer Plassat en tant que CEO, mais selon les sources de l\u2019agence de presse Reuters, il avait alors d\u00e9clin\u00e9 cette offre. A pr\u00e9sent il aurait repris les discussions avec Carrefour et un accord serait imminent. Plassat est l\u2019actuel [&hellip;]","og_url":"https:\/\/www.retaildetail.be\/fr\/news\/food\/carrefour-en-passe-de-donner-le-coup-de-grace-a-son-ceo-olofsson\/","og_site_name":"RetailDetail BE","article_published_time":"2012-01-26T18:30:29+00:00","og_image":[{"width":281,"height":147,"url":"https:\/\/i0.wp.com\/www.retaildetail.be\/wp-content\/uploads\/2022\/04\/logo.png?fit=281%2C147&quality=100&strip=all&ssl=1","type":"image\/png"}],"author":"dev@grandiz.com","twitter_card":"summary_large_image","twitter_misc":{"\u00c9crit par":"dev@grandiz.com","Dur\u00e9e de lecture estim\u00e9e":"1 minute"},"schema":{"@context":"https:\/\/schema.org","@graph":[{"@type":"NewsArticle","@id":"https:\/\/www.retaildetail.be\/fr\/news\/food\/carrefour-en-passe-de-donner-le-coup-de-grace-a-son-ceo-olofsson\/#article","isPartOf":{"@id":"https:\/\/www.retaildetail.be\/fr\/news\/food\/carrefour-en-passe-de-donner-le-coup-de-grace-a-son-ceo-olofsson\/"},"author":{"name":"dev@grandiz.com","@id":"https:\/\/www.retaildetail.be\/nl\/#\/schema\/person\/ba2d383452a753a3a1ce8cdb349b5fc9"},"headline":"Carrefour en passe de donner le coup de gr\u00e2ce \u00e0 son CEO Olofsson ?","datePublished":"2012-01-26T18:30:29+00:00","mainEntityOfPage":{"@id":"https:\/\/www.retaildetail.be\/fr\/news\/food\/carrefour-en-passe-de-donner-le-coup-de-grace-a-son-ceo-olofsson\/"},"wordCount":257,"publisher":{"@id":"https:\/\/www.retaildetail.be\/nl\/#organization"},"image":{"@id":"https:\/\/www.retaildetail.be\/fr\/news\/food\/carrefour-en-passe-de-donner-le-coup-de-grace-a-son-ceo-olofsson\/#primaryimage"},"thumbnailUrl":"https:\/\/www.retaildetail.be\/wp-content\/uploads\/2022\/04\/logo.png","articleSection":["Food"],"inLanguage":"fr-FR","copyrightYear":"2012","copyrightHolder":{"@id":"https:\/\/www.retaildetail.be\/#organization"}},{"@type":"WebPage","@id":"https:\/\/www.retaildetail.be\/fr\/news\/food\/carrefour-en-passe-de-donner-le-coup-de-grace-a-son-ceo-olofsson\/","url":"https:\/\/www.retaildetail.be\/fr\/news\/food\/carrefour-en-passe-de-donner-le-coup-de-grace-a-son-ceo-olofsson\/","name":"Carrefour en passe de donner le coup de gr\u00e2ce \u00e0 son CEO Olofsson ? - RetailDetail BE","isPartOf":{"@id":"https:\/\/www.retaildetail.be\/nl\/#website"},"primaryImageOfPage":{"@id":"https:\/\/www.retaildetail.be\/fr\/news\/food\/carrefour-en-passe-de-donner-le-coup-de-grace-a-son-ceo-olofsson\/#primaryimage"},"image":{"@id":"https:\/\/www.retaildetail.be\/fr\/news\/food\/carrefour-en-passe-de-donner-le-coup-de-grace-a-son-ceo-olofsson\/#primaryimage"},"thumbnailUrl":"https:\/\/www.retaildetail.be\/wp-content\/uploads\/2022\/04\/logo.png","datePublished":"2012-01-26T18:30:29+00:00","breadcrumb":{"@id":"https:\/\/www.retaildetail.be\/fr\/news\/food\/carrefour-en-passe-de-donner-le-coup-de-grace-a-son-ceo-olofsson\/#breadcrumb"},"inLanguage":"fr-FR","potentialAction":[{"@type":"ReadAction","target":["https:\/\/www.retaildetail.be\/fr\/news\/food\/carrefour-en-passe-de-donner-le-coup-de-grace-a-son-ceo-olofsson\/"]}]},{"@type":"ImageObject","inLanguage":"fr-FR","@id":"https:\/\/www.retaildetail.be\/fr\/news\/food\/carrefour-en-passe-de-donner-le-coup-de-grace-a-son-ceo-olofsson\/#primaryimage","url":"https:\/\/www.retaildetail.be\/wp-content\/uploads\/2022\/04\/logo.png","contentUrl":"https:\/\/www.retaildetail.be\/wp-content\/uploads\/2022\/04\/logo.png","width":281,"height":147},{"@type":"BreadcrumbList","@id":"https:\/\/www.retaildetail.be\/fr\/news\/food\/carrefour-en-passe-de-donner-le-coup-de-grace-a-son-ceo-olofsson\/#breadcrumb","itemListElement":[{"@type":"ListItem","position":1,"name":"Home","item":"https:\/\/www.retaildetail.be\/fr\/"},{"@type":"ListItem","position":2,"name":"Carrefour en passe de donner le coup de gr\u00e2ce \u00e0 son CEO Olofsson ?"}]},{"@type":"WebSite","@id":"https:\/\/www.retaildetail.be\/nl\/#website","url":"https:\/\/www.retaildetail.be\/nl\/","name":"RetailDetail BE","description":"News","publisher":{"@id":"https:\/\/www.retaildetail.be\/nl\/#organization"},"potentialAction":[{"@type":"SearchAction","target":{"@type":"EntryPoint","urlTemplate":"https:\/\/www.retaildetail.be\/nl\/?s={search_term_string}"},"query-input":{"@type":"PropertyValueSpecification","valueRequired":true,"valueName":"search_term_string"}}],"inLanguage":"fr-FR"},{"@type":"Organization","@id":"https:\/\/www.retaildetail.be\/nl\/#organization","name":"RetailDetail BE","url":"https:\/\/www.retaildetail.be\/nl\/","logo":{"@type":"ImageObject","inLanguage":"fr-FR","@id":"https:\/\/www.retaildetail.be\/nl\/#\/schema\/logo\/image\/","url":"https:\/\/www.retaildetail.be\/wp-content\/uploads\/2022\/04\/logo.svg","contentUrl":"https:\/\/www.retaildetail.be\/wp-content\/uploads\/2022\/04\/logo.svg","width":131,"height":70,"caption":"RetailDetail BE"},"image":{"@id":"https:\/\/www.retaildetail.be\/nl\/#\/schema\/logo\/image\/"}},{"@type":"Person","@id":"https:\/\/www.retaildetail.be\/nl\/#\/schema\/person\/ba2d383452a753a3a1ce8cdb349b5fc9","name":"dev@grandiz.com","image":{"@type":"ImageObject","inLanguage":"fr-FR","@id":"https:\/\/secure.gravatar.com\/avatar\/5f53ce9fb6eed4a60e5aaaa712be8773880fa9459d9cac9bc4aa4fdbce3f447f?s=96&d=mm&r=g","url":"https:\/\/secure.gravatar.com\/avatar\/5f53ce9fb6eed4a60e5aaaa712be8773880fa9459d9cac9bc4aa4fdbce3f447f?s=96&d=mm&r=g","contentUrl":"https:\/\/secure.gravatar.com\/avatar\/5f53ce9fb6eed4a60e5aaaa712be8773880fa9459d9cac9bc4aa4fdbce3f447f?s=96&d=mm&r=g","caption":"dev@grandiz.com"},"sameAs":["http:\/\/preprod.retaildetail.be"],"url":"https:\/\/www.retaildetail.be\/fr\/author\/devgrandiz-com\/"}]}},"jetpack_featured_media_url":"https:\/\/www.retaildetail.be\/wp-content\/uploads\/2022\/04\/logo.png","jetpack_sharing_enabled":true,"_links":{"self":[{"href":"https:\/\/www.retaildetail.be\/fr\/wp-json\/wp\/v2\/posts\/1291","targetHints":{"allow":["GET"]}}],"collection":[{"href":"https:\/\/www.retaildetail.be\/fr\/wp-json\/wp\/v2\/posts"}],"about":[{"href":"https:\/\/www.retaildetail.be\/fr\/wp-json\/wp\/v2\/types\/post"}],"author":[{"embeddable":true,"href":"https:\/\/www.retaildetail.be\/fr\/wp-json\/wp\/v2\/users\/1"}],"replies":[{"embeddable":true,"href":"https:\/\/www.retaildetail.be\/fr\/wp-json\/wp\/v2\/comments?post=1291"}],"version-history":[{"count":0,"href":"https:\/\/www.retaildetail.be\/fr\/wp-json\/wp\/v2\/posts\/1291\/revisions"}],"wp:featuredmedia":[{"embeddable":true,"href":"https:\/\/www.retaildetail.be\/fr\/wp-json\/wp\/v2\/media\/84"}],"wp:attachment":[{"href":"https:\/\/www.retaildetail.be\/fr\/wp-json\/wp\/v2\/media?parent=1291"}],"wp:term":[{"taxonomy":"category","embeddable":true,"href":"https:\/\/www.retaildetail.be\/fr\/wp-json\/wp\/v2\/categories?post=1291"},{"taxonomy":"post_tag","embeddable":true,"href":"https:\/\/www.retaildetail.be\/fr\/wp-json\/wp\/v2\/tags?post=1291"},{"taxonomy":"people","embeddable":true,"href":"https:\/\/www.retaildetail.be\/fr\/wp-json\/wp\/v2\/people?post=1291"},{"taxonomy":"extra","embeddable":true,"href":"https:\/\/www.retaildetail.be\/fr\/wp-json\/wp\/v2\/extra?post=1291"},{"taxonomy":"company","embeddable":true,"href":"https:\/\/www.retaildetail.be\/fr\/wp-json\/wp\/v2\/company?post=1291"},{"taxonomy":"topic","embeddable":true,"href":"https:\/\/www.retaildetail.be\/fr\/wp-json\/wp\/v2\/topic?post=1291"},{"taxonomy":"region","embeddable":true,"href":"https:\/\/www.retaildetail.be\/fr\/wp-json\/wp\/v2\/region?post=1291"}],"curies":[{"name":"wp","href":"https:\/\/api.w.org\/{rel}","templated":true}]}}