{"id":129107,"date":"2025-09-22T12:27:34","date_gmt":"2025-09-22T10:27:34","guid":{"rendered":"https:\/\/www.retaildetail.be\/?p=129107"},"modified":"2025-09-22T12:27:36","modified_gmt":"2025-09-22T10:27:36","slug":"zeeman-devant-le-tribunal-pour-son-operation-marketing-avec-des-diamants-bon-marches","status":"publish","type":"post","link":"https:\/\/www.retaildetail.be\/fr\/news\/mode\/zeeman-devant-le-tribunal-pour-son-operation-marketing-avec-des-diamants-bon-marches\/","title":{"rendered":"Zeeman devant le tribunal pour son op\u00e9ration marketing avec des diamants bon march\u00e9s"},"content":{"rendered":"\n<p>Apr\u00e8s son coup de marketing plus que r\u00e9ussi avec les diamants synth\u00e9tiques, <strong>Zeeman<\/strong> commande un nouveau stock. Mais dans le m\u00eame temps, une entreprise de joaillerie a intent\u00e9 une action en r\u00e9f\u00e9r\u00e9 contre le discounter textile, estimant que la campagne \u00e9tait trompeuse.<\/p>\n\n\n\n<h2 class=\"wp-block-heading\">Comparaison \u00e9quitable des prix<\/h2>\n\n\n\n<p>L&rsquo;offre promotionnelle de Zeeman, qui permettait aux clients d&rsquo;acheter un pendentif orn\u00e9 d&rsquo;un diamant synth\u00e9tique pour 29,99 euros au d\u00e9but du mois, a connu un succ\u00e8s imm\u00e9diat : en moins d&rsquo;une heure, l&rsquo;ensemble du stock de plusieurs milliers de pi\u00e8ces a \u00e9t\u00e9 vendu, <a href=\"https:\/\/www.retaildetail.be\/fr\/news\/mode\/zeeman-vend-milliers-des-diamants-bon-marches\/\">malgr\u00e9 une panne de la boutique en ligne<\/a>. Le d\u00e9taillant a donc d\u00e9cid\u00e9 de commander un nouveau stock. Celui-ci n&rsquo;est toutefois disponible que pour les clients qui se sont inscrits pour recevoir une mise \u00e0 jour apr\u00e8s avoir manqu\u00e9 d&rsquo;un exemplaire.<\/p>\n\n\n\n<p>Mais l&rsquo;histoire conna\u00eet un rebondissement : l&rsquo;entreprise de joaillerie Gisser a intent\u00e9 une action en r\u00e9f\u00e9r\u00e9 contre Zeeman pour tromperie. Dans sa campagne, le d\u00e9taillant affirme qu&rsquo;un bijou similaire co\u00fbterait \u00ab\u00a0souvent plus de 300 euros\u00a0\u00bb chez un bijoutier, alors que son pendentif avec diamant de laboratoire co\u00fbte 29,99 euros. Selon Gisser, cette affirmation est erron\u00e9e : un bijou comparable chez un bijoutier co\u00fbterait \u00e0 peu pr\u00e8s le m\u00eame prix. L&rsquo;affaire sera jug\u00e9e le vendredi 26 septembre au tribunal de La Haye.<\/p>\n\n\n\n<p>Parall\u00e8lement, l&rsquo;entreprise de joaillerie a annonc\u00e9 qu&rsquo;elle lan\u00e7ait un pendentif en argent avec des diamants cultiv\u00e9s en laboratoire, similaire aux bijoux propos\u00e9s par Zeeman. Ce produit sera disponible dans les bijouteries des Pays-Bas \u00e0 partir du mois d&rsquo;octobre, au m\u00eame prix de 29,99 euros. Gisser souhaite ainsi montrer qu&rsquo;une comparaison \u00e9quitable des prix est possible, sans pour autant induire les consommateurs en erreur.<\/p>\n","protected":false},"excerpt":{"rendered":"<p>Apr\u00e8s son coup de marketing plus que r\u00e9ussi avec les diamants synth\u00e9tiques, Zeeman commande un nouveau stock. Mais dans le m\u00eame temps, une entreprise de joaillerie a intent\u00e9 une action en r\u00e9f\u00e9r\u00e9 contre le discounter textile, estimant que la campagne \u00e9tait trompeuse. <\/p>\n","protected":false},"author":3,"featured_media":129108,"comment_status":"closed","ping_status":"closed","sticky":false,"template":"","format":"standard","meta":{"_acf_changed":false,"inline_featured_image":false,"_jetpack_memberships_contains_paid_content":false,"footnotes":""},"categories":[14,22],"tags":[],"people":[],"extra":[],"company":[270],"topic":[756,488],"region":[],"class_list":{"0":"post-129107","1":"post","2":"type-post","3":"status-publish","4":"format-standard","5":"has-post-thumbnail","6":"hentry","7":"category-mode","9":"company-zeeman","10":"topic-litige","11":"topic-marketing"},"acf":[],"yoast_head":"<!-- This site is optimized with the Yoast SEO plugin v27.3 - https:\/\/yoast.com\/product\/yoast-seo-wordpress\/ -->\n<title>Zeeman devant le tribunal pour son op\u00e9ration marketing avec des diamants bon march\u00e9s - RetailDetail BE<\/title>\n<meta name=\"description\" content=\"Apr\u00e8s son coup de marketing plus que r\u00e9ussi avec les diamants synth\u00e9tiques, Zeeman commande un nouveau stock.\" \/>\n<meta name=\"robots\" content=\"index, follow, max-snippet:-1, max-image-preview:large, max-video-preview:-1\" \/>\n<link rel=\"canonical\" href=\"https:\/\/www.retaildetail.be\/fr\/news\/mode\/zeeman-devant-le-tribunal-pour-son-operation-marketing-avec-des-diamants-bon-marches\/\" \/>\n<meta property=\"og:locale\" content=\"fr_FR\" \/>\n<meta property=\"og:type\" content=\"article\" \/>\n<meta property=\"og:title\" content=\"Zeeman devant le tribunal pour son op\u00e9ration marketing avec des diamants bon march\u00e9s - RetailDetail BE\" \/>\n<meta property=\"og:description\" content=\"Apr\u00e8s son coup de marketing plus que r\u00e9ussi avec les diamants synth\u00e9tiques, Zeeman commande un nouveau stock.\" \/>\n<meta property=\"og:url\" content=\"https:\/\/www.retaildetail.be\/fr\/news\/mode\/zeeman-devant-le-tribunal-pour-son-operation-marketing-avec-des-diamants-bon-marches\/\" \/>\n<meta property=\"og:site_name\" content=\"RetailDetail BE\" \/>\n<meta property=\"article:published_time\" content=\"2025-09-22T10:27:34+00:00\" \/>\n<meta property=\"article:modified_time\" content=\"2025-09-22T10:27:36+00:00\" \/>\n<meta property=\"og:image\" content=\"https:\/\/www.retaildetail.be\/wp-content\/uploads\/2025\/09\/Zeeman_Diamant_Liggend_Campagnebeeld-scaled-1-1-1.jpg\" \/>\n\t<meta property=\"og:image:width\" content=\"2560\" \/>\n\t<meta property=\"og:image:height\" content=\"1440\" \/>\n\t<meta property=\"og:image:type\" content=\"image\/jpeg\" \/>\n<meta name=\"author\" content=\"Stefan Van Rompaey\" \/>\n<meta name=\"twitter:card\" content=\"summary_large_image\" \/>\n<meta name=\"twitter:label1\" content=\"\u00c9crit par\" \/>\n\t<meta name=\"twitter:data1\" content=\"Stefan Van Rompaey\" \/>\n\t<meta name=\"twitter:label2\" content=\"Dur\u00e9e de lecture estim\u00e9e\" \/>\n\t<meta name=\"twitter:data2\" content=\"1 minute\" \/>\n<script type=\"application\/ld+json\" class=\"yoast-schema-graph\">{\"@context\":\"https:\\\/\\\/schema.org\",\"@graph\":[{\"@type\":\"NewsArticle\",\"@id\":\"https:\\\/\\\/www.retaildetail.be\\\/fr\\\/news\\\/mode\\\/zeeman-devant-le-tribunal-pour-son-operation-marketing-avec-des-diamants-bon-marches\\\/#article\",\"isPartOf\":{\"@id\":\"https:\\\/\\\/www.retaildetail.be\\\/fr\\\/news\\\/mode\\\/zeeman-devant-le-tribunal-pour-son-operation-marketing-avec-des-diamants-bon-marches\\\/\"},\"author\":{\"name\":\"Stefan Van Rompaey\",\"@id\":\"https:\\\/\\\/www.retaildetail.be\\\/nl\\\/#\\\/schema\\\/person\\\/51aec6069c4416aa2f68b2e4ff3455df\"},\"headline\":\"Zeeman devant le tribunal pour son op\u00e9ration marketing avec des diamants bon march\u00e9s\",\"datePublished\":\"2025-09-22T10:27:34+00:00\",\"dateModified\":\"2025-09-22T10:27:36+00:00\",\"mainEntityOfPage\":{\"@id\":\"https:\\\/\\\/www.retaildetail.be\\\/fr\\\/news\\\/mode\\\/zeeman-devant-le-tribunal-pour-son-operation-marketing-avec-des-diamants-bon-marches\\\/\"},\"wordCount\":323,\"publisher\":{\"@id\":\"https:\\\/\\\/www.retaildetail.be\\\/nl\\\/#organization\"},\"image\":{\"@id\":\"https:\\\/\\\/www.retaildetail.be\\\/fr\\\/news\\\/mode\\\/zeeman-devant-le-tribunal-pour-son-operation-marketing-avec-des-diamants-bon-marches\\\/#primaryimage\"},\"thumbnailUrl\":\"https:\\\/\\\/www.retaildetail.be\\\/wp-content\\\/uploads\\\/2025\\\/09\\\/Zeeman_Diamant_Liggend_Campagnebeeld-scaled-1-1-1.jpg\",\"articleSection\":[\"Mode\",\"Mode\"],\"inLanguage\":\"fr-FR\",\"copyrightYear\":\"2025\",\"copyrightHolder\":{\"@id\":\"https:\\\/\\\/www.retaildetail.be\\\/#organization\"}},{\"@type\":\"WebPage\",\"@id\":\"https:\\\/\\\/www.retaildetail.be\\\/fr\\\/news\\\/mode\\\/zeeman-devant-le-tribunal-pour-son-operation-marketing-avec-des-diamants-bon-marches\\\/\",\"url\":\"https:\\\/\\\/www.retaildetail.be\\\/fr\\\/news\\\/mode\\\/zeeman-devant-le-tribunal-pour-son-operation-marketing-avec-des-diamants-bon-marches\\\/\",\"name\":\"Zeeman devant le tribunal pour son op\u00e9ration marketing avec des diamants bon march\u00e9s - RetailDetail BE\",\"isPartOf\":{\"@id\":\"https:\\\/\\\/www.retaildetail.be\\\/nl\\\/#website\"},\"primaryImageOfPage\":{\"@id\":\"https:\\\/\\\/www.retaildetail.be\\\/fr\\\/news\\\/mode\\\/zeeman-devant-le-tribunal-pour-son-operation-marketing-avec-des-diamants-bon-marches\\\/#primaryimage\"},\"image\":{\"@id\":\"https:\\\/\\\/www.retaildetail.be\\\/fr\\\/news\\\/mode\\\/zeeman-devant-le-tribunal-pour-son-operation-marketing-avec-des-diamants-bon-marches\\\/#primaryimage\"},\"thumbnailUrl\":\"https:\\\/\\\/www.retaildetail.be\\\/wp-content\\\/uploads\\\/2025\\\/09\\\/Zeeman_Diamant_Liggend_Campagnebeeld-scaled-1-1-1.jpg\",\"datePublished\":\"2025-09-22T10:27:34+00:00\",\"dateModified\":\"2025-09-22T10:27:36+00:00\",\"description\":\"Apr\u00e8s son coup de marketing plus que r\u00e9ussi avec les diamants synth\u00e9tiques, Zeeman commande un nouveau stock.\",\"breadcrumb\":{\"@id\":\"https:\\\/\\\/www.retaildetail.be\\\/fr\\\/news\\\/mode\\\/zeeman-devant-le-tribunal-pour-son-operation-marketing-avec-des-diamants-bon-marches\\\/#breadcrumb\"},\"inLanguage\":\"fr-FR\",\"potentialAction\":[{\"@type\":\"ReadAction\",\"target\":[\"https:\\\/\\\/www.retaildetail.be\\\/fr\\\/news\\\/mode\\\/zeeman-devant-le-tribunal-pour-son-operation-marketing-avec-des-diamants-bon-marches\\\/\"]}]},{\"@type\":\"ImageObject\",\"inLanguage\":\"fr-FR\",\"@id\":\"https:\\\/\\\/www.retaildetail.be\\\/fr\\\/news\\\/mode\\\/zeeman-devant-le-tribunal-pour-son-operation-marketing-avec-des-diamants-bon-marches\\\/#primaryimage\",\"url\":\"https:\\\/\\\/www.retaildetail.be\\\/wp-content\\\/uploads\\\/2025\\\/09\\\/Zeeman_Diamant_Liggend_Campagnebeeld-scaled-1-1-1.jpg\",\"contentUrl\":\"https:\\\/\\\/www.retaildetail.be\\\/wp-content\\\/uploads\\\/2025\\\/09\\\/Zeeman_Diamant_Liggend_Campagnebeeld-scaled-1-1-1.jpg\",\"width\":2560,\"height\":1440,\"caption\":\"\u00a9 Zeeman\"},{\"@type\":\"BreadcrumbList\",\"@id\":\"https:\\\/\\\/www.retaildetail.be\\\/fr\\\/news\\\/mode\\\/zeeman-devant-le-tribunal-pour-son-operation-marketing-avec-des-diamants-bon-marches\\\/#breadcrumb\",\"itemListElement\":[{\"@type\":\"ListItem\",\"position\":1,\"name\":\"Home\",\"item\":\"https:\\\/\\\/www.retaildetail.be\\\/fr\\\/\"},{\"@type\":\"ListItem\",\"position\":2,\"name\":\"Zeeman devant le tribunal pour son op\u00e9ration marketing avec des diamants bon march\u00e9s\"}]},{\"@type\":\"WebSite\",\"@id\":\"https:\\\/\\\/www.retaildetail.be\\\/nl\\\/#website\",\"url\":\"https:\\\/\\\/www.retaildetail.be\\\/nl\\\/\",\"name\":\"RetailDetail BE\",\"description\":\"News\",\"publisher\":{\"@id\":\"https:\\\/\\\/www.retaildetail.be\\\/nl\\\/#organization\"},\"potentialAction\":[{\"@type\":\"SearchAction\",\"target\":{\"@type\":\"EntryPoint\",\"urlTemplate\":\"https:\\\/\\\/www.retaildetail.be\\\/nl\\\/?s={search_term_string}\"},\"query-input\":{\"@type\":\"PropertyValueSpecification\",\"valueRequired\":true,\"valueName\":\"search_term_string\"}}],\"inLanguage\":\"fr-FR\"},{\"@type\":\"Organization\",\"@id\":\"https:\\\/\\\/www.retaildetail.be\\\/nl\\\/#organization\",\"name\":\"RetailDetail BE\",\"url\":\"https:\\\/\\\/www.retaildetail.be\\\/nl\\\/\",\"logo\":{\"@type\":\"ImageObject\",\"inLanguage\":\"fr-FR\",\"@id\":\"https:\\\/\\\/www.retaildetail.be\\\/nl\\\/#\\\/schema\\\/logo\\\/image\\\/\",\"url\":\"https:\\\/\\\/www.retaildetail.be\\\/wp-content\\\/uploads\\\/2022\\\/04\\\/logo.svg\",\"contentUrl\":\"https:\\\/\\\/www.retaildetail.be\\\/wp-content\\\/uploads\\\/2022\\\/04\\\/logo.svg\",\"width\":131,\"height\":70,\"caption\":\"RetailDetail BE\"},\"image\":{\"@id\":\"https:\\\/\\\/www.retaildetail.be\\\/nl\\\/#\\\/schema\\\/logo\\\/image\\\/\"}},{\"@type\":\"Person\",\"@id\":\"https:\\\/\\\/www.retaildetail.be\\\/nl\\\/#\\\/schema\\\/person\\\/51aec6069c4416aa2f68b2e4ff3455df\",\"name\":\"Stefan Van Rompaey\",\"image\":{\"@type\":\"ImageObject\",\"inLanguage\":\"fr-FR\",\"@id\":\"https:\\\/\\\/secure.gravatar.com\\\/avatar\\\/fbbb4a80a0f109888b2a5ab8ae255617499ecde533749b3ab2fa6c23b5d65dac?s=96&d=mm&r=g\",\"url\":\"https:\\\/\\\/secure.gravatar.com\\\/avatar\\\/fbbb4a80a0f109888b2a5ab8ae255617499ecde533749b3ab2fa6c23b5d65dac?s=96&d=mm&r=g\",\"contentUrl\":\"https:\\\/\\\/secure.gravatar.com\\\/avatar\\\/fbbb4a80a0f109888b2a5ab8ae255617499ecde533749b3ab2fa6c23b5d65dac?s=96&d=mm&r=g\",\"caption\":\"Stefan Van Rompaey\"},\"url\":\"https:\\\/\\\/www.retaildetail.be\\\/fr\\\/author\\\/stefanvanrompaey\\\/\"}]}<\/script>\n<!-- \/ Yoast SEO plugin. -->","yoast_head_json":{"title":"Zeeman devant le tribunal pour son op\u00e9ration marketing avec des diamants bon march\u00e9s - RetailDetail BE","description":"Apr\u00e8s son coup de marketing plus que r\u00e9ussi avec les diamants synth\u00e9tiques, Zeeman commande un nouveau stock.","robots":{"index":"index","follow":"follow","max-snippet":"max-snippet:-1","max-image-preview":"max-image-preview:large","max-video-preview":"max-video-preview:-1"},"canonical":"https:\/\/www.retaildetail.be\/fr\/news\/mode\/zeeman-devant-le-tribunal-pour-son-operation-marketing-avec-des-diamants-bon-marches\/","og_locale":"fr_FR","og_type":"article","og_title":"Zeeman devant le tribunal pour son op\u00e9ration marketing avec des diamants bon march\u00e9s - RetailDetail BE","og_description":"Apr\u00e8s son coup de marketing plus que r\u00e9ussi avec les diamants synth\u00e9tiques, Zeeman commande un nouveau stock.","og_url":"https:\/\/www.retaildetail.be\/fr\/news\/mode\/zeeman-devant-le-tribunal-pour-son-operation-marketing-avec-des-diamants-bon-marches\/","og_site_name":"RetailDetail BE","article_published_time":"2025-09-22T10:27:34+00:00","article_modified_time":"2025-09-22T10:27:36+00:00","og_image":[{"width":2560,"height":1440,"url":"https:\/\/www.retaildetail.be\/wp-content\/uploads\/2025\/09\/Zeeman_Diamant_Liggend_Campagnebeeld-scaled-1-1-1.jpg","type":"image\/jpeg"}],"author":"Stefan Van Rompaey","twitter_card":"summary_large_image","twitter_misc":{"\u00c9crit par":"Stefan Van Rompaey","Dur\u00e9e de lecture estim\u00e9e":"1 minute"},"schema":{"@context":"https:\/\/schema.org","@graph":[{"@type":"NewsArticle","@id":"https:\/\/www.retaildetail.be\/fr\/news\/mode\/zeeman-devant-le-tribunal-pour-son-operation-marketing-avec-des-diamants-bon-marches\/#article","isPartOf":{"@id":"https:\/\/www.retaildetail.be\/fr\/news\/mode\/zeeman-devant-le-tribunal-pour-son-operation-marketing-avec-des-diamants-bon-marches\/"},"author":{"name":"Stefan Van Rompaey","@id":"https:\/\/www.retaildetail.be\/nl\/#\/schema\/person\/51aec6069c4416aa2f68b2e4ff3455df"},"headline":"Zeeman devant le tribunal pour son op\u00e9ration marketing avec des diamants bon march\u00e9s","datePublished":"2025-09-22T10:27:34+00:00","dateModified":"2025-09-22T10:27:36+00:00","mainEntityOfPage":{"@id":"https:\/\/www.retaildetail.be\/fr\/news\/mode\/zeeman-devant-le-tribunal-pour-son-operation-marketing-avec-des-diamants-bon-marches\/"},"wordCount":323,"publisher":{"@id":"https:\/\/www.retaildetail.be\/nl\/#organization"},"image":{"@id":"https:\/\/www.retaildetail.be\/fr\/news\/mode\/zeeman-devant-le-tribunal-pour-son-operation-marketing-avec-des-diamants-bon-marches\/#primaryimage"},"thumbnailUrl":"https:\/\/www.retaildetail.be\/wp-content\/uploads\/2025\/09\/Zeeman_Diamant_Liggend_Campagnebeeld-scaled-1-1-1.jpg","articleSection":["Mode","Mode"],"inLanguage":"fr-FR","copyrightYear":"2025","copyrightHolder":{"@id":"https:\/\/www.retaildetail.be\/#organization"}},{"@type":"WebPage","@id":"https:\/\/www.retaildetail.be\/fr\/news\/mode\/zeeman-devant-le-tribunal-pour-son-operation-marketing-avec-des-diamants-bon-marches\/","url":"https:\/\/www.retaildetail.be\/fr\/news\/mode\/zeeman-devant-le-tribunal-pour-son-operation-marketing-avec-des-diamants-bon-marches\/","name":"Zeeman devant le tribunal pour son op\u00e9ration marketing avec des diamants bon march\u00e9s - RetailDetail BE","isPartOf":{"@id":"https:\/\/www.retaildetail.be\/nl\/#website"},"primaryImageOfPage":{"@id":"https:\/\/www.retaildetail.be\/fr\/news\/mode\/zeeman-devant-le-tribunal-pour-son-operation-marketing-avec-des-diamants-bon-marches\/#primaryimage"},"image":{"@id":"https:\/\/www.retaildetail.be\/fr\/news\/mode\/zeeman-devant-le-tribunal-pour-son-operation-marketing-avec-des-diamants-bon-marches\/#primaryimage"},"thumbnailUrl":"https:\/\/www.retaildetail.be\/wp-content\/uploads\/2025\/09\/Zeeman_Diamant_Liggend_Campagnebeeld-scaled-1-1-1.jpg","datePublished":"2025-09-22T10:27:34+00:00","dateModified":"2025-09-22T10:27:36+00:00","description":"Apr\u00e8s son coup de marketing plus que r\u00e9ussi avec les diamants synth\u00e9tiques, Zeeman commande un nouveau stock.","breadcrumb":{"@id":"https:\/\/www.retaildetail.be\/fr\/news\/mode\/zeeman-devant-le-tribunal-pour-son-operation-marketing-avec-des-diamants-bon-marches\/#breadcrumb"},"inLanguage":"fr-FR","potentialAction":[{"@type":"ReadAction","target":["https:\/\/www.retaildetail.be\/fr\/news\/mode\/zeeman-devant-le-tribunal-pour-son-operation-marketing-avec-des-diamants-bon-marches\/"]}]},{"@type":"ImageObject","inLanguage":"fr-FR","@id":"https:\/\/www.retaildetail.be\/fr\/news\/mode\/zeeman-devant-le-tribunal-pour-son-operation-marketing-avec-des-diamants-bon-marches\/#primaryimage","url":"https:\/\/www.retaildetail.be\/wp-content\/uploads\/2025\/09\/Zeeman_Diamant_Liggend_Campagnebeeld-scaled-1-1-1.jpg","contentUrl":"https:\/\/www.retaildetail.be\/wp-content\/uploads\/2025\/09\/Zeeman_Diamant_Liggend_Campagnebeeld-scaled-1-1-1.jpg","width":2560,"height":1440,"caption":"\u00a9 Zeeman"},{"@type":"BreadcrumbList","@id":"https:\/\/www.retaildetail.be\/fr\/news\/mode\/zeeman-devant-le-tribunal-pour-son-operation-marketing-avec-des-diamants-bon-marches\/#breadcrumb","itemListElement":[{"@type":"ListItem","position":1,"name":"Home","item":"https:\/\/www.retaildetail.be\/fr\/"},{"@type":"ListItem","position":2,"name":"Zeeman devant le tribunal pour son op\u00e9ration marketing avec des diamants bon march\u00e9s"}]},{"@type":"WebSite","@id":"https:\/\/www.retaildetail.be\/nl\/#website","url":"https:\/\/www.retaildetail.be\/nl\/","name":"RetailDetail BE","description":"News","publisher":{"@id":"https:\/\/www.retaildetail.be\/nl\/#organization"},"potentialAction":[{"@type":"SearchAction","target":{"@type":"EntryPoint","urlTemplate":"https:\/\/www.retaildetail.be\/nl\/?s={search_term_string}"},"query-input":{"@type":"PropertyValueSpecification","valueRequired":true,"valueName":"search_term_string"}}],"inLanguage":"fr-FR"},{"@type":"Organization","@id":"https:\/\/www.retaildetail.be\/nl\/#organization","name":"RetailDetail BE","url":"https:\/\/www.retaildetail.be\/nl\/","logo":{"@type":"ImageObject","inLanguage":"fr-FR","@id":"https:\/\/www.retaildetail.be\/nl\/#\/schema\/logo\/image\/","url":"https:\/\/www.retaildetail.be\/wp-content\/uploads\/2022\/04\/logo.svg","contentUrl":"https:\/\/www.retaildetail.be\/wp-content\/uploads\/2022\/04\/logo.svg","width":131,"height":70,"caption":"RetailDetail BE"},"image":{"@id":"https:\/\/www.retaildetail.be\/nl\/#\/schema\/logo\/image\/"}},{"@type":"Person","@id":"https:\/\/www.retaildetail.be\/nl\/#\/schema\/person\/51aec6069c4416aa2f68b2e4ff3455df","name":"Stefan Van Rompaey","image":{"@type":"ImageObject","inLanguage":"fr-FR","@id":"https:\/\/secure.gravatar.com\/avatar\/fbbb4a80a0f109888b2a5ab8ae255617499ecde533749b3ab2fa6c23b5d65dac?s=96&d=mm&r=g","url":"https:\/\/secure.gravatar.com\/avatar\/fbbb4a80a0f109888b2a5ab8ae255617499ecde533749b3ab2fa6c23b5d65dac?s=96&d=mm&r=g","contentUrl":"https:\/\/secure.gravatar.com\/avatar\/fbbb4a80a0f109888b2a5ab8ae255617499ecde533749b3ab2fa6c23b5d65dac?s=96&d=mm&r=g","caption":"Stefan Van Rompaey"},"url":"https:\/\/www.retaildetail.be\/fr\/author\/stefanvanrompaey\/"}]}},"jetpack_featured_media_url":"https:\/\/www.retaildetail.be\/wp-content\/uploads\/2025\/09\/Zeeman_Diamant_Liggend_Campagnebeeld-scaled-1-1-1.jpg","jetpack_sharing_enabled":true,"_links":{"self":[{"href":"https:\/\/www.retaildetail.be\/fr\/wp-json\/wp\/v2\/posts\/129107","targetHints":{"allow":["GET"]}}],"collection":[{"href":"https:\/\/www.retaildetail.be\/fr\/wp-json\/wp\/v2\/posts"}],"about":[{"href":"https:\/\/www.retaildetail.be\/fr\/wp-json\/wp\/v2\/types\/post"}],"author":[{"embeddable":true,"href":"https:\/\/www.retaildetail.be\/fr\/wp-json\/wp\/v2\/users\/3"}],"replies":[{"embeddable":true,"href":"https:\/\/www.retaildetail.be\/fr\/wp-json\/wp\/v2\/comments?post=129107"}],"version-history":[{"count":1,"href":"https:\/\/www.retaildetail.be\/fr\/wp-json\/wp\/v2\/posts\/129107\/revisions"}],"predecessor-version":[{"id":129114,"href":"https:\/\/www.retaildetail.be\/fr\/wp-json\/wp\/v2\/posts\/129107\/revisions\/129114"}],"wp:featuredmedia":[{"embeddable":true,"href":"https:\/\/www.retaildetail.be\/fr\/wp-json\/wp\/v2\/media\/129108"}],"wp:attachment":[{"href":"https:\/\/www.retaildetail.be\/fr\/wp-json\/wp\/v2\/media?parent=129107"}],"wp:term":[{"taxonomy":"category","embeddable":true,"href":"https:\/\/www.retaildetail.be\/fr\/wp-json\/wp\/v2\/categories?post=129107"},{"taxonomy":"post_tag","embeddable":true,"href":"https:\/\/www.retaildetail.be\/fr\/wp-json\/wp\/v2\/tags?post=129107"},{"taxonomy":"people","embeddable":true,"href":"https:\/\/www.retaildetail.be\/fr\/wp-json\/wp\/v2\/people?post=129107"},{"taxonomy":"extra","embeddable":true,"href":"https:\/\/www.retaildetail.be\/fr\/wp-json\/wp\/v2\/extra?post=129107"},{"taxonomy":"company","embeddable":true,"href":"https:\/\/www.retaildetail.be\/fr\/wp-json\/wp\/v2\/company?post=129107"},{"taxonomy":"topic","embeddable":true,"href":"https:\/\/www.retaildetail.be\/fr\/wp-json\/wp\/v2\/topic?post=129107"},{"taxonomy":"region","embeddable":true,"href":"https:\/\/www.retaildetail.be\/fr\/wp-json\/wp\/v2\/region?post=129107"}],"curies":[{"name":"wp","href":"https:\/\/api.w.org\/{rel}","templated":true}]}}