{"id":129289,"date":"2025-09-23T15:46:31","date_gmt":"2025-09-23T13:46:31","guid":{"rendered":"https:\/\/www.retaildetail.be\/?p=129289"},"modified":"2025-09-23T15:46:32","modified_gmt":"2025-09-23T13:46:32","slug":"lidl-gagne-un-proces-sur-lapplication-plus","status":"publish","type":"post","link":"https:\/\/www.retaildetail.be\/fr\/news\/food\/lidl-gagne-un-proces-sur-lapplication-plus\/","title":{"rendered":"Lidl gagne un proc\u00e8s concernant l&rsquo;application Plus"},"content":{"rendered":"\n<p>Selon les organisations de consommateurs allemandes, <strong>Lidl<\/strong> n&rsquo;\u00e9tait pas autoris\u00e9 \u00e0 promouvoir son application pour smartphone comme \u00e9tant \u00ab\u00a0gratuite\u00a0\u00bb parce que les utilisateurs payaient avec leurs donn\u00e9es personnelles. Le tribunal a toutefois rejet\u00e9 cette plainte.<\/p>\n\n\n\n<h2 class=\"wp-block-heading\">Cas test<\/h2>\n\n\n\n<p>Au printemps dernier, la F\u00e9d\u00e9ration des organisations allemandes de consommateurs<em>(Verbraucherzentrale Bundesverband<\/em>) <a href=\"https:\/\/www.retaildetail.be\/fr\/news\/food\/une-organisation-de-consommateurs-poursuit-lapplication-plus-de-lidl\/\">avait assign\u00e9 Lidl en justice<\/a> parce que le discounter n&rsquo;avait pas suffisamment inform\u00e9 les clients qui s&rsquo;inscrivaient dans l&rsquo;application que pour les r\u00e9ductions et les coupons qu&rsquo;ils recevaient, ils payaient avec leurs donn\u00e9es personnelles. Par cons\u00e9quent, Lidl ne devrait pas promouvoir l&rsquo;application Plus comme \u00e9tant \u00ab\u00a0gratuite\u00a0\u00bb, ont-ils estim\u00e9 : le d\u00e9taillant devrait indiquer le \u00ab\u00a0prix total\u00a0\u00bb.<\/p>\n\n\n\n<p>Le tribunal de Stuttgart n&rsquo;a pas suivi ce raisonnement : <a href=\"https:\/\/www.lebensmittelzeitung.net\/politik\/nachrichten\/grundsatzverfahren-verbraucherschuetzer-scheitern-mit-klage-gegen-lidl-plus-app-186730\">mardi, il a rejet\u00e9 la plainte<\/a>. \u00ab\u00a0L&rsquo;obligation d&rsquo;indiquer le prix total suppose qu&rsquo;un prix doit \u00eatre pay\u00e9. Or, les consommateurs, au contraire, n&rsquo;ont pas \u00e0 payer de prix pour l&rsquo;utilisation de l&rsquo;application Lidl Plus\u00a0\u00bb, peut-on lire dans le communiqu\u00e9 de presse du tribunal. Les l\u00e9gislateurs allemand et europ\u00e9en partent toujours du principe qu&rsquo;un montant mon\u00e9taire doit \u00eatre pay\u00e9 lorsqu&rsquo;ils d\u00e9finissent le terme \u00ab\u00a0prix\u00a0\u00bb.<\/p>\n\n\n\n<p>C&rsquo;est un soulagement non seulement pour Lidl, mais aussi pour les autres d\u00e9taillants : l&rsquo;affaire \u00e9tait consid\u00e9r\u00e9e comme un test pour les programmes de fid\u00e9lisation des clients des autres d\u00e9taillants. Entre-temps, l&rsquo;application Lidl Plus compte d\u00e9j\u00e0 <a href=\"https:\/\/www.retaildetail.be\/fr\/news\/food\/cent-millions-de-clients-utilisent-deja-lapplication-lidl-plus\/\">plus de 100 millions d&rsquo;utilisateurs<\/a>.<\/p>\n\n\n\n<p><\/p>\n","protected":false},"excerpt":{"rendered":"<p>Selon les organisations de consommateurs allemandes, Lidl n&rsquo;\u00e9tait pas autoris\u00e9 \u00e0 promouvoir son application pour smartphone comme \u00e9tant \u00ab\u00a0gratuite\u00a0\u00bb parce que les utilisateurs payaient avec leurs donn\u00e9es personnelles. Le tribunal a toutefois rejet\u00e9 cette plainte. <\/p>\n","protected":false},"author":3,"featured_media":129290,"comment_status":"closed","ping_status":"closed","sticky":false,"template":"","format":"standard","meta":{"_acf_changed":false,"inline_featured_image":false,"_jetpack_memberships_contains_paid_content":false,"footnotes":""},"categories":[18,24],"tags":[],"people":[],"extra":[43],"company":[204],"topic":[756],"region":[470],"class_list":{"0":"post-129289","1":"post","2":"type-post","3":"status-publish","4":"format-standard","5":"has-post-thumbnail","6":"hentry","7":"category-food","9":"extra-plus","10":"company-lidl","11":"topic-litige","12":"region-allemagne"},"acf":[],"yoast_head":"<!-- This site is optimized with the Yoast SEO plugin v27.3 - https:\/\/yoast.com\/product\/yoast-seo-wordpress\/ -->\n<title>Lidl gagne un proc\u00e8s concernant l&#039;application Plus - RetailDetail BE<\/title>\n<meta name=\"description\" content=\"Selon les organisations de consommateurs allemandes, Lidl n&#039;\u00e9tait pas autoris\u00e9 \u00e0 promouvoir son application pour smartphone comme \u00e9tant &quot;gratuite&quot;.\" \/>\n<meta name=\"robots\" content=\"index, follow, max-snippet:-1, max-image-preview:large, max-video-preview:-1\" \/>\n<link rel=\"canonical\" href=\"https:\/\/www.retaildetail.be\/fr\/news\/food\/lidl-gagne-un-proces-sur-lapplication-plus\/\" \/>\n<meta property=\"og:locale\" content=\"fr_FR\" \/>\n<meta property=\"og:type\" content=\"article\" \/>\n<meta property=\"og:title\" content=\"Lidl gagne un proc\u00e8s concernant l&#039;application Plus - RetailDetail BE\" \/>\n<meta property=\"og:description\" content=\"Selon les organisations de consommateurs allemandes, Lidl n&#039;\u00e9tait pas autoris\u00e9 \u00e0 promouvoir son application pour smartphone comme \u00e9tant &quot;gratuite&quot;.\" \/>\n<meta property=\"og:url\" content=\"https:\/\/www.retaildetail.be\/fr\/news\/food\/lidl-gagne-un-proces-sur-lapplication-plus\/\" \/>\n<meta property=\"og:site_name\" content=\"RetailDetail BE\" \/>\n<meta property=\"article:published_time\" content=\"2025-09-23T13:46:31+00:00\" \/>\n<meta property=\"article:modified_time\" content=\"2025-09-23T13:46:32+00:00\" \/>\n<meta property=\"og:image\" content=\"https:\/\/www.retaildetail.be\/wp-content\/uploads\/2025\/09\/Lidl-Plus-app-1.jpg\" \/>\n\t<meta property=\"og:image:width\" content=\"862\" \/>\n\t<meta property=\"og:image:height\" content=\"596\" \/>\n\t<meta property=\"og:image:type\" content=\"image\/jpeg\" \/>\n<meta name=\"author\" content=\"Stefan Van Rompaey\" \/>\n<meta name=\"twitter:card\" content=\"summary_large_image\" \/>\n<meta name=\"twitter:label1\" content=\"\u00c9crit par\" \/>\n\t<meta name=\"twitter:data1\" content=\"Stefan Van Rompaey\" \/>\n\t<meta name=\"twitter:label2\" content=\"Dur\u00e9e de lecture estim\u00e9e\" \/>\n\t<meta name=\"twitter:data2\" content=\"1 minute\" \/>\n<script type=\"application\/ld+json\" class=\"yoast-schema-graph\">{\"@context\":\"https:\\\/\\\/schema.org\",\"@graph\":[{\"@type\":\"NewsArticle\",\"@id\":\"https:\\\/\\\/www.retaildetail.be\\\/fr\\\/news\\\/food\\\/lidl-gagne-un-proces-sur-lapplication-plus\\\/#article\",\"isPartOf\":{\"@id\":\"https:\\\/\\\/www.retaildetail.be\\\/fr\\\/news\\\/food\\\/lidl-gagne-un-proces-sur-lapplication-plus\\\/\"},\"author\":{\"name\":\"Stefan Van Rompaey\",\"@id\":\"https:\\\/\\\/www.retaildetail.be\\\/nl\\\/#\\\/schema\\\/person\\\/51aec6069c4416aa2f68b2e4ff3455df\"},\"headline\":\"Lidl gagne un proc\u00e8s concernant l&rsquo;application Plus\",\"datePublished\":\"2025-09-23T13:46:31+00:00\",\"dateModified\":\"2025-09-23T13:46:32+00:00\",\"mainEntityOfPage\":{\"@id\":\"https:\\\/\\\/www.retaildetail.be\\\/fr\\\/news\\\/food\\\/lidl-gagne-un-proces-sur-lapplication-plus\\\/\"},\"wordCount\":258,\"publisher\":{\"@id\":\"https:\\\/\\\/www.retaildetail.be\\\/nl\\\/#organization\"},\"image\":{\"@id\":\"https:\\\/\\\/www.retaildetail.be\\\/fr\\\/news\\\/food\\\/lidl-gagne-un-proces-sur-lapplication-plus\\\/#primaryimage\"},\"thumbnailUrl\":\"https:\\\/\\\/www.retaildetail.be\\\/wp-content\\\/uploads\\\/2025\\\/09\\\/Lidl-Plus-app-1.jpg\",\"articleSection\":[\"Food\",\"Food\"],\"inLanguage\":\"fr-FR\",\"copyrightYear\":\"2025\",\"copyrightHolder\":{\"@id\":\"https:\\\/\\\/www.retaildetail.be\\\/#organization\"}},{\"@type\":\"WebPage\",\"@id\":\"https:\\\/\\\/www.retaildetail.be\\\/fr\\\/news\\\/food\\\/lidl-gagne-un-proces-sur-lapplication-plus\\\/\",\"url\":\"https:\\\/\\\/www.retaildetail.be\\\/fr\\\/news\\\/food\\\/lidl-gagne-un-proces-sur-lapplication-plus\\\/\",\"name\":\"Lidl gagne un proc\u00e8s concernant l'application Plus - RetailDetail BE\",\"isPartOf\":{\"@id\":\"https:\\\/\\\/www.retaildetail.be\\\/nl\\\/#website\"},\"primaryImageOfPage\":{\"@id\":\"https:\\\/\\\/www.retaildetail.be\\\/fr\\\/news\\\/food\\\/lidl-gagne-un-proces-sur-lapplication-plus\\\/#primaryimage\"},\"image\":{\"@id\":\"https:\\\/\\\/www.retaildetail.be\\\/fr\\\/news\\\/food\\\/lidl-gagne-un-proces-sur-lapplication-plus\\\/#primaryimage\"},\"thumbnailUrl\":\"https:\\\/\\\/www.retaildetail.be\\\/wp-content\\\/uploads\\\/2025\\\/09\\\/Lidl-Plus-app-1.jpg\",\"datePublished\":\"2025-09-23T13:46:31+00:00\",\"dateModified\":\"2025-09-23T13:46:32+00:00\",\"description\":\"Selon les organisations de consommateurs allemandes, Lidl n'\u00e9tait pas autoris\u00e9 \u00e0 promouvoir son application pour smartphone comme \u00e9tant \\\"gratuite\\\".\",\"breadcrumb\":{\"@id\":\"https:\\\/\\\/www.retaildetail.be\\\/fr\\\/news\\\/food\\\/lidl-gagne-un-proces-sur-lapplication-plus\\\/#breadcrumb\"},\"inLanguage\":\"fr-FR\",\"potentialAction\":[{\"@type\":\"ReadAction\",\"target\":[\"https:\\\/\\\/www.retaildetail.be\\\/fr\\\/news\\\/food\\\/lidl-gagne-un-proces-sur-lapplication-plus\\\/\"]}]},{\"@type\":\"ImageObject\",\"inLanguage\":\"fr-FR\",\"@id\":\"https:\\\/\\\/www.retaildetail.be\\\/fr\\\/news\\\/food\\\/lidl-gagne-un-proces-sur-lapplication-plus\\\/#primaryimage\",\"url\":\"https:\\\/\\\/www.retaildetail.be\\\/wp-content\\\/uploads\\\/2025\\\/09\\\/Lidl-Plus-app-1.jpg\",\"contentUrl\":\"https:\\\/\\\/www.retaildetail.be\\\/wp-content\\\/uploads\\\/2025\\\/09\\\/Lidl-Plus-app-1.jpg\",\"width\":862,\"height\":596},{\"@type\":\"BreadcrumbList\",\"@id\":\"https:\\\/\\\/www.retaildetail.be\\\/fr\\\/news\\\/food\\\/lidl-gagne-un-proces-sur-lapplication-plus\\\/#breadcrumb\",\"itemListElement\":[{\"@type\":\"ListItem\",\"position\":1,\"name\":\"Home\",\"item\":\"https:\\\/\\\/www.retaildetail.be\\\/fr\\\/\"},{\"@type\":\"ListItem\",\"position\":2,\"name\":\"Lidl gagne un proc\u00e8s concernant l&#8217;application Plus\"}]},{\"@type\":\"WebSite\",\"@id\":\"https:\\\/\\\/www.retaildetail.be\\\/nl\\\/#website\",\"url\":\"https:\\\/\\\/www.retaildetail.be\\\/nl\\\/\",\"name\":\"RetailDetail BE\",\"description\":\"News\",\"publisher\":{\"@id\":\"https:\\\/\\\/www.retaildetail.be\\\/nl\\\/#organization\"},\"potentialAction\":[{\"@type\":\"SearchAction\",\"target\":{\"@type\":\"EntryPoint\",\"urlTemplate\":\"https:\\\/\\\/www.retaildetail.be\\\/nl\\\/?s={search_term_string}\"},\"query-input\":{\"@type\":\"PropertyValueSpecification\",\"valueRequired\":true,\"valueName\":\"search_term_string\"}}],\"inLanguage\":\"fr-FR\"},{\"@type\":\"Organization\",\"@id\":\"https:\\\/\\\/www.retaildetail.be\\\/nl\\\/#organization\",\"name\":\"RetailDetail BE\",\"url\":\"https:\\\/\\\/www.retaildetail.be\\\/nl\\\/\",\"logo\":{\"@type\":\"ImageObject\",\"inLanguage\":\"fr-FR\",\"@id\":\"https:\\\/\\\/www.retaildetail.be\\\/nl\\\/#\\\/schema\\\/logo\\\/image\\\/\",\"url\":\"https:\\\/\\\/www.retaildetail.be\\\/wp-content\\\/uploads\\\/2022\\\/04\\\/logo.svg\",\"contentUrl\":\"https:\\\/\\\/www.retaildetail.be\\\/wp-content\\\/uploads\\\/2022\\\/04\\\/logo.svg\",\"width\":131,\"height\":70,\"caption\":\"RetailDetail BE\"},\"image\":{\"@id\":\"https:\\\/\\\/www.retaildetail.be\\\/nl\\\/#\\\/schema\\\/logo\\\/image\\\/\"}},{\"@type\":\"Person\",\"@id\":\"https:\\\/\\\/www.retaildetail.be\\\/nl\\\/#\\\/schema\\\/person\\\/51aec6069c4416aa2f68b2e4ff3455df\",\"name\":\"Stefan Van Rompaey\",\"image\":{\"@type\":\"ImageObject\",\"inLanguage\":\"fr-FR\",\"@id\":\"https:\\\/\\\/secure.gravatar.com\\\/avatar\\\/fbbb4a80a0f109888b2a5ab8ae255617499ecde533749b3ab2fa6c23b5d65dac?s=96&d=mm&r=g\",\"url\":\"https:\\\/\\\/secure.gravatar.com\\\/avatar\\\/fbbb4a80a0f109888b2a5ab8ae255617499ecde533749b3ab2fa6c23b5d65dac?s=96&d=mm&r=g\",\"contentUrl\":\"https:\\\/\\\/secure.gravatar.com\\\/avatar\\\/fbbb4a80a0f109888b2a5ab8ae255617499ecde533749b3ab2fa6c23b5d65dac?s=96&d=mm&r=g\",\"caption\":\"Stefan Van Rompaey\"},\"url\":\"https:\\\/\\\/www.retaildetail.be\\\/fr\\\/author\\\/stefanvanrompaey\\\/\"}]}<\/script>\n<!-- \/ Yoast SEO plugin. -->","yoast_head_json":{"title":"Lidl gagne un proc\u00e8s concernant l'application Plus - RetailDetail BE","description":"Selon les organisations de consommateurs allemandes, Lidl n'\u00e9tait pas autoris\u00e9 \u00e0 promouvoir son application pour smartphone comme \u00e9tant \"gratuite\".","robots":{"index":"index","follow":"follow","max-snippet":"max-snippet:-1","max-image-preview":"max-image-preview:large","max-video-preview":"max-video-preview:-1"},"canonical":"https:\/\/www.retaildetail.be\/fr\/news\/food\/lidl-gagne-un-proces-sur-lapplication-plus\/","og_locale":"fr_FR","og_type":"article","og_title":"Lidl gagne un proc\u00e8s concernant l'application Plus - RetailDetail BE","og_description":"Selon les organisations de consommateurs allemandes, Lidl n'\u00e9tait pas autoris\u00e9 \u00e0 promouvoir son application pour smartphone comme \u00e9tant \"gratuite\".","og_url":"https:\/\/www.retaildetail.be\/fr\/news\/food\/lidl-gagne-un-proces-sur-lapplication-plus\/","og_site_name":"RetailDetail BE","article_published_time":"2025-09-23T13:46:31+00:00","article_modified_time":"2025-09-23T13:46:32+00:00","og_image":[{"width":862,"height":596,"url":"https:\/\/www.retaildetail.be\/wp-content\/uploads\/2025\/09\/Lidl-Plus-app-1.jpg","type":"image\/jpeg"}],"author":"Stefan Van Rompaey","twitter_card":"summary_large_image","twitter_misc":{"\u00c9crit par":"Stefan Van Rompaey","Dur\u00e9e de lecture estim\u00e9e":"1 minute"},"schema":{"@context":"https:\/\/schema.org","@graph":[{"@type":"NewsArticle","@id":"https:\/\/www.retaildetail.be\/fr\/news\/food\/lidl-gagne-un-proces-sur-lapplication-plus\/#article","isPartOf":{"@id":"https:\/\/www.retaildetail.be\/fr\/news\/food\/lidl-gagne-un-proces-sur-lapplication-plus\/"},"author":{"name":"Stefan Van Rompaey","@id":"https:\/\/www.retaildetail.be\/nl\/#\/schema\/person\/51aec6069c4416aa2f68b2e4ff3455df"},"headline":"Lidl gagne un proc\u00e8s concernant l&rsquo;application Plus","datePublished":"2025-09-23T13:46:31+00:00","dateModified":"2025-09-23T13:46:32+00:00","mainEntityOfPage":{"@id":"https:\/\/www.retaildetail.be\/fr\/news\/food\/lidl-gagne-un-proces-sur-lapplication-plus\/"},"wordCount":258,"publisher":{"@id":"https:\/\/www.retaildetail.be\/nl\/#organization"},"image":{"@id":"https:\/\/www.retaildetail.be\/fr\/news\/food\/lidl-gagne-un-proces-sur-lapplication-plus\/#primaryimage"},"thumbnailUrl":"https:\/\/www.retaildetail.be\/wp-content\/uploads\/2025\/09\/Lidl-Plus-app-1.jpg","articleSection":["Food","Food"],"inLanguage":"fr-FR","copyrightYear":"2025","copyrightHolder":{"@id":"https:\/\/www.retaildetail.be\/#organization"}},{"@type":"WebPage","@id":"https:\/\/www.retaildetail.be\/fr\/news\/food\/lidl-gagne-un-proces-sur-lapplication-plus\/","url":"https:\/\/www.retaildetail.be\/fr\/news\/food\/lidl-gagne-un-proces-sur-lapplication-plus\/","name":"Lidl gagne un proc\u00e8s concernant l'application Plus - RetailDetail BE","isPartOf":{"@id":"https:\/\/www.retaildetail.be\/nl\/#website"},"primaryImageOfPage":{"@id":"https:\/\/www.retaildetail.be\/fr\/news\/food\/lidl-gagne-un-proces-sur-lapplication-plus\/#primaryimage"},"image":{"@id":"https:\/\/www.retaildetail.be\/fr\/news\/food\/lidl-gagne-un-proces-sur-lapplication-plus\/#primaryimage"},"thumbnailUrl":"https:\/\/www.retaildetail.be\/wp-content\/uploads\/2025\/09\/Lidl-Plus-app-1.jpg","datePublished":"2025-09-23T13:46:31+00:00","dateModified":"2025-09-23T13:46:32+00:00","description":"Selon les organisations de consommateurs allemandes, Lidl n'\u00e9tait pas autoris\u00e9 \u00e0 promouvoir son application pour smartphone comme \u00e9tant \"gratuite\".","breadcrumb":{"@id":"https:\/\/www.retaildetail.be\/fr\/news\/food\/lidl-gagne-un-proces-sur-lapplication-plus\/#breadcrumb"},"inLanguage":"fr-FR","potentialAction":[{"@type":"ReadAction","target":["https:\/\/www.retaildetail.be\/fr\/news\/food\/lidl-gagne-un-proces-sur-lapplication-plus\/"]}]},{"@type":"ImageObject","inLanguage":"fr-FR","@id":"https:\/\/www.retaildetail.be\/fr\/news\/food\/lidl-gagne-un-proces-sur-lapplication-plus\/#primaryimage","url":"https:\/\/www.retaildetail.be\/wp-content\/uploads\/2025\/09\/Lidl-Plus-app-1.jpg","contentUrl":"https:\/\/www.retaildetail.be\/wp-content\/uploads\/2025\/09\/Lidl-Plus-app-1.jpg","width":862,"height":596},{"@type":"BreadcrumbList","@id":"https:\/\/www.retaildetail.be\/fr\/news\/food\/lidl-gagne-un-proces-sur-lapplication-plus\/#breadcrumb","itemListElement":[{"@type":"ListItem","position":1,"name":"Home","item":"https:\/\/www.retaildetail.be\/fr\/"},{"@type":"ListItem","position":2,"name":"Lidl gagne un proc\u00e8s concernant l&#8217;application Plus"}]},{"@type":"WebSite","@id":"https:\/\/www.retaildetail.be\/nl\/#website","url":"https:\/\/www.retaildetail.be\/nl\/","name":"RetailDetail BE","description":"News","publisher":{"@id":"https:\/\/www.retaildetail.be\/nl\/#organization"},"potentialAction":[{"@type":"SearchAction","target":{"@type":"EntryPoint","urlTemplate":"https:\/\/www.retaildetail.be\/nl\/?s={search_term_string}"},"query-input":{"@type":"PropertyValueSpecification","valueRequired":true,"valueName":"search_term_string"}}],"inLanguage":"fr-FR"},{"@type":"Organization","@id":"https:\/\/www.retaildetail.be\/nl\/#organization","name":"RetailDetail BE","url":"https:\/\/www.retaildetail.be\/nl\/","logo":{"@type":"ImageObject","inLanguage":"fr-FR","@id":"https:\/\/www.retaildetail.be\/nl\/#\/schema\/logo\/image\/","url":"https:\/\/www.retaildetail.be\/wp-content\/uploads\/2022\/04\/logo.svg","contentUrl":"https:\/\/www.retaildetail.be\/wp-content\/uploads\/2022\/04\/logo.svg","width":131,"height":70,"caption":"RetailDetail BE"},"image":{"@id":"https:\/\/www.retaildetail.be\/nl\/#\/schema\/logo\/image\/"}},{"@type":"Person","@id":"https:\/\/www.retaildetail.be\/nl\/#\/schema\/person\/51aec6069c4416aa2f68b2e4ff3455df","name":"Stefan Van Rompaey","image":{"@type":"ImageObject","inLanguage":"fr-FR","@id":"https:\/\/secure.gravatar.com\/avatar\/fbbb4a80a0f109888b2a5ab8ae255617499ecde533749b3ab2fa6c23b5d65dac?s=96&d=mm&r=g","url":"https:\/\/secure.gravatar.com\/avatar\/fbbb4a80a0f109888b2a5ab8ae255617499ecde533749b3ab2fa6c23b5d65dac?s=96&d=mm&r=g","contentUrl":"https:\/\/secure.gravatar.com\/avatar\/fbbb4a80a0f109888b2a5ab8ae255617499ecde533749b3ab2fa6c23b5d65dac?s=96&d=mm&r=g","caption":"Stefan Van Rompaey"},"url":"https:\/\/www.retaildetail.be\/fr\/author\/stefanvanrompaey\/"}]}},"jetpack_featured_media_url":"https:\/\/www.retaildetail.be\/wp-content\/uploads\/2025\/09\/Lidl-Plus-app-1.jpg","jetpack_sharing_enabled":true,"_links":{"self":[{"href":"https:\/\/www.retaildetail.be\/fr\/wp-json\/wp\/v2\/posts\/129289","targetHints":{"allow":["GET"]}}],"collection":[{"href":"https:\/\/www.retaildetail.be\/fr\/wp-json\/wp\/v2\/posts"}],"about":[{"href":"https:\/\/www.retaildetail.be\/fr\/wp-json\/wp\/v2\/types\/post"}],"author":[{"embeddable":true,"href":"https:\/\/www.retaildetail.be\/fr\/wp-json\/wp\/v2\/users\/3"}],"replies":[{"embeddable":true,"href":"https:\/\/www.retaildetail.be\/fr\/wp-json\/wp\/v2\/comments?post=129289"}],"version-history":[{"count":1,"href":"https:\/\/www.retaildetail.be\/fr\/wp-json\/wp\/v2\/posts\/129289\/revisions"}],"predecessor-version":[{"id":129292,"href":"https:\/\/www.retaildetail.be\/fr\/wp-json\/wp\/v2\/posts\/129289\/revisions\/129292"}],"wp:featuredmedia":[{"embeddable":true,"href":"https:\/\/www.retaildetail.be\/fr\/wp-json\/wp\/v2\/media\/129290"}],"wp:attachment":[{"href":"https:\/\/www.retaildetail.be\/fr\/wp-json\/wp\/v2\/media?parent=129289"}],"wp:term":[{"taxonomy":"category","embeddable":true,"href":"https:\/\/www.retaildetail.be\/fr\/wp-json\/wp\/v2\/categories?post=129289"},{"taxonomy":"post_tag","embeddable":true,"href":"https:\/\/www.retaildetail.be\/fr\/wp-json\/wp\/v2\/tags?post=129289"},{"taxonomy":"people","embeddable":true,"href":"https:\/\/www.retaildetail.be\/fr\/wp-json\/wp\/v2\/people?post=129289"},{"taxonomy":"extra","embeddable":true,"href":"https:\/\/www.retaildetail.be\/fr\/wp-json\/wp\/v2\/extra?post=129289"},{"taxonomy":"company","embeddable":true,"href":"https:\/\/www.retaildetail.be\/fr\/wp-json\/wp\/v2\/company?post=129289"},{"taxonomy":"topic","embeddable":true,"href":"https:\/\/www.retaildetail.be\/fr\/wp-json\/wp\/v2\/topic?post=129289"},{"taxonomy":"region","embeddable":true,"href":"https:\/\/www.retaildetail.be\/fr\/wp-json\/wp\/v2\/region?post=129289"}],"curies":[{"name":"wp","href":"https:\/\/api.w.org\/{rel}","templated":true}]}}