{"id":129573,"date":"2025-09-25T15:39:25","date_gmt":"2025-09-25T13:39:25","guid":{"rendered":"https:\/\/www.retaildetail.be\/?p=129573"},"modified":"2025-09-25T15:39:43","modified_gmt":"2025-09-25T13:39:43","slug":"birkenstock-achete-une-nouvelle-usine-envie-dacquisitions","status":"publish","type":"post","link":"https:\/\/www.retaildetail.be\/fr\/news\/mode\/birkenstock-achete-une-nouvelle-usine-envie-dacquisitions\/","title":{"rendered":"Birkenstock, envie d&rsquo;acquisitions, ach\u00e8te une nouvelle usine"},"content":{"rendered":"\n<p><strong>Birkenstock <\/strong>r\u00e9alise une meilleure ann\u00e9e fiscale 2024\/25 qu&rsquo;attendu. Les chiffres pr\u00e9liminaires indiquent une forte croissance au quatri\u00e8me trimestre et un chiffre d&rsquo;affaires annuel sup\u00e9rieur aux pr\u00e9visions. La marque de chaussures souhaite maintenant faire rouler l&rsquo;argent.<\/p>\n\n\n\n<h2 class=\"wp-block-heading\">Envie de plus<\/h2>\n\n\n\n<p>Lors d&rsquo;une r\u00e9union avec des investisseurs et des analystes, la soci\u00e9t\u00e9 cot\u00e9e en bourse a pr\u00e9sent\u00e9 des r\u00e9sultats pr\u00e9liminaires. La direction s&rsquo;attend \u00e0 une augmentation du chiffre d&rsquo;affaires d&rsquo;au moins 14 % (hors effets de change +18 %) pour le quatri\u00e8me trimestre, qui s&rsquo;est termin\u00e9 fin septembre, atteignant au moins 520 millions d&rsquo;euros.<\/p>\n\n\n\n<p>Pour l&rsquo;ensemble de l&rsquo;ann\u00e9e fiscale, la croissance s&rsquo;\u00e9l\u00e8ve ainsi \u00e0 15,9 % (hors effets de change +17,5 %) pour atteindre au moins 2,09 milliards d&rsquo;euros. Cela permettrait \u00e0 l&rsquo;entreprise de d\u00e9passer sa propre pr\u00e9vision, qui tablait sur une augmentation hors effets de change comprise entre 15 et 17 %. La pr\u00e9vision pour la marge EBITDA ajust\u00e9e reste, malgr\u00e9 des \u00e9volutions de taux de change d\u00e9favorables, inchang\u00e9e \u00e0 31,3 \u00e0 31,8 %. Birkenstock publiera les chiffres annuels d\u00e9finitifs le 18 d\u00e9cembre.<\/p>\n\n\n\n<p>De plus, Birkenstock annonce l&rsquo;achat d&rsquo;un site de production dans les environs de Dresde pour 18 millions d&rsquo;euros. La direction s&rsquo;attend \u00e0 ce que la nouvelle usine soit op\u00e9rationnelle avant la fin de l&rsquo;exercice 2026\/27. La capacit\u00e9 suppl\u00e9mentaire doit \u00ab\u00a0soutenir les ambitions de croissance et permettre une plus grande flexibilit\u00e9\u00a0\u00bb. Birkenstock continue \u00e9galement de rechercher des opportunit\u00e9s pour acqu\u00e9rir des actifs dans l&rsquo;Union europ\u00e9enne.<\/p>\n","protected":false},"excerpt":{"rendered":"<p>Birkenstock conna\u00eet une meilleure ann\u00e9e fiscale 2024\/25 que pr\u00e9vu. Les chiffres pr\u00e9liminaires indiquent une forte croissance au quatri\u00e8me trimestre et un chiffre d&rsquo;affaires annuel sup\u00e9rieur aux pr\u00e9visions. La marque de chaussures souhaite maintenant faire rouler l&rsquo;argent.<\/p>\n","protected":false},"author":5,"featured_media":129574,"comment_status":"closed","ping_status":"closed","sticky":false,"template":"","format":"standard","meta":{"_acf_changed":false,"inline_featured_image":false,"_jetpack_memberships_contains_paid_content":false,"footnotes":""},"categories":[14,22],"tags":[],"people":[],"extra":[43],"company":[1379],"topic":[266],"region":[243],"class_list":{"0":"post-129573","1":"post","2":"type-post","3":"status-publish","4":"format-standard","5":"has-post-thumbnail","6":"hentry","7":"category-mode","9":"extra-plus","10":"company-birkenstock","11":"topic-resultats-financiers","12":"region-europe"},"acf":[],"yoast_head":"<!-- This site is optimized with the Yoast SEO plugin v27.3 - https:\/\/yoast.com\/product\/yoast-seo-wordpress\/ -->\n<title>Birkenstock, envie d&#039;acquisitions, ach\u00e8te une nouvelle usine - RetailDetail BE<\/title>\n<meta name=\"description\" content=\"Birkenstock r\u00e9alise une meilleure ann\u00e9e fiscale 2024\/25 qu&#039;attendu. Les chiffres pr\u00e9liminaires indiquent une forte croissance.\" \/>\n<meta name=\"robots\" content=\"index, follow, max-snippet:-1, max-image-preview:large, max-video-preview:-1\" \/>\n<link rel=\"canonical\" href=\"https:\/\/www.retaildetail.be\/fr\/news\/mode\/birkenstock-achete-une-nouvelle-usine-envie-dacquisitions\/\" \/>\n<meta property=\"og:locale\" content=\"fr_FR\" \/>\n<meta property=\"og:type\" content=\"article\" \/>\n<meta property=\"og:title\" content=\"Birkenstock, envie d&#039;acquisitions, ach\u00e8te une nouvelle usine - RetailDetail BE\" \/>\n<meta property=\"og:description\" content=\"Birkenstock r\u00e9alise une meilleure ann\u00e9e fiscale 2024\/25 qu&#039;attendu. Les chiffres pr\u00e9liminaires indiquent une forte croissance.\" \/>\n<meta property=\"og:url\" content=\"https:\/\/www.retaildetail.be\/fr\/news\/mode\/birkenstock-achete-une-nouvelle-usine-envie-dacquisitions\/\" \/>\n<meta property=\"og:site_name\" content=\"RetailDetail BE\" \/>\n<meta property=\"article:published_time\" content=\"2025-09-25T13:39:25+00:00\" \/>\n<meta property=\"article:modified_time\" content=\"2025-09-25T13:39:43+00:00\" \/>\n<meta property=\"og:image\" content=\"https:\/\/www.retaildetail.be\/wp-content\/uploads\/2025\/09\/shutterstock_2371028517.jpg\" \/>\n\t<meta property=\"og:image:width\" content=\"1000\" \/>\n\t<meta property=\"og:image:height\" content=\"667\" \/>\n\t<meta property=\"og:image:type\" content=\"image\/jpeg\" \/>\n<meta name=\"author\" content=\"Pauline Neerman\" \/>\n<meta name=\"twitter:card\" content=\"summary_large_image\" \/>\n<meta name=\"twitter:label1\" content=\"\u00c9crit par\" \/>\n\t<meta name=\"twitter:data1\" content=\"Pauline Neerman\" \/>\n\t<meta name=\"twitter:label2\" content=\"Dur\u00e9e de lecture estim\u00e9e\" \/>\n\t<meta name=\"twitter:data2\" content=\"1 minute\" \/>\n<script type=\"application\/ld+json\" class=\"yoast-schema-graph\">{\"@context\":\"https:\\\/\\\/schema.org\",\"@graph\":[{\"@type\":\"NewsArticle\",\"@id\":\"https:\\\/\\\/www.retaildetail.be\\\/fr\\\/news\\\/mode\\\/birkenstock-achete-une-nouvelle-usine-envie-dacquisitions\\\/#article\",\"isPartOf\":{\"@id\":\"https:\\\/\\\/www.retaildetail.be\\\/fr\\\/news\\\/mode\\\/birkenstock-achete-une-nouvelle-usine-envie-dacquisitions\\\/\"},\"author\":{\"name\":\"Pauline Neerman\",\"@id\":\"https:\\\/\\\/www.retaildetail.be\\\/nl\\\/#\\\/schema\\\/person\\\/66b54803fa10759039079458ea89e307\"},\"headline\":\"Birkenstock, envie d&rsquo;acquisitions, ach\u00e8te une nouvelle usine\",\"datePublished\":\"2025-09-25T13:39:25+00:00\",\"dateModified\":\"2025-09-25T13:39:43+00:00\",\"mainEntityOfPage\":{\"@id\":\"https:\\\/\\\/www.retaildetail.be\\\/fr\\\/news\\\/mode\\\/birkenstock-achete-une-nouvelle-usine-envie-dacquisitions\\\/\"},\"wordCount\":266,\"publisher\":{\"@id\":\"https:\\\/\\\/www.retaildetail.be\\\/nl\\\/#organization\"},\"image\":{\"@id\":\"https:\\\/\\\/www.retaildetail.be\\\/fr\\\/news\\\/mode\\\/birkenstock-achete-une-nouvelle-usine-envie-dacquisitions\\\/#primaryimage\"},\"thumbnailUrl\":\"https:\\\/\\\/www.retaildetail.be\\\/wp-content\\\/uploads\\\/2025\\\/09\\\/shutterstock_2371028517.jpg\",\"articleSection\":[\"Mode\",\"Mode\"],\"inLanguage\":\"fr-FR\",\"copyrightYear\":\"2025\",\"copyrightHolder\":{\"@id\":\"https:\\\/\\\/www.retaildetail.be\\\/#organization\"}},{\"@type\":\"WebPage\",\"@id\":\"https:\\\/\\\/www.retaildetail.be\\\/fr\\\/news\\\/mode\\\/birkenstock-achete-une-nouvelle-usine-envie-dacquisitions\\\/\",\"url\":\"https:\\\/\\\/www.retaildetail.be\\\/fr\\\/news\\\/mode\\\/birkenstock-achete-une-nouvelle-usine-envie-dacquisitions\\\/\",\"name\":\"Birkenstock, envie d'acquisitions, ach\u00e8te une nouvelle usine - RetailDetail BE\",\"isPartOf\":{\"@id\":\"https:\\\/\\\/www.retaildetail.be\\\/nl\\\/#website\"},\"primaryImageOfPage\":{\"@id\":\"https:\\\/\\\/www.retaildetail.be\\\/fr\\\/news\\\/mode\\\/birkenstock-achete-une-nouvelle-usine-envie-dacquisitions\\\/#primaryimage\"},\"image\":{\"@id\":\"https:\\\/\\\/www.retaildetail.be\\\/fr\\\/news\\\/mode\\\/birkenstock-achete-une-nouvelle-usine-envie-dacquisitions\\\/#primaryimage\"},\"thumbnailUrl\":\"https:\\\/\\\/www.retaildetail.be\\\/wp-content\\\/uploads\\\/2025\\\/09\\\/shutterstock_2371028517.jpg\",\"datePublished\":\"2025-09-25T13:39:25+00:00\",\"dateModified\":\"2025-09-25T13:39:43+00:00\",\"description\":\"Birkenstock r\u00e9alise une meilleure ann\u00e9e fiscale 2024\\\/25 qu'attendu. Les chiffres pr\u00e9liminaires indiquent une forte croissance.\",\"breadcrumb\":{\"@id\":\"https:\\\/\\\/www.retaildetail.be\\\/fr\\\/news\\\/mode\\\/birkenstock-achete-une-nouvelle-usine-envie-dacquisitions\\\/#breadcrumb\"},\"inLanguage\":\"fr-FR\",\"potentialAction\":[{\"@type\":\"ReadAction\",\"target\":[\"https:\\\/\\\/www.retaildetail.be\\\/fr\\\/news\\\/mode\\\/birkenstock-achete-une-nouvelle-usine-envie-dacquisitions\\\/\"]}]},{\"@type\":\"ImageObject\",\"inLanguage\":\"fr-FR\",\"@id\":\"https:\\\/\\\/www.retaildetail.be\\\/fr\\\/news\\\/mode\\\/birkenstock-achete-une-nouvelle-usine-envie-dacquisitions\\\/#primaryimage\",\"url\":\"https:\\\/\\\/www.retaildetail.be\\\/wp-content\\\/uploads\\\/2025\\\/09\\\/shutterstock_2371028517.jpg\",\"contentUrl\":\"https:\\\/\\\/www.retaildetail.be\\\/wp-content\\\/uploads\\\/2025\\\/09\\\/shutterstock_2371028517.jpg\",\"width\":1000,\"height\":667,\"caption\":\"Jeppe Gustafsson \\\/ Shutterstock.com\"},{\"@type\":\"BreadcrumbList\",\"@id\":\"https:\\\/\\\/www.retaildetail.be\\\/fr\\\/news\\\/mode\\\/birkenstock-achete-une-nouvelle-usine-envie-dacquisitions\\\/#breadcrumb\",\"itemListElement\":[{\"@type\":\"ListItem\",\"position\":1,\"name\":\"Home\",\"item\":\"https:\\\/\\\/www.retaildetail.be\\\/fr\\\/\"},{\"@type\":\"ListItem\",\"position\":2,\"name\":\"Birkenstock, envie d&#8217;acquisitions, ach\u00e8te une nouvelle usine\"}]},{\"@type\":\"WebSite\",\"@id\":\"https:\\\/\\\/www.retaildetail.be\\\/nl\\\/#website\",\"url\":\"https:\\\/\\\/www.retaildetail.be\\\/nl\\\/\",\"name\":\"RetailDetail BE\",\"description\":\"News\",\"publisher\":{\"@id\":\"https:\\\/\\\/www.retaildetail.be\\\/nl\\\/#organization\"},\"potentialAction\":[{\"@type\":\"SearchAction\",\"target\":{\"@type\":\"EntryPoint\",\"urlTemplate\":\"https:\\\/\\\/www.retaildetail.be\\\/nl\\\/?s={search_term_string}\"},\"query-input\":{\"@type\":\"PropertyValueSpecification\",\"valueRequired\":true,\"valueName\":\"search_term_string\"}}],\"inLanguage\":\"fr-FR\"},{\"@type\":\"Organization\",\"@id\":\"https:\\\/\\\/www.retaildetail.be\\\/nl\\\/#organization\",\"name\":\"RetailDetail BE\",\"url\":\"https:\\\/\\\/www.retaildetail.be\\\/nl\\\/\",\"logo\":{\"@type\":\"ImageObject\",\"inLanguage\":\"fr-FR\",\"@id\":\"https:\\\/\\\/www.retaildetail.be\\\/nl\\\/#\\\/schema\\\/logo\\\/image\\\/\",\"url\":\"https:\\\/\\\/www.retaildetail.be\\\/wp-content\\\/uploads\\\/2022\\\/04\\\/logo.svg\",\"contentUrl\":\"https:\\\/\\\/www.retaildetail.be\\\/wp-content\\\/uploads\\\/2022\\\/04\\\/logo.svg\",\"width\":131,\"height\":70,\"caption\":\"RetailDetail BE\"},\"image\":{\"@id\":\"https:\\\/\\\/www.retaildetail.be\\\/nl\\\/#\\\/schema\\\/logo\\\/image\\\/\"}},{\"@type\":\"Person\",\"@id\":\"https:\\\/\\\/www.retaildetail.be\\\/nl\\\/#\\\/schema\\\/person\\\/66b54803fa10759039079458ea89e307\",\"name\":\"Pauline Neerman\",\"image\":{\"@type\":\"ImageObject\",\"inLanguage\":\"fr-FR\",\"@id\":\"https:\\\/\\\/secure.gravatar.com\\\/avatar\\\/58db22aee589a691f9603e5765ac06010427a923f9b2728b951eb7fe27214d70?s=96&d=mm&r=g\",\"url\":\"https:\\\/\\\/secure.gravatar.com\\\/avatar\\\/58db22aee589a691f9603e5765ac06010427a923f9b2728b951eb7fe27214d70?s=96&d=mm&r=g\",\"contentUrl\":\"https:\\\/\\\/secure.gravatar.com\\\/avatar\\\/58db22aee589a691f9603e5765ac06010427a923f9b2728b951eb7fe27214d70?s=96&d=mm&r=g\",\"caption\":\"Pauline Neerman\"},\"url\":\"https:\\\/\\\/www.retaildetail.be\\\/fr\\\/author\\\/paulineneerman\\\/\"}]}<\/script>\n<!-- \/ Yoast SEO plugin. -->","yoast_head_json":{"title":"Birkenstock, envie d'acquisitions, ach\u00e8te une nouvelle usine - RetailDetail BE","description":"Birkenstock r\u00e9alise une meilleure ann\u00e9e fiscale 2024\/25 qu'attendu. Les chiffres pr\u00e9liminaires indiquent une forte croissance.","robots":{"index":"index","follow":"follow","max-snippet":"max-snippet:-1","max-image-preview":"max-image-preview:large","max-video-preview":"max-video-preview:-1"},"canonical":"https:\/\/www.retaildetail.be\/fr\/news\/mode\/birkenstock-achete-une-nouvelle-usine-envie-dacquisitions\/","og_locale":"fr_FR","og_type":"article","og_title":"Birkenstock, envie d'acquisitions, ach\u00e8te une nouvelle usine - RetailDetail BE","og_description":"Birkenstock r\u00e9alise une meilleure ann\u00e9e fiscale 2024\/25 qu'attendu. Les chiffres pr\u00e9liminaires indiquent une forte croissance.","og_url":"https:\/\/www.retaildetail.be\/fr\/news\/mode\/birkenstock-achete-une-nouvelle-usine-envie-dacquisitions\/","og_site_name":"RetailDetail BE","article_published_time":"2025-09-25T13:39:25+00:00","article_modified_time":"2025-09-25T13:39:43+00:00","og_image":[{"width":1000,"height":667,"url":"https:\/\/www.retaildetail.be\/wp-content\/uploads\/2025\/09\/shutterstock_2371028517.jpg","type":"image\/jpeg"}],"author":"Pauline Neerman","twitter_card":"summary_large_image","twitter_misc":{"\u00c9crit par":"Pauline Neerman","Dur\u00e9e de lecture estim\u00e9e":"1 minute"},"schema":{"@context":"https:\/\/schema.org","@graph":[{"@type":"NewsArticle","@id":"https:\/\/www.retaildetail.be\/fr\/news\/mode\/birkenstock-achete-une-nouvelle-usine-envie-dacquisitions\/#article","isPartOf":{"@id":"https:\/\/www.retaildetail.be\/fr\/news\/mode\/birkenstock-achete-une-nouvelle-usine-envie-dacquisitions\/"},"author":{"name":"Pauline Neerman","@id":"https:\/\/www.retaildetail.be\/nl\/#\/schema\/person\/66b54803fa10759039079458ea89e307"},"headline":"Birkenstock, envie d&rsquo;acquisitions, ach\u00e8te une nouvelle usine","datePublished":"2025-09-25T13:39:25+00:00","dateModified":"2025-09-25T13:39:43+00:00","mainEntityOfPage":{"@id":"https:\/\/www.retaildetail.be\/fr\/news\/mode\/birkenstock-achete-une-nouvelle-usine-envie-dacquisitions\/"},"wordCount":266,"publisher":{"@id":"https:\/\/www.retaildetail.be\/nl\/#organization"},"image":{"@id":"https:\/\/www.retaildetail.be\/fr\/news\/mode\/birkenstock-achete-une-nouvelle-usine-envie-dacquisitions\/#primaryimage"},"thumbnailUrl":"https:\/\/www.retaildetail.be\/wp-content\/uploads\/2025\/09\/shutterstock_2371028517.jpg","articleSection":["Mode","Mode"],"inLanguage":"fr-FR","copyrightYear":"2025","copyrightHolder":{"@id":"https:\/\/www.retaildetail.be\/#organization"}},{"@type":"WebPage","@id":"https:\/\/www.retaildetail.be\/fr\/news\/mode\/birkenstock-achete-une-nouvelle-usine-envie-dacquisitions\/","url":"https:\/\/www.retaildetail.be\/fr\/news\/mode\/birkenstock-achete-une-nouvelle-usine-envie-dacquisitions\/","name":"Birkenstock, envie d'acquisitions, ach\u00e8te une nouvelle usine - RetailDetail BE","isPartOf":{"@id":"https:\/\/www.retaildetail.be\/nl\/#website"},"primaryImageOfPage":{"@id":"https:\/\/www.retaildetail.be\/fr\/news\/mode\/birkenstock-achete-une-nouvelle-usine-envie-dacquisitions\/#primaryimage"},"image":{"@id":"https:\/\/www.retaildetail.be\/fr\/news\/mode\/birkenstock-achete-une-nouvelle-usine-envie-dacquisitions\/#primaryimage"},"thumbnailUrl":"https:\/\/www.retaildetail.be\/wp-content\/uploads\/2025\/09\/shutterstock_2371028517.jpg","datePublished":"2025-09-25T13:39:25+00:00","dateModified":"2025-09-25T13:39:43+00:00","description":"Birkenstock r\u00e9alise une meilleure ann\u00e9e fiscale 2024\/25 qu'attendu. Les chiffres pr\u00e9liminaires indiquent une forte croissance.","breadcrumb":{"@id":"https:\/\/www.retaildetail.be\/fr\/news\/mode\/birkenstock-achete-une-nouvelle-usine-envie-dacquisitions\/#breadcrumb"},"inLanguage":"fr-FR","potentialAction":[{"@type":"ReadAction","target":["https:\/\/www.retaildetail.be\/fr\/news\/mode\/birkenstock-achete-une-nouvelle-usine-envie-dacquisitions\/"]}]},{"@type":"ImageObject","inLanguage":"fr-FR","@id":"https:\/\/www.retaildetail.be\/fr\/news\/mode\/birkenstock-achete-une-nouvelle-usine-envie-dacquisitions\/#primaryimage","url":"https:\/\/www.retaildetail.be\/wp-content\/uploads\/2025\/09\/shutterstock_2371028517.jpg","contentUrl":"https:\/\/www.retaildetail.be\/wp-content\/uploads\/2025\/09\/shutterstock_2371028517.jpg","width":1000,"height":667,"caption":"Jeppe Gustafsson \/ Shutterstock.com"},{"@type":"BreadcrumbList","@id":"https:\/\/www.retaildetail.be\/fr\/news\/mode\/birkenstock-achete-une-nouvelle-usine-envie-dacquisitions\/#breadcrumb","itemListElement":[{"@type":"ListItem","position":1,"name":"Home","item":"https:\/\/www.retaildetail.be\/fr\/"},{"@type":"ListItem","position":2,"name":"Birkenstock, envie d&#8217;acquisitions, ach\u00e8te une nouvelle usine"}]},{"@type":"WebSite","@id":"https:\/\/www.retaildetail.be\/nl\/#website","url":"https:\/\/www.retaildetail.be\/nl\/","name":"RetailDetail BE","description":"News","publisher":{"@id":"https:\/\/www.retaildetail.be\/nl\/#organization"},"potentialAction":[{"@type":"SearchAction","target":{"@type":"EntryPoint","urlTemplate":"https:\/\/www.retaildetail.be\/nl\/?s={search_term_string}"},"query-input":{"@type":"PropertyValueSpecification","valueRequired":true,"valueName":"search_term_string"}}],"inLanguage":"fr-FR"},{"@type":"Organization","@id":"https:\/\/www.retaildetail.be\/nl\/#organization","name":"RetailDetail BE","url":"https:\/\/www.retaildetail.be\/nl\/","logo":{"@type":"ImageObject","inLanguage":"fr-FR","@id":"https:\/\/www.retaildetail.be\/nl\/#\/schema\/logo\/image\/","url":"https:\/\/www.retaildetail.be\/wp-content\/uploads\/2022\/04\/logo.svg","contentUrl":"https:\/\/www.retaildetail.be\/wp-content\/uploads\/2022\/04\/logo.svg","width":131,"height":70,"caption":"RetailDetail BE"},"image":{"@id":"https:\/\/www.retaildetail.be\/nl\/#\/schema\/logo\/image\/"}},{"@type":"Person","@id":"https:\/\/www.retaildetail.be\/nl\/#\/schema\/person\/66b54803fa10759039079458ea89e307","name":"Pauline Neerman","image":{"@type":"ImageObject","inLanguage":"fr-FR","@id":"https:\/\/secure.gravatar.com\/avatar\/58db22aee589a691f9603e5765ac06010427a923f9b2728b951eb7fe27214d70?s=96&d=mm&r=g","url":"https:\/\/secure.gravatar.com\/avatar\/58db22aee589a691f9603e5765ac06010427a923f9b2728b951eb7fe27214d70?s=96&d=mm&r=g","contentUrl":"https:\/\/secure.gravatar.com\/avatar\/58db22aee589a691f9603e5765ac06010427a923f9b2728b951eb7fe27214d70?s=96&d=mm&r=g","caption":"Pauline Neerman"},"url":"https:\/\/www.retaildetail.be\/fr\/author\/paulineneerman\/"}]}},"jetpack_featured_media_url":"https:\/\/www.retaildetail.be\/wp-content\/uploads\/2025\/09\/shutterstock_2371028517.jpg","jetpack_sharing_enabled":true,"_links":{"self":[{"href":"https:\/\/www.retaildetail.be\/fr\/wp-json\/wp\/v2\/posts\/129573","targetHints":{"allow":["GET"]}}],"collection":[{"href":"https:\/\/www.retaildetail.be\/fr\/wp-json\/wp\/v2\/posts"}],"about":[{"href":"https:\/\/www.retaildetail.be\/fr\/wp-json\/wp\/v2\/types\/post"}],"author":[{"embeddable":true,"href":"https:\/\/www.retaildetail.be\/fr\/wp-json\/wp\/v2\/users\/5"}],"replies":[{"embeddable":true,"href":"https:\/\/www.retaildetail.be\/fr\/wp-json\/wp\/v2\/comments?post=129573"}],"version-history":[{"count":2,"href":"https:\/\/www.retaildetail.be\/fr\/wp-json\/wp\/v2\/posts\/129573\/revisions"}],"predecessor-version":[{"id":129581,"href":"https:\/\/www.retaildetail.be\/fr\/wp-json\/wp\/v2\/posts\/129573\/revisions\/129581"}],"wp:featuredmedia":[{"embeddable":true,"href":"https:\/\/www.retaildetail.be\/fr\/wp-json\/wp\/v2\/media\/129574"}],"wp:attachment":[{"href":"https:\/\/www.retaildetail.be\/fr\/wp-json\/wp\/v2\/media?parent=129573"}],"wp:term":[{"taxonomy":"category","embeddable":true,"href":"https:\/\/www.retaildetail.be\/fr\/wp-json\/wp\/v2\/categories?post=129573"},{"taxonomy":"post_tag","embeddable":true,"href":"https:\/\/www.retaildetail.be\/fr\/wp-json\/wp\/v2\/tags?post=129573"},{"taxonomy":"people","embeddable":true,"href":"https:\/\/www.retaildetail.be\/fr\/wp-json\/wp\/v2\/people?post=129573"},{"taxonomy":"extra","embeddable":true,"href":"https:\/\/www.retaildetail.be\/fr\/wp-json\/wp\/v2\/extra?post=129573"},{"taxonomy":"company","embeddable":true,"href":"https:\/\/www.retaildetail.be\/fr\/wp-json\/wp\/v2\/company?post=129573"},{"taxonomy":"topic","embeddable":true,"href":"https:\/\/www.retaildetail.be\/fr\/wp-json\/wp\/v2\/topic?post=129573"},{"taxonomy":"region","embeddable":true,"href":"https:\/\/www.retaildetail.be\/fr\/wp-json\/wp\/v2\/region?post=129573"}],"curies":[{"name":"wp","href":"https:\/\/api.w.org\/{rel}","templated":true}]}}