{"id":129853,"date":"2025-09-29T16:11:30","date_gmt":"2025-09-29T14:11:30","guid":{"rendered":"https:\/\/www.retaildetail.be\/?p=129853"},"modified":"2025-09-29T16:11:32","modified_gmt":"2025-09-29T14:11:32","slug":"les-employes-menent-une-action-chez-ikea-a-hognoul","status":"publish","type":"post","link":"https:\/\/www.retaildetail.be\/fr\/news\/maison-deco\/les-employes-menent-une-action-chez-ikea-a-hognoul\/","title":{"rendered":"Les employ\u00e9s m\u00e8nent une action chez IKEA \u00e0 Hognoul"},"content":{"rendered":"\n<p>Lundi matin, des dizaines d&#8217;employ\u00e9s ont cess\u00e9 le travail dans le magasin <strong>IKEA<\/strong> de Hognoul. Cette action est motiv\u00e9e par le manque de personnel et une charge de travail trop importante. Vers 11 heures, la direction a entam\u00e9 des discussions avec les repr\u00e9sentants du personnel.<\/p>\n\n\n\n<h2 class=\"wp-block-heading\">R\u00e9organisation interne<\/h2>\n\n\n\n<p>Vers 9 heures, les employ\u00e9s sont sortis en masse devant l&rsquo;entr\u00e9e du magasin : il s&rsquo;agissait d&rsquo;un arr\u00eat de travail spontan\u00e9, auquel ont particip\u00e9 entre 80 et 100 personnes selon les estimations. \u00ab Les travailleurs d\u00e9noncent une surcharge de travail devenue insupportable et un manque de bras trop important. Les personnes qui partent ou qui sont en arr\u00eat maladie ne sont pas n\u00e9cessairement remplac\u00e9es. <a href=\"https:\/\/www.lalibre.be\/economie\/entreprises-startup\/2025\/09\/29\/mouvement-de-grogne-devant-le-magasin-ikea-de-hognoul-une-centaine-demployes-mobilises-4ABNF5WG5JGQDJX64UEMK36U6Q\/\">C&rsquo;est pour cela qu&rsquo;il y a un ras-le-bol aujourd&rsquo;hui<\/a> \u00bb, explique Julien Dejon, d\u00e9l\u00e9gu\u00e9 syndical de la CSC, \u00e0 La Libre.<\/p>\n\n\n\n<p>Selon les employ\u00e9s, cette situation dure depuis plusieurs mois. Ils soulignent une r\u00e9organisation interne complexe et des \u00e9quipes qui restent en sous-effectif. \u00c0 11 heures, une r\u00e9union a eu lieu entre la direction et les repr\u00e9sentants des employ\u00e9s. \u00ab On nous a dit que la direction comprenait le mouvement de grogne mais que la situation n&rsquo;\u00e9tait pas facile, notamment \u00e0 cause des finances \u00bb, a d\u00e9clar\u00e9 M. Dejon.<\/p>\n\n\n\n<p><\/p>\n","protected":false},"excerpt":{"rendered":"<p>Lundi matin, des dizaines d&#8217;employ\u00e9s ont cess\u00e9 le travail dans le magasin IKEA de Hognoul. Cette action est motiv\u00e9e par le manque de personnel et une charge de travail trop importante. Vers 11 heures, la direction a entam\u00e9 des discussions avec les repr\u00e9sentants du personnel.<\/p>\n","protected":false},"author":10,"featured_media":129854,"comment_status":"closed","ping_status":"closed","sticky":false,"template":"","format":"standard","meta":{"_acf_changed":false,"inline_featured_image":false,"_jetpack_memberships_contains_paid_content":false,"footnotes":""},"categories":[29,21],"tags":[],"people":[],"extra":[],"company":[211],"topic":[649],"region":[226],"class_list":["post-129853","post","type-post","status-publish","format-standard","has-post-thumbnail","hentry","category-maison-deco","category-wonen","company-ikea","topic-ressources-humaines","region-belgique"],"acf":[],"yoast_head":"<!-- This site is optimized with the Yoast SEO plugin v27.3 - https:\/\/yoast.com\/product\/yoast-seo-wordpress\/ -->\n<title>Les employ\u00e9s m\u00e8nent une action chez IKEA \u00e0 Hognoul - RetailDetail BE<\/title>\n<meta name=\"description\" content=\"Lundi matin, des dizaines d&#039;employ\u00e9s ont cess\u00e9 le travail dans le magasin IKEA de Hognoul.\" \/>\n<meta name=\"robots\" content=\"index, follow, max-snippet:-1, max-image-preview:large, max-video-preview:-1\" \/>\n<link rel=\"canonical\" href=\"https:\/\/www.retaildetail.be\/fr\/news\/maison-deco\/les-employes-menent-une-action-chez-ikea-a-hognoul\/\" \/>\n<meta property=\"og:locale\" content=\"fr_FR\" \/>\n<meta property=\"og:type\" content=\"article\" \/>\n<meta property=\"og:title\" content=\"Les employ\u00e9s m\u00e8nent une action chez IKEA \u00e0 Hognoul - RetailDetail BE\" \/>\n<meta property=\"og:description\" content=\"Lundi matin, des dizaines d&#039;employ\u00e9s ont cess\u00e9 le travail dans le magasin IKEA de Hognoul.\" \/>\n<meta property=\"og:url\" content=\"https:\/\/www.retaildetail.be\/fr\/news\/maison-deco\/les-employes-menent-une-action-chez-ikea-a-hognoul\/\" \/>\n<meta property=\"og:site_name\" content=\"RetailDetail BE\" \/>\n<meta property=\"article:published_time\" content=\"2025-09-29T14:11:30+00:00\" \/>\n<meta property=\"article:modified_time\" content=\"2025-09-29T14:11:32+00:00\" \/>\n<meta property=\"og:image\" content=\"https:\/\/www.retaildetail.be\/wp-content\/uploads\/2025\/09\/Ikea_10.jpg\" \/>\n\t<meta property=\"og:image:width\" content=\"1000\" \/>\n\t<meta property=\"og:image:height\" content=\"563\" \/>\n\t<meta property=\"og:image:type\" content=\"image\/jpeg\" \/>\n<meta name=\"author\" content=\"Jorg Snoeck\" \/>\n<meta name=\"twitter:card\" content=\"summary_large_image\" \/>\n<meta name=\"twitter:label1\" content=\"\u00c9crit par\" \/>\n\t<meta name=\"twitter:data1\" content=\"Jorg Snoeck\" \/>\n\t<meta name=\"twitter:label2\" content=\"Dur\u00e9e de lecture estim\u00e9e\" \/>\n\t<meta name=\"twitter:data2\" content=\"1 minute\" \/>\n<script type=\"application\/ld+json\" class=\"yoast-schema-graph\">{\"@context\":\"https:\\\/\\\/schema.org\",\"@graph\":[{\"@type\":\"NewsArticle\",\"@id\":\"https:\\\/\\\/www.retaildetail.be\\\/fr\\\/news\\\/maison-deco\\\/les-employes-menent-une-action-chez-ikea-a-hognoul\\\/#article\",\"isPartOf\":{\"@id\":\"https:\\\/\\\/www.retaildetail.be\\\/fr\\\/news\\\/maison-deco\\\/les-employes-menent-une-action-chez-ikea-a-hognoul\\\/\"},\"author\":{\"name\":\"Jorg Snoeck\",\"@id\":\"https:\\\/\\\/www.retaildetail.be\\\/nl\\\/#\\\/schema\\\/person\\\/71d9b89376db00e9b1aa8a2841e71a72\"},\"headline\":\"Les employ\u00e9s m\u00e8nent une action chez IKEA \u00e0 Hognoul\",\"datePublished\":\"2025-09-29T14:11:30+00:00\",\"dateModified\":\"2025-09-29T14:11:32+00:00\",\"mainEntityOfPage\":{\"@id\":\"https:\\\/\\\/www.retaildetail.be\\\/fr\\\/news\\\/maison-deco\\\/les-employes-menent-une-action-chez-ikea-a-hognoul\\\/\"},\"wordCount\":224,\"publisher\":{\"@id\":\"https:\\\/\\\/www.retaildetail.be\\\/nl\\\/#organization\"},\"image\":{\"@id\":\"https:\\\/\\\/www.retaildetail.be\\\/fr\\\/news\\\/maison-deco\\\/les-employes-menent-une-action-chez-ikea-a-hognoul\\\/#primaryimage\"},\"thumbnailUrl\":\"https:\\\/\\\/www.retaildetail.be\\\/wp-content\\\/uploads\\\/2025\\\/09\\\/Ikea_10.jpg\",\"articleSection\":[\"Maison &amp; D\u00e9co\",\"Wonen\"],\"inLanguage\":\"fr-FR\",\"copyrightYear\":\"2025\",\"copyrightHolder\":{\"@id\":\"https:\\\/\\\/www.retaildetail.be\\\/#organization\"}},{\"@type\":\"WebPage\",\"@id\":\"https:\\\/\\\/www.retaildetail.be\\\/fr\\\/news\\\/maison-deco\\\/les-employes-menent-une-action-chez-ikea-a-hognoul\\\/\",\"url\":\"https:\\\/\\\/www.retaildetail.be\\\/fr\\\/news\\\/maison-deco\\\/les-employes-menent-une-action-chez-ikea-a-hognoul\\\/\",\"name\":\"Les employ\u00e9s m\u00e8nent une action chez IKEA \u00e0 Hognoul - RetailDetail BE\",\"isPartOf\":{\"@id\":\"https:\\\/\\\/www.retaildetail.be\\\/nl\\\/#website\"},\"primaryImageOfPage\":{\"@id\":\"https:\\\/\\\/www.retaildetail.be\\\/fr\\\/news\\\/maison-deco\\\/les-employes-menent-une-action-chez-ikea-a-hognoul\\\/#primaryimage\"},\"image\":{\"@id\":\"https:\\\/\\\/www.retaildetail.be\\\/fr\\\/news\\\/maison-deco\\\/les-employes-menent-une-action-chez-ikea-a-hognoul\\\/#primaryimage\"},\"thumbnailUrl\":\"https:\\\/\\\/www.retaildetail.be\\\/wp-content\\\/uploads\\\/2025\\\/09\\\/Ikea_10.jpg\",\"datePublished\":\"2025-09-29T14:11:30+00:00\",\"dateModified\":\"2025-09-29T14:11:32+00:00\",\"description\":\"Lundi matin, des dizaines d'employ\u00e9s ont cess\u00e9 le travail dans le magasin IKEA de Hognoul.\",\"breadcrumb\":{\"@id\":\"https:\\\/\\\/www.retaildetail.be\\\/fr\\\/news\\\/maison-deco\\\/les-employes-menent-une-action-chez-ikea-a-hognoul\\\/#breadcrumb\"},\"inLanguage\":\"fr-FR\",\"potentialAction\":[{\"@type\":\"ReadAction\",\"target\":[\"https:\\\/\\\/www.retaildetail.be\\\/fr\\\/news\\\/maison-deco\\\/les-employes-menent-une-action-chez-ikea-a-hognoul\\\/\"]}]},{\"@type\":\"ImageObject\",\"inLanguage\":\"fr-FR\",\"@id\":\"https:\\\/\\\/www.retaildetail.be\\\/fr\\\/news\\\/maison-deco\\\/les-employes-menent-une-action-chez-ikea-a-hognoul\\\/#primaryimage\",\"url\":\"https:\\\/\\\/www.retaildetail.be\\\/wp-content\\\/uploads\\\/2025\\\/09\\\/Ikea_10.jpg\",\"contentUrl\":\"https:\\\/\\\/www.retaildetail.be\\\/wp-content\\\/uploads\\\/2025\\\/09\\\/Ikea_10.jpg\",\"width\":1000,\"height\":563},{\"@type\":\"BreadcrumbList\",\"@id\":\"https:\\\/\\\/www.retaildetail.be\\\/fr\\\/news\\\/maison-deco\\\/les-employes-menent-une-action-chez-ikea-a-hognoul\\\/#breadcrumb\",\"itemListElement\":[{\"@type\":\"ListItem\",\"position\":1,\"name\":\"Home\",\"item\":\"https:\\\/\\\/www.retaildetail.be\\\/fr\\\/\"},{\"@type\":\"ListItem\",\"position\":2,\"name\":\"Les employ\u00e9s m\u00e8nent une action chez IKEA \u00e0 Hognoul\"}]},{\"@type\":\"WebSite\",\"@id\":\"https:\\\/\\\/www.retaildetail.be\\\/nl\\\/#website\",\"url\":\"https:\\\/\\\/www.retaildetail.be\\\/nl\\\/\",\"name\":\"RetailDetail BE\",\"description\":\"News\",\"publisher\":{\"@id\":\"https:\\\/\\\/www.retaildetail.be\\\/nl\\\/#organization\"},\"potentialAction\":[{\"@type\":\"SearchAction\",\"target\":{\"@type\":\"EntryPoint\",\"urlTemplate\":\"https:\\\/\\\/www.retaildetail.be\\\/nl\\\/?s={search_term_string}\"},\"query-input\":{\"@type\":\"PropertyValueSpecification\",\"valueRequired\":true,\"valueName\":\"search_term_string\"}}],\"inLanguage\":\"fr-FR\"},{\"@type\":\"Organization\",\"@id\":\"https:\\\/\\\/www.retaildetail.be\\\/nl\\\/#organization\",\"name\":\"RetailDetail BE\",\"url\":\"https:\\\/\\\/www.retaildetail.be\\\/nl\\\/\",\"logo\":{\"@type\":\"ImageObject\",\"inLanguage\":\"fr-FR\",\"@id\":\"https:\\\/\\\/www.retaildetail.be\\\/nl\\\/#\\\/schema\\\/logo\\\/image\\\/\",\"url\":\"https:\\\/\\\/www.retaildetail.be\\\/wp-content\\\/uploads\\\/2022\\\/04\\\/logo.svg\",\"contentUrl\":\"https:\\\/\\\/www.retaildetail.be\\\/wp-content\\\/uploads\\\/2022\\\/04\\\/logo.svg\",\"width\":131,\"height\":70,\"caption\":\"RetailDetail BE\"},\"image\":{\"@id\":\"https:\\\/\\\/www.retaildetail.be\\\/nl\\\/#\\\/schema\\\/logo\\\/image\\\/\"}},{\"@type\":\"Person\",\"@id\":\"https:\\\/\\\/www.retaildetail.be\\\/nl\\\/#\\\/schema\\\/person\\\/71d9b89376db00e9b1aa8a2841e71a72\",\"name\":\"Jorg Snoeck\",\"image\":{\"@type\":\"ImageObject\",\"inLanguage\":\"fr-FR\",\"@id\":\"https:\\\/\\\/secure.gravatar.com\\\/avatar\\\/fc1bd94c7d40f2446e6bf778bb34cf9ab000168f63533cec8e072f4ad96ce7f3?s=96&d=mm&r=g\",\"url\":\"https:\\\/\\\/secure.gravatar.com\\\/avatar\\\/fc1bd94c7d40f2446e6bf778bb34cf9ab000168f63533cec8e072f4ad96ce7f3?s=96&d=mm&r=g\",\"contentUrl\":\"https:\\\/\\\/secure.gravatar.com\\\/avatar\\\/fc1bd94c7d40f2446e6bf778bb34cf9ab000168f63533cec8e072f4ad96ce7f3?s=96&d=mm&r=g\",\"caption\":\"Jorg Snoeck\"},\"url\":\"https:\\\/\\\/www.retaildetail.be\\\/fr\\\/author\\\/jorgsnoeck\\\/\"}]}<\/script>\n<!-- \/ Yoast SEO plugin. -->","yoast_head_json":{"title":"Les employ\u00e9s m\u00e8nent une action chez IKEA \u00e0 Hognoul - RetailDetail BE","description":"Lundi matin, des dizaines d'employ\u00e9s ont cess\u00e9 le travail dans le magasin IKEA de Hognoul.","robots":{"index":"index","follow":"follow","max-snippet":"max-snippet:-1","max-image-preview":"max-image-preview:large","max-video-preview":"max-video-preview:-1"},"canonical":"https:\/\/www.retaildetail.be\/fr\/news\/maison-deco\/les-employes-menent-une-action-chez-ikea-a-hognoul\/","og_locale":"fr_FR","og_type":"article","og_title":"Les employ\u00e9s m\u00e8nent une action chez IKEA \u00e0 Hognoul - RetailDetail BE","og_description":"Lundi matin, des dizaines d'employ\u00e9s ont cess\u00e9 le travail dans le magasin IKEA de Hognoul.","og_url":"https:\/\/www.retaildetail.be\/fr\/news\/maison-deco\/les-employes-menent-une-action-chez-ikea-a-hognoul\/","og_site_name":"RetailDetail BE","article_published_time":"2025-09-29T14:11:30+00:00","article_modified_time":"2025-09-29T14:11:32+00:00","og_image":[{"width":1000,"height":563,"url":"https:\/\/www.retaildetail.be\/wp-content\/uploads\/2025\/09\/Ikea_10.jpg","type":"image\/jpeg"}],"author":"Jorg Snoeck","twitter_card":"summary_large_image","twitter_misc":{"\u00c9crit par":"Jorg Snoeck","Dur\u00e9e de lecture estim\u00e9e":"1 minute"},"schema":{"@context":"https:\/\/schema.org","@graph":[{"@type":"NewsArticle","@id":"https:\/\/www.retaildetail.be\/fr\/news\/maison-deco\/les-employes-menent-une-action-chez-ikea-a-hognoul\/#article","isPartOf":{"@id":"https:\/\/www.retaildetail.be\/fr\/news\/maison-deco\/les-employes-menent-une-action-chez-ikea-a-hognoul\/"},"author":{"name":"Jorg Snoeck","@id":"https:\/\/www.retaildetail.be\/nl\/#\/schema\/person\/71d9b89376db00e9b1aa8a2841e71a72"},"headline":"Les employ\u00e9s m\u00e8nent une action chez IKEA \u00e0 Hognoul","datePublished":"2025-09-29T14:11:30+00:00","dateModified":"2025-09-29T14:11:32+00:00","mainEntityOfPage":{"@id":"https:\/\/www.retaildetail.be\/fr\/news\/maison-deco\/les-employes-menent-une-action-chez-ikea-a-hognoul\/"},"wordCount":224,"publisher":{"@id":"https:\/\/www.retaildetail.be\/nl\/#organization"},"image":{"@id":"https:\/\/www.retaildetail.be\/fr\/news\/maison-deco\/les-employes-menent-une-action-chez-ikea-a-hognoul\/#primaryimage"},"thumbnailUrl":"https:\/\/www.retaildetail.be\/wp-content\/uploads\/2025\/09\/Ikea_10.jpg","articleSection":["Maison &amp; D\u00e9co","Wonen"],"inLanguage":"fr-FR","copyrightYear":"2025","copyrightHolder":{"@id":"https:\/\/www.retaildetail.be\/#organization"}},{"@type":"WebPage","@id":"https:\/\/www.retaildetail.be\/fr\/news\/maison-deco\/les-employes-menent-une-action-chez-ikea-a-hognoul\/","url":"https:\/\/www.retaildetail.be\/fr\/news\/maison-deco\/les-employes-menent-une-action-chez-ikea-a-hognoul\/","name":"Les employ\u00e9s m\u00e8nent une action chez IKEA \u00e0 Hognoul - RetailDetail BE","isPartOf":{"@id":"https:\/\/www.retaildetail.be\/nl\/#website"},"primaryImageOfPage":{"@id":"https:\/\/www.retaildetail.be\/fr\/news\/maison-deco\/les-employes-menent-une-action-chez-ikea-a-hognoul\/#primaryimage"},"image":{"@id":"https:\/\/www.retaildetail.be\/fr\/news\/maison-deco\/les-employes-menent-une-action-chez-ikea-a-hognoul\/#primaryimage"},"thumbnailUrl":"https:\/\/www.retaildetail.be\/wp-content\/uploads\/2025\/09\/Ikea_10.jpg","datePublished":"2025-09-29T14:11:30+00:00","dateModified":"2025-09-29T14:11:32+00:00","description":"Lundi matin, des dizaines d'employ\u00e9s ont cess\u00e9 le travail dans le magasin IKEA de Hognoul.","breadcrumb":{"@id":"https:\/\/www.retaildetail.be\/fr\/news\/maison-deco\/les-employes-menent-une-action-chez-ikea-a-hognoul\/#breadcrumb"},"inLanguage":"fr-FR","potentialAction":[{"@type":"ReadAction","target":["https:\/\/www.retaildetail.be\/fr\/news\/maison-deco\/les-employes-menent-une-action-chez-ikea-a-hognoul\/"]}]},{"@type":"ImageObject","inLanguage":"fr-FR","@id":"https:\/\/www.retaildetail.be\/fr\/news\/maison-deco\/les-employes-menent-une-action-chez-ikea-a-hognoul\/#primaryimage","url":"https:\/\/www.retaildetail.be\/wp-content\/uploads\/2025\/09\/Ikea_10.jpg","contentUrl":"https:\/\/www.retaildetail.be\/wp-content\/uploads\/2025\/09\/Ikea_10.jpg","width":1000,"height":563},{"@type":"BreadcrumbList","@id":"https:\/\/www.retaildetail.be\/fr\/news\/maison-deco\/les-employes-menent-une-action-chez-ikea-a-hognoul\/#breadcrumb","itemListElement":[{"@type":"ListItem","position":1,"name":"Home","item":"https:\/\/www.retaildetail.be\/fr\/"},{"@type":"ListItem","position":2,"name":"Les employ\u00e9s m\u00e8nent une action chez IKEA \u00e0 Hognoul"}]},{"@type":"WebSite","@id":"https:\/\/www.retaildetail.be\/nl\/#website","url":"https:\/\/www.retaildetail.be\/nl\/","name":"RetailDetail BE","description":"News","publisher":{"@id":"https:\/\/www.retaildetail.be\/nl\/#organization"},"potentialAction":[{"@type":"SearchAction","target":{"@type":"EntryPoint","urlTemplate":"https:\/\/www.retaildetail.be\/nl\/?s={search_term_string}"},"query-input":{"@type":"PropertyValueSpecification","valueRequired":true,"valueName":"search_term_string"}}],"inLanguage":"fr-FR"},{"@type":"Organization","@id":"https:\/\/www.retaildetail.be\/nl\/#organization","name":"RetailDetail BE","url":"https:\/\/www.retaildetail.be\/nl\/","logo":{"@type":"ImageObject","inLanguage":"fr-FR","@id":"https:\/\/www.retaildetail.be\/nl\/#\/schema\/logo\/image\/","url":"https:\/\/www.retaildetail.be\/wp-content\/uploads\/2022\/04\/logo.svg","contentUrl":"https:\/\/www.retaildetail.be\/wp-content\/uploads\/2022\/04\/logo.svg","width":131,"height":70,"caption":"RetailDetail BE"},"image":{"@id":"https:\/\/www.retaildetail.be\/nl\/#\/schema\/logo\/image\/"}},{"@type":"Person","@id":"https:\/\/www.retaildetail.be\/nl\/#\/schema\/person\/71d9b89376db00e9b1aa8a2841e71a72","name":"Jorg Snoeck","image":{"@type":"ImageObject","inLanguage":"fr-FR","@id":"https:\/\/secure.gravatar.com\/avatar\/fc1bd94c7d40f2446e6bf778bb34cf9ab000168f63533cec8e072f4ad96ce7f3?s=96&d=mm&r=g","url":"https:\/\/secure.gravatar.com\/avatar\/fc1bd94c7d40f2446e6bf778bb34cf9ab000168f63533cec8e072f4ad96ce7f3?s=96&d=mm&r=g","contentUrl":"https:\/\/secure.gravatar.com\/avatar\/fc1bd94c7d40f2446e6bf778bb34cf9ab000168f63533cec8e072f4ad96ce7f3?s=96&d=mm&r=g","caption":"Jorg Snoeck"},"url":"https:\/\/www.retaildetail.be\/fr\/author\/jorgsnoeck\/"}]}},"jetpack_featured_media_url":"https:\/\/www.retaildetail.be\/wp-content\/uploads\/2025\/09\/Ikea_10.jpg","jetpack_sharing_enabled":true,"_links":{"self":[{"href":"https:\/\/www.retaildetail.be\/fr\/wp-json\/wp\/v2\/posts\/129853","targetHints":{"allow":["GET"]}}],"collection":[{"href":"https:\/\/www.retaildetail.be\/fr\/wp-json\/wp\/v2\/posts"}],"about":[{"href":"https:\/\/www.retaildetail.be\/fr\/wp-json\/wp\/v2\/types\/post"}],"author":[{"embeddable":true,"href":"https:\/\/www.retaildetail.be\/fr\/wp-json\/wp\/v2\/users\/10"}],"replies":[{"embeddable":true,"href":"https:\/\/www.retaildetail.be\/fr\/wp-json\/wp\/v2\/comments?post=129853"}],"version-history":[{"count":1,"href":"https:\/\/www.retaildetail.be\/fr\/wp-json\/wp\/v2\/posts\/129853\/revisions"}],"predecessor-version":[{"id":129857,"href":"https:\/\/www.retaildetail.be\/fr\/wp-json\/wp\/v2\/posts\/129853\/revisions\/129857"}],"wp:featuredmedia":[{"embeddable":true,"href":"https:\/\/www.retaildetail.be\/fr\/wp-json\/wp\/v2\/media\/129854"}],"wp:attachment":[{"href":"https:\/\/www.retaildetail.be\/fr\/wp-json\/wp\/v2\/media?parent=129853"}],"wp:term":[{"taxonomy":"category","embeddable":true,"href":"https:\/\/www.retaildetail.be\/fr\/wp-json\/wp\/v2\/categories?post=129853"},{"taxonomy":"post_tag","embeddable":true,"href":"https:\/\/www.retaildetail.be\/fr\/wp-json\/wp\/v2\/tags?post=129853"},{"taxonomy":"people","embeddable":true,"href":"https:\/\/www.retaildetail.be\/fr\/wp-json\/wp\/v2\/people?post=129853"},{"taxonomy":"extra","embeddable":true,"href":"https:\/\/www.retaildetail.be\/fr\/wp-json\/wp\/v2\/extra?post=129853"},{"taxonomy":"company","embeddable":true,"href":"https:\/\/www.retaildetail.be\/fr\/wp-json\/wp\/v2\/company?post=129853"},{"taxonomy":"topic","embeddable":true,"href":"https:\/\/www.retaildetail.be\/fr\/wp-json\/wp\/v2\/topic?post=129853"},{"taxonomy":"region","embeddable":true,"href":"https:\/\/www.retaildetail.be\/fr\/wp-json\/wp\/v2\/region?post=129853"}],"curies":[{"name":"wp","href":"https:\/\/api.w.org\/{rel}","templated":true}]}}