{"id":131061,"date":"2025-10-09T12:32:06","date_gmt":"2025-10-09T10:32:06","guid":{"rendered":"https:\/\/www.retaildetail.be\/?p=131061"},"modified":"2025-10-09T12:32:08","modified_gmt":"2025-10-09T10:32:08","slug":"le-proprietaire-de-vanharen-deichmann-sest-rendu-coupable-de-greenwashing","status":"publish","type":"post","link":"https:\/\/www.retaildetail.be\/fr\/news\/mode\/le-proprietaire-de-vanharen-deichmann-sest-rendu-coupable-de-greenwashing\/","title":{"rendered":"Deichmann, le propri\u00e9taire de vanHaren, coupable de \u00ab greenwashing \u00bb"},"content":{"rendered":"\n<p><strong>Deichmann<\/strong>, l&rsquo;un des plus grands d\u00e9taillants de chaussures en Europe, a \u00e9t\u00e9 condamn\u00e9 en Allemagne pour avoir fait de la publicit\u00e9 mensong\u00e8re en promettant des chaussures durables qui n&rsquo;offraient aucun avantage environnemental par rapport \u00e0 celles de ses concurrents.<\/p>\n\n\n\n<h2 class=\"wp-block-heading\">\u00ab Les clients ont \u00e9t\u00e9 tromp\u00e9s \u00bb<\/h2>\n\n\n\n<p>L&rsquo;organisation environnementale allemande Deutsche Umwelthilfe (DUH) a remport\u00e9 une victoire devant les tribunaux contre Deichmann, la soci\u00e9t\u00e9 m\u00e8re de <strong>vanHaren<\/strong>, pour greenwashing. Le d\u00e9taillant de chaussures avait pr\u00e9sent\u00e9 plus d&rsquo;un millier de produits comme \u00ab durables \u00bb sans \u00e9tayer cette affirmation. Au cours de la proc\u00e9dure, la DUH a pu d\u00e9montrer que les chaussures pr\u00e9sent\u00e9es n&rsquo;offraient aucun avantage environnemental par rapport aux produits concurrents. Le tribunal de Bochum a donn\u00e9 raison \u00e0 l&rsquo;organisation.<\/p>\n\n\n\n<p>\u00ab Le d\u00e9taillant de chaussures joue avec l&rsquo;image verte sans pr\u00e9ciser ce que signifie r\u00e9ellement la \u00ab durabilit\u00e9 \u00bb. Quiconque fait de la publicit\u00e9 avec des promesses environnementales vaines trompe les clients, ce qui est tout simplement ill\u00e9gal. Le fait que l&rsquo;entreprise ait depuis discr\u00e8tement supprim\u00e9 ce terme en dit long. Cette d\u00e9cision envoie un signal clair : quiconque promet la durabilit\u00e9 doit \u00e9galement le prouver, tout le reste n&rsquo;est que greenwashing \u00bb, r\u00e9agit J\u00fcrgen Resch, directeur f\u00e9d\u00e9ral de la DUH dans un communiqu\u00e9 de presse.<\/p>\n","protected":false},"excerpt":{"rendered":"<p>Deichmann, l&rsquo;un des plus grands d\u00e9taillants de chaussures en Europe, a \u00e9t\u00e9 condamn\u00e9 en Allemagne pour avoir fait de la publicit\u00e9 mensong\u00e8re en promettant des chaussures durables qui n&rsquo;offrent aucun avantage environnemental par rapport \u00e0 celles de ses concurrents. <\/p>\n","protected":false},"author":3,"featured_media":131062,"comment_status":"closed","ping_status":"closed","sticky":false,"template":"","format":"standard","meta":{"_acf_changed":false,"inline_featured_image":false,"_jetpack_memberships_contains_paid_content":false,"footnotes":""},"categories":[14,22],"tags":[],"people":[],"extra":[],"company":[442],"topic":[373,756],"region":[470],"class_list":{"0":"post-131061","1":"post","2":"type-post","3":"status-publish","4":"format-standard","5":"has-post-thumbnail","6":"hentry","7":"category-mode","9":"company-deichmann","10":"topic-durabilite","11":"topic-litige","12":"region-allemagne"},"acf":[],"yoast_head":"<!-- This site is optimized with the Yoast SEO plugin v27.3 - https:\/\/yoast.com\/product\/yoast-seo-wordpress\/ -->\n<title>Deichmann, le propri\u00e9taire de vanHaren, coupable de \u00ab greenwashing \u00bb - RetailDetail BE<\/title>\n<meta name=\"description\" content=\"Deichmann, l&#039;un des plus grands d\u00e9taillants de chaussures en Europe, a \u00e9t\u00e9 condamn\u00e9 en Allemagne pour avoir fait de la publicit\u00e9 mensong\u00e8re.\" \/>\n<meta name=\"robots\" content=\"index, follow, max-snippet:-1, max-image-preview:large, max-video-preview:-1\" \/>\n<link rel=\"canonical\" href=\"https:\/\/www.retaildetail.be\/fr\/news\/mode\/le-proprietaire-de-vanharen-deichmann-sest-rendu-coupable-de-greenwashing\/\" \/>\n<meta property=\"og:locale\" content=\"fr_FR\" \/>\n<meta property=\"og:type\" content=\"article\" \/>\n<meta property=\"og:title\" content=\"Deichmann, le propri\u00e9taire de vanHaren, coupable de \u00ab greenwashing \u00bb - RetailDetail BE\" \/>\n<meta property=\"og:description\" content=\"Deichmann, l&#039;un des plus grands d\u00e9taillants de chaussures en Europe, a \u00e9t\u00e9 condamn\u00e9 en Allemagne pour avoir fait de la publicit\u00e9 mensong\u00e8re.\" \/>\n<meta property=\"og:url\" content=\"https:\/\/www.retaildetail.be\/fr\/news\/mode\/le-proprietaire-de-vanharen-deichmann-sest-rendu-coupable-de-greenwashing\/\" \/>\n<meta property=\"og:site_name\" content=\"RetailDetail BE\" \/>\n<meta property=\"article:published_time\" content=\"2025-10-09T10:32:06+00:00\" \/>\n<meta property=\"article:modified_time\" content=\"2025-10-09T10:32:08+00:00\" \/>\n<meta property=\"og:image\" content=\"https:\/\/www.retaildetail.be\/wp-content\/uploads\/2025\/10\/shutterstock_deichmann.jpg\" \/>\n\t<meta property=\"og:image:width\" content=\"1000\" \/>\n\t<meta property=\"og:image:height\" content=\"667\" \/>\n\t<meta property=\"og:image:type\" content=\"image\/jpeg\" \/>\n<meta name=\"author\" content=\"Stefan Van Rompaey\" \/>\n<meta name=\"twitter:card\" content=\"summary_large_image\" \/>\n<meta name=\"twitter:label1\" content=\"\u00c9crit par\" \/>\n\t<meta name=\"twitter:data1\" content=\"Stefan Van Rompaey\" \/>\n\t<meta name=\"twitter:label2\" content=\"Dur\u00e9e de lecture estim\u00e9e\" \/>\n\t<meta name=\"twitter:data2\" content=\"1 minute\" \/>\n<script type=\"application\/ld+json\" class=\"yoast-schema-graph\">{\"@context\":\"https:\\\/\\\/schema.org\",\"@graph\":[{\"@type\":\"NewsArticle\",\"@id\":\"https:\\\/\\\/www.retaildetail.be\\\/fr\\\/news\\\/mode\\\/le-proprietaire-de-vanharen-deichmann-sest-rendu-coupable-de-greenwashing\\\/#article\",\"isPartOf\":{\"@id\":\"https:\\\/\\\/www.retaildetail.be\\\/fr\\\/news\\\/mode\\\/le-proprietaire-de-vanharen-deichmann-sest-rendu-coupable-de-greenwashing\\\/\"},\"author\":{\"name\":\"Stefan Van Rompaey\",\"@id\":\"https:\\\/\\\/www.retaildetail.be\\\/nl\\\/#\\\/schema\\\/person\\\/51aec6069c4416aa2f68b2e4ff3455df\"},\"headline\":\"Deichmann, le propri\u00e9taire de vanHaren, coupable de \u00ab greenwashing \u00bb\",\"datePublished\":\"2025-10-09T10:32:06+00:00\",\"dateModified\":\"2025-10-09T10:32:08+00:00\",\"mainEntityOfPage\":{\"@id\":\"https:\\\/\\\/www.retaildetail.be\\\/fr\\\/news\\\/mode\\\/le-proprietaire-de-vanharen-deichmann-sest-rendu-coupable-de-greenwashing\\\/\"},\"wordCount\":233,\"publisher\":{\"@id\":\"https:\\\/\\\/www.retaildetail.be\\\/nl\\\/#organization\"},\"image\":{\"@id\":\"https:\\\/\\\/www.retaildetail.be\\\/fr\\\/news\\\/mode\\\/le-proprietaire-de-vanharen-deichmann-sest-rendu-coupable-de-greenwashing\\\/#primaryimage\"},\"thumbnailUrl\":\"https:\\\/\\\/www.retaildetail.be\\\/wp-content\\\/uploads\\\/2025\\\/10\\\/shutterstock_deichmann.jpg\",\"articleSection\":[\"Mode\",\"Mode\"],\"inLanguage\":\"fr-FR\",\"copyrightYear\":\"2025\",\"copyrightHolder\":{\"@id\":\"https:\\\/\\\/www.retaildetail.be\\\/#organization\"}},{\"@type\":\"WebPage\",\"@id\":\"https:\\\/\\\/www.retaildetail.be\\\/fr\\\/news\\\/mode\\\/le-proprietaire-de-vanharen-deichmann-sest-rendu-coupable-de-greenwashing\\\/\",\"url\":\"https:\\\/\\\/www.retaildetail.be\\\/fr\\\/news\\\/mode\\\/le-proprietaire-de-vanharen-deichmann-sest-rendu-coupable-de-greenwashing\\\/\",\"name\":\"Deichmann, le propri\u00e9taire de vanHaren, coupable de \u00ab greenwashing \u00bb - RetailDetail BE\",\"isPartOf\":{\"@id\":\"https:\\\/\\\/www.retaildetail.be\\\/nl\\\/#website\"},\"primaryImageOfPage\":{\"@id\":\"https:\\\/\\\/www.retaildetail.be\\\/fr\\\/news\\\/mode\\\/le-proprietaire-de-vanharen-deichmann-sest-rendu-coupable-de-greenwashing\\\/#primaryimage\"},\"image\":{\"@id\":\"https:\\\/\\\/www.retaildetail.be\\\/fr\\\/news\\\/mode\\\/le-proprietaire-de-vanharen-deichmann-sest-rendu-coupable-de-greenwashing\\\/#primaryimage\"},\"thumbnailUrl\":\"https:\\\/\\\/www.retaildetail.be\\\/wp-content\\\/uploads\\\/2025\\\/10\\\/shutterstock_deichmann.jpg\",\"datePublished\":\"2025-10-09T10:32:06+00:00\",\"dateModified\":\"2025-10-09T10:32:08+00:00\",\"description\":\"Deichmann, l'un des plus grands d\u00e9taillants de chaussures en Europe, a \u00e9t\u00e9 condamn\u00e9 en Allemagne pour avoir fait de la publicit\u00e9 mensong\u00e8re.\",\"breadcrumb\":{\"@id\":\"https:\\\/\\\/www.retaildetail.be\\\/fr\\\/news\\\/mode\\\/le-proprietaire-de-vanharen-deichmann-sest-rendu-coupable-de-greenwashing\\\/#breadcrumb\"},\"inLanguage\":\"fr-FR\",\"potentialAction\":[{\"@type\":\"ReadAction\",\"target\":[\"https:\\\/\\\/www.retaildetail.be\\\/fr\\\/news\\\/mode\\\/le-proprietaire-de-vanharen-deichmann-sest-rendu-coupable-de-greenwashing\\\/\"]}]},{\"@type\":\"ImageObject\",\"inLanguage\":\"fr-FR\",\"@id\":\"https:\\\/\\\/www.retaildetail.be\\\/fr\\\/news\\\/mode\\\/le-proprietaire-de-vanharen-deichmann-sest-rendu-coupable-de-greenwashing\\\/#primaryimage\",\"url\":\"https:\\\/\\\/www.retaildetail.be\\\/wp-content\\\/uploads\\\/2025\\\/10\\\/shutterstock_deichmann.jpg\",\"contentUrl\":\"https:\\\/\\\/www.retaildetail.be\\\/wp-content\\\/uploads\\\/2025\\\/10\\\/shutterstock_deichmann.jpg\",\"width\":1000,\"height\":667},{\"@type\":\"BreadcrumbList\",\"@id\":\"https:\\\/\\\/www.retaildetail.be\\\/fr\\\/news\\\/mode\\\/le-proprietaire-de-vanharen-deichmann-sest-rendu-coupable-de-greenwashing\\\/#breadcrumb\",\"itemListElement\":[{\"@type\":\"ListItem\",\"position\":1,\"name\":\"Home\",\"item\":\"https:\\\/\\\/www.retaildetail.be\\\/fr\\\/\"},{\"@type\":\"ListItem\",\"position\":2,\"name\":\"Deichmann, le propri\u00e9taire de vanHaren, coupable de \u00ab greenwashing \u00bb\"}]},{\"@type\":\"WebSite\",\"@id\":\"https:\\\/\\\/www.retaildetail.be\\\/nl\\\/#website\",\"url\":\"https:\\\/\\\/www.retaildetail.be\\\/nl\\\/\",\"name\":\"RetailDetail BE\",\"description\":\"News\",\"publisher\":{\"@id\":\"https:\\\/\\\/www.retaildetail.be\\\/nl\\\/#organization\"},\"potentialAction\":[{\"@type\":\"SearchAction\",\"target\":{\"@type\":\"EntryPoint\",\"urlTemplate\":\"https:\\\/\\\/www.retaildetail.be\\\/nl\\\/?s={search_term_string}\"},\"query-input\":{\"@type\":\"PropertyValueSpecification\",\"valueRequired\":true,\"valueName\":\"search_term_string\"}}],\"inLanguage\":\"fr-FR\"},{\"@type\":\"Organization\",\"@id\":\"https:\\\/\\\/www.retaildetail.be\\\/nl\\\/#organization\",\"name\":\"RetailDetail BE\",\"url\":\"https:\\\/\\\/www.retaildetail.be\\\/nl\\\/\",\"logo\":{\"@type\":\"ImageObject\",\"inLanguage\":\"fr-FR\",\"@id\":\"https:\\\/\\\/www.retaildetail.be\\\/nl\\\/#\\\/schema\\\/logo\\\/image\\\/\",\"url\":\"https:\\\/\\\/www.retaildetail.be\\\/wp-content\\\/uploads\\\/2022\\\/04\\\/logo.svg\",\"contentUrl\":\"https:\\\/\\\/www.retaildetail.be\\\/wp-content\\\/uploads\\\/2022\\\/04\\\/logo.svg\",\"width\":131,\"height\":70,\"caption\":\"RetailDetail BE\"},\"image\":{\"@id\":\"https:\\\/\\\/www.retaildetail.be\\\/nl\\\/#\\\/schema\\\/logo\\\/image\\\/\"}},{\"@type\":\"Person\",\"@id\":\"https:\\\/\\\/www.retaildetail.be\\\/nl\\\/#\\\/schema\\\/person\\\/51aec6069c4416aa2f68b2e4ff3455df\",\"name\":\"Stefan Van Rompaey\",\"image\":{\"@type\":\"ImageObject\",\"inLanguage\":\"fr-FR\",\"@id\":\"https:\\\/\\\/secure.gravatar.com\\\/avatar\\\/fbbb4a80a0f109888b2a5ab8ae255617499ecde533749b3ab2fa6c23b5d65dac?s=96&d=mm&r=g\",\"url\":\"https:\\\/\\\/secure.gravatar.com\\\/avatar\\\/fbbb4a80a0f109888b2a5ab8ae255617499ecde533749b3ab2fa6c23b5d65dac?s=96&d=mm&r=g\",\"contentUrl\":\"https:\\\/\\\/secure.gravatar.com\\\/avatar\\\/fbbb4a80a0f109888b2a5ab8ae255617499ecde533749b3ab2fa6c23b5d65dac?s=96&d=mm&r=g\",\"caption\":\"Stefan Van Rompaey\"},\"url\":\"https:\\\/\\\/www.retaildetail.be\\\/fr\\\/author\\\/stefanvanrompaey\\\/\"}]}<\/script>\n<!-- \/ Yoast SEO plugin. -->","yoast_head_json":{"title":"Deichmann, le propri\u00e9taire de vanHaren, coupable de \u00ab greenwashing \u00bb - RetailDetail BE","description":"Deichmann, l'un des plus grands d\u00e9taillants de chaussures en Europe, a \u00e9t\u00e9 condamn\u00e9 en Allemagne pour avoir fait de la publicit\u00e9 mensong\u00e8re.","robots":{"index":"index","follow":"follow","max-snippet":"max-snippet:-1","max-image-preview":"max-image-preview:large","max-video-preview":"max-video-preview:-1"},"canonical":"https:\/\/www.retaildetail.be\/fr\/news\/mode\/le-proprietaire-de-vanharen-deichmann-sest-rendu-coupable-de-greenwashing\/","og_locale":"fr_FR","og_type":"article","og_title":"Deichmann, le propri\u00e9taire de vanHaren, coupable de \u00ab greenwashing \u00bb - RetailDetail BE","og_description":"Deichmann, l'un des plus grands d\u00e9taillants de chaussures en Europe, a \u00e9t\u00e9 condamn\u00e9 en Allemagne pour avoir fait de la publicit\u00e9 mensong\u00e8re.","og_url":"https:\/\/www.retaildetail.be\/fr\/news\/mode\/le-proprietaire-de-vanharen-deichmann-sest-rendu-coupable-de-greenwashing\/","og_site_name":"RetailDetail BE","article_published_time":"2025-10-09T10:32:06+00:00","article_modified_time":"2025-10-09T10:32:08+00:00","og_image":[{"width":1000,"height":667,"url":"https:\/\/www.retaildetail.be\/wp-content\/uploads\/2025\/10\/shutterstock_deichmann.jpg","type":"image\/jpeg"}],"author":"Stefan Van Rompaey","twitter_card":"summary_large_image","twitter_misc":{"\u00c9crit par":"Stefan Van Rompaey","Dur\u00e9e de lecture estim\u00e9e":"1 minute"},"schema":{"@context":"https:\/\/schema.org","@graph":[{"@type":"NewsArticle","@id":"https:\/\/www.retaildetail.be\/fr\/news\/mode\/le-proprietaire-de-vanharen-deichmann-sest-rendu-coupable-de-greenwashing\/#article","isPartOf":{"@id":"https:\/\/www.retaildetail.be\/fr\/news\/mode\/le-proprietaire-de-vanharen-deichmann-sest-rendu-coupable-de-greenwashing\/"},"author":{"name":"Stefan Van Rompaey","@id":"https:\/\/www.retaildetail.be\/nl\/#\/schema\/person\/51aec6069c4416aa2f68b2e4ff3455df"},"headline":"Deichmann, le propri\u00e9taire de vanHaren, coupable de \u00ab greenwashing \u00bb","datePublished":"2025-10-09T10:32:06+00:00","dateModified":"2025-10-09T10:32:08+00:00","mainEntityOfPage":{"@id":"https:\/\/www.retaildetail.be\/fr\/news\/mode\/le-proprietaire-de-vanharen-deichmann-sest-rendu-coupable-de-greenwashing\/"},"wordCount":233,"publisher":{"@id":"https:\/\/www.retaildetail.be\/nl\/#organization"},"image":{"@id":"https:\/\/www.retaildetail.be\/fr\/news\/mode\/le-proprietaire-de-vanharen-deichmann-sest-rendu-coupable-de-greenwashing\/#primaryimage"},"thumbnailUrl":"https:\/\/www.retaildetail.be\/wp-content\/uploads\/2025\/10\/shutterstock_deichmann.jpg","articleSection":["Mode","Mode"],"inLanguage":"fr-FR","copyrightYear":"2025","copyrightHolder":{"@id":"https:\/\/www.retaildetail.be\/#organization"}},{"@type":"WebPage","@id":"https:\/\/www.retaildetail.be\/fr\/news\/mode\/le-proprietaire-de-vanharen-deichmann-sest-rendu-coupable-de-greenwashing\/","url":"https:\/\/www.retaildetail.be\/fr\/news\/mode\/le-proprietaire-de-vanharen-deichmann-sest-rendu-coupable-de-greenwashing\/","name":"Deichmann, le propri\u00e9taire de vanHaren, coupable de \u00ab greenwashing \u00bb - RetailDetail BE","isPartOf":{"@id":"https:\/\/www.retaildetail.be\/nl\/#website"},"primaryImageOfPage":{"@id":"https:\/\/www.retaildetail.be\/fr\/news\/mode\/le-proprietaire-de-vanharen-deichmann-sest-rendu-coupable-de-greenwashing\/#primaryimage"},"image":{"@id":"https:\/\/www.retaildetail.be\/fr\/news\/mode\/le-proprietaire-de-vanharen-deichmann-sest-rendu-coupable-de-greenwashing\/#primaryimage"},"thumbnailUrl":"https:\/\/www.retaildetail.be\/wp-content\/uploads\/2025\/10\/shutterstock_deichmann.jpg","datePublished":"2025-10-09T10:32:06+00:00","dateModified":"2025-10-09T10:32:08+00:00","description":"Deichmann, l'un des plus grands d\u00e9taillants de chaussures en Europe, a \u00e9t\u00e9 condamn\u00e9 en Allemagne pour avoir fait de la publicit\u00e9 mensong\u00e8re.","breadcrumb":{"@id":"https:\/\/www.retaildetail.be\/fr\/news\/mode\/le-proprietaire-de-vanharen-deichmann-sest-rendu-coupable-de-greenwashing\/#breadcrumb"},"inLanguage":"fr-FR","potentialAction":[{"@type":"ReadAction","target":["https:\/\/www.retaildetail.be\/fr\/news\/mode\/le-proprietaire-de-vanharen-deichmann-sest-rendu-coupable-de-greenwashing\/"]}]},{"@type":"ImageObject","inLanguage":"fr-FR","@id":"https:\/\/www.retaildetail.be\/fr\/news\/mode\/le-proprietaire-de-vanharen-deichmann-sest-rendu-coupable-de-greenwashing\/#primaryimage","url":"https:\/\/www.retaildetail.be\/wp-content\/uploads\/2025\/10\/shutterstock_deichmann.jpg","contentUrl":"https:\/\/www.retaildetail.be\/wp-content\/uploads\/2025\/10\/shutterstock_deichmann.jpg","width":1000,"height":667},{"@type":"BreadcrumbList","@id":"https:\/\/www.retaildetail.be\/fr\/news\/mode\/le-proprietaire-de-vanharen-deichmann-sest-rendu-coupable-de-greenwashing\/#breadcrumb","itemListElement":[{"@type":"ListItem","position":1,"name":"Home","item":"https:\/\/www.retaildetail.be\/fr\/"},{"@type":"ListItem","position":2,"name":"Deichmann, le propri\u00e9taire de vanHaren, coupable de \u00ab greenwashing \u00bb"}]},{"@type":"WebSite","@id":"https:\/\/www.retaildetail.be\/nl\/#website","url":"https:\/\/www.retaildetail.be\/nl\/","name":"RetailDetail BE","description":"News","publisher":{"@id":"https:\/\/www.retaildetail.be\/nl\/#organization"},"potentialAction":[{"@type":"SearchAction","target":{"@type":"EntryPoint","urlTemplate":"https:\/\/www.retaildetail.be\/nl\/?s={search_term_string}"},"query-input":{"@type":"PropertyValueSpecification","valueRequired":true,"valueName":"search_term_string"}}],"inLanguage":"fr-FR"},{"@type":"Organization","@id":"https:\/\/www.retaildetail.be\/nl\/#organization","name":"RetailDetail BE","url":"https:\/\/www.retaildetail.be\/nl\/","logo":{"@type":"ImageObject","inLanguage":"fr-FR","@id":"https:\/\/www.retaildetail.be\/nl\/#\/schema\/logo\/image\/","url":"https:\/\/www.retaildetail.be\/wp-content\/uploads\/2022\/04\/logo.svg","contentUrl":"https:\/\/www.retaildetail.be\/wp-content\/uploads\/2022\/04\/logo.svg","width":131,"height":70,"caption":"RetailDetail BE"},"image":{"@id":"https:\/\/www.retaildetail.be\/nl\/#\/schema\/logo\/image\/"}},{"@type":"Person","@id":"https:\/\/www.retaildetail.be\/nl\/#\/schema\/person\/51aec6069c4416aa2f68b2e4ff3455df","name":"Stefan Van Rompaey","image":{"@type":"ImageObject","inLanguage":"fr-FR","@id":"https:\/\/secure.gravatar.com\/avatar\/fbbb4a80a0f109888b2a5ab8ae255617499ecde533749b3ab2fa6c23b5d65dac?s=96&d=mm&r=g","url":"https:\/\/secure.gravatar.com\/avatar\/fbbb4a80a0f109888b2a5ab8ae255617499ecde533749b3ab2fa6c23b5d65dac?s=96&d=mm&r=g","contentUrl":"https:\/\/secure.gravatar.com\/avatar\/fbbb4a80a0f109888b2a5ab8ae255617499ecde533749b3ab2fa6c23b5d65dac?s=96&d=mm&r=g","caption":"Stefan Van Rompaey"},"url":"https:\/\/www.retaildetail.be\/fr\/author\/stefanvanrompaey\/"}]}},"jetpack_featured_media_url":"https:\/\/www.retaildetail.be\/wp-content\/uploads\/2025\/10\/shutterstock_deichmann.jpg","jetpack_sharing_enabled":true,"_links":{"self":[{"href":"https:\/\/www.retaildetail.be\/fr\/wp-json\/wp\/v2\/posts\/131061","targetHints":{"allow":["GET"]}}],"collection":[{"href":"https:\/\/www.retaildetail.be\/fr\/wp-json\/wp\/v2\/posts"}],"about":[{"href":"https:\/\/www.retaildetail.be\/fr\/wp-json\/wp\/v2\/types\/post"}],"author":[{"embeddable":true,"href":"https:\/\/www.retaildetail.be\/fr\/wp-json\/wp\/v2\/users\/3"}],"replies":[{"embeddable":true,"href":"https:\/\/www.retaildetail.be\/fr\/wp-json\/wp\/v2\/comments?post=131061"}],"version-history":[{"count":1,"href":"https:\/\/www.retaildetail.be\/fr\/wp-json\/wp\/v2\/posts\/131061\/revisions"}],"predecessor-version":[{"id":131064,"href":"https:\/\/www.retaildetail.be\/fr\/wp-json\/wp\/v2\/posts\/131061\/revisions\/131064"}],"wp:featuredmedia":[{"embeddable":true,"href":"https:\/\/www.retaildetail.be\/fr\/wp-json\/wp\/v2\/media\/131062"}],"wp:attachment":[{"href":"https:\/\/www.retaildetail.be\/fr\/wp-json\/wp\/v2\/media?parent=131061"}],"wp:term":[{"taxonomy":"category","embeddable":true,"href":"https:\/\/www.retaildetail.be\/fr\/wp-json\/wp\/v2\/categories?post=131061"},{"taxonomy":"post_tag","embeddable":true,"href":"https:\/\/www.retaildetail.be\/fr\/wp-json\/wp\/v2\/tags?post=131061"},{"taxonomy":"people","embeddable":true,"href":"https:\/\/www.retaildetail.be\/fr\/wp-json\/wp\/v2\/people?post=131061"},{"taxonomy":"extra","embeddable":true,"href":"https:\/\/www.retaildetail.be\/fr\/wp-json\/wp\/v2\/extra?post=131061"},{"taxonomy":"company","embeddable":true,"href":"https:\/\/www.retaildetail.be\/fr\/wp-json\/wp\/v2\/company?post=131061"},{"taxonomy":"topic","embeddable":true,"href":"https:\/\/www.retaildetail.be\/fr\/wp-json\/wp\/v2\/topic?post=131061"},{"taxonomy":"region","embeddable":true,"href":"https:\/\/www.retaildetail.be\/fr\/wp-json\/wp\/v2\/region?post=131061"}],"curies":[{"name":"wp","href":"https:\/\/api.w.org\/{rel}","templated":true}]}}