{"id":131369,"date":"2025-10-13T12:41:02","date_gmt":"2025-10-13T10:41:02","guid":{"rendered":"https:\/\/www.retaildetail.be\/?p=131369"},"modified":"2025-10-13T12:41:04","modified_gmt":"2025-10-13T10:41:04","slug":"zara-peut-finalement-enregistrer-26-1-18-1-comme-marque","status":"publish","type":"post","link":"https:\/\/www.retaildetail.be\/fr\/news\/mode\/zara-peut-finalement-enregistrer-26-1-18-1-comme-marque\/","title":{"rendered":"Zara peut (finalement) enregistrer \u00ab 26 1 18 1 \u00bb comme marque"},"content":{"rendered":"\n<p>La Cour supr\u00eame espagnole a donn\u00e9 raison <strong>\u00e0 Inditex<\/strong> dans le litige qui l&rsquo;opposait \u00e0 l&rsquo;Office espagnol des marques (OEPM) concernant l&rsquo;enregistrement de la marque \u00ab&nbsp;<strong>26&nbsp;1&nbsp;18&nbsp;1<\/strong>&nbsp;\u00bb. Apr\u00e8s plusieurs ann\u00e9es de proc\u00e9dure, le g\u00e9ant de la mode a finalement obtenu gain de cause.<\/p>\n\n\n\n<h2 class=\"wp-block-heading\">\u00ab Pas assez distinctif \u00bb<\/h2>\n\n\n\n<p>L&rsquo;OEPM avait rejet\u00e9 la demande d&rsquo;enregistrement de la marque num\u00e9rique \u00ab&nbsp;26&nbsp;1&nbsp;18&nbsp;1&nbsp;\u00bb (avec A comme premi\u00e8re lettre de notre alphabet et Z la 26e&#8230;) en raison d&rsquo;une \u00ab absence totale de caract\u00e8re distinctif \u00bb. Inditex avait commenc\u00e9 \u00e0 utiliser ce code num\u00e9rique en&nbsp;2021 pour sa ligne sportive \u00ab&nbsp;Zara Athleticz&nbsp;\u00bb, mais un an plus tard, son enregistrement a \u00e9t\u00e9 refus\u00e9.<\/p>\n\n\n\n<p>Inditex a alors saisi un tribunal madril\u00e8ne, mais celui-ci a \u00e9galement estim\u00e9 que la marque n&rsquo;avait pas un caract\u00e8re distinctif suffisant. \u00ab Nous ne partageons pas l&rsquo;avis du demandeur selon lequel la typologie des chiffres est inhabituelle, novatrice et unique \u00bb, a estim\u00e9 le juge, qui a soulign\u00e9 qu&rsquo;\u00ab la marque s&rsquo;av\u00e8re inadapt\u00e9e pour remplir la fonction essentielle de la marque \u00bb.<\/p>\n\n\n\n<p>Le juge ne voulait surtout pas que la protection de \u00ab&nbsp;26&nbsp;1&nbsp;18&nbsp;1&nbsp;\u00bb en tant que marque implique que, pour \u00e9viter toute confusion, aucune marque compos\u00e9e uniquement de chiffres ne puisse plus \u00eatre accept\u00e9e. Le fait que l&rsquo;Office de l&rsquo;Union europ\u00e9enne pour la propri\u00e9t\u00e9 intellectuelle (EUIPO) ait accept\u00e9 la marque pour l&rsquo;ensemble de l&rsquo;Union europ\u00e9enne a \u00e9t\u00e9 jug\u00e9 secondaire par le juge.<\/p>\n\n\n\n<h2 class=\"wp-block-heading\">Pourvoi en cassation<\/h2>\n\n\n\n<p>Inditex a alors form\u00e9 un pourvoi en cassation devant le Tribunal Supremo, la Cour supr\u00eame espagnole, qui a maintenant port\u00e9 ses fruits. La Cour estime en effet que le juge local a mal appliqu\u00e9 la loi sur les marques et \u00ab a appliqu\u00e9 un crit\u00e8re plus strict pour \u00e9valuer le caract\u00e8re distinctif \u00bb, uniquement parce qu&rsquo;il s&rsquo;agissait d&rsquo;une marque num\u00e9rique.<\/p>\n\n\n\n<p>L&rsquo;arr\u00eat stipule express\u00e9ment que la loi espagnole sur les marques accepte \u00e9galement les marques compos\u00e9es de chiffres. \u00ab Les difficult\u00e9s que peut poser un certain type de marque en raison de sa nature m\u00eame (dans le cas pr\u00e9sent, la repr\u00e9sentation principalement num\u00e9rique) ne justifient pas d&rsquo;imposer des exigences sp\u00e9cifiques en mati\u00e8re de caract\u00e8re distinctif qui s&rsquo;\u00e9cartent de ce qui est pr\u00e9vu par la loi ou la jurisprudence \u00bb, explique la Cour.<\/p>\n\n\n\n<p>La Cour estime d\u00e9sormais que le jugement contest\u00e9 (rendu par le tribunal madril\u00e8ne) \u00ab doit \u00eatre annul\u00e9, avec pour cons\u00e9quence que la marque refus\u00e9e par l&rsquo;OEPM doit \u00eatre enregistr\u00e9e \u00bb. Il est \u00e0 noter que la Cour soutient toutefois le jugement selon lequel l&rsquo;acceptation par l&rsquo;EUIPO \u00ab n&rsquo;est pas contraignante au niveau national \u00bb.<\/p>\n","protected":false},"excerpt":{"rendered":"<p>La Cour supr\u00eame espagnole a donn\u00e9 raison \u00e0 Inditex dans le litige qui l\u2019opposait \u00e0 l\u2019Office espagnol des marques concernant l\u2019enregistrement de la marque \u00ab 26 1 18 1 \u00bb. Apr\u00e8s plusieurs ann\u00e9es de proc\u00e9dure, le g\u00e9ant de la mode a finalement obtenu gain de cause.<\/p>\n","protected":false},"author":4,"featured_media":131370,"comment_status":"closed","ping_status":"closed","sticky":false,"template":"","format":"standard","meta":{"_acf_changed":false,"inline_featured_image":false,"_jetpack_memberships_contains_paid_content":false,"footnotes":""},"categories":[14,22],"tags":[],"people":[],"extra":[],"company":[405],"topic":[756],"region":[580],"class_list":{"0":"post-131369","1":"post","2":"type-post","3":"status-publish","4":"format-standard","5":"has-post-thumbnail","6":"hentry","7":"category-mode","9":"company-inditex","10":"topic-litige","11":"region-espagne"},"acf":[],"yoast_head":"<!-- This site is optimized with the Yoast SEO plugin v27.3 - https:\/\/yoast.com\/product\/yoast-seo-wordpress\/ -->\n<title>Zara peut (finalement) enregistrer \u00ab 26 1 18 1 \u00bb comme marque - RetailDetail BE<\/title>\n<meta name=\"description\" content=\"La Cour supr\u00eame espagnole a donn\u00e9 raison \u00e0 Inditex dans le litige concernant l\u2019enregistrement de la marque \u00ab 26 1 18 1 \u00bb.\" \/>\n<meta name=\"robots\" content=\"index, follow, max-snippet:-1, max-image-preview:large, max-video-preview:-1\" \/>\n<link rel=\"canonical\" href=\"https:\/\/www.retaildetail.be\/fr\/news\/mode\/zara-peut-finalement-enregistrer-26-1-18-1-comme-marque\/\" \/>\n<meta property=\"og:locale\" content=\"fr_FR\" \/>\n<meta property=\"og:type\" content=\"article\" \/>\n<meta property=\"og:title\" content=\"Zara peut (finalement) enregistrer \u00ab 26 1 18 1 \u00bb comme marque - RetailDetail BE\" \/>\n<meta property=\"og:description\" content=\"La Cour supr\u00eame espagnole a donn\u00e9 raison \u00e0 Inditex dans le litige concernant l\u2019enregistrement de la marque \u00ab 26 1 18 1 \u00bb.\" \/>\n<meta property=\"og:url\" content=\"https:\/\/www.retaildetail.be\/fr\/news\/mode\/zara-peut-finalement-enregistrer-26-1-18-1-comme-marque\/\" \/>\n<meta property=\"og:site_name\" content=\"RetailDetail BE\" \/>\n<meta property=\"article:published_time\" content=\"2025-10-13T10:41:02+00:00\" \/>\n<meta property=\"article:modified_time\" content=\"2025-10-13T10:41:04+00:00\" \/>\n<meta property=\"og:image\" content=\"https:\/\/www.retaildetail.be\/wp-content\/uploads\/2025\/10\/Zara-shutterstock_324068882.jpg\" \/>\n\t<meta property=\"og:image:width\" content=\"1000\" \/>\n\t<meta property=\"og:image:height\" content=\"644\" \/>\n\t<meta property=\"og:image:type\" content=\"image\/jpeg\" \/>\n<meta name=\"author\" content=\"Maarten Reul\" \/>\n<meta name=\"twitter:card\" content=\"summary_large_image\" \/>\n<meta name=\"twitter:label1\" content=\"\u00c9crit par\" \/>\n\t<meta name=\"twitter:data1\" content=\"Maarten Reul\" \/>\n\t<meta name=\"twitter:label2\" content=\"Dur\u00e9e de lecture estim\u00e9e\" \/>\n\t<meta name=\"twitter:data2\" content=\"2 minutes\" \/>\n<script type=\"application\/ld+json\" class=\"yoast-schema-graph\">{\"@context\":\"https:\\\/\\\/schema.org\",\"@graph\":[{\"@type\":\"NewsArticle\",\"@id\":\"https:\\\/\\\/www.retaildetail.be\\\/fr\\\/news\\\/mode\\\/zara-peut-finalement-enregistrer-26-1-18-1-comme-marque\\\/#article\",\"isPartOf\":{\"@id\":\"https:\\\/\\\/www.retaildetail.be\\\/fr\\\/news\\\/mode\\\/zara-peut-finalement-enregistrer-26-1-18-1-comme-marque\\\/\"},\"author\":{\"name\":\"Maarten Reul\",\"@id\":\"https:\\\/\\\/www.retaildetail.be\\\/nl\\\/#\\\/schema\\\/person\\\/fbcf88ed1b121d65026767275bff632f\"},\"headline\":\"Zara peut (finalement) enregistrer \u00ab 26 1 18 1 \u00bb comme marque\",\"datePublished\":\"2025-10-13T10:41:02+00:00\",\"dateModified\":\"2025-10-13T10:41:04+00:00\",\"mainEntityOfPage\":{\"@id\":\"https:\\\/\\\/www.retaildetail.be\\\/fr\\\/news\\\/mode\\\/zara-peut-finalement-enregistrer-26-1-18-1-comme-marque\\\/\"},\"wordCount\":479,\"publisher\":{\"@id\":\"https:\\\/\\\/www.retaildetail.be\\\/nl\\\/#organization\"},\"image\":{\"@id\":\"https:\\\/\\\/www.retaildetail.be\\\/fr\\\/news\\\/mode\\\/zara-peut-finalement-enregistrer-26-1-18-1-comme-marque\\\/#primaryimage\"},\"thumbnailUrl\":\"https:\\\/\\\/www.retaildetail.be\\\/wp-content\\\/uploads\\\/2025\\\/10\\\/Zara-shutterstock_324068882.jpg\",\"articleSection\":[\"Mode\",\"Mode\"],\"inLanguage\":\"fr-FR\",\"copyrightYear\":\"2025\",\"copyrightHolder\":{\"@id\":\"https:\\\/\\\/www.retaildetail.be\\\/#organization\"}},{\"@type\":\"WebPage\",\"@id\":\"https:\\\/\\\/www.retaildetail.be\\\/fr\\\/news\\\/mode\\\/zara-peut-finalement-enregistrer-26-1-18-1-comme-marque\\\/\",\"url\":\"https:\\\/\\\/www.retaildetail.be\\\/fr\\\/news\\\/mode\\\/zara-peut-finalement-enregistrer-26-1-18-1-comme-marque\\\/\",\"name\":\"Zara peut (finalement) enregistrer \u00ab 26 1 18 1 \u00bb comme marque - RetailDetail BE\",\"isPartOf\":{\"@id\":\"https:\\\/\\\/www.retaildetail.be\\\/nl\\\/#website\"},\"primaryImageOfPage\":{\"@id\":\"https:\\\/\\\/www.retaildetail.be\\\/fr\\\/news\\\/mode\\\/zara-peut-finalement-enregistrer-26-1-18-1-comme-marque\\\/#primaryimage\"},\"image\":{\"@id\":\"https:\\\/\\\/www.retaildetail.be\\\/fr\\\/news\\\/mode\\\/zara-peut-finalement-enregistrer-26-1-18-1-comme-marque\\\/#primaryimage\"},\"thumbnailUrl\":\"https:\\\/\\\/www.retaildetail.be\\\/wp-content\\\/uploads\\\/2025\\\/10\\\/Zara-shutterstock_324068882.jpg\",\"datePublished\":\"2025-10-13T10:41:02+00:00\",\"dateModified\":\"2025-10-13T10:41:04+00:00\",\"description\":\"La Cour supr\u00eame espagnole a donn\u00e9 raison \u00e0 Inditex dans le litige concernant l\u2019enregistrement de la marque \u00ab 26 1 18 1 \u00bb.\",\"breadcrumb\":{\"@id\":\"https:\\\/\\\/www.retaildetail.be\\\/fr\\\/news\\\/mode\\\/zara-peut-finalement-enregistrer-26-1-18-1-comme-marque\\\/#breadcrumb\"},\"inLanguage\":\"fr-FR\",\"potentialAction\":[{\"@type\":\"ReadAction\",\"target\":[\"https:\\\/\\\/www.retaildetail.be\\\/fr\\\/news\\\/mode\\\/zara-peut-finalement-enregistrer-26-1-18-1-comme-marque\\\/\"]}]},{\"@type\":\"ImageObject\",\"inLanguage\":\"fr-FR\",\"@id\":\"https:\\\/\\\/www.retaildetail.be\\\/fr\\\/news\\\/mode\\\/zara-peut-finalement-enregistrer-26-1-18-1-comme-marque\\\/#primaryimage\",\"url\":\"https:\\\/\\\/www.retaildetail.be\\\/wp-content\\\/uploads\\\/2025\\\/10\\\/Zara-shutterstock_324068882.jpg\",\"contentUrl\":\"https:\\\/\\\/www.retaildetail.be\\\/wp-content\\\/uploads\\\/2025\\\/10\\\/Zara-shutterstock_324068882.jpg\",\"width\":1000,\"height\":644,\"caption\":\"\u00a9 Sara Sette \\\/ Shutterstock.com\"},{\"@type\":\"BreadcrumbList\",\"@id\":\"https:\\\/\\\/www.retaildetail.be\\\/fr\\\/news\\\/mode\\\/zara-peut-finalement-enregistrer-26-1-18-1-comme-marque\\\/#breadcrumb\",\"itemListElement\":[{\"@type\":\"ListItem\",\"position\":1,\"name\":\"Home\",\"item\":\"https:\\\/\\\/www.retaildetail.be\\\/fr\\\/\"},{\"@type\":\"ListItem\",\"position\":2,\"name\":\"Zara peut (finalement) enregistrer \u00ab 26 1 18 1 \u00bb comme marque\"}]},{\"@type\":\"WebSite\",\"@id\":\"https:\\\/\\\/www.retaildetail.be\\\/nl\\\/#website\",\"url\":\"https:\\\/\\\/www.retaildetail.be\\\/nl\\\/\",\"name\":\"RetailDetail BE\",\"description\":\"News\",\"publisher\":{\"@id\":\"https:\\\/\\\/www.retaildetail.be\\\/nl\\\/#organization\"},\"potentialAction\":[{\"@type\":\"SearchAction\",\"target\":{\"@type\":\"EntryPoint\",\"urlTemplate\":\"https:\\\/\\\/www.retaildetail.be\\\/nl\\\/?s={search_term_string}\"},\"query-input\":{\"@type\":\"PropertyValueSpecification\",\"valueRequired\":true,\"valueName\":\"search_term_string\"}}],\"inLanguage\":\"fr-FR\"},{\"@type\":\"Organization\",\"@id\":\"https:\\\/\\\/www.retaildetail.be\\\/nl\\\/#organization\",\"name\":\"RetailDetail BE\",\"url\":\"https:\\\/\\\/www.retaildetail.be\\\/nl\\\/\",\"logo\":{\"@type\":\"ImageObject\",\"inLanguage\":\"fr-FR\",\"@id\":\"https:\\\/\\\/www.retaildetail.be\\\/nl\\\/#\\\/schema\\\/logo\\\/image\\\/\",\"url\":\"https:\\\/\\\/www.retaildetail.be\\\/wp-content\\\/uploads\\\/2022\\\/04\\\/logo.svg\",\"contentUrl\":\"https:\\\/\\\/www.retaildetail.be\\\/wp-content\\\/uploads\\\/2022\\\/04\\\/logo.svg\",\"width\":131,\"height\":70,\"caption\":\"RetailDetail BE\"},\"image\":{\"@id\":\"https:\\\/\\\/www.retaildetail.be\\\/nl\\\/#\\\/schema\\\/logo\\\/image\\\/\"}},{\"@type\":\"Person\",\"@id\":\"https:\\\/\\\/www.retaildetail.be\\\/nl\\\/#\\\/schema\\\/person\\\/fbcf88ed1b121d65026767275bff632f\",\"name\":\"Maarten Reul\",\"image\":{\"@type\":\"ImageObject\",\"inLanguage\":\"fr-FR\",\"@id\":\"https:\\\/\\\/secure.gravatar.com\\\/avatar\\\/80ddb4599c879961a4ed95ba7bc448a3e7570fae5c1c49a42c5261794f16d9a6?s=96&d=mm&r=g\",\"url\":\"https:\\\/\\\/secure.gravatar.com\\\/avatar\\\/80ddb4599c879961a4ed95ba7bc448a3e7570fae5c1c49a42c5261794f16d9a6?s=96&d=mm&r=g\",\"contentUrl\":\"https:\\\/\\\/secure.gravatar.com\\\/avatar\\\/80ddb4599c879961a4ed95ba7bc448a3e7570fae5c1c49a42c5261794f16d9a6?s=96&d=mm&r=g\",\"caption\":\"Maarten Reul\"},\"url\":\"https:\\\/\\\/www.retaildetail.be\\\/fr\\\/author\\\/maartenreul\\\/\"}]}<\/script>\n<!-- \/ Yoast SEO plugin. -->","yoast_head_json":{"title":"Zara peut (finalement) enregistrer \u00ab 26 1 18 1 \u00bb comme marque - RetailDetail BE","description":"La Cour supr\u00eame espagnole a donn\u00e9 raison \u00e0 Inditex dans le litige concernant l\u2019enregistrement de la marque \u00ab 26 1 18 1 \u00bb.","robots":{"index":"index","follow":"follow","max-snippet":"max-snippet:-1","max-image-preview":"max-image-preview:large","max-video-preview":"max-video-preview:-1"},"canonical":"https:\/\/www.retaildetail.be\/fr\/news\/mode\/zara-peut-finalement-enregistrer-26-1-18-1-comme-marque\/","og_locale":"fr_FR","og_type":"article","og_title":"Zara peut (finalement) enregistrer \u00ab 26 1 18 1 \u00bb comme marque - RetailDetail BE","og_description":"La Cour supr\u00eame espagnole a donn\u00e9 raison \u00e0 Inditex dans le litige concernant l\u2019enregistrement de la marque \u00ab 26 1 18 1 \u00bb.","og_url":"https:\/\/www.retaildetail.be\/fr\/news\/mode\/zara-peut-finalement-enregistrer-26-1-18-1-comme-marque\/","og_site_name":"RetailDetail BE","article_published_time":"2025-10-13T10:41:02+00:00","article_modified_time":"2025-10-13T10:41:04+00:00","og_image":[{"width":1000,"height":644,"url":"https:\/\/www.retaildetail.be\/wp-content\/uploads\/2025\/10\/Zara-shutterstock_324068882.jpg","type":"image\/jpeg"}],"author":"Maarten Reul","twitter_card":"summary_large_image","twitter_misc":{"\u00c9crit par":"Maarten Reul","Dur\u00e9e de lecture estim\u00e9e":"2 minutes"},"schema":{"@context":"https:\/\/schema.org","@graph":[{"@type":"NewsArticle","@id":"https:\/\/www.retaildetail.be\/fr\/news\/mode\/zara-peut-finalement-enregistrer-26-1-18-1-comme-marque\/#article","isPartOf":{"@id":"https:\/\/www.retaildetail.be\/fr\/news\/mode\/zara-peut-finalement-enregistrer-26-1-18-1-comme-marque\/"},"author":{"name":"Maarten Reul","@id":"https:\/\/www.retaildetail.be\/nl\/#\/schema\/person\/fbcf88ed1b121d65026767275bff632f"},"headline":"Zara peut (finalement) enregistrer \u00ab 26 1 18 1 \u00bb comme marque","datePublished":"2025-10-13T10:41:02+00:00","dateModified":"2025-10-13T10:41:04+00:00","mainEntityOfPage":{"@id":"https:\/\/www.retaildetail.be\/fr\/news\/mode\/zara-peut-finalement-enregistrer-26-1-18-1-comme-marque\/"},"wordCount":479,"publisher":{"@id":"https:\/\/www.retaildetail.be\/nl\/#organization"},"image":{"@id":"https:\/\/www.retaildetail.be\/fr\/news\/mode\/zara-peut-finalement-enregistrer-26-1-18-1-comme-marque\/#primaryimage"},"thumbnailUrl":"https:\/\/www.retaildetail.be\/wp-content\/uploads\/2025\/10\/Zara-shutterstock_324068882.jpg","articleSection":["Mode","Mode"],"inLanguage":"fr-FR","copyrightYear":"2025","copyrightHolder":{"@id":"https:\/\/www.retaildetail.be\/#organization"}},{"@type":"WebPage","@id":"https:\/\/www.retaildetail.be\/fr\/news\/mode\/zara-peut-finalement-enregistrer-26-1-18-1-comme-marque\/","url":"https:\/\/www.retaildetail.be\/fr\/news\/mode\/zara-peut-finalement-enregistrer-26-1-18-1-comme-marque\/","name":"Zara peut (finalement) enregistrer \u00ab 26 1 18 1 \u00bb comme marque - RetailDetail BE","isPartOf":{"@id":"https:\/\/www.retaildetail.be\/nl\/#website"},"primaryImageOfPage":{"@id":"https:\/\/www.retaildetail.be\/fr\/news\/mode\/zara-peut-finalement-enregistrer-26-1-18-1-comme-marque\/#primaryimage"},"image":{"@id":"https:\/\/www.retaildetail.be\/fr\/news\/mode\/zara-peut-finalement-enregistrer-26-1-18-1-comme-marque\/#primaryimage"},"thumbnailUrl":"https:\/\/www.retaildetail.be\/wp-content\/uploads\/2025\/10\/Zara-shutterstock_324068882.jpg","datePublished":"2025-10-13T10:41:02+00:00","dateModified":"2025-10-13T10:41:04+00:00","description":"La Cour supr\u00eame espagnole a donn\u00e9 raison \u00e0 Inditex dans le litige concernant l\u2019enregistrement de la marque \u00ab 26 1 18 1 \u00bb.","breadcrumb":{"@id":"https:\/\/www.retaildetail.be\/fr\/news\/mode\/zara-peut-finalement-enregistrer-26-1-18-1-comme-marque\/#breadcrumb"},"inLanguage":"fr-FR","potentialAction":[{"@type":"ReadAction","target":["https:\/\/www.retaildetail.be\/fr\/news\/mode\/zara-peut-finalement-enregistrer-26-1-18-1-comme-marque\/"]}]},{"@type":"ImageObject","inLanguage":"fr-FR","@id":"https:\/\/www.retaildetail.be\/fr\/news\/mode\/zara-peut-finalement-enregistrer-26-1-18-1-comme-marque\/#primaryimage","url":"https:\/\/www.retaildetail.be\/wp-content\/uploads\/2025\/10\/Zara-shutterstock_324068882.jpg","contentUrl":"https:\/\/www.retaildetail.be\/wp-content\/uploads\/2025\/10\/Zara-shutterstock_324068882.jpg","width":1000,"height":644,"caption":"\u00a9 Sara Sette \/ Shutterstock.com"},{"@type":"BreadcrumbList","@id":"https:\/\/www.retaildetail.be\/fr\/news\/mode\/zara-peut-finalement-enregistrer-26-1-18-1-comme-marque\/#breadcrumb","itemListElement":[{"@type":"ListItem","position":1,"name":"Home","item":"https:\/\/www.retaildetail.be\/fr\/"},{"@type":"ListItem","position":2,"name":"Zara peut (finalement) enregistrer \u00ab 26 1 18 1 \u00bb comme marque"}]},{"@type":"WebSite","@id":"https:\/\/www.retaildetail.be\/nl\/#website","url":"https:\/\/www.retaildetail.be\/nl\/","name":"RetailDetail BE","description":"News","publisher":{"@id":"https:\/\/www.retaildetail.be\/nl\/#organization"},"potentialAction":[{"@type":"SearchAction","target":{"@type":"EntryPoint","urlTemplate":"https:\/\/www.retaildetail.be\/nl\/?s={search_term_string}"},"query-input":{"@type":"PropertyValueSpecification","valueRequired":true,"valueName":"search_term_string"}}],"inLanguage":"fr-FR"},{"@type":"Organization","@id":"https:\/\/www.retaildetail.be\/nl\/#organization","name":"RetailDetail BE","url":"https:\/\/www.retaildetail.be\/nl\/","logo":{"@type":"ImageObject","inLanguage":"fr-FR","@id":"https:\/\/www.retaildetail.be\/nl\/#\/schema\/logo\/image\/","url":"https:\/\/www.retaildetail.be\/wp-content\/uploads\/2022\/04\/logo.svg","contentUrl":"https:\/\/www.retaildetail.be\/wp-content\/uploads\/2022\/04\/logo.svg","width":131,"height":70,"caption":"RetailDetail BE"},"image":{"@id":"https:\/\/www.retaildetail.be\/nl\/#\/schema\/logo\/image\/"}},{"@type":"Person","@id":"https:\/\/www.retaildetail.be\/nl\/#\/schema\/person\/fbcf88ed1b121d65026767275bff632f","name":"Maarten Reul","image":{"@type":"ImageObject","inLanguage":"fr-FR","@id":"https:\/\/secure.gravatar.com\/avatar\/80ddb4599c879961a4ed95ba7bc448a3e7570fae5c1c49a42c5261794f16d9a6?s=96&d=mm&r=g","url":"https:\/\/secure.gravatar.com\/avatar\/80ddb4599c879961a4ed95ba7bc448a3e7570fae5c1c49a42c5261794f16d9a6?s=96&d=mm&r=g","contentUrl":"https:\/\/secure.gravatar.com\/avatar\/80ddb4599c879961a4ed95ba7bc448a3e7570fae5c1c49a42c5261794f16d9a6?s=96&d=mm&r=g","caption":"Maarten Reul"},"url":"https:\/\/www.retaildetail.be\/fr\/author\/maartenreul\/"}]}},"jetpack_featured_media_url":"https:\/\/www.retaildetail.be\/wp-content\/uploads\/2025\/10\/Zara-shutterstock_324068882.jpg","jetpack_sharing_enabled":true,"_links":{"self":[{"href":"https:\/\/www.retaildetail.be\/fr\/wp-json\/wp\/v2\/posts\/131369","targetHints":{"allow":["GET"]}}],"collection":[{"href":"https:\/\/www.retaildetail.be\/fr\/wp-json\/wp\/v2\/posts"}],"about":[{"href":"https:\/\/www.retaildetail.be\/fr\/wp-json\/wp\/v2\/types\/post"}],"author":[{"embeddable":true,"href":"https:\/\/www.retaildetail.be\/fr\/wp-json\/wp\/v2\/users\/4"}],"replies":[{"embeddable":true,"href":"https:\/\/www.retaildetail.be\/fr\/wp-json\/wp\/v2\/comments?post=131369"}],"version-history":[{"count":2,"href":"https:\/\/www.retaildetail.be\/fr\/wp-json\/wp\/v2\/posts\/131369\/revisions"}],"predecessor-version":[{"id":131381,"href":"https:\/\/www.retaildetail.be\/fr\/wp-json\/wp\/v2\/posts\/131369\/revisions\/131381"}],"wp:featuredmedia":[{"embeddable":true,"href":"https:\/\/www.retaildetail.be\/fr\/wp-json\/wp\/v2\/media\/131370"}],"wp:attachment":[{"href":"https:\/\/www.retaildetail.be\/fr\/wp-json\/wp\/v2\/media?parent=131369"}],"wp:term":[{"taxonomy":"category","embeddable":true,"href":"https:\/\/www.retaildetail.be\/fr\/wp-json\/wp\/v2\/categories?post=131369"},{"taxonomy":"post_tag","embeddable":true,"href":"https:\/\/www.retaildetail.be\/fr\/wp-json\/wp\/v2\/tags?post=131369"},{"taxonomy":"people","embeddable":true,"href":"https:\/\/www.retaildetail.be\/fr\/wp-json\/wp\/v2\/people?post=131369"},{"taxonomy":"extra","embeddable":true,"href":"https:\/\/www.retaildetail.be\/fr\/wp-json\/wp\/v2\/extra?post=131369"},{"taxonomy":"company","embeddable":true,"href":"https:\/\/www.retaildetail.be\/fr\/wp-json\/wp\/v2\/company?post=131369"},{"taxonomy":"topic","embeddable":true,"href":"https:\/\/www.retaildetail.be\/fr\/wp-json\/wp\/v2\/topic?post=131369"},{"taxonomy":"region","embeddable":true,"href":"https:\/\/www.retaildetail.be\/fr\/wp-json\/wp\/v2\/region?post=131369"}],"curies":[{"name":"wp","href":"https:\/\/api.w.org\/{rel}","templated":true}]}}