{"id":131507,"date":"2025-10-14T12:36:46","date_gmt":"2025-10-14T10:36:46","guid":{"rendered":"https:\/\/www.retaildetail.be\/?p=131507"},"modified":"2025-10-14T12:36:48","modified_gmt":"2025-10-14T10:36:48","slug":"le-proprietaire-de-frifri-rachete-magimix","status":"publish","type":"post","link":"https:\/\/www.retaildetail.be\/fr\/news\/electro\/le-proprietaire-de-frifri-rachete-magimix\/","title":{"rendered":"Le propri\u00e9taire de Frifri rach\u00e8te Magimix"},"content":{"rendered":"\n<p>Le groupe franco-belge <strong>Lavafields Group<\/strong>, propri\u00e9taire de marques telles que Riviera&amp;Bar, Frifri et Sim\u00e9o, a finalis\u00e9 l&rsquo;acquisition de la soci\u00e9t\u00e9 fran\u00e7aise <strong>Magimix<\/strong>. Moins d&rsquo;un mois apr\u00e8s le d\u00e9but des n\u00e9gociations exclusives, l&rsquo;accord est d\u00e9j\u00e0 conclu.<\/p>\n\n\n\n<h2 class=\"wp-block-heading\">D\u00e9veloppement et conception <\/h2>\n\n\n\n<p>L&rsquo;acquisition de Magimix, surtout connu pour ses robots m\u00e9nagers et ses mixeurs, repr\u00e9sente selon Lavafields une \u00e9tape importante dans le secteur du petit \u00e9lectrom\u00e9nager. L&rsquo;entreprise distribue non seulement ses propres marques, mais aussi des marques sous licence telles que Bissell, Mill et Nivona.<\/p>\n\n\n\n<p>\u00ab Avec l&rsquo;acquisition de Magimix, nous franchissons une nouvelle \u00e9tape dans le d\u00e9veloppement de Lavafields pour en faire un groupe europ\u00e9en de premier plan \u00bb, d\u00e9clare Fr\u00e9d\u00e9ric Vandeschoor, PDG, dans un communiqu\u00e9 de presse. \u00ab Nous partageons avec Magimix une passion pour la cuisine, l&rsquo;innovation et la durabilit\u00e9. Ensemble, nous conserverons l&rsquo;ancrage fran\u00e7ais tout en acc\u00e9l\u00e9rant la croissance internationale. \u00bb<\/p>\n\n\n\n<p>Lavafields souhaite \u00e9galement tirer parti de l&rsquo;expertise de Magimix, fond\u00e9e en 1971 en Bourgogne, pour investir davantage dans la recherche, le d\u00e9veloppement et le design. Cette acquisition s&rsquo;inscrit dans un mouvement de consolidation plus large au sein du march\u00e9 europ\u00e9en des appareils \u00e9lectrom\u00e9nagers. Lavafields est n\u00e9e en 2023 de la fusion entre ARB, Cuisidis et Dalcq.<\/p>\n","protected":false},"excerpt":{"rendered":"<p>Le groupe franco-belge Lavafields Group, propri\u00e9taire de marques telles que Riviera&amp;Bar, Frifri et Sim\u00e9o, a finalis\u00e9 l&rsquo;acquisition de la soci\u00e9t\u00e9 fran\u00e7aise Magimix. Moins d&rsquo;un mois apr\u00e8s le d\u00e9but des n\u00e9gociations exclusives, l&rsquo;accord est d\u00e9j\u00e0 conclu.<\/p>\n","protected":false},"author":5,"featured_media":131508,"comment_status":"closed","ping_status":"closed","sticky":false,"template":"","format":"standard","meta":{"_acf_changed":false,"inline_featured_image":false,"_jetpack_memberships_contains_paid_content":false,"footnotes":""},"categories":[23,17],"tags":[],"people":[],"extra":[43],"company":[1844],"topic":[282],"region":[342],"class_list":["post-131507","post","type-post","status-publish","format-standard","has-post-thumbnail","hentry","category-electro","category-elektro","extra-plus","company-lavafields-group","topic-acquisition","region-france"],"acf":[],"yoast_head":"<!-- This site is optimized with the Yoast SEO plugin v27.3 - https:\/\/yoast.com\/product\/yoast-seo-wordpress\/ -->\n<title>Le propri\u00e9taire de Frifri rach\u00e8te Magimix - RetailDetail BE<\/title>\n<meta name=\"description\" content=\"Le groupe franco-belge Lavafields Group, propri\u00e9taire de Riviera&amp;Bar, Frifri et Sim\u00e9o, a finalis\u00e9 l&#039;acquisition de la soci\u00e9t\u00e9 fran\u00e7aise Magimix.\" \/>\n<meta name=\"robots\" content=\"index, follow, max-snippet:-1, max-image-preview:large, max-video-preview:-1\" \/>\n<link rel=\"canonical\" href=\"https:\/\/www.retaildetail.be\/fr\/news\/electro\/le-proprietaire-de-frifri-rachete-magimix\/\" \/>\n<meta property=\"og:locale\" content=\"fr_FR\" \/>\n<meta property=\"og:type\" content=\"article\" \/>\n<meta property=\"og:title\" content=\"Le propri\u00e9taire de Frifri rach\u00e8te Magimix - RetailDetail BE\" \/>\n<meta property=\"og:description\" content=\"Le groupe franco-belge Lavafields Group, propri\u00e9taire de Riviera&amp;Bar, Frifri et Sim\u00e9o, a finalis\u00e9 l&#039;acquisition de la soci\u00e9t\u00e9 fran\u00e7aise Magimix.\" \/>\n<meta property=\"og:url\" content=\"https:\/\/www.retaildetail.be\/fr\/news\/electro\/le-proprietaire-de-frifri-rachete-magimix\/\" \/>\n<meta property=\"og:site_name\" content=\"RetailDetail BE\" \/>\n<meta property=\"article:published_time\" content=\"2025-10-14T10:36:46+00:00\" \/>\n<meta property=\"article:modified_time\" content=\"2025-10-14T10:36:48+00:00\" \/>\n<meta property=\"og:image\" content=\"https:\/\/www.retaildetail.be\/wp-content\/uploads\/2025\/10\/shutterstock_magimix-1.jpg\" \/>\n\t<meta property=\"og:image:width\" content=\"1000\" \/>\n\t<meta property=\"og:image:height\" content=\"667\" \/>\n\t<meta property=\"og:image:type\" content=\"image\/jpeg\" \/>\n<meta name=\"author\" content=\"Pauline Neerman\" \/>\n<meta name=\"twitter:card\" content=\"summary_large_image\" \/>\n<meta name=\"twitter:label1\" content=\"\u00c9crit par\" \/>\n\t<meta name=\"twitter:data1\" content=\"Pauline Neerman\" \/>\n\t<meta name=\"twitter:label2\" content=\"Dur\u00e9e de lecture estim\u00e9e\" \/>\n\t<meta name=\"twitter:data2\" content=\"1 minute\" \/>\n<script type=\"application\/ld+json\" class=\"yoast-schema-graph\">{\"@context\":\"https:\\\/\\\/schema.org\",\"@graph\":[{\"@type\":\"NewsArticle\",\"@id\":\"https:\\\/\\\/www.retaildetail.be\\\/fr\\\/news\\\/electro\\\/le-proprietaire-de-frifri-rachete-magimix\\\/#article\",\"isPartOf\":{\"@id\":\"https:\\\/\\\/www.retaildetail.be\\\/fr\\\/news\\\/electro\\\/le-proprietaire-de-frifri-rachete-magimix\\\/\"},\"author\":{\"name\":\"Pauline Neerman\",\"@id\":\"https:\\\/\\\/www.retaildetail.be\\\/nl\\\/#\\\/schema\\\/person\\\/66b54803fa10759039079458ea89e307\"},\"headline\":\"Le propri\u00e9taire de Frifri rach\u00e8te Magimix\",\"datePublished\":\"2025-10-14T10:36:46+00:00\",\"dateModified\":\"2025-10-14T10:36:48+00:00\",\"mainEntityOfPage\":{\"@id\":\"https:\\\/\\\/www.retaildetail.be\\\/fr\\\/news\\\/electro\\\/le-proprietaire-de-frifri-rachete-magimix\\\/\"},\"wordCount\":236,\"publisher\":{\"@id\":\"https:\\\/\\\/www.retaildetail.be\\\/nl\\\/#organization\"},\"image\":{\"@id\":\"https:\\\/\\\/www.retaildetail.be\\\/fr\\\/news\\\/electro\\\/le-proprietaire-de-frifri-rachete-magimix\\\/#primaryimage\"},\"thumbnailUrl\":\"https:\\\/\\\/www.retaildetail.be\\\/wp-content\\\/uploads\\\/2025\\\/10\\\/shutterstock_magimix-1.jpg\",\"articleSection\":[\"Electro\",\"Elektro\"],\"inLanguage\":\"fr-FR\",\"copyrightYear\":\"2025\",\"copyrightHolder\":{\"@id\":\"https:\\\/\\\/www.retaildetail.be\\\/#organization\"}},{\"@type\":\"WebPage\",\"@id\":\"https:\\\/\\\/www.retaildetail.be\\\/fr\\\/news\\\/electro\\\/le-proprietaire-de-frifri-rachete-magimix\\\/\",\"url\":\"https:\\\/\\\/www.retaildetail.be\\\/fr\\\/news\\\/electro\\\/le-proprietaire-de-frifri-rachete-magimix\\\/\",\"name\":\"Le propri\u00e9taire de Frifri rach\u00e8te Magimix - RetailDetail BE\",\"isPartOf\":{\"@id\":\"https:\\\/\\\/www.retaildetail.be\\\/nl\\\/#website\"},\"primaryImageOfPage\":{\"@id\":\"https:\\\/\\\/www.retaildetail.be\\\/fr\\\/news\\\/electro\\\/le-proprietaire-de-frifri-rachete-magimix\\\/#primaryimage\"},\"image\":{\"@id\":\"https:\\\/\\\/www.retaildetail.be\\\/fr\\\/news\\\/electro\\\/le-proprietaire-de-frifri-rachete-magimix\\\/#primaryimage\"},\"thumbnailUrl\":\"https:\\\/\\\/www.retaildetail.be\\\/wp-content\\\/uploads\\\/2025\\\/10\\\/shutterstock_magimix-1.jpg\",\"datePublished\":\"2025-10-14T10:36:46+00:00\",\"dateModified\":\"2025-10-14T10:36:48+00:00\",\"description\":\"Le groupe franco-belge Lavafields Group, propri\u00e9taire de Riviera&Bar, Frifri et Sim\u00e9o, a finalis\u00e9 l'acquisition de la soci\u00e9t\u00e9 fran\u00e7aise Magimix.\",\"breadcrumb\":{\"@id\":\"https:\\\/\\\/www.retaildetail.be\\\/fr\\\/news\\\/electro\\\/le-proprietaire-de-frifri-rachete-magimix\\\/#breadcrumb\"},\"inLanguage\":\"fr-FR\",\"potentialAction\":[{\"@type\":\"ReadAction\",\"target\":[\"https:\\\/\\\/www.retaildetail.be\\\/fr\\\/news\\\/electro\\\/le-proprietaire-de-frifri-rachete-magimix\\\/\"]}]},{\"@type\":\"ImageObject\",\"inLanguage\":\"fr-FR\",\"@id\":\"https:\\\/\\\/www.retaildetail.be\\\/fr\\\/news\\\/electro\\\/le-proprietaire-de-frifri-rachete-magimix\\\/#primaryimage\",\"url\":\"https:\\\/\\\/www.retaildetail.be\\\/wp-content\\\/uploads\\\/2025\\\/10\\\/shutterstock_magimix-1.jpg\",\"contentUrl\":\"https:\\\/\\\/www.retaildetail.be\\\/wp-content\\\/uploads\\\/2025\\\/10\\\/shutterstock_magimix-1.jpg\",\"width\":1000,\"height\":667},{\"@type\":\"BreadcrumbList\",\"@id\":\"https:\\\/\\\/www.retaildetail.be\\\/fr\\\/news\\\/electro\\\/le-proprietaire-de-frifri-rachete-magimix\\\/#breadcrumb\",\"itemListElement\":[{\"@type\":\"ListItem\",\"position\":1,\"name\":\"Home\",\"item\":\"https:\\\/\\\/www.retaildetail.be\\\/fr\\\/\"},{\"@type\":\"ListItem\",\"position\":2,\"name\":\"Le propri\u00e9taire de Frifri rach\u00e8te Magimix\"}]},{\"@type\":\"WebSite\",\"@id\":\"https:\\\/\\\/www.retaildetail.be\\\/nl\\\/#website\",\"url\":\"https:\\\/\\\/www.retaildetail.be\\\/nl\\\/\",\"name\":\"RetailDetail BE\",\"description\":\"News\",\"publisher\":{\"@id\":\"https:\\\/\\\/www.retaildetail.be\\\/nl\\\/#organization\"},\"potentialAction\":[{\"@type\":\"SearchAction\",\"target\":{\"@type\":\"EntryPoint\",\"urlTemplate\":\"https:\\\/\\\/www.retaildetail.be\\\/nl\\\/?s={search_term_string}\"},\"query-input\":{\"@type\":\"PropertyValueSpecification\",\"valueRequired\":true,\"valueName\":\"search_term_string\"}}],\"inLanguage\":\"fr-FR\"},{\"@type\":\"Organization\",\"@id\":\"https:\\\/\\\/www.retaildetail.be\\\/nl\\\/#organization\",\"name\":\"RetailDetail BE\",\"url\":\"https:\\\/\\\/www.retaildetail.be\\\/nl\\\/\",\"logo\":{\"@type\":\"ImageObject\",\"inLanguage\":\"fr-FR\",\"@id\":\"https:\\\/\\\/www.retaildetail.be\\\/nl\\\/#\\\/schema\\\/logo\\\/image\\\/\",\"url\":\"https:\\\/\\\/www.retaildetail.be\\\/wp-content\\\/uploads\\\/2022\\\/04\\\/logo.svg\",\"contentUrl\":\"https:\\\/\\\/www.retaildetail.be\\\/wp-content\\\/uploads\\\/2022\\\/04\\\/logo.svg\",\"width\":131,\"height\":70,\"caption\":\"RetailDetail BE\"},\"image\":{\"@id\":\"https:\\\/\\\/www.retaildetail.be\\\/nl\\\/#\\\/schema\\\/logo\\\/image\\\/\"}},{\"@type\":\"Person\",\"@id\":\"https:\\\/\\\/www.retaildetail.be\\\/nl\\\/#\\\/schema\\\/person\\\/66b54803fa10759039079458ea89e307\",\"name\":\"Pauline Neerman\",\"image\":{\"@type\":\"ImageObject\",\"inLanguage\":\"fr-FR\",\"@id\":\"https:\\\/\\\/secure.gravatar.com\\\/avatar\\\/58db22aee589a691f9603e5765ac06010427a923f9b2728b951eb7fe27214d70?s=96&d=mm&r=g\",\"url\":\"https:\\\/\\\/secure.gravatar.com\\\/avatar\\\/58db22aee589a691f9603e5765ac06010427a923f9b2728b951eb7fe27214d70?s=96&d=mm&r=g\",\"contentUrl\":\"https:\\\/\\\/secure.gravatar.com\\\/avatar\\\/58db22aee589a691f9603e5765ac06010427a923f9b2728b951eb7fe27214d70?s=96&d=mm&r=g\",\"caption\":\"Pauline Neerman\"},\"url\":\"https:\\\/\\\/www.retaildetail.be\\\/fr\\\/author\\\/paulineneerman\\\/\"}]}<\/script>\n<!-- \/ Yoast SEO plugin. -->","yoast_head_json":{"title":"Le propri\u00e9taire de Frifri rach\u00e8te Magimix - RetailDetail BE","description":"Le groupe franco-belge Lavafields Group, propri\u00e9taire de Riviera&Bar, Frifri et Sim\u00e9o, a finalis\u00e9 l'acquisition de la soci\u00e9t\u00e9 fran\u00e7aise Magimix.","robots":{"index":"index","follow":"follow","max-snippet":"max-snippet:-1","max-image-preview":"max-image-preview:large","max-video-preview":"max-video-preview:-1"},"canonical":"https:\/\/www.retaildetail.be\/fr\/news\/electro\/le-proprietaire-de-frifri-rachete-magimix\/","og_locale":"fr_FR","og_type":"article","og_title":"Le propri\u00e9taire de Frifri rach\u00e8te Magimix - RetailDetail BE","og_description":"Le groupe franco-belge Lavafields Group, propri\u00e9taire de Riviera&Bar, Frifri et Sim\u00e9o, a finalis\u00e9 l'acquisition de la soci\u00e9t\u00e9 fran\u00e7aise Magimix.","og_url":"https:\/\/www.retaildetail.be\/fr\/news\/electro\/le-proprietaire-de-frifri-rachete-magimix\/","og_site_name":"RetailDetail BE","article_published_time":"2025-10-14T10:36:46+00:00","article_modified_time":"2025-10-14T10:36:48+00:00","og_image":[{"width":1000,"height":667,"url":"https:\/\/www.retaildetail.be\/wp-content\/uploads\/2025\/10\/shutterstock_magimix-1.jpg","type":"image\/jpeg"}],"author":"Pauline Neerman","twitter_card":"summary_large_image","twitter_misc":{"\u00c9crit par":"Pauline Neerman","Dur\u00e9e de lecture estim\u00e9e":"1 minute"},"schema":{"@context":"https:\/\/schema.org","@graph":[{"@type":"NewsArticle","@id":"https:\/\/www.retaildetail.be\/fr\/news\/electro\/le-proprietaire-de-frifri-rachete-magimix\/#article","isPartOf":{"@id":"https:\/\/www.retaildetail.be\/fr\/news\/electro\/le-proprietaire-de-frifri-rachete-magimix\/"},"author":{"name":"Pauline Neerman","@id":"https:\/\/www.retaildetail.be\/nl\/#\/schema\/person\/66b54803fa10759039079458ea89e307"},"headline":"Le propri\u00e9taire de Frifri rach\u00e8te Magimix","datePublished":"2025-10-14T10:36:46+00:00","dateModified":"2025-10-14T10:36:48+00:00","mainEntityOfPage":{"@id":"https:\/\/www.retaildetail.be\/fr\/news\/electro\/le-proprietaire-de-frifri-rachete-magimix\/"},"wordCount":236,"publisher":{"@id":"https:\/\/www.retaildetail.be\/nl\/#organization"},"image":{"@id":"https:\/\/www.retaildetail.be\/fr\/news\/electro\/le-proprietaire-de-frifri-rachete-magimix\/#primaryimage"},"thumbnailUrl":"https:\/\/www.retaildetail.be\/wp-content\/uploads\/2025\/10\/shutterstock_magimix-1.jpg","articleSection":["Electro","Elektro"],"inLanguage":"fr-FR","copyrightYear":"2025","copyrightHolder":{"@id":"https:\/\/www.retaildetail.be\/#organization"}},{"@type":"WebPage","@id":"https:\/\/www.retaildetail.be\/fr\/news\/electro\/le-proprietaire-de-frifri-rachete-magimix\/","url":"https:\/\/www.retaildetail.be\/fr\/news\/electro\/le-proprietaire-de-frifri-rachete-magimix\/","name":"Le propri\u00e9taire de Frifri rach\u00e8te Magimix - RetailDetail BE","isPartOf":{"@id":"https:\/\/www.retaildetail.be\/nl\/#website"},"primaryImageOfPage":{"@id":"https:\/\/www.retaildetail.be\/fr\/news\/electro\/le-proprietaire-de-frifri-rachete-magimix\/#primaryimage"},"image":{"@id":"https:\/\/www.retaildetail.be\/fr\/news\/electro\/le-proprietaire-de-frifri-rachete-magimix\/#primaryimage"},"thumbnailUrl":"https:\/\/www.retaildetail.be\/wp-content\/uploads\/2025\/10\/shutterstock_magimix-1.jpg","datePublished":"2025-10-14T10:36:46+00:00","dateModified":"2025-10-14T10:36:48+00:00","description":"Le groupe franco-belge Lavafields Group, propri\u00e9taire de Riviera&Bar, Frifri et Sim\u00e9o, a finalis\u00e9 l'acquisition de la soci\u00e9t\u00e9 fran\u00e7aise Magimix.","breadcrumb":{"@id":"https:\/\/www.retaildetail.be\/fr\/news\/electro\/le-proprietaire-de-frifri-rachete-magimix\/#breadcrumb"},"inLanguage":"fr-FR","potentialAction":[{"@type":"ReadAction","target":["https:\/\/www.retaildetail.be\/fr\/news\/electro\/le-proprietaire-de-frifri-rachete-magimix\/"]}]},{"@type":"ImageObject","inLanguage":"fr-FR","@id":"https:\/\/www.retaildetail.be\/fr\/news\/electro\/le-proprietaire-de-frifri-rachete-magimix\/#primaryimage","url":"https:\/\/www.retaildetail.be\/wp-content\/uploads\/2025\/10\/shutterstock_magimix-1.jpg","contentUrl":"https:\/\/www.retaildetail.be\/wp-content\/uploads\/2025\/10\/shutterstock_magimix-1.jpg","width":1000,"height":667},{"@type":"BreadcrumbList","@id":"https:\/\/www.retaildetail.be\/fr\/news\/electro\/le-proprietaire-de-frifri-rachete-magimix\/#breadcrumb","itemListElement":[{"@type":"ListItem","position":1,"name":"Home","item":"https:\/\/www.retaildetail.be\/fr\/"},{"@type":"ListItem","position":2,"name":"Le propri\u00e9taire de Frifri rach\u00e8te Magimix"}]},{"@type":"WebSite","@id":"https:\/\/www.retaildetail.be\/nl\/#website","url":"https:\/\/www.retaildetail.be\/nl\/","name":"RetailDetail BE","description":"News","publisher":{"@id":"https:\/\/www.retaildetail.be\/nl\/#organization"},"potentialAction":[{"@type":"SearchAction","target":{"@type":"EntryPoint","urlTemplate":"https:\/\/www.retaildetail.be\/nl\/?s={search_term_string}"},"query-input":{"@type":"PropertyValueSpecification","valueRequired":true,"valueName":"search_term_string"}}],"inLanguage":"fr-FR"},{"@type":"Organization","@id":"https:\/\/www.retaildetail.be\/nl\/#organization","name":"RetailDetail BE","url":"https:\/\/www.retaildetail.be\/nl\/","logo":{"@type":"ImageObject","inLanguage":"fr-FR","@id":"https:\/\/www.retaildetail.be\/nl\/#\/schema\/logo\/image\/","url":"https:\/\/www.retaildetail.be\/wp-content\/uploads\/2022\/04\/logo.svg","contentUrl":"https:\/\/www.retaildetail.be\/wp-content\/uploads\/2022\/04\/logo.svg","width":131,"height":70,"caption":"RetailDetail BE"},"image":{"@id":"https:\/\/www.retaildetail.be\/nl\/#\/schema\/logo\/image\/"}},{"@type":"Person","@id":"https:\/\/www.retaildetail.be\/nl\/#\/schema\/person\/66b54803fa10759039079458ea89e307","name":"Pauline Neerman","image":{"@type":"ImageObject","inLanguage":"fr-FR","@id":"https:\/\/secure.gravatar.com\/avatar\/58db22aee589a691f9603e5765ac06010427a923f9b2728b951eb7fe27214d70?s=96&d=mm&r=g","url":"https:\/\/secure.gravatar.com\/avatar\/58db22aee589a691f9603e5765ac06010427a923f9b2728b951eb7fe27214d70?s=96&d=mm&r=g","contentUrl":"https:\/\/secure.gravatar.com\/avatar\/58db22aee589a691f9603e5765ac06010427a923f9b2728b951eb7fe27214d70?s=96&d=mm&r=g","caption":"Pauline Neerman"},"url":"https:\/\/www.retaildetail.be\/fr\/author\/paulineneerman\/"}]}},"jetpack_featured_media_url":"https:\/\/www.retaildetail.be\/wp-content\/uploads\/2025\/10\/shutterstock_magimix-1.jpg","jetpack_sharing_enabled":true,"_links":{"self":[{"href":"https:\/\/www.retaildetail.be\/fr\/wp-json\/wp\/v2\/posts\/131507","targetHints":{"allow":["GET"]}}],"collection":[{"href":"https:\/\/www.retaildetail.be\/fr\/wp-json\/wp\/v2\/posts"}],"about":[{"href":"https:\/\/www.retaildetail.be\/fr\/wp-json\/wp\/v2\/types\/post"}],"author":[{"embeddable":true,"href":"https:\/\/www.retaildetail.be\/fr\/wp-json\/wp\/v2\/users\/5"}],"replies":[{"embeddable":true,"href":"https:\/\/www.retaildetail.be\/fr\/wp-json\/wp\/v2\/comments?post=131507"}],"version-history":[{"count":1,"href":"https:\/\/www.retaildetail.be\/fr\/wp-json\/wp\/v2\/posts\/131507\/revisions"}],"predecessor-version":[{"id":131510,"href":"https:\/\/www.retaildetail.be\/fr\/wp-json\/wp\/v2\/posts\/131507\/revisions\/131510"}],"wp:featuredmedia":[{"embeddable":true,"href":"https:\/\/www.retaildetail.be\/fr\/wp-json\/wp\/v2\/media\/131508"}],"wp:attachment":[{"href":"https:\/\/www.retaildetail.be\/fr\/wp-json\/wp\/v2\/media?parent=131507"}],"wp:term":[{"taxonomy":"category","embeddable":true,"href":"https:\/\/www.retaildetail.be\/fr\/wp-json\/wp\/v2\/categories?post=131507"},{"taxonomy":"post_tag","embeddable":true,"href":"https:\/\/www.retaildetail.be\/fr\/wp-json\/wp\/v2\/tags?post=131507"},{"taxonomy":"people","embeddable":true,"href":"https:\/\/www.retaildetail.be\/fr\/wp-json\/wp\/v2\/people?post=131507"},{"taxonomy":"extra","embeddable":true,"href":"https:\/\/www.retaildetail.be\/fr\/wp-json\/wp\/v2\/extra?post=131507"},{"taxonomy":"company","embeddable":true,"href":"https:\/\/www.retaildetail.be\/fr\/wp-json\/wp\/v2\/company?post=131507"},{"taxonomy":"topic","embeddable":true,"href":"https:\/\/www.retaildetail.be\/fr\/wp-json\/wp\/v2\/topic?post=131507"},{"taxonomy":"region","embeddable":true,"href":"https:\/\/www.retaildetail.be\/fr\/wp-json\/wp\/v2\/region?post=131507"}],"curies":[{"name":"wp","href":"https:\/\/api.w.org\/{rel}","templated":true}]}}