{"id":131931,"date":"2025-10-17T11:15:36","date_gmt":"2025-10-17T09:15:36","guid":{"rendered":"https:\/\/www.retaildetail.be\/?p=131931"},"modified":"2025-10-17T11:15:37","modified_gmt":"2025-10-17T09:15:37","slug":"deux-ans-de-prison-pour-lancien-proprietaire-de-galeria-rene-benko-ce-nest-quun-debut","status":"publish","type":"post","link":"https:\/\/www.retaildetail.be\/fr\/news\/general\/deux-ans-de-prison-pour-lancien-proprietaire-de-galeria-rene-benko-ce-nest-quun-debut\/","title":{"rendered":"Pourquoi deux ans de prison pour Ren\u00e9 Benko (Galeria) n&rsquo;est que le d\u00e9but"},"content":{"rendered":"\n<p>L&rsquo;homme d&rsquo;affaires autrichien Ren\u00e9 Benko a \u00e9t\u00e9 condamn\u00e9 \u00e0 deux ans de prison pour avoir dissimul\u00e9 des fonds \u00e0 ses cr\u00e9anciers en tant que fondateur du groupe immobilier <strong>Signa<\/strong>, aujourd&rsquo;hui en faillite. Il s&rsquo;agit de la premi\u00e8re condamnation dans le cadre d&rsquo;un proc\u00e8s dont l&rsquo;issue n&rsquo;est pas encore en vue.<\/p>\n\n\n\n<h2 class=\"wp-block-heading\">\u00c0 titre dissuasif<\/h2>\n\n\n\n<p>Benko a fait don de 300 000 euros \u00e0 sa m\u00e8re, ce qui, selon la juge, visait clairement \u00e0 dissimuler des actifs \u00e0 ses cr\u00e9anciers. La juge a expliqu\u00e9 que cette peine de deux ans de prison avait pour but \u00ab de dissuader d&rsquo;autres personnes de commettre des actes similaires \u00bb. Benko a \u00e9t\u00e9 acquitt\u00e9 d&rsquo;une deuxi\u00e8me accusation, \u00e0 savoir le paiement anticip\u00e9 de 360 000 euros de loyer et de frais pour une villa.<\/p>\n\n\n\n<p>Cette condamnation marque le d\u00e9but d&rsquo;une <a href=\"https:\/\/www.retaildetail.be\/nl\/news\/algemeen\/ex-eigenaar-galeria-rene-benko-blijft-in-de-cel\/\">s\u00e9rie de proc\u00e9dures judiciaires contre le magnat de l&rsquo;immobilier tomb\u00e9 en disgr\u00e2ce<\/a>. La justice autrichienne enqu\u00eate sur un total de quatorze dossiers contre Benko et ses entreprises, notamment pour \u00ab fraude grave et abus de confiance \u00bb. Selon l&rsquo;avocat de Benko, Norbert Wess, \u00ab la fin de la proc\u00e9dure judiciaire est loin d&rsquo;\u00eatre en vue \u00bb, laissant d\u00e9j\u00e0 entendre qu&rsquo;il ferait appel.<\/p>\n\n\n\n<h2 class=\"wp-block-heading\">Les cr\u00e9anciers r\u00e9clament 2,7 milliards d&rsquo;euros<\/h2>\n\n\n\n<p>L&rsquo;effondrement du groupe Signa \u00e0 l&rsquo;automne 2023 est consid\u00e9r\u00e9 comme la plus grande faillite d&rsquo;entreprise en Autriche depuis la Seconde Guerre mondiale. Le groupe comprenait plus de 1 130 soci\u00e9t\u00e9s, dont les cha\u00eenes de grands magasins <strong>Galeria Karstadt Kaufhof<\/strong>, <strong>KaDeWe \u00e0 <\/strong>Berlin, <strong>Selfridges et <\/strong> <strong>De Bijenkorf<\/strong>. La soci\u00e9t\u00e9 belge <strong>Inno<\/strong>, filiale de Galeria jusqu&rsquo;en 2024, faisait \u00e9galement partie de l&#8217;empire.<\/p>\n\n\n\n<p>Les cr\u00e9ances impay\u00e9es sont estim\u00e9es \u00e0 2,7 milliards d&rsquo;euros, mais Benko affirme ne disposer plus que de 300 000 euros de fonds propres. \u00c0 son apog\u00e9e, sa fortune \u00e9tait estim\u00e9e \u00e0 cinq milliards d&rsquo;euros. Une grande partie de son ancienne richesse aurait \u00e9t\u00e9 plac\u00e9e dans des trusts et des fondations. <\/p>\n","protected":false},"excerpt":{"rendered":"<p>L&rsquo;homme d&rsquo;affaires autrichien Ren\u00e9 Benko a \u00e9t\u00e9 condamn\u00e9 \u00e0 deux ans de prison pour avoir dissimul\u00e9 des fonds aux cr\u00e9anciers en tant que fondateur du groupe immobilier Signa, aujourd&rsquo;hui en faillite. Il s&rsquo;agit de la premi\u00e8re condamnation dans le cadre d&rsquo;un proc\u00e8s gigantesque dont l&rsquo;issue n&rsquo;est pas encore en vue.<\/p>\n","protected":false},"author":5,"featured_media":131932,"comment_status":"closed","ping_status":"closed","sticky":false,"template":"","format":"standard","meta":{"_acf_changed":false,"inline_featured_image":false,"_jetpack_memberships_contains_paid_content":false,"footnotes":""},"categories":[15,25],"tags":[],"people":[],"extra":[43],"company":[728,469,1401,727],"topic":[702,756],"region":[],"class_list":["post-131931","post","type-post","status-publish","format-standard","has-post-thumbnail","hentry","category-algemeen","category-general","extra-plus","company-bijenkorf","company-galeria","company-kadewe","company-selfridges","topic-fraude","topic-litige"],"acf":[],"yoast_head":"<!-- This site is optimized with the Yoast SEO plugin v27.3 - https:\/\/yoast.com\/product\/yoast-seo-wordpress\/ -->\n<title>Pourquoi deux ans de prison pour Ren\u00e9 Benko (Galeria) n&#039;est que le d\u00e9but - RetailDetail BE<\/title>\n<meta name=\"description\" content=\"Ren\u00e9 Benko a \u00e9t\u00e9 condamn\u00e9 \u00e0 deux ans de prison pour avoir dissimul\u00e9 des fonds \u00e0 ses cr\u00e9anciers en tant que fondateur de Signa, en faillite.\" \/>\n<meta name=\"robots\" content=\"index, follow, max-snippet:-1, max-image-preview:large, max-video-preview:-1\" \/>\n<link rel=\"canonical\" href=\"https:\/\/www.retaildetail.be\/fr\/news\/general\/deux-ans-de-prison-pour-lancien-proprietaire-de-galeria-rene-benko-ce-nest-quun-debut\/\" \/>\n<meta property=\"og:locale\" content=\"fr_FR\" \/>\n<meta property=\"og:type\" content=\"article\" \/>\n<meta property=\"og:title\" content=\"Pourquoi deux ans de prison pour Ren\u00e9 Benko (Galeria) n&#039;est que le d\u00e9but - RetailDetail BE\" \/>\n<meta property=\"og:description\" content=\"Ren\u00e9 Benko a \u00e9t\u00e9 condamn\u00e9 \u00e0 deux ans de prison pour avoir dissimul\u00e9 des fonds \u00e0 ses cr\u00e9anciers en tant que fondateur de Signa, en faillite.\" \/>\n<meta property=\"og:url\" content=\"https:\/\/www.retaildetail.be\/fr\/news\/general\/deux-ans-de-prison-pour-lancien-proprietaire-de-galeria-rene-benko-ce-nest-quun-debut\/\" \/>\n<meta property=\"og:site_name\" content=\"RetailDetail BE\" \/>\n<meta property=\"article:published_time\" content=\"2025-10-17T09:15:36+00:00\" \/>\n<meta property=\"article:modified_time\" content=\"2025-10-17T09:15:37+00:00\" \/>\n<meta property=\"og:image\" content=\"https:\/\/www.retaildetail.be\/wp-content\/uploads\/2025\/10\/shutterstock_2023298846.jpg\" \/>\n\t<meta property=\"og:image:width\" content=\"1000\" \/>\n\t<meta property=\"og:image:height\" content=\"667\" \/>\n\t<meta property=\"og:image:type\" content=\"image\/jpeg\" \/>\n<meta name=\"author\" content=\"Pauline Neerman\" \/>\n<meta name=\"twitter:card\" content=\"summary_large_image\" \/>\n<meta name=\"twitter:label1\" content=\"\u00c9crit par\" \/>\n\t<meta name=\"twitter:data1\" content=\"Pauline Neerman\" \/>\n\t<meta name=\"twitter:label2\" content=\"Dur\u00e9e de lecture estim\u00e9e\" \/>\n\t<meta name=\"twitter:data2\" content=\"2 minutes\" \/>\n<script type=\"application\/ld+json\" class=\"yoast-schema-graph\">{\"@context\":\"https:\\\/\\\/schema.org\",\"@graph\":[{\"@type\":\"NewsArticle\",\"@id\":\"https:\\\/\\\/www.retaildetail.be\\\/fr\\\/news\\\/general\\\/deux-ans-de-prison-pour-lancien-proprietaire-de-galeria-rene-benko-ce-nest-quun-debut\\\/#article\",\"isPartOf\":{\"@id\":\"https:\\\/\\\/www.retaildetail.be\\\/fr\\\/news\\\/general\\\/deux-ans-de-prison-pour-lancien-proprietaire-de-galeria-rene-benko-ce-nest-quun-debut\\\/\"},\"author\":{\"name\":\"Pauline Neerman\",\"@id\":\"https:\\\/\\\/www.retaildetail.be\\\/nl\\\/#\\\/schema\\\/person\\\/66b54803fa10759039079458ea89e307\"},\"headline\":\"Pourquoi deux ans de prison pour Ren\u00e9 Benko (Galeria) n&rsquo;est que le d\u00e9but\",\"datePublished\":\"2025-10-17T09:15:36+00:00\",\"dateModified\":\"2025-10-17T09:15:37+00:00\",\"mainEntityOfPage\":{\"@id\":\"https:\\\/\\\/www.retaildetail.be\\\/fr\\\/news\\\/general\\\/deux-ans-de-prison-pour-lancien-proprietaire-de-galeria-rene-benko-ce-nest-quun-debut\\\/\"},\"wordCount\":345,\"publisher\":{\"@id\":\"https:\\\/\\\/www.retaildetail.be\\\/nl\\\/#organization\"},\"image\":{\"@id\":\"https:\\\/\\\/www.retaildetail.be\\\/fr\\\/news\\\/general\\\/deux-ans-de-prison-pour-lancien-proprietaire-de-galeria-rene-benko-ce-nest-quun-debut\\\/#primaryimage\"},\"thumbnailUrl\":\"https:\\\/\\\/www.retaildetail.be\\\/wp-content\\\/uploads\\\/2025\\\/10\\\/shutterstock_2023298846.jpg\",\"articleSection\":[\"Algemeen\",\"G\u00e9n\u00e9ral\"],\"inLanguage\":\"fr-FR\",\"copyrightYear\":\"2025\",\"copyrightHolder\":{\"@id\":\"https:\\\/\\\/www.retaildetail.be\\\/#organization\"}},{\"@type\":\"WebPage\",\"@id\":\"https:\\\/\\\/www.retaildetail.be\\\/fr\\\/news\\\/general\\\/deux-ans-de-prison-pour-lancien-proprietaire-de-galeria-rene-benko-ce-nest-quun-debut\\\/\",\"url\":\"https:\\\/\\\/www.retaildetail.be\\\/fr\\\/news\\\/general\\\/deux-ans-de-prison-pour-lancien-proprietaire-de-galeria-rene-benko-ce-nest-quun-debut\\\/\",\"name\":\"Pourquoi deux ans de prison pour Ren\u00e9 Benko (Galeria) n'est que le d\u00e9but - RetailDetail BE\",\"isPartOf\":{\"@id\":\"https:\\\/\\\/www.retaildetail.be\\\/nl\\\/#website\"},\"primaryImageOfPage\":{\"@id\":\"https:\\\/\\\/www.retaildetail.be\\\/fr\\\/news\\\/general\\\/deux-ans-de-prison-pour-lancien-proprietaire-de-galeria-rene-benko-ce-nest-quun-debut\\\/#primaryimage\"},\"image\":{\"@id\":\"https:\\\/\\\/www.retaildetail.be\\\/fr\\\/news\\\/general\\\/deux-ans-de-prison-pour-lancien-proprietaire-de-galeria-rene-benko-ce-nest-quun-debut\\\/#primaryimage\"},\"thumbnailUrl\":\"https:\\\/\\\/www.retaildetail.be\\\/wp-content\\\/uploads\\\/2025\\\/10\\\/shutterstock_2023298846.jpg\",\"datePublished\":\"2025-10-17T09:15:36+00:00\",\"dateModified\":\"2025-10-17T09:15:37+00:00\",\"description\":\"Ren\u00e9 Benko a \u00e9t\u00e9 condamn\u00e9 \u00e0 deux ans de prison pour avoir dissimul\u00e9 des fonds \u00e0 ses cr\u00e9anciers en tant que fondateur de Signa, en faillite.\",\"breadcrumb\":{\"@id\":\"https:\\\/\\\/www.retaildetail.be\\\/fr\\\/news\\\/general\\\/deux-ans-de-prison-pour-lancien-proprietaire-de-galeria-rene-benko-ce-nest-quun-debut\\\/#breadcrumb\"},\"inLanguage\":\"fr-FR\",\"potentialAction\":[{\"@type\":\"ReadAction\",\"target\":[\"https:\\\/\\\/www.retaildetail.be\\\/fr\\\/news\\\/general\\\/deux-ans-de-prison-pour-lancien-proprietaire-de-galeria-rene-benko-ce-nest-quun-debut\\\/\"]}]},{\"@type\":\"ImageObject\",\"inLanguage\":\"fr-FR\",\"@id\":\"https:\\\/\\\/www.retaildetail.be\\\/fr\\\/news\\\/general\\\/deux-ans-de-prison-pour-lancien-proprietaire-de-galeria-rene-benko-ce-nest-quun-debut\\\/#primaryimage\",\"url\":\"https:\\\/\\\/www.retaildetail.be\\\/wp-content\\\/uploads\\\/2025\\\/10\\\/shutterstock_2023298846.jpg\",\"contentUrl\":\"https:\\\/\\\/www.retaildetail.be\\\/wp-content\\\/uploads\\\/2025\\\/10\\\/shutterstock_2023298846.jpg\",\"width\":1000,\"height\":667,\"caption\":\"1take1shot \\\/ Shutterstock.com\"},{\"@type\":\"BreadcrumbList\",\"@id\":\"https:\\\/\\\/www.retaildetail.be\\\/fr\\\/news\\\/general\\\/deux-ans-de-prison-pour-lancien-proprietaire-de-galeria-rene-benko-ce-nest-quun-debut\\\/#breadcrumb\",\"itemListElement\":[{\"@type\":\"ListItem\",\"position\":1,\"name\":\"Home\",\"item\":\"https:\\\/\\\/www.retaildetail.be\\\/fr\\\/\"},{\"@type\":\"ListItem\",\"position\":2,\"name\":\"Pourquoi deux ans de prison pour Ren\u00e9 Benko (Galeria) n&#8217;est que le d\u00e9but\"}]},{\"@type\":\"WebSite\",\"@id\":\"https:\\\/\\\/www.retaildetail.be\\\/nl\\\/#website\",\"url\":\"https:\\\/\\\/www.retaildetail.be\\\/nl\\\/\",\"name\":\"RetailDetail BE\",\"description\":\"News\",\"publisher\":{\"@id\":\"https:\\\/\\\/www.retaildetail.be\\\/nl\\\/#organization\"},\"potentialAction\":[{\"@type\":\"SearchAction\",\"target\":{\"@type\":\"EntryPoint\",\"urlTemplate\":\"https:\\\/\\\/www.retaildetail.be\\\/nl\\\/?s={search_term_string}\"},\"query-input\":{\"@type\":\"PropertyValueSpecification\",\"valueRequired\":true,\"valueName\":\"search_term_string\"}}],\"inLanguage\":\"fr-FR\"},{\"@type\":\"Organization\",\"@id\":\"https:\\\/\\\/www.retaildetail.be\\\/nl\\\/#organization\",\"name\":\"RetailDetail BE\",\"url\":\"https:\\\/\\\/www.retaildetail.be\\\/nl\\\/\",\"logo\":{\"@type\":\"ImageObject\",\"inLanguage\":\"fr-FR\",\"@id\":\"https:\\\/\\\/www.retaildetail.be\\\/nl\\\/#\\\/schema\\\/logo\\\/image\\\/\",\"url\":\"https:\\\/\\\/www.retaildetail.be\\\/wp-content\\\/uploads\\\/2022\\\/04\\\/logo.svg\",\"contentUrl\":\"https:\\\/\\\/www.retaildetail.be\\\/wp-content\\\/uploads\\\/2022\\\/04\\\/logo.svg\",\"width\":131,\"height\":70,\"caption\":\"RetailDetail BE\"},\"image\":{\"@id\":\"https:\\\/\\\/www.retaildetail.be\\\/nl\\\/#\\\/schema\\\/logo\\\/image\\\/\"}},{\"@type\":\"Person\",\"@id\":\"https:\\\/\\\/www.retaildetail.be\\\/nl\\\/#\\\/schema\\\/person\\\/66b54803fa10759039079458ea89e307\",\"name\":\"Pauline Neerman\",\"image\":{\"@type\":\"ImageObject\",\"inLanguage\":\"fr-FR\",\"@id\":\"https:\\\/\\\/secure.gravatar.com\\\/avatar\\\/58db22aee589a691f9603e5765ac06010427a923f9b2728b951eb7fe27214d70?s=96&d=mm&r=g\",\"url\":\"https:\\\/\\\/secure.gravatar.com\\\/avatar\\\/58db22aee589a691f9603e5765ac06010427a923f9b2728b951eb7fe27214d70?s=96&d=mm&r=g\",\"contentUrl\":\"https:\\\/\\\/secure.gravatar.com\\\/avatar\\\/58db22aee589a691f9603e5765ac06010427a923f9b2728b951eb7fe27214d70?s=96&d=mm&r=g\",\"caption\":\"Pauline Neerman\"},\"url\":\"https:\\\/\\\/www.retaildetail.be\\\/fr\\\/author\\\/paulineneerman\\\/\"}]}<\/script>\n<!-- \/ Yoast SEO plugin. -->","yoast_head_json":{"title":"Pourquoi deux ans de prison pour Ren\u00e9 Benko (Galeria) n'est que le d\u00e9but - RetailDetail BE","description":"Ren\u00e9 Benko a \u00e9t\u00e9 condamn\u00e9 \u00e0 deux ans de prison pour avoir dissimul\u00e9 des fonds \u00e0 ses cr\u00e9anciers en tant que fondateur de Signa, en faillite.","robots":{"index":"index","follow":"follow","max-snippet":"max-snippet:-1","max-image-preview":"max-image-preview:large","max-video-preview":"max-video-preview:-1"},"canonical":"https:\/\/www.retaildetail.be\/fr\/news\/general\/deux-ans-de-prison-pour-lancien-proprietaire-de-galeria-rene-benko-ce-nest-quun-debut\/","og_locale":"fr_FR","og_type":"article","og_title":"Pourquoi deux ans de prison pour Ren\u00e9 Benko (Galeria) n'est que le d\u00e9but - RetailDetail BE","og_description":"Ren\u00e9 Benko a \u00e9t\u00e9 condamn\u00e9 \u00e0 deux ans de prison pour avoir dissimul\u00e9 des fonds \u00e0 ses cr\u00e9anciers en tant que fondateur de Signa, en faillite.","og_url":"https:\/\/www.retaildetail.be\/fr\/news\/general\/deux-ans-de-prison-pour-lancien-proprietaire-de-galeria-rene-benko-ce-nest-quun-debut\/","og_site_name":"RetailDetail BE","article_published_time":"2025-10-17T09:15:36+00:00","article_modified_time":"2025-10-17T09:15:37+00:00","og_image":[{"width":1000,"height":667,"url":"https:\/\/www.retaildetail.be\/wp-content\/uploads\/2025\/10\/shutterstock_2023298846.jpg","type":"image\/jpeg"}],"author":"Pauline Neerman","twitter_card":"summary_large_image","twitter_misc":{"\u00c9crit par":"Pauline Neerman","Dur\u00e9e de lecture estim\u00e9e":"2 minutes"},"schema":{"@context":"https:\/\/schema.org","@graph":[{"@type":"NewsArticle","@id":"https:\/\/www.retaildetail.be\/fr\/news\/general\/deux-ans-de-prison-pour-lancien-proprietaire-de-galeria-rene-benko-ce-nest-quun-debut\/#article","isPartOf":{"@id":"https:\/\/www.retaildetail.be\/fr\/news\/general\/deux-ans-de-prison-pour-lancien-proprietaire-de-galeria-rene-benko-ce-nest-quun-debut\/"},"author":{"name":"Pauline Neerman","@id":"https:\/\/www.retaildetail.be\/nl\/#\/schema\/person\/66b54803fa10759039079458ea89e307"},"headline":"Pourquoi deux ans de prison pour Ren\u00e9 Benko (Galeria) n&rsquo;est que le d\u00e9but","datePublished":"2025-10-17T09:15:36+00:00","dateModified":"2025-10-17T09:15:37+00:00","mainEntityOfPage":{"@id":"https:\/\/www.retaildetail.be\/fr\/news\/general\/deux-ans-de-prison-pour-lancien-proprietaire-de-galeria-rene-benko-ce-nest-quun-debut\/"},"wordCount":345,"publisher":{"@id":"https:\/\/www.retaildetail.be\/nl\/#organization"},"image":{"@id":"https:\/\/www.retaildetail.be\/fr\/news\/general\/deux-ans-de-prison-pour-lancien-proprietaire-de-galeria-rene-benko-ce-nest-quun-debut\/#primaryimage"},"thumbnailUrl":"https:\/\/www.retaildetail.be\/wp-content\/uploads\/2025\/10\/shutterstock_2023298846.jpg","articleSection":["Algemeen","G\u00e9n\u00e9ral"],"inLanguage":"fr-FR","copyrightYear":"2025","copyrightHolder":{"@id":"https:\/\/www.retaildetail.be\/#organization"}},{"@type":"WebPage","@id":"https:\/\/www.retaildetail.be\/fr\/news\/general\/deux-ans-de-prison-pour-lancien-proprietaire-de-galeria-rene-benko-ce-nest-quun-debut\/","url":"https:\/\/www.retaildetail.be\/fr\/news\/general\/deux-ans-de-prison-pour-lancien-proprietaire-de-galeria-rene-benko-ce-nest-quun-debut\/","name":"Pourquoi deux ans de prison pour Ren\u00e9 Benko (Galeria) n'est que le d\u00e9but - RetailDetail BE","isPartOf":{"@id":"https:\/\/www.retaildetail.be\/nl\/#website"},"primaryImageOfPage":{"@id":"https:\/\/www.retaildetail.be\/fr\/news\/general\/deux-ans-de-prison-pour-lancien-proprietaire-de-galeria-rene-benko-ce-nest-quun-debut\/#primaryimage"},"image":{"@id":"https:\/\/www.retaildetail.be\/fr\/news\/general\/deux-ans-de-prison-pour-lancien-proprietaire-de-galeria-rene-benko-ce-nest-quun-debut\/#primaryimage"},"thumbnailUrl":"https:\/\/www.retaildetail.be\/wp-content\/uploads\/2025\/10\/shutterstock_2023298846.jpg","datePublished":"2025-10-17T09:15:36+00:00","dateModified":"2025-10-17T09:15:37+00:00","description":"Ren\u00e9 Benko a \u00e9t\u00e9 condamn\u00e9 \u00e0 deux ans de prison pour avoir dissimul\u00e9 des fonds \u00e0 ses cr\u00e9anciers en tant que fondateur de Signa, en faillite.","breadcrumb":{"@id":"https:\/\/www.retaildetail.be\/fr\/news\/general\/deux-ans-de-prison-pour-lancien-proprietaire-de-galeria-rene-benko-ce-nest-quun-debut\/#breadcrumb"},"inLanguage":"fr-FR","potentialAction":[{"@type":"ReadAction","target":["https:\/\/www.retaildetail.be\/fr\/news\/general\/deux-ans-de-prison-pour-lancien-proprietaire-de-galeria-rene-benko-ce-nest-quun-debut\/"]}]},{"@type":"ImageObject","inLanguage":"fr-FR","@id":"https:\/\/www.retaildetail.be\/fr\/news\/general\/deux-ans-de-prison-pour-lancien-proprietaire-de-galeria-rene-benko-ce-nest-quun-debut\/#primaryimage","url":"https:\/\/www.retaildetail.be\/wp-content\/uploads\/2025\/10\/shutterstock_2023298846.jpg","contentUrl":"https:\/\/www.retaildetail.be\/wp-content\/uploads\/2025\/10\/shutterstock_2023298846.jpg","width":1000,"height":667,"caption":"1take1shot \/ Shutterstock.com"},{"@type":"BreadcrumbList","@id":"https:\/\/www.retaildetail.be\/fr\/news\/general\/deux-ans-de-prison-pour-lancien-proprietaire-de-galeria-rene-benko-ce-nest-quun-debut\/#breadcrumb","itemListElement":[{"@type":"ListItem","position":1,"name":"Home","item":"https:\/\/www.retaildetail.be\/fr\/"},{"@type":"ListItem","position":2,"name":"Pourquoi deux ans de prison pour Ren\u00e9 Benko (Galeria) n&#8217;est que le d\u00e9but"}]},{"@type":"WebSite","@id":"https:\/\/www.retaildetail.be\/nl\/#website","url":"https:\/\/www.retaildetail.be\/nl\/","name":"RetailDetail BE","description":"News","publisher":{"@id":"https:\/\/www.retaildetail.be\/nl\/#organization"},"potentialAction":[{"@type":"SearchAction","target":{"@type":"EntryPoint","urlTemplate":"https:\/\/www.retaildetail.be\/nl\/?s={search_term_string}"},"query-input":{"@type":"PropertyValueSpecification","valueRequired":true,"valueName":"search_term_string"}}],"inLanguage":"fr-FR"},{"@type":"Organization","@id":"https:\/\/www.retaildetail.be\/nl\/#organization","name":"RetailDetail BE","url":"https:\/\/www.retaildetail.be\/nl\/","logo":{"@type":"ImageObject","inLanguage":"fr-FR","@id":"https:\/\/www.retaildetail.be\/nl\/#\/schema\/logo\/image\/","url":"https:\/\/www.retaildetail.be\/wp-content\/uploads\/2022\/04\/logo.svg","contentUrl":"https:\/\/www.retaildetail.be\/wp-content\/uploads\/2022\/04\/logo.svg","width":131,"height":70,"caption":"RetailDetail BE"},"image":{"@id":"https:\/\/www.retaildetail.be\/nl\/#\/schema\/logo\/image\/"}},{"@type":"Person","@id":"https:\/\/www.retaildetail.be\/nl\/#\/schema\/person\/66b54803fa10759039079458ea89e307","name":"Pauline Neerman","image":{"@type":"ImageObject","inLanguage":"fr-FR","@id":"https:\/\/secure.gravatar.com\/avatar\/58db22aee589a691f9603e5765ac06010427a923f9b2728b951eb7fe27214d70?s=96&d=mm&r=g","url":"https:\/\/secure.gravatar.com\/avatar\/58db22aee589a691f9603e5765ac06010427a923f9b2728b951eb7fe27214d70?s=96&d=mm&r=g","contentUrl":"https:\/\/secure.gravatar.com\/avatar\/58db22aee589a691f9603e5765ac06010427a923f9b2728b951eb7fe27214d70?s=96&d=mm&r=g","caption":"Pauline Neerman"},"url":"https:\/\/www.retaildetail.be\/fr\/author\/paulineneerman\/"}]}},"jetpack_featured_media_url":"https:\/\/www.retaildetail.be\/wp-content\/uploads\/2025\/10\/shutterstock_2023298846.jpg","jetpack_sharing_enabled":true,"_links":{"self":[{"href":"https:\/\/www.retaildetail.be\/fr\/wp-json\/wp\/v2\/posts\/131931","targetHints":{"allow":["GET"]}}],"collection":[{"href":"https:\/\/www.retaildetail.be\/fr\/wp-json\/wp\/v2\/posts"}],"about":[{"href":"https:\/\/www.retaildetail.be\/fr\/wp-json\/wp\/v2\/types\/post"}],"author":[{"embeddable":true,"href":"https:\/\/www.retaildetail.be\/fr\/wp-json\/wp\/v2\/users\/5"}],"replies":[{"embeddable":true,"href":"https:\/\/www.retaildetail.be\/fr\/wp-json\/wp\/v2\/comments?post=131931"}],"version-history":[{"count":1,"href":"https:\/\/www.retaildetail.be\/fr\/wp-json\/wp\/v2\/posts\/131931\/revisions"}],"predecessor-version":[{"id":131937,"href":"https:\/\/www.retaildetail.be\/fr\/wp-json\/wp\/v2\/posts\/131931\/revisions\/131937"}],"wp:featuredmedia":[{"embeddable":true,"href":"https:\/\/www.retaildetail.be\/fr\/wp-json\/wp\/v2\/media\/131932"}],"wp:attachment":[{"href":"https:\/\/www.retaildetail.be\/fr\/wp-json\/wp\/v2\/media?parent=131931"}],"wp:term":[{"taxonomy":"category","embeddable":true,"href":"https:\/\/www.retaildetail.be\/fr\/wp-json\/wp\/v2\/categories?post=131931"},{"taxonomy":"post_tag","embeddable":true,"href":"https:\/\/www.retaildetail.be\/fr\/wp-json\/wp\/v2\/tags?post=131931"},{"taxonomy":"people","embeddable":true,"href":"https:\/\/www.retaildetail.be\/fr\/wp-json\/wp\/v2\/people?post=131931"},{"taxonomy":"extra","embeddable":true,"href":"https:\/\/www.retaildetail.be\/fr\/wp-json\/wp\/v2\/extra?post=131931"},{"taxonomy":"company","embeddable":true,"href":"https:\/\/www.retaildetail.be\/fr\/wp-json\/wp\/v2\/company?post=131931"},{"taxonomy":"topic","embeddable":true,"href":"https:\/\/www.retaildetail.be\/fr\/wp-json\/wp\/v2\/topic?post=131931"},{"taxonomy":"region","embeddable":true,"href":"https:\/\/www.retaildetail.be\/fr\/wp-json\/wp\/v2\/region?post=131931"}],"curies":[{"name":"wp","href":"https:\/\/api.w.org\/{rel}","templated":true}]}}