{"id":132338,"date":"2025-10-22T09:44:58","date_gmt":"2025-10-22T07:44:58","guid":{"rendered":"https:\/\/www.retaildetail.be\/?p=132338"},"modified":"2025-10-22T09:44:59","modified_gmt":"2025-10-22T07:44:59","slug":"le-marche-de-loccasion-refurbed-fait-son-apparition-en-belgique","status":"publish","type":"post","link":"https:\/\/www.retaildetail.be\/fr\/news\/electro\/le-marche-de-loccasion-refurbed-fait-son-apparition-en-belgique\/","title":{"rendered":"La plateforme de l&rsquo;occasion refurbed fait son apparition en Belgique"},"content":{"rendered":"\n<p><strong>Refurbed<\/strong>, la place de march\u00e9 europ\u00e9enne qui conna\u00eet la plus forte croissance dans le domaine des appareils \u00e9lectroniques, \u00e9lectrom\u00e9nagers, articles de sport et articles pour b\u00e9b\u00e9s <em>reconditionn\u00e9s<\/em>, ouvre sa plateforme sur le march\u00e9 belge. L&rsquo;entreprise se pr\u00e9sente comme un \u00ab <strong>Amazon<\/strong> vert \u00bb.<\/p>\n\n\n\n<h2 class=\"wp-block-heading\">\u00ab Rendre le march\u00e9 du reconditionnement plus accessible \u00bb<\/h2>\n\n\n\n<p>Sur refurbed.be, les consommateurs trouvent une large gamme d&rsquo;alternatives durables et de haute qualit\u00e9 aux produits neufs. Fond\u00e9e \u00e0 Vienne en 2017 par Kilian Kaminski, Peter Windischhofer et J\u00fcrgen Riedl, l&rsquo;entreprise souhaite, selon ses propres termes, contribuer \u00e0 l&rsquo;\u00e9conomie circulaire et \u00e0 l&rsquo;avenir de la plan\u00e8te. Les produits de refurbed permettent de r\u00e9duire en moyenne de 80 % les \u00e9missions de CO2 et les d\u00e9chets \u00e9lectroniques, et de consommer 90 % moins d&rsquo;eau. Les clients de refurbed ont d\u00e9j\u00e0 \u00e9conomis\u00e9 350 000 tonnes de CO2, 1 136 tonnes de d\u00e9chets \u00e9lectroniques et 116 milliards de litres d&rsquo;eau.<\/p>\n\n\n\n<p>\u00ab Les plateformes de vente d&rsquo;occasion sont en plein essor, mais nous avons encore beaucoup de marge pour rendre le march\u00e9 de la remise \u00e0 neuf beaucoup plus accessible \u00bb, explique le cofondateur Kilian Kaminski. \u00ab Notre mission est de rendre les r\u00e9flexes de consommation en Belgique encore plus durables et de sensibiliser davantage aux avantages de la remise \u00e0 neuf, tant pour la plan\u00e8te que pour le portefeuille, sans compromettre la qualit\u00e9. \u00bb<\/p>\n\n\n\n<h2 class=\"wp-block-heading\">\u00c9largissement de la gamme<\/h2>\n\n\n\n<p>\u00c0 plus long terme, refurbed souhaite devenir une sorte d&rsquo;Amazon vert : une place de march\u00e9 pour les produits reconditionn\u00e9s o\u00f9 l&rsquo;on peut commander presque tout, mais de mani\u00e8re plus durable. Refurbed a d\u00e9j\u00e0 \u00e9largi sa gamme de produits, passant de l&rsquo;\u00e9lectronique grand public aux appareils m\u00e9nagers, aux appareils de beaut\u00e9 et de sant\u00e9 et aux articles de sport, avec des marques de premier plan telles que Vorwerk (connue pour Thermomix), Weber, Dyson, Moma Bikes et Technogym.<\/p>\n\n\n\n<p>Cette ann\u00e9e, refurbed a franchi plusieurs \u00e9tapes financi\u00e8res importantes : l&rsquo;entreprise a r\u00e9alis\u00e9 une croissance de son chiffre d&rsquo;affaires de 40 % par rapport \u00e0 l&rsquo;ann\u00e9e pr\u00e9c\u00e9dente, atteint une marge b\u00e9n\u00e9ficiaire EBITDA \u00e0 deux chiffres et affiche un flux de tr\u00e9sorerie positif depuis mars 2025. Pour l&rsquo;exercice 2025, refurbed vise une valeur commerciale brute de pr\u00e8s d&rsquo;un milliard d&rsquo;euros. La plateforme emploie 250 personnes en Europe et est d\u00e9sormais active dans 12 pays : Allemagne, Autriche, Su\u00e8de, Italie, Irlande, Pays-Bas, Danemark, Belgique, Finlande, Portugal, R\u00e9publique tch\u00e8que et Suisse.<\/p>\n\n\n\n<p>Le march\u00e9 mondial des produits \u00e9lectroniques et \u00e9lectrom\u00e9nagers reconditionn\u00e9s repr\u00e9sente actuellement 58 milliards de dollars (environ 50 milliards d&rsquo;euros) et devrait atteindre 118 milliards de dollars (102 milliards d&rsquo;euros) en 2032.<\/p>\n","protected":false},"excerpt":{"rendered":"<p>Refurbed, la place de march\u00e9 europ\u00e9enne qui conna\u00eet la plus forte croissance dans le domaine des appareils \u00e9lectroniques, \u00e9lectrom\u00e9nagers, articles de sport et articles pour b\u00e9b\u00e9s reconditionn\u00e9s, ouvre sa plateforme sur le march\u00e9 belge. L&rsquo;entreprise se pr\u00e9sente comme un \u00ab Amazon vert \u00bb. <\/p>\n","protected":false},"author":3,"featured_media":132339,"comment_status":"closed","ping_status":"closed","sticky":false,"template":"","format":"standard","meta":{"_acf_changed":false,"inline_featured_image":false,"_jetpack_memberships_contains_paid_content":false,"footnotes":""},"categories":[23,17],"tags":[94],"people":[],"extra":[43],"company":[1851],"topic":[373,198,276],"region":[226],"class_list":["post-132338","post","type-post","status-publish","format-standard","has-post-thumbnail","hentry","category-electro","category-elektro","tag-tweedehands","extra-plus","company-refurbed","topic-durabilite","topic-e-commerce","topic-expansion","region-belgique"],"acf":[],"yoast_head":"<!-- This site is optimized with the Yoast SEO plugin v27.3 - https:\/\/yoast.com\/product\/yoast-seo-wordpress\/ -->\n<title>La plateforme de l&#039;occasion refurbed fait son apparition en Belgique - RetailDetail BE<\/title>\n<meta name=\"description\" content=\"Refurbed, la place de march\u00e9 europ\u00e9enne pour appareils \u00e9lectroniques reconditionn\u00e9s, ouvre sa plateforme sur le march\u00e9 belge.\" \/>\n<meta name=\"robots\" content=\"index, follow, max-snippet:-1, max-image-preview:large, max-video-preview:-1\" \/>\n<link rel=\"canonical\" href=\"https:\/\/www.retaildetail.be\/fr\/news\/electro\/le-marche-de-loccasion-refurbed-fait-son-apparition-en-belgique\/\" \/>\n<meta property=\"og:locale\" content=\"fr_FR\" \/>\n<meta property=\"og:type\" content=\"article\" \/>\n<meta property=\"og:title\" content=\"La plateforme de l&#039;occasion refurbed fait son apparition en Belgique - RetailDetail BE\" \/>\n<meta property=\"og:description\" content=\"Refurbed, la place de march\u00e9 europ\u00e9enne pour appareils \u00e9lectroniques reconditionn\u00e9s, ouvre sa plateforme sur le march\u00e9 belge.\" \/>\n<meta property=\"og:url\" content=\"https:\/\/www.retaildetail.be\/fr\/news\/electro\/le-marche-de-loccasion-refurbed-fait-son-apparition-en-belgique\/\" \/>\n<meta property=\"og:site_name\" content=\"RetailDetail BE\" \/>\n<meta property=\"article:published_time\" content=\"2025-10-22T07:44:58+00:00\" \/>\n<meta property=\"article:modified_time\" content=\"2025-10-22T07:44:59+00:00\" \/>\n<meta property=\"og:image\" content=\"https:\/\/www.retaildetail.be\/wp-content\/uploads\/2025\/10\/Nintendo-Switch-Lite-Option-2-Aangepast-1.jpg\" \/>\n\t<meta property=\"og:image:width\" content=\"960\" \/>\n\t<meta property=\"og:image:height\" content=\"640\" \/>\n\t<meta property=\"og:image:type\" content=\"image\/jpeg\" \/>\n<meta name=\"author\" content=\"Stefan Van Rompaey\" \/>\n<meta name=\"twitter:card\" content=\"summary_large_image\" \/>\n<meta name=\"twitter:label1\" content=\"\u00c9crit par\" \/>\n\t<meta name=\"twitter:data1\" content=\"Stefan Van Rompaey\" \/>\n\t<meta name=\"twitter:label2\" content=\"Dur\u00e9e de lecture estim\u00e9e\" \/>\n\t<meta name=\"twitter:data2\" content=\"2 minutes\" \/>\n<script type=\"application\/ld+json\" class=\"yoast-schema-graph\">{\"@context\":\"https:\\\/\\\/schema.org\",\"@graph\":[{\"@type\":\"NewsArticle\",\"@id\":\"https:\\\/\\\/www.retaildetail.be\\\/fr\\\/news\\\/electro\\\/le-marche-de-loccasion-refurbed-fait-son-apparition-en-belgique\\\/#article\",\"isPartOf\":{\"@id\":\"https:\\\/\\\/www.retaildetail.be\\\/fr\\\/news\\\/electro\\\/le-marche-de-loccasion-refurbed-fait-son-apparition-en-belgique\\\/\"},\"author\":{\"name\":\"Stefan Van Rompaey\",\"@id\":\"https:\\\/\\\/www.retaildetail.be\\\/nl\\\/#\\\/schema\\\/person\\\/51aec6069c4416aa2f68b2e4ff3455df\"},\"headline\":\"La plateforme de l&rsquo;occasion refurbed fait son apparition en Belgique\",\"datePublished\":\"2025-10-22T07:44:58+00:00\",\"dateModified\":\"2025-10-22T07:44:59+00:00\",\"mainEntityOfPage\":{\"@id\":\"https:\\\/\\\/www.retaildetail.be\\\/fr\\\/news\\\/electro\\\/le-marche-de-loccasion-refurbed-fait-son-apparition-en-belgique\\\/\"},\"wordCount\":451,\"publisher\":{\"@id\":\"https:\\\/\\\/www.retaildetail.be\\\/nl\\\/#organization\"},\"image\":{\"@id\":\"https:\\\/\\\/www.retaildetail.be\\\/fr\\\/news\\\/electro\\\/le-marche-de-loccasion-refurbed-fait-son-apparition-en-belgique\\\/#primaryimage\"},\"thumbnailUrl\":\"https:\\\/\\\/www.retaildetail.be\\\/wp-content\\\/uploads\\\/2025\\\/10\\\/Nintendo-Switch-Lite-Option-2-Aangepast-1.jpg\",\"keywords\":[\"Tweedehands\"],\"articleSection\":[\"Electro\",\"Elektro\"],\"inLanguage\":\"fr-FR\",\"copyrightYear\":\"2025\",\"copyrightHolder\":{\"@id\":\"https:\\\/\\\/www.retaildetail.be\\\/#organization\"}},{\"@type\":\"WebPage\",\"@id\":\"https:\\\/\\\/www.retaildetail.be\\\/fr\\\/news\\\/electro\\\/le-marche-de-loccasion-refurbed-fait-son-apparition-en-belgique\\\/\",\"url\":\"https:\\\/\\\/www.retaildetail.be\\\/fr\\\/news\\\/electro\\\/le-marche-de-loccasion-refurbed-fait-son-apparition-en-belgique\\\/\",\"name\":\"La plateforme de l'occasion refurbed fait son apparition en Belgique - RetailDetail BE\",\"isPartOf\":{\"@id\":\"https:\\\/\\\/www.retaildetail.be\\\/nl\\\/#website\"},\"primaryImageOfPage\":{\"@id\":\"https:\\\/\\\/www.retaildetail.be\\\/fr\\\/news\\\/electro\\\/le-marche-de-loccasion-refurbed-fait-son-apparition-en-belgique\\\/#primaryimage\"},\"image\":{\"@id\":\"https:\\\/\\\/www.retaildetail.be\\\/fr\\\/news\\\/electro\\\/le-marche-de-loccasion-refurbed-fait-son-apparition-en-belgique\\\/#primaryimage\"},\"thumbnailUrl\":\"https:\\\/\\\/www.retaildetail.be\\\/wp-content\\\/uploads\\\/2025\\\/10\\\/Nintendo-Switch-Lite-Option-2-Aangepast-1.jpg\",\"datePublished\":\"2025-10-22T07:44:58+00:00\",\"dateModified\":\"2025-10-22T07:44:59+00:00\",\"description\":\"Refurbed, la place de march\u00e9 europ\u00e9enne pour appareils \u00e9lectroniques reconditionn\u00e9s, ouvre sa plateforme sur le march\u00e9 belge.\",\"breadcrumb\":{\"@id\":\"https:\\\/\\\/www.retaildetail.be\\\/fr\\\/news\\\/electro\\\/le-marche-de-loccasion-refurbed-fait-son-apparition-en-belgique\\\/#breadcrumb\"},\"inLanguage\":\"fr-FR\",\"potentialAction\":[{\"@type\":\"ReadAction\",\"target\":[\"https:\\\/\\\/www.retaildetail.be\\\/fr\\\/news\\\/electro\\\/le-marche-de-loccasion-refurbed-fait-son-apparition-en-belgique\\\/\"]}]},{\"@type\":\"ImageObject\",\"inLanguage\":\"fr-FR\",\"@id\":\"https:\\\/\\\/www.retaildetail.be\\\/fr\\\/news\\\/electro\\\/le-marche-de-loccasion-refurbed-fait-son-apparition-en-belgique\\\/#primaryimage\",\"url\":\"https:\\\/\\\/www.retaildetail.be\\\/wp-content\\\/uploads\\\/2025\\\/10\\\/Nintendo-Switch-Lite-Option-2-Aangepast-1.jpg\",\"contentUrl\":\"https:\\\/\\\/www.retaildetail.be\\\/wp-content\\\/uploads\\\/2025\\\/10\\\/Nintendo-Switch-Lite-Option-2-Aangepast-1.jpg\",\"width\":960,\"height\":640,\"caption\":\"refurbed\"},{\"@type\":\"BreadcrumbList\",\"@id\":\"https:\\\/\\\/www.retaildetail.be\\\/fr\\\/news\\\/electro\\\/le-marche-de-loccasion-refurbed-fait-son-apparition-en-belgique\\\/#breadcrumb\",\"itemListElement\":[{\"@type\":\"ListItem\",\"position\":1,\"name\":\"Home\",\"item\":\"https:\\\/\\\/www.retaildetail.be\\\/fr\\\/\"},{\"@type\":\"ListItem\",\"position\":2,\"name\":\"La plateforme de l&#8217;occasion refurbed fait son apparition en Belgique\"}]},{\"@type\":\"WebSite\",\"@id\":\"https:\\\/\\\/www.retaildetail.be\\\/nl\\\/#website\",\"url\":\"https:\\\/\\\/www.retaildetail.be\\\/nl\\\/\",\"name\":\"RetailDetail BE\",\"description\":\"News\",\"publisher\":{\"@id\":\"https:\\\/\\\/www.retaildetail.be\\\/nl\\\/#organization\"},\"potentialAction\":[{\"@type\":\"SearchAction\",\"target\":{\"@type\":\"EntryPoint\",\"urlTemplate\":\"https:\\\/\\\/www.retaildetail.be\\\/nl\\\/?s={search_term_string}\"},\"query-input\":{\"@type\":\"PropertyValueSpecification\",\"valueRequired\":true,\"valueName\":\"search_term_string\"}}],\"inLanguage\":\"fr-FR\"},{\"@type\":\"Organization\",\"@id\":\"https:\\\/\\\/www.retaildetail.be\\\/nl\\\/#organization\",\"name\":\"RetailDetail BE\",\"url\":\"https:\\\/\\\/www.retaildetail.be\\\/nl\\\/\",\"logo\":{\"@type\":\"ImageObject\",\"inLanguage\":\"fr-FR\",\"@id\":\"https:\\\/\\\/www.retaildetail.be\\\/nl\\\/#\\\/schema\\\/logo\\\/image\\\/\",\"url\":\"https:\\\/\\\/www.retaildetail.be\\\/wp-content\\\/uploads\\\/2022\\\/04\\\/logo.svg\",\"contentUrl\":\"https:\\\/\\\/www.retaildetail.be\\\/wp-content\\\/uploads\\\/2022\\\/04\\\/logo.svg\",\"width\":131,\"height\":70,\"caption\":\"RetailDetail BE\"},\"image\":{\"@id\":\"https:\\\/\\\/www.retaildetail.be\\\/nl\\\/#\\\/schema\\\/logo\\\/image\\\/\"}},{\"@type\":\"Person\",\"@id\":\"https:\\\/\\\/www.retaildetail.be\\\/nl\\\/#\\\/schema\\\/person\\\/51aec6069c4416aa2f68b2e4ff3455df\",\"name\":\"Stefan Van Rompaey\",\"image\":{\"@type\":\"ImageObject\",\"inLanguage\":\"fr-FR\",\"@id\":\"https:\\\/\\\/secure.gravatar.com\\\/avatar\\\/fbbb4a80a0f109888b2a5ab8ae255617499ecde533749b3ab2fa6c23b5d65dac?s=96&d=mm&r=g\",\"url\":\"https:\\\/\\\/secure.gravatar.com\\\/avatar\\\/fbbb4a80a0f109888b2a5ab8ae255617499ecde533749b3ab2fa6c23b5d65dac?s=96&d=mm&r=g\",\"contentUrl\":\"https:\\\/\\\/secure.gravatar.com\\\/avatar\\\/fbbb4a80a0f109888b2a5ab8ae255617499ecde533749b3ab2fa6c23b5d65dac?s=96&d=mm&r=g\",\"caption\":\"Stefan Van Rompaey\"},\"url\":\"https:\\\/\\\/www.retaildetail.be\\\/fr\\\/author\\\/stefanvanrompaey\\\/\"}]}<\/script>\n<!-- \/ Yoast SEO plugin. -->","yoast_head_json":{"title":"La plateforme de l'occasion refurbed fait son apparition en Belgique - RetailDetail BE","description":"Refurbed, la place de march\u00e9 europ\u00e9enne pour appareils \u00e9lectroniques reconditionn\u00e9s, ouvre sa plateforme sur le march\u00e9 belge.","robots":{"index":"index","follow":"follow","max-snippet":"max-snippet:-1","max-image-preview":"max-image-preview:large","max-video-preview":"max-video-preview:-1"},"canonical":"https:\/\/www.retaildetail.be\/fr\/news\/electro\/le-marche-de-loccasion-refurbed-fait-son-apparition-en-belgique\/","og_locale":"fr_FR","og_type":"article","og_title":"La plateforme de l'occasion refurbed fait son apparition en Belgique - RetailDetail BE","og_description":"Refurbed, la place de march\u00e9 europ\u00e9enne pour appareils \u00e9lectroniques reconditionn\u00e9s, ouvre sa plateforme sur le march\u00e9 belge.","og_url":"https:\/\/www.retaildetail.be\/fr\/news\/electro\/le-marche-de-loccasion-refurbed-fait-son-apparition-en-belgique\/","og_site_name":"RetailDetail BE","article_published_time":"2025-10-22T07:44:58+00:00","article_modified_time":"2025-10-22T07:44:59+00:00","og_image":[{"width":960,"height":640,"url":"https:\/\/www.retaildetail.be\/wp-content\/uploads\/2025\/10\/Nintendo-Switch-Lite-Option-2-Aangepast-1.jpg","type":"image\/jpeg"}],"author":"Stefan Van Rompaey","twitter_card":"summary_large_image","twitter_misc":{"\u00c9crit par":"Stefan Van Rompaey","Dur\u00e9e de lecture estim\u00e9e":"2 minutes"},"schema":{"@context":"https:\/\/schema.org","@graph":[{"@type":"NewsArticle","@id":"https:\/\/www.retaildetail.be\/fr\/news\/electro\/le-marche-de-loccasion-refurbed-fait-son-apparition-en-belgique\/#article","isPartOf":{"@id":"https:\/\/www.retaildetail.be\/fr\/news\/electro\/le-marche-de-loccasion-refurbed-fait-son-apparition-en-belgique\/"},"author":{"name":"Stefan Van Rompaey","@id":"https:\/\/www.retaildetail.be\/nl\/#\/schema\/person\/51aec6069c4416aa2f68b2e4ff3455df"},"headline":"La plateforme de l&rsquo;occasion refurbed fait son apparition en Belgique","datePublished":"2025-10-22T07:44:58+00:00","dateModified":"2025-10-22T07:44:59+00:00","mainEntityOfPage":{"@id":"https:\/\/www.retaildetail.be\/fr\/news\/electro\/le-marche-de-loccasion-refurbed-fait-son-apparition-en-belgique\/"},"wordCount":451,"publisher":{"@id":"https:\/\/www.retaildetail.be\/nl\/#organization"},"image":{"@id":"https:\/\/www.retaildetail.be\/fr\/news\/electro\/le-marche-de-loccasion-refurbed-fait-son-apparition-en-belgique\/#primaryimage"},"thumbnailUrl":"https:\/\/www.retaildetail.be\/wp-content\/uploads\/2025\/10\/Nintendo-Switch-Lite-Option-2-Aangepast-1.jpg","keywords":["Tweedehands"],"articleSection":["Electro","Elektro"],"inLanguage":"fr-FR","copyrightYear":"2025","copyrightHolder":{"@id":"https:\/\/www.retaildetail.be\/#organization"}},{"@type":"WebPage","@id":"https:\/\/www.retaildetail.be\/fr\/news\/electro\/le-marche-de-loccasion-refurbed-fait-son-apparition-en-belgique\/","url":"https:\/\/www.retaildetail.be\/fr\/news\/electro\/le-marche-de-loccasion-refurbed-fait-son-apparition-en-belgique\/","name":"La plateforme de l'occasion refurbed fait son apparition en Belgique - RetailDetail BE","isPartOf":{"@id":"https:\/\/www.retaildetail.be\/nl\/#website"},"primaryImageOfPage":{"@id":"https:\/\/www.retaildetail.be\/fr\/news\/electro\/le-marche-de-loccasion-refurbed-fait-son-apparition-en-belgique\/#primaryimage"},"image":{"@id":"https:\/\/www.retaildetail.be\/fr\/news\/electro\/le-marche-de-loccasion-refurbed-fait-son-apparition-en-belgique\/#primaryimage"},"thumbnailUrl":"https:\/\/www.retaildetail.be\/wp-content\/uploads\/2025\/10\/Nintendo-Switch-Lite-Option-2-Aangepast-1.jpg","datePublished":"2025-10-22T07:44:58+00:00","dateModified":"2025-10-22T07:44:59+00:00","description":"Refurbed, la place de march\u00e9 europ\u00e9enne pour appareils \u00e9lectroniques reconditionn\u00e9s, ouvre sa plateforme sur le march\u00e9 belge.","breadcrumb":{"@id":"https:\/\/www.retaildetail.be\/fr\/news\/electro\/le-marche-de-loccasion-refurbed-fait-son-apparition-en-belgique\/#breadcrumb"},"inLanguage":"fr-FR","potentialAction":[{"@type":"ReadAction","target":["https:\/\/www.retaildetail.be\/fr\/news\/electro\/le-marche-de-loccasion-refurbed-fait-son-apparition-en-belgique\/"]}]},{"@type":"ImageObject","inLanguage":"fr-FR","@id":"https:\/\/www.retaildetail.be\/fr\/news\/electro\/le-marche-de-loccasion-refurbed-fait-son-apparition-en-belgique\/#primaryimage","url":"https:\/\/www.retaildetail.be\/wp-content\/uploads\/2025\/10\/Nintendo-Switch-Lite-Option-2-Aangepast-1.jpg","contentUrl":"https:\/\/www.retaildetail.be\/wp-content\/uploads\/2025\/10\/Nintendo-Switch-Lite-Option-2-Aangepast-1.jpg","width":960,"height":640,"caption":"refurbed"},{"@type":"BreadcrumbList","@id":"https:\/\/www.retaildetail.be\/fr\/news\/electro\/le-marche-de-loccasion-refurbed-fait-son-apparition-en-belgique\/#breadcrumb","itemListElement":[{"@type":"ListItem","position":1,"name":"Home","item":"https:\/\/www.retaildetail.be\/fr\/"},{"@type":"ListItem","position":2,"name":"La plateforme de l&#8217;occasion refurbed fait son apparition en Belgique"}]},{"@type":"WebSite","@id":"https:\/\/www.retaildetail.be\/nl\/#website","url":"https:\/\/www.retaildetail.be\/nl\/","name":"RetailDetail BE","description":"News","publisher":{"@id":"https:\/\/www.retaildetail.be\/nl\/#organization"},"potentialAction":[{"@type":"SearchAction","target":{"@type":"EntryPoint","urlTemplate":"https:\/\/www.retaildetail.be\/nl\/?s={search_term_string}"},"query-input":{"@type":"PropertyValueSpecification","valueRequired":true,"valueName":"search_term_string"}}],"inLanguage":"fr-FR"},{"@type":"Organization","@id":"https:\/\/www.retaildetail.be\/nl\/#organization","name":"RetailDetail BE","url":"https:\/\/www.retaildetail.be\/nl\/","logo":{"@type":"ImageObject","inLanguage":"fr-FR","@id":"https:\/\/www.retaildetail.be\/nl\/#\/schema\/logo\/image\/","url":"https:\/\/www.retaildetail.be\/wp-content\/uploads\/2022\/04\/logo.svg","contentUrl":"https:\/\/www.retaildetail.be\/wp-content\/uploads\/2022\/04\/logo.svg","width":131,"height":70,"caption":"RetailDetail BE"},"image":{"@id":"https:\/\/www.retaildetail.be\/nl\/#\/schema\/logo\/image\/"}},{"@type":"Person","@id":"https:\/\/www.retaildetail.be\/nl\/#\/schema\/person\/51aec6069c4416aa2f68b2e4ff3455df","name":"Stefan Van Rompaey","image":{"@type":"ImageObject","inLanguage":"fr-FR","@id":"https:\/\/secure.gravatar.com\/avatar\/fbbb4a80a0f109888b2a5ab8ae255617499ecde533749b3ab2fa6c23b5d65dac?s=96&d=mm&r=g","url":"https:\/\/secure.gravatar.com\/avatar\/fbbb4a80a0f109888b2a5ab8ae255617499ecde533749b3ab2fa6c23b5d65dac?s=96&d=mm&r=g","contentUrl":"https:\/\/secure.gravatar.com\/avatar\/fbbb4a80a0f109888b2a5ab8ae255617499ecde533749b3ab2fa6c23b5d65dac?s=96&d=mm&r=g","caption":"Stefan Van Rompaey"},"url":"https:\/\/www.retaildetail.be\/fr\/author\/stefanvanrompaey\/"}]}},"jetpack_featured_media_url":"https:\/\/www.retaildetail.be\/wp-content\/uploads\/2025\/10\/Nintendo-Switch-Lite-Option-2-Aangepast-1.jpg","jetpack_sharing_enabled":true,"_links":{"self":[{"href":"https:\/\/www.retaildetail.be\/fr\/wp-json\/wp\/v2\/posts\/132338","targetHints":{"allow":["GET"]}}],"collection":[{"href":"https:\/\/www.retaildetail.be\/fr\/wp-json\/wp\/v2\/posts"}],"about":[{"href":"https:\/\/www.retaildetail.be\/fr\/wp-json\/wp\/v2\/types\/post"}],"author":[{"embeddable":true,"href":"https:\/\/www.retaildetail.be\/fr\/wp-json\/wp\/v2\/users\/3"}],"replies":[{"embeddable":true,"href":"https:\/\/www.retaildetail.be\/fr\/wp-json\/wp\/v2\/comments?post=132338"}],"version-history":[{"count":1,"href":"https:\/\/www.retaildetail.be\/fr\/wp-json\/wp\/v2\/posts\/132338\/revisions"}],"predecessor-version":[{"id":132342,"href":"https:\/\/www.retaildetail.be\/fr\/wp-json\/wp\/v2\/posts\/132338\/revisions\/132342"}],"wp:featuredmedia":[{"embeddable":true,"href":"https:\/\/www.retaildetail.be\/fr\/wp-json\/wp\/v2\/media\/132339"}],"wp:attachment":[{"href":"https:\/\/www.retaildetail.be\/fr\/wp-json\/wp\/v2\/media?parent=132338"}],"wp:term":[{"taxonomy":"category","embeddable":true,"href":"https:\/\/www.retaildetail.be\/fr\/wp-json\/wp\/v2\/categories?post=132338"},{"taxonomy":"post_tag","embeddable":true,"href":"https:\/\/www.retaildetail.be\/fr\/wp-json\/wp\/v2\/tags?post=132338"},{"taxonomy":"people","embeddable":true,"href":"https:\/\/www.retaildetail.be\/fr\/wp-json\/wp\/v2\/people?post=132338"},{"taxonomy":"extra","embeddable":true,"href":"https:\/\/www.retaildetail.be\/fr\/wp-json\/wp\/v2\/extra?post=132338"},{"taxonomy":"company","embeddable":true,"href":"https:\/\/www.retaildetail.be\/fr\/wp-json\/wp\/v2\/company?post=132338"},{"taxonomy":"topic","embeddable":true,"href":"https:\/\/www.retaildetail.be\/fr\/wp-json\/wp\/v2\/topic?post=132338"},{"taxonomy":"region","embeddable":true,"href":"https:\/\/www.retaildetail.be\/fr\/wp-json\/wp\/v2\/region?post=132338"}],"curies":[{"name":"wp","href":"https:\/\/api.w.org\/{rel}","templated":true}]}}