{"id":132539,"date":"2025-10-23T16:38:41","date_gmt":"2025-10-23T14:38:41","guid":{"rendered":"https:\/\/www.retaildetail.be\/?p=132539"},"modified":"2025-10-23T16:38:42","modified_gmt":"2025-10-23T14:38:42","slug":"frits-van-eerd-choisit-un-nouvel-avocat-pour-son-appel","status":"publish","type":"post","link":"https:\/\/www.retaildetail.be\/fr\/news\/food\/frits-van-eerd-choisit-un-nouvel-avocat-pour-son-appel\/","title":{"rendered":"Frits van Eerd choisit un nouvel avocat pour son appel"},"content":{"rendered":"\n<p>L&rsquo;ancien PDG de <strong>Jumbo<\/strong>, Frits van Eerd, change d&rsquo;avocat pour faire appel de sa condamnation \u00e0 deux ans de prison. La date \u00e0 laquelle l&rsquo;affaire sera jug\u00e9e en appel n&rsquo;est pas encore connue.<\/p>\n\n\n\n<h2 class=\"wp-block-heading\">\u00ab Dossier volumineux \u00bb<\/h2>\n\n\n\n<p>Van Eerd sera d\u00e9sormais assist\u00e9 par Daan Doorenbos et Muri\u00ebl Rosing du cabinet d&rsquo;avocats Stibbe, ont confirm\u00e9 des sources proches de l&rsquo;entrepreneur au Financieele Dagblad. Interrog\u00e9 \u00e0 ce sujet, Doorenbos a d\u00e9clar\u00e9 qu&rsquo;il \u00e9tudiait actuellement le dossier volumineux avec son coll\u00e8gue. \u00ab Nous sommes <a href=\"https:\/\/fd.nl\/bedrijfsleven\/1574838\/frits-van-eerd-wisselt-van-advocaat-voor-hoger-beroep\">en train d&rsquo;\u00e9tudier le dossier<\/a>. Il s&rsquo;agit d&rsquo;un dossier volumineux \u00bb, a d\u00e9clar\u00e9 l&rsquo;avocat.<\/p>\n\n\n\n<p>D\u00e9but ao\u00fbt, le tribunal de Groningue a condamn\u00e9 Van Eerd \u00e0 deux ans de prison pour corruption, faux en \u00e9criture et blanchiment d&rsquo;argent. Selon le tribunal, il a financ\u00e9 des achats priv\u00e9s au moyen de fausses factures de sponsoring pour le sport automobile, qui ont \u00e9t\u00e9 pay\u00e9es par la cha\u00eene de supermarch\u00e9s Jumbo. En outre, selon le juge, il a blanchi plus de 427 000 euros.<\/p>\n\n\n\n<h2 class=\"wp-block-heading\">Moins d&rsquo;influence chez Jumbo<\/h2>\n\n\n\n<p>Van Eerd nie toutes les accusations et maintient qu&rsquo;il est innocent. Son ancien avocat, Robbert Jonk de Cleerdin &amp; Hamer, a qualifi\u00e9 le verdict de \u00ab ridicule et inutilement pr\u00e9judiciable \u00bb, apr\u00e8s que le tribunal ait conclu que l&rsquo;entrepreneur \u00ab fr\u00e9quentait des cercles impliqu\u00e9s dans le trafic de drogue \u00bb. Selon Jonk, il n&rsquo;avait \u00ab pas eu une chance \u00e9quitable \u00bb.<\/p>\n\n\n\n<p>Bien que Van Eerd reste propri\u00e9taire de Jumbo avec ses s\u0153urs Colette et Monique, il a perdu son contr\u00f4le en tant qu&rsquo;actionnaire le mois dernier. Cette d\u00e9cision a \u00e9t\u00e9 prise apr\u00e8s consultation des banques. Le groupe examine \u00e9galement si les actions de l&rsquo;ancien PDG lui ont caus\u00e9 un pr\u00e9judice financier.<\/p>\n","protected":false},"excerpt":{"rendered":"<p>L&rsquo;ancien PDG de Jumbo, Frits van Eerd, change d&rsquo;avocat pour faire appel de sa condamnation \u00e0 deux ans de prison. La date \u00e0 laquelle l&rsquo;affaire sera jug\u00e9e en appel n&rsquo;est pas encore connue.<\/p>\n","protected":false},"author":5,"featured_media":132540,"comment_status":"closed","ping_status":"closed","sticky":false,"template":"","format":"standard","meta":{"_acf_changed":false,"inline_featured_image":false,"_jetpack_memberships_contains_paid_content":false,"footnotes":""},"categories":[18,24],"tags":[],"people":[842],"extra":[43],"company":[217],"topic":[756],"region":[524],"class_list":{"0":"post-132539","1":"post","2":"type-post","3":"status-publish","4":"format-standard","5":"has-post-thumbnail","6":"hentry","7":"category-food","9":"people-frits-van-eerd","10":"extra-plus","11":"company-jumbo","12":"topic-litige","13":"region-pays-bas"},"acf":[],"yoast_head":"<!-- This site is optimized with the Yoast SEO plugin v27.3 - https:\/\/yoast.com\/product\/yoast-seo-wordpress\/ -->\n<title>Frits van Eerd choisit un nouvel avocat pour son appel - RetailDetail BE<\/title>\n<meta name=\"description\" content=\"L&#039;ancien PDG de Jumbo, Frits van Eerd, change d&#039;avocat pour faire appel de sa condamnation \u00e0 deux ans de prison.\" \/>\n<meta name=\"robots\" content=\"index, follow, max-snippet:-1, max-image-preview:large, max-video-preview:-1\" \/>\n<link rel=\"canonical\" href=\"https:\/\/www.retaildetail.be\/fr\/news\/food\/frits-van-eerd-choisit-un-nouvel-avocat-pour-son-appel\/\" \/>\n<meta property=\"og:locale\" content=\"fr_FR\" \/>\n<meta property=\"og:type\" content=\"article\" \/>\n<meta property=\"og:title\" content=\"Frits van Eerd choisit un nouvel avocat pour son appel - RetailDetail BE\" \/>\n<meta property=\"og:description\" content=\"L&#039;ancien PDG de Jumbo, Frits van Eerd, change d&#039;avocat pour faire appel de sa condamnation \u00e0 deux ans de prison.\" \/>\n<meta property=\"og:url\" content=\"https:\/\/www.retaildetail.be\/fr\/news\/food\/frits-van-eerd-choisit-un-nouvel-avocat-pour-son-appel\/\" \/>\n<meta property=\"og:site_name\" content=\"RetailDetail BE\" \/>\n<meta property=\"article:published_time\" content=\"2025-10-23T14:38:41+00:00\" \/>\n<meta property=\"article:modified_time\" content=\"2025-10-23T14:38:42+00:00\" \/>\n<meta property=\"og:image\" content=\"https:\/\/www.retaildetail.be\/wp-content\/uploads\/2025\/10\/Frits-van-Eerd-Jumbo-2_0.jpg\" \/>\n\t<meta property=\"og:image:width\" content=\"1327\" \/>\n\t<meta property=\"og:image:height\" content=\"864\" \/>\n\t<meta property=\"og:image:type\" content=\"image\/jpeg\" \/>\n<meta name=\"author\" content=\"Pauline Neerman\" \/>\n<meta name=\"twitter:card\" content=\"summary_large_image\" \/>\n<meta name=\"twitter:label1\" content=\"\u00c9crit par\" \/>\n\t<meta name=\"twitter:data1\" content=\"Pauline Neerman\" \/>\n\t<meta name=\"twitter:label2\" content=\"Dur\u00e9e de lecture estim\u00e9e\" \/>\n\t<meta name=\"twitter:data2\" content=\"1 minute\" \/>\n<script type=\"application\/ld+json\" class=\"yoast-schema-graph\">{\"@context\":\"https:\\\/\\\/schema.org\",\"@graph\":[{\"@type\":\"NewsArticle\",\"@id\":\"https:\\\/\\\/www.retaildetail.be\\\/fr\\\/news\\\/food\\\/frits-van-eerd-choisit-un-nouvel-avocat-pour-son-appel\\\/#article\",\"isPartOf\":{\"@id\":\"https:\\\/\\\/www.retaildetail.be\\\/fr\\\/news\\\/food\\\/frits-van-eerd-choisit-un-nouvel-avocat-pour-son-appel\\\/\"},\"author\":{\"name\":\"Pauline Neerman\",\"@id\":\"https:\\\/\\\/www.retaildetail.be\\\/nl\\\/#\\\/schema\\\/person\\\/66b54803fa10759039079458ea89e307\"},\"headline\":\"Frits van Eerd choisit un nouvel avocat pour son appel\",\"datePublished\":\"2025-10-23T14:38:41+00:00\",\"dateModified\":\"2025-10-23T14:38:42+00:00\",\"mainEntityOfPage\":{\"@id\":\"https:\\\/\\\/www.retaildetail.be\\\/fr\\\/news\\\/food\\\/frits-van-eerd-choisit-un-nouvel-avocat-pour-son-appel\\\/\"},\"wordCount\":310,\"publisher\":{\"@id\":\"https:\\\/\\\/www.retaildetail.be\\\/nl\\\/#organization\"},\"image\":{\"@id\":\"https:\\\/\\\/www.retaildetail.be\\\/fr\\\/news\\\/food\\\/frits-van-eerd-choisit-un-nouvel-avocat-pour-son-appel\\\/#primaryimage\"},\"thumbnailUrl\":\"https:\\\/\\\/www.retaildetail.be\\\/wp-content\\\/uploads\\\/2025\\\/10\\\/Frits-van-Eerd-Jumbo-2_0.jpg\",\"articleSection\":[\"Food\",\"Food\"],\"inLanguage\":\"fr-FR\",\"copyrightYear\":\"2025\",\"copyrightHolder\":{\"@id\":\"https:\\\/\\\/www.retaildetail.be\\\/#organization\"}},{\"@type\":\"WebPage\",\"@id\":\"https:\\\/\\\/www.retaildetail.be\\\/fr\\\/news\\\/food\\\/frits-van-eerd-choisit-un-nouvel-avocat-pour-son-appel\\\/\",\"url\":\"https:\\\/\\\/www.retaildetail.be\\\/fr\\\/news\\\/food\\\/frits-van-eerd-choisit-un-nouvel-avocat-pour-son-appel\\\/\",\"name\":\"Frits van Eerd choisit un nouvel avocat pour son appel - RetailDetail BE\",\"isPartOf\":{\"@id\":\"https:\\\/\\\/www.retaildetail.be\\\/nl\\\/#website\"},\"primaryImageOfPage\":{\"@id\":\"https:\\\/\\\/www.retaildetail.be\\\/fr\\\/news\\\/food\\\/frits-van-eerd-choisit-un-nouvel-avocat-pour-son-appel\\\/#primaryimage\"},\"image\":{\"@id\":\"https:\\\/\\\/www.retaildetail.be\\\/fr\\\/news\\\/food\\\/frits-van-eerd-choisit-un-nouvel-avocat-pour-son-appel\\\/#primaryimage\"},\"thumbnailUrl\":\"https:\\\/\\\/www.retaildetail.be\\\/wp-content\\\/uploads\\\/2025\\\/10\\\/Frits-van-Eerd-Jumbo-2_0.jpg\",\"datePublished\":\"2025-10-23T14:38:41+00:00\",\"dateModified\":\"2025-10-23T14:38:42+00:00\",\"description\":\"L'ancien PDG de Jumbo, Frits van Eerd, change d'avocat pour faire appel de sa condamnation \u00e0 deux ans de prison.\",\"breadcrumb\":{\"@id\":\"https:\\\/\\\/www.retaildetail.be\\\/fr\\\/news\\\/food\\\/frits-van-eerd-choisit-un-nouvel-avocat-pour-son-appel\\\/#breadcrumb\"},\"inLanguage\":\"fr-FR\",\"potentialAction\":[{\"@type\":\"ReadAction\",\"target\":[\"https:\\\/\\\/www.retaildetail.be\\\/fr\\\/news\\\/food\\\/frits-van-eerd-choisit-un-nouvel-avocat-pour-son-appel\\\/\"]}]},{\"@type\":\"ImageObject\",\"inLanguage\":\"fr-FR\",\"@id\":\"https:\\\/\\\/www.retaildetail.be\\\/fr\\\/news\\\/food\\\/frits-van-eerd-choisit-un-nouvel-avocat-pour-son-appel\\\/#primaryimage\",\"url\":\"https:\\\/\\\/www.retaildetail.be\\\/wp-content\\\/uploads\\\/2025\\\/10\\\/Frits-van-Eerd-Jumbo-2_0.jpg\",\"contentUrl\":\"https:\\\/\\\/www.retaildetail.be\\\/wp-content\\\/uploads\\\/2025\\\/10\\\/Frits-van-Eerd-Jumbo-2_0.jpg\",\"width\":1327,\"height\":864},{\"@type\":\"BreadcrumbList\",\"@id\":\"https:\\\/\\\/www.retaildetail.be\\\/fr\\\/news\\\/food\\\/frits-van-eerd-choisit-un-nouvel-avocat-pour-son-appel\\\/#breadcrumb\",\"itemListElement\":[{\"@type\":\"ListItem\",\"position\":1,\"name\":\"Home\",\"item\":\"https:\\\/\\\/www.retaildetail.be\\\/fr\\\/\"},{\"@type\":\"ListItem\",\"position\":2,\"name\":\"Frits van Eerd choisit un nouvel avocat pour son appel\"}]},{\"@type\":\"WebSite\",\"@id\":\"https:\\\/\\\/www.retaildetail.be\\\/nl\\\/#website\",\"url\":\"https:\\\/\\\/www.retaildetail.be\\\/nl\\\/\",\"name\":\"RetailDetail BE\",\"description\":\"News\",\"publisher\":{\"@id\":\"https:\\\/\\\/www.retaildetail.be\\\/nl\\\/#organization\"},\"potentialAction\":[{\"@type\":\"SearchAction\",\"target\":{\"@type\":\"EntryPoint\",\"urlTemplate\":\"https:\\\/\\\/www.retaildetail.be\\\/nl\\\/?s={search_term_string}\"},\"query-input\":{\"@type\":\"PropertyValueSpecification\",\"valueRequired\":true,\"valueName\":\"search_term_string\"}}],\"inLanguage\":\"fr-FR\"},{\"@type\":\"Organization\",\"@id\":\"https:\\\/\\\/www.retaildetail.be\\\/nl\\\/#organization\",\"name\":\"RetailDetail BE\",\"url\":\"https:\\\/\\\/www.retaildetail.be\\\/nl\\\/\",\"logo\":{\"@type\":\"ImageObject\",\"inLanguage\":\"fr-FR\",\"@id\":\"https:\\\/\\\/www.retaildetail.be\\\/nl\\\/#\\\/schema\\\/logo\\\/image\\\/\",\"url\":\"https:\\\/\\\/www.retaildetail.be\\\/wp-content\\\/uploads\\\/2022\\\/04\\\/logo.svg\",\"contentUrl\":\"https:\\\/\\\/www.retaildetail.be\\\/wp-content\\\/uploads\\\/2022\\\/04\\\/logo.svg\",\"width\":131,\"height\":70,\"caption\":\"RetailDetail BE\"},\"image\":{\"@id\":\"https:\\\/\\\/www.retaildetail.be\\\/nl\\\/#\\\/schema\\\/logo\\\/image\\\/\"}},{\"@type\":\"Person\",\"@id\":\"https:\\\/\\\/www.retaildetail.be\\\/nl\\\/#\\\/schema\\\/person\\\/66b54803fa10759039079458ea89e307\",\"name\":\"Pauline Neerman\",\"image\":{\"@type\":\"ImageObject\",\"inLanguage\":\"fr-FR\",\"@id\":\"https:\\\/\\\/secure.gravatar.com\\\/avatar\\\/58db22aee589a691f9603e5765ac06010427a923f9b2728b951eb7fe27214d70?s=96&d=mm&r=g\",\"url\":\"https:\\\/\\\/secure.gravatar.com\\\/avatar\\\/58db22aee589a691f9603e5765ac06010427a923f9b2728b951eb7fe27214d70?s=96&d=mm&r=g\",\"contentUrl\":\"https:\\\/\\\/secure.gravatar.com\\\/avatar\\\/58db22aee589a691f9603e5765ac06010427a923f9b2728b951eb7fe27214d70?s=96&d=mm&r=g\",\"caption\":\"Pauline Neerman\"},\"url\":\"https:\\\/\\\/www.retaildetail.be\\\/fr\\\/author\\\/paulineneerman\\\/\"}]}<\/script>\n<!-- \/ Yoast SEO plugin. -->","yoast_head_json":{"title":"Frits van Eerd choisit un nouvel avocat pour son appel - RetailDetail BE","description":"L'ancien PDG de Jumbo, Frits van Eerd, change d'avocat pour faire appel de sa condamnation \u00e0 deux ans de prison.","robots":{"index":"index","follow":"follow","max-snippet":"max-snippet:-1","max-image-preview":"max-image-preview:large","max-video-preview":"max-video-preview:-1"},"canonical":"https:\/\/www.retaildetail.be\/fr\/news\/food\/frits-van-eerd-choisit-un-nouvel-avocat-pour-son-appel\/","og_locale":"fr_FR","og_type":"article","og_title":"Frits van Eerd choisit un nouvel avocat pour son appel - RetailDetail BE","og_description":"L'ancien PDG de Jumbo, Frits van Eerd, change d'avocat pour faire appel de sa condamnation \u00e0 deux ans de prison.","og_url":"https:\/\/www.retaildetail.be\/fr\/news\/food\/frits-van-eerd-choisit-un-nouvel-avocat-pour-son-appel\/","og_site_name":"RetailDetail BE","article_published_time":"2025-10-23T14:38:41+00:00","article_modified_time":"2025-10-23T14:38:42+00:00","og_image":[{"width":1327,"height":864,"url":"https:\/\/www.retaildetail.be\/wp-content\/uploads\/2025\/10\/Frits-van-Eerd-Jumbo-2_0.jpg","type":"image\/jpeg"}],"author":"Pauline Neerman","twitter_card":"summary_large_image","twitter_misc":{"\u00c9crit par":"Pauline Neerman","Dur\u00e9e de lecture estim\u00e9e":"1 minute"},"schema":{"@context":"https:\/\/schema.org","@graph":[{"@type":"NewsArticle","@id":"https:\/\/www.retaildetail.be\/fr\/news\/food\/frits-van-eerd-choisit-un-nouvel-avocat-pour-son-appel\/#article","isPartOf":{"@id":"https:\/\/www.retaildetail.be\/fr\/news\/food\/frits-van-eerd-choisit-un-nouvel-avocat-pour-son-appel\/"},"author":{"name":"Pauline Neerman","@id":"https:\/\/www.retaildetail.be\/nl\/#\/schema\/person\/66b54803fa10759039079458ea89e307"},"headline":"Frits van Eerd choisit un nouvel avocat pour son appel","datePublished":"2025-10-23T14:38:41+00:00","dateModified":"2025-10-23T14:38:42+00:00","mainEntityOfPage":{"@id":"https:\/\/www.retaildetail.be\/fr\/news\/food\/frits-van-eerd-choisit-un-nouvel-avocat-pour-son-appel\/"},"wordCount":310,"publisher":{"@id":"https:\/\/www.retaildetail.be\/nl\/#organization"},"image":{"@id":"https:\/\/www.retaildetail.be\/fr\/news\/food\/frits-van-eerd-choisit-un-nouvel-avocat-pour-son-appel\/#primaryimage"},"thumbnailUrl":"https:\/\/www.retaildetail.be\/wp-content\/uploads\/2025\/10\/Frits-van-Eerd-Jumbo-2_0.jpg","articleSection":["Food","Food"],"inLanguage":"fr-FR","copyrightYear":"2025","copyrightHolder":{"@id":"https:\/\/www.retaildetail.be\/#organization"}},{"@type":"WebPage","@id":"https:\/\/www.retaildetail.be\/fr\/news\/food\/frits-van-eerd-choisit-un-nouvel-avocat-pour-son-appel\/","url":"https:\/\/www.retaildetail.be\/fr\/news\/food\/frits-van-eerd-choisit-un-nouvel-avocat-pour-son-appel\/","name":"Frits van Eerd choisit un nouvel avocat pour son appel - RetailDetail BE","isPartOf":{"@id":"https:\/\/www.retaildetail.be\/nl\/#website"},"primaryImageOfPage":{"@id":"https:\/\/www.retaildetail.be\/fr\/news\/food\/frits-van-eerd-choisit-un-nouvel-avocat-pour-son-appel\/#primaryimage"},"image":{"@id":"https:\/\/www.retaildetail.be\/fr\/news\/food\/frits-van-eerd-choisit-un-nouvel-avocat-pour-son-appel\/#primaryimage"},"thumbnailUrl":"https:\/\/www.retaildetail.be\/wp-content\/uploads\/2025\/10\/Frits-van-Eerd-Jumbo-2_0.jpg","datePublished":"2025-10-23T14:38:41+00:00","dateModified":"2025-10-23T14:38:42+00:00","description":"L'ancien PDG de Jumbo, Frits van Eerd, change d'avocat pour faire appel de sa condamnation \u00e0 deux ans de prison.","breadcrumb":{"@id":"https:\/\/www.retaildetail.be\/fr\/news\/food\/frits-van-eerd-choisit-un-nouvel-avocat-pour-son-appel\/#breadcrumb"},"inLanguage":"fr-FR","potentialAction":[{"@type":"ReadAction","target":["https:\/\/www.retaildetail.be\/fr\/news\/food\/frits-van-eerd-choisit-un-nouvel-avocat-pour-son-appel\/"]}]},{"@type":"ImageObject","inLanguage":"fr-FR","@id":"https:\/\/www.retaildetail.be\/fr\/news\/food\/frits-van-eerd-choisit-un-nouvel-avocat-pour-son-appel\/#primaryimage","url":"https:\/\/www.retaildetail.be\/wp-content\/uploads\/2025\/10\/Frits-van-Eerd-Jumbo-2_0.jpg","contentUrl":"https:\/\/www.retaildetail.be\/wp-content\/uploads\/2025\/10\/Frits-van-Eerd-Jumbo-2_0.jpg","width":1327,"height":864},{"@type":"BreadcrumbList","@id":"https:\/\/www.retaildetail.be\/fr\/news\/food\/frits-van-eerd-choisit-un-nouvel-avocat-pour-son-appel\/#breadcrumb","itemListElement":[{"@type":"ListItem","position":1,"name":"Home","item":"https:\/\/www.retaildetail.be\/fr\/"},{"@type":"ListItem","position":2,"name":"Frits van Eerd choisit un nouvel avocat pour son appel"}]},{"@type":"WebSite","@id":"https:\/\/www.retaildetail.be\/nl\/#website","url":"https:\/\/www.retaildetail.be\/nl\/","name":"RetailDetail BE","description":"News","publisher":{"@id":"https:\/\/www.retaildetail.be\/nl\/#organization"},"potentialAction":[{"@type":"SearchAction","target":{"@type":"EntryPoint","urlTemplate":"https:\/\/www.retaildetail.be\/nl\/?s={search_term_string}"},"query-input":{"@type":"PropertyValueSpecification","valueRequired":true,"valueName":"search_term_string"}}],"inLanguage":"fr-FR"},{"@type":"Organization","@id":"https:\/\/www.retaildetail.be\/nl\/#organization","name":"RetailDetail BE","url":"https:\/\/www.retaildetail.be\/nl\/","logo":{"@type":"ImageObject","inLanguage":"fr-FR","@id":"https:\/\/www.retaildetail.be\/nl\/#\/schema\/logo\/image\/","url":"https:\/\/www.retaildetail.be\/wp-content\/uploads\/2022\/04\/logo.svg","contentUrl":"https:\/\/www.retaildetail.be\/wp-content\/uploads\/2022\/04\/logo.svg","width":131,"height":70,"caption":"RetailDetail BE"},"image":{"@id":"https:\/\/www.retaildetail.be\/nl\/#\/schema\/logo\/image\/"}},{"@type":"Person","@id":"https:\/\/www.retaildetail.be\/nl\/#\/schema\/person\/66b54803fa10759039079458ea89e307","name":"Pauline Neerman","image":{"@type":"ImageObject","inLanguage":"fr-FR","@id":"https:\/\/secure.gravatar.com\/avatar\/58db22aee589a691f9603e5765ac06010427a923f9b2728b951eb7fe27214d70?s=96&d=mm&r=g","url":"https:\/\/secure.gravatar.com\/avatar\/58db22aee589a691f9603e5765ac06010427a923f9b2728b951eb7fe27214d70?s=96&d=mm&r=g","contentUrl":"https:\/\/secure.gravatar.com\/avatar\/58db22aee589a691f9603e5765ac06010427a923f9b2728b951eb7fe27214d70?s=96&d=mm&r=g","caption":"Pauline Neerman"},"url":"https:\/\/www.retaildetail.be\/fr\/author\/paulineneerman\/"}]}},"jetpack_featured_media_url":"https:\/\/www.retaildetail.be\/wp-content\/uploads\/2025\/10\/Frits-van-Eerd-Jumbo-2_0.jpg","jetpack_sharing_enabled":true,"_links":{"self":[{"href":"https:\/\/www.retaildetail.be\/fr\/wp-json\/wp\/v2\/posts\/132539","targetHints":{"allow":["GET"]}}],"collection":[{"href":"https:\/\/www.retaildetail.be\/fr\/wp-json\/wp\/v2\/posts"}],"about":[{"href":"https:\/\/www.retaildetail.be\/fr\/wp-json\/wp\/v2\/types\/post"}],"author":[{"embeddable":true,"href":"https:\/\/www.retaildetail.be\/fr\/wp-json\/wp\/v2\/users\/5"}],"replies":[{"embeddable":true,"href":"https:\/\/www.retaildetail.be\/fr\/wp-json\/wp\/v2\/comments?post=132539"}],"version-history":[{"count":1,"href":"https:\/\/www.retaildetail.be\/fr\/wp-json\/wp\/v2\/posts\/132539\/revisions"}],"predecessor-version":[{"id":132544,"href":"https:\/\/www.retaildetail.be\/fr\/wp-json\/wp\/v2\/posts\/132539\/revisions\/132544"}],"wp:featuredmedia":[{"embeddable":true,"href":"https:\/\/www.retaildetail.be\/fr\/wp-json\/wp\/v2\/media\/132540"}],"wp:attachment":[{"href":"https:\/\/www.retaildetail.be\/fr\/wp-json\/wp\/v2\/media?parent=132539"}],"wp:term":[{"taxonomy":"category","embeddable":true,"href":"https:\/\/www.retaildetail.be\/fr\/wp-json\/wp\/v2\/categories?post=132539"},{"taxonomy":"post_tag","embeddable":true,"href":"https:\/\/www.retaildetail.be\/fr\/wp-json\/wp\/v2\/tags?post=132539"},{"taxonomy":"people","embeddable":true,"href":"https:\/\/www.retaildetail.be\/fr\/wp-json\/wp\/v2\/people?post=132539"},{"taxonomy":"extra","embeddable":true,"href":"https:\/\/www.retaildetail.be\/fr\/wp-json\/wp\/v2\/extra?post=132539"},{"taxonomy":"company","embeddable":true,"href":"https:\/\/www.retaildetail.be\/fr\/wp-json\/wp\/v2\/company?post=132539"},{"taxonomy":"topic","embeddable":true,"href":"https:\/\/www.retaildetail.be\/fr\/wp-json\/wp\/v2\/topic?post=132539"},{"taxonomy":"region","embeddable":true,"href":"https:\/\/www.retaildetail.be\/fr\/wp-json\/wp\/v2\/region?post=132539"}],"curies":[{"name":"wp","href":"https:\/\/api.w.org\/{rel}","templated":true}]}}