{"id":132599,"date":"2025-10-24T11:49:58","date_gmt":"2025-10-24T09:49:58","guid":{"rendered":"https:\/\/www.retaildetail.be\/?p=132599"},"modified":"2025-10-24T11:50:00","modified_gmt":"2025-10-24T09:50:00","slug":"carrefour-prepare-la-vente-de-sa-filiale-roumaine","status":"publish","type":"post","link":"https:\/\/www.retaildetail.be\/fr\/news\/food\/carrefour-prepare-la-vente-de-sa-filiale-roumaine\/","title":{"rendered":"Carrefour pr\u00e9pare la vente de sa filiale roumaine"},"content":{"rendered":"\n<p><strong>Carrefour <\/strong>aurait charg\u00e9 la banque BNP Paribas de trouver un repreneur pour ses magasins roumains. Le distributeur alimentaire proc\u00e8de actuellement \u00e0 une \u00e9valuation strat\u00e9gique de ses activit\u00e9s internationales.<\/p>\n\n\n\n<h2 class=\"wp-block-heading\">Pas vraiment une surprise<\/h2>\n\n\n\n<p>Carrefour n&rsquo;a pas encore confirm\u00e9 la nouvelle, mais selon le magazine fran\u00e7ais L&rsquo;Inform\u00e9, le distributeur aurait bel et bien d\u00e9cid\u00e9 <a href=\"https:\/\/www.linforme.com\/grande-conso\/article\/carrefour-prepare-la-vente-de-ses-magasins-en-roumanie_3333.html\">de vendre<\/a> ses activit\u00e9s en Roumanie. Ce n&rsquo;est pas vraiment une surprise. Le distributeur avait d\u00e9j\u00e0 annonc\u00e9 plus t\u00f4t cette ann\u00e9e une r\u00e9vision en profondeur de son portefeuille. En juillet, <a href=\"https:\/\/www.retaildetail.be\/fr\/news\/food\/carrefour-cedesa-branche-italienne-a-newprinces-group\/\">le groupe a vendu sa branche italienne<\/a>, qui compte environ 1 200 magasins, au groupe NewPrinces. La banque d&rsquo;affaires JP Morgan aurait \u00e9t\u00e9 charg\u00e9e de vendre les activit\u00e9s polonaises, tandis que la Deutsche Bank <a href=\"https:\/\/www.retaildetail.be\/fr\/news\/food\/carrefour-remanie-son-portefeuille-international-la-pologne-en-vitrine-la-belgique-en-danger\/\">doit pr\u00e9parer la vente des activit\u00e9s argentines<\/a>.<\/p>\n\n\n\n<p>En Roumanie, Carrefour a annonc\u00e9 cette semaine une croissance comparable de son chiffre d&rsquo;affaires de 0,2 % au troisi\u00e8me trimestre. Au cours des neuf premiers mois de l&rsquo;ann\u00e9e, le d\u00e9taillant y a r\u00e9alis\u00e9 un chiffre d&rsquo;affaires de 2,2 milliards d&rsquo;euros, soit une croissance de 1,9 %.<\/p>\n","protected":false},"excerpt":{"rendered":"<p>Carrefour aurait charg\u00e9 la banque BNP Paribas de trouver un repreneur pour ses magasins roumains. Le distributeur alimentaire proc\u00e8de actuellement \u00e0 une \u00e9valuation strat\u00e9gique de ses activit\u00e9s internationales. <\/p>\n","protected":false},"author":3,"featured_media":132600,"comment_status":"closed","ping_status":"closed","sticky":false,"template":"","format":"standard","meta":{"_acf_changed":false,"inline_featured_image":false,"_jetpack_memberships_contains_paid_content":false,"footnotes":""},"categories":[18,24],"tags":[],"people":[],"extra":[],"company":[87],"topic":[282],"region":[243],"class_list":{"0":"post-132599","1":"post","2":"type-post","3":"status-publish","4":"format-standard","5":"has-post-thumbnail","6":"hentry","7":"category-food","9":"company-carrefour","10":"topic-acquisition","11":"region-europe"},"acf":[],"yoast_head":"<!-- This site is optimized with the Yoast SEO plugin v27.3 - https:\/\/yoast.com\/product\/yoast-seo-wordpress\/ -->\n<title>Carrefour pr\u00e9pare la vente de sa filiale roumaine - RetailDetail BE<\/title>\n<meta name=\"description\" content=\"Carrefour aurait charg\u00e9 la banque BNP Paribas de trouver un repreneur pour ses magasins roumains.\" \/>\n<meta name=\"robots\" content=\"index, follow, max-snippet:-1, max-image-preview:large, max-video-preview:-1\" \/>\n<link rel=\"canonical\" href=\"https:\/\/www.retaildetail.be\/fr\/news\/food\/carrefour-prepare-la-vente-de-sa-filiale-roumaine\/\" \/>\n<meta property=\"og:locale\" content=\"fr_FR\" \/>\n<meta property=\"og:type\" content=\"article\" \/>\n<meta property=\"og:title\" content=\"Carrefour pr\u00e9pare la vente de sa filiale roumaine - RetailDetail BE\" \/>\n<meta property=\"og:description\" content=\"Carrefour aurait charg\u00e9 la banque BNP Paribas de trouver un repreneur pour ses magasins roumains.\" \/>\n<meta property=\"og:url\" content=\"https:\/\/www.retaildetail.be\/fr\/news\/food\/carrefour-prepare-la-vente-de-sa-filiale-roumaine\/\" \/>\n<meta property=\"og:site_name\" content=\"RetailDetail BE\" \/>\n<meta property=\"article:published_time\" content=\"2025-10-24T09:49:58+00:00\" \/>\n<meta property=\"article:modified_time\" content=\"2025-10-24T09:50:00+00:00\" \/>\n<meta property=\"og:image\" content=\"https:\/\/www.retaildetail.be\/wp-content\/uploads\/2025\/10\/shutterstock_212626114-1.jpg\" \/>\n\t<meta property=\"og:image:width\" content=\"1000\" \/>\n\t<meta property=\"og:image:height\" content=\"664\" \/>\n\t<meta property=\"og:image:type\" content=\"image\/jpeg\" \/>\n<meta name=\"author\" content=\"Stefan Van Rompaey\" \/>\n<meta name=\"twitter:card\" content=\"summary_large_image\" \/>\n<meta name=\"twitter:label1\" content=\"\u00c9crit par\" \/>\n\t<meta name=\"twitter:data1\" content=\"Stefan Van Rompaey\" \/>\n\t<meta name=\"twitter:label2\" content=\"Dur\u00e9e de lecture estim\u00e9e\" \/>\n\t<meta name=\"twitter:data2\" content=\"1 minute\" \/>\n<script type=\"application\/ld+json\" class=\"yoast-schema-graph\">{\"@context\":\"https:\\\/\\\/schema.org\",\"@graph\":[{\"@type\":\"NewsArticle\",\"@id\":\"https:\\\/\\\/www.retaildetail.be\\\/fr\\\/news\\\/food\\\/carrefour-prepare-la-vente-de-sa-filiale-roumaine\\\/#article\",\"isPartOf\":{\"@id\":\"https:\\\/\\\/www.retaildetail.be\\\/fr\\\/news\\\/food\\\/carrefour-prepare-la-vente-de-sa-filiale-roumaine\\\/\"},\"author\":{\"name\":\"Stefan Van Rompaey\",\"@id\":\"https:\\\/\\\/www.retaildetail.be\\\/nl\\\/#\\\/schema\\\/person\\\/51aec6069c4416aa2f68b2e4ff3455df\"},\"headline\":\"Carrefour pr\u00e9pare la vente de sa filiale roumaine\",\"datePublished\":\"2025-10-24T09:49:58+00:00\",\"dateModified\":\"2025-10-24T09:50:00+00:00\",\"mainEntityOfPage\":{\"@id\":\"https:\\\/\\\/www.retaildetail.be\\\/fr\\\/news\\\/food\\\/carrefour-prepare-la-vente-de-sa-filiale-roumaine\\\/\"},\"wordCount\":196,\"publisher\":{\"@id\":\"https:\\\/\\\/www.retaildetail.be\\\/nl\\\/#organization\"},\"image\":{\"@id\":\"https:\\\/\\\/www.retaildetail.be\\\/fr\\\/news\\\/food\\\/carrefour-prepare-la-vente-de-sa-filiale-roumaine\\\/#primaryimage\"},\"thumbnailUrl\":\"https:\\\/\\\/www.retaildetail.be\\\/wp-content\\\/uploads\\\/2025\\\/10\\\/shutterstock_212626114-1.jpg\",\"articleSection\":[\"Food\",\"Food\"],\"inLanguage\":\"fr-FR\",\"copyrightYear\":\"2025\",\"copyrightHolder\":{\"@id\":\"https:\\\/\\\/www.retaildetail.be\\\/#organization\"}},{\"@type\":\"WebPage\",\"@id\":\"https:\\\/\\\/www.retaildetail.be\\\/fr\\\/news\\\/food\\\/carrefour-prepare-la-vente-de-sa-filiale-roumaine\\\/\",\"url\":\"https:\\\/\\\/www.retaildetail.be\\\/fr\\\/news\\\/food\\\/carrefour-prepare-la-vente-de-sa-filiale-roumaine\\\/\",\"name\":\"Carrefour pr\u00e9pare la vente de sa filiale roumaine - RetailDetail BE\",\"isPartOf\":{\"@id\":\"https:\\\/\\\/www.retaildetail.be\\\/nl\\\/#website\"},\"primaryImageOfPage\":{\"@id\":\"https:\\\/\\\/www.retaildetail.be\\\/fr\\\/news\\\/food\\\/carrefour-prepare-la-vente-de-sa-filiale-roumaine\\\/#primaryimage\"},\"image\":{\"@id\":\"https:\\\/\\\/www.retaildetail.be\\\/fr\\\/news\\\/food\\\/carrefour-prepare-la-vente-de-sa-filiale-roumaine\\\/#primaryimage\"},\"thumbnailUrl\":\"https:\\\/\\\/www.retaildetail.be\\\/wp-content\\\/uploads\\\/2025\\\/10\\\/shutterstock_212626114-1.jpg\",\"datePublished\":\"2025-10-24T09:49:58+00:00\",\"dateModified\":\"2025-10-24T09:50:00+00:00\",\"description\":\"Carrefour aurait charg\u00e9 la banque BNP Paribas de trouver un repreneur pour ses magasins roumains.\",\"breadcrumb\":{\"@id\":\"https:\\\/\\\/www.retaildetail.be\\\/fr\\\/news\\\/food\\\/carrefour-prepare-la-vente-de-sa-filiale-roumaine\\\/#breadcrumb\"},\"inLanguage\":\"fr-FR\",\"potentialAction\":[{\"@type\":\"ReadAction\",\"target\":[\"https:\\\/\\\/www.retaildetail.be\\\/fr\\\/news\\\/food\\\/carrefour-prepare-la-vente-de-sa-filiale-roumaine\\\/\"]}]},{\"@type\":\"ImageObject\",\"inLanguage\":\"fr-FR\",\"@id\":\"https:\\\/\\\/www.retaildetail.be\\\/fr\\\/news\\\/food\\\/carrefour-prepare-la-vente-de-sa-filiale-roumaine\\\/#primaryimage\",\"url\":\"https:\\\/\\\/www.retaildetail.be\\\/wp-content\\\/uploads\\\/2025\\\/10\\\/shutterstock_212626114-1.jpg\",\"contentUrl\":\"https:\\\/\\\/www.retaildetail.be\\\/wp-content\\\/uploads\\\/2025\\\/10\\\/shutterstock_212626114-1.jpg\",\"width\":1000,\"height\":664,\"caption\":\"Shutterstock.com\"},{\"@type\":\"BreadcrumbList\",\"@id\":\"https:\\\/\\\/www.retaildetail.be\\\/fr\\\/news\\\/food\\\/carrefour-prepare-la-vente-de-sa-filiale-roumaine\\\/#breadcrumb\",\"itemListElement\":[{\"@type\":\"ListItem\",\"position\":1,\"name\":\"Home\",\"item\":\"https:\\\/\\\/www.retaildetail.be\\\/fr\\\/\"},{\"@type\":\"ListItem\",\"position\":2,\"name\":\"Carrefour pr\u00e9pare la vente de sa filiale roumaine\"}]},{\"@type\":\"WebSite\",\"@id\":\"https:\\\/\\\/www.retaildetail.be\\\/nl\\\/#website\",\"url\":\"https:\\\/\\\/www.retaildetail.be\\\/nl\\\/\",\"name\":\"RetailDetail BE\",\"description\":\"News\",\"publisher\":{\"@id\":\"https:\\\/\\\/www.retaildetail.be\\\/nl\\\/#organization\"},\"potentialAction\":[{\"@type\":\"SearchAction\",\"target\":{\"@type\":\"EntryPoint\",\"urlTemplate\":\"https:\\\/\\\/www.retaildetail.be\\\/nl\\\/?s={search_term_string}\"},\"query-input\":{\"@type\":\"PropertyValueSpecification\",\"valueRequired\":true,\"valueName\":\"search_term_string\"}}],\"inLanguage\":\"fr-FR\"},{\"@type\":\"Organization\",\"@id\":\"https:\\\/\\\/www.retaildetail.be\\\/nl\\\/#organization\",\"name\":\"RetailDetail BE\",\"url\":\"https:\\\/\\\/www.retaildetail.be\\\/nl\\\/\",\"logo\":{\"@type\":\"ImageObject\",\"inLanguage\":\"fr-FR\",\"@id\":\"https:\\\/\\\/www.retaildetail.be\\\/nl\\\/#\\\/schema\\\/logo\\\/image\\\/\",\"url\":\"https:\\\/\\\/www.retaildetail.be\\\/wp-content\\\/uploads\\\/2022\\\/04\\\/logo.svg\",\"contentUrl\":\"https:\\\/\\\/www.retaildetail.be\\\/wp-content\\\/uploads\\\/2022\\\/04\\\/logo.svg\",\"width\":131,\"height\":70,\"caption\":\"RetailDetail BE\"},\"image\":{\"@id\":\"https:\\\/\\\/www.retaildetail.be\\\/nl\\\/#\\\/schema\\\/logo\\\/image\\\/\"}},{\"@type\":\"Person\",\"@id\":\"https:\\\/\\\/www.retaildetail.be\\\/nl\\\/#\\\/schema\\\/person\\\/51aec6069c4416aa2f68b2e4ff3455df\",\"name\":\"Stefan Van Rompaey\",\"image\":{\"@type\":\"ImageObject\",\"inLanguage\":\"fr-FR\",\"@id\":\"https:\\\/\\\/secure.gravatar.com\\\/avatar\\\/fbbb4a80a0f109888b2a5ab8ae255617499ecde533749b3ab2fa6c23b5d65dac?s=96&d=mm&r=g\",\"url\":\"https:\\\/\\\/secure.gravatar.com\\\/avatar\\\/fbbb4a80a0f109888b2a5ab8ae255617499ecde533749b3ab2fa6c23b5d65dac?s=96&d=mm&r=g\",\"contentUrl\":\"https:\\\/\\\/secure.gravatar.com\\\/avatar\\\/fbbb4a80a0f109888b2a5ab8ae255617499ecde533749b3ab2fa6c23b5d65dac?s=96&d=mm&r=g\",\"caption\":\"Stefan Van Rompaey\"},\"url\":\"https:\\\/\\\/www.retaildetail.be\\\/fr\\\/author\\\/stefanvanrompaey\\\/\"}]}<\/script>\n<!-- \/ Yoast SEO plugin. -->","yoast_head_json":{"title":"Carrefour pr\u00e9pare la vente de sa filiale roumaine - RetailDetail BE","description":"Carrefour aurait charg\u00e9 la banque BNP Paribas de trouver un repreneur pour ses magasins roumains.","robots":{"index":"index","follow":"follow","max-snippet":"max-snippet:-1","max-image-preview":"max-image-preview:large","max-video-preview":"max-video-preview:-1"},"canonical":"https:\/\/www.retaildetail.be\/fr\/news\/food\/carrefour-prepare-la-vente-de-sa-filiale-roumaine\/","og_locale":"fr_FR","og_type":"article","og_title":"Carrefour pr\u00e9pare la vente de sa filiale roumaine - RetailDetail BE","og_description":"Carrefour aurait charg\u00e9 la banque BNP Paribas de trouver un repreneur pour ses magasins roumains.","og_url":"https:\/\/www.retaildetail.be\/fr\/news\/food\/carrefour-prepare-la-vente-de-sa-filiale-roumaine\/","og_site_name":"RetailDetail BE","article_published_time":"2025-10-24T09:49:58+00:00","article_modified_time":"2025-10-24T09:50:00+00:00","og_image":[{"width":1000,"height":664,"url":"https:\/\/www.retaildetail.be\/wp-content\/uploads\/2025\/10\/shutterstock_212626114-1.jpg","type":"image\/jpeg"}],"author":"Stefan Van Rompaey","twitter_card":"summary_large_image","twitter_misc":{"\u00c9crit par":"Stefan Van Rompaey","Dur\u00e9e de lecture estim\u00e9e":"1 minute"},"schema":{"@context":"https:\/\/schema.org","@graph":[{"@type":"NewsArticle","@id":"https:\/\/www.retaildetail.be\/fr\/news\/food\/carrefour-prepare-la-vente-de-sa-filiale-roumaine\/#article","isPartOf":{"@id":"https:\/\/www.retaildetail.be\/fr\/news\/food\/carrefour-prepare-la-vente-de-sa-filiale-roumaine\/"},"author":{"name":"Stefan Van Rompaey","@id":"https:\/\/www.retaildetail.be\/nl\/#\/schema\/person\/51aec6069c4416aa2f68b2e4ff3455df"},"headline":"Carrefour pr\u00e9pare la vente de sa filiale roumaine","datePublished":"2025-10-24T09:49:58+00:00","dateModified":"2025-10-24T09:50:00+00:00","mainEntityOfPage":{"@id":"https:\/\/www.retaildetail.be\/fr\/news\/food\/carrefour-prepare-la-vente-de-sa-filiale-roumaine\/"},"wordCount":196,"publisher":{"@id":"https:\/\/www.retaildetail.be\/nl\/#organization"},"image":{"@id":"https:\/\/www.retaildetail.be\/fr\/news\/food\/carrefour-prepare-la-vente-de-sa-filiale-roumaine\/#primaryimage"},"thumbnailUrl":"https:\/\/www.retaildetail.be\/wp-content\/uploads\/2025\/10\/shutterstock_212626114-1.jpg","articleSection":["Food","Food"],"inLanguage":"fr-FR","copyrightYear":"2025","copyrightHolder":{"@id":"https:\/\/www.retaildetail.be\/#organization"}},{"@type":"WebPage","@id":"https:\/\/www.retaildetail.be\/fr\/news\/food\/carrefour-prepare-la-vente-de-sa-filiale-roumaine\/","url":"https:\/\/www.retaildetail.be\/fr\/news\/food\/carrefour-prepare-la-vente-de-sa-filiale-roumaine\/","name":"Carrefour pr\u00e9pare la vente de sa filiale roumaine - RetailDetail BE","isPartOf":{"@id":"https:\/\/www.retaildetail.be\/nl\/#website"},"primaryImageOfPage":{"@id":"https:\/\/www.retaildetail.be\/fr\/news\/food\/carrefour-prepare-la-vente-de-sa-filiale-roumaine\/#primaryimage"},"image":{"@id":"https:\/\/www.retaildetail.be\/fr\/news\/food\/carrefour-prepare-la-vente-de-sa-filiale-roumaine\/#primaryimage"},"thumbnailUrl":"https:\/\/www.retaildetail.be\/wp-content\/uploads\/2025\/10\/shutterstock_212626114-1.jpg","datePublished":"2025-10-24T09:49:58+00:00","dateModified":"2025-10-24T09:50:00+00:00","description":"Carrefour aurait charg\u00e9 la banque BNP Paribas de trouver un repreneur pour ses magasins roumains.","breadcrumb":{"@id":"https:\/\/www.retaildetail.be\/fr\/news\/food\/carrefour-prepare-la-vente-de-sa-filiale-roumaine\/#breadcrumb"},"inLanguage":"fr-FR","potentialAction":[{"@type":"ReadAction","target":["https:\/\/www.retaildetail.be\/fr\/news\/food\/carrefour-prepare-la-vente-de-sa-filiale-roumaine\/"]}]},{"@type":"ImageObject","inLanguage":"fr-FR","@id":"https:\/\/www.retaildetail.be\/fr\/news\/food\/carrefour-prepare-la-vente-de-sa-filiale-roumaine\/#primaryimage","url":"https:\/\/www.retaildetail.be\/wp-content\/uploads\/2025\/10\/shutterstock_212626114-1.jpg","contentUrl":"https:\/\/www.retaildetail.be\/wp-content\/uploads\/2025\/10\/shutterstock_212626114-1.jpg","width":1000,"height":664,"caption":"Shutterstock.com"},{"@type":"BreadcrumbList","@id":"https:\/\/www.retaildetail.be\/fr\/news\/food\/carrefour-prepare-la-vente-de-sa-filiale-roumaine\/#breadcrumb","itemListElement":[{"@type":"ListItem","position":1,"name":"Home","item":"https:\/\/www.retaildetail.be\/fr\/"},{"@type":"ListItem","position":2,"name":"Carrefour pr\u00e9pare la vente de sa filiale roumaine"}]},{"@type":"WebSite","@id":"https:\/\/www.retaildetail.be\/nl\/#website","url":"https:\/\/www.retaildetail.be\/nl\/","name":"RetailDetail BE","description":"News","publisher":{"@id":"https:\/\/www.retaildetail.be\/nl\/#organization"},"potentialAction":[{"@type":"SearchAction","target":{"@type":"EntryPoint","urlTemplate":"https:\/\/www.retaildetail.be\/nl\/?s={search_term_string}"},"query-input":{"@type":"PropertyValueSpecification","valueRequired":true,"valueName":"search_term_string"}}],"inLanguage":"fr-FR"},{"@type":"Organization","@id":"https:\/\/www.retaildetail.be\/nl\/#organization","name":"RetailDetail BE","url":"https:\/\/www.retaildetail.be\/nl\/","logo":{"@type":"ImageObject","inLanguage":"fr-FR","@id":"https:\/\/www.retaildetail.be\/nl\/#\/schema\/logo\/image\/","url":"https:\/\/www.retaildetail.be\/wp-content\/uploads\/2022\/04\/logo.svg","contentUrl":"https:\/\/www.retaildetail.be\/wp-content\/uploads\/2022\/04\/logo.svg","width":131,"height":70,"caption":"RetailDetail BE"},"image":{"@id":"https:\/\/www.retaildetail.be\/nl\/#\/schema\/logo\/image\/"}},{"@type":"Person","@id":"https:\/\/www.retaildetail.be\/nl\/#\/schema\/person\/51aec6069c4416aa2f68b2e4ff3455df","name":"Stefan Van Rompaey","image":{"@type":"ImageObject","inLanguage":"fr-FR","@id":"https:\/\/secure.gravatar.com\/avatar\/fbbb4a80a0f109888b2a5ab8ae255617499ecde533749b3ab2fa6c23b5d65dac?s=96&d=mm&r=g","url":"https:\/\/secure.gravatar.com\/avatar\/fbbb4a80a0f109888b2a5ab8ae255617499ecde533749b3ab2fa6c23b5d65dac?s=96&d=mm&r=g","contentUrl":"https:\/\/secure.gravatar.com\/avatar\/fbbb4a80a0f109888b2a5ab8ae255617499ecde533749b3ab2fa6c23b5d65dac?s=96&d=mm&r=g","caption":"Stefan Van Rompaey"},"url":"https:\/\/www.retaildetail.be\/fr\/author\/stefanvanrompaey\/"}]}},"jetpack_featured_media_url":"https:\/\/www.retaildetail.be\/wp-content\/uploads\/2025\/10\/shutterstock_212626114-1.jpg","jetpack_sharing_enabled":true,"_links":{"self":[{"href":"https:\/\/www.retaildetail.be\/fr\/wp-json\/wp\/v2\/posts\/132599","targetHints":{"allow":["GET"]}}],"collection":[{"href":"https:\/\/www.retaildetail.be\/fr\/wp-json\/wp\/v2\/posts"}],"about":[{"href":"https:\/\/www.retaildetail.be\/fr\/wp-json\/wp\/v2\/types\/post"}],"author":[{"embeddable":true,"href":"https:\/\/www.retaildetail.be\/fr\/wp-json\/wp\/v2\/users\/3"}],"replies":[{"embeddable":true,"href":"https:\/\/www.retaildetail.be\/fr\/wp-json\/wp\/v2\/comments?post=132599"}],"version-history":[{"count":1,"href":"https:\/\/www.retaildetail.be\/fr\/wp-json\/wp\/v2\/posts\/132599\/revisions"}],"predecessor-version":[{"id":132602,"href":"https:\/\/www.retaildetail.be\/fr\/wp-json\/wp\/v2\/posts\/132599\/revisions\/132602"}],"wp:featuredmedia":[{"embeddable":true,"href":"https:\/\/www.retaildetail.be\/fr\/wp-json\/wp\/v2\/media\/132600"}],"wp:attachment":[{"href":"https:\/\/www.retaildetail.be\/fr\/wp-json\/wp\/v2\/media?parent=132599"}],"wp:term":[{"taxonomy":"category","embeddable":true,"href":"https:\/\/www.retaildetail.be\/fr\/wp-json\/wp\/v2\/categories?post=132599"},{"taxonomy":"post_tag","embeddable":true,"href":"https:\/\/www.retaildetail.be\/fr\/wp-json\/wp\/v2\/tags?post=132599"},{"taxonomy":"people","embeddable":true,"href":"https:\/\/www.retaildetail.be\/fr\/wp-json\/wp\/v2\/people?post=132599"},{"taxonomy":"extra","embeddable":true,"href":"https:\/\/www.retaildetail.be\/fr\/wp-json\/wp\/v2\/extra?post=132599"},{"taxonomy":"company","embeddable":true,"href":"https:\/\/www.retaildetail.be\/fr\/wp-json\/wp\/v2\/company?post=132599"},{"taxonomy":"topic","embeddable":true,"href":"https:\/\/www.retaildetail.be\/fr\/wp-json\/wp\/v2\/topic?post=132599"},{"taxonomy":"region","embeddable":true,"href":"https:\/\/www.retaildetail.be\/fr\/wp-json\/wp\/v2\/region?post=132599"}],"curies":[{"name":"wp","href":"https:\/\/api.w.org\/{rel}","templated":true}]}}