{"id":132628,"date":"2025-10-24T14:57:01","date_gmt":"2025-10-24T12:57:01","guid":{"rendered":"https:\/\/www.retaildetail.be\/?p=132628"},"modified":"2025-10-24T14:57:03","modified_gmt":"2025-10-24T12:57:03","slug":"le-boulanger-de-jumbo-saisit-la-justice-pour-rupture-de-contrat","status":"publish","type":"post","link":"https:\/\/www.retaildetail.be\/fr\/news\/food\/le-boulanger-de-jumbo-saisit-la-justice-pour-rupture-de-contrat\/","title":{"rendered":"Le boulanger de Jumbo saisit la justice pour rupture de contrat"},"content":{"rendered":"\n<p><strong>Koninklijke Amarant Bakkers<\/strong>, fournisseur de pain de <strong>Jumbo<\/strong>, poursuit la cha\u00eene de supermarch\u00e9s en justice. Amarant faisait partie d&rsquo;un collectif qui fournissait Jumbo, mais qui met fin \u00e0 cette collaboration apr\u00e8s plus de vingt ans.<\/p>\n\n\n\n<h2 class=\"wp-block-heading\">Le collectif se s\u00e9pare apr\u00e8s 20 ans<\/h2>\n\n\n\n<p>Les tensions entre la cha\u00eene de supermarch\u00e9s Jumbo et ses fournisseurs continuent de s&rsquo;intensifier. Apr\u00e8s le conflit avec Heineken, Amarant poursuit d\u00e9sormais Jumbo en justice. Le boulanger de Hollande-Septentrionale estime que le supermarch\u00e9 a mis fin au contrat de mani\u00e8re trop abrupte et engage une proc\u00e9dure en r\u00e9f\u00e9r\u00e9 pour rupture de contrat.<\/p>\n\n\n\n<p>Jumbo a annonc\u00e9 <a href=\"https:\/\/www.retaildetail.be\/fr\/news\/food\/ongeziene-breuk-jumbo-wisselt-van-broodleverancier\/\">la fin de sa collaboration avec le collectif de boulangers <strong>Bake Five<\/strong><\/a>. \u00c0 partir de janvier 2026, le supermarch\u00e9 passera enti\u00e8rement \u00e0 <strong>Goedhart-Borgesius<\/strong>, qui, avec pr\u00e8s de 60 % de parts de march\u00e9, est le plus grand boulanger industriel des Pays-Bas et \u00e9galement le fournisseur d&rsquo;Albert Heijn. Ce changement devrait aider Jumbo \u00e0 r\u00e9duire ses co\u00fbts d&rsquo;achat alors que ses marges b\u00e9n\u00e9ficiaires sont sous pression.<\/p>\n\n\n\n<p>Cependant, cette rupture a \u00e9galement entra\u00een\u00e9 la dissolution de Bake Five : le partenariat prend fin maintenant que leur client commun dispara\u00eet. Il est \u00e0 noter que le nouveau fournisseur Goedhart a entre-temps cr\u00e9\u00e9 une coentreprise avec deux anciens membres de Bake Five, Bakkerij Bacu et Bakkerij Visser. Les autres membres, dont Koninklijke Amarant Bakkers, sont laiss\u00e9s pour compte.<\/p>\n\n\n\n<h2 class=\"wp-block-heading\">Une p\u00e9riode de transition trop courte<\/h2>\n\n\n\n<p>Selon Renee Pater, directrice d&rsquo;Amarant, la mani\u00e8re dont Jumbo r\u00e9silie le contrat est \u00ab<a href=\"https:\/\/fd.nl\/bedrijfsleven\/1574861\/huisbakker-jumbo-start-rechtszaak-tegen-supermarkt\">imprudente, d\u00e9raisonnable et ill\u00e9gale<\/a>\u00bb. \u00ab Compte tenu de la collaboration tr\u00e8s longue et sp\u00e9cifique pour laquelle nos boulangeries ont \u00e9t\u00e9 sp\u00e9cialement \u00e9quip\u00e9es, le d\u00e9lai de transition tr\u00e8s court impos\u00e9 par Jumbo est inacceptable. \u00bb<\/p>\n\n\n\n<p>Amarant Bakkers, qui a r\u00e9alis\u00e9 un chiffre d&rsquo;affaires de 106 millions d&rsquo;euros en 2024, poss\u00e8de plusieurs boulangeries, dont la plus grande produisait jusqu&rsquo;\u00e0 pr\u00e9sent exclusivement pour Jumbo. L&rsquo;entreprise affirme qu&rsquo;il lui faudra des mois pour adapter ces lignes de production \u00e0 de nouveaux clients et met en garde contre des pertes financi\u00e8res consid\u00e9rables si le contrat prend fin d\u00e8s janvier.<\/p>\n\n\n\n<p>Un porte-parole de Jumbo affirme que le supermarch\u00e9 \u00ab a respect\u00e9 le d\u00e9lai de pr\u00e9avis en vigueur et a communiqu\u00e9 bien \u00e0 l&rsquo;avance \u00bb. \u00ab Nous regrettons qu&rsquo;Amarant ne consid\u00e8re pas nos efforts comme suffisants, mais nous soutenons notre approche prudente \u00bb, d\u00e9clare Jumbo.<\/p>\n","protected":false},"excerpt":{"rendered":"<p>Koninklijke Amarant Bakkers, fournisseur de pain de Jumbo, poursuit la cha\u00eene de supermarch\u00e9s en justice. Amarant faisait partie d&rsquo;un collectif qui fournissait Jumbo, mais celui-ci met fin \u00e0 la collaboration apr\u00e8s plus de vingt ans.<\/p>\n","protected":false},"author":5,"featured_media":132629,"comment_status":"closed","ping_status":"closed","sticky":false,"template":"","format":"standard","meta":{"_acf_changed":false,"inline_featured_image":false,"_jetpack_memberships_contains_paid_content":false,"footnotes":""},"categories":[18,24],"tags":[],"people":[],"extra":[43],"company":[217],"topic":[242,756],"region":[524],"class_list":{"0":"post-132628","1":"post","2":"type-post","3":"status-publish","4":"format-standard","5":"has-post-thumbnail","6":"hentry","7":"category-food","9":"extra-plus","10":"company-jumbo","11":"topic-chaine-dapprovisionnement","12":"topic-litige","13":"region-pays-bas"},"acf":[],"yoast_head":"<!-- This site is optimized with the Yoast SEO plugin v27.3 - https:\/\/yoast.com\/product\/yoast-seo-wordpress\/ -->\n<title>Le boulanger de Jumbo saisit la justice pour rupture de contrat - RetailDetail BE<\/title>\n<meta name=\"description\" content=\"Koninklijke Amarant Bakkers, fournisseur de pain de Jumbo, poursuit la cha\u00eene de supermarch\u00e9s en justice.\" \/>\n<meta name=\"robots\" content=\"index, follow, max-snippet:-1, max-image-preview:large, max-video-preview:-1\" \/>\n<link rel=\"canonical\" href=\"https:\/\/www.retaildetail.be\/fr\/news\/food\/le-boulanger-de-jumbo-saisit-la-justice-pour-rupture-de-contrat\/\" \/>\n<meta property=\"og:locale\" content=\"fr_FR\" \/>\n<meta property=\"og:type\" content=\"article\" \/>\n<meta property=\"og:title\" content=\"Le boulanger de Jumbo saisit la justice pour rupture de contrat - RetailDetail BE\" \/>\n<meta property=\"og:description\" content=\"Koninklijke Amarant Bakkers, fournisseur de pain de Jumbo, poursuit la cha\u00eene de supermarch\u00e9s en justice.\" \/>\n<meta property=\"og:url\" content=\"https:\/\/www.retaildetail.be\/fr\/news\/food\/le-boulanger-de-jumbo-saisit-la-justice-pour-rupture-de-contrat\/\" \/>\n<meta property=\"og:site_name\" content=\"RetailDetail BE\" \/>\n<meta property=\"article:published_time\" content=\"2025-10-24T12:57:01+00:00\" \/>\n<meta property=\"article:modified_time\" content=\"2025-10-24T12:57:03+00:00\" \/>\n<meta property=\"og:image\" content=\"https:\/\/www.retaildetail.be\/wp-content\/uploads\/2025\/10\/jumbobelgie.jpg\" \/>\n\t<meta property=\"og:image:width\" content=\"800\" \/>\n\t<meta property=\"og:image:height\" content=\"533\" \/>\n\t<meta property=\"og:image:type\" content=\"image\/jpeg\" \/>\n<meta name=\"author\" content=\"Pauline Neerman\" \/>\n<meta name=\"twitter:card\" content=\"summary_large_image\" \/>\n<meta name=\"twitter:label1\" content=\"\u00c9crit par\" \/>\n\t<meta name=\"twitter:data1\" content=\"Pauline Neerman\" \/>\n\t<meta name=\"twitter:label2\" content=\"Dur\u00e9e de lecture estim\u00e9e\" \/>\n\t<meta name=\"twitter:data2\" content=\"2 minutes\" \/>\n<script type=\"application\/ld+json\" class=\"yoast-schema-graph\">{\"@context\":\"https:\\\/\\\/schema.org\",\"@graph\":[{\"@type\":\"NewsArticle\",\"@id\":\"https:\\\/\\\/www.retaildetail.be\\\/fr\\\/news\\\/food\\\/le-boulanger-de-jumbo-saisit-la-justice-pour-rupture-de-contrat\\\/#article\",\"isPartOf\":{\"@id\":\"https:\\\/\\\/www.retaildetail.be\\\/fr\\\/news\\\/food\\\/le-boulanger-de-jumbo-saisit-la-justice-pour-rupture-de-contrat\\\/\"},\"author\":{\"name\":\"Pauline Neerman\",\"@id\":\"https:\\\/\\\/www.retaildetail.be\\\/nl\\\/#\\\/schema\\\/person\\\/66b54803fa10759039079458ea89e307\"},\"headline\":\"Le boulanger de Jumbo saisit la justice pour rupture de contrat\",\"datePublished\":\"2025-10-24T12:57:01+00:00\",\"dateModified\":\"2025-10-24T12:57:03+00:00\",\"mainEntityOfPage\":{\"@id\":\"https:\\\/\\\/www.retaildetail.be\\\/fr\\\/news\\\/food\\\/le-boulanger-de-jumbo-saisit-la-justice-pour-rupture-de-contrat\\\/\"},\"wordCount\":423,\"publisher\":{\"@id\":\"https:\\\/\\\/www.retaildetail.be\\\/nl\\\/#organization\"},\"image\":{\"@id\":\"https:\\\/\\\/www.retaildetail.be\\\/fr\\\/news\\\/food\\\/le-boulanger-de-jumbo-saisit-la-justice-pour-rupture-de-contrat\\\/#primaryimage\"},\"thumbnailUrl\":\"https:\\\/\\\/www.retaildetail.be\\\/wp-content\\\/uploads\\\/2025\\\/10\\\/jumbobelgie.jpg\",\"articleSection\":[\"Food\",\"Food\"],\"inLanguage\":\"fr-FR\",\"copyrightYear\":\"2025\",\"copyrightHolder\":{\"@id\":\"https:\\\/\\\/www.retaildetail.be\\\/#organization\"}},{\"@type\":\"WebPage\",\"@id\":\"https:\\\/\\\/www.retaildetail.be\\\/fr\\\/news\\\/food\\\/le-boulanger-de-jumbo-saisit-la-justice-pour-rupture-de-contrat\\\/\",\"url\":\"https:\\\/\\\/www.retaildetail.be\\\/fr\\\/news\\\/food\\\/le-boulanger-de-jumbo-saisit-la-justice-pour-rupture-de-contrat\\\/\",\"name\":\"Le boulanger de Jumbo saisit la justice pour rupture de contrat - RetailDetail BE\",\"isPartOf\":{\"@id\":\"https:\\\/\\\/www.retaildetail.be\\\/nl\\\/#website\"},\"primaryImageOfPage\":{\"@id\":\"https:\\\/\\\/www.retaildetail.be\\\/fr\\\/news\\\/food\\\/le-boulanger-de-jumbo-saisit-la-justice-pour-rupture-de-contrat\\\/#primaryimage\"},\"image\":{\"@id\":\"https:\\\/\\\/www.retaildetail.be\\\/fr\\\/news\\\/food\\\/le-boulanger-de-jumbo-saisit-la-justice-pour-rupture-de-contrat\\\/#primaryimage\"},\"thumbnailUrl\":\"https:\\\/\\\/www.retaildetail.be\\\/wp-content\\\/uploads\\\/2025\\\/10\\\/jumbobelgie.jpg\",\"datePublished\":\"2025-10-24T12:57:01+00:00\",\"dateModified\":\"2025-10-24T12:57:03+00:00\",\"description\":\"Koninklijke Amarant Bakkers, fournisseur de pain de Jumbo, poursuit la cha\u00eene de supermarch\u00e9s en justice.\",\"breadcrumb\":{\"@id\":\"https:\\\/\\\/www.retaildetail.be\\\/fr\\\/news\\\/food\\\/le-boulanger-de-jumbo-saisit-la-justice-pour-rupture-de-contrat\\\/#breadcrumb\"},\"inLanguage\":\"fr-FR\",\"potentialAction\":[{\"@type\":\"ReadAction\",\"target\":[\"https:\\\/\\\/www.retaildetail.be\\\/fr\\\/news\\\/food\\\/le-boulanger-de-jumbo-saisit-la-justice-pour-rupture-de-contrat\\\/\"]}]},{\"@type\":\"ImageObject\",\"inLanguage\":\"fr-FR\",\"@id\":\"https:\\\/\\\/www.retaildetail.be\\\/fr\\\/news\\\/food\\\/le-boulanger-de-jumbo-saisit-la-justice-pour-rupture-de-contrat\\\/#primaryimage\",\"url\":\"https:\\\/\\\/www.retaildetail.be\\\/wp-content\\\/uploads\\\/2025\\\/10\\\/jumbobelgie.jpg\",\"contentUrl\":\"https:\\\/\\\/www.retaildetail.be\\\/wp-content\\\/uploads\\\/2025\\\/10\\\/jumbobelgie.jpg\",\"width\":800,\"height\":533},{\"@type\":\"BreadcrumbList\",\"@id\":\"https:\\\/\\\/www.retaildetail.be\\\/fr\\\/news\\\/food\\\/le-boulanger-de-jumbo-saisit-la-justice-pour-rupture-de-contrat\\\/#breadcrumb\",\"itemListElement\":[{\"@type\":\"ListItem\",\"position\":1,\"name\":\"Home\",\"item\":\"https:\\\/\\\/www.retaildetail.be\\\/fr\\\/\"},{\"@type\":\"ListItem\",\"position\":2,\"name\":\"Le boulanger de Jumbo saisit la justice pour rupture de contrat\"}]},{\"@type\":\"WebSite\",\"@id\":\"https:\\\/\\\/www.retaildetail.be\\\/nl\\\/#website\",\"url\":\"https:\\\/\\\/www.retaildetail.be\\\/nl\\\/\",\"name\":\"RetailDetail BE\",\"description\":\"News\",\"publisher\":{\"@id\":\"https:\\\/\\\/www.retaildetail.be\\\/nl\\\/#organization\"},\"potentialAction\":[{\"@type\":\"SearchAction\",\"target\":{\"@type\":\"EntryPoint\",\"urlTemplate\":\"https:\\\/\\\/www.retaildetail.be\\\/nl\\\/?s={search_term_string}\"},\"query-input\":{\"@type\":\"PropertyValueSpecification\",\"valueRequired\":true,\"valueName\":\"search_term_string\"}}],\"inLanguage\":\"fr-FR\"},{\"@type\":\"Organization\",\"@id\":\"https:\\\/\\\/www.retaildetail.be\\\/nl\\\/#organization\",\"name\":\"RetailDetail BE\",\"url\":\"https:\\\/\\\/www.retaildetail.be\\\/nl\\\/\",\"logo\":{\"@type\":\"ImageObject\",\"inLanguage\":\"fr-FR\",\"@id\":\"https:\\\/\\\/www.retaildetail.be\\\/nl\\\/#\\\/schema\\\/logo\\\/image\\\/\",\"url\":\"https:\\\/\\\/www.retaildetail.be\\\/wp-content\\\/uploads\\\/2022\\\/04\\\/logo.svg\",\"contentUrl\":\"https:\\\/\\\/www.retaildetail.be\\\/wp-content\\\/uploads\\\/2022\\\/04\\\/logo.svg\",\"width\":131,\"height\":70,\"caption\":\"RetailDetail BE\"},\"image\":{\"@id\":\"https:\\\/\\\/www.retaildetail.be\\\/nl\\\/#\\\/schema\\\/logo\\\/image\\\/\"}},{\"@type\":\"Person\",\"@id\":\"https:\\\/\\\/www.retaildetail.be\\\/nl\\\/#\\\/schema\\\/person\\\/66b54803fa10759039079458ea89e307\",\"name\":\"Pauline Neerman\",\"image\":{\"@type\":\"ImageObject\",\"inLanguage\":\"fr-FR\",\"@id\":\"https:\\\/\\\/secure.gravatar.com\\\/avatar\\\/58db22aee589a691f9603e5765ac06010427a923f9b2728b951eb7fe27214d70?s=96&d=mm&r=g\",\"url\":\"https:\\\/\\\/secure.gravatar.com\\\/avatar\\\/58db22aee589a691f9603e5765ac06010427a923f9b2728b951eb7fe27214d70?s=96&d=mm&r=g\",\"contentUrl\":\"https:\\\/\\\/secure.gravatar.com\\\/avatar\\\/58db22aee589a691f9603e5765ac06010427a923f9b2728b951eb7fe27214d70?s=96&d=mm&r=g\",\"caption\":\"Pauline Neerman\"},\"url\":\"https:\\\/\\\/www.retaildetail.be\\\/fr\\\/author\\\/paulineneerman\\\/\"}]}<\/script>\n<!-- \/ Yoast SEO plugin. -->","yoast_head_json":{"title":"Le boulanger de Jumbo saisit la justice pour rupture de contrat - RetailDetail BE","description":"Koninklijke Amarant Bakkers, fournisseur de pain de Jumbo, poursuit la cha\u00eene de supermarch\u00e9s en justice.","robots":{"index":"index","follow":"follow","max-snippet":"max-snippet:-1","max-image-preview":"max-image-preview:large","max-video-preview":"max-video-preview:-1"},"canonical":"https:\/\/www.retaildetail.be\/fr\/news\/food\/le-boulanger-de-jumbo-saisit-la-justice-pour-rupture-de-contrat\/","og_locale":"fr_FR","og_type":"article","og_title":"Le boulanger de Jumbo saisit la justice pour rupture de contrat - RetailDetail BE","og_description":"Koninklijke Amarant Bakkers, fournisseur de pain de Jumbo, poursuit la cha\u00eene de supermarch\u00e9s en justice.","og_url":"https:\/\/www.retaildetail.be\/fr\/news\/food\/le-boulanger-de-jumbo-saisit-la-justice-pour-rupture-de-contrat\/","og_site_name":"RetailDetail BE","article_published_time":"2025-10-24T12:57:01+00:00","article_modified_time":"2025-10-24T12:57:03+00:00","og_image":[{"width":800,"height":533,"url":"https:\/\/www.retaildetail.be\/wp-content\/uploads\/2025\/10\/jumbobelgie.jpg","type":"image\/jpeg"}],"author":"Pauline Neerman","twitter_card":"summary_large_image","twitter_misc":{"\u00c9crit par":"Pauline Neerman","Dur\u00e9e de lecture estim\u00e9e":"2 minutes"},"schema":{"@context":"https:\/\/schema.org","@graph":[{"@type":"NewsArticle","@id":"https:\/\/www.retaildetail.be\/fr\/news\/food\/le-boulanger-de-jumbo-saisit-la-justice-pour-rupture-de-contrat\/#article","isPartOf":{"@id":"https:\/\/www.retaildetail.be\/fr\/news\/food\/le-boulanger-de-jumbo-saisit-la-justice-pour-rupture-de-contrat\/"},"author":{"name":"Pauline Neerman","@id":"https:\/\/www.retaildetail.be\/nl\/#\/schema\/person\/66b54803fa10759039079458ea89e307"},"headline":"Le boulanger de Jumbo saisit la justice pour rupture de contrat","datePublished":"2025-10-24T12:57:01+00:00","dateModified":"2025-10-24T12:57:03+00:00","mainEntityOfPage":{"@id":"https:\/\/www.retaildetail.be\/fr\/news\/food\/le-boulanger-de-jumbo-saisit-la-justice-pour-rupture-de-contrat\/"},"wordCount":423,"publisher":{"@id":"https:\/\/www.retaildetail.be\/nl\/#organization"},"image":{"@id":"https:\/\/www.retaildetail.be\/fr\/news\/food\/le-boulanger-de-jumbo-saisit-la-justice-pour-rupture-de-contrat\/#primaryimage"},"thumbnailUrl":"https:\/\/www.retaildetail.be\/wp-content\/uploads\/2025\/10\/jumbobelgie.jpg","articleSection":["Food","Food"],"inLanguage":"fr-FR","copyrightYear":"2025","copyrightHolder":{"@id":"https:\/\/www.retaildetail.be\/#organization"}},{"@type":"WebPage","@id":"https:\/\/www.retaildetail.be\/fr\/news\/food\/le-boulanger-de-jumbo-saisit-la-justice-pour-rupture-de-contrat\/","url":"https:\/\/www.retaildetail.be\/fr\/news\/food\/le-boulanger-de-jumbo-saisit-la-justice-pour-rupture-de-contrat\/","name":"Le boulanger de Jumbo saisit la justice pour rupture de contrat - RetailDetail BE","isPartOf":{"@id":"https:\/\/www.retaildetail.be\/nl\/#website"},"primaryImageOfPage":{"@id":"https:\/\/www.retaildetail.be\/fr\/news\/food\/le-boulanger-de-jumbo-saisit-la-justice-pour-rupture-de-contrat\/#primaryimage"},"image":{"@id":"https:\/\/www.retaildetail.be\/fr\/news\/food\/le-boulanger-de-jumbo-saisit-la-justice-pour-rupture-de-contrat\/#primaryimage"},"thumbnailUrl":"https:\/\/www.retaildetail.be\/wp-content\/uploads\/2025\/10\/jumbobelgie.jpg","datePublished":"2025-10-24T12:57:01+00:00","dateModified":"2025-10-24T12:57:03+00:00","description":"Koninklijke Amarant Bakkers, fournisseur de pain de Jumbo, poursuit la cha\u00eene de supermarch\u00e9s en justice.","breadcrumb":{"@id":"https:\/\/www.retaildetail.be\/fr\/news\/food\/le-boulanger-de-jumbo-saisit-la-justice-pour-rupture-de-contrat\/#breadcrumb"},"inLanguage":"fr-FR","potentialAction":[{"@type":"ReadAction","target":["https:\/\/www.retaildetail.be\/fr\/news\/food\/le-boulanger-de-jumbo-saisit-la-justice-pour-rupture-de-contrat\/"]}]},{"@type":"ImageObject","inLanguage":"fr-FR","@id":"https:\/\/www.retaildetail.be\/fr\/news\/food\/le-boulanger-de-jumbo-saisit-la-justice-pour-rupture-de-contrat\/#primaryimage","url":"https:\/\/www.retaildetail.be\/wp-content\/uploads\/2025\/10\/jumbobelgie.jpg","contentUrl":"https:\/\/www.retaildetail.be\/wp-content\/uploads\/2025\/10\/jumbobelgie.jpg","width":800,"height":533},{"@type":"BreadcrumbList","@id":"https:\/\/www.retaildetail.be\/fr\/news\/food\/le-boulanger-de-jumbo-saisit-la-justice-pour-rupture-de-contrat\/#breadcrumb","itemListElement":[{"@type":"ListItem","position":1,"name":"Home","item":"https:\/\/www.retaildetail.be\/fr\/"},{"@type":"ListItem","position":2,"name":"Le boulanger de Jumbo saisit la justice pour rupture de contrat"}]},{"@type":"WebSite","@id":"https:\/\/www.retaildetail.be\/nl\/#website","url":"https:\/\/www.retaildetail.be\/nl\/","name":"RetailDetail BE","description":"News","publisher":{"@id":"https:\/\/www.retaildetail.be\/nl\/#organization"},"potentialAction":[{"@type":"SearchAction","target":{"@type":"EntryPoint","urlTemplate":"https:\/\/www.retaildetail.be\/nl\/?s={search_term_string}"},"query-input":{"@type":"PropertyValueSpecification","valueRequired":true,"valueName":"search_term_string"}}],"inLanguage":"fr-FR"},{"@type":"Organization","@id":"https:\/\/www.retaildetail.be\/nl\/#organization","name":"RetailDetail BE","url":"https:\/\/www.retaildetail.be\/nl\/","logo":{"@type":"ImageObject","inLanguage":"fr-FR","@id":"https:\/\/www.retaildetail.be\/nl\/#\/schema\/logo\/image\/","url":"https:\/\/www.retaildetail.be\/wp-content\/uploads\/2022\/04\/logo.svg","contentUrl":"https:\/\/www.retaildetail.be\/wp-content\/uploads\/2022\/04\/logo.svg","width":131,"height":70,"caption":"RetailDetail BE"},"image":{"@id":"https:\/\/www.retaildetail.be\/nl\/#\/schema\/logo\/image\/"}},{"@type":"Person","@id":"https:\/\/www.retaildetail.be\/nl\/#\/schema\/person\/66b54803fa10759039079458ea89e307","name":"Pauline Neerman","image":{"@type":"ImageObject","inLanguage":"fr-FR","@id":"https:\/\/secure.gravatar.com\/avatar\/58db22aee589a691f9603e5765ac06010427a923f9b2728b951eb7fe27214d70?s=96&d=mm&r=g","url":"https:\/\/secure.gravatar.com\/avatar\/58db22aee589a691f9603e5765ac06010427a923f9b2728b951eb7fe27214d70?s=96&d=mm&r=g","contentUrl":"https:\/\/secure.gravatar.com\/avatar\/58db22aee589a691f9603e5765ac06010427a923f9b2728b951eb7fe27214d70?s=96&d=mm&r=g","caption":"Pauline Neerman"},"url":"https:\/\/www.retaildetail.be\/fr\/author\/paulineneerman\/"}]}},"jetpack_featured_media_url":"https:\/\/www.retaildetail.be\/wp-content\/uploads\/2025\/10\/jumbobelgie.jpg","jetpack_sharing_enabled":true,"_links":{"self":[{"href":"https:\/\/www.retaildetail.be\/fr\/wp-json\/wp\/v2\/posts\/132628","targetHints":{"allow":["GET"]}}],"collection":[{"href":"https:\/\/www.retaildetail.be\/fr\/wp-json\/wp\/v2\/posts"}],"about":[{"href":"https:\/\/www.retaildetail.be\/fr\/wp-json\/wp\/v2\/types\/post"}],"author":[{"embeddable":true,"href":"https:\/\/www.retaildetail.be\/fr\/wp-json\/wp\/v2\/users\/5"}],"replies":[{"embeddable":true,"href":"https:\/\/www.retaildetail.be\/fr\/wp-json\/wp\/v2\/comments?post=132628"}],"version-history":[{"count":1,"href":"https:\/\/www.retaildetail.be\/fr\/wp-json\/wp\/v2\/posts\/132628\/revisions"}],"predecessor-version":[{"id":132633,"href":"https:\/\/www.retaildetail.be\/fr\/wp-json\/wp\/v2\/posts\/132628\/revisions\/132633"}],"wp:featuredmedia":[{"embeddable":true,"href":"https:\/\/www.retaildetail.be\/fr\/wp-json\/wp\/v2\/media\/132629"}],"wp:attachment":[{"href":"https:\/\/www.retaildetail.be\/fr\/wp-json\/wp\/v2\/media?parent=132628"}],"wp:term":[{"taxonomy":"category","embeddable":true,"href":"https:\/\/www.retaildetail.be\/fr\/wp-json\/wp\/v2\/categories?post=132628"},{"taxonomy":"post_tag","embeddable":true,"href":"https:\/\/www.retaildetail.be\/fr\/wp-json\/wp\/v2\/tags?post=132628"},{"taxonomy":"people","embeddable":true,"href":"https:\/\/www.retaildetail.be\/fr\/wp-json\/wp\/v2\/people?post=132628"},{"taxonomy":"extra","embeddable":true,"href":"https:\/\/www.retaildetail.be\/fr\/wp-json\/wp\/v2\/extra?post=132628"},{"taxonomy":"company","embeddable":true,"href":"https:\/\/www.retaildetail.be\/fr\/wp-json\/wp\/v2\/company?post=132628"},{"taxonomy":"topic","embeddable":true,"href":"https:\/\/www.retaildetail.be\/fr\/wp-json\/wp\/v2\/topic?post=132628"},{"taxonomy":"region","embeddable":true,"href":"https:\/\/www.retaildetail.be\/fr\/wp-json\/wp\/v2\/region?post=132628"}],"curies":[{"name":"wp","href":"https:\/\/api.w.org\/{rel}","templated":true}]}}