{"id":133594,"date":"2025-11-04T10:16:48","date_gmt":"2025-11-04T09:16:48","guid":{"rendered":"https:\/\/www.retaildetail.be\/?p=133594"},"modified":"2025-11-04T10:16:50","modified_gmt":"2025-11-04T09:16:50","slug":"intersport-ajoute-sa-branche-espagnole-a-lorganisation-francaise","status":"publish","type":"post","link":"https:\/\/www.retaildetail.be\/fr\/news\/loisirs\/intersport-ajoute-sa-branche-espagnole-a-lorganisation-francaise\/","title":{"rendered":"Intersport ajoute sa branche espagnole \u00e0 l&rsquo;organisation fran\u00e7aise"},"content":{"rendered":"\n<p><strong>Intersport France <\/strong>rach\u00e8te les activit\u00e9s espagnoles de la cha\u00eene de magasins de sport. Le groupe souhaite se consolider en Europe afin d&rsquo;accro\u00eetre son influence. Les magasins belges et luxembourgeois sont d\u00e9j\u00e0 approvisionn\u00e9s par la centrale fran\u00e7aise.<\/p>\n\n\n\n<h2 class=\"wp-block-heading\">Poursuite de la consolidation<\/h2>\n\n\n\n<p>Apr\u00e8s approbation du tribunal de commerce espagnol, Intersport France obtiendra la licence pour le march\u00e9 espagnol. Depuis la France, les magasins ind\u00e9pendants en Belgique et au Luxembourg sont d\u00e9j\u00e0 soutenus ; avec l&rsquo;Espagne, un hub sud-europ\u00e9en comprenant \u00e9galement le Portugal est d\u00e9sormais cr\u00e9\u00e9. Selon le groupe, cette structure permettra d&rsquo;accro\u00eetre l&rsquo;efficacit\u00e9, d&rsquo;harmoniser les normes op\u00e9rationnelles et de d\u00e9ployer plus rapidement des mod\u00e8les de magasins performants dans la r\u00e9gion.<\/p>\n\n\n\n<p>Cette op\u00e9ration s&rsquo;inscrit dans la strat\u00e9gie d&rsquo;internationalisation et de consolidation lanc\u00e9e par le groupe en 2022. Les branches scandinaves de Su\u00e8de et du Danemark ont d\u00e9j\u00e0 fusionn\u00e9 auparavant. \u00ab Cela montre comment nos organisations nationales mettent en commun leur expertise, renforcent les synergies et garantissent la continuit\u00e9 op\u00e9rationnelle dans une perspective de croissance durable \u00bb, a d\u00e9clar\u00e9 Tom Foley, PDG d&rsquo;Intersport International Corporation, la soci\u00e9t\u00e9 m\u00e8re bas\u00e9e en Suisse. <\/p>\n\n\n\n<p>Intersport est n\u00e9 en 1970 de la fusion de dix groupements d&rsquo;achat europ\u00e9ens d&rsquo;articles de sport, notamment en France, en Allemagne et en Belgique. Aujourd&rsquo;hui, la cha\u00eene compte 5 830 magasins dans 42 pays, contre 5 464 il y a un an. Tous les magasins sont exploit\u00e9s par des ind\u00e9pendants affili\u00e9s. La centrale internationale, qui emploie une centaine de personnes, n\u00e9gocie avec les grandes marques de sport et g\u00e8re \u00e9galement ses propres marques. En 2024, le groupe coop\u00e9ratif a r\u00e9alis\u00e9 un chiffre d&rsquo;affaires de 14 milliards d&rsquo;euros.<\/p>\n","protected":false},"excerpt":{"rendered":"<p>Intersport France rach\u00e8te les activit\u00e9s espagnoles de la cha\u00eene de magasins de sport. Le groupe souhaite se consolider en Europe afin d&rsquo;accro\u00eetre son influence. Les magasins belges et luxembourgeois sont d\u00e9j\u00e0 approvisionn\u00e9s par la centrale fran\u00e7aise.<\/p>\n","protected":false},"author":5,"featured_media":133595,"comment_status":"closed","ping_status":"closed","sticky":false,"template":"","format":"standard","meta":{"_acf_changed":false,"inline_featured_image":false,"_jetpack_memberships_contains_paid_content":false,"footnotes":""},"categories":[28,20],"tags":[],"people":[],"extra":[43],"company":[1670],"topic":[282,332],"region":[580,342,741],"class_list":["post-133594","post","type-post","status-publish","format-standard","has-post-thumbnail","hentry","category-loisirs","category-vrije-tijd","extra-plus","company-intersport","topic-acquisition","topic-restructuration","region-espagne","region-france","region-portugal"],"acf":[],"yoast_head":"<!-- This site is optimized with the Yoast SEO plugin v27.3 - https:\/\/yoast.com\/product\/yoast-seo-wordpress\/ -->\n<title>Intersport ajoute sa branche espagnole \u00e0 l&#039;organisation fran\u00e7aise - RetailDetail BE<\/title>\n<meta name=\"description\" content=\"Intersport France rach\u00e8te les activit\u00e9s espagnoles de la cha\u00eene de magasins de sport. Le groupe souhaite se consolider en Europe.\" \/>\n<meta name=\"robots\" content=\"index, follow, max-snippet:-1, max-image-preview:large, max-video-preview:-1\" \/>\n<link rel=\"canonical\" href=\"https:\/\/www.retaildetail.be\/fr\/news\/loisirs\/intersport-ajoute-sa-branche-espagnole-a-lorganisation-francaise\/\" \/>\n<meta property=\"og:locale\" content=\"fr_FR\" \/>\n<meta property=\"og:type\" content=\"article\" \/>\n<meta property=\"og:title\" content=\"Intersport ajoute sa branche espagnole \u00e0 l&#039;organisation fran\u00e7aise - RetailDetail BE\" \/>\n<meta property=\"og:description\" content=\"Intersport France rach\u00e8te les activit\u00e9s espagnoles de la cha\u00eene de magasins de sport. Le groupe souhaite se consolider en Europe.\" \/>\n<meta property=\"og:url\" content=\"https:\/\/www.retaildetail.be\/fr\/news\/loisirs\/intersport-ajoute-sa-branche-espagnole-a-lorganisation-francaise\/\" \/>\n<meta property=\"og:site_name\" content=\"RetailDetail BE\" \/>\n<meta property=\"article:published_time\" content=\"2025-11-04T09:16:48+00:00\" \/>\n<meta property=\"article:modified_time\" content=\"2025-11-04T09:16:50+00:00\" \/>\n<meta property=\"og:image\" content=\"https:\/\/www.retaildetail.be\/wp-content\/uploads\/2025\/11\/shutterstock_intersport.jpg\" \/>\n\t<meta property=\"og:image:width\" content=\"1000\" \/>\n\t<meta property=\"og:image:height\" content=\"667\" \/>\n\t<meta property=\"og:image:type\" content=\"image\/jpeg\" \/>\n<meta name=\"author\" content=\"Pauline Neerman\" \/>\n<meta name=\"twitter:card\" content=\"summary_large_image\" \/>\n<meta name=\"twitter:label1\" content=\"\u00c9crit par\" \/>\n\t<meta name=\"twitter:data1\" content=\"Pauline Neerman\" \/>\n\t<meta name=\"twitter:label2\" content=\"Dur\u00e9e de lecture estim\u00e9e\" \/>\n\t<meta name=\"twitter:data2\" content=\"1 minute\" \/>\n<script type=\"application\/ld+json\" class=\"yoast-schema-graph\">{\"@context\":\"https:\\\/\\\/schema.org\",\"@graph\":[{\"@type\":\"NewsArticle\",\"@id\":\"https:\\\/\\\/www.retaildetail.be\\\/fr\\\/news\\\/loisirs\\\/intersport-ajoute-sa-branche-espagnole-a-lorganisation-francaise\\\/#article\",\"isPartOf\":{\"@id\":\"https:\\\/\\\/www.retaildetail.be\\\/fr\\\/news\\\/loisirs\\\/intersport-ajoute-sa-branche-espagnole-a-lorganisation-francaise\\\/\"},\"author\":{\"name\":\"Pauline Neerman\",\"@id\":\"https:\\\/\\\/www.retaildetail.be\\\/nl\\\/#\\\/schema\\\/person\\\/66b54803fa10759039079458ea89e307\"},\"headline\":\"Intersport ajoute sa branche espagnole \u00e0 l&rsquo;organisation fran\u00e7aise\",\"datePublished\":\"2025-11-04T09:16:48+00:00\",\"dateModified\":\"2025-11-04T09:16:50+00:00\",\"mainEntityOfPage\":{\"@id\":\"https:\\\/\\\/www.retaildetail.be\\\/fr\\\/news\\\/loisirs\\\/intersport-ajoute-sa-branche-espagnole-a-lorganisation-francaise\\\/\"},\"wordCount\":310,\"publisher\":{\"@id\":\"https:\\\/\\\/www.retaildetail.be\\\/nl\\\/#organization\"},\"image\":{\"@id\":\"https:\\\/\\\/www.retaildetail.be\\\/fr\\\/news\\\/loisirs\\\/intersport-ajoute-sa-branche-espagnole-a-lorganisation-francaise\\\/#primaryimage\"},\"thumbnailUrl\":\"https:\\\/\\\/www.retaildetail.be\\\/wp-content\\\/uploads\\\/2025\\\/11\\\/shutterstock_intersport.jpg\",\"articleSection\":[\"Loisirs\",\"Vrije tijd\"],\"inLanguage\":\"fr-FR\",\"copyrightYear\":\"2025\",\"copyrightHolder\":{\"@id\":\"https:\\\/\\\/www.retaildetail.be\\\/#organization\"}},{\"@type\":\"WebPage\",\"@id\":\"https:\\\/\\\/www.retaildetail.be\\\/fr\\\/news\\\/loisirs\\\/intersport-ajoute-sa-branche-espagnole-a-lorganisation-francaise\\\/\",\"url\":\"https:\\\/\\\/www.retaildetail.be\\\/fr\\\/news\\\/loisirs\\\/intersport-ajoute-sa-branche-espagnole-a-lorganisation-francaise\\\/\",\"name\":\"Intersport ajoute sa branche espagnole \u00e0 l'organisation fran\u00e7aise - RetailDetail BE\",\"isPartOf\":{\"@id\":\"https:\\\/\\\/www.retaildetail.be\\\/nl\\\/#website\"},\"primaryImageOfPage\":{\"@id\":\"https:\\\/\\\/www.retaildetail.be\\\/fr\\\/news\\\/loisirs\\\/intersport-ajoute-sa-branche-espagnole-a-lorganisation-francaise\\\/#primaryimage\"},\"image\":{\"@id\":\"https:\\\/\\\/www.retaildetail.be\\\/fr\\\/news\\\/loisirs\\\/intersport-ajoute-sa-branche-espagnole-a-lorganisation-francaise\\\/#primaryimage\"},\"thumbnailUrl\":\"https:\\\/\\\/www.retaildetail.be\\\/wp-content\\\/uploads\\\/2025\\\/11\\\/shutterstock_intersport.jpg\",\"datePublished\":\"2025-11-04T09:16:48+00:00\",\"dateModified\":\"2025-11-04T09:16:50+00:00\",\"description\":\"Intersport France rach\u00e8te les activit\u00e9s espagnoles de la cha\u00eene de magasins de sport. Le groupe souhaite se consolider en Europe.\",\"breadcrumb\":{\"@id\":\"https:\\\/\\\/www.retaildetail.be\\\/fr\\\/news\\\/loisirs\\\/intersport-ajoute-sa-branche-espagnole-a-lorganisation-francaise\\\/#breadcrumb\"},\"inLanguage\":\"fr-FR\",\"potentialAction\":[{\"@type\":\"ReadAction\",\"target\":[\"https:\\\/\\\/www.retaildetail.be\\\/fr\\\/news\\\/loisirs\\\/intersport-ajoute-sa-branche-espagnole-a-lorganisation-francaise\\\/\"]}]},{\"@type\":\"ImageObject\",\"inLanguage\":\"fr-FR\",\"@id\":\"https:\\\/\\\/www.retaildetail.be\\\/fr\\\/news\\\/loisirs\\\/intersport-ajoute-sa-branche-espagnole-a-lorganisation-francaise\\\/#primaryimage\",\"url\":\"https:\\\/\\\/www.retaildetail.be\\\/wp-content\\\/uploads\\\/2025\\\/11\\\/shutterstock_intersport.jpg\",\"contentUrl\":\"https:\\\/\\\/www.retaildetail.be\\\/wp-content\\\/uploads\\\/2025\\\/11\\\/shutterstock_intersport.jpg\",\"width\":1000,\"height\":667},{\"@type\":\"BreadcrumbList\",\"@id\":\"https:\\\/\\\/www.retaildetail.be\\\/fr\\\/news\\\/loisirs\\\/intersport-ajoute-sa-branche-espagnole-a-lorganisation-francaise\\\/#breadcrumb\",\"itemListElement\":[{\"@type\":\"ListItem\",\"position\":1,\"name\":\"Home\",\"item\":\"https:\\\/\\\/www.retaildetail.be\\\/fr\\\/\"},{\"@type\":\"ListItem\",\"position\":2,\"name\":\"Intersport ajoute sa branche espagnole \u00e0 l&#8217;organisation fran\u00e7aise\"}]},{\"@type\":\"WebSite\",\"@id\":\"https:\\\/\\\/www.retaildetail.be\\\/nl\\\/#website\",\"url\":\"https:\\\/\\\/www.retaildetail.be\\\/nl\\\/\",\"name\":\"RetailDetail BE\",\"description\":\"News\",\"publisher\":{\"@id\":\"https:\\\/\\\/www.retaildetail.be\\\/nl\\\/#organization\"},\"potentialAction\":[{\"@type\":\"SearchAction\",\"target\":{\"@type\":\"EntryPoint\",\"urlTemplate\":\"https:\\\/\\\/www.retaildetail.be\\\/nl\\\/?s={search_term_string}\"},\"query-input\":{\"@type\":\"PropertyValueSpecification\",\"valueRequired\":true,\"valueName\":\"search_term_string\"}}],\"inLanguage\":\"fr-FR\"},{\"@type\":\"Organization\",\"@id\":\"https:\\\/\\\/www.retaildetail.be\\\/nl\\\/#organization\",\"name\":\"RetailDetail BE\",\"url\":\"https:\\\/\\\/www.retaildetail.be\\\/nl\\\/\",\"logo\":{\"@type\":\"ImageObject\",\"inLanguage\":\"fr-FR\",\"@id\":\"https:\\\/\\\/www.retaildetail.be\\\/nl\\\/#\\\/schema\\\/logo\\\/image\\\/\",\"url\":\"https:\\\/\\\/www.retaildetail.be\\\/wp-content\\\/uploads\\\/2022\\\/04\\\/logo.svg\",\"contentUrl\":\"https:\\\/\\\/www.retaildetail.be\\\/wp-content\\\/uploads\\\/2022\\\/04\\\/logo.svg\",\"width\":131,\"height\":70,\"caption\":\"RetailDetail BE\"},\"image\":{\"@id\":\"https:\\\/\\\/www.retaildetail.be\\\/nl\\\/#\\\/schema\\\/logo\\\/image\\\/\"}},{\"@type\":\"Person\",\"@id\":\"https:\\\/\\\/www.retaildetail.be\\\/nl\\\/#\\\/schema\\\/person\\\/66b54803fa10759039079458ea89e307\",\"name\":\"Pauline Neerman\",\"image\":{\"@type\":\"ImageObject\",\"inLanguage\":\"fr-FR\",\"@id\":\"https:\\\/\\\/secure.gravatar.com\\\/avatar\\\/58db22aee589a691f9603e5765ac06010427a923f9b2728b951eb7fe27214d70?s=96&d=mm&r=g\",\"url\":\"https:\\\/\\\/secure.gravatar.com\\\/avatar\\\/58db22aee589a691f9603e5765ac06010427a923f9b2728b951eb7fe27214d70?s=96&d=mm&r=g\",\"contentUrl\":\"https:\\\/\\\/secure.gravatar.com\\\/avatar\\\/58db22aee589a691f9603e5765ac06010427a923f9b2728b951eb7fe27214d70?s=96&d=mm&r=g\",\"caption\":\"Pauline Neerman\"},\"url\":\"https:\\\/\\\/www.retaildetail.be\\\/fr\\\/author\\\/paulineneerman\\\/\"}]}<\/script>\n<!-- \/ Yoast SEO plugin. -->","yoast_head_json":{"title":"Intersport ajoute sa branche espagnole \u00e0 l'organisation fran\u00e7aise - RetailDetail BE","description":"Intersport France rach\u00e8te les activit\u00e9s espagnoles de la cha\u00eene de magasins de sport. Le groupe souhaite se consolider en Europe.","robots":{"index":"index","follow":"follow","max-snippet":"max-snippet:-1","max-image-preview":"max-image-preview:large","max-video-preview":"max-video-preview:-1"},"canonical":"https:\/\/www.retaildetail.be\/fr\/news\/loisirs\/intersport-ajoute-sa-branche-espagnole-a-lorganisation-francaise\/","og_locale":"fr_FR","og_type":"article","og_title":"Intersport ajoute sa branche espagnole \u00e0 l'organisation fran\u00e7aise - RetailDetail BE","og_description":"Intersport France rach\u00e8te les activit\u00e9s espagnoles de la cha\u00eene de magasins de sport. Le groupe souhaite se consolider en Europe.","og_url":"https:\/\/www.retaildetail.be\/fr\/news\/loisirs\/intersport-ajoute-sa-branche-espagnole-a-lorganisation-francaise\/","og_site_name":"RetailDetail BE","article_published_time":"2025-11-04T09:16:48+00:00","article_modified_time":"2025-11-04T09:16:50+00:00","og_image":[{"width":1000,"height":667,"url":"https:\/\/www.retaildetail.be\/wp-content\/uploads\/2025\/11\/shutterstock_intersport.jpg","type":"image\/jpeg"}],"author":"Pauline Neerman","twitter_card":"summary_large_image","twitter_misc":{"\u00c9crit par":"Pauline Neerman","Dur\u00e9e de lecture estim\u00e9e":"1 minute"},"schema":{"@context":"https:\/\/schema.org","@graph":[{"@type":"NewsArticle","@id":"https:\/\/www.retaildetail.be\/fr\/news\/loisirs\/intersport-ajoute-sa-branche-espagnole-a-lorganisation-francaise\/#article","isPartOf":{"@id":"https:\/\/www.retaildetail.be\/fr\/news\/loisirs\/intersport-ajoute-sa-branche-espagnole-a-lorganisation-francaise\/"},"author":{"name":"Pauline Neerman","@id":"https:\/\/www.retaildetail.be\/nl\/#\/schema\/person\/66b54803fa10759039079458ea89e307"},"headline":"Intersport ajoute sa branche espagnole \u00e0 l&rsquo;organisation fran\u00e7aise","datePublished":"2025-11-04T09:16:48+00:00","dateModified":"2025-11-04T09:16:50+00:00","mainEntityOfPage":{"@id":"https:\/\/www.retaildetail.be\/fr\/news\/loisirs\/intersport-ajoute-sa-branche-espagnole-a-lorganisation-francaise\/"},"wordCount":310,"publisher":{"@id":"https:\/\/www.retaildetail.be\/nl\/#organization"},"image":{"@id":"https:\/\/www.retaildetail.be\/fr\/news\/loisirs\/intersport-ajoute-sa-branche-espagnole-a-lorganisation-francaise\/#primaryimage"},"thumbnailUrl":"https:\/\/www.retaildetail.be\/wp-content\/uploads\/2025\/11\/shutterstock_intersport.jpg","articleSection":["Loisirs","Vrije tijd"],"inLanguage":"fr-FR","copyrightYear":"2025","copyrightHolder":{"@id":"https:\/\/www.retaildetail.be\/#organization"}},{"@type":"WebPage","@id":"https:\/\/www.retaildetail.be\/fr\/news\/loisirs\/intersport-ajoute-sa-branche-espagnole-a-lorganisation-francaise\/","url":"https:\/\/www.retaildetail.be\/fr\/news\/loisirs\/intersport-ajoute-sa-branche-espagnole-a-lorganisation-francaise\/","name":"Intersport ajoute sa branche espagnole \u00e0 l'organisation fran\u00e7aise - RetailDetail BE","isPartOf":{"@id":"https:\/\/www.retaildetail.be\/nl\/#website"},"primaryImageOfPage":{"@id":"https:\/\/www.retaildetail.be\/fr\/news\/loisirs\/intersport-ajoute-sa-branche-espagnole-a-lorganisation-francaise\/#primaryimage"},"image":{"@id":"https:\/\/www.retaildetail.be\/fr\/news\/loisirs\/intersport-ajoute-sa-branche-espagnole-a-lorganisation-francaise\/#primaryimage"},"thumbnailUrl":"https:\/\/www.retaildetail.be\/wp-content\/uploads\/2025\/11\/shutterstock_intersport.jpg","datePublished":"2025-11-04T09:16:48+00:00","dateModified":"2025-11-04T09:16:50+00:00","description":"Intersport France rach\u00e8te les activit\u00e9s espagnoles de la cha\u00eene de magasins de sport. Le groupe souhaite se consolider en Europe.","breadcrumb":{"@id":"https:\/\/www.retaildetail.be\/fr\/news\/loisirs\/intersport-ajoute-sa-branche-espagnole-a-lorganisation-francaise\/#breadcrumb"},"inLanguage":"fr-FR","potentialAction":[{"@type":"ReadAction","target":["https:\/\/www.retaildetail.be\/fr\/news\/loisirs\/intersport-ajoute-sa-branche-espagnole-a-lorganisation-francaise\/"]}]},{"@type":"ImageObject","inLanguage":"fr-FR","@id":"https:\/\/www.retaildetail.be\/fr\/news\/loisirs\/intersport-ajoute-sa-branche-espagnole-a-lorganisation-francaise\/#primaryimage","url":"https:\/\/www.retaildetail.be\/wp-content\/uploads\/2025\/11\/shutterstock_intersport.jpg","contentUrl":"https:\/\/www.retaildetail.be\/wp-content\/uploads\/2025\/11\/shutterstock_intersport.jpg","width":1000,"height":667},{"@type":"BreadcrumbList","@id":"https:\/\/www.retaildetail.be\/fr\/news\/loisirs\/intersport-ajoute-sa-branche-espagnole-a-lorganisation-francaise\/#breadcrumb","itemListElement":[{"@type":"ListItem","position":1,"name":"Home","item":"https:\/\/www.retaildetail.be\/fr\/"},{"@type":"ListItem","position":2,"name":"Intersport ajoute sa branche espagnole \u00e0 l&#8217;organisation fran\u00e7aise"}]},{"@type":"WebSite","@id":"https:\/\/www.retaildetail.be\/nl\/#website","url":"https:\/\/www.retaildetail.be\/nl\/","name":"RetailDetail BE","description":"News","publisher":{"@id":"https:\/\/www.retaildetail.be\/nl\/#organization"},"potentialAction":[{"@type":"SearchAction","target":{"@type":"EntryPoint","urlTemplate":"https:\/\/www.retaildetail.be\/nl\/?s={search_term_string}"},"query-input":{"@type":"PropertyValueSpecification","valueRequired":true,"valueName":"search_term_string"}}],"inLanguage":"fr-FR"},{"@type":"Organization","@id":"https:\/\/www.retaildetail.be\/nl\/#organization","name":"RetailDetail BE","url":"https:\/\/www.retaildetail.be\/nl\/","logo":{"@type":"ImageObject","inLanguage":"fr-FR","@id":"https:\/\/www.retaildetail.be\/nl\/#\/schema\/logo\/image\/","url":"https:\/\/www.retaildetail.be\/wp-content\/uploads\/2022\/04\/logo.svg","contentUrl":"https:\/\/www.retaildetail.be\/wp-content\/uploads\/2022\/04\/logo.svg","width":131,"height":70,"caption":"RetailDetail BE"},"image":{"@id":"https:\/\/www.retaildetail.be\/nl\/#\/schema\/logo\/image\/"}},{"@type":"Person","@id":"https:\/\/www.retaildetail.be\/nl\/#\/schema\/person\/66b54803fa10759039079458ea89e307","name":"Pauline Neerman","image":{"@type":"ImageObject","inLanguage":"fr-FR","@id":"https:\/\/secure.gravatar.com\/avatar\/58db22aee589a691f9603e5765ac06010427a923f9b2728b951eb7fe27214d70?s=96&d=mm&r=g","url":"https:\/\/secure.gravatar.com\/avatar\/58db22aee589a691f9603e5765ac06010427a923f9b2728b951eb7fe27214d70?s=96&d=mm&r=g","contentUrl":"https:\/\/secure.gravatar.com\/avatar\/58db22aee589a691f9603e5765ac06010427a923f9b2728b951eb7fe27214d70?s=96&d=mm&r=g","caption":"Pauline Neerman"},"url":"https:\/\/www.retaildetail.be\/fr\/author\/paulineneerman\/"}]}},"jetpack_featured_media_url":"https:\/\/www.retaildetail.be\/wp-content\/uploads\/2025\/11\/shutterstock_intersport.jpg","jetpack_sharing_enabled":true,"_links":{"self":[{"href":"https:\/\/www.retaildetail.be\/fr\/wp-json\/wp\/v2\/posts\/133594","targetHints":{"allow":["GET"]}}],"collection":[{"href":"https:\/\/www.retaildetail.be\/fr\/wp-json\/wp\/v2\/posts"}],"about":[{"href":"https:\/\/www.retaildetail.be\/fr\/wp-json\/wp\/v2\/types\/post"}],"author":[{"embeddable":true,"href":"https:\/\/www.retaildetail.be\/fr\/wp-json\/wp\/v2\/users\/5"}],"replies":[{"embeddable":true,"href":"https:\/\/www.retaildetail.be\/fr\/wp-json\/wp\/v2\/comments?post=133594"}],"version-history":[{"count":1,"href":"https:\/\/www.retaildetail.be\/fr\/wp-json\/wp\/v2\/posts\/133594\/revisions"}],"predecessor-version":[{"id":133598,"href":"https:\/\/www.retaildetail.be\/fr\/wp-json\/wp\/v2\/posts\/133594\/revisions\/133598"}],"wp:featuredmedia":[{"embeddable":true,"href":"https:\/\/www.retaildetail.be\/fr\/wp-json\/wp\/v2\/media\/133595"}],"wp:attachment":[{"href":"https:\/\/www.retaildetail.be\/fr\/wp-json\/wp\/v2\/media?parent=133594"}],"wp:term":[{"taxonomy":"category","embeddable":true,"href":"https:\/\/www.retaildetail.be\/fr\/wp-json\/wp\/v2\/categories?post=133594"},{"taxonomy":"post_tag","embeddable":true,"href":"https:\/\/www.retaildetail.be\/fr\/wp-json\/wp\/v2\/tags?post=133594"},{"taxonomy":"people","embeddable":true,"href":"https:\/\/www.retaildetail.be\/fr\/wp-json\/wp\/v2\/people?post=133594"},{"taxonomy":"extra","embeddable":true,"href":"https:\/\/www.retaildetail.be\/fr\/wp-json\/wp\/v2\/extra?post=133594"},{"taxonomy":"company","embeddable":true,"href":"https:\/\/www.retaildetail.be\/fr\/wp-json\/wp\/v2\/company?post=133594"},{"taxonomy":"topic","embeddable":true,"href":"https:\/\/www.retaildetail.be\/fr\/wp-json\/wp\/v2\/topic?post=133594"},{"taxonomy":"region","embeddable":true,"href":"https:\/\/www.retaildetail.be\/fr\/wp-json\/wp\/v2\/region?post=133594"}],"curies":[{"name":"wp","href":"https:\/\/api.w.org\/{rel}","templated":true}]}}