{"id":133979,"date":"2025-11-06T15:18:44","date_gmt":"2025-11-06T14:18:44","guid":{"rendered":"https:\/\/www.retaildetail.be\/?p=133979"},"modified":"2025-11-06T15:18:45","modified_gmt":"2025-11-06T14:18:45","slug":"analyse-les-nouveaux-belges-determinants-pour-le-succes-daction","status":"publish","type":"post","link":"https:\/\/www.retaildetail.be\/fr\/news\/general\/analyse-les-nouveaux-belges-determinants-pour-le-succes-daction\/","title":{"rendered":"[Analyse] Les \u00ab nouveaux Belges \u00bb d\u00e9terminants pour le succ\u00e8s d&rsquo;Action"},"content":{"rendered":"\n<p>En douze ans, <strong>Action<\/strong> a multipli\u00e9 par dix son chiffre d&rsquo;affaires en Belgique. Le chiffre d&rsquo;affaires moyen par magasin d\u00e9passe d\u00e9j\u00e0 les six millions d&rsquo;euros. Le d\u00e9taillant bas de gamme est populaire aupr\u00e8s de tous les groupes de population, mais surtout aupr\u00e8s des Belges issus de l&rsquo;immigration.<\/p>\n\n\n\n<h2 class=\"wp-block-heading\">Un attrait qui d\u00e9passe les fronti\u00e8res socio-\u00e9conomiques<\/h2>\n\n\n\n<p>Action Belgique continue de red\u00e9finir le commerce de d\u00e9tail \u00e0 bas prix. Entre 2012 et 2024, la cha\u00eene de magasins discount a multipli\u00e9 par dix son chiffre d&rsquo;affaires dans le pays, pour atteindre 1,38 milliard d&rsquo;euros, tandis que ses marges sont rest\u00e9es stables et que le nombre de magasins est pass\u00e9 \u00e0 228. C&rsquo;est ce qui ressort des chiffres exclusifs du cabinet d&rsquo;\u00e9tudes de march\u00e9 Shopperware.<\/p>\n\n\n\n<p>Malgr\u00e9 son ADN low cost, l&rsquo;attrait d&rsquo;Action d\u00e9passe les fronti\u00e8res socio-\u00e9conomiques : un Belge sur cinq issu de la classe \u00e0 faibles revenus et un Belge sur huit issu de la classe \u00e0 revenus \u00e9lev\u00e9s le citent comme l&rsquo;un de leurs magasins pr\u00e9f\u00e9r\u00e9s. La r\u00e9sonance aupr\u00e8s des \u00ab nouveaux Belges \u00bb (consommateurs vivant en Belgique, mais dont les deux parents ont une autre nationalit\u00e9), un segment de la population qui fa\u00e7onne de plus en plus le paysage commercial du pays, est particuli\u00e8rement frappante. \u00c0 l&rsquo;affirmation \u00ab Action est l&rsquo;un de mes magasins pr\u00e9f\u00e9r\u00e9s \u00bb, 29,1 % des nouveaux Belges r\u00e9pondent positivement, contre 15 % des \u00ab anciens \u00bb Belges.<\/p>\n\n\n\n<h2 class=\"wp-block-heading\">\u00ab Le commerce de d\u00e9tail bas de gamme n&rsquo;est pas un cr\u00e9neau \u00bb<\/h2>\n\n\n\n<p>\u00ab Les r\u00e9sultats confirment que le commerce de d\u00e9tail bas de gamme n&rsquo;est pas une niche, mais un acteur majeur du march\u00e9 \u00bb, explique le chercheur Dirk Vanderveken. \u00ab Tant pour les fabricants de produits de grande consommation que pour les d\u00e9taillants, il est difficile d&rsquo;anticiper cette \u00e9volution de mentalit\u00e9 des acheteurs : l&rsquo;accessibilit\u00e9 financi\u00e8re va de pair avec l&rsquo;aspiration. La croissance durable dans ce segment d\u00e9pendra de la coordination entre l&rsquo;innovation, l&rsquo;efficacit\u00e9 et la compr\u00e9hension, fond\u00e9e sur la connaissance, des consommateurs sensibles au prix. \u00bb <\/p>\n\n\n\n<figure class=\"wp-block-image size-large\"><img loading=\"lazy\" decoding=\"async\" width=\"1024\" height=\"373\" src=\"https:\/\/www.retaildetail.be\/wp-content\/uploads\/2025\/11\/action-chiffres-befr-1024x373.jpg\" alt=\"\" class=\"wp-image-133982\" srcset=\"https:\/\/www.retaildetail.be\/wp-content\/uploads\/2025\/11\/action-chiffres-befr-1024x373.jpg 1024w, https:\/\/www.retaildetail.be\/wp-content\/uploads\/2025\/11\/action-chiffres-befr-300x109.jpg 300w, https:\/\/www.retaildetail.be\/wp-content\/uploads\/2025\/11\/action-chiffres-befr-768x280.jpg 768w, https:\/\/www.retaildetail.be\/wp-content\/uploads\/2025\/11\/action-chiffres-befr.jpg 1128w\" sizes=\"auto, (max-width: 1024px) 100vw, 1024px\" \/><\/figure>\n\n\n\n<p><em>(Source : Shopperware)<\/em><\/p>\n","protected":false},"excerpt":{"rendered":"<p>En douze ans, Action a multipli\u00e9 par dix son chiffre d&rsquo;affaires en Belgique. Le chiffre d&rsquo;affaires moyen par magasin d\u00e9passe d\u00e9j\u00e0 les six millions d&rsquo;euros. Le d\u00e9taillant bas de gamme est populaire aupr\u00e8s de toutes les cat\u00e9gories de la population, mais surtout aupr\u00e8s des Belges issus de l&rsquo;immigration.  <\/p>\n","protected":false},"author":3,"featured_media":133980,"comment_status":"closed","ping_status":"closed","sticky":false,"template":"","format":"standard","meta":{"_acf_changed":false,"inline_featured_image":false,"_jetpack_memberships_contains_paid_content":false,"footnotes":""},"categories":[15,25],"tags":[],"people":[],"extra":[43],"company":[417],"topic":[266],"region":[226],"class_list":["post-133979","post","type-post","status-publish","format-standard","has-post-thumbnail","hentry","category-algemeen","category-general","extra-plus","company-action","topic-resultats-financiers","region-belgique"],"acf":[],"yoast_head":"<!-- This site is optimized with the Yoast SEO plugin v27.3 - https:\/\/yoast.com\/product\/yoast-seo-wordpress\/ -->\n<title>[Analyse] Les \u00ab nouveaux Belges \u00bb d\u00e9terminants pour le succ\u00e8s d&#039;Action - RetailDetail BE<\/title>\n<meta name=\"description\" content=\"En douze ans, Action a multipli\u00e9 par dix son chiffre d&#039;affaires en Belgique. Le chiffre d&#039;affaires moyen par magasin d\u00e9passe d\u00e9j\u00e0 les six millions d&#039;euros.\" \/>\n<meta name=\"robots\" content=\"index, follow, max-snippet:-1, max-image-preview:large, max-video-preview:-1\" \/>\n<link rel=\"canonical\" href=\"https:\/\/www.retaildetail.be\/fr\/news\/general\/analyse-les-nouveaux-belges-determinants-pour-le-succes-daction\/\" \/>\n<meta property=\"og:locale\" content=\"fr_FR\" \/>\n<meta property=\"og:type\" content=\"article\" \/>\n<meta property=\"og:title\" content=\"[Analyse] Les \u00ab nouveaux Belges \u00bb d\u00e9terminants pour le succ\u00e8s d&#039;Action - RetailDetail BE\" \/>\n<meta property=\"og:description\" content=\"En douze ans, Action a multipli\u00e9 par dix son chiffre d&#039;affaires en Belgique. Le chiffre d&#039;affaires moyen par magasin d\u00e9passe d\u00e9j\u00e0 les six millions d&#039;euros.\" \/>\n<meta property=\"og:url\" content=\"https:\/\/www.retaildetail.be\/fr\/news\/general\/analyse-les-nouveaux-belges-determinants-pour-le-succes-daction\/\" \/>\n<meta property=\"og:site_name\" content=\"RetailDetail BE\" \/>\n<meta property=\"article:published_time\" content=\"2025-11-06T14:18:44+00:00\" \/>\n<meta property=\"article:modified_time\" content=\"2025-11-06T14:18:45+00:00\" \/>\n<meta property=\"og:image\" content=\"https:\/\/www.retaildetail.be\/wp-content\/uploads\/2025\/11\/action-winkel.jpg\" \/>\n\t<meta property=\"og:image:width\" content=\"1920\" \/>\n\t<meta property=\"og:image:height\" content=\"1279\" \/>\n\t<meta property=\"og:image:type\" content=\"image\/jpeg\" \/>\n<meta name=\"author\" content=\"Stefan Van Rompaey\" \/>\n<meta name=\"twitter:card\" content=\"summary_large_image\" \/>\n<meta name=\"twitter:label1\" content=\"\u00c9crit par\" \/>\n\t<meta name=\"twitter:data1\" content=\"Stefan Van Rompaey\" \/>\n\t<meta name=\"twitter:label2\" content=\"Dur\u00e9e de lecture estim\u00e9e\" \/>\n\t<meta name=\"twitter:data2\" content=\"2 minutes\" \/>\n<script type=\"application\/ld+json\" class=\"yoast-schema-graph\">{\"@context\":\"https:\\\/\\\/schema.org\",\"@graph\":[{\"@type\":\"NewsArticle\",\"@id\":\"https:\\\/\\\/www.retaildetail.be\\\/fr\\\/news\\\/general\\\/analyse-les-nouveaux-belges-determinants-pour-le-succes-daction\\\/#article\",\"isPartOf\":{\"@id\":\"https:\\\/\\\/www.retaildetail.be\\\/fr\\\/news\\\/general\\\/analyse-les-nouveaux-belges-determinants-pour-le-succes-daction\\\/\"},\"author\":{\"name\":\"Stefan Van Rompaey\",\"@id\":\"https:\\\/\\\/www.retaildetail.be\\\/nl\\\/#\\\/schema\\\/person\\\/51aec6069c4416aa2f68b2e4ff3455df\"},\"headline\":\"[Analyse] Les \u00ab nouveaux Belges \u00bb d\u00e9terminants pour le succ\u00e8s d&rsquo;Action\",\"datePublished\":\"2025-11-06T14:18:44+00:00\",\"dateModified\":\"2025-11-06T14:18:45+00:00\",\"mainEntityOfPage\":{\"@id\":\"https:\\\/\\\/www.retaildetail.be\\\/fr\\\/news\\\/general\\\/analyse-les-nouveaux-belges-determinants-pour-le-succes-daction\\\/\"},\"wordCount\":371,\"publisher\":{\"@id\":\"https:\\\/\\\/www.retaildetail.be\\\/nl\\\/#organization\"},\"image\":{\"@id\":\"https:\\\/\\\/www.retaildetail.be\\\/fr\\\/news\\\/general\\\/analyse-les-nouveaux-belges-determinants-pour-le-succes-daction\\\/#primaryimage\"},\"thumbnailUrl\":\"https:\\\/\\\/www.retaildetail.be\\\/wp-content\\\/uploads\\\/2025\\\/11\\\/action-winkel.jpg\",\"articleSection\":[\"Algemeen\",\"G\u00e9n\u00e9ral\"],\"inLanguage\":\"fr-FR\",\"copyrightYear\":\"2025\",\"copyrightHolder\":{\"@id\":\"https:\\\/\\\/www.retaildetail.be\\\/#organization\"}},{\"@type\":\"WebPage\",\"@id\":\"https:\\\/\\\/www.retaildetail.be\\\/fr\\\/news\\\/general\\\/analyse-les-nouveaux-belges-determinants-pour-le-succes-daction\\\/\",\"url\":\"https:\\\/\\\/www.retaildetail.be\\\/fr\\\/news\\\/general\\\/analyse-les-nouveaux-belges-determinants-pour-le-succes-daction\\\/\",\"name\":\"[Analyse] Les \u00ab nouveaux Belges \u00bb d\u00e9terminants pour le succ\u00e8s d'Action - RetailDetail BE\",\"isPartOf\":{\"@id\":\"https:\\\/\\\/www.retaildetail.be\\\/nl\\\/#website\"},\"primaryImageOfPage\":{\"@id\":\"https:\\\/\\\/www.retaildetail.be\\\/fr\\\/news\\\/general\\\/analyse-les-nouveaux-belges-determinants-pour-le-succes-daction\\\/#primaryimage\"},\"image\":{\"@id\":\"https:\\\/\\\/www.retaildetail.be\\\/fr\\\/news\\\/general\\\/analyse-les-nouveaux-belges-determinants-pour-le-succes-daction\\\/#primaryimage\"},\"thumbnailUrl\":\"https:\\\/\\\/www.retaildetail.be\\\/wp-content\\\/uploads\\\/2025\\\/11\\\/action-winkel.jpg\",\"datePublished\":\"2025-11-06T14:18:44+00:00\",\"dateModified\":\"2025-11-06T14:18:45+00:00\",\"description\":\"En douze ans, Action a multipli\u00e9 par dix son chiffre d'affaires en Belgique. Le chiffre d'affaires moyen par magasin d\u00e9passe d\u00e9j\u00e0 les six millions d'euros.\",\"breadcrumb\":{\"@id\":\"https:\\\/\\\/www.retaildetail.be\\\/fr\\\/news\\\/general\\\/analyse-les-nouveaux-belges-determinants-pour-le-succes-daction\\\/#breadcrumb\"},\"inLanguage\":\"fr-FR\",\"potentialAction\":[{\"@type\":\"ReadAction\",\"target\":[\"https:\\\/\\\/www.retaildetail.be\\\/fr\\\/news\\\/general\\\/analyse-les-nouveaux-belges-determinants-pour-le-succes-daction\\\/\"]}]},{\"@type\":\"ImageObject\",\"inLanguage\":\"fr-FR\",\"@id\":\"https:\\\/\\\/www.retaildetail.be\\\/fr\\\/news\\\/general\\\/analyse-les-nouveaux-belges-determinants-pour-le-succes-daction\\\/#primaryimage\",\"url\":\"https:\\\/\\\/www.retaildetail.be\\\/wp-content\\\/uploads\\\/2025\\\/11\\\/action-winkel.jpg\",\"contentUrl\":\"https:\\\/\\\/www.retaildetail.be\\\/wp-content\\\/uploads\\\/2025\\\/11\\\/action-winkel.jpg\",\"width\":1920,\"height\":1279},{\"@type\":\"BreadcrumbList\",\"@id\":\"https:\\\/\\\/www.retaildetail.be\\\/fr\\\/news\\\/general\\\/analyse-les-nouveaux-belges-determinants-pour-le-succes-daction\\\/#breadcrumb\",\"itemListElement\":[{\"@type\":\"ListItem\",\"position\":1,\"name\":\"Home\",\"item\":\"https:\\\/\\\/www.retaildetail.be\\\/fr\\\/\"},{\"@type\":\"ListItem\",\"position\":2,\"name\":\"[Analyse] Les \u00ab nouveaux Belges \u00bb d\u00e9terminants pour le succ\u00e8s d&#8217;Action\"}]},{\"@type\":\"WebSite\",\"@id\":\"https:\\\/\\\/www.retaildetail.be\\\/nl\\\/#website\",\"url\":\"https:\\\/\\\/www.retaildetail.be\\\/nl\\\/\",\"name\":\"RetailDetail BE\",\"description\":\"News\",\"publisher\":{\"@id\":\"https:\\\/\\\/www.retaildetail.be\\\/nl\\\/#organization\"},\"potentialAction\":[{\"@type\":\"SearchAction\",\"target\":{\"@type\":\"EntryPoint\",\"urlTemplate\":\"https:\\\/\\\/www.retaildetail.be\\\/nl\\\/?s={search_term_string}\"},\"query-input\":{\"@type\":\"PropertyValueSpecification\",\"valueRequired\":true,\"valueName\":\"search_term_string\"}}],\"inLanguage\":\"fr-FR\"},{\"@type\":\"Organization\",\"@id\":\"https:\\\/\\\/www.retaildetail.be\\\/nl\\\/#organization\",\"name\":\"RetailDetail BE\",\"url\":\"https:\\\/\\\/www.retaildetail.be\\\/nl\\\/\",\"logo\":{\"@type\":\"ImageObject\",\"inLanguage\":\"fr-FR\",\"@id\":\"https:\\\/\\\/www.retaildetail.be\\\/nl\\\/#\\\/schema\\\/logo\\\/image\\\/\",\"url\":\"https:\\\/\\\/www.retaildetail.be\\\/wp-content\\\/uploads\\\/2022\\\/04\\\/logo.svg\",\"contentUrl\":\"https:\\\/\\\/www.retaildetail.be\\\/wp-content\\\/uploads\\\/2022\\\/04\\\/logo.svg\",\"width\":131,\"height\":70,\"caption\":\"RetailDetail BE\"},\"image\":{\"@id\":\"https:\\\/\\\/www.retaildetail.be\\\/nl\\\/#\\\/schema\\\/logo\\\/image\\\/\"}},{\"@type\":\"Person\",\"@id\":\"https:\\\/\\\/www.retaildetail.be\\\/nl\\\/#\\\/schema\\\/person\\\/51aec6069c4416aa2f68b2e4ff3455df\",\"name\":\"Stefan Van Rompaey\",\"image\":{\"@type\":\"ImageObject\",\"inLanguage\":\"fr-FR\",\"@id\":\"https:\\\/\\\/secure.gravatar.com\\\/avatar\\\/fbbb4a80a0f109888b2a5ab8ae255617499ecde533749b3ab2fa6c23b5d65dac?s=96&d=mm&r=g\",\"url\":\"https:\\\/\\\/secure.gravatar.com\\\/avatar\\\/fbbb4a80a0f109888b2a5ab8ae255617499ecde533749b3ab2fa6c23b5d65dac?s=96&d=mm&r=g\",\"contentUrl\":\"https:\\\/\\\/secure.gravatar.com\\\/avatar\\\/fbbb4a80a0f109888b2a5ab8ae255617499ecde533749b3ab2fa6c23b5d65dac?s=96&d=mm&r=g\",\"caption\":\"Stefan Van Rompaey\"},\"url\":\"https:\\\/\\\/www.retaildetail.be\\\/fr\\\/author\\\/stefanvanrompaey\\\/\"}]}<\/script>\n<!-- \/ Yoast SEO plugin. -->","yoast_head_json":{"title":"[Analyse] Les \u00ab nouveaux Belges \u00bb d\u00e9terminants pour le succ\u00e8s d'Action - RetailDetail BE","description":"En douze ans, Action a multipli\u00e9 par dix son chiffre d'affaires en Belgique. Le chiffre d'affaires moyen par magasin d\u00e9passe d\u00e9j\u00e0 les six millions d'euros.","robots":{"index":"index","follow":"follow","max-snippet":"max-snippet:-1","max-image-preview":"max-image-preview:large","max-video-preview":"max-video-preview:-1"},"canonical":"https:\/\/www.retaildetail.be\/fr\/news\/general\/analyse-les-nouveaux-belges-determinants-pour-le-succes-daction\/","og_locale":"fr_FR","og_type":"article","og_title":"[Analyse] Les \u00ab nouveaux Belges \u00bb d\u00e9terminants pour le succ\u00e8s d'Action - RetailDetail BE","og_description":"En douze ans, Action a multipli\u00e9 par dix son chiffre d'affaires en Belgique. Le chiffre d'affaires moyen par magasin d\u00e9passe d\u00e9j\u00e0 les six millions d'euros.","og_url":"https:\/\/www.retaildetail.be\/fr\/news\/general\/analyse-les-nouveaux-belges-determinants-pour-le-succes-daction\/","og_site_name":"RetailDetail BE","article_published_time":"2025-11-06T14:18:44+00:00","article_modified_time":"2025-11-06T14:18:45+00:00","og_image":[{"width":1920,"height":1279,"url":"https:\/\/www.retaildetail.be\/wp-content\/uploads\/2025\/11\/action-winkel.jpg","type":"image\/jpeg"}],"author":"Stefan Van Rompaey","twitter_card":"summary_large_image","twitter_misc":{"\u00c9crit par":"Stefan Van Rompaey","Dur\u00e9e de lecture estim\u00e9e":"2 minutes"},"schema":{"@context":"https:\/\/schema.org","@graph":[{"@type":"NewsArticle","@id":"https:\/\/www.retaildetail.be\/fr\/news\/general\/analyse-les-nouveaux-belges-determinants-pour-le-succes-daction\/#article","isPartOf":{"@id":"https:\/\/www.retaildetail.be\/fr\/news\/general\/analyse-les-nouveaux-belges-determinants-pour-le-succes-daction\/"},"author":{"name":"Stefan Van Rompaey","@id":"https:\/\/www.retaildetail.be\/nl\/#\/schema\/person\/51aec6069c4416aa2f68b2e4ff3455df"},"headline":"[Analyse] Les \u00ab nouveaux Belges \u00bb d\u00e9terminants pour le succ\u00e8s d&rsquo;Action","datePublished":"2025-11-06T14:18:44+00:00","dateModified":"2025-11-06T14:18:45+00:00","mainEntityOfPage":{"@id":"https:\/\/www.retaildetail.be\/fr\/news\/general\/analyse-les-nouveaux-belges-determinants-pour-le-succes-daction\/"},"wordCount":371,"publisher":{"@id":"https:\/\/www.retaildetail.be\/nl\/#organization"},"image":{"@id":"https:\/\/www.retaildetail.be\/fr\/news\/general\/analyse-les-nouveaux-belges-determinants-pour-le-succes-daction\/#primaryimage"},"thumbnailUrl":"https:\/\/www.retaildetail.be\/wp-content\/uploads\/2025\/11\/action-winkel.jpg","articleSection":["Algemeen","G\u00e9n\u00e9ral"],"inLanguage":"fr-FR","copyrightYear":"2025","copyrightHolder":{"@id":"https:\/\/www.retaildetail.be\/#organization"}},{"@type":"WebPage","@id":"https:\/\/www.retaildetail.be\/fr\/news\/general\/analyse-les-nouveaux-belges-determinants-pour-le-succes-daction\/","url":"https:\/\/www.retaildetail.be\/fr\/news\/general\/analyse-les-nouveaux-belges-determinants-pour-le-succes-daction\/","name":"[Analyse] Les \u00ab nouveaux Belges \u00bb d\u00e9terminants pour le succ\u00e8s d'Action - RetailDetail BE","isPartOf":{"@id":"https:\/\/www.retaildetail.be\/nl\/#website"},"primaryImageOfPage":{"@id":"https:\/\/www.retaildetail.be\/fr\/news\/general\/analyse-les-nouveaux-belges-determinants-pour-le-succes-daction\/#primaryimage"},"image":{"@id":"https:\/\/www.retaildetail.be\/fr\/news\/general\/analyse-les-nouveaux-belges-determinants-pour-le-succes-daction\/#primaryimage"},"thumbnailUrl":"https:\/\/www.retaildetail.be\/wp-content\/uploads\/2025\/11\/action-winkel.jpg","datePublished":"2025-11-06T14:18:44+00:00","dateModified":"2025-11-06T14:18:45+00:00","description":"En douze ans, Action a multipli\u00e9 par dix son chiffre d'affaires en Belgique. Le chiffre d'affaires moyen par magasin d\u00e9passe d\u00e9j\u00e0 les six millions d'euros.","breadcrumb":{"@id":"https:\/\/www.retaildetail.be\/fr\/news\/general\/analyse-les-nouveaux-belges-determinants-pour-le-succes-daction\/#breadcrumb"},"inLanguage":"fr-FR","potentialAction":[{"@type":"ReadAction","target":["https:\/\/www.retaildetail.be\/fr\/news\/general\/analyse-les-nouveaux-belges-determinants-pour-le-succes-daction\/"]}]},{"@type":"ImageObject","inLanguage":"fr-FR","@id":"https:\/\/www.retaildetail.be\/fr\/news\/general\/analyse-les-nouveaux-belges-determinants-pour-le-succes-daction\/#primaryimage","url":"https:\/\/www.retaildetail.be\/wp-content\/uploads\/2025\/11\/action-winkel.jpg","contentUrl":"https:\/\/www.retaildetail.be\/wp-content\/uploads\/2025\/11\/action-winkel.jpg","width":1920,"height":1279},{"@type":"BreadcrumbList","@id":"https:\/\/www.retaildetail.be\/fr\/news\/general\/analyse-les-nouveaux-belges-determinants-pour-le-succes-daction\/#breadcrumb","itemListElement":[{"@type":"ListItem","position":1,"name":"Home","item":"https:\/\/www.retaildetail.be\/fr\/"},{"@type":"ListItem","position":2,"name":"[Analyse] Les \u00ab nouveaux Belges \u00bb d\u00e9terminants pour le succ\u00e8s d&#8217;Action"}]},{"@type":"WebSite","@id":"https:\/\/www.retaildetail.be\/nl\/#website","url":"https:\/\/www.retaildetail.be\/nl\/","name":"RetailDetail BE","description":"News","publisher":{"@id":"https:\/\/www.retaildetail.be\/nl\/#organization"},"potentialAction":[{"@type":"SearchAction","target":{"@type":"EntryPoint","urlTemplate":"https:\/\/www.retaildetail.be\/nl\/?s={search_term_string}"},"query-input":{"@type":"PropertyValueSpecification","valueRequired":true,"valueName":"search_term_string"}}],"inLanguage":"fr-FR"},{"@type":"Organization","@id":"https:\/\/www.retaildetail.be\/nl\/#organization","name":"RetailDetail BE","url":"https:\/\/www.retaildetail.be\/nl\/","logo":{"@type":"ImageObject","inLanguage":"fr-FR","@id":"https:\/\/www.retaildetail.be\/nl\/#\/schema\/logo\/image\/","url":"https:\/\/www.retaildetail.be\/wp-content\/uploads\/2022\/04\/logo.svg","contentUrl":"https:\/\/www.retaildetail.be\/wp-content\/uploads\/2022\/04\/logo.svg","width":131,"height":70,"caption":"RetailDetail BE"},"image":{"@id":"https:\/\/www.retaildetail.be\/nl\/#\/schema\/logo\/image\/"}},{"@type":"Person","@id":"https:\/\/www.retaildetail.be\/nl\/#\/schema\/person\/51aec6069c4416aa2f68b2e4ff3455df","name":"Stefan Van Rompaey","image":{"@type":"ImageObject","inLanguage":"fr-FR","@id":"https:\/\/secure.gravatar.com\/avatar\/fbbb4a80a0f109888b2a5ab8ae255617499ecde533749b3ab2fa6c23b5d65dac?s=96&d=mm&r=g","url":"https:\/\/secure.gravatar.com\/avatar\/fbbb4a80a0f109888b2a5ab8ae255617499ecde533749b3ab2fa6c23b5d65dac?s=96&d=mm&r=g","contentUrl":"https:\/\/secure.gravatar.com\/avatar\/fbbb4a80a0f109888b2a5ab8ae255617499ecde533749b3ab2fa6c23b5d65dac?s=96&d=mm&r=g","caption":"Stefan Van Rompaey"},"url":"https:\/\/www.retaildetail.be\/fr\/author\/stefanvanrompaey\/"}]}},"jetpack_featured_media_url":"https:\/\/www.retaildetail.be\/wp-content\/uploads\/2025\/11\/action-winkel.jpg","jetpack_sharing_enabled":true,"_links":{"self":[{"href":"https:\/\/www.retaildetail.be\/fr\/wp-json\/wp\/v2\/posts\/133979","targetHints":{"allow":["GET"]}}],"collection":[{"href":"https:\/\/www.retaildetail.be\/fr\/wp-json\/wp\/v2\/posts"}],"about":[{"href":"https:\/\/www.retaildetail.be\/fr\/wp-json\/wp\/v2\/types\/post"}],"author":[{"embeddable":true,"href":"https:\/\/www.retaildetail.be\/fr\/wp-json\/wp\/v2\/users\/3"}],"replies":[{"embeddable":true,"href":"https:\/\/www.retaildetail.be\/fr\/wp-json\/wp\/v2\/comments?post=133979"}],"version-history":[{"count":1,"href":"https:\/\/www.retaildetail.be\/fr\/wp-json\/wp\/v2\/posts\/133979\/revisions"}],"predecessor-version":[{"id":133985,"href":"https:\/\/www.retaildetail.be\/fr\/wp-json\/wp\/v2\/posts\/133979\/revisions\/133985"}],"wp:featuredmedia":[{"embeddable":true,"href":"https:\/\/www.retaildetail.be\/fr\/wp-json\/wp\/v2\/media\/133980"}],"wp:attachment":[{"href":"https:\/\/www.retaildetail.be\/fr\/wp-json\/wp\/v2\/media?parent=133979"}],"wp:term":[{"taxonomy":"category","embeddable":true,"href":"https:\/\/www.retaildetail.be\/fr\/wp-json\/wp\/v2\/categories?post=133979"},{"taxonomy":"post_tag","embeddable":true,"href":"https:\/\/www.retaildetail.be\/fr\/wp-json\/wp\/v2\/tags?post=133979"},{"taxonomy":"people","embeddable":true,"href":"https:\/\/www.retaildetail.be\/fr\/wp-json\/wp\/v2\/people?post=133979"},{"taxonomy":"extra","embeddable":true,"href":"https:\/\/www.retaildetail.be\/fr\/wp-json\/wp\/v2\/extra?post=133979"},{"taxonomy":"company","embeddable":true,"href":"https:\/\/www.retaildetail.be\/fr\/wp-json\/wp\/v2\/company?post=133979"},{"taxonomy":"topic","embeddable":true,"href":"https:\/\/www.retaildetail.be\/fr\/wp-json\/wp\/v2\/topic?post=133979"},{"taxonomy":"region","embeddable":true,"href":"https:\/\/www.retaildetail.be\/fr\/wp-json\/wp\/v2\/region?post=133979"}],"curies":[{"name":"wp","href":"https:\/\/api.w.org\/{rel}","templated":true}]}}