{"id":134266,"date":"2025-11-10T18:02:38","date_gmt":"2025-11-10T17:02:38","guid":{"rendered":"https:\/\/www.retaildetail.be\/?p=134266"},"modified":"2025-11-10T18:02:56","modified_gmt":"2025-11-10T17:02:56","slug":"jd-com-ouvrira-50-nouveaux-pavillons-nationaux-en-2026","status":"publish","type":"post","link":"https:\/\/www.retaildetail.be\/fr\/news\/general\/jd-com-ouvrira-50-nouveaux-pavillons-nationaux-en-2026\/","title":{"rendered":"JD.com ouvrira 50 nouveaux &lsquo;pavillons nationaux&rsquo; en 2026"},"content":{"rendered":"\n<p>JD Cross-Border, la branche importation de <strong>JD.com<\/strong>, annonce une refonte majeure du programme National Pavilion. En 2026, cinquante boutiques nationales suppl\u00e9mentaires seront mises en ligne, proposant des dizaines de milliers de nouveaux produits import\u00e9s et sp\u00e9cialit\u00e9s.<\/p>\n\n\n\n<h2 class=\"wp-block-heading\">Lancement avec des d\u00e9l\u00e9gations diplomatiques<\/h2>\n\n\n\n<p>Des ambassadeurs et des diplomates de dix-sept pays, dont la Belgique, la France, l&rsquo;Italie, le Japon et Singapour, se sont joints au PDG Sandy Xu pour le lancement. \u00ab Gr\u00e2ce \u00e0 notre expertise logistique, nous aidons les marques mondiales \u00e0 p\u00e9n\u00e9trer le march\u00e9 chinois et \u00e0 s&rsquo;y d\u00e9velopper, tout en transmettant la vitalit\u00e9 des consommateurs chinois \u00e0 nos partenaires internationaux \u00bb, a d\u00e9clar\u00e9 M. Xu. Le PDG a \u00e9galement qualifi\u00e9 les \u00ab National Pavilions \u00bb de \u00ab simples canaux de vente, mais aussi de centres dynamiques d&rsquo;\u00e9changes culturels, qui servent de sc\u00e8ne mondiale aux consommateurs chinois \u00bb.<\/p>\n\n\n\n<p>Les diplomates ont \u00e9galement visit\u00e9 une exposition pr\u00e9sentant des produits embl\u00e9matiques de leurs pays qui connaissent un succ\u00e8s en Chine via JD.com. Ils ont \u00e9galement test\u00e9 le service de \u00ab livraison instantan\u00e9e \u00bb et ont pu voir en direct comment les produits import\u00e9s passaient la douane et arrivaient sur place en moins de 60 minutes.<\/p>\n\n\n\n\n<p>La modernisation des \u00ab pavillons nationaux \u00bb s&rsquo;inscrit dans le cadre du plan \u00ab 10 Billion GigaGrowth \u00bb, gr\u00e2ce auquel JD Cross-Border souhaite connecter un millier de marques \u00e9trang\u00e8res et r\u00e9aliser un chiffre d&rsquo;affaires de dix milliards de yuans chinois (1,3 milliard d&rsquo;euros) en trois ans. Cette r\u00e9novation met l&rsquo;accent sur trois points : l&rsquo;augmentation d&rsquo;\u00e9chelle (plus de sp\u00e9cialit\u00e9s nationales), l&rsquo;\u00e9largissement de l&rsquo;offre avec des dizaines de milliers de nouveaux produits et le renforcement de la confiance des consommateurs gr\u00e2ce \u00e0 une logistique optimis\u00e9e.<\/p>\n\n\n","protected":false},"excerpt":{"rendered":"<p>JD Cross-Border, la branche importation de JD.com, annonce une refonte majeure du programme National Pavilion. En 2026, cinquante boutiques nationales suppl\u00e9mentaires seront mises en ligne, proposant des dizaines de milliers de nouveaux produits import\u00e9s et sp\u00e9cialit\u00e9s.<\/p>\n","protected":false},"author":10,"featured_media":134267,"comment_status":"closed","ping_status":"closed","sticky":false,"template":"","format":"standard","meta":{"_acf_changed":false,"inline_featured_image":false,"_jetpack_memberships_contains_paid_content":false,"footnotes":""},"categories":[15,25],"tags":[],"people":[],"extra":[43],"company":[454],"topic":[],"region":[277],"class_list":["post-134266","post","type-post","status-publish","format-standard","has-post-thumbnail","hentry","category-algemeen","category-general","extra-plus","company-jd-com","region-chine"],"acf":[],"yoast_head":"<!-- This site is optimized with the Yoast SEO plugin v27.3 - https:\/\/yoast.com\/product\/yoast-seo-wordpress\/ -->\n<title>JD.com ouvrira 50 nouveaux &#039;pavillons nationaux&#039; en 2026 - RetailDetail BE<\/title>\n<meta name=\"description\" content=\"JD.com annonce une refonte du programme National Pavilion. En 2026, cinquante boutiques nationales suppl\u00e9mentaires seront mises en ligne.\" \/>\n<meta name=\"robots\" content=\"index, follow, max-snippet:-1, max-image-preview:large, max-video-preview:-1\" \/>\n<link rel=\"canonical\" href=\"https:\/\/www.retaildetail.be\/fr\/news\/general\/jd-com-ouvrira-50-nouveaux-pavillons-nationaux-en-2026\/\" \/>\n<meta property=\"og:locale\" content=\"fr_FR\" \/>\n<meta property=\"og:type\" content=\"article\" \/>\n<meta property=\"og:title\" content=\"JD.com ouvrira 50 nouveaux &#039;pavillons nationaux&#039; en 2026 - RetailDetail BE\" \/>\n<meta property=\"og:description\" content=\"JD.com annonce une refonte du programme National Pavilion. En 2026, cinquante boutiques nationales suppl\u00e9mentaires seront mises en ligne.\" \/>\n<meta property=\"og:url\" content=\"https:\/\/www.retaildetail.be\/fr\/news\/general\/jd-com-ouvrira-50-nouveaux-pavillons-nationaux-en-2026\/\" \/>\n<meta property=\"og:site_name\" content=\"RetailDetail BE\" \/>\n<meta property=\"article:published_time\" content=\"2025-11-10T17:02:38+00:00\" \/>\n<meta property=\"article:modified_time\" content=\"2025-11-10T17:02:56+00:00\" \/>\n<meta property=\"og:image\" content=\"https:\/\/www.retaildetail.be\/wp-content\/uploads\/2025\/11\/jd.com-shutterstock.jpg\" \/>\n\t<meta property=\"og:image:width\" content=\"1000\" \/>\n\t<meta property=\"og:image:height\" content=\"667\" \/>\n\t<meta property=\"og:image:type\" content=\"image\/jpeg\" \/>\n<meta name=\"author\" content=\"Jorg Snoeck\" \/>\n<meta name=\"twitter:card\" content=\"summary_large_image\" \/>\n<meta name=\"twitter:label1\" content=\"\u00c9crit par\" \/>\n\t<meta name=\"twitter:data1\" content=\"Jorg Snoeck\" \/>\n\t<meta name=\"twitter:label2\" content=\"Dur\u00e9e de lecture estim\u00e9e\" \/>\n\t<meta name=\"twitter:data2\" content=\"1 minute\" \/>\n<script type=\"application\/ld+json\" class=\"yoast-schema-graph\">{\"@context\":\"https:\\\/\\\/schema.org\",\"@graph\":[{\"@type\":\"NewsArticle\",\"@id\":\"https:\\\/\\\/www.retaildetail.be\\\/fr\\\/news\\\/general\\\/jd-com-ouvrira-50-nouveaux-pavillons-nationaux-en-2026\\\/#article\",\"isPartOf\":{\"@id\":\"https:\\\/\\\/www.retaildetail.be\\\/fr\\\/news\\\/general\\\/jd-com-ouvrira-50-nouveaux-pavillons-nationaux-en-2026\\\/\"},\"author\":{\"name\":\"Jorg Snoeck\",\"@id\":\"https:\\\/\\\/www.retaildetail.be\\\/nl\\\/#\\\/schema\\\/person\\\/71d9b89376db00e9b1aa8a2841e71a72\"},\"headline\":\"JD.com ouvrira 50 nouveaux &lsquo;pavillons nationaux&rsquo; en 2026\",\"datePublished\":\"2025-11-10T17:02:38+00:00\",\"dateModified\":\"2025-11-10T17:02:56+00:00\",\"mainEntityOfPage\":{\"@id\":\"https:\\\/\\\/www.retaildetail.be\\\/fr\\\/news\\\/general\\\/jd-com-ouvrira-50-nouveaux-pavillons-nationaux-en-2026\\\/\"},\"wordCount\":300,\"publisher\":{\"@id\":\"https:\\\/\\\/www.retaildetail.be\\\/nl\\\/#organization\"},\"image\":{\"@id\":\"https:\\\/\\\/www.retaildetail.be\\\/fr\\\/news\\\/general\\\/jd-com-ouvrira-50-nouveaux-pavillons-nationaux-en-2026\\\/#primaryimage\"},\"thumbnailUrl\":\"https:\\\/\\\/www.retaildetail.be\\\/wp-content\\\/uploads\\\/2025\\\/11\\\/jd.com-shutterstock.jpg\",\"articleSection\":[\"Algemeen\",\"G\u00e9n\u00e9ral\"],\"inLanguage\":\"fr-FR\",\"copyrightYear\":\"2025\",\"copyrightHolder\":{\"@id\":\"https:\\\/\\\/www.retaildetail.be\\\/#organization\"}},{\"@type\":\"WebPage\",\"@id\":\"https:\\\/\\\/www.retaildetail.be\\\/fr\\\/news\\\/general\\\/jd-com-ouvrira-50-nouveaux-pavillons-nationaux-en-2026\\\/\",\"url\":\"https:\\\/\\\/www.retaildetail.be\\\/fr\\\/news\\\/general\\\/jd-com-ouvrira-50-nouveaux-pavillons-nationaux-en-2026\\\/\",\"name\":\"JD.com ouvrira 50 nouveaux 'pavillons nationaux' en 2026 - RetailDetail BE\",\"isPartOf\":{\"@id\":\"https:\\\/\\\/www.retaildetail.be\\\/nl\\\/#website\"},\"primaryImageOfPage\":{\"@id\":\"https:\\\/\\\/www.retaildetail.be\\\/fr\\\/news\\\/general\\\/jd-com-ouvrira-50-nouveaux-pavillons-nationaux-en-2026\\\/#primaryimage\"},\"image\":{\"@id\":\"https:\\\/\\\/www.retaildetail.be\\\/fr\\\/news\\\/general\\\/jd-com-ouvrira-50-nouveaux-pavillons-nationaux-en-2026\\\/#primaryimage\"},\"thumbnailUrl\":\"https:\\\/\\\/www.retaildetail.be\\\/wp-content\\\/uploads\\\/2025\\\/11\\\/jd.com-shutterstock.jpg\",\"datePublished\":\"2025-11-10T17:02:38+00:00\",\"dateModified\":\"2025-11-10T17:02:56+00:00\",\"description\":\"JD.com annonce une refonte du programme National Pavilion. En 2026, cinquante boutiques nationales suppl\u00e9mentaires seront mises en ligne.\",\"breadcrumb\":{\"@id\":\"https:\\\/\\\/www.retaildetail.be\\\/fr\\\/news\\\/general\\\/jd-com-ouvrira-50-nouveaux-pavillons-nationaux-en-2026\\\/#breadcrumb\"},\"inLanguage\":\"fr-FR\",\"potentialAction\":[{\"@type\":\"ReadAction\",\"target\":[\"https:\\\/\\\/www.retaildetail.be\\\/fr\\\/news\\\/general\\\/jd-com-ouvrira-50-nouveaux-pavillons-nationaux-en-2026\\\/\"]}]},{\"@type\":\"ImageObject\",\"inLanguage\":\"fr-FR\",\"@id\":\"https:\\\/\\\/www.retaildetail.be\\\/fr\\\/news\\\/general\\\/jd-com-ouvrira-50-nouveaux-pavillons-nationaux-en-2026\\\/#primaryimage\",\"url\":\"https:\\\/\\\/www.retaildetail.be\\\/wp-content\\\/uploads\\\/2025\\\/11\\\/jd.com-shutterstock.jpg\",\"contentUrl\":\"https:\\\/\\\/www.retaildetail.be\\\/wp-content\\\/uploads\\\/2025\\\/11\\\/jd.com-shutterstock.jpg\",\"width\":1000,\"height\":667,\"caption\":\"\u00a9 Shutterstock.com\"},{\"@type\":\"BreadcrumbList\",\"@id\":\"https:\\\/\\\/www.retaildetail.be\\\/fr\\\/news\\\/general\\\/jd-com-ouvrira-50-nouveaux-pavillons-nationaux-en-2026\\\/#breadcrumb\",\"itemListElement\":[{\"@type\":\"ListItem\",\"position\":1,\"name\":\"Home\",\"item\":\"https:\\\/\\\/www.retaildetail.be\\\/fr\\\/\"},{\"@type\":\"ListItem\",\"position\":2,\"name\":\"JD.com ouvrira 50 nouveaux &#8216;pavillons nationaux&#8217; en 2026\"}]},{\"@type\":\"WebSite\",\"@id\":\"https:\\\/\\\/www.retaildetail.be\\\/nl\\\/#website\",\"url\":\"https:\\\/\\\/www.retaildetail.be\\\/nl\\\/\",\"name\":\"RetailDetail BE\",\"description\":\"News\",\"publisher\":{\"@id\":\"https:\\\/\\\/www.retaildetail.be\\\/nl\\\/#organization\"},\"potentialAction\":[{\"@type\":\"SearchAction\",\"target\":{\"@type\":\"EntryPoint\",\"urlTemplate\":\"https:\\\/\\\/www.retaildetail.be\\\/nl\\\/?s={search_term_string}\"},\"query-input\":{\"@type\":\"PropertyValueSpecification\",\"valueRequired\":true,\"valueName\":\"search_term_string\"}}],\"inLanguage\":\"fr-FR\"},{\"@type\":\"Organization\",\"@id\":\"https:\\\/\\\/www.retaildetail.be\\\/nl\\\/#organization\",\"name\":\"RetailDetail BE\",\"url\":\"https:\\\/\\\/www.retaildetail.be\\\/nl\\\/\",\"logo\":{\"@type\":\"ImageObject\",\"inLanguage\":\"fr-FR\",\"@id\":\"https:\\\/\\\/www.retaildetail.be\\\/nl\\\/#\\\/schema\\\/logo\\\/image\\\/\",\"url\":\"https:\\\/\\\/www.retaildetail.be\\\/wp-content\\\/uploads\\\/2022\\\/04\\\/logo.svg\",\"contentUrl\":\"https:\\\/\\\/www.retaildetail.be\\\/wp-content\\\/uploads\\\/2022\\\/04\\\/logo.svg\",\"width\":131,\"height\":70,\"caption\":\"RetailDetail BE\"},\"image\":{\"@id\":\"https:\\\/\\\/www.retaildetail.be\\\/nl\\\/#\\\/schema\\\/logo\\\/image\\\/\"}},{\"@type\":\"Person\",\"@id\":\"https:\\\/\\\/www.retaildetail.be\\\/nl\\\/#\\\/schema\\\/person\\\/71d9b89376db00e9b1aa8a2841e71a72\",\"name\":\"Jorg Snoeck\",\"image\":{\"@type\":\"ImageObject\",\"inLanguage\":\"fr-FR\",\"@id\":\"https:\\\/\\\/secure.gravatar.com\\\/avatar\\\/fc1bd94c7d40f2446e6bf778bb34cf9ab000168f63533cec8e072f4ad96ce7f3?s=96&d=mm&r=g\",\"url\":\"https:\\\/\\\/secure.gravatar.com\\\/avatar\\\/fc1bd94c7d40f2446e6bf778bb34cf9ab000168f63533cec8e072f4ad96ce7f3?s=96&d=mm&r=g\",\"contentUrl\":\"https:\\\/\\\/secure.gravatar.com\\\/avatar\\\/fc1bd94c7d40f2446e6bf778bb34cf9ab000168f63533cec8e072f4ad96ce7f3?s=96&d=mm&r=g\",\"caption\":\"Jorg Snoeck\"},\"url\":\"https:\\\/\\\/www.retaildetail.be\\\/fr\\\/author\\\/jorgsnoeck\\\/\"}]}<\/script>\n<!-- \/ Yoast SEO plugin. -->","yoast_head_json":{"title":"JD.com ouvrira 50 nouveaux 'pavillons nationaux' en 2026 - RetailDetail BE","description":"JD.com annonce une refonte du programme National Pavilion. En 2026, cinquante boutiques nationales suppl\u00e9mentaires seront mises en ligne.","robots":{"index":"index","follow":"follow","max-snippet":"max-snippet:-1","max-image-preview":"max-image-preview:large","max-video-preview":"max-video-preview:-1"},"canonical":"https:\/\/www.retaildetail.be\/fr\/news\/general\/jd-com-ouvrira-50-nouveaux-pavillons-nationaux-en-2026\/","og_locale":"fr_FR","og_type":"article","og_title":"JD.com ouvrira 50 nouveaux 'pavillons nationaux' en 2026 - RetailDetail BE","og_description":"JD.com annonce une refonte du programme National Pavilion. En 2026, cinquante boutiques nationales suppl\u00e9mentaires seront mises en ligne.","og_url":"https:\/\/www.retaildetail.be\/fr\/news\/general\/jd-com-ouvrira-50-nouveaux-pavillons-nationaux-en-2026\/","og_site_name":"RetailDetail BE","article_published_time":"2025-11-10T17:02:38+00:00","article_modified_time":"2025-11-10T17:02:56+00:00","og_image":[{"width":1000,"height":667,"url":"https:\/\/www.retaildetail.be\/wp-content\/uploads\/2025\/11\/jd.com-shutterstock.jpg","type":"image\/jpeg"}],"author":"Jorg Snoeck","twitter_card":"summary_large_image","twitter_misc":{"\u00c9crit par":"Jorg Snoeck","Dur\u00e9e de lecture estim\u00e9e":"1 minute"},"schema":{"@context":"https:\/\/schema.org","@graph":[{"@type":"NewsArticle","@id":"https:\/\/www.retaildetail.be\/fr\/news\/general\/jd-com-ouvrira-50-nouveaux-pavillons-nationaux-en-2026\/#article","isPartOf":{"@id":"https:\/\/www.retaildetail.be\/fr\/news\/general\/jd-com-ouvrira-50-nouveaux-pavillons-nationaux-en-2026\/"},"author":{"name":"Jorg Snoeck","@id":"https:\/\/www.retaildetail.be\/nl\/#\/schema\/person\/71d9b89376db00e9b1aa8a2841e71a72"},"headline":"JD.com ouvrira 50 nouveaux &lsquo;pavillons nationaux&rsquo; en 2026","datePublished":"2025-11-10T17:02:38+00:00","dateModified":"2025-11-10T17:02:56+00:00","mainEntityOfPage":{"@id":"https:\/\/www.retaildetail.be\/fr\/news\/general\/jd-com-ouvrira-50-nouveaux-pavillons-nationaux-en-2026\/"},"wordCount":300,"publisher":{"@id":"https:\/\/www.retaildetail.be\/nl\/#organization"},"image":{"@id":"https:\/\/www.retaildetail.be\/fr\/news\/general\/jd-com-ouvrira-50-nouveaux-pavillons-nationaux-en-2026\/#primaryimage"},"thumbnailUrl":"https:\/\/www.retaildetail.be\/wp-content\/uploads\/2025\/11\/jd.com-shutterstock.jpg","articleSection":["Algemeen","G\u00e9n\u00e9ral"],"inLanguage":"fr-FR","copyrightYear":"2025","copyrightHolder":{"@id":"https:\/\/www.retaildetail.be\/#organization"}},{"@type":"WebPage","@id":"https:\/\/www.retaildetail.be\/fr\/news\/general\/jd-com-ouvrira-50-nouveaux-pavillons-nationaux-en-2026\/","url":"https:\/\/www.retaildetail.be\/fr\/news\/general\/jd-com-ouvrira-50-nouveaux-pavillons-nationaux-en-2026\/","name":"JD.com ouvrira 50 nouveaux 'pavillons nationaux' en 2026 - RetailDetail BE","isPartOf":{"@id":"https:\/\/www.retaildetail.be\/nl\/#website"},"primaryImageOfPage":{"@id":"https:\/\/www.retaildetail.be\/fr\/news\/general\/jd-com-ouvrira-50-nouveaux-pavillons-nationaux-en-2026\/#primaryimage"},"image":{"@id":"https:\/\/www.retaildetail.be\/fr\/news\/general\/jd-com-ouvrira-50-nouveaux-pavillons-nationaux-en-2026\/#primaryimage"},"thumbnailUrl":"https:\/\/www.retaildetail.be\/wp-content\/uploads\/2025\/11\/jd.com-shutterstock.jpg","datePublished":"2025-11-10T17:02:38+00:00","dateModified":"2025-11-10T17:02:56+00:00","description":"JD.com annonce une refonte du programme National Pavilion. En 2026, cinquante boutiques nationales suppl\u00e9mentaires seront mises en ligne.","breadcrumb":{"@id":"https:\/\/www.retaildetail.be\/fr\/news\/general\/jd-com-ouvrira-50-nouveaux-pavillons-nationaux-en-2026\/#breadcrumb"},"inLanguage":"fr-FR","potentialAction":[{"@type":"ReadAction","target":["https:\/\/www.retaildetail.be\/fr\/news\/general\/jd-com-ouvrira-50-nouveaux-pavillons-nationaux-en-2026\/"]}]},{"@type":"ImageObject","inLanguage":"fr-FR","@id":"https:\/\/www.retaildetail.be\/fr\/news\/general\/jd-com-ouvrira-50-nouveaux-pavillons-nationaux-en-2026\/#primaryimage","url":"https:\/\/www.retaildetail.be\/wp-content\/uploads\/2025\/11\/jd.com-shutterstock.jpg","contentUrl":"https:\/\/www.retaildetail.be\/wp-content\/uploads\/2025\/11\/jd.com-shutterstock.jpg","width":1000,"height":667,"caption":"\u00a9 Shutterstock.com"},{"@type":"BreadcrumbList","@id":"https:\/\/www.retaildetail.be\/fr\/news\/general\/jd-com-ouvrira-50-nouveaux-pavillons-nationaux-en-2026\/#breadcrumb","itemListElement":[{"@type":"ListItem","position":1,"name":"Home","item":"https:\/\/www.retaildetail.be\/fr\/"},{"@type":"ListItem","position":2,"name":"JD.com ouvrira 50 nouveaux &#8216;pavillons nationaux&#8217; en 2026"}]},{"@type":"WebSite","@id":"https:\/\/www.retaildetail.be\/nl\/#website","url":"https:\/\/www.retaildetail.be\/nl\/","name":"RetailDetail BE","description":"News","publisher":{"@id":"https:\/\/www.retaildetail.be\/nl\/#organization"},"potentialAction":[{"@type":"SearchAction","target":{"@type":"EntryPoint","urlTemplate":"https:\/\/www.retaildetail.be\/nl\/?s={search_term_string}"},"query-input":{"@type":"PropertyValueSpecification","valueRequired":true,"valueName":"search_term_string"}}],"inLanguage":"fr-FR"},{"@type":"Organization","@id":"https:\/\/www.retaildetail.be\/nl\/#organization","name":"RetailDetail BE","url":"https:\/\/www.retaildetail.be\/nl\/","logo":{"@type":"ImageObject","inLanguage":"fr-FR","@id":"https:\/\/www.retaildetail.be\/nl\/#\/schema\/logo\/image\/","url":"https:\/\/www.retaildetail.be\/wp-content\/uploads\/2022\/04\/logo.svg","contentUrl":"https:\/\/www.retaildetail.be\/wp-content\/uploads\/2022\/04\/logo.svg","width":131,"height":70,"caption":"RetailDetail BE"},"image":{"@id":"https:\/\/www.retaildetail.be\/nl\/#\/schema\/logo\/image\/"}},{"@type":"Person","@id":"https:\/\/www.retaildetail.be\/nl\/#\/schema\/person\/71d9b89376db00e9b1aa8a2841e71a72","name":"Jorg Snoeck","image":{"@type":"ImageObject","inLanguage":"fr-FR","@id":"https:\/\/secure.gravatar.com\/avatar\/fc1bd94c7d40f2446e6bf778bb34cf9ab000168f63533cec8e072f4ad96ce7f3?s=96&d=mm&r=g","url":"https:\/\/secure.gravatar.com\/avatar\/fc1bd94c7d40f2446e6bf778bb34cf9ab000168f63533cec8e072f4ad96ce7f3?s=96&d=mm&r=g","contentUrl":"https:\/\/secure.gravatar.com\/avatar\/fc1bd94c7d40f2446e6bf778bb34cf9ab000168f63533cec8e072f4ad96ce7f3?s=96&d=mm&r=g","caption":"Jorg Snoeck"},"url":"https:\/\/www.retaildetail.be\/fr\/author\/jorgsnoeck\/"}]}},"jetpack_featured_media_url":"https:\/\/www.retaildetail.be\/wp-content\/uploads\/2025\/11\/jd.com-shutterstock.jpg","jetpack_sharing_enabled":true,"_links":{"self":[{"href":"https:\/\/www.retaildetail.be\/fr\/wp-json\/wp\/v2\/posts\/134266","targetHints":{"allow":["GET"]}}],"collection":[{"href":"https:\/\/www.retaildetail.be\/fr\/wp-json\/wp\/v2\/posts"}],"about":[{"href":"https:\/\/www.retaildetail.be\/fr\/wp-json\/wp\/v2\/types\/post"}],"author":[{"embeddable":true,"href":"https:\/\/www.retaildetail.be\/fr\/wp-json\/wp\/v2\/users\/10"}],"replies":[{"embeddable":true,"href":"https:\/\/www.retaildetail.be\/fr\/wp-json\/wp\/v2\/comments?post=134266"}],"version-history":[{"count":1,"href":"https:\/\/www.retaildetail.be\/fr\/wp-json\/wp\/v2\/posts\/134266\/revisions"}],"predecessor-version":[{"id":134271,"href":"https:\/\/www.retaildetail.be\/fr\/wp-json\/wp\/v2\/posts\/134266\/revisions\/134271"}],"wp:featuredmedia":[{"embeddable":true,"href":"https:\/\/www.retaildetail.be\/fr\/wp-json\/wp\/v2\/media\/134267"}],"wp:attachment":[{"href":"https:\/\/www.retaildetail.be\/fr\/wp-json\/wp\/v2\/media?parent=134266"}],"wp:term":[{"taxonomy":"category","embeddable":true,"href":"https:\/\/www.retaildetail.be\/fr\/wp-json\/wp\/v2\/categories?post=134266"},{"taxonomy":"post_tag","embeddable":true,"href":"https:\/\/www.retaildetail.be\/fr\/wp-json\/wp\/v2\/tags?post=134266"},{"taxonomy":"people","embeddable":true,"href":"https:\/\/www.retaildetail.be\/fr\/wp-json\/wp\/v2\/people?post=134266"},{"taxonomy":"extra","embeddable":true,"href":"https:\/\/www.retaildetail.be\/fr\/wp-json\/wp\/v2\/extra?post=134266"},{"taxonomy":"company","embeddable":true,"href":"https:\/\/www.retaildetail.be\/fr\/wp-json\/wp\/v2\/company?post=134266"},{"taxonomy":"topic","embeddable":true,"href":"https:\/\/www.retaildetail.be\/fr\/wp-json\/wp\/v2\/topic?post=134266"},{"taxonomy":"region","embeddable":true,"href":"https:\/\/www.retaildetail.be\/fr\/wp-json\/wp\/v2\/region?post=134266"}],"curies":[{"name":"wp","href":"https:\/\/api.w.org\/{rel}","templated":true}]}}