{"id":134320,"date":"2025-11-12T09:35:07","date_gmt":"2025-11-12T08:35:07","guid":{"rendered":"https:\/\/www.retaildetail.be\/?p=134320"},"modified":"2025-11-12T09:35:10","modified_gmt":"2025-11-12T08:35:10","slug":"gino-van-ossel-lors-de-la-retaildetail-night-cest-la-complexite-qui-determine-desormais-le-rythme","status":"publish","type":"post","link":"https:\/\/www.retaildetail.be\/fr\/news\/general\/gino-van-ossel-lors-de-la-retaildetail-night-cest-la-complexite-qui-determine-desormais-le-rythme\/","title":{"rendered":"Gino Van Ossel lors de la RetailDetail Night : \u00ab C&rsquo;est la complexit\u00e9 qui d\u00e9termine d\u00e9sormais le rythme \u00bb"},"content":{"rendered":"\n<p>Tout comme le monde du retail, le professeur Gino Van Ossel se pr\u00e9pare pour la RetailDetail Night, o\u00f9 il pr\u00e9sentera cette fois-ci son bilan annuel sous une nouvelle forme. \u00ab Nous savons tous d\u00e9sormais que la situation est difficile. Inutile de le r\u00e9p\u00e9ter. En revanche, de nombreux th\u00e8mes passionnants nous attendent. \u00bb<\/p>\n\n\n\n<h2 class=\"wp-block-heading\">Le terrain de jeu est de plus en plus in\u00e9gal<\/h2>\n\n\n\n<p>Lors de la <a href=\"https:\/\/www.retaildetail.be\/fr\/retail-events\/retaildetail-night-2025-fr\/\">RetailDetail Night de cette ann\u00e9e, Gino Van Ossel analysera principalement les d\u00e9fis et les opportunit\u00e9s<\/a> qui se pr\u00e9sentent. \u00ab Il y a dix ans, on parlait toujours de la rapidit\u00e9 du changement, principalement sous l&rsquo;impulsion de la technologie. Aujourd&rsquo;hui, la complexit\u00e9 s&rsquo;est ajout\u00e9e \u00e0 cela : il ne s&rsquo;agit plus seulement de technologie. De plus, certaines \u00e9volutions sont plut\u00f4t lentes, tandis que d&rsquo;autres sont extr\u00eamement rapides. Il est donc difficile pour les d\u00e9taillants de maintenir le cap. \u00bb<\/p>\n\n\n\n<p>Alors qu&rsquo;auparavant, le commerce \u00e9lectronique bouleversait le monde, aujourd&rsquo;hui, c&rsquo;est l&rsquo;intelligence artificielle qui est au centre de l&rsquo;attention. \u00ab Tout le monde se demande ce que l&rsquo;IA va signifier pour le commerce de d\u00e9tail \u00bb, explique M. Van Ossel. \u00ab Mais les r\u00e8gles du jeu sont in\u00e9gales. Lorsqu&rsquo;un g\u00e9ant comme <strong>Ahold Delhaize<\/strong> d\u00e9veloppe quelque chose, il peut le d\u00e9ployer \u00e0 l&rsquo;\u00e9chelle mondiale. De nombreux d\u00e9taillants belges sont tr\u00e8s petits par rapport \u00e0 ces g\u00e9ants. \u00bb<\/p>\n\n\n\n<h2 class=\"wp-block-heading\">TikTok Shopping et nouveaux concurrents<\/h2>\n\n\n\n<p>Un nouveau facteur fait \u00e9galement son apparition : le contexte g\u00e9opolitique. \u00ab Nous passons d&rsquo;un monde bipolaire \u00e0 un monde multipolaire, dans lequel chaque continent se replie davantage sur lui-m\u00eame. Cela se ressent \u00e9galement dans le commerce de d\u00e9tail, \u00e0 travers les tarifs douaniers. Les acteurs europ\u00e9ens r\u00e9agissent souvent beaucoup trop lentement. \u00bb<\/p>\n\n\n\n<p>Ces changements mondiaux cr\u00e9ent rapidement de nouveaux concurrents chinois. \u00ab Il est presque incroyable que Temu ne soit pr\u00e9sent en Belgique que depuis \u00e0 peine deux ans et demi \u00bb, d\u00e9clare Van Ossel. \u00ab Et bient\u00f4t, TikTok Shopping arrivera \u00e9galement en Belgique. Cela montre \u00e0 quelle vitesse le paysage \u00e9volue. \u00bb<\/p>\n\n\n\n<h2 class=\"wp-block-heading\">\u00ab Nous vivons une \u00e9poque passionnante \u00bb<\/h2>\n\n\n\n<p>Pourtant, la croissance n&rsquo;est certainement pas r\u00e9serv\u00e9e aux seuls perturbateurs chinois. \u00ab Prenez <strong>Jysk<\/strong>: cette cha\u00eene danoise fonctionne de mani\u00e8re totalement diff\u00e9rente d&rsquo;Ikea et conna\u00eet un grand succ\u00e8s. Cela prouve qu&rsquo;il existe encore des opportunit\u00e9s pour ceux qui osent innover. \u00bb<\/p>\n\n\n\n<p>Que nous r\u00e9serve 2026 ? Van Ossel sourit. \u00ab Ce sera une ann\u00e9e difficile, c&rsquo;est certain. Mais je pr\u00e9f\u00e8re parler de d\u00e9fi. Nous vivons une \u00e9poque passionnante. Pour ceux qui osent investir, exp\u00e9rimenter et rester pertinents sur leur march\u00e9, que ce soit en Flandre occidentale, en Europe ou dans le monde, il existe encore de belles opportunit\u00e9s. La cl\u00e9 est de savoir g\u00e9rer la rapidit\u00e9, l&rsquo;incertitude et la complexit\u00e9 accrue. \u00bb<\/p>\n\n\n\n<p>Ne manquez pas le bilan annuel de Gino Van Ossel lors de la <strong>RetailDetail Night<\/strong>, le 20 novembre ! D\u00e9couvrez \u00e9galement Wouter Kolk (ex <strong>Ahold Delhaize<\/strong>), <strong>MediaMarkt <\/strong>(Olivier van den Bossche), <strong>Carrefour <\/strong>(Geoffroy Gersdorff), <strong>JBC <\/strong>(Ana\u00efs Claes), <strong>Trendwolves <\/strong>(Tom Palmaerts) et bien d&rsquo;autres encore.<\/p>\n\n\n\n<div class=\"wp-block-buttons is-layout-flex wp-block-buttons-is-layout-flex\">\n<div class=\"wp-block-button\"><a class=\"wp-block-button__link has-vivid-red-background-color has-background wp-element-button\" href=\"https:\/\/www.retaildetail.be\/fr\/retail-events\/retaildetail-night-2025-fr\/\">Commandez vos billets pour la RetailDetail Night ici.<\/a><\/div>\n<\/div>\n","protected":false},"excerpt":{"rendered":"<p>En collaboration avec le monde du commerce de d\u00e9tail, le professeur Gino Van Ossel se pr\u00e9pare pour la RetailDetail Night, o\u00f9 il pr\u00e9sentera cette fois-ci son bilan annuel sous une nouvelle forme. \u00ab Nous savons tous que la situation est difficile. Inutile de le rappeler. En revanche, de nombreux th\u00e8mes passionnants nous attendent. \u00bb<\/p>\n","protected":false},"author":5,"featured_media":134321,"comment_status":"closed","ping_status":"closed","sticky":false,"template":"","format":"standard","meta":{"_acf_changed":false,"inline_featured_image":false,"_jetpack_memberships_contains_paid_content":false,"footnotes":""},"categories":[15,25],"tags":[],"people":[846],"extra":[],"company":[124,567,1259],"topic":[894],"region":[],"class_list":["post-134320","post","type-post","status-publish","format-standard","has-post-thumbnail","hentry","category-algemeen","category-general","people-gino-van-ossel","company-ahold-delhaize","company-jysk","company-temu","topic-retaildetail-night"],"acf":[],"yoast_head":"<!-- This site is optimized with the Yoast SEO plugin v27.3 - https:\/\/yoast.com\/product\/yoast-seo-wordpress\/ -->\n<title>Gino Van Ossel lors de la RetailDetail Night : \u00ab C&#039;est la complexit\u00e9 qui d\u00e9termine d\u00e9sormais le rythme \u00bb - RetailDetail BE<\/title>\n<meta name=\"description\" content=\"Le professeur Gino Van Ossel se pr\u00e9pare pour la RetailDetail Night, o\u00f9 il pr\u00e9sentera cette fois-ci son bilan annuel sous une nouvelle forme.\" \/>\n<meta name=\"robots\" content=\"index, follow, max-snippet:-1, max-image-preview:large, max-video-preview:-1\" \/>\n<link rel=\"canonical\" href=\"https:\/\/www.retaildetail.be\/fr\/news\/general\/gino-van-ossel-lors-de-la-retaildetail-night-cest-la-complexite-qui-determine-desormais-le-rythme\/\" \/>\n<meta property=\"og:locale\" content=\"fr_FR\" \/>\n<meta property=\"og:type\" content=\"article\" \/>\n<meta property=\"og:title\" content=\"Gino Van Ossel lors de la RetailDetail Night : \u00ab C&#039;est la complexit\u00e9 qui d\u00e9termine d\u00e9sormais le rythme \u00bb - RetailDetail BE\" \/>\n<meta property=\"og:description\" content=\"Le professeur Gino Van Ossel se pr\u00e9pare pour la RetailDetail Night, o\u00f9 il pr\u00e9sentera cette fois-ci son bilan annuel sous une nouvelle forme.\" \/>\n<meta property=\"og:url\" content=\"https:\/\/www.retaildetail.be\/fr\/news\/general\/gino-van-ossel-lors-de-la-retaildetail-night-cest-la-complexite-qui-determine-desormais-le-rythme\/\" \/>\n<meta property=\"og:site_name\" content=\"RetailDetail BE\" \/>\n<meta property=\"article:published_time\" content=\"2025-11-12T08:35:07+00:00\" \/>\n<meta property=\"article:modified_time\" content=\"2025-11-12T08:35:10+00:00\" \/>\n<meta property=\"og:image\" content=\"https:\/\/www.retaildetail.be\/wp-content\/uploads\/2025\/11\/Gino-RetailDetail.jpg\" \/>\n\t<meta property=\"og:image:width\" content=\"2048\" \/>\n\t<meta property=\"og:image:height\" content=\"1365\" \/>\n\t<meta property=\"og:image:type\" content=\"image\/jpeg\" \/>\n<meta name=\"author\" content=\"Pauline Neerman\" \/>\n<meta name=\"twitter:card\" content=\"summary_large_image\" \/>\n<meta name=\"twitter:label1\" content=\"\u00c9crit par\" \/>\n\t<meta name=\"twitter:data1\" content=\"Pauline Neerman\" \/>\n\t<meta name=\"twitter:label2\" content=\"Dur\u00e9e de lecture estim\u00e9e\" \/>\n\t<meta name=\"twitter:data2\" content=\"3 minutes\" \/>\n<script type=\"application\/ld+json\" class=\"yoast-schema-graph\">{\"@context\":\"https:\\\/\\\/schema.org\",\"@graph\":[{\"@type\":\"NewsArticle\",\"@id\":\"https:\\\/\\\/www.retaildetail.be\\\/fr\\\/news\\\/general\\\/gino-van-ossel-lors-de-la-retaildetail-night-cest-la-complexite-qui-determine-desormais-le-rythme\\\/#article\",\"isPartOf\":{\"@id\":\"https:\\\/\\\/www.retaildetail.be\\\/fr\\\/news\\\/general\\\/gino-van-ossel-lors-de-la-retaildetail-night-cest-la-complexite-qui-determine-desormais-le-rythme\\\/\"},\"author\":{\"name\":\"Pauline Neerman\",\"@id\":\"https:\\\/\\\/www.retaildetail.be\\\/nl\\\/#\\\/schema\\\/person\\\/66b54803fa10759039079458ea89e307\"},\"headline\":\"Gino Van Ossel lors de la RetailDetail Night : \u00ab C&rsquo;est la complexit\u00e9 qui d\u00e9termine d\u00e9sormais le rythme \u00bb\",\"datePublished\":\"2025-11-12T08:35:07+00:00\",\"dateModified\":\"2025-11-12T08:35:10+00:00\",\"mainEntityOfPage\":{\"@id\":\"https:\\\/\\\/www.retaildetail.be\\\/fr\\\/news\\\/general\\\/gino-van-ossel-lors-de-la-retaildetail-night-cest-la-complexite-qui-determine-desormais-le-rythme\\\/\"},\"wordCount\":555,\"publisher\":{\"@id\":\"https:\\\/\\\/www.retaildetail.be\\\/nl\\\/#organization\"},\"image\":{\"@id\":\"https:\\\/\\\/www.retaildetail.be\\\/fr\\\/news\\\/general\\\/gino-van-ossel-lors-de-la-retaildetail-night-cest-la-complexite-qui-determine-desormais-le-rythme\\\/#primaryimage\"},\"thumbnailUrl\":\"https:\\\/\\\/www.retaildetail.be\\\/wp-content\\\/uploads\\\/2025\\\/11\\\/Gino-RetailDetail.jpg\",\"articleSection\":[\"Algemeen\",\"G\u00e9n\u00e9ral\"],\"inLanguage\":\"fr-FR\",\"copyrightYear\":\"2025\",\"copyrightHolder\":{\"@id\":\"https:\\\/\\\/www.retaildetail.be\\\/#organization\"}},{\"@type\":\"WebPage\",\"@id\":\"https:\\\/\\\/www.retaildetail.be\\\/fr\\\/news\\\/general\\\/gino-van-ossel-lors-de-la-retaildetail-night-cest-la-complexite-qui-determine-desormais-le-rythme\\\/\",\"url\":\"https:\\\/\\\/www.retaildetail.be\\\/fr\\\/news\\\/general\\\/gino-van-ossel-lors-de-la-retaildetail-night-cest-la-complexite-qui-determine-desormais-le-rythme\\\/\",\"name\":\"Gino Van Ossel lors de la RetailDetail Night : \u00ab C'est la complexit\u00e9 qui d\u00e9termine d\u00e9sormais le rythme \u00bb - RetailDetail BE\",\"isPartOf\":{\"@id\":\"https:\\\/\\\/www.retaildetail.be\\\/nl\\\/#website\"},\"primaryImageOfPage\":{\"@id\":\"https:\\\/\\\/www.retaildetail.be\\\/fr\\\/news\\\/general\\\/gino-van-ossel-lors-de-la-retaildetail-night-cest-la-complexite-qui-determine-desormais-le-rythme\\\/#primaryimage\"},\"image\":{\"@id\":\"https:\\\/\\\/www.retaildetail.be\\\/fr\\\/news\\\/general\\\/gino-van-ossel-lors-de-la-retaildetail-night-cest-la-complexite-qui-determine-desormais-le-rythme\\\/#primaryimage\"},\"thumbnailUrl\":\"https:\\\/\\\/www.retaildetail.be\\\/wp-content\\\/uploads\\\/2025\\\/11\\\/Gino-RetailDetail.jpg\",\"datePublished\":\"2025-11-12T08:35:07+00:00\",\"dateModified\":\"2025-11-12T08:35:10+00:00\",\"description\":\"Le professeur Gino Van Ossel se pr\u00e9pare pour la RetailDetail Night, o\u00f9 il pr\u00e9sentera cette fois-ci son bilan annuel sous une nouvelle forme.\",\"breadcrumb\":{\"@id\":\"https:\\\/\\\/www.retaildetail.be\\\/fr\\\/news\\\/general\\\/gino-van-ossel-lors-de-la-retaildetail-night-cest-la-complexite-qui-determine-desormais-le-rythme\\\/#breadcrumb\"},\"inLanguage\":\"fr-FR\",\"potentialAction\":[{\"@type\":\"ReadAction\",\"target\":[\"https:\\\/\\\/www.retaildetail.be\\\/fr\\\/news\\\/general\\\/gino-van-ossel-lors-de-la-retaildetail-night-cest-la-complexite-qui-determine-desormais-le-rythme\\\/\"]}]},{\"@type\":\"ImageObject\",\"inLanguage\":\"fr-FR\",\"@id\":\"https:\\\/\\\/www.retaildetail.be\\\/fr\\\/news\\\/general\\\/gino-van-ossel-lors-de-la-retaildetail-night-cest-la-complexite-qui-determine-desormais-le-rythme\\\/#primaryimage\",\"url\":\"https:\\\/\\\/www.retaildetail.be\\\/wp-content\\\/uploads\\\/2025\\\/11\\\/Gino-RetailDetail.jpg\",\"contentUrl\":\"https:\\\/\\\/www.retaildetail.be\\\/wp-content\\\/uploads\\\/2025\\\/11\\\/Gino-RetailDetail.jpg\",\"width\":2048,\"height\":1365},{\"@type\":\"BreadcrumbList\",\"@id\":\"https:\\\/\\\/www.retaildetail.be\\\/fr\\\/news\\\/general\\\/gino-van-ossel-lors-de-la-retaildetail-night-cest-la-complexite-qui-determine-desormais-le-rythme\\\/#breadcrumb\",\"itemListElement\":[{\"@type\":\"ListItem\",\"position\":1,\"name\":\"Home\",\"item\":\"https:\\\/\\\/www.retaildetail.be\\\/fr\\\/\"},{\"@type\":\"ListItem\",\"position\":2,\"name\":\"Gino Van Ossel lors de la RetailDetail Night : \u00ab C&#8217;est la complexit\u00e9 qui d\u00e9termine d\u00e9sormais le rythme \u00bb\"}]},{\"@type\":\"WebSite\",\"@id\":\"https:\\\/\\\/www.retaildetail.be\\\/nl\\\/#website\",\"url\":\"https:\\\/\\\/www.retaildetail.be\\\/nl\\\/\",\"name\":\"RetailDetail BE\",\"description\":\"News\",\"publisher\":{\"@id\":\"https:\\\/\\\/www.retaildetail.be\\\/nl\\\/#organization\"},\"potentialAction\":[{\"@type\":\"SearchAction\",\"target\":{\"@type\":\"EntryPoint\",\"urlTemplate\":\"https:\\\/\\\/www.retaildetail.be\\\/nl\\\/?s={search_term_string}\"},\"query-input\":{\"@type\":\"PropertyValueSpecification\",\"valueRequired\":true,\"valueName\":\"search_term_string\"}}],\"inLanguage\":\"fr-FR\"},{\"@type\":\"Organization\",\"@id\":\"https:\\\/\\\/www.retaildetail.be\\\/nl\\\/#organization\",\"name\":\"RetailDetail BE\",\"url\":\"https:\\\/\\\/www.retaildetail.be\\\/nl\\\/\",\"logo\":{\"@type\":\"ImageObject\",\"inLanguage\":\"fr-FR\",\"@id\":\"https:\\\/\\\/www.retaildetail.be\\\/nl\\\/#\\\/schema\\\/logo\\\/image\\\/\",\"url\":\"https:\\\/\\\/www.retaildetail.be\\\/wp-content\\\/uploads\\\/2022\\\/04\\\/logo.svg\",\"contentUrl\":\"https:\\\/\\\/www.retaildetail.be\\\/wp-content\\\/uploads\\\/2022\\\/04\\\/logo.svg\",\"width\":131,\"height\":70,\"caption\":\"RetailDetail BE\"},\"image\":{\"@id\":\"https:\\\/\\\/www.retaildetail.be\\\/nl\\\/#\\\/schema\\\/logo\\\/image\\\/\"}},{\"@type\":\"Person\",\"@id\":\"https:\\\/\\\/www.retaildetail.be\\\/nl\\\/#\\\/schema\\\/person\\\/66b54803fa10759039079458ea89e307\",\"name\":\"Pauline Neerman\",\"image\":{\"@type\":\"ImageObject\",\"inLanguage\":\"fr-FR\",\"@id\":\"https:\\\/\\\/secure.gravatar.com\\\/avatar\\\/58db22aee589a691f9603e5765ac06010427a923f9b2728b951eb7fe27214d70?s=96&d=mm&r=g\",\"url\":\"https:\\\/\\\/secure.gravatar.com\\\/avatar\\\/58db22aee589a691f9603e5765ac06010427a923f9b2728b951eb7fe27214d70?s=96&d=mm&r=g\",\"contentUrl\":\"https:\\\/\\\/secure.gravatar.com\\\/avatar\\\/58db22aee589a691f9603e5765ac06010427a923f9b2728b951eb7fe27214d70?s=96&d=mm&r=g\",\"caption\":\"Pauline Neerman\"},\"url\":\"https:\\\/\\\/www.retaildetail.be\\\/fr\\\/author\\\/paulineneerman\\\/\"}]}<\/script>\n<!-- \/ Yoast SEO plugin. -->","yoast_head_json":{"title":"Gino Van Ossel lors de la RetailDetail Night : \u00ab C'est la complexit\u00e9 qui d\u00e9termine d\u00e9sormais le rythme \u00bb - RetailDetail BE","description":"Le professeur Gino Van Ossel se pr\u00e9pare pour la RetailDetail Night, o\u00f9 il pr\u00e9sentera cette fois-ci son bilan annuel sous une nouvelle forme.","robots":{"index":"index","follow":"follow","max-snippet":"max-snippet:-1","max-image-preview":"max-image-preview:large","max-video-preview":"max-video-preview:-1"},"canonical":"https:\/\/www.retaildetail.be\/fr\/news\/general\/gino-van-ossel-lors-de-la-retaildetail-night-cest-la-complexite-qui-determine-desormais-le-rythme\/","og_locale":"fr_FR","og_type":"article","og_title":"Gino Van Ossel lors de la RetailDetail Night : \u00ab C'est la complexit\u00e9 qui d\u00e9termine d\u00e9sormais le rythme \u00bb - RetailDetail BE","og_description":"Le professeur Gino Van Ossel se pr\u00e9pare pour la RetailDetail Night, o\u00f9 il pr\u00e9sentera cette fois-ci son bilan annuel sous une nouvelle forme.","og_url":"https:\/\/www.retaildetail.be\/fr\/news\/general\/gino-van-ossel-lors-de-la-retaildetail-night-cest-la-complexite-qui-determine-desormais-le-rythme\/","og_site_name":"RetailDetail BE","article_published_time":"2025-11-12T08:35:07+00:00","article_modified_time":"2025-11-12T08:35:10+00:00","og_image":[{"width":2048,"height":1365,"url":"https:\/\/www.retaildetail.be\/wp-content\/uploads\/2025\/11\/Gino-RetailDetail.jpg","type":"image\/jpeg"}],"author":"Pauline Neerman","twitter_card":"summary_large_image","twitter_misc":{"\u00c9crit par":"Pauline Neerman","Dur\u00e9e de lecture estim\u00e9e":"3 minutes"},"schema":{"@context":"https:\/\/schema.org","@graph":[{"@type":"NewsArticle","@id":"https:\/\/www.retaildetail.be\/fr\/news\/general\/gino-van-ossel-lors-de-la-retaildetail-night-cest-la-complexite-qui-determine-desormais-le-rythme\/#article","isPartOf":{"@id":"https:\/\/www.retaildetail.be\/fr\/news\/general\/gino-van-ossel-lors-de-la-retaildetail-night-cest-la-complexite-qui-determine-desormais-le-rythme\/"},"author":{"name":"Pauline Neerman","@id":"https:\/\/www.retaildetail.be\/nl\/#\/schema\/person\/66b54803fa10759039079458ea89e307"},"headline":"Gino Van Ossel lors de la RetailDetail Night : \u00ab C&rsquo;est la complexit\u00e9 qui d\u00e9termine d\u00e9sormais le rythme \u00bb","datePublished":"2025-11-12T08:35:07+00:00","dateModified":"2025-11-12T08:35:10+00:00","mainEntityOfPage":{"@id":"https:\/\/www.retaildetail.be\/fr\/news\/general\/gino-van-ossel-lors-de-la-retaildetail-night-cest-la-complexite-qui-determine-desormais-le-rythme\/"},"wordCount":555,"publisher":{"@id":"https:\/\/www.retaildetail.be\/nl\/#organization"},"image":{"@id":"https:\/\/www.retaildetail.be\/fr\/news\/general\/gino-van-ossel-lors-de-la-retaildetail-night-cest-la-complexite-qui-determine-desormais-le-rythme\/#primaryimage"},"thumbnailUrl":"https:\/\/www.retaildetail.be\/wp-content\/uploads\/2025\/11\/Gino-RetailDetail.jpg","articleSection":["Algemeen","G\u00e9n\u00e9ral"],"inLanguage":"fr-FR","copyrightYear":"2025","copyrightHolder":{"@id":"https:\/\/www.retaildetail.be\/#organization"}},{"@type":"WebPage","@id":"https:\/\/www.retaildetail.be\/fr\/news\/general\/gino-van-ossel-lors-de-la-retaildetail-night-cest-la-complexite-qui-determine-desormais-le-rythme\/","url":"https:\/\/www.retaildetail.be\/fr\/news\/general\/gino-van-ossel-lors-de-la-retaildetail-night-cest-la-complexite-qui-determine-desormais-le-rythme\/","name":"Gino Van Ossel lors de la RetailDetail Night : \u00ab C'est la complexit\u00e9 qui d\u00e9termine d\u00e9sormais le rythme \u00bb - RetailDetail BE","isPartOf":{"@id":"https:\/\/www.retaildetail.be\/nl\/#website"},"primaryImageOfPage":{"@id":"https:\/\/www.retaildetail.be\/fr\/news\/general\/gino-van-ossel-lors-de-la-retaildetail-night-cest-la-complexite-qui-determine-desormais-le-rythme\/#primaryimage"},"image":{"@id":"https:\/\/www.retaildetail.be\/fr\/news\/general\/gino-van-ossel-lors-de-la-retaildetail-night-cest-la-complexite-qui-determine-desormais-le-rythme\/#primaryimage"},"thumbnailUrl":"https:\/\/www.retaildetail.be\/wp-content\/uploads\/2025\/11\/Gino-RetailDetail.jpg","datePublished":"2025-11-12T08:35:07+00:00","dateModified":"2025-11-12T08:35:10+00:00","description":"Le professeur Gino Van Ossel se pr\u00e9pare pour la RetailDetail Night, o\u00f9 il pr\u00e9sentera cette fois-ci son bilan annuel sous une nouvelle forme.","breadcrumb":{"@id":"https:\/\/www.retaildetail.be\/fr\/news\/general\/gino-van-ossel-lors-de-la-retaildetail-night-cest-la-complexite-qui-determine-desormais-le-rythme\/#breadcrumb"},"inLanguage":"fr-FR","potentialAction":[{"@type":"ReadAction","target":["https:\/\/www.retaildetail.be\/fr\/news\/general\/gino-van-ossel-lors-de-la-retaildetail-night-cest-la-complexite-qui-determine-desormais-le-rythme\/"]}]},{"@type":"ImageObject","inLanguage":"fr-FR","@id":"https:\/\/www.retaildetail.be\/fr\/news\/general\/gino-van-ossel-lors-de-la-retaildetail-night-cest-la-complexite-qui-determine-desormais-le-rythme\/#primaryimage","url":"https:\/\/www.retaildetail.be\/wp-content\/uploads\/2025\/11\/Gino-RetailDetail.jpg","contentUrl":"https:\/\/www.retaildetail.be\/wp-content\/uploads\/2025\/11\/Gino-RetailDetail.jpg","width":2048,"height":1365},{"@type":"BreadcrumbList","@id":"https:\/\/www.retaildetail.be\/fr\/news\/general\/gino-van-ossel-lors-de-la-retaildetail-night-cest-la-complexite-qui-determine-desormais-le-rythme\/#breadcrumb","itemListElement":[{"@type":"ListItem","position":1,"name":"Home","item":"https:\/\/www.retaildetail.be\/fr\/"},{"@type":"ListItem","position":2,"name":"Gino Van Ossel lors de la RetailDetail Night : \u00ab C&#8217;est la complexit\u00e9 qui d\u00e9termine d\u00e9sormais le rythme \u00bb"}]},{"@type":"WebSite","@id":"https:\/\/www.retaildetail.be\/nl\/#website","url":"https:\/\/www.retaildetail.be\/nl\/","name":"RetailDetail BE","description":"News","publisher":{"@id":"https:\/\/www.retaildetail.be\/nl\/#organization"},"potentialAction":[{"@type":"SearchAction","target":{"@type":"EntryPoint","urlTemplate":"https:\/\/www.retaildetail.be\/nl\/?s={search_term_string}"},"query-input":{"@type":"PropertyValueSpecification","valueRequired":true,"valueName":"search_term_string"}}],"inLanguage":"fr-FR"},{"@type":"Organization","@id":"https:\/\/www.retaildetail.be\/nl\/#organization","name":"RetailDetail BE","url":"https:\/\/www.retaildetail.be\/nl\/","logo":{"@type":"ImageObject","inLanguage":"fr-FR","@id":"https:\/\/www.retaildetail.be\/nl\/#\/schema\/logo\/image\/","url":"https:\/\/www.retaildetail.be\/wp-content\/uploads\/2022\/04\/logo.svg","contentUrl":"https:\/\/www.retaildetail.be\/wp-content\/uploads\/2022\/04\/logo.svg","width":131,"height":70,"caption":"RetailDetail BE"},"image":{"@id":"https:\/\/www.retaildetail.be\/nl\/#\/schema\/logo\/image\/"}},{"@type":"Person","@id":"https:\/\/www.retaildetail.be\/nl\/#\/schema\/person\/66b54803fa10759039079458ea89e307","name":"Pauline Neerman","image":{"@type":"ImageObject","inLanguage":"fr-FR","@id":"https:\/\/secure.gravatar.com\/avatar\/58db22aee589a691f9603e5765ac06010427a923f9b2728b951eb7fe27214d70?s=96&d=mm&r=g","url":"https:\/\/secure.gravatar.com\/avatar\/58db22aee589a691f9603e5765ac06010427a923f9b2728b951eb7fe27214d70?s=96&d=mm&r=g","contentUrl":"https:\/\/secure.gravatar.com\/avatar\/58db22aee589a691f9603e5765ac06010427a923f9b2728b951eb7fe27214d70?s=96&d=mm&r=g","caption":"Pauline Neerman"},"url":"https:\/\/www.retaildetail.be\/fr\/author\/paulineneerman\/"}]}},"jetpack_featured_media_url":"https:\/\/www.retaildetail.be\/wp-content\/uploads\/2025\/11\/Gino-RetailDetail.jpg","jetpack_sharing_enabled":true,"_links":{"self":[{"href":"https:\/\/www.retaildetail.be\/fr\/wp-json\/wp\/v2\/posts\/134320","targetHints":{"allow":["GET"]}}],"collection":[{"href":"https:\/\/www.retaildetail.be\/fr\/wp-json\/wp\/v2\/posts"}],"about":[{"href":"https:\/\/www.retaildetail.be\/fr\/wp-json\/wp\/v2\/types\/post"}],"author":[{"embeddable":true,"href":"https:\/\/www.retaildetail.be\/fr\/wp-json\/wp\/v2\/users\/5"}],"replies":[{"embeddable":true,"href":"https:\/\/www.retaildetail.be\/fr\/wp-json\/wp\/v2\/comments?post=134320"}],"version-history":[{"count":2,"href":"https:\/\/www.retaildetail.be\/fr\/wp-json\/wp\/v2\/posts\/134320\/revisions"}],"predecessor-version":[{"id":134327,"href":"https:\/\/www.retaildetail.be\/fr\/wp-json\/wp\/v2\/posts\/134320\/revisions\/134327"}],"wp:featuredmedia":[{"embeddable":true,"href":"https:\/\/www.retaildetail.be\/fr\/wp-json\/wp\/v2\/media\/134321"}],"wp:attachment":[{"href":"https:\/\/www.retaildetail.be\/fr\/wp-json\/wp\/v2\/media?parent=134320"}],"wp:term":[{"taxonomy":"category","embeddable":true,"href":"https:\/\/www.retaildetail.be\/fr\/wp-json\/wp\/v2\/categories?post=134320"},{"taxonomy":"post_tag","embeddable":true,"href":"https:\/\/www.retaildetail.be\/fr\/wp-json\/wp\/v2\/tags?post=134320"},{"taxonomy":"people","embeddable":true,"href":"https:\/\/www.retaildetail.be\/fr\/wp-json\/wp\/v2\/people?post=134320"},{"taxonomy":"extra","embeddable":true,"href":"https:\/\/www.retaildetail.be\/fr\/wp-json\/wp\/v2\/extra?post=134320"},{"taxonomy":"company","embeddable":true,"href":"https:\/\/www.retaildetail.be\/fr\/wp-json\/wp\/v2\/company?post=134320"},{"taxonomy":"topic","embeddable":true,"href":"https:\/\/www.retaildetail.be\/fr\/wp-json\/wp\/v2\/topic?post=134320"},{"taxonomy":"region","embeddable":true,"href":"https:\/\/www.retaildetail.be\/fr\/wp-json\/wp\/v2\/region?post=134320"}],"curies":[{"name":"wp","href":"https:\/\/api.w.org\/{rel}","templated":true}]}}