{"id":134387,"date":"2025-11-12T14:50:46","date_gmt":"2025-11-12T13:50:46","guid":{"rendered":"https:\/\/www.retaildetail.be\/?p=134387"},"modified":"2025-11-12T14:50:48","modified_gmt":"2025-11-12T13:50:48","slug":"trois-soumissionnaires-pour-carrefour-roumanie","status":"publish","type":"post","link":"https:\/\/www.retaildetail.be\/fr\/news\/food\/trois-soumissionnaires-pour-carrefour-roumanie\/","title":{"rendered":"\u00ab Trois soumissionnaires pour Carrefour Roumanie \u00bb"},"content":{"rendered":"\n<p>Trois candidats se seraient manifest\u00e9s pour reprendre les activit\u00e9s roumaines de <strong>Carrefour<\/strong>. Parmi eux, le fran\u00e7ais <strong>Auchan<\/strong>, le groupe polonais <strong>Zabka<\/strong> et les propri\u00e9taires d&rsquo;une cha\u00eene locale de bricolage.<\/p>\n\n\n\n<h2 class=\"wp-block-heading\">Pas d&rsquo;annonce officielle<\/h2>\n\n\n\n<p>On sait depuis quelque temps d\u00e9j\u00e0 que Carrefour proc\u00e8de \u00e0 une \u00e9valuation approfondie de ses activit\u00e9s internationales. Le groupe fran\u00e7ais a entre-temps vendu sa division italienne, aurait charg\u00e9 la banque d&rsquo;affaires JP Morgan de vendre ses activit\u00e9s polonaises, la Deutsche Bank doit pr\u00e9parer une vente en Argentine et BNP Paribas serait <a href=\"https:\/\/www.retaildetail.be\/fr\/news\/food\/carrefour-prepare-la-vente-de-sa-filiale-roumaine\/\">\u00e0 la recherche d&rsquo;un repreneur pour les magasins roumains<\/a>.<\/p>\n\n\n\n<p>Entre-temps, <a href=\"https:\/\/profit.ro\/povesti-cu-profit\/retail\/exclusiv-surpriza-fratii-paval-proprietarii-dedeman-vor-magazinele-carrefour-din-romania-auchan-si-proprietarul-froo-de-asemenea-pe-lista-22231990\">trois soumissionnaires se seraient manifest\u00e9s<\/a> pour la branche roumaine, selon le site web profit.ro. Le nom le plus connu est celui d&rsquo;Auchan, le groupe fran\u00e7ais qui exploite dans le pays, outre 26 hypermarch\u00e9s, plusieurs magasins discount ATAC, des supermarch\u00e9s et plusieurs centaines de magasins de proximit\u00e9. Le groupe polonais Zabka, qui exploite plus de 100 magasins de proximit\u00e9 en Roumanie sous l&rsquo;enseigne Froo, aurait \u00e9galement manifest\u00e9 son int\u00e9r\u00eat. Un troisi\u00e8me soumissionnaire surprenant est Pav\u0103l Holding, le v\u00e9hicule d&rsquo;investissement des fr\u00e8res Pav\u0103l, propri\u00e9taires de la cha\u00eene de bricolage Dedeman : ils ne sont pas encore actifs dans le secteur alimentaire.<\/p>\n\n\n\n<p>Carrefour exploite actuellement 458 magasins en Roumanie, qui ont g\u00e9n\u00e9r\u00e9 un chiffre d&rsquo;affaires de 2,3 milliards d&rsquo;euros au cours des neuf premiers mois de l&rsquo;ann\u00e9e. Il s&rsquo;agit du troisi\u00e8me acteur sur le march\u00e9 roumain apr\u00e8s Lidl et Kaufland. Le groupe fran\u00e7ais s&rsquo;est implant\u00e9 dans le pays en 2001 et <a href=\"https:\/\/www.retaildetail.be\/fr\/news\/food\/carrefour-rachete-t-il-la-branche-roumaine-de-cora\/\">a rachet\u00e9 Cora en 2023.<\/a> Jusqu&rsquo;\u00e0 pr\u00e9sent, les parties concern\u00e9es n&rsquo;ont fait aucun commentaire sur cette nouvelle. Carrefour souligne toutefois qu&rsquo;il n&rsquo;a encore fait aucune annonce officielle concernant ses projets d&rsquo;avenir en Roumanie.<\/p>\n","protected":false},"excerpt":{"rendered":"<p>Trois candidats se seraient manifest\u00e9s pour reprendre les activit\u00e9s roumaines de Carrefour. Parmi eux, le fran\u00e7ais Auchan, le groupe polonais Zabka et les propri\u00e9taires d&rsquo;une cha\u00eene locale de bricolage. <\/p>\n","protected":false},"author":3,"featured_media":134388,"comment_status":"closed","ping_status":"closed","sticky":false,"template":"","format":"standard","meta":{"_acf_changed":false,"inline_featured_image":false,"_jetpack_memberships_contains_paid_content":false,"footnotes":""},"categories":[18,24],"tags":[],"people":[],"extra":[],"company":[87],"topic":[282],"region":[243],"class_list":{"0":"post-134387","1":"post","2":"type-post","3":"status-publish","4":"format-standard","5":"has-post-thumbnail","6":"hentry","7":"category-food","9":"company-carrefour","10":"topic-acquisition","11":"region-europe"},"acf":[],"yoast_head":"<!-- This site is optimized with the Yoast SEO plugin v27.3 - https:\/\/yoast.com\/product\/yoast-seo-wordpress\/ -->\n<title>\u00ab Trois soumissionnaires pour Carrefour Roumanie \u00bb - RetailDetail BE<\/title>\n<meta name=\"description\" content=\"Trois candidats se seraient manifest\u00e9s pour reprendre les activit\u00e9s roumaines de Carrefour.\" \/>\n<meta name=\"robots\" content=\"index, follow, max-snippet:-1, max-image-preview:large, max-video-preview:-1\" \/>\n<link rel=\"canonical\" href=\"https:\/\/www.retaildetail.be\/fr\/news\/food\/trois-soumissionnaires-pour-carrefour-roumanie\/\" \/>\n<meta property=\"og:locale\" content=\"fr_FR\" \/>\n<meta property=\"og:type\" content=\"article\" \/>\n<meta property=\"og:title\" content=\"\u00ab Trois soumissionnaires pour Carrefour Roumanie \u00bb - RetailDetail BE\" \/>\n<meta property=\"og:description\" content=\"Trois candidats se seraient manifest\u00e9s pour reprendre les activit\u00e9s roumaines de Carrefour.\" \/>\n<meta property=\"og:url\" content=\"https:\/\/www.retaildetail.be\/fr\/news\/food\/trois-soumissionnaires-pour-carrefour-roumanie\/\" \/>\n<meta property=\"og:site_name\" content=\"RetailDetail BE\" \/>\n<meta property=\"article:published_time\" content=\"2025-11-12T13:50:46+00:00\" \/>\n<meta property=\"article:modified_time\" content=\"2025-11-12T13:50:48+00:00\" \/>\n<meta property=\"og:image\" content=\"https:\/\/www.retaildetail.be\/wp-content\/uploads\/2025\/11\/shutterstock_212626114-1-1.jpg\" \/>\n\t<meta property=\"og:image:width\" content=\"1000\" \/>\n\t<meta property=\"og:image:height\" content=\"664\" \/>\n\t<meta property=\"og:image:type\" content=\"image\/jpeg\" \/>\n<meta name=\"author\" content=\"Stefan Van Rompaey\" \/>\n<meta name=\"twitter:card\" content=\"summary_large_image\" \/>\n<meta name=\"twitter:label1\" content=\"\u00c9crit par\" \/>\n\t<meta name=\"twitter:data1\" content=\"Stefan Van Rompaey\" \/>\n\t<meta name=\"twitter:label2\" content=\"Dur\u00e9e de lecture estim\u00e9e\" \/>\n\t<meta name=\"twitter:data2\" content=\"1 minute\" \/>\n<script type=\"application\/ld+json\" class=\"yoast-schema-graph\">{\"@context\":\"https:\\\/\\\/schema.org\",\"@graph\":[{\"@type\":\"NewsArticle\",\"@id\":\"https:\\\/\\\/www.retaildetail.be\\\/fr\\\/news\\\/food\\\/trois-soumissionnaires-pour-carrefour-roumanie\\\/#article\",\"isPartOf\":{\"@id\":\"https:\\\/\\\/www.retaildetail.be\\\/fr\\\/news\\\/food\\\/trois-soumissionnaires-pour-carrefour-roumanie\\\/\"},\"author\":{\"name\":\"Stefan Van Rompaey\",\"@id\":\"https:\\\/\\\/www.retaildetail.be\\\/nl\\\/#\\\/schema\\\/person\\\/51aec6069c4416aa2f68b2e4ff3455df\"},\"headline\":\"\u00ab Trois soumissionnaires pour Carrefour Roumanie \u00bb\",\"datePublished\":\"2025-11-12T13:50:46+00:00\",\"dateModified\":\"2025-11-12T13:50:48+00:00\",\"mainEntityOfPage\":{\"@id\":\"https:\\\/\\\/www.retaildetail.be\\\/fr\\\/news\\\/food\\\/trois-soumissionnaires-pour-carrefour-roumanie\\\/\"},\"wordCount\":319,\"publisher\":{\"@id\":\"https:\\\/\\\/www.retaildetail.be\\\/nl\\\/#organization\"},\"image\":{\"@id\":\"https:\\\/\\\/www.retaildetail.be\\\/fr\\\/news\\\/food\\\/trois-soumissionnaires-pour-carrefour-roumanie\\\/#primaryimage\"},\"thumbnailUrl\":\"https:\\\/\\\/www.retaildetail.be\\\/wp-content\\\/uploads\\\/2025\\\/11\\\/shutterstock_212626114-1-1.jpg\",\"articleSection\":[\"Food\",\"Food\"],\"inLanguage\":\"fr-FR\",\"copyrightYear\":\"2025\",\"copyrightHolder\":{\"@id\":\"https:\\\/\\\/www.retaildetail.be\\\/#organization\"}},{\"@type\":\"WebPage\",\"@id\":\"https:\\\/\\\/www.retaildetail.be\\\/fr\\\/news\\\/food\\\/trois-soumissionnaires-pour-carrefour-roumanie\\\/\",\"url\":\"https:\\\/\\\/www.retaildetail.be\\\/fr\\\/news\\\/food\\\/trois-soumissionnaires-pour-carrefour-roumanie\\\/\",\"name\":\"\u00ab Trois soumissionnaires pour Carrefour Roumanie \u00bb - RetailDetail BE\",\"isPartOf\":{\"@id\":\"https:\\\/\\\/www.retaildetail.be\\\/nl\\\/#website\"},\"primaryImageOfPage\":{\"@id\":\"https:\\\/\\\/www.retaildetail.be\\\/fr\\\/news\\\/food\\\/trois-soumissionnaires-pour-carrefour-roumanie\\\/#primaryimage\"},\"image\":{\"@id\":\"https:\\\/\\\/www.retaildetail.be\\\/fr\\\/news\\\/food\\\/trois-soumissionnaires-pour-carrefour-roumanie\\\/#primaryimage\"},\"thumbnailUrl\":\"https:\\\/\\\/www.retaildetail.be\\\/wp-content\\\/uploads\\\/2025\\\/11\\\/shutterstock_212626114-1-1.jpg\",\"datePublished\":\"2025-11-12T13:50:46+00:00\",\"dateModified\":\"2025-11-12T13:50:48+00:00\",\"description\":\"Trois candidats se seraient manifest\u00e9s pour reprendre les activit\u00e9s roumaines de Carrefour.\",\"breadcrumb\":{\"@id\":\"https:\\\/\\\/www.retaildetail.be\\\/fr\\\/news\\\/food\\\/trois-soumissionnaires-pour-carrefour-roumanie\\\/#breadcrumb\"},\"inLanguage\":\"fr-FR\",\"potentialAction\":[{\"@type\":\"ReadAction\",\"target\":[\"https:\\\/\\\/www.retaildetail.be\\\/fr\\\/news\\\/food\\\/trois-soumissionnaires-pour-carrefour-roumanie\\\/\"]}]},{\"@type\":\"ImageObject\",\"inLanguage\":\"fr-FR\",\"@id\":\"https:\\\/\\\/www.retaildetail.be\\\/fr\\\/news\\\/food\\\/trois-soumissionnaires-pour-carrefour-roumanie\\\/#primaryimage\",\"url\":\"https:\\\/\\\/www.retaildetail.be\\\/wp-content\\\/uploads\\\/2025\\\/11\\\/shutterstock_212626114-1-1.jpg\",\"contentUrl\":\"https:\\\/\\\/www.retaildetail.be\\\/wp-content\\\/uploads\\\/2025\\\/11\\\/shutterstock_212626114-1-1.jpg\",\"width\":1000,\"height\":664,\"caption\":\"Shutterstock.com\"},{\"@type\":\"BreadcrumbList\",\"@id\":\"https:\\\/\\\/www.retaildetail.be\\\/fr\\\/news\\\/food\\\/trois-soumissionnaires-pour-carrefour-roumanie\\\/#breadcrumb\",\"itemListElement\":[{\"@type\":\"ListItem\",\"position\":1,\"name\":\"Home\",\"item\":\"https:\\\/\\\/www.retaildetail.be\\\/fr\\\/\"},{\"@type\":\"ListItem\",\"position\":2,\"name\":\"\u00ab Trois soumissionnaires pour Carrefour Roumanie \u00bb\"}]},{\"@type\":\"WebSite\",\"@id\":\"https:\\\/\\\/www.retaildetail.be\\\/nl\\\/#website\",\"url\":\"https:\\\/\\\/www.retaildetail.be\\\/nl\\\/\",\"name\":\"RetailDetail BE\",\"description\":\"News\",\"publisher\":{\"@id\":\"https:\\\/\\\/www.retaildetail.be\\\/nl\\\/#organization\"},\"potentialAction\":[{\"@type\":\"SearchAction\",\"target\":{\"@type\":\"EntryPoint\",\"urlTemplate\":\"https:\\\/\\\/www.retaildetail.be\\\/nl\\\/?s={search_term_string}\"},\"query-input\":{\"@type\":\"PropertyValueSpecification\",\"valueRequired\":true,\"valueName\":\"search_term_string\"}}],\"inLanguage\":\"fr-FR\"},{\"@type\":\"Organization\",\"@id\":\"https:\\\/\\\/www.retaildetail.be\\\/nl\\\/#organization\",\"name\":\"RetailDetail BE\",\"url\":\"https:\\\/\\\/www.retaildetail.be\\\/nl\\\/\",\"logo\":{\"@type\":\"ImageObject\",\"inLanguage\":\"fr-FR\",\"@id\":\"https:\\\/\\\/www.retaildetail.be\\\/nl\\\/#\\\/schema\\\/logo\\\/image\\\/\",\"url\":\"https:\\\/\\\/www.retaildetail.be\\\/wp-content\\\/uploads\\\/2022\\\/04\\\/logo.svg\",\"contentUrl\":\"https:\\\/\\\/www.retaildetail.be\\\/wp-content\\\/uploads\\\/2022\\\/04\\\/logo.svg\",\"width\":131,\"height\":70,\"caption\":\"RetailDetail BE\"},\"image\":{\"@id\":\"https:\\\/\\\/www.retaildetail.be\\\/nl\\\/#\\\/schema\\\/logo\\\/image\\\/\"}},{\"@type\":\"Person\",\"@id\":\"https:\\\/\\\/www.retaildetail.be\\\/nl\\\/#\\\/schema\\\/person\\\/51aec6069c4416aa2f68b2e4ff3455df\",\"name\":\"Stefan Van Rompaey\",\"image\":{\"@type\":\"ImageObject\",\"inLanguage\":\"fr-FR\",\"@id\":\"https:\\\/\\\/secure.gravatar.com\\\/avatar\\\/fbbb4a80a0f109888b2a5ab8ae255617499ecde533749b3ab2fa6c23b5d65dac?s=96&d=mm&r=g\",\"url\":\"https:\\\/\\\/secure.gravatar.com\\\/avatar\\\/fbbb4a80a0f109888b2a5ab8ae255617499ecde533749b3ab2fa6c23b5d65dac?s=96&d=mm&r=g\",\"contentUrl\":\"https:\\\/\\\/secure.gravatar.com\\\/avatar\\\/fbbb4a80a0f109888b2a5ab8ae255617499ecde533749b3ab2fa6c23b5d65dac?s=96&d=mm&r=g\",\"caption\":\"Stefan Van Rompaey\"},\"url\":\"https:\\\/\\\/www.retaildetail.be\\\/fr\\\/author\\\/stefanvanrompaey\\\/\"}]}<\/script>\n<!-- \/ Yoast SEO plugin. -->","yoast_head_json":{"title":"\u00ab Trois soumissionnaires pour Carrefour Roumanie \u00bb - RetailDetail BE","description":"Trois candidats se seraient manifest\u00e9s pour reprendre les activit\u00e9s roumaines de Carrefour.","robots":{"index":"index","follow":"follow","max-snippet":"max-snippet:-1","max-image-preview":"max-image-preview:large","max-video-preview":"max-video-preview:-1"},"canonical":"https:\/\/www.retaildetail.be\/fr\/news\/food\/trois-soumissionnaires-pour-carrefour-roumanie\/","og_locale":"fr_FR","og_type":"article","og_title":"\u00ab Trois soumissionnaires pour Carrefour Roumanie \u00bb - RetailDetail BE","og_description":"Trois candidats se seraient manifest\u00e9s pour reprendre les activit\u00e9s roumaines de Carrefour.","og_url":"https:\/\/www.retaildetail.be\/fr\/news\/food\/trois-soumissionnaires-pour-carrefour-roumanie\/","og_site_name":"RetailDetail BE","article_published_time":"2025-11-12T13:50:46+00:00","article_modified_time":"2025-11-12T13:50:48+00:00","og_image":[{"width":1000,"height":664,"url":"https:\/\/www.retaildetail.be\/wp-content\/uploads\/2025\/11\/shutterstock_212626114-1-1.jpg","type":"image\/jpeg"}],"author":"Stefan Van Rompaey","twitter_card":"summary_large_image","twitter_misc":{"\u00c9crit par":"Stefan Van Rompaey","Dur\u00e9e de lecture estim\u00e9e":"1 minute"},"schema":{"@context":"https:\/\/schema.org","@graph":[{"@type":"NewsArticle","@id":"https:\/\/www.retaildetail.be\/fr\/news\/food\/trois-soumissionnaires-pour-carrefour-roumanie\/#article","isPartOf":{"@id":"https:\/\/www.retaildetail.be\/fr\/news\/food\/trois-soumissionnaires-pour-carrefour-roumanie\/"},"author":{"name":"Stefan Van Rompaey","@id":"https:\/\/www.retaildetail.be\/nl\/#\/schema\/person\/51aec6069c4416aa2f68b2e4ff3455df"},"headline":"\u00ab Trois soumissionnaires pour Carrefour Roumanie \u00bb","datePublished":"2025-11-12T13:50:46+00:00","dateModified":"2025-11-12T13:50:48+00:00","mainEntityOfPage":{"@id":"https:\/\/www.retaildetail.be\/fr\/news\/food\/trois-soumissionnaires-pour-carrefour-roumanie\/"},"wordCount":319,"publisher":{"@id":"https:\/\/www.retaildetail.be\/nl\/#organization"},"image":{"@id":"https:\/\/www.retaildetail.be\/fr\/news\/food\/trois-soumissionnaires-pour-carrefour-roumanie\/#primaryimage"},"thumbnailUrl":"https:\/\/www.retaildetail.be\/wp-content\/uploads\/2025\/11\/shutterstock_212626114-1-1.jpg","articleSection":["Food","Food"],"inLanguage":"fr-FR","copyrightYear":"2025","copyrightHolder":{"@id":"https:\/\/www.retaildetail.be\/#organization"}},{"@type":"WebPage","@id":"https:\/\/www.retaildetail.be\/fr\/news\/food\/trois-soumissionnaires-pour-carrefour-roumanie\/","url":"https:\/\/www.retaildetail.be\/fr\/news\/food\/trois-soumissionnaires-pour-carrefour-roumanie\/","name":"\u00ab Trois soumissionnaires pour Carrefour Roumanie \u00bb - RetailDetail BE","isPartOf":{"@id":"https:\/\/www.retaildetail.be\/nl\/#website"},"primaryImageOfPage":{"@id":"https:\/\/www.retaildetail.be\/fr\/news\/food\/trois-soumissionnaires-pour-carrefour-roumanie\/#primaryimage"},"image":{"@id":"https:\/\/www.retaildetail.be\/fr\/news\/food\/trois-soumissionnaires-pour-carrefour-roumanie\/#primaryimage"},"thumbnailUrl":"https:\/\/www.retaildetail.be\/wp-content\/uploads\/2025\/11\/shutterstock_212626114-1-1.jpg","datePublished":"2025-11-12T13:50:46+00:00","dateModified":"2025-11-12T13:50:48+00:00","description":"Trois candidats se seraient manifest\u00e9s pour reprendre les activit\u00e9s roumaines de Carrefour.","breadcrumb":{"@id":"https:\/\/www.retaildetail.be\/fr\/news\/food\/trois-soumissionnaires-pour-carrefour-roumanie\/#breadcrumb"},"inLanguage":"fr-FR","potentialAction":[{"@type":"ReadAction","target":["https:\/\/www.retaildetail.be\/fr\/news\/food\/trois-soumissionnaires-pour-carrefour-roumanie\/"]}]},{"@type":"ImageObject","inLanguage":"fr-FR","@id":"https:\/\/www.retaildetail.be\/fr\/news\/food\/trois-soumissionnaires-pour-carrefour-roumanie\/#primaryimage","url":"https:\/\/www.retaildetail.be\/wp-content\/uploads\/2025\/11\/shutterstock_212626114-1-1.jpg","contentUrl":"https:\/\/www.retaildetail.be\/wp-content\/uploads\/2025\/11\/shutterstock_212626114-1-1.jpg","width":1000,"height":664,"caption":"Shutterstock.com"},{"@type":"BreadcrumbList","@id":"https:\/\/www.retaildetail.be\/fr\/news\/food\/trois-soumissionnaires-pour-carrefour-roumanie\/#breadcrumb","itemListElement":[{"@type":"ListItem","position":1,"name":"Home","item":"https:\/\/www.retaildetail.be\/fr\/"},{"@type":"ListItem","position":2,"name":"\u00ab Trois soumissionnaires pour Carrefour Roumanie \u00bb"}]},{"@type":"WebSite","@id":"https:\/\/www.retaildetail.be\/nl\/#website","url":"https:\/\/www.retaildetail.be\/nl\/","name":"RetailDetail BE","description":"News","publisher":{"@id":"https:\/\/www.retaildetail.be\/nl\/#organization"},"potentialAction":[{"@type":"SearchAction","target":{"@type":"EntryPoint","urlTemplate":"https:\/\/www.retaildetail.be\/nl\/?s={search_term_string}"},"query-input":{"@type":"PropertyValueSpecification","valueRequired":true,"valueName":"search_term_string"}}],"inLanguage":"fr-FR"},{"@type":"Organization","@id":"https:\/\/www.retaildetail.be\/nl\/#organization","name":"RetailDetail BE","url":"https:\/\/www.retaildetail.be\/nl\/","logo":{"@type":"ImageObject","inLanguage":"fr-FR","@id":"https:\/\/www.retaildetail.be\/nl\/#\/schema\/logo\/image\/","url":"https:\/\/www.retaildetail.be\/wp-content\/uploads\/2022\/04\/logo.svg","contentUrl":"https:\/\/www.retaildetail.be\/wp-content\/uploads\/2022\/04\/logo.svg","width":131,"height":70,"caption":"RetailDetail BE"},"image":{"@id":"https:\/\/www.retaildetail.be\/nl\/#\/schema\/logo\/image\/"}},{"@type":"Person","@id":"https:\/\/www.retaildetail.be\/nl\/#\/schema\/person\/51aec6069c4416aa2f68b2e4ff3455df","name":"Stefan Van Rompaey","image":{"@type":"ImageObject","inLanguage":"fr-FR","@id":"https:\/\/secure.gravatar.com\/avatar\/fbbb4a80a0f109888b2a5ab8ae255617499ecde533749b3ab2fa6c23b5d65dac?s=96&d=mm&r=g","url":"https:\/\/secure.gravatar.com\/avatar\/fbbb4a80a0f109888b2a5ab8ae255617499ecde533749b3ab2fa6c23b5d65dac?s=96&d=mm&r=g","contentUrl":"https:\/\/secure.gravatar.com\/avatar\/fbbb4a80a0f109888b2a5ab8ae255617499ecde533749b3ab2fa6c23b5d65dac?s=96&d=mm&r=g","caption":"Stefan Van Rompaey"},"url":"https:\/\/www.retaildetail.be\/fr\/author\/stefanvanrompaey\/"}]}},"jetpack_featured_media_url":"https:\/\/www.retaildetail.be\/wp-content\/uploads\/2025\/11\/shutterstock_212626114-1-1.jpg","jetpack_sharing_enabled":true,"_links":{"self":[{"href":"https:\/\/www.retaildetail.be\/fr\/wp-json\/wp\/v2\/posts\/134387","targetHints":{"allow":["GET"]}}],"collection":[{"href":"https:\/\/www.retaildetail.be\/fr\/wp-json\/wp\/v2\/posts"}],"about":[{"href":"https:\/\/www.retaildetail.be\/fr\/wp-json\/wp\/v2\/types\/post"}],"author":[{"embeddable":true,"href":"https:\/\/www.retaildetail.be\/fr\/wp-json\/wp\/v2\/users\/3"}],"replies":[{"embeddable":true,"href":"https:\/\/www.retaildetail.be\/fr\/wp-json\/wp\/v2\/comments?post=134387"}],"version-history":[{"count":1,"href":"https:\/\/www.retaildetail.be\/fr\/wp-json\/wp\/v2\/posts\/134387\/revisions"}],"predecessor-version":[{"id":134395,"href":"https:\/\/www.retaildetail.be\/fr\/wp-json\/wp\/v2\/posts\/134387\/revisions\/134395"}],"wp:featuredmedia":[{"embeddable":true,"href":"https:\/\/www.retaildetail.be\/fr\/wp-json\/wp\/v2\/media\/134388"}],"wp:attachment":[{"href":"https:\/\/www.retaildetail.be\/fr\/wp-json\/wp\/v2\/media?parent=134387"}],"wp:term":[{"taxonomy":"category","embeddable":true,"href":"https:\/\/www.retaildetail.be\/fr\/wp-json\/wp\/v2\/categories?post=134387"},{"taxonomy":"post_tag","embeddable":true,"href":"https:\/\/www.retaildetail.be\/fr\/wp-json\/wp\/v2\/tags?post=134387"},{"taxonomy":"people","embeddable":true,"href":"https:\/\/www.retaildetail.be\/fr\/wp-json\/wp\/v2\/people?post=134387"},{"taxonomy":"extra","embeddable":true,"href":"https:\/\/www.retaildetail.be\/fr\/wp-json\/wp\/v2\/extra?post=134387"},{"taxonomy":"company","embeddable":true,"href":"https:\/\/www.retaildetail.be\/fr\/wp-json\/wp\/v2\/company?post=134387"},{"taxonomy":"topic","embeddable":true,"href":"https:\/\/www.retaildetail.be\/fr\/wp-json\/wp\/v2\/topic?post=134387"},{"taxonomy":"region","embeddable":true,"href":"https:\/\/www.retaildetail.be\/fr\/wp-json\/wp\/v2\/region?post=134387"}],"curies":[{"name":"wp","href":"https:\/\/api.w.org\/{rel}","templated":true}]}}