{"id":134513,"date":"2025-11-13T13:44:58","date_gmt":"2025-11-13T12:44:58","guid":{"rendered":"https:\/\/www.retaildetail.be\/?p=134513"},"modified":"2025-11-13T13:44:59","modified_gmt":"2025-11-13T12:44:59","slug":"flamant-subit-des-pertes-mais-le-seuil-de-rentabilite-est-en-vue","status":"publish","type":"post","link":"https:\/\/www.retaildetail.be\/fr\/news\/maison-deco\/flamant-subit-des-pertes-mais-le-seuil-de-rentabilite-est-en-vue\/","title":{"rendered":"Flamant continue de subir des pertes, mais le seuil de rentabilit\u00e9 est en vue"},"content":{"rendered":"\n<p>La renaissance de la cha\u00eene d&rsquo;ameublement <strong>Flamant <\/strong>s&rsquo;av\u00e8re difficile. La famille Beerlandt (<strong>Besix<\/strong>), propri\u00e9taire de l&rsquo;entreprise, s&rsquo;en tient n\u00e9anmoins au plan de redressement et pr\u00e9voit un retour \u00e0 l&rsquo;\u00e9quilibre \u00e0 partir de 2026.<\/p>\n\n\n\n<h2 class=\"wp-block-heading\">Assainissement et fermetures<\/h2>\n\n\n\n<p>Malgr\u00e9 une augmentation de 12 % de son chiffre d&rsquo;affaires, qui atteint 16 millions d&rsquo;euros, l&rsquo;entreprise est rest\u00e9e profond\u00e9ment dans le rouge en 2024, avec une perte nette de 2,2 millions d&rsquo;euros. C&rsquo;est ce qui ressort des comptes annuels r\u00e9cemment publi\u00e9s, dont fait \u00e9tat le journal De Tijd.<\/p>\n\n\n\n<p>Sous la direction de la PDG Mich\u00e8le Beerlandt, aux commandes depuis 2023, Flamant a toutefois d\u00e9j\u00e0 pris des mesures \u00e9nergiques. La cha\u00eene a ferm\u00e9 des magasins d\u00e9ficitaires \u00e0 Aix-en-Provence, Nice et Anvers et conserve aujourd&rsquo;hui six \u00e9tablissements : trois en Belgique, deux \u00e0 Paris et un en Jordanie.<\/p>\n\n\n\n<p>Ce changement strat\u00e9gique s&rsquo;est \u00e9galement traduit par une politique commerciale plus stricte, la r\u00e9introduction des activit\u00e9s de gros et des r\u00e9ductions de co\u00fbts. La r\u00e9duction des effectifs et les changements au niveau de la direction ont permis de r\u00e9duire les d\u00e9penses de 1,2 million d&rsquo;euros. De plus, les ventes en magasin d&rsquo;usine ont g\u00e9n\u00e9r\u00e9 un chiffre d&rsquo;affaires suppl\u00e9mentaire.<\/p>\n\n\n\n<h2 class=\"wp-block-heading\">Soutien de Besix<\/h2>\n\n\n\n<p>Flamant se concentre actuellement sur de nouveaux partenaires au Moyen-Orient et profite \u00e9galement des projets de construction de Besix. La formule d&rsquo;am\u00e9nagement int\u00e9rieur a par exemple particip\u00e9 \u00e0 l&rsquo;am\u00e9nagement de la tour Mohammed VI \u00e0 Rabat, un projet de Besix. \u00ab Nous avons parcouru un long chemin, cela a \u00e9t\u00e9 difficile, mais maintenant, les choses s&rsquo;am\u00e9liorent petit \u00e0 petit \u00bb, d\u00e9clare Mich\u00e8le Beerlandt au journal De Tijd.<\/p>\n\n\n\n<p>Cette ann\u00e9e, Besix et Johan Beerlandt ont \u00e9galement proc\u00e9d\u00e9 \u00e0 une intervention financi\u00e8re importante. Apr\u00e8s l&rsquo;effacement de 5,8 millions d&rsquo;euros de pertes accumul\u00e9es, une augmentation de capital de 4 millions d&rsquo;euros a \u00e9t\u00e9 r\u00e9alis\u00e9e gr\u00e2ce \u00e0 l&rsquo;apport de pr\u00eats d&rsquo;actionnaires. \u00c0 la fin de l&rsquo;ann\u00e9e derni\u00e8re, les propri\u00e9taires avaient d\u00e9j\u00e0 inject\u00e9 1,6 million d&rsquo;euros de capital suppl\u00e9mentaire dans l&rsquo;entreprise.<\/p>\n\n\n\n<p>Beerlandt s&rsquo;attend \u00e0 ce que 2025 se termine encore l\u00e9g\u00e8rement dans le rouge, mais vise un revirement en 2026, pr\u00e8s d&rsquo;une d\u00e9cennie apr\u00e8s que la cha\u00eene ait d\u00fb demander la protection contre ses cr\u00e9anciers en 2018.<\/p>\n","protected":false},"excerpt":{"rendered":"<p>La renaissance de la cha\u00eene d&rsquo;ameublement Flamant s&rsquo;av\u00e8re difficile. La famille Beerlandt (groupe de construction Besix), propri\u00e9taire de l&rsquo;entreprise, maintient toutefois son plan de redressement et pr\u00e9voit un retour \u00e0 l&rsquo;\u00e9quilibre financier \u00e0 partir de 2026.<\/p>\n","protected":false},"author":5,"featured_media":134514,"comment_status":"closed","ping_status":"closed","sticky":false,"template":"","format":"standard","meta":{"_acf_changed":false,"inline_featured_image":false,"_jetpack_memberships_contains_paid_content":false,"footnotes":""},"categories":[29,21],"tags":[],"people":[],"extra":[43],"company":[1372],"topic":[332,266],"region":[226],"class_list":["post-134513","post","type-post","status-publish","format-standard","has-post-thumbnail","hentry","category-maison-deco","category-wonen","extra-plus","company-flamant","topic-restructuration","topic-resultats-financiers","region-belgique"],"acf":[],"yoast_head":"<!-- This site is optimized with the Yoast SEO plugin v27.3 - https:\/\/yoast.com\/product\/yoast-seo-wordpress\/ -->\n<title>Flamant continue de subir des pertes, mais le seuil de rentabilit\u00e9 est en vue - RetailDetail BE<\/title>\n<meta name=\"description\" content=\"La renaissance de Flamant s&#039;av\u00e8re difficile. La famille Beerlandt (Besix), propri\u00e9taire, s&#039;en tient n\u00e9anmoins au plan de redressement.\" \/>\n<meta name=\"robots\" content=\"index, follow, max-snippet:-1, max-image-preview:large, max-video-preview:-1\" \/>\n<link rel=\"canonical\" href=\"https:\/\/www.retaildetail.be\/fr\/news\/maison-deco\/flamant-subit-des-pertes-mais-le-seuil-de-rentabilite-est-en-vue\/\" \/>\n<meta property=\"og:locale\" content=\"fr_FR\" \/>\n<meta property=\"og:type\" content=\"article\" \/>\n<meta property=\"og:title\" content=\"Flamant continue de subir des pertes, mais le seuil de rentabilit\u00e9 est en vue - RetailDetail BE\" \/>\n<meta property=\"og:description\" content=\"La renaissance de Flamant s&#039;av\u00e8re difficile. La famille Beerlandt (Besix), propri\u00e9taire, s&#039;en tient n\u00e9anmoins au plan de redressement.\" \/>\n<meta property=\"og:url\" content=\"https:\/\/www.retaildetail.be\/fr\/news\/maison-deco\/flamant-subit-des-pertes-mais-le-seuil-de-rentabilite-est-en-vue\/\" \/>\n<meta property=\"og:site_name\" content=\"RetailDetail BE\" \/>\n<meta property=\"article:published_time\" content=\"2025-11-13T12:44:58+00:00\" \/>\n<meta property=\"article:modified_time\" content=\"2025-11-13T12:44:59+00:00\" \/>\n<meta property=\"og:image\" content=\"https:\/\/www.retaildetail.be\/wp-content\/uploads\/2025\/11\/opening-flamant-sablon-brussel2.jpg\" \/>\n\t<meta property=\"og:image:width\" content=\"705\" \/>\n\t<meta property=\"og:image:height\" content=\"470\" \/>\n\t<meta property=\"og:image:type\" content=\"image\/jpeg\" \/>\n<meta name=\"author\" content=\"Pauline Neerman\" \/>\n<meta name=\"twitter:card\" content=\"summary_large_image\" \/>\n<meta name=\"twitter:label1\" content=\"\u00c9crit par\" \/>\n\t<meta name=\"twitter:data1\" content=\"Pauline Neerman\" \/>\n\t<meta name=\"twitter:label2\" content=\"Dur\u00e9e de lecture estim\u00e9e\" \/>\n\t<meta name=\"twitter:data2\" content=\"2 minutes\" \/>\n<script type=\"application\/ld+json\" class=\"yoast-schema-graph\">{\"@context\":\"https:\\\/\\\/schema.org\",\"@graph\":[{\"@type\":\"NewsArticle\",\"@id\":\"https:\\\/\\\/www.retaildetail.be\\\/fr\\\/news\\\/maison-deco\\\/flamant-subit-des-pertes-mais-le-seuil-de-rentabilite-est-en-vue\\\/#article\",\"isPartOf\":{\"@id\":\"https:\\\/\\\/www.retaildetail.be\\\/fr\\\/news\\\/maison-deco\\\/flamant-subit-des-pertes-mais-le-seuil-de-rentabilite-est-en-vue\\\/\"},\"author\":{\"name\":\"Pauline Neerman\",\"@id\":\"https:\\\/\\\/www.retaildetail.be\\\/nl\\\/#\\\/schema\\\/person\\\/66b54803fa10759039079458ea89e307\"},\"headline\":\"Flamant continue de subir des pertes, mais le seuil de rentabilit\u00e9 est en vue\",\"datePublished\":\"2025-11-13T12:44:58+00:00\",\"dateModified\":\"2025-11-13T12:44:59+00:00\",\"mainEntityOfPage\":{\"@id\":\"https:\\\/\\\/www.retaildetail.be\\\/fr\\\/news\\\/maison-deco\\\/flamant-subit-des-pertes-mais-le-seuil-de-rentabilite-est-en-vue\\\/\"},\"wordCount\":420,\"publisher\":{\"@id\":\"https:\\\/\\\/www.retaildetail.be\\\/nl\\\/#organization\"},\"image\":{\"@id\":\"https:\\\/\\\/www.retaildetail.be\\\/fr\\\/news\\\/maison-deco\\\/flamant-subit-des-pertes-mais-le-seuil-de-rentabilite-est-en-vue\\\/#primaryimage\"},\"thumbnailUrl\":\"https:\\\/\\\/www.retaildetail.be\\\/wp-content\\\/uploads\\\/2025\\\/11\\\/opening-flamant-sablon-brussel2.jpg\",\"articleSection\":[\"Maison &amp; D\u00e9co\",\"Wonen\"],\"inLanguage\":\"fr-FR\",\"copyrightYear\":\"2025\",\"copyrightHolder\":{\"@id\":\"https:\\\/\\\/www.retaildetail.be\\\/#organization\"}},{\"@type\":\"WebPage\",\"@id\":\"https:\\\/\\\/www.retaildetail.be\\\/fr\\\/news\\\/maison-deco\\\/flamant-subit-des-pertes-mais-le-seuil-de-rentabilite-est-en-vue\\\/\",\"url\":\"https:\\\/\\\/www.retaildetail.be\\\/fr\\\/news\\\/maison-deco\\\/flamant-subit-des-pertes-mais-le-seuil-de-rentabilite-est-en-vue\\\/\",\"name\":\"Flamant continue de subir des pertes, mais le seuil de rentabilit\u00e9 est en vue - RetailDetail BE\",\"isPartOf\":{\"@id\":\"https:\\\/\\\/www.retaildetail.be\\\/nl\\\/#website\"},\"primaryImageOfPage\":{\"@id\":\"https:\\\/\\\/www.retaildetail.be\\\/fr\\\/news\\\/maison-deco\\\/flamant-subit-des-pertes-mais-le-seuil-de-rentabilite-est-en-vue\\\/#primaryimage\"},\"image\":{\"@id\":\"https:\\\/\\\/www.retaildetail.be\\\/fr\\\/news\\\/maison-deco\\\/flamant-subit-des-pertes-mais-le-seuil-de-rentabilite-est-en-vue\\\/#primaryimage\"},\"thumbnailUrl\":\"https:\\\/\\\/www.retaildetail.be\\\/wp-content\\\/uploads\\\/2025\\\/11\\\/opening-flamant-sablon-brussel2.jpg\",\"datePublished\":\"2025-11-13T12:44:58+00:00\",\"dateModified\":\"2025-11-13T12:44:59+00:00\",\"description\":\"La renaissance de Flamant s'av\u00e8re difficile. La famille Beerlandt (Besix), propri\u00e9taire, s'en tient n\u00e9anmoins au plan de redressement.\",\"breadcrumb\":{\"@id\":\"https:\\\/\\\/www.retaildetail.be\\\/fr\\\/news\\\/maison-deco\\\/flamant-subit-des-pertes-mais-le-seuil-de-rentabilite-est-en-vue\\\/#breadcrumb\"},\"inLanguage\":\"fr-FR\",\"potentialAction\":[{\"@type\":\"ReadAction\",\"target\":[\"https:\\\/\\\/www.retaildetail.be\\\/fr\\\/news\\\/maison-deco\\\/flamant-subit-des-pertes-mais-le-seuil-de-rentabilite-est-en-vue\\\/\"]}]},{\"@type\":\"ImageObject\",\"inLanguage\":\"fr-FR\",\"@id\":\"https:\\\/\\\/www.retaildetail.be\\\/fr\\\/news\\\/maison-deco\\\/flamant-subit-des-pertes-mais-le-seuil-de-rentabilite-est-en-vue\\\/#primaryimage\",\"url\":\"https:\\\/\\\/www.retaildetail.be\\\/wp-content\\\/uploads\\\/2025\\\/11\\\/opening-flamant-sablon-brussel2.jpg\",\"contentUrl\":\"https:\\\/\\\/www.retaildetail.be\\\/wp-content\\\/uploads\\\/2025\\\/11\\\/opening-flamant-sablon-brussel2.jpg\",\"width\":705,\"height\":470},{\"@type\":\"BreadcrumbList\",\"@id\":\"https:\\\/\\\/www.retaildetail.be\\\/fr\\\/news\\\/maison-deco\\\/flamant-subit-des-pertes-mais-le-seuil-de-rentabilite-est-en-vue\\\/#breadcrumb\",\"itemListElement\":[{\"@type\":\"ListItem\",\"position\":1,\"name\":\"Home\",\"item\":\"https:\\\/\\\/www.retaildetail.be\\\/fr\\\/\"},{\"@type\":\"ListItem\",\"position\":2,\"name\":\"Flamant continue de subir des pertes, mais le seuil de rentabilit\u00e9 est en vue\"}]},{\"@type\":\"WebSite\",\"@id\":\"https:\\\/\\\/www.retaildetail.be\\\/nl\\\/#website\",\"url\":\"https:\\\/\\\/www.retaildetail.be\\\/nl\\\/\",\"name\":\"RetailDetail BE\",\"description\":\"News\",\"publisher\":{\"@id\":\"https:\\\/\\\/www.retaildetail.be\\\/nl\\\/#organization\"},\"potentialAction\":[{\"@type\":\"SearchAction\",\"target\":{\"@type\":\"EntryPoint\",\"urlTemplate\":\"https:\\\/\\\/www.retaildetail.be\\\/nl\\\/?s={search_term_string}\"},\"query-input\":{\"@type\":\"PropertyValueSpecification\",\"valueRequired\":true,\"valueName\":\"search_term_string\"}}],\"inLanguage\":\"fr-FR\"},{\"@type\":\"Organization\",\"@id\":\"https:\\\/\\\/www.retaildetail.be\\\/nl\\\/#organization\",\"name\":\"RetailDetail BE\",\"url\":\"https:\\\/\\\/www.retaildetail.be\\\/nl\\\/\",\"logo\":{\"@type\":\"ImageObject\",\"inLanguage\":\"fr-FR\",\"@id\":\"https:\\\/\\\/www.retaildetail.be\\\/nl\\\/#\\\/schema\\\/logo\\\/image\\\/\",\"url\":\"https:\\\/\\\/www.retaildetail.be\\\/wp-content\\\/uploads\\\/2022\\\/04\\\/logo.svg\",\"contentUrl\":\"https:\\\/\\\/www.retaildetail.be\\\/wp-content\\\/uploads\\\/2022\\\/04\\\/logo.svg\",\"width\":131,\"height\":70,\"caption\":\"RetailDetail BE\"},\"image\":{\"@id\":\"https:\\\/\\\/www.retaildetail.be\\\/nl\\\/#\\\/schema\\\/logo\\\/image\\\/\"}},{\"@type\":\"Person\",\"@id\":\"https:\\\/\\\/www.retaildetail.be\\\/nl\\\/#\\\/schema\\\/person\\\/66b54803fa10759039079458ea89e307\",\"name\":\"Pauline Neerman\",\"image\":{\"@type\":\"ImageObject\",\"inLanguage\":\"fr-FR\",\"@id\":\"https:\\\/\\\/secure.gravatar.com\\\/avatar\\\/58db22aee589a691f9603e5765ac06010427a923f9b2728b951eb7fe27214d70?s=96&d=mm&r=g\",\"url\":\"https:\\\/\\\/secure.gravatar.com\\\/avatar\\\/58db22aee589a691f9603e5765ac06010427a923f9b2728b951eb7fe27214d70?s=96&d=mm&r=g\",\"contentUrl\":\"https:\\\/\\\/secure.gravatar.com\\\/avatar\\\/58db22aee589a691f9603e5765ac06010427a923f9b2728b951eb7fe27214d70?s=96&d=mm&r=g\",\"caption\":\"Pauline Neerman\"},\"url\":\"https:\\\/\\\/www.retaildetail.be\\\/fr\\\/author\\\/paulineneerman\\\/\"}]}<\/script>\n<!-- \/ Yoast SEO plugin. -->","yoast_head_json":{"title":"Flamant continue de subir des pertes, mais le seuil de rentabilit\u00e9 est en vue - RetailDetail BE","description":"La renaissance de Flamant s'av\u00e8re difficile. La famille Beerlandt (Besix), propri\u00e9taire, s'en tient n\u00e9anmoins au plan de redressement.","robots":{"index":"index","follow":"follow","max-snippet":"max-snippet:-1","max-image-preview":"max-image-preview:large","max-video-preview":"max-video-preview:-1"},"canonical":"https:\/\/www.retaildetail.be\/fr\/news\/maison-deco\/flamant-subit-des-pertes-mais-le-seuil-de-rentabilite-est-en-vue\/","og_locale":"fr_FR","og_type":"article","og_title":"Flamant continue de subir des pertes, mais le seuil de rentabilit\u00e9 est en vue - RetailDetail BE","og_description":"La renaissance de Flamant s'av\u00e8re difficile. La famille Beerlandt (Besix), propri\u00e9taire, s'en tient n\u00e9anmoins au plan de redressement.","og_url":"https:\/\/www.retaildetail.be\/fr\/news\/maison-deco\/flamant-subit-des-pertes-mais-le-seuil-de-rentabilite-est-en-vue\/","og_site_name":"RetailDetail BE","article_published_time":"2025-11-13T12:44:58+00:00","article_modified_time":"2025-11-13T12:44:59+00:00","og_image":[{"width":705,"height":470,"url":"https:\/\/www.retaildetail.be\/wp-content\/uploads\/2025\/11\/opening-flamant-sablon-brussel2.jpg","type":"image\/jpeg"}],"author":"Pauline Neerman","twitter_card":"summary_large_image","twitter_misc":{"\u00c9crit par":"Pauline Neerman","Dur\u00e9e de lecture estim\u00e9e":"2 minutes"},"schema":{"@context":"https:\/\/schema.org","@graph":[{"@type":"NewsArticle","@id":"https:\/\/www.retaildetail.be\/fr\/news\/maison-deco\/flamant-subit-des-pertes-mais-le-seuil-de-rentabilite-est-en-vue\/#article","isPartOf":{"@id":"https:\/\/www.retaildetail.be\/fr\/news\/maison-deco\/flamant-subit-des-pertes-mais-le-seuil-de-rentabilite-est-en-vue\/"},"author":{"name":"Pauline Neerman","@id":"https:\/\/www.retaildetail.be\/nl\/#\/schema\/person\/66b54803fa10759039079458ea89e307"},"headline":"Flamant continue de subir des pertes, mais le seuil de rentabilit\u00e9 est en vue","datePublished":"2025-11-13T12:44:58+00:00","dateModified":"2025-11-13T12:44:59+00:00","mainEntityOfPage":{"@id":"https:\/\/www.retaildetail.be\/fr\/news\/maison-deco\/flamant-subit-des-pertes-mais-le-seuil-de-rentabilite-est-en-vue\/"},"wordCount":420,"publisher":{"@id":"https:\/\/www.retaildetail.be\/nl\/#organization"},"image":{"@id":"https:\/\/www.retaildetail.be\/fr\/news\/maison-deco\/flamant-subit-des-pertes-mais-le-seuil-de-rentabilite-est-en-vue\/#primaryimage"},"thumbnailUrl":"https:\/\/www.retaildetail.be\/wp-content\/uploads\/2025\/11\/opening-flamant-sablon-brussel2.jpg","articleSection":["Maison &amp; D\u00e9co","Wonen"],"inLanguage":"fr-FR","copyrightYear":"2025","copyrightHolder":{"@id":"https:\/\/www.retaildetail.be\/#organization"}},{"@type":"WebPage","@id":"https:\/\/www.retaildetail.be\/fr\/news\/maison-deco\/flamant-subit-des-pertes-mais-le-seuil-de-rentabilite-est-en-vue\/","url":"https:\/\/www.retaildetail.be\/fr\/news\/maison-deco\/flamant-subit-des-pertes-mais-le-seuil-de-rentabilite-est-en-vue\/","name":"Flamant continue de subir des pertes, mais le seuil de rentabilit\u00e9 est en vue - RetailDetail BE","isPartOf":{"@id":"https:\/\/www.retaildetail.be\/nl\/#website"},"primaryImageOfPage":{"@id":"https:\/\/www.retaildetail.be\/fr\/news\/maison-deco\/flamant-subit-des-pertes-mais-le-seuil-de-rentabilite-est-en-vue\/#primaryimage"},"image":{"@id":"https:\/\/www.retaildetail.be\/fr\/news\/maison-deco\/flamant-subit-des-pertes-mais-le-seuil-de-rentabilite-est-en-vue\/#primaryimage"},"thumbnailUrl":"https:\/\/www.retaildetail.be\/wp-content\/uploads\/2025\/11\/opening-flamant-sablon-brussel2.jpg","datePublished":"2025-11-13T12:44:58+00:00","dateModified":"2025-11-13T12:44:59+00:00","description":"La renaissance de Flamant s'av\u00e8re difficile. La famille Beerlandt (Besix), propri\u00e9taire, s'en tient n\u00e9anmoins au plan de redressement.","breadcrumb":{"@id":"https:\/\/www.retaildetail.be\/fr\/news\/maison-deco\/flamant-subit-des-pertes-mais-le-seuil-de-rentabilite-est-en-vue\/#breadcrumb"},"inLanguage":"fr-FR","potentialAction":[{"@type":"ReadAction","target":["https:\/\/www.retaildetail.be\/fr\/news\/maison-deco\/flamant-subit-des-pertes-mais-le-seuil-de-rentabilite-est-en-vue\/"]}]},{"@type":"ImageObject","inLanguage":"fr-FR","@id":"https:\/\/www.retaildetail.be\/fr\/news\/maison-deco\/flamant-subit-des-pertes-mais-le-seuil-de-rentabilite-est-en-vue\/#primaryimage","url":"https:\/\/www.retaildetail.be\/wp-content\/uploads\/2025\/11\/opening-flamant-sablon-brussel2.jpg","contentUrl":"https:\/\/www.retaildetail.be\/wp-content\/uploads\/2025\/11\/opening-flamant-sablon-brussel2.jpg","width":705,"height":470},{"@type":"BreadcrumbList","@id":"https:\/\/www.retaildetail.be\/fr\/news\/maison-deco\/flamant-subit-des-pertes-mais-le-seuil-de-rentabilite-est-en-vue\/#breadcrumb","itemListElement":[{"@type":"ListItem","position":1,"name":"Home","item":"https:\/\/www.retaildetail.be\/fr\/"},{"@type":"ListItem","position":2,"name":"Flamant continue de subir des pertes, mais le seuil de rentabilit\u00e9 est en vue"}]},{"@type":"WebSite","@id":"https:\/\/www.retaildetail.be\/nl\/#website","url":"https:\/\/www.retaildetail.be\/nl\/","name":"RetailDetail BE","description":"News","publisher":{"@id":"https:\/\/www.retaildetail.be\/nl\/#organization"},"potentialAction":[{"@type":"SearchAction","target":{"@type":"EntryPoint","urlTemplate":"https:\/\/www.retaildetail.be\/nl\/?s={search_term_string}"},"query-input":{"@type":"PropertyValueSpecification","valueRequired":true,"valueName":"search_term_string"}}],"inLanguage":"fr-FR"},{"@type":"Organization","@id":"https:\/\/www.retaildetail.be\/nl\/#organization","name":"RetailDetail BE","url":"https:\/\/www.retaildetail.be\/nl\/","logo":{"@type":"ImageObject","inLanguage":"fr-FR","@id":"https:\/\/www.retaildetail.be\/nl\/#\/schema\/logo\/image\/","url":"https:\/\/www.retaildetail.be\/wp-content\/uploads\/2022\/04\/logo.svg","contentUrl":"https:\/\/www.retaildetail.be\/wp-content\/uploads\/2022\/04\/logo.svg","width":131,"height":70,"caption":"RetailDetail BE"},"image":{"@id":"https:\/\/www.retaildetail.be\/nl\/#\/schema\/logo\/image\/"}},{"@type":"Person","@id":"https:\/\/www.retaildetail.be\/nl\/#\/schema\/person\/66b54803fa10759039079458ea89e307","name":"Pauline Neerman","image":{"@type":"ImageObject","inLanguage":"fr-FR","@id":"https:\/\/secure.gravatar.com\/avatar\/58db22aee589a691f9603e5765ac06010427a923f9b2728b951eb7fe27214d70?s=96&d=mm&r=g","url":"https:\/\/secure.gravatar.com\/avatar\/58db22aee589a691f9603e5765ac06010427a923f9b2728b951eb7fe27214d70?s=96&d=mm&r=g","contentUrl":"https:\/\/secure.gravatar.com\/avatar\/58db22aee589a691f9603e5765ac06010427a923f9b2728b951eb7fe27214d70?s=96&d=mm&r=g","caption":"Pauline Neerman"},"url":"https:\/\/www.retaildetail.be\/fr\/author\/paulineneerman\/"}]}},"jetpack_featured_media_url":"https:\/\/www.retaildetail.be\/wp-content\/uploads\/2025\/11\/opening-flamant-sablon-brussel2.jpg","jetpack_sharing_enabled":true,"_links":{"self":[{"href":"https:\/\/www.retaildetail.be\/fr\/wp-json\/wp\/v2\/posts\/134513","targetHints":{"allow":["GET"]}}],"collection":[{"href":"https:\/\/www.retaildetail.be\/fr\/wp-json\/wp\/v2\/posts"}],"about":[{"href":"https:\/\/www.retaildetail.be\/fr\/wp-json\/wp\/v2\/types\/post"}],"author":[{"embeddable":true,"href":"https:\/\/www.retaildetail.be\/fr\/wp-json\/wp\/v2\/users\/5"}],"replies":[{"embeddable":true,"href":"https:\/\/www.retaildetail.be\/fr\/wp-json\/wp\/v2\/comments?post=134513"}],"version-history":[{"count":1,"href":"https:\/\/www.retaildetail.be\/fr\/wp-json\/wp\/v2\/posts\/134513\/revisions"}],"predecessor-version":[{"id":134517,"href":"https:\/\/www.retaildetail.be\/fr\/wp-json\/wp\/v2\/posts\/134513\/revisions\/134517"}],"wp:featuredmedia":[{"embeddable":true,"href":"https:\/\/www.retaildetail.be\/fr\/wp-json\/wp\/v2\/media\/134514"}],"wp:attachment":[{"href":"https:\/\/www.retaildetail.be\/fr\/wp-json\/wp\/v2\/media?parent=134513"}],"wp:term":[{"taxonomy":"category","embeddable":true,"href":"https:\/\/www.retaildetail.be\/fr\/wp-json\/wp\/v2\/categories?post=134513"},{"taxonomy":"post_tag","embeddable":true,"href":"https:\/\/www.retaildetail.be\/fr\/wp-json\/wp\/v2\/tags?post=134513"},{"taxonomy":"people","embeddable":true,"href":"https:\/\/www.retaildetail.be\/fr\/wp-json\/wp\/v2\/people?post=134513"},{"taxonomy":"extra","embeddable":true,"href":"https:\/\/www.retaildetail.be\/fr\/wp-json\/wp\/v2\/extra?post=134513"},{"taxonomy":"company","embeddable":true,"href":"https:\/\/www.retaildetail.be\/fr\/wp-json\/wp\/v2\/company?post=134513"},{"taxonomy":"topic","embeddable":true,"href":"https:\/\/www.retaildetail.be\/fr\/wp-json\/wp\/v2\/topic?post=134513"},{"taxonomy":"region","embeddable":true,"href":"https:\/\/www.retaildetail.be\/fr\/wp-json\/wp\/v2\/region?post=134513"}],"curies":[{"name":"wp","href":"https:\/\/api.w.org\/{rel}","templated":true}]}}