{"id":134569,"date":"2025-11-13T19:04:23","date_gmt":"2025-11-13T18:04:23","guid":{"rendered":"https:\/\/www.retaildetail.be\/?p=134569"},"modified":"2025-11-13T19:04:26","modified_gmt":"2025-11-13T18:04:26","slug":"leurope-approuve-la-taxe-sur-les-petits-colis","status":"publish","type":"post","link":"https:\/\/www.retaildetail.be\/fr\/news\/general\/leurope-approuve-la-taxe-sur-les-petits-colis\/","title":{"rendered":"L&rsquo;Europe approuve la taxe sur les petits colis"},"content":{"rendered":"\n<p>Les ministres des Finances de l&rsquo;Union Europ\u00e9enne ont approuv\u00e9 une proposition visant \u00e0 supprimer l&rsquo;exemption des droits de douane sur les colis d&rsquo;une valeur inf\u00e9rieure \u00e0 150 euros. Et cela pourrait ne pas s&rsquo;arr\u00eater l\u00e0&#8230;<\/p>\n\n\n\n<h2 class=\"wp-block-heading\">Suppression des exemptions<\/h2>\n\n\n\n<p>Les services douaniers croulent sous les colis bon march\u00e9 en provenance de Chine, se plaignent les fonctionnaires et les d\u00e9taillants depuis des mois, voire des ann\u00e9es. Des plateformes telles que Shein et Temu profitent en effet pleinement du r\u00e9gime qui n&rsquo;applique pas de droits de douane aux colis de moins de 150 euros entrant dans l&rsquo;Union europ\u00e9enne. Pas moins de <a href=\"https:\/\/www.retaildetail.be\/fr\/news\/general\/leurope-veut-prelever-une-taxe-sur-les-petits-colis-du-commerce-electronique\/\">91 % des 4,6 milliards de colis<\/a> qui sont rest\u00e9s l&rsquo;ann\u00e9e derni\u00e8re sous le seuil d&rsquo;exemption provenaient de Chine. <\/p>\n\n\n\n<p>Mais cela ne durera pas, car les ministres europ\u00e9ens des Finances ont d\u00e9cid\u00e9 de supprimer l&rsquo;exemption pour les colis bon march\u00e9. En th\u00e9orie, la mesure entrera en vigueur \u00e0 partir de 2028, mais les ministres ont d\u00e9sormais d\u00e9clar\u00e9 vouloir supprimer le seuil d&rsquo;exemption \u00ab d\u00e8s que possible \u00bb. <a href=\"https:\/\/www.nieuwsblad.be\/binnenland\/eu-lidstaten-zetten-licht-op-groen-voor-belasten-van-kleine-pakjes\/104843725.html\">Certaines \u00e9chappatoires seront \u00e9galement supprim\u00e9es<\/a>, comme le fractionnement des envois en plusieurs colis afin de rester en dessous du seuil de valeur, \u00e9crit le Nieuwsblad. <\/p>\n\n\n\n<p>Mais cela ne s&rsquo;arr\u00eate pas l\u00e0 : en plus de supprimer l&rsquo;exemption pour les colis bon march\u00e9, la Commission europ\u00e9enne souhaite \u00e9galement imposer une \u00ab contribution de traitement \u00bb forfaitaire de deux euros par colis<\/a> provenant de l&rsquo;ext\u00e9rieur de l&rsquo;Union europ\u00e9enne. Cette contribution devrait id\u00e9alement entrer en vigueur d\u00e8s l&rsquo;ann\u00e9e prochaine. <\/p>\n\n\n\n<p><\/p>\n","protected":false},"excerpt":{"rendered":"<p>Les ministres des Finances de l\u2019Union Europ\u00e9enne ont approuv\u00e9 une proposition visant \u00e0 supprimer l\u2019exemption des droits de douane sur les colis d\u2019une valeur inf\u00e9rieure \u00e0 150 euros. Et cela pourrait ne pas s\u2019arr\u00eater l\u00e0\u2026<\/p>\n","protected":false},"author":4,"featured_media":134570,"comment_status":"closed","ping_status":"closed","sticky":false,"template":"","format":"standard","meta":{"_acf_changed":false,"inline_featured_image":false,"_jetpack_memberships_contains_paid_content":false,"footnotes":""},"categories":[15,25],"tags":[],"people":[],"extra":[43],"company":[],"topic":[198],"region":[243],"class_list":["post-134569","post","type-post","status-publish","format-standard","has-post-thumbnail","hentry","category-algemeen","category-general","extra-plus","topic-e-commerce","region-europe"],"acf":[],"yoast_head":"<!-- This site is optimized with the Yoast SEO plugin v27.3 - https:\/\/yoast.com\/product\/yoast-seo-wordpress\/ -->\n<title>L&#039;Europe approuve la taxe sur les petits colis - RetailDetail BE<\/title>\n<meta name=\"description\" content=\"Les ministres des Finances de l\u2019UE ont approuv\u00e9 une proposition visant \u00e0 supprimer l\u2019exemption des droits de douane sur les petits colis.\" \/>\n<meta name=\"robots\" content=\"index, follow, max-snippet:-1, max-image-preview:large, max-video-preview:-1\" \/>\n<link rel=\"canonical\" href=\"https:\/\/www.retaildetail.be\/fr\/news\/general\/leurope-approuve-la-taxe-sur-les-petits-colis\/\" \/>\n<meta property=\"og:locale\" content=\"fr_FR\" \/>\n<meta property=\"og:type\" content=\"article\" \/>\n<meta property=\"og:title\" content=\"L&#039;Europe approuve la taxe sur les petits colis - RetailDetail BE\" \/>\n<meta property=\"og:description\" content=\"Les ministres des Finances de l\u2019UE ont approuv\u00e9 une proposition visant \u00e0 supprimer l\u2019exemption des droits de douane sur les petits colis.\" \/>\n<meta property=\"og:url\" content=\"https:\/\/www.retaildetail.be\/fr\/news\/general\/leurope-approuve-la-taxe-sur-les-petits-colis\/\" \/>\n<meta property=\"og:site_name\" content=\"RetailDetail BE\" \/>\n<meta property=\"article:published_time\" content=\"2025-11-13T18:04:23+00:00\" \/>\n<meta property=\"article:modified_time\" content=\"2025-11-13T18:04:26+00:00\" \/>\n<meta property=\"og:image\" content=\"https:\/\/www.retaildetail.be\/wp-content\/uploads\/2025\/11\/shutterstock_2527395271-EU-pakketjes-1.jpg\" \/>\n\t<meta property=\"og:image:width\" content=\"1000\" \/>\n\t<meta property=\"og:image:height\" content=\"667\" \/>\n\t<meta property=\"og:image:type\" content=\"image\/jpeg\" \/>\n<meta name=\"author\" content=\"Maarten Reul\" \/>\n<meta name=\"twitter:card\" content=\"summary_large_image\" \/>\n<meta name=\"twitter:label1\" content=\"\u00c9crit par\" \/>\n\t<meta name=\"twitter:data1\" content=\"Maarten Reul\" \/>\n\t<meta name=\"twitter:label2\" content=\"Dur\u00e9e de lecture estim\u00e9e\" \/>\n\t<meta name=\"twitter:data2\" content=\"1 minute\" \/>\n<script type=\"application\/ld+json\" class=\"yoast-schema-graph\">{\"@context\":\"https:\\\/\\\/schema.org\",\"@graph\":[{\"@type\":\"NewsArticle\",\"@id\":\"https:\\\/\\\/www.retaildetail.be\\\/fr\\\/news\\\/general\\\/leurope-approuve-la-taxe-sur-les-petits-colis\\\/#article\",\"isPartOf\":{\"@id\":\"https:\\\/\\\/www.retaildetail.be\\\/fr\\\/news\\\/general\\\/leurope-approuve-la-taxe-sur-les-petits-colis\\\/\"},\"author\":{\"name\":\"Maarten Reul\",\"@id\":\"https:\\\/\\\/www.retaildetail.be\\\/nl\\\/#\\\/schema\\\/person\\\/fbcf88ed1b121d65026767275bff632f\"},\"headline\":\"L&rsquo;Europe approuve la taxe sur les petits colis\",\"datePublished\":\"2025-11-13T18:04:23+00:00\",\"dateModified\":\"2025-11-13T18:04:26+00:00\",\"mainEntityOfPage\":{\"@id\":\"https:\\\/\\\/www.retaildetail.be\\\/fr\\\/news\\\/general\\\/leurope-approuve-la-taxe-sur-les-petits-colis\\\/\"},\"wordCount\":275,\"publisher\":{\"@id\":\"https:\\\/\\\/www.retaildetail.be\\\/nl\\\/#organization\"},\"image\":{\"@id\":\"https:\\\/\\\/www.retaildetail.be\\\/fr\\\/news\\\/general\\\/leurope-approuve-la-taxe-sur-les-petits-colis\\\/#primaryimage\"},\"thumbnailUrl\":\"https:\\\/\\\/www.retaildetail.be\\\/wp-content\\\/uploads\\\/2025\\\/11\\\/shutterstock_2527395271-EU-pakketjes-1.jpg\",\"articleSection\":[\"Algemeen\",\"G\u00e9n\u00e9ral\"],\"inLanguage\":\"fr-FR\",\"copyrightYear\":\"2025\",\"copyrightHolder\":{\"@id\":\"https:\\\/\\\/www.retaildetail.be\\\/#organization\"}},{\"@type\":\"WebPage\",\"@id\":\"https:\\\/\\\/www.retaildetail.be\\\/fr\\\/news\\\/general\\\/leurope-approuve-la-taxe-sur-les-petits-colis\\\/\",\"url\":\"https:\\\/\\\/www.retaildetail.be\\\/fr\\\/news\\\/general\\\/leurope-approuve-la-taxe-sur-les-petits-colis\\\/\",\"name\":\"L'Europe approuve la taxe sur les petits colis - RetailDetail BE\",\"isPartOf\":{\"@id\":\"https:\\\/\\\/www.retaildetail.be\\\/nl\\\/#website\"},\"primaryImageOfPage\":{\"@id\":\"https:\\\/\\\/www.retaildetail.be\\\/fr\\\/news\\\/general\\\/leurope-approuve-la-taxe-sur-les-petits-colis\\\/#primaryimage\"},\"image\":{\"@id\":\"https:\\\/\\\/www.retaildetail.be\\\/fr\\\/news\\\/general\\\/leurope-approuve-la-taxe-sur-les-petits-colis\\\/#primaryimage\"},\"thumbnailUrl\":\"https:\\\/\\\/www.retaildetail.be\\\/wp-content\\\/uploads\\\/2025\\\/11\\\/shutterstock_2527395271-EU-pakketjes-1.jpg\",\"datePublished\":\"2025-11-13T18:04:23+00:00\",\"dateModified\":\"2025-11-13T18:04:26+00:00\",\"description\":\"Les ministres des Finances de l\u2019UE ont approuv\u00e9 une proposition visant \u00e0 supprimer l\u2019exemption des droits de douane sur les petits colis.\",\"breadcrumb\":{\"@id\":\"https:\\\/\\\/www.retaildetail.be\\\/fr\\\/news\\\/general\\\/leurope-approuve-la-taxe-sur-les-petits-colis\\\/#breadcrumb\"},\"inLanguage\":\"fr-FR\",\"potentialAction\":[{\"@type\":\"ReadAction\",\"target\":[\"https:\\\/\\\/www.retaildetail.be\\\/fr\\\/news\\\/general\\\/leurope-approuve-la-taxe-sur-les-petits-colis\\\/\"]}]},{\"@type\":\"ImageObject\",\"inLanguage\":\"fr-FR\",\"@id\":\"https:\\\/\\\/www.retaildetail.be\\\/fr\\\/news\\\/general\\\/leurope-approuve-la-taxe-sur-les-petits-colis\\\/#primaryimage\",\"url\":\"https:\\\/\\\/www.retaildetail.be\\\/wp-content\\\/uploads\\\/2025\\\/11\\\/shutterstock_2527395271-EU-pakketjes-1.jpg\",\"contentUrl\":\"https:\\\/\\\/www.retaildetail.be\\\/wp-content\\\/uploads\\\/2025\\\/11\\\/shutterstock_2527395271-EU-pakketjes-1.jpg\",\"width\":1000,\"height\":667,\"caption\":\"\u00a9 Shutterstock.com\"},{\"@type\":\"BreadcrumbList\",\"@id\":\"https:\\\/\\\/www.retaildetail.be\\\/fr\\\/news\\\/general\\\/leurope-approuve-la-taxe-sur-les-petits-colis\\\/#breadcrumb\",\"itemListElement\":[{\"@type\":\"ListItem\",\"position\":1,\"name\":\"Home\",\"item\":\"https:\\\/\\\/www.retaildetail.be\\\/fr\\\/\"},{\"@type\":\"ListItem\",\"position\":2,\"name\":\"L&#8217;Europe approuve la taxe sur les petits colis\"}]},{\"@type\":\"WebSite\",\"@id\":\"https:\\\/\\\/www.retaildetail.be\\\/nl\\\/#website\",\"url\":\"https:\\\/\\\/www.retaildetail.be\\\/nl\\\/\",\"name\":\"RetailDetail BE\",\"description\":\"News\",\"publisher\":{\"@id\":\"https:\\\/\\\/www.retaildetail.be\\\/nl\\\/#organization\"},\"potentialAction\":[{\"@type\":\"SearchAction\",\"target\":{\"@type\":\"EntryPoint\",\"urlTemplate\":\"https:\\\/\\\/www.retaildetail.be\\\/nl\\\/?s={search_term_string}\"},\"query-input\":{\"@type\":\"PropertyValueSpecification\",\"valueRequired\":true,\"valueName\":\"search_term_string\"}}],\"inLanguage\":\"fr-FR\"},{\"@type\":\"Organization\",\"@id\":\"https:\\\/\\\/www.retaildetail.be\\\/nl\\\/#organization\",\"name\":\"RetailDetail BE\",\"url\":\"https:\\\/\\\/www.retaildetail.be\\\/nl\\\/\",\"logo\":{\"@type\":\"ImageObject\",\"inLanguage\":\"fr-FR\",\"@id\":\"https:\\\/\\\/www.retaildetail.be\\\/nl\\\/#\\\/schema\\\/logo\\\/image\\\/\",\"url\":\"https:\\\/\\\/www.retaildetail.be\\\/wp-content\\\/uploads\\\/2022\\\/04\\\/logo.svg\",\"contentUrl\":\"https:\\\/\\\/www.retaildetail.be\\\/wp-content\\\/uploads\\\/2022\\\/04\\\/logo.svg\",\"width\":131,\"height\":70,\"caption\":\"RetailDetail BE\"},\"image\":{\"@id\":\"https:\\\/\\\/www.retaildetail.be\\\/nl\\\/#\\\/schema\\\/logo\\\/image\\\/\"}},{\"@type\":\"Person\",\"@id\":\"https:\\\/\\\/www.retaildetail.be\\\/nl\\\/#\\\/schema\\\/person\\\/fbcf88ed1b121d65026767275bff632f\",\"name\":\"Maarten Reul\",\"image\":{\"@type\":\"ImageObject\",\"inLanguage\":\"fr-FR\",\"@id\":\"https:\\\/\\\/secure.gravatar.com\\\/avatar\\\/80ddb4599c879961a4ed95ba7bc448a3e7570fae5c1c49a42c5261794f16d9a6?s=96&d=mm&r=g\",\"url\":\"https:\\\/\\\/secure.gravatar.com\\\/avatar\\\/80ddb4599c879961a4ed95ba7bc448a3e7570fae5c1c49a42c5261794f16d9a6?s=96&d=mm&r=g\",\"contentUrl\":\"https:\\\/\\\/secure.gravatar.com\\\/avatar\\\/80ddb4599c879961a4ed95ba7bc448a3e7570fae5c1c49a42c5261794f16d9a6?s=96&d=mm&r=g\",\"caption\":\"Maarten Reul\"},\"url\":\"https:\\\/\\\/www.retaildetail.be\\\/fr\\\/author\\\/maartenreul\\\/\"}]}<\/script>\n<!-- \/ Yoast SEO plugin. -->","yoast_head_json":{"title":"L'Europe approuve la taxe sur les petits colis - RetailDetail BE","description":"Les ministres des Finances de l\u2019UE ont approuv\u00e9 une proposition visant \u00e0 supprimer l\u2019exemption des droits de douane sur les petits colis.","robots":{"index":"index","follow":"follow","max-snippet":"max-snippet:-1","max-image-preview":"max-image-preview:large","max-video-preview":"max-video-preview:-1"},"canonical":"https:\/\/www.retaildetail.be\/fr\/news\/general\/leurope-approuve-la-taxe-sur-les-petits-colis\/","og_locale":"fr_FR","og_type":"article","og_title":"L'Europe approuve la taxe sur les petits colis - RetailDetail BE","og_description":"Les ministres des Finances de l\u2019UE ont approuv\u00e9 une proposition visant \u00e0 supprimer l\u2019exemption des droits de douane sur les petits colis.","og_url":"https:\/\/www.retaildetail.be\/fr\/news\/general\/leurope-approuve-la-taxe-sur-les-petits-colis\/","og_site_name":"RetailDetail BE","article_published_time":"2025-11-13T18:04:23+00:00","article_modified_time":"2025-11-13T18:04:26+00:00","og_image":[{"width":1000,"height":667,"url":"https:\/\/www.retaildetail.be\/wp-content\/uploads\/2025\/11\/shutterstock_2527395271-EU-pakketjes-1.jpg","type":"image\/jpeg"}],"author":"Maarten Reul","twitter_card":"summary_large_image","twitter_misc":{"\u00c9crit par":"Maarten Reul","Dur\u00e9e de lecture estim\u00e9e":"1 minute"},"schema":{"@context":"https:\/\/schema.org","@graph":[{"@type":"NewsArticle","@id":"https:\/\/www.retaildetail.be\/fr\/news\/general\/leurope-approuve-la-taxe-sur-les-petits-colis\/#article","isPartOf":{"@id":"https:\/\/www.retaildetail.be\/fr\/news\/general\/leurope-approuve-la-taxe-sur-les-petits-colis\/"},"author":{"name":"Maarten Reul","@id":"https:\/\/www.retaildetail.be\/nl\/#\/schema\/person\/fbcf88ed1b121d65026767275bff632f"},"headline":"L&rsquo;Europe approuve la taxe sur les petits colis","datePublished":"2025-11-13T18:04:23+00:00","dateModified":"2025-11-13T18:04:26+00:00","mainEntityOfPage":{"@id":"https:\/\/www.retaildetail.be\/fr\/news\/general\/leurope-approuve-la-taxe-sur-les-petits-colis\/"},"wordCount":275,"publisher":{"@id":"https:\/\/www.retaildetail.be\/nl\/#organization"},"image":{"@id":"https:\/\/www.retaildetail.be\/fr\/news\/general\/leurope-approuve-la-taxe-sur-les-petits-colis\/#primaryimage"},"thumbnailUrl":"https:\/\/www.retaildetail.be\/wp-content\/uploads\/2025\/11\/shutterstock_2527395271-EU-pakketjes-1.jpg","articleSection":["Algemeen","G\u00e9n\u00e9ral"],"inLanguage":"fr-FR","copyrightYear":"2025","copyrightHolder":{"@id":"https:\/\/www.retaildetail.be\/#organization"}},{"@type":"WebPage","@id":"https:\/\/www.retaildetail.be\/fr\/news\/general\/leurope-approuve-la-taxe-sur-les-petits-colis\/","url":"https:\/\/www.retaildetail.be\/fr\/news\/general\/leurope-approuve-la-taxe-sur-les-petits-colis\/","name":"L'Europe approuve la taxe sur les petits colis - RetailDetail BE","isPartOf":{"@id":"https:\/\/www.retaildetail.be\/nl\/#website"},"primaryImageOfPage":{"@id":"https:\/\/www.retaildetail.be\/fr\/news\/general\/leurope-approuve-la-taxe-sur-les-petits-colis\/#primaryimage"},"image":{"@id":"https:\/\/www.retaildetail.be\/fr\/news\/general\/leurope-approuve-la-taxe-sur-les-petits-colis\/#primaryimage"},"thumbnailUrl":"https:\/\/www.retaildetail.be\/wp-content\/uploads\/2025\/11\/shutterstock_2527395271-EU-pakketjes-1.jpg","datePublished":"2025-11-13T18:04:23+00:00","dateModified":"2025-11-13T18:04:26+00:00","description":"Les ministres des Finances de l\u2019UE ont approuv\u00e9 une proposition visant \u00e0 supprimer l\u2019exemption des droits de douane sur les petits colis.","breadcrumb":{"@id":"https:\/\/www.retaildetail.be\/fr\/news\/general\/leurope-approuve-la-taxe-sur-les-petits-colis\/#breadcrumb"},"inLanguage":"fr-FR","potentialAction":[{"@type":"ReadAction","target":["https:\/\/www.retaildetail.be\/fr\/news\/general\/leurope-approuve-la-taxe-sur-les-petits-colis\/"]}]},{"@type":"ImageObject","inLanguage":"fr-FR","@id":"https:\/\/www.retaildetail.be\/fr\/news\/general\/leurope-approuve-la-taxe-sur-les-petits-colis\/#primaryimage","url":"https:\/\/www.retaildetail.be\/wp-content\/uploads\/2025\/11\/shutterstock_2527395271-EU-pakketjes-1.jpg","contentUrl":"https:\/\/www.retaildetail.be\/wp-content\/uploads\/2025\/11\/shutterstock_2527395271-EU-pakketjes-1.jpg","width":1000,"height":667,"caption":"\u00a9 Shutterstock.com"},{"@type":"BreadcrumbList","@id":"https:\/\/www.retaildetail.be\/fr\/news\/general\/leurope-approuve-la-taxe-sur-les-petits-colis\/#breadcrumb","itemListElement":[{"@type":"ListItem","position":1,"name":"Home","item":"https:\/\/www.retaildetail.be\/fr\/"},{"@type":"ListItem","position":2,"name":"L&#8217;Europe approuve la taxe sur les petits colis"}]},{"@type":"WebSite","@id":"https:\/\/www.retaildetail.be\/nl\/#website","url":"https:\/\/www.retaildetail.be\/nl\/","name":"RetailDetail BE","description":"News","publisher":{"@id":"https:\/\/www.retaildetail.be\/nl\/#organization"},"potentialAction":[{"@type":"SearchAction","target":{"@type":"EntryPoint","urlTemplate":"https:\/\/www.retaildetail.be\/nl\/?s={search_term_string}"},"query-input":{"@type":"PropertyValueSpecification","valueRequired":true,"valueName":"search_term_string"}}],"inLanguage":"fr-FR"},{"@type":"Organization","@id":"https:\/\/www.retaildetail.be\/nl\/#organization","name":"RetailDetail BE","url":"https:\/\/www.retaildetail.be\/nl\/","logo":{"@type":"ImageObject","inLanguage":"fr-FR","@id":"https:\/\/www.retaildetail.be\/nl\/#\/schema\/logo\/image\/","url":"https:\/\/www.retaildetail.be\/wp-content\/uploads\/2022\/04\/logo.svg","contentUrl":"https:\/\/www.retaildetail.be\/wp-content\/uploads\/2022\/04\/logo.svg","width":131,"height":70,"caption":"RetailDetail BE"},"image":{"@id":"https:\/\/www.retaildetail.be\/nl\/#\/schema\/logo\/image\/"}},{"@type":"Person","@id":"https:\/\/www.retaildetail.be\/nl\/#\/schema\/person\/fbcf88ed1b121d65026767275bff632f","name":"Maarten Reul","image":{"@type":"ImageObject","inLanguage":"fr-FR","@id":"https:\/\/secure.gravatar.com\/avatar\/80ddb4599c879961a4ed95ba7bc448a3e7570fae5c1c49a42c5261794f16d9a6?s=96&d=mm&r=g","url":"https:\/\/secure.gravatar.com\/avatar\/80ddb4599c879961a4ed95ba7bc448a3e7570fae5c1c49a42c5261794f16d9a6?s=96&d=mm&r=g","contentUrl":"https:\/\/secure.gravatar.com\/avatar\/80ddb4599c879961a4ed95ba7bc448a3e7570fae5c1c49a42c5261794f16d9a6?s=96&d=mm&r=g","caption":"Maarten Reul"},"url":"https:\/\/www.retaildetail.be\/fr\/author\/maartenreul\/"}]}},"jetpack_featured_media_url":"https:\/\/www.retaildetail.be\/wp-content\/uploads\/2025\/11\/shutterstock_2527395271-EU-pakketjes-1.jpg","jetpack_sharing_enabled":true,"_links":{"self":[{"href":"https:\/\/www.retaildetail.be\/fr\/wp-json\/wp\/v2\/posts\/134569","targetHints":{"allow":["GET"]}}],"collection":[{"href":"https:\/\/www.retaildetail.be\/fr\/wp-json\/wp\/v2\/posts"}],"about":[{"href":"https:\/\/www.retaildetail.be\/fr\/wp-json\/wp\/v2\/types\/post"}],"author":[{"embeddable":true,"href":"https:\/\/www.retaildetail.be\/fr\/wp-json\/wp\/v2\/users\/4"}],"replies":[{"embeddable":true,"href":"https:\/\/www.retaildetail.be\/fr\/wp-json\/wp\/v2\/comments?post=134569"}],"version-history":[{"count":3,"href":"https:\/\/www.retaildetail.be\/fr\/wp-json\/wp\/v2\/posts\/134569\/revisions"}],"predecessor-version":[{"id":134574,"href":"https:\/\/www.retaildetail.be\/fr\/wp-json\/wp\/v2\/posts\/134569\/revisions\/134574"}],"wp:featuredmedia":[{"embeddable":true,"href":"https:\/\/www.retaildetail.be\/fr\/wp-json\/wp\/v2\/media\/134570"}],"wp:attachment":[{"href":"https:\/\/www.retaildetail.be\/fr\/wp-json\/wp\/v2\/media?parent=134569"}],"wp:term":[{"taxonomy":"category","embeddable":true,"href":"https:\/\/www.retaildetail.be\/fr\/wp-json\/wp\/v2\/categories?post=134569"},{"taxonomy":"post_tag","embeddable":true,"href":"https:\/\/www.retaildetail.be\/fr\/wp-json\/wp\/v2\/tags?post=134569"},{"taxonomy":"people","embeddable":true,"href":"https:\/\/www.retaildetail.be\/fr\/wp-json\/wp\/v2\/people?post=134569"},{"taxonomy":"extra","embeddable":true,"href":"https:\/\/www.retaildetail.be\/fr\/wp-json\/wp\/v2\/extra?post=134569"},{"taxonomy":"company","embeddable":true,"href":"https:\/\/www.retaildetail.be\/fr\/wp-json\/wp\/v2\/company?post=134569"},{"taxonomy":"topic","embeddable":true,"href":"https:\/\/www.retaildetail.be\/fr\/wp-json\/wp\/v2\/topic?post=134569"},{"taxonomy":"region","embeddable":true,"href":"https:\/\/www.retaildetail.be\/fr\/wp-json\/wp\/v2\/region?post=134569"}],"curies":[{"name":"wp","href":"https:\/\/api.w.org\/{rel}","templated":true}]}}