{"id":134592,"date":"2025-11-14T09:15:46","date_gmt":"2025-11-14T08:15:46","guid":{"rendered":"https:\/\/www.retaildetail.be\/?p=134592"},"modified":"2025-11-14T09:15:48","modified_gmt":"2025-11-14T08:15:48","slug":"wibra-termine-lannee-avec-71-magasins-en-belgique","status":"publish","type":"post","link":"https:\/\/www.retaildetail.be\/fr\/news\/general\/wibra-termine-lannee-avec-71-magasins-en-belgique\/","title":{"rendered":"Wibra termine l&rsquo;ann\u00e9e avec 71 magasins en Belgique"},"content":{"rendered":"\n<p><strong>Wibra<\/strong> a consid\u00e9rablement acc\u00e9l\u00e9r\u00e9 son expansion en Belgique cette ann\u00e9e : avec l&rsquo;ouverture d&rsquo;un nouveau magasin \u00e0 Zemst la semaine derni\u00e8re, le discounter compte d\u00e9sormais 71 succursales.<\/p>\n\n\n\n<h2 class=\"wp-block-heading\">Le dernier de l&rsquo;ann\u00e9e<\/h2>\n\n\n\n<p>Jeudi dernier, Wibra a ouvert un nouveau magasin sur la Brusselsesteenweg \u00e0 Zemst, dans un b\u00e2timent situ\u00e9 entre Vanden Borre et Bel&amp;Bo, qui \u00e9tait auparavant occup\u00e9 par le d\u00e9taillant de chaussures Pronti. Il s&rsquo;agit de la derni\u00e8re ouverture de magasin de l&rsquo;ann\u00e9e pour le discounter, qui a ouvert 13 nouveaux magasins en Belgique cette ann\u00e9e, pour atteindre un total de 71 magasins.<\/p>\n\n\n\n<p>Wibra a ainsi consid\u00e9rablement acc\u00e9l\u00e9r\u00e9 le rythme par rapport aux <a href=\"https:\/\/www.retaildetail.be\/fr\/news\/general\/wibra-cloture-lannee-avec-58-magasins-belges\/\">six ouvertures de magasins en 2024<\/a>. La cha\u00eene a pratiquement doubl\u00e9 sa taille <a href=\"https:\/\/www.retaildetail.be\/fr\/news\/general\/wibra-redemarre-en-belgique-avec-36-magasins-2\/\">depuis son red\u00e9marrage avec 36 magasins<\/a> en octobre 2020.<\/p>\n","protected":false},"excerpt":{"rendered":"<p>Wibra a consid\u00e9rablement acc\u00e9l\u00e9r\u00e9 son expansion en Belgique cette ann\u00e9e : avec l&rsquo;ouverture d&rsquo;un nouveau magasin \u00e0 Zemst la semaine derni\u00e8re, le discounter compte d\u00e9sormais 71 succursales. <\/p>\n","protected":false},"author":3,"featured_media":134593,"comment_status":"closed","ping_status":"closed","sticky":false,"template":"","format":"standard","meta":{"_acf_changed":false,"inline_featured_image":false,"_jetpack_memberships_contains_paid_content":false,"footnotes":""},"categories":[15,25],"tags":[],"people":[],"extra":[],"company":[867],"topic":[276],"region":[226],"class_list":["post-134592","post","type-post","status-publish","format-standard","has-post-thumbnail","hentry","category-algemeen","category-general","company-wibra","topic-expansion","region-belgique"],"acf":[],"yoast_head":"<!-- This site is optimized with the Yoast SEO plugin v27.3 - https:\/\/yoast.com\/product\/yoast-seo-wordpress\/ -->\n<title>Wibra termine l&#039;ann\u00e9e avec 71 magasins en Belgique - RetailDetail BE<\/title>\n<meta name=\"description\" content=\"Wibra a acc\u00e9l\u00e9r\u00e9 son expansion en Belgique cette ann\u00e9e : avec l&#039;ouverture d&#039;un nouveau magasin \u00e0 Zemst, le discounter compte 71 succursales.\" \/>\n<meta name=\"robots\" content=\"index, follow, max-snippet:-1, max-image-preview:large, max-video-preview:-1\" \/>\n<link rel=\"canonical\" href=\"https:\/\/www.retaildetail.be\/fr\/news\/general\/wibra-termine-lannee-avec-71-magasins-en-belgique\/\" \/>\n<meta property=\"og:locale\" content=\"fr_FR\" \/>\n<meta property=\"og:type\" content=\"article\" \/>\n<meta property=\"og:title\" content=\"Wibra termine l&#039;ann\u00e9e avec 71 magasins en Belgique - RetailDetail BE\" \/>\n<meta property=\"og:description\" content=\"Wibra a acc\u00e9l\u00e9r\u00e9 son expansion en Belgique cette ann\u00e9e : avec l&#039;ouverture d&#039;un nouveau magasin \u00e0 Zemst, le discounter compte 71 succursales.\" \/>\n<meta property=\"og:url\" content=\"https:\/\/www.retaildetail.be\/fr\/news\/general\/wibra-termine-lannee-avec-71-magasins-en-belgique\/\" \/>\n<meta property=\"og:site_name\" content=\"RetailDetail BE\" \/>\n<meta property=\"article:published_time\" content=\"2025-11-14T08:15:46+00:00\" \/>\n<meta property=\"article:modified_time\" content=\"2025-11-14T08:15:48+00:00\" \/>\n<meta property=\"og:image\" content=\"https:\/\/www.retaildetail.be\/wp-content\/uploads\/2025\/11\/wibra3-1.jpg\" \/>\n\t<meta property=\"og:image:width\" content=\"2016\" \/>\n\t<meta property=\"og:image:height\" content=\"1512\" \/>\n\t<meta property=\"og:image:type\" content=\"image\/jpeg\" \/>\n<meta name=\"author\" content=\"Stefan Van Rompaey\" \/>\n<meta name=\"twitter:card\" content=\"summary_large_image\" \/>\n<meta name=\"twitter:label1\" content=\"\u00c9crit par\" \/>\n\t<meta name=\"twitter:data1\" content=\"Stefan Van Rompaey\" \/>\n\t<meta name=\"twitter:label2\" content=\"Dur\u00e9e de lecture estim\u00e9e\" \/>\n\t<meta name=\"twitter:data2\" content=\"1 minute\" \/>\n<script type=\"application\/ld+json\" class=\"yoast-schema-graph\">{\"@context\":\"https:\\\/\\\/schema.org\",\"@graph\":[{\"@type\":\"NewsArticle\",\"@id\":\"https:\\\/\\\/www.retaildetail.be\\\/fr\\\/news\\\/general\\\/wibra-termine-lannee-avec-71-magasins-en-belgique\\\/#article\",\"isPartOf\":{\"@id\":\"https:\\\/\\\/www.retaildetail.be\\\/fr\\\/news\\\/general\\\/wibra-termine-lannee-avec-71-magasins-en-belgique\\\/\"},\"author\":{\"name\":\"Stefan Van Rompaey\",\"@id\":\"https:\\\/\\\/www.retaildetail.be\\\/nl\\\/#\\\/schema\\\/person\\\/51aec6069c4416aa2f68b2e4ff3455df\"},\"headline\":\"Wibra termine l&rsquo;ann\u00e9e avec 71 magasins en Belgique\",\"datePublished\":\"2025-11-14T08:15:46+00:00\",\"dateModified\":\"2025-11-14T08:15:48+00:00\",\"mainEntityOfPage\":{\"@id\":\"https:\\\/\\\/www.retaildetail.be\\\/fr\\\/news\\\/general\\\/wibra-termine-lannee-avec-71-magasins-en-belgique\\\/\"},\"wordCount\":149,\"publisher\":{\"@id\":\"https:\\\/\\\/www.retaildetail.be\\\/nl\\\/#organization\"},\"image\":{\"@id\":\"https:\\\/\\\/www.retaildetail.be\\\/fr\\\/news\\\/general\\\/wibra-termine-lannee-avec-71-magasins-en-belgique\\\/#primaryimage\"},\"thumbnailUrl\":\"https:\\\/\\\/www.retaildetail.be\\\/wp-content\\\/uploads\\\/2025\\\/11\\\/wibra3-1.jpg\",\"articleSection\":[\"Algemeen\",\"G\u00e9n\u00e9ral\"],\"inLanguage\":\"fr-FR\",\"copyrightYear\":\"2025\",\"copyrightHolder\":{\"@id\":\"https:\\\/\\\/www.retaildetail.be\\\/#organization\"}},{\"@type\":\"WebPage\",\"@id\":\"https:\\\/\\\/www.retaildetail.be\\\/fr\\\/news\\\/general\\\/wibra-termine-lannee-avec-71-magasins-en-belgique\\\/\",\"url\":\"https:\\\/\\\/www.retaildetail.be\\\/fr\\\/news\\\/general\\\/wibra-termine-lannee-avec-71-magasins-en-belgique\\\/\",\"name\":\"Wibra termine l'ann\u00e9e avec 71 magasins en Belgique - RetailDetail BE\",\"isPartOf\":{\"@id\":\"https:\\\/\\\/www.retaildetail.be\\\/nl\\\/#website\"},\"primaryImageOfPage\":{\"@id\":\"https:\\\/\\\/www.retaildetail.be\\\/fr\\\/news\\\/general\\\/wibra-termine-lannee-avec-71-magasins-en-belgique\\\/#primaryimage\"},\"image\":{\"@id\":\"https:\\\/\\\/www.retaildetail.be\\\/fr\\\/news\\\/general\\\/wibra-termine-lannee-avec-71-magasins-en-belgique\\\/#primaryimage\"},\"thumbnailUrl\":\"https:\\\/\\\/www.retaildetail.be\\\/wp-content\\\/uploads\\\/2025\\\/11\\\/wibra3-1.jpg\",\"datePublished\":\"2025-11-14T08:15:46+00:00\",\"dateModified\":\"2025-11-14T08:15:48+00:00\",\"description\":\"Wibra a acc\u00e9l\u00e9r\u00e9 son expansion en Belgique cette ann\u00e9e : avec l'ouverture d'un nouveau magasin \u00e0 Zemst, le discounter compte 71 succursales.\",\"breadcrumb\":{\"@id\":\"https:\\\/\\\/www.retaildetail.be\\\/fr\\\/news\\\/general\\\/wibra-termine-lannee-avec-71-magasins-en-belgique\\\/#breadcrumb\"},\"inLanguage\":\"fr-FR\",\"potentialAction\":[{\"@type\":\"ReadAction\",\"target\":[\"https:\\\/\\\/www.retaildetail.be\\\/fr\\\/news\\\/general\\\/wibra-termine-lannee-avec-71-magasins-en-belgique\\\/\"]}]},{\"@type\":\"ImageObject\",\"inLanguage\":\"fr-FR\",\"@id\":\"https:\\\/\\\/www.retaildetail.be\\\/fr\\\/news\\\/general\\\/wibra-termine-lannee-avec-71-magasins-en-belgique\\\/#primaryimage\",\"url\":\"https:\\\/\\\/www.retaildetail.be\\\/wp-content\\\/uploads\\\/2025\\\/11\\\/wibra3-1.jpg\",\"contentUrl\":\"https:\\\/\\\/www.retaildetail.be\\\/wp-content\\\/uploads\\\/2025\\\/11\\\/wibra3-1.jpg\",\"width\":2016,\"height\":1512},{\"@type\":\"BreadcrumbList\",\"@id\":\"https:\\\/\\\/www.retaildetail.be\\\/fr\\\/news\\\/general\\\/wibra-termine-lannee-avec-71-magasins-en-belgique\\\/#breadcrumb\",\"itemListElement\":[{\"@type\":\"ListItem\",\"position\":1,\"name\":\"Home\",\"item\":\"https:\\\/\\\/www.retaildetail.be\\\/fr\\\/\"},{\"@type\":\"ListItem\",\"position\":2,\"name\":\"Wibra termine l&#8217;ann\u00e9e avec 71 magasins en Belgique\"}]},{\"@type\":\"WebSite\",\"@id\":\"https:\\\/\\\/www.retaildetail.be\\\/nl\\\/#website\",\"url\":\"https:\\\/\\\/www.retaildetail.be\\\/nl\\\/\",\"name\":\"RetailDetail BE\",\"description\":\"News\",\"publisher\":{\"@id\":\"https:\\\/\\\/www.retaildetail.be\\\/nl\\\/#organization\"},\"potentialAction\":[{\"@type\":\"SearchAction\",\"target\":{\"@type\":\"EntryPoint\",\"urlTemplate\":\"https:\\\/\\\/www.retaildetail.be\\\/nl\\\/?s={search_term_string}\"},\"query-input\":{\"@type\":\"PropertyValueSpecification\",\"valueRequired\":true,\"valueName\":\"search_term_string\"}}],\"inLanguage\":\"fr-FR\"},{\"@type\":\"Organization\",\"@id\":\"https:\\\/\\\/www.retaildetail.be\\\/nl\\\/#organization\",\"name\":\"RetailDetail BE\",\"url\":\"https:\\\/\\\/www.retaildetail.be\\\/nl\\\/\",\"logo\":{\"@type\":\"ImageObject\",\"inLanguage\":\"fr-FR\",\"@id\":\"https:\\\/\\\/www.retaildetail.be\\\/nl\\\/#\\\/schema\\\/logo\\\/image\\\/\",\"url\":\"https:\\\/\\\/www.retaildetail.be\\\/wp-content\\\/uploads\\\/2022\\\/04\\\/logo.svg\",\"contentUrl\":\"https:\\\/\\\/www.retaildetail.be\\\/wp-content\\\/uploads\\\/2022\\\/04\\\/logo.svg\",\"width\":131,\"height\":70,\"caption\":\"RetailDetail BE\"},\"image\":{\"@id\":\"https:\\\/\\\/www.retaildetail.be\\\/nl\\\/#\\\/schema\\\/logo\\\/image\\\/\"}},{\"@type\":\"Person\",\"@id\":\"https:\\\/\\\/www.retaildetail.be\\\/nl\\\/#\\\/schema\\\/person\\\/51aec6069c4416aa2f68b2e4ff3455df\",\"name\":\"Stefan Van Rompaey\",\"image\":{\"@type\":\"ImageObject\",\"inLanguage\":\"fr-FR\",\"@id\":\"https:\\\/\\\/secure.gravatar.com\\\/avatar\\\/fbbb4a80a0f109888b2a5ab8ae255617499ecde533749b3ab2fa6c23b5d65dac?s=96&d=mm&r=g\",\"url\":\"https:\\\/\\\/secure.gravatar.com\\\/avatar\\\/fbbb4a80a0f109888b2a5ab8ae255617499ecde533749b3ab2fa6c23b5d65dac?s=96&d=mm&r=g\",\"contentUrl\":\"https:\\\/\\\/secure.gravatar.com\\\/avatar\\\/fbbb4a80a0f109888b2a5ab8ae255617499ecde533749b3ab2fa6c23b5d65dac?s=96&d=mm&r=g\",\"caption\":\"Stefan Van Rompaey\"},\"url\":\"https:\\\/\\\/www.retaildetail.be\\\/fr\\\/author\\\/stefanvanrompaey\\\/\"}]}<\/script>\n<!-- \/ Yoast SEO plugin. -->","yoast_head_json":{"title":"Wibra termine l'ann\u00e9e avec 71 magasins en Belgique - RetailDetail BE","description":"Wibra a acc\u00e9l\u00e9r\u00e9 son expansion en Belgique cette ann\u00e9e : avec l'ouverture d'un nouveau magasin \u00e0 Zemst, le discounter compte 71 succursales.","robots":{"index":"index","follow":"follow","max-snippet":"max-snippet:-1","max-image-preview":"max-image-preview:large","max-video-preview":"max-video-preview:-1"},"canonical":"https:\/\/www.retaildetail.be\/fr\/news\/general\/wibra-termine-lannee-avec-71-magasins-en-belgique\/","og_locale":"fr_FR","og_type":"article","og_title":"Wibra termine l'ann\u00e9e avec 71 magasins en Belgique - RetailDetail BE","og_description":"Wibra a acc\u00e9l\u00e9r\u00e9 son expansion en Belgique cette ann\u00e9e : avec l'ouverture d'un nouveau magasin \u00e0 Zemst, le discounter compte 71 succursales.","og_url":"https:\/\/www.retaildetail.be\/fr\/news\/general\/wibra-termine-lannee-avec-71-magasins-en-belgique\/","og_site_name":"RetailDetail BE","article_published_time":"2025-11-14T08:15:46+00:00","article_modified_time":"2025-11-14T08:15:48+00:00","og_image":[{"width":2016,"height":1512,"url":"https:\/\/www.retaildetail.be\/wp-content\/uploads\/2025\/11\/wibra3-1.jpg","type":"image\/jpeg"}],"author":"Stefan Van Rompaey","twitter_card":"summary_large_image","twitter_misc":{"\u00c9crit par":"Stefan Van Rompaey","Dur\u00e9e de lecture estim\u00e9e":"1 minute"},"schema":{"@context":"https:\/\/schema.org","@graph":[{"@type":"NewsArticle","@id":"https:\/\/www.retaildetail.be\/fr\/news\/general\/wibra-termine-lannee-avec-71-magasins-en-belgique\/#article","isPartOf":{"@id":"https:\/\/www.retaildetail.be\/fr\/news\/general\/wibra-termine-lannee-avec-71-magasins-en-belgique\/"},"author":{"name":"Stefan Van Rompaey","@id":"https:\/\/www.retaildetail.be\/nl\/#\/schema\/person\/51aec6069c4416aa2f68b2e4ff3455df"},"headline":"Wibra termine l&rsquo;ann\u00e9e avec 71 magasins en Belgique","datePublished":"2025-11-14T08:15:46+00:00","dateModified":"2025-11-14T08:15:48+00:00","mainEntityOfPage":{"@id":"https:\/\/www.retaildetail.be\/fr\/news\/general\/wibra-termine-lannee-avec-71-magasins-en-belgique\/"},"wordCount":149,"publisher":{"@id":"https:\/\/www.retaildetail.be\/nl\/#organization"},"image":{"@id":"https:\/\/www.retaildetail.be\/fr\/news\/general\/wibra-termine-lannee-avec-71-magasins-en-belgique\/#primaryimage"},"thumbnailUrl":"https:\/\/www.retaildetail.be\/wp-content\/uploads\/2025\/11\/wibra3-1.jpg","articleSection":["Algemeen","G\u00e9n\u00e9ral"],"inLanguage":"fr-FR","copyrightYear":"2025","copyrightHolder":{"@id":"https:\/\/www.retaildetail.be\/#organization"}},{"@type":"WebPage","@id":"https:\/\/www.retaildetail.be\/fr\/news\/general\/wibra-termine-lannee-avec-71-magasins-en-belgique\/","url":"https:\/\/www.retaildetail.be\/fr\/news\/general\/wibra-termine-lannee-avec-71-magasins-en-belgique\/","name":"Wibra termine l'ann\u00e9e avec 71 magasins en Belgique - RetailDetail BE","isPartOf":{"@id":"https:\/\/www.retaildetail.be\/nl\/#website"},"primaryImageOfPage":{"@id":"https:\/\/www.retaildetail.be\/fr\/news\/general\/wibra-termine-lannee-avec-71-magasins-en-belgique\/#primaryimage"},"image":{"@id":"https:\/\/www.retaildetail.be\/fr\/news\/general\/wibra-termine-lannee-avec-71-magasins-en-belgique\/#primaryimage"},"thumbnailUrl":"https:\/\/www.retaildetail.be\/wp-content\/uploads\/2025\/11\/wibra3-1.jpg","datePublished":"2025-11-14T08:15:46+00:00","dateModified":"2025-11-14T08:15:48+00:00","description":"Wibra a acc\u00e9l\u00e9r\u00e9 son expansion en Belgique cette ann\u00e9e : avec l'ouverture d'un nouveau magasin \u00e0 Zemst, le discounter compte 71 succursales.","breadcrumb":{"@id":"https:\/\/www.retaildetail.be\/fr\/news\/general\/wibra-termine-lannee-avec-71-magasins-en-belgique\/#breadcrumb"},"inLanguage":"fr-FR","potentialAction":[{"@type":"ReadAction","target":["https:\/\/www.retaildetail.be\/fr\/news\/general\/wibra-termine-lannee-avec-71-magasins-en-belgique\/"]}]},{"@type":"ImageObject","inLanguage":"fr-FR","@id":"https:\/\/www.retaildetail.be\/fr\/news\/general\/wibra-termine-lannee-avec-71-magasins-en-belgique\/#primaryimage","url":"https:\/\/www.retaildetail.be\/wp-content\/uploads\/2025\/11\/wibra3-1.jpg","contentUrl":"https:\/\/www.retaildetail.be\/wp-content\/uploads\/2025\/11\/wibra3-1.jpg","width":2016,"height":1512},{"@type":"BreadcrumbList","@id":"https:\/\/www.retaildetail.be\/fr\/news\/general\/wibra-termine-lannee-avec-71-magasins-en-belgique\/#breadcrumb","itemListElement":[{"@type":"ListItem","position":1,"name":"Home","item":"https:\/\/www.retaildetail.be\/fr\/"},{"@type":"ListItem","position":2,"name":"Wibra termine l&#8217;ann\u00e9e avec 71 magasins en Belgique"}]},{"@type":"WebSite","@id":"https:\/\/www.retaildetail.be\/nl\/#website","url":"https:\/\/www.retaildetail.be\/nl\/","name":"RetailDetail BE","description":"News","publisher":{"@id":"https:\/\/www.retaildetail.be\/nl\/#organization"},"potentialAction":[{"@type":"SearchAction","target":{"@type":"EntryPoint","urlTemplate":"https:\/\/www.retaildetail.be\/nl\/?s={search_term_string}"},"query-input":{"@type":"PropertyValueSpecification","valueRequired":true,"valueName":"search_term_string"}}],"inLanguage":"fr-FR"},{"@type":"Organization","@id":"https:\/\/www.retaildetail.be\/nl\/#organization","name":"RetailDetail BE","url":"https:\/\/www.retaildetail.be\/nl\/","logo":{"@type":"ImageObject","inLanguage":"fr-FR","@id":"https:\/\/www.retaildetail.be\/nl\/#\/schema\/logo\/image\/","url":"https:\/\/www.retaildetail.be\/wp-content\/uploads\/2022\/04\/logo.svg","contentUrl":"https:\/\/www.retaildetail.be\/wp-content\/uploads\/2022\/04\/logo.svg","width":131,"height":70,"caption":"RetailDetail BE"},"image":{"@id":"https:\/\/www.retaildetail.be\/nl\/#\/schema\/logo\/image\/"}},{"@type":"Person","@id":"https:\/\/www.retaildetail.be\/nl\/#\/schema\/person\/51aec6069c4416aa2f68b2e4ff3455df","name":"Stefan Van Rompaey","image":{"@type":"ImageObject","inLanguage":"fr-FR","@id":"https:\/\/secure.gravatar.com\/avatar\/fbbb4a80a0f109888b2a5ab8ae255617499ecde533749b3ab2fa6c23b5d65dac?s=96&d=mm&r=g","url":"https:\/\/secure.gravatar.com\/avatar\/fbbb4a80a0f109888b2a5ab8ae255617499ecde533749b3ab2fa6c23b5d65dac?s=96&d=mm&r=g","contentUrl":"https:\/\/secure.gravatar.com\/avatar\/fbbb4a80a0f109888b2a5ab8ae255617499ecde533749b3ab2fa6c23b5d65dac?s=96&d=mm&r=g","caption":"Stefan Van Rompaey"},"url":"https:\/\/www.retaildetail.be\/fr\/author\/stefanvanrompaey\/"}]}},"jetpack_featured_media_url":"https:\/\/www.retaildetail.be\/wp-content\/uploads\/2025\/11\/wibra3-1.jpg","jetpack_sharing_enabled":true,"_links":{"self":[{"href":"https:\/\/www.retaildetail.be\/fr\/wp-json\/wp\/v2\/posts\/134592","targetHints":{"allow":["GET"]}}],"collection":[{"href":"https:\/\/www.retaildetail.be\/fr\/wp-json\/wp\/v2\/posts"}],"about":[{"href":"https:\/\/www.retaildetail.be\/fr\/wp-json\/wp\/v2\/types\/post"}],"author":[{"embeddable":true,"href":"https:\/\/www.retaildetail.be\/fr\/wp-json\/wp\/v2\/users\/3"}],"replies":[{"embeddable":true,"href":"https:\/\/www.retaildetail.be\/fr\/wp-json\/wp\/v2\/comments?post=134592"}],"version-history":[{"count":1,"href":"https:\/\/www.retaildetail.be\/fr\/wp-json\/wp\/v2\/posts\/134592\/revisions"}],"predecessor-version":[{"id":134599,"href":"https:\/\/www.retaildetail.be\/fr\/wp-json\/wp\/v2\/posts\/134592\/revisions\/134599"}],"wp:featuredmedia":[{"embeddable":true,"href":"https:\/\/www.retaildetail.be\/fr\/wp-json\/wp\/v2\/media\/134593"}],"wp:attachment":[{"href":"https:\/\/www.retaildetail.be\/fr\/wp-json\/wp\/v2\/media?parent=134592"}],"wp:term":[{"taxonomy":"category","embeddable":true,"href":"https:\/\/www.retaildetail.be\/fr\/wp-json\/wp\/v2\/categories?post=134592"},{"taxonomy":"post_tag","embeddable":true,"href":"https:\/\/www.retaildetail.be\/fr\/wp-json\/wp\/v2\/tags?post=134592"},{"taxonomy":"people","embeddable":true,"href":"https:\/\/www.retaildetail.be\/fr\/wp-json\/wp\/v2\/people?post=134592"},{"taxonomy":"extra","embeddable":true,"href":"https:\/\/www.retaildetail.be\/fr\/wp-json\/wp\/v2\/extra?post=134592"},{"taxonomy":"company","embeddable":true,"href":"https:\/\/www.retaildetail.be\/fr\/wp-json\/wp\/v2\/company?post=134592"},{"taxonomy":"topic","embeddable":true,"href":"https:\/\/www.retaildetail.be\/fr\/wp-json\/wp\/v2\/topic?post=134592"},{"taxonomy":"region","embeddable":true,"href":"https:\/\/www.retaildetail.be\/fr\/wp-json\/wp\/v2\/region?post=134592"}],"curies":[{"name":"wp","href":"https:\/\/api.w.org\/{rel}","templated":true}]}}