{"id":134865,"date":"2025-11-17T16:38:15","date_gmt":"2025-11-17T15:38:15","guid":{"rendered":"https:\/\/www.retaildetail.be\/?p=134865"},"modified":"2025-11-17T16:38:16","modified_gmt":"2025-11-17T15:38:16","slug":"claire-partiellement-sauvee-en-france","status":"publish","type":"post","link":"https:\/\/www.retaildetail.be\/fr\/news\/mode\/claire-partiellement-sauvee-en-france\/","title":{"rendered":"Claire partiellement sauv\u00e9e en France"},"content":{"rendered":"\n<p>En France, la cha\u00eene d&rsquo;accessoires <strong>Claire&rsquo;s <\/strong>fait <strong>un <\/strong>red\u00e9marrage partiel entre les mains de la cha\u00eene de bijoux <strong>June<\/strong>, tandis que le vendeur espagnol de coques de t\u00e9l\u00e9phone <strong>La Casa de las Carcasas<\/strong> reprend \u00e9galement quelques magasins.<\/p>\n\n\n\n<h2 class=\"wp-block-heading\">450 emplois sauv\u00e9s<\/h2>\n\n\n\n<p>Fin octobre, on apprenait d\u00e9j\u00e0 que <a href=\"https:\/\/www.retaildetail.be\/fr\/news\/mode\/deux-candidats-a-la-reprise-de-claires-en-france\/\">deux candidats \u00e0 la reprise s&rsquo;\u00e9taient pr\u00e9sent\u00e9s<\/a> pour les activit\u00e9s fran\u00e7aises de la cha\u00eene d&rsquo;accessoires Claire&rsquo;s, en faillite. Le vendredi 17 novembre, le tribunal de commerce de Paris a approuv\u00e9 les deux offres de reprise partielle. Ainsi, environ 450 des 830 employ\u00e9s pourront conserver leur emploi.<\/p>\n\n\n\n<p>June, un vendeur d&rsquo;accessoires de mode, reprendra un peu moins de 140 magasins et emploiera environ 420 personnes. L&rsquo;entreprise a obtenu une licence pour une p\u00e9riode de dix ans pour l&rsquo;exploitation de Claire&rsquo;s. La cha\u00eene espagnole La Casa de las Carcasas reprendra trois magasins et trente employ\u00e9s. Les autres magasins fermeront leurs portes.<\/p>\n\n\n\n<p>La soci\u00e9t\u00e9 m\u00e8re de Claire&rsquo;s aux \u00c9tats-Unis a d\u00e9pos\u00e9 le bilan en ao\u00fbt et <a href=\"https:\/\/www.retaildetail.be\/fr\/news\/mode\/claires-trouve-un-repreneur-pour-ses-boutiques-en-amerique-du-nord\/\">a \u00e9t\u00e9 rachet\u00e9e par un fonds d&rsquo;investissement<\/a>. Depuis lors, plusieurs filiales europ\u00e9ennes ont ferm\u00e9 leurs portes, notamment en Belgique, aux Pays-Bas <a href=\"https:\/\/www.retaildetail.be\/fr\/news\/mode\/claires-desormais-egalement-en-faillite-en-espagne\/\">et en Espagne<\/a>. Au Royaume-Uni et en Irlande, le d\u00e9taillant fait <a href=\"https:\/\/www.retaildetail.be\/fr\/news\/mode\/claires-partiellement-sauvee-au-royaume-uni-et-en-irlande\/\">toutefois un nouveau d\u00e9part (\u00e9galement partiel)<\/a>.<\/p>\n","protected":false},"excerpt":{"rendered":"<p>En France, la cha\u00eene d&rsquo;accessoires Claire&rsquo;s fait un red\u00e9marrage partiel entre les mains de la cha\u00eene de bijoux June, tandis que le vendeur espagnol de coques de t\u00e9l\u00e9phone La Casa de las Carcasas reprend \u00e9galement quelques magasins. <\/p>\n","protected":false},"author":3,"featured_media":134866,"comment_status":"closed","ping_status":"closed","sticky":false,"template":"","format":"standard","meta":{"_acf_changed":false,"inline_featured_image":false,"_jetpack_memberships_contains_paid_content":false,"footnotes":""},"categories":[14,22],"tags":[],"people":[],"extra":[],"company":[1726],"topic":[282,1085],"region":[342],"class_list":{"0":"post-134865","1":"post","2":"type-post","3":"status-publish","4":"format-standard","5":"has-post-thumbnail","6":"hentry","7":"category-mode","9":"company-claires","10":"topic-acquisition","11":"topic-faillite","12":"region-france"},"acf":[],"yoast_head":"<!-- This site is optimized with the Yoast SEO plugin v27.3 - https:\/\/yoast.com\/product\/yoast-seo-wordpress\/ -->\n<title>Claire partiellement sauv\u00e9e en France - RetailDetail BE<\/title>\n<meta name=\"description\" content=\"En France, la cha\u00eene d&#039;accessoires Claire&#039;s fait un red\u00e9marrage partiel entre les mains de la cha\u00eene de bijoux June.\" \/>\n<meta name=\"robots\" content=\"index, follow, max-snippet:-1, max-image-preview:large, max-video-preview:-1\" \/>\n<link rel=\"canonical\" href=\"https:\/\/www.retaildetail.be\/fr\/news\/mode\/claire-partiellement-sauvee-en-france\/\" \/>\n<meta property=\"og:locale\" content=\"fr_FR\" \/>\n<meta property=\"og:type\" content=\"article\" \/>\n<meta property=\"og:title\" content=\"Claire partiellement sauv\u00e9e en France - RetailDetail BE\" \/>\n<meta property=\"og:description\" content=\"En France, la cha\u00eene d&#039;accessoires Claire&#039;s fait un red\u00e9marrage partiel entre les mains de la cha\u00eene de bijoux June.\" \/>\n<meta property=\"og:url\" content=\"https:\/\/www.retaildetail.be\/fr\/news\/mode\/claire-partiellement-sauvee-en-france\/\" \/>\n<meta property=\"og:site_name\" content=\"RetailDetail BE\" \/>\n<meta property=\"article:published_time\" content=\"2025-11-17T15:38:15+00:00\" \/>\n<meta property=\"article:modified_time\" content=\"2025-11-17T15:38:16+00:00\" \/>\n<meta property=\"og:image\" content=\"https:\/\/www.retaildetail.be\/wp-content\/uploads\/2025\/11\/shutterstock_claires-1.jpg\" \/>\n\t<meta property=\"og:image:width\" content=\"1000\" \/>\n\t<meta property=\"og:image:height\" content=\"667\" \/>\n\t<meta property=\"og:image:type\" content=\"image\/jpeg\" \/>\n<meta name=\"author\" content=\"Stefan Van Rompaey\" \/>\n<meta name=\"twitter:card\" content=\"summary_large_image\" \/>\n<meta name=\"twitter:label1\" content=\"\u00c9crit par\" \/>\n\t<meta name=\"twitter:data1\" content=\"Stefan Van Rompaey\" \/>\n\t<meta name=\"twitter:label2\" content=\"Dur\u00e9e de lecture estim\u00e9e\" \/>\n\t<meta name=\"twitter:data2\" content=\"1 minute\" \/>\n<script type=\"application\/ld+json\" class=\"yoast-schema-graph\">{\"@context\":\"https:\\\/\\\/schema.org\",\"@graph\":[{\"@type\":\"NewsArticle\",\"@id\":\"https:\\\/\\\/www.retaildetail.be\\\/fr\\\/news\\\/mode\\\/claire-partiellement-sauvee-en-france\\\/#article\",\"isPartOf\":{\"@id\":\"https:\\\/\\\/www.retaildetail.be\\\/fr\\\/news\\\/mode\\\/claire-partiellement-sauvee-en-france\\\/\"},\"author\":{\"name\":\"Stefan Van Rompaey\",\"@id\":\"https:\\\/\\\/www.retaildetail.be\\\/nl\\\/#\\\/schema\\\/person\\\/51aec6069c4416aa2f68b2e4ff3455df\"},\"headline\":\"Claire partiellement sauv\u00e9e en France\",\"datePublished\":\"2025-11-17T15:38:15+00:00\",\"dateModified\":\"2025-11-17T15:38:16+00:00\",\"mainEntityOfPage\":{\"@id\":\"https:\\\/\\\/www.retaildetail.be\\\/fr\\\/news\\\/mode\\\/claire-partiellement-sauvee-en-france\\\/\"},\"wordCount\":231,\"publisher\":{\"@id\":\"https:\\\/\\\/www.retaildetail.be\\\/nl\\\/#organization\"},\"image\":{\"@id\":\"https:\\\/\\\/www.retaildetail.be\\\/fr\\\/news\\\/mode\\\/claire-partiellement-sauvee-en-france\\\/#primaryimage\"},\"thumbnailUrl\":\"https:\\\/\\\/www.retaildetail.be\\\/wp-content\\\/uploads\\\/2025\\\/11\\\/shutterstock_claires-1.jpg\",\"articleSection\":[\"Mode\",\"Mode\"],\"inLanguage\":\"fr-FR\",\"copyrightYear\":\"2025\",\"copyrightHolder\":{\"@id\":\"https:\\\/\\\/www.retaildetail.be\\\/#organization\"}},{\"@type\":\"WebPage\",\"@id\":\"https:\\\/\\\/www.retaildetail.be\\\/fr\\\/news\\\/mode\\\/claire-partiellement-sauvee-en-france\\\/\",\"url\":\"https:\\\/\\\/www.retaildetail.be\\\/fr\\\/news\\\/mode\\\/claire-partiellement-sauvee-en-france\\\/\",\"name\":\"Claire partiellement sauv\u00e9e en France - RetailDetail BE\",\"isPartOf\":{\"@id\":\"https:\\\/\\\/www.retaildetail.be\\\/nl\\\/#website\"},\"primaryImageOfPage\":{\"@id\":\"https:\\\/\\\/www.retaildetail.be\\\/fr\\\/news\\\/mode\\\/claire-partiellement-sauvee-en-france\\\/#primaryimage\"},\"image\":{\"@id\":\"https:\\\/\\\/www.retaildetail.be\\\/fr\\\/news\\\/mode\\\/claire-partiellement-sauvee-en-france\\\/#primaryimage\"},\"thumbnailUrl\":\"https:\\\/\\\/www.retaildetail.be\\\/wp-content\\\/uploads\\\/2025\\\/11\\\/shutterstock_claires-1.jpg\",\"datePublished\":\"2025-11-17T15:38:15+00:00\",\"dateModified\":\"2025-11-17T15:38:16+00:00\",\"description\":\"En France, la cha\u00eene d'accessoires Claire's fait un red\u00e9marrage partiel entre les mains de la cha\u00eene de bijoux June.\",\"breadcrumb\":{\"@id\":\"https:\\\/\\\/www.retaildetail.be\\\/fr\\\/news\\\/mode\\\/claire-partiellement-sauvee-en-france\\\/#breadcrumb\"},\"inLanguage\":\"fr-FR\",\"potentialAction\":[{\"@type\":\"ReadAction\",\"target\":[\"https:\\\/\\\/www.retaildetail.be\\\/fr\\\/news\\\/mode\\\/claire-partiellement-sauvee-en-france\\\/\"]}]},{\"@type\":\"ImageObject\",\"inLanguage\":\"fr-FR\",\"@id\":\"https:\\\/\\\/www.retaildetail.be\\\/fr\\\/news\\\/mode\\\/claire-partiellement-sauvee-en-france\\\/#primaryimage\",\"url\":\"https:\\\/\\\/www.retaildetail.be\\\/wp-content\\\/uploads\\\/2025\\\/11\\\/shutterstock_claires-1.jpg\",\"contentUrl\":\"https:\\\/\\\/www.retaildetail.be\\\/wp-content\\\/uploads\\\/2025\\\/11\\\/shutterstock_claires-1.jpg\",\"width\":1000,\"height\":667,\"caption\":\"\u00a9 defotoberg \\\/ Shutterstock.com\"},{\"@type\":\"BreadcrumbList\",\"@id\":\"https:\\\/\\\/www.retaildetail.be\\\/fr\\\/news\\\/mode\\\/claire-partiellement-sauvee-en-france\\\/#breadcrumb\",\"itemListElement\":[{\"@type\":\"ListItem\",\"position\":1,\"name\":\"Home\",\"item\":\"https:\\\/\\\/www.retaildetail.be\\\/fr\\\/\"},{\"@type\":\"ListItem\",\"position\":2,\"name\":\"Claire partiellement sauv\u00e9e en France\"}]},{\"@type\":\"WebSite\",\"@id\":\"https:\\\/\\\/www.retaildetail.be\\\/nl\\\/#website\",\"url\":\"https:\\\/\\\/www.retaildetail.be\\\/nl\\\/\",\"name\":\"RetailDetail BE\",\"description\":\"News\",\"publisher\":{\"@id\":\"https:\\\/\\\/www.retaildetail.be\\\/nl\\\/#organization\"},\"potentialAction\":[{\"@type\":\"SearchAction\",\"target\":{\"@type\":\"EntryPoint\",\"urlTemplate\":\"https:\\\/\\\/www.retaildetail.be\\\/nl\\\/?s={search_term_string}\"},\"query-input\":{\"@type\":\"PropertyValueSpecification\",\"valueRequired\":true,\"valueName\":\"search_term_string\"}}],\"inLanguage\":\"fr-FR\"},{\"@type\":\"Organization\",\"@id\":\"https:\\\/\\\/www.retaildetail.be\\\/nl\\\/#organization\",\"name\":\"RetailDetail BE\",\"url\":\"https:\\\/\\\/www.retaildetail.be\\\/nl\\\/\",\"logo\":{\"@type\":\"ImageObject\",\"inLanguage\":\"fr-FR\",\"@id\":\"https:\\\/\\\/www.retaildetail.be\\\/nl\\\/#\\\/schema\\\/logo\\\/image\\\/\",\"url\":\"https:\\\/\\\/www.retaildetail.be\\\/wp-content\\\/uploads\\\/2022\\\/04\\\/logo.svg\",\"contentUrl\":\"https:\\\/\\\/www.retaildetail.be\\\/wp-content\\\/uploads\\\/2022\\\/04\\\/logo.svg\",\"width\":131,\"height\":70,\"caption\":\"RetailDetail BE\"},\"image\":{\"@id\":\"https:\\\/\\\/www.retaildetail.be\\\/nl\\\/#\\\/schema\\\/logo\\\/image\\\/\"}},{\"@type\":\"Person\",\"@id\":\"https:\\\/\\\/www.retaildetail.be\\\/nl\\\/#\\\/schema\\\/person\\\/51aec6069c4416aa2f68b2e4ff3455df\",\"name\":\"Stefan Van Rompaey\",\"image\":{\"@type\":\"ImageObject\",\"inLanguage\":\"fr-FR\",\"@id\":\"https:\\\/\\\/secure.gravatar.com\\\/avatar\\\/fbbb4a80a0f109888b2a5ab8ae255617499ecde533749b3ab2fa6c23b5d65dac?s=96&d=mm&r=g\",\"url\":\"https:\\\/\\\/secure.gravatar.com\\\/avatar\\\/fbbb4a80a0f109888b2a5ab8ae255617499ecde533749b3ab2fa6c23b5d65dac?s=96&d=mm&r=g\",\"contentUrl\":\"https:\\\/\\\/secure.gravatar.com\\\/avatar\\\/fbbb4a80a0f109888b2a5ab8ae255617499ecde533749b3ab2fa6c23b5d65dac?s=96&d=mm&r=g\",\"caption\":\"Stefan Van Rompaey\"},\"url\":\"https:\\\/\\\/www.retaildetail.be\\\/fr\\\/author\\\/stefanvanrompaey\\\/\"}]}<\/script>\n<!-- \/ Yoast SEO plugin. -->","yoast_head_json":{"title":"Claire partiellement sauv\u00e9e en France - RetailDetail BE","description":"En France, la cha\u00eene d'accessoires Claire's fait un red\u00e9marrage partiel entre les mains de la cha\u00eene de bijoux June.","robots":{"index":"index","follow":"follow","max-snippet":"max-snippet:-1","max-image-preview":"max-image-preview:large","max-video-preview":"max-video-preview:-1"},"canonical":"https:\/\/www.retaildetail.be\/fr\/news\/mode\/claire-partiellement-sauvee-en-france\/","og_locale":"fr_FR","og_type":"article","og_title":"Claire partiellement sauv\u00e9e en France - RetailDetail BE","og_description":"En France, la cha\u00eene d'accessoires Claire's fait un red\u00e9marrage partiel entre les mains de la cha\u00eene de bijoux June.","og_url":"https:\/\/www.retaildetail.be\/fr\/news\/mode\/claire-partiellement-sauvee-en-france\/","og_site_name":"RetailDetail BE","article_published_time":"2025-11-17T15:38:15+00:00","article_modified_time":"2025-11-17T15:38:16+00:00","og_image":[{"width":1000,"height":667,"url":"https:\/\/www.retaildetail.be\/wp-content\/uploads\/2025\/11\/shutterstock_claires-1.jpg","type":"image\/jpeg"}],"author":"Stefan Van Rompaey","twitter_card":"summary_large_image","twitter_misc":{"\u00c9crit par":"Stefan Van Rompaey","Dur\u00e9e de lecture estim\u00e9e":"1 minute"},"schema":{"@context":"https:\/\/schema.org","@graph":[{"@type":"NewsArticle","@id":"https:\/\/www.retaildetail.be\/fr\/news\/mode\/claire-partiellement-sauvee-en-france\/#article","isPartOf":{"@id":"https:\/\/www.retaildetail.be\/fr\/news\/mode\/claire-partiellement-sauvee-en-france\/"},"author":{"name":"Stefan Van Rompaey","@id":"https:\/\/www.retaildetail.be\/nl\/#\/schema\/person\/51aec6069c4416aa2f68b2e4ff3455df"},"headline":"Claire partiellement sauv\u00e9e en France","datePublished":"2025-11-17T15:38:15+00:00","dateModified":"2025-11-17T15:38:16+00:00","mainEntityOfPage":{"@id":"https:\/\/www.retaildetail.be\/fr\/news\/mode\/claire-partiellement-sauvee-en-france\/"},"wordCount":231,"publisher":{"@id":"https:\/\/www.retaildetail.be\/nl\/#organization"},"image":{"@id":"https:\/\/www.retaildetail.be\/fr\/news\/mode\/claire-partiellement-sauvee-en-france\/#primaryimage"},"thumbnailUrl":"https:\/\/www.retaildetail.be\/wp-content\/uploads\/2025\/11\/shutterstock_claires-1.jpg","articleSection":["Mode","Mode"],"inLanguage":"fr-FR","copyrightYear":"2025","copyrightHolder":{"@id":"https:\/\/www.retaildetail.be\/#organization"}},{"@type":"WebPage","@id":"https:\/\/www.retaildetail.be\/fr\/news\/mode\/claire-partiellement-sauvee-en-france\/","url":"https:\/\/www.retaildetail.be\/fr\/news\/mode\/claire-partiellement-sauvee-en-france\/","name":"Claire partiellement sauv\u00e9e en France - RetailDetail BE","isPartOf":{"@id":"https:\/\/www.retaildetail.be\/nl\/#website"},"primaryImageOfPage":{"@id":"https:\/\/www.retaildetail.be\/fr\/news\/mode\/claire-partiellement-sauvee-en-france\/#primaryimage"},"image":{"@id":"https:\/\/www.retaildetail.be\/fr\/news\/mode\/claire-partiellement-sauvee-en-france\/#primaryimage"},"thumbnailUrl":"https:\/\/www.retaildetail.be\/wp-content\/uploads\/2025\/11\/shutterstock_claires-1.jpg","datePublished":"2025-11-17T15:38:15+00:00","dateModified":"2025-11-17T15:38:16+00:00","description":"En France, la cha\u00eene d'accessoires Claire's fait un red\u00e9marrage partiel entre les mains de la cha\u00eene de bijoux June.","breadcrumb":{"@id":"https:\/\/www.retaildetail.be\/fr\/news\/mode\/claire-partiellement-sauvee-en-france\/#breadcrumb"},"inLanguage":"fr-FR","potentialAction":[{"@type":"ReadAction","target":["https:\/\/www.retaildetail.be\/fr\/news\/mode\/claire-partiellement-sauvee-en-france\/"]}]},{"@type":"ImageObject","inLanguage":"fr-FR","@id":"https:\/\/www.retaildetail.be\/fr\/news\/mode\/claire-partiellement-sauvee-en-france\/#primaryimage","url":"https:\/\/www.retaildetail.be\/wp-content\/uploads\/2025\/11\/shutterstock_claires-1.jpg","contentUrl":"https:\/\/www.retaildetail.be\/wp-content\/uploads\/2025\/11\/shutterstock_claires-1.jpg","width":1000,"height":667,"caption":"\u00a9 defotoberg \/ Shutterstock.com"},{"@type":"BreadcrumbList","@id":"https:\/\/www.retaildetail.be\/fr\/news\/mode\/claire-partiellement-sauvee-en-france\/#breadcrumb","itemListElement":[{"@type":"ListItem","position":1,"name":"Home","item":"https:\/\/www.retaildetail.be\/fr\/"},{"@type":"ListItem","position":2,"name":"Claire partiellement sauv\u00e9e en France"}]},{"@type":"WebSite","@id":"https:\/\/www.retaildetail.be\/nl\/#website","url":"https:\/\/www.retaildetail.be\/nl\/","name":"RetailDetail BE","description":"News","publisher":{"@id":"https:\/\/www.retaildetail.be\/nl\/#organization"},"potentialAction":[{"@type":"SearchAction","target":{"@type":"EntryPoint","urlTemplate":"https:\/\/www.retaildetail.be\/nl\/?s={search_term_string}"},"query-input":{"@type":"PropertyValueSpecification","valueRequired":true,"valueName":"search_term_string"}}],"inLanguage":"fr-FR"},{"@type":"Organization","@id":"https:\/\/www.retaildetail.be\/nl\/#organization","name":"RetailDetail BE","url":"https:\/\/www.retaildetail.be\/nl\/","logo":{"@type":"ImageObject","inLanguage":"fr-FR","@id":"https:\/\/www.retaildetail.be\/nl\/#\/schema\/logo\/image\/","url":"https:\/\/www.retaildetail.be\/wp-content\/uploads\/2022\/04\/logo.svg","contentUrl":"https:\/\/www.retaildetail.be\/wp-content\/uploads\/2022\/04\/logo.svg","width":131,"height":70,"caption":"RetailDetail BE"},"image":{"@id":"https:\/\/www.retaildetail.be\/nl\/#\/schema\/logo\/image\/"}},{"@type":"Person","@id":"https:\/\/www.retaildetail.be\/nl\/#\/schema\/person\/51aec6069c4416aa2f68b2e4ff3455df","name":"Stefan Van Rompaey","image":{"@type":"ImageObject","inLanguage":"fr-FR","@id":"https:\/\/secure.gravatar.com\/avatar\/fbbb4a80a0f109888b2a5ab8ae255617499ecde533749b3ab2fa6c23b5d65dac?s=96&d=mm&r=g","url":"https:\/\/secure.gravatar.com\/avatar\/fbbb4a80a0f109888b2a5ab8ae255617499ecde533749b3ab2fa6c23b5d65dac?s=96&d=mm&r=g","contentUrl":"https:\/\/secure.gravatar.com\/avatar\/fbbb4a80a0f109888b2a5ab8ae255617499ecde533749b3ab2fa6c23b5d65dac?s=96&d=mm&r=g","caption":"Stefan Van Rompaey"},"url":"https:\/\/www.retaildetail.be\/fr\/author\/stefanvanrompaey\/"}]}},"jetpack_featured_media_url":"https:\/\/www.retaildetail.be\/wp-content\/uploads\/2025\/11\/shutterstock_claires-1.jpg","jetpack_sharing_enabled":true,"_links":{"self":[{"href":"https:\/\/www.retaildetail.be\/fr\/wp-json\/wp\/v2\/posts\/134865","targetHints":{"allow":["GET"]}}],"collection":[{"href":"https:\/\/www.retaildetail.be\/fr\/wp-json\/wp\/v2\/posts"}],"about":[{"href":"https:\/\/www.retaildetail.be\/fr\/wp-json\/wp\/v2\/types\/post"}],"author":[{"embeddable":true,"href":"https:\/\/www.retaildetail.be\/fr\/wp-json\/wp\/v2\/users\/3"}],"replies":[{"embeddable":true,"href":"https:\/\/www.retaildetail.be\/fr\/wp-json\/wp\/v2\/comments?post=134865"}],"version-history":[{"count":1,"href":"https:\/\/www.retaildetail.be\/fr\/wp-json\/wp\/v2\/posts\/134865\/revisions"}],"predecessor-version":[{"id":134868,"href":"https:\/\/www.retaildetail.be\/fr\/wp-json\/wp\/v2\/posts\/134865\/revisions\/134868"}],"wp:featuredmedia":[{"embeddable":true,"href":"https:\/\/www.retaildetail.be\/fr\/wp-json\/wp\/v2\/media\/134866"}],"wp:attachment":[{"href":"https:\/\/www.retaildetail.be\/fr\/wp-json\/wp\/v2\/media?parent=134865"}],"wp:term":[{"taxonomy":"category","embeddable":true,"href":"https:\/\/www.retaildetail.be\/fr\/wp-json\/wp\/v2\/categories?post=134865"},{"taxonomy":"post_tag","embeddable":true,"href":"https:\/\/www.retaildetail.be\/fr\/wp-json\/wp\/v2\/tags?post=134865"},{"taxonomy":"people","embeddable":true,"href":"https:\/\/www.retaildetail.be\/fr\/wp-json\/wp\/v2\/people?post=134865"},{"taxonomy":"extra","embeddable":true,"href":"https:\/\/www.retaildetail.be\/fr\/wp-json\/wp\/v2\/extra?post=134865"},{"taxonomy":"company","embeddable":true,"href":"https:\/\/www.retaildetail.be\/fr\/wp-json\/wp\/v2\/company?post=134865"},{"taxonomy":"topic","embeddable":true,"href":"https:\/\/www.retaildetail.be\/fr\/wp-json\/wp\/v2\/topic?post=134865"},{"taxonomy":"region","embeddable":true,"href":"https:\/\/www.retaildetail.be\/fr\/wp-json\/wp\/v2\/region?post=134865"}],"curies":[{"name":"wp","href":"https:\/\/api.w.org\/{rel}","templated":true}]}}