{"id":135111,"date":"2025-11-20T09:34:26","date_gmt":"2025-11-20T08:34:26","guid":{"rendered":"https:\/\/www.retaildetail.be\/?p=135111"},"modified":"2025-11-20T09:34:27","modified_gmt":"2025-11-20T08:34:27","slug":"inedit-le-monde-de-la-mode-francais-intente-un-proces-collectif-contre-shein","status":"publish","type":"post","link":"https:\/\/www.retaildetail.be\/fr\/news\/mode\/inedit-le-monde-de-la-mode-francais-intente-un-proces-collectif-contre-shein\/","title":{"rendered":"In\u00e9dit : le monde de la mode fran\u00e7ais intente un proc\u00e8s collectif contre Shein"},"content":{"rendered":"\n<p>Douze f\u00e9d\u00e9rations commerciales et une centaine de marques de mode intentent un proc\u00e8s collectif contre <strong>Shein <\/strong>en France. Elles accusent la plateforme chinoise de concurrence d\u00e9loyale et r\u00e9clament plusieurs millions d&rsquo;euros de dommages et int\u00e9r\u00eats.<\/p>\n\n\n\n<h2 class=\"wp-block-heading\">\u00ab D\u00e9stabilisation du tissu \u00e9conomique \u00bb<\/h2>\n\n\n\n<p>Le proc\u00e8s, intent\u00e9 devant le tribunal de commerce d&rsquo;Aix-en-Provence, porte sur la concurrence d\u00e9loyale que Shein aurait exerc\u00e9e depuis son entr\u00e9e sur le march\u00e9 fran\u00e7ais. Les initiateurs sont des marques et des cha\u00eenes de magasins connues, dont Promod, Coop\u00e9rative U, Grain de Malice et Monoprix. Ils accusent Shein de ne pas respecter la r\u00e9glementation fran\u00e7aise et font \u00e9tat de pratiques ill\u00e9gales telles que la publicit\u00e9 trompeuse, la vente de produits dangereux et les violations de la protection des donn\u00e9es personnelles.<\/p>\n\n\n\n<p>L&rsquo;arriv\u00e9e de Shein a en outre contribu\u00e9 \u00e0 perturber le secteur de la vente au d\u00e9tail et de la mode en France, estime Dominique Schelcher, directeur g\u00e9n\u00e9ral de la cha\u00eene de supermarch\u00e9s Coop\u00e9rative U. Dans LSA, il parle d&rsquo;une \u00ab <a href=\"https:\/\/www.lsa-conso.fr\/shein-est-entre-par-effraction-sur-le-marche-63-entreprises-dont-cooperative-u-et-12-federations-se-mobilisent-face-au-modele-du-geant-chinois,463299?utm_source=newsletter&amp;utm_medium=email&amp;utm_campaign=lsa_flash&amp;email=2092977935&amp;idbdd=56450&amp;src_email_send_date=2025-11-19\">d\u00e9stabilisation de tout un tissu \u00e9conomique<\/a>, notamment dans les centres-villes, qu&rsquo;on ne peut plus accepter. Et face \u00e0 ce trop-c&rsquo;est-trop, de nombreux acteurs ont d\u00e9cid\u00e9 de s&rsquo;unir et de r\u00e9agir et de se faire entendre vivement. \u00bb<\/p>\n\n\n\n<h2 class=\"wp-block-heading\">Des millions d&rsquo;euros de dommages et int\u00e9r\u00eats ?<\/h2>\n\n\n\n<p>Bernard Cherqui, pr\u00e9sident de l&rsquo;Alliance du Commerce, s&rsquo;exprime en des termes similaires : \u00ab La concurrence d\u00e9loyale de Shein constitue une menace syst\u00e9matique pour le commerce de d\u00e9tail en France, mettant en p\u00e9ril des dizaines de milliers d&#8217;emplois \u00bb, a-t-il d\u00e9clar\u00e9 lors d&rsquo;une conf\u00e9rence de presse. Les f\u00e9d\u00e9rations commerciales soulignent les r\u00e9centes d\u00e9cisions fran\u00e7aises et europ\u00e9ennes qui ont sanctionn\u00e9 Shein pour pratiques commerciales trompeuses et non-respect des normes de s\u00e9curit\u00e9 des produits. \u00c0 ce jour, Shein a d\u00e9j\u00e0 d\u00fb payer 190 millions d&rsquo;euros d&rsquo;amendes.<\/p>\n\n\n\n<p>Selon C\u00e9dric Dubucq, du cabinet d&rsquo;avocats Bruzzo Dubucq mandat\u00e9 par les initiateurs de l&rsquo;action, les dommages-int\u00e9r\u00eats pour les entreprises concern\u00e9es pourraient s&rsquo;\u00e9lever \u00e0 plusieurs millions d&rsquo;euros : des experts \u00e9conomiques compareront les pertes des entreprises <a href=\"https:\/\/fr.fashionnetwork.com\/news\/Shein-100-marques-et-12-federations-engagent-une-demarche-en-justice-pour-concurrence-deloyale,1784320.html\">aux b\u00e9n\u00e9fices ill\u00e9gaux r\u00e9alis\u00e9s par Shein au cours des cinq derni\u00e8res ann\u00e9es<\/a>, \u00e9crit Fashionnetwork. Le proc\u00e8s pourrait \u00e9galement aboutir \u00e0 une amende \u00e9quivalente \u00e0 cinq fois les b\u00e9n\u00e9fices r\u00e9alis\u00e9s par Shein gr\u00e2ce \u00e0 ses pratiques pr\u00e9tendument d\u00e9loyales. D&rsquo;autres f\u00e9d\u00e9rations et entreprises peuvent encore se joindre au proc\u00e8s, dont la premi\u00e8re audience aura lieu le 12 janvier 2026.<\/p>\n\n\n\n<h2 class=\"wp-block-heading\">\u00ab Accusations sans fondement \u00bb<\/h2>\n\n\n\n<p>Shein qualifie les accusations d&rsquo;infond\u00e9es et regrette que l&rsquo;on ait imm\u00e9diatement opt\u00e9 pour un proc\u00e8s plut\u00f4t que pour un dialogue constructif. La plateforme est sous le feu des critiques en France depuis un certain temps d\u00e9j\u00e0 : une vive pol\u00e9mique a \u00e9clat\u00e9 lorsque l&rsquo;entreprise a ouvert un magasin dans le grand magasin parisien BHV. <a href=\"https:\/\/www.retaildetail.be\/fr\/news\/mode\/la-chaine-francaise-de-grands-magasins-bhv-reporte-louverture-de-cinq-magasins-shein\/\">L&rsquo;ouverture de cinq magasins suppl\u00e9mentaires a \u00e9t\u00e9 report\u00e9e<\/a>. Le gouvernement fran\u00e7ais a certes retir\u00e9 une proc\u00e9dure de suspension apr\u00e8s que les produits interdits ont \u00e9t\u00e9 retir\u00e9s du site web, mais plusieurs enqu\u00eates sont toujours en cours.<\/p>\n","protected":false},"excerpt":{"rendered":"<p>Douze f\u00e9d\u00e9rations commerciales et une centaine de marques de mode intentent un proc\u00e8s collectif contre Shein en France. Elles accusent la plateforme chinoise de concurrence d\u00e9loyale et r\u00e9clament plusieurs millions d&rsquo;euros de dommages et int\u00e9r\u00eats. <\/p>\n","protected":false},"author":3,"featured_media":135112,"comment_status":"closed","ping_status":"closed","sticky":false,"template":"","format":"standard","meta":{"_acf_changed":false,"inline_featured_image":false,"_jetpack_memberships_contains_paid_content":false,"footnotes":""},"categories":[14,22],"tags":[],"people":[],"extra":[43],"company":[571],"topic":[756],"region":[342],"class_list":{"0":"post-135111","1":"post","2":"type-post","3":"status-publish","4":"format-standard","5":"has-post-thumbnail","6":"hentry","7":"category-mode","9":"extra-plus","10":"company-shein","11":"topic-litige","12":"region-france"},"acf":[],"yoast_head":"<!-- This site is optimized with the Yoast SEO plugin v27.3 - https:\/\/yoast.com\/product\/yoast-seo-wordpress\/ -->\n<title>In\u00e9dit : le monde de la mode fran\u00e7ais intente un proc\u00e8s collectif contre Shein - RetailDetail BE<\/title>\n<meta name=\"description\" content=\"Douze f\u00e9d\u00e9rations commerciales et une centaine de marques de mode intentent un proc\u00e8s collectif contre Shein en France.\" \/>\n<meta name=\"robots\" content=\"index, follow, max-snippet:-1, max-image-preview:large, max-video-preview:-1\" \/>\n<link rel=\"canonical\" href=\"https:\/\/www.retaildetail.be\/fr\/news\/mode\/inedit-le-monde-de-la-mode-francais-intente-un-proces-collectif-contre-shein\/\" \/>\n<meta property=\"og:locale\" content=\"fr_FR\" \/>\n<meta property=\"og:type\" content=\"article\" \/>\n<meta property=\"og:title\" content=\"In\u00e9dit : le monde de la mode fran\u00e7ais intente un proc\u00e8s collectif contre Shein - RetailDetail BE\" \/>\n<meta property=\"og:description\" content=\"Douze f\u00e9d\u00e9rations commerciales et une centaine de marques de mode intentent un proc\u00e8s collectif contre Shein en France.\" \/>\n<meta property=\"og:url\" content=\"https:\/\/www.retaildetail.be\/fr\/news\/mode\/inedit-le-monde-de-la-mode-francais-intente-un-proces-collectif-contre-shein\/\" \/>\n<meta property=\"og:site_name\" content=\"RetailDetail BE\" \/>\n<meta property=\"article:published_time\" content=\"2025-11-20T08:34:26+00:00\" \/>\n<meta property=\"article:modified_time\" content=\"2025-11-20T08:34:27+00:00\" \/>\n<meta property=\"og:image\" content=\"https:\/\/www.retaildetail.be\/wp-content\/uploads\/2025\/11\/shutterstock_2150268079-1.jpg\" \/>\n\t<meta property=\"og:image:width\" content=\"1000\" \/>\n\t<meta property=\"og:image:height\" content=\"563\" \/>\n\t<meta property=\"og:image:type\" content=\"image\/jpeg\" \/>\n<meta name=\"author\" content=\"Stefan Van Rompaey\" \/>\n<meta name=\"twitter:card\" content=\"summary_large_image\" \/>\n<meta name=\"twitter:label1\" content=\"\u00c9crit par\" \/>\n\t<meta name=\"twitter:data1\" content=\"Stefan Van Rompaey\" \/>\n\t<meta name=\"twitter:label2\" content=\"Dur\u00e9e de lecture estim\u00e9e\" \/>\n\t<meta name=\"twitter:data2\" content=\"3 minutes\" \/>\n<script type=\"application\/ld+json\" class=\"yoast-schema-graph\">{\"@context\":\"https:\\\/\\\/schema.org\",\"@graph\":[{\"@type\":\"NewsArticle\",\"@id\":\"https:\\\/\\\/www.retaildetail.be\\\/fr\\\/news\\\/mode\\\/inedit-le-monde-de-la-mode-francais-intente-un-proces-collectif-contre-shein\\\/#article\",\"isPartOf\":{\"@id\":\"https:\\\/\\\/www.retaildetail.be\\\/fr\\\/news\\\/mode\\\/inedit-le-monde-de-la-mode-francais-intente-un-proces-collectif-contre-shein\\\/\"},\"author\":{\"name\":\"Stefan Van Rompaey\",\"@id\":\"https:\\\/\\\/www.retaildetail.be\\\/nl\\\/#\\\/schema\\\/person\\\/51aec6069c4416aa2f68b2e4ff3455df\"},\"headline\":\"In\u00e9dit : le monde de la mode fran\u00e7ais intente un proc\u00e8s collectif contre Shein\",\"datePublished\":\"2025-11-20T08:34:26+00:00\",\"dateModified\":\"2025-11-20T08:34:27+00:00\",\"mainEntityOfPage\":{\"@id\":\"https:\\\/\\\/www.retaildetail.be\\\/fr\\\/news\\\/mode\\\/inedit-le-monde-de-la-mode-francais-intente-un-proces-collectif-contre-shein\\\/\"},\"wordCount\":576,\"publisher\":{\"@id\":\"https:\\\/\\\/www.retaildetail.be\\\/nl\\\/#organization\"},\"image\":{\"@id\":\"https:\\\/\\\/www.retaildetail.be\\\/fr\\\/news\\\/mode\\\/inedit-le-monde-de-la-mode-francais-intente-un-proces-collectif-contre-shein\\\/#primaryimage\"},\"thumbnailUrl\":\"https:\\\/\\\/www.retaildetail.be\\\/wp-content\\\/uploads\\\/2025\\\/11\\\/shutterstock_2150268079-1.jpg\",\"articleSection\":[\"Mode\",\"Mode\"],\"inLanguage\":\"fr-FR\",\"copyrightYear\":\"2025\",\"copyrightHolder\":{\"@id\":\"https:\\\/\\\/www.retaildetail.be\\\/#organization\"}},{\"@type\":\"WebPage\",\"@id\":\"https:\\\/\\\/www.retaildetail.be\\\/fr\\\/news\\\/mode\\\/inedit-le-monde-de-la-mode-francais-intente-un-proces-collectif-contre-shein\\\/\",\"url\":\"https:\\\/\\\/www.retaildetail.be\\\/fr\\\/news\\\/mode\\\/inedit-le-monde-de-la-mode-francais-intente-un-proces-collectif-contre-shein\\\/\",\"name\":\"In\u00e9dit : le monde de la mode fran\u00e7ais intente un proc\u00e8s collectif contre Shein - RetailDetail BE\",\"isPartOf\":{\"@id\":\"https:\\\/\\\/www.retaildetail.be\\\/nl\\\/#website\"},\"primaryImageOfPage\":{\"@id\":\"https:\\\/\\\/www.retaildetail.be\\\/fr\\\/news\\\/mode\\\/inedit-le-monde-de-la-mode-francais-intente-un-proces-collectif-contre-shein\\\/#primaryimage\"},\"image\":{\"@id\":\"https:\\\/\\\/www.retaildetail.be\\\/fr\\\/news\\\/mode\\\/inedit-le-monde-de-la-mode-francais-intente-un-proces-collectif-contre-shein\\\/#primaryimage\"},\"thumbnailUrl\":\"https:\\\/\\\/www.retaildetail.be\\\/wp-content\\\/uploads\\\/2025\\\/11\\\/shutterstock_2150268079-1.jpg\",\"datePublished\":\"2025-11-20T08:34:26+00:00\",\"dateModified\":\"2025-11-20T08:34:27+00:00\",\"description\":\"Douze f\u00e9d\u00e9rations commerciales et une centaine de marques de mode intentent un proc\u00e8s collectif contre Shein en France.\",\"breadcrumb\":{\"@id\":\"https:\\\/\\\/www.retaildetail.be\\\/fr\\\/news\\\/mode\\\/inedit-le-monde-de-la-mode-francais-intente-un-proces-collectif-contre-shein\\\/#breadcrumb\"},\"inLanguage\":\"fr-FR\",\"potentialAction\":[{\"@type\":\"ReadAction\",\"target\":[\"https:\\\/\\\/www.retaildetail.be\\\/fr\\\/news\\\/mode\\\/inedit-le-monde-de-la-mode-francais-intente-un-proces-collectif-contre-shein\\\/\"]}]},{\"@type\":\"ImageObject\",\"inLanguage\":\"fr-FR\",\"@id\":\"https:\\\/\\\/www.retaildetail.be\\\/fr\\\/news\\\/mode\\\/inedit-le-monde-de-la-mode-francais-intente-un-proces-collectif-contre-shein\\\/#primaryimage\",\"url\":\"https:\\\/\\\/www.retaildetail.be\\\/wp-content\\\/uploads\\\/2025\\\/11\\\/shutterstock_2150268079-1.jpg\",\"contentUrl\":\"https:\\\/\\\/www.retaildetail.be\\\/wp-content\\\/uploads\\\/2025\\\/11\\\/shutterstock_2150268079-1.jpg\",\"width\":1000,\"height\":563,\"caption\":\"Shutterstock.com\"},{\"@type\":\"BreadcrumbList\",\"@id\":\"https:\\\/\\\/www.retaildetail.be\\\/fr\\\/news\\\/mode\\\/inedit-le-monde-de-la-mode-francais-intente-un-proces-collectif-contre-shein\\\/#breadcrumb\",\"itemListElement\":[{\"@type\":\"ListItem\",\"position\":1,\"name\":\"Home\",\"item\":\"https:\\\/\\\/www.retaildetail.be\\\/fr\\\/\"},{\"@type\":\"ListItem\",\"position\":2,\"name\":\"In\u00e9dit : le monde de la mode fran\u00e7ais intente un proc\u00e8s collectif contre Shein\"}]},{\"@type\":\"WebSite\",\"@id\":\"https:\\\/\\\/www.retaildetail.be\\\/nl\\\/#website\",\"url\":\"https:\\\/\\\/www.retaildetail.be\\\/nl\\\/\",\"name\":\"RetailDetail BE\",\"description\":\"News\",\"publisher\":{\"@id\":\"https:\\\/\\\/www.retaildetail.be\\\/nl\\\/#organization\"},\"potentialAction\":[{\"@type\":\"SearchAction\",\"target\":{\"@type\":\"EntryPoint\",\"urlTemplate\":\"https:\\\/\\\/www.retaildetail.be\\\/nl\\\/?s={search_term_string}\"},\"query-input\":{\"@type\":\"PropertyValueSpecification\",\"valueRequired\":true,\"valueName\":\"search_term_string\"}}],\"inLanguage\":\"fr-FR\"},{\"@type\":\"Organization\",\"@id\":\"https:\\\/\\\/www.retaildetail.be\\\/nl\\\/#organization\",\"name\":\"RetailDetail BE\",\"url\":\"https:\\\/\\\/www.retaildetail.be\\\/nl\\\/\",\"logo\":{\"@type\":\"ImageObject\",\"inLanguage\":\"fr-FR\",\"@id\":\"https:\\\/\\\/www.retaildetail.be\\\/nl\\\/#\\\/schema\\\/logo\\\/image\\\/\",\"url\":\"https:\\\/\\\/www.retaildetail.be\\\/wp-content\\\/uploads\\\/2022\\\/04\\\/logo.svg\",\"contentUrl\":\"https:\\\/\\\/www.retaildetail.be\\\/wp-content\\\/uploads\\\/2022\\\/04\\\/logo.svg\",\"width\":131,\"height\":70,\"caption\":\"RetailDetail BE\"},\"image\":{\"@id\":\"https:\\\/\\\/www.retaildetail.be\\\/nl\\\/#\\\/schema\\\/logo\\\/image\\\/\"}},{\"@type\":\"Person\",\"@id\":\"https:\\\/\\\/www.retaildetail.be\\\/nl\\\/#\\\/schema\\\/person\\\/51aec6069c4416aa2f68b2e4ff3455df\",\"name\":\"Stefan Van Rompaey\",\"image\":{\"@type\":\"ImageObject\",\"inLanguage\":\"fr-FR\",\"@id\":\"https:\\\/\\\/secure.gravatar.com\\\/avatar\\\/fbbb4a80a0f109888b2a5ab8ae255617499ecde533749b3ab2fa6c23b5d65dac?s=96&d=mm&r=g\",\"url\":\"https:\\\/\\\/secure.gravatar.com\\\/avatar\\\/fbbb4a80a0f109888b2a5ab8ae255617499ecde533749b3ab2fa6c23b5d65dac?s=96&d=mm&r=g\",\"contentUrl\":\"https:\\\/\\\/secure.gravatar.com\\\/avatar\\\/fbbb4a80a0f109888b2a5ab8ae255617499ecde533749b3ab2fa6c23b5d65dac?s=96&d=mm&r=g\",\"caption\":\"Stefan Van Rompaey\"},\"url\":\"https:\\\/\\\/www.retaildetail.be\\\/fr\\\/author\\\/stefanvanrompaey\\\/\"}]}<\/script>\n<!-- \/ Yoast SEO plugin. -->","yoast_head_json":{"title":"In\u00e9dit : le monde de la mode fran\u00e7ais intente un proc\u00e8s collectif contre Shein - RetailDetail BE","description":"Douze f\u00e9d\u00e9rations commerciales et une centaine de marques de mode intentent un proc\u00e8s collectif contre Shein en France.","robots":{"index":"index","follow":"follow","max-snippet":"max-snippet:-1","max-image-preview":"max-image-preview:large","max-video-preview":"max-video-preview:-1"},"canonical":"https:\/\/www.retaildetail.be\/fr\/news\/mode\/inedit-le-monde-de-la-mode-francais-intente-un-proces-collectif-contre-shein\/","og_locale":"fr_FR","og_type":"article","og_title":"In\u00e9dit : le monde de la mode fran\u00e7ais intente un proc\u00e8s collectif contre Shein - RetailDetail BE","og_description":"Douze f\u00e9d\u00e9rations commerciales et une centaine de marques de mode intentent un proc\u00e8s collectif contre Shein en France.","og_url":"https:\/\/www.retaildetail.be\/fr\/news\/mode\/inedit-le-monde-de-la-mode-francais-intente-un-proces-collectif-contre-shein\/","og_site_name":"RetailDetail BE","article_published_time":"2025-11-20T08:34:26+00:00","article_modified_time":"2025-11-20T08:34:27+00:00","og_image":[{"width":1000,"height":563,"url":"https:\/\/www.retaildetail.be\/wp-content\/uploads\/2025\/11\/shutterstock_2150268079-1.jpg","type":"image\/jpeg"}],"author":"Stefan Van Rompaey","twitter_card":"summary_large_image","twitter_misc":{"\u00c9crit par":"Stefan Van Rompaey","Dur\u00e9e de lecture estim\u00e9e":"3 minutes"},"schema":{"@context":"https:\/\/schema.org","@graph":[{"@type":"NewsArticle","@id":"https:\/\/www.retaildetail.be\/fr\/news\/mode\/inedit-le-monde-de-la-mode-francais-intente-un-proces-collectif-contre-shein\/#article","isPartOf":{"@id":"https:\/\/www.retaildetail.be\/fr\/news\/mode\/inedit-le-monde-de-la-mode-francais-intente-un-proces-collectif-contre-shein\/"},"author":{"name":"Stefan Van Rompaey","@id":"https:\/\/www.retaildetail.be\/nl\/#\/schema\/person\/51aec6069c4416aa2f68b2e4ff3455df"},"headline":"In\u00e9dit : le monde de la mode fran\u00e7ais intente un proc\u00e8s collectif contre Shein","datePublished":"2025-11-20T08:34:26+00:00","dateModified":"2025-11-20T08:34:27+00:00","mainEntityOfPage":{"@id":"https:\/\/www.retaildetail.be\/fr\/news\/mode\/inedit-le-monde-de-la-mode-francais-intente-un-proces-collectif-contre-shein\/"},"wordCount":576,"publisher":{"@id":"https:\/\/www.retaildetail.be\/nl\/#organization"},"image":{"@id":"https:\/\/www.retaildetail.be\/fr\/news\/mode\/inedit-le-monde-de-la-mode-francais-intente-un-proces-collectif-contre-shein\/#primaryimage"},"thumbnailUrl":"https:\/\/www.retaildetail.be\/wp-content\/uploads\/2025\/11\/shutterstock_2150268079-1.jpg","articleSection":["Mode","Mode"],"inLanguage":"fr-FR","copyrightYear":"2025","copyrightHolder":{"@id":"https:\/\/www.retaildetail.be\/#organization"}},{"@type":"WebPage","@id":"https:\/\/www.retaildetail.be\/fr\/news\/mode\/inedit-le-monde-de-la-mode-francais-intente-un-proces-collectif-contre-shein\/","url":"https:\/\/www.retaildetail.be\/fr\/news\/mode\/inedit-le-monde-de-la-mode-francais-intente-un-proces-collectif-contre-shein\/","name":"In\u00e9dit : le monde de la mode fran\u00e7ais intente un proc\u00e8s collectif contre Shein - RetailDetail BE","isPartOf":{"@id":"https:\/\/www.retaildetail.be\/nl\/#website"},"primaryImageOfPage":{"@id":"https:\/\/www.retaildetail.be\/fr\/news\/mode\/inedit-le-monde-de-la-mode-francais-intente-un-proces-collectif-contre-shein\/#primaryimage"},"image":{"@id":"https:\/\/www.retaildetail.be\/fr\/news\/mode\/inedit-le-monde-de-la-mode-francais-intente-un-proces-collectif-contre-shein\/#primaryimage"},"thumbnailUrl":"https:\/\/www.retaildetail.be\/wp-content\/uploads\/2025\/11\/shutterstock_2150268079-1.jpg","datePublished":"2025-11-20T08:34:26+00:00","dateModified":"2025-11-20T08:34:27+00:00","description":"Douze f\u00e9d\u00e9rations commerciales et une centaine de marques de mode intentent un proc\u00e8s collectif contre Shein en France.","breadcrumb":{"@id":"https:\/\/www.retaildetail.be\/fr\/news\/mode\/inedit-le-monde-de-la-mode-francais-intente-un-proces-collectif-contre-shein\/#breadcrumb"},"inLanguage":"fr-FR","potentialAction":[{"@type":"ReadAction","target":["https:\/\/www.retaildetail.be\/fr\/news\/mode\/inedit-le-monde-de-la-mode-francais-intente-un-proces-collectif-contre-shein\/"]}]},{"@type":"ImageObject","inLanguage":"fr-FR","@id":"https:\/\/www.retaildetail.be\/fr\/news\/mode\/inedit-le-monde-de-la-mode-francais-intente-un-proces-collectif-contre-shein\/#primaryimage","url":"https:\/\/www.retaildetail.be\/wp-content\/uploads\/2025\/11\/shutterstock_2150268079-1.jpg","contentUrl":"https:\/\/www.retaildetail.be\/wp-content\/uploads\/2025\/11\/shutterstock_2150268079-1.jpg","width":1000,"height":563,"caption":"Shutterstock.com"},{"@type":"BreadcrumbList","@id":"https:\/\/www.retaildetail.be\/fr\/news\/mode\/inedit-le-monde-de-la-mode-francais-intente-un-proces-collectif-contre-shein\/#breadcrumb","itemListElement":[{"@type":"ListItem","position":1,"name":"Home","item":"https:\/\/www.retaildetail.be\/fr\/"},{"@type":"ListItem","position":2,"name":"In\u00e9dit : le monde de la mode fran\u00e7ais intente un proc\u00e8s collectif contre Shein"}]},{"@type":"WebSite","@id":"https:\/\/www.retaildetail.be\/nl\/#website","url":"https:\/\/www.retaildetail.be\/nl\/","name":"RetailDetail BE","description":"News","publisher":{"@id":"https:\/\/www.retaildetail.be\/nl\/#organization"},"potentialAction":[{"@type":"SearchAction","target":{"@type":"EntryPoint","urlTemplate":"https:\/\/www.retaildetail.be\/nl\/?s={search_term_string}"},"query-input":{"@type":"PropertyValueSpecification","valueRequired":true,"valueName":"search_term_string"}}],"inLanguage":"fr-FR"},{"@type":"Organization","@id":"https:\/\/www.retaildetail.be\/nl\/#organization","name":"RetailDetail BE","url":"https:\/\/www.retaildetail.be\/nl\/","logo":{"@type":"ImageObject","inLanguage":"fr-FR","@id":"https:\/\/www.retaildetail.be\/nl\/#\/schema\/logo\/image\/","url":"https:\/\/www.retaildetail.be\/wp-content\/uploads\/2022\/04\/logo.svg","contentUrl":"https:\/\/www.retaildetail.be\/wp-content\/uploads\/2022\/04\/logo.svg","width":131,"height":70,"caption":"RetailDetail BE"},"image":{"@id":"https:\/\/www.retaildetail.be\/nl\/#\/schema\/logo\/image\/"}},{"@type":"Person","@id":"https:\/\/www.retaildetail.be\/nl\/#\/schema\/person\/51aec6069c4416aa2f68b2e4ff3455df","name":"Stefan Van Rompaey","image":{"@type":"ImageObject","inLanguage":"fr-FR","@id":"https:\/\/secure.gravatar.com\/avatar\/fbbb4a80a0f109888b2a5ab8ae255617499ecde533749b3ab2fa6c23b5d65dac?s=96&d=mm&r=g","url":"https:\/\/secure.gravatar.com\/avatar\/fbbb4a80a0f109888b2a5ab8ae255617499ecde533749b3ab2fa6c23b5d65dac?s=96&d=mm&r=g","contentUrl":"https:\/\/secure.gravatar.com\/avatar\/fbbb4a80a0f109888b2a5ab8ae255617499ecde533749b3ab2fa6c23b5d65dac?s=96&d=mm&r=g","caption":"Stefan Van Rompaey"},"url":"https:\/\/www.retaildetail.be\/fr\/author\/stefanvanrompaey\/"}]}},"jetpack_featured_media_url":"https:\/\/www.retaildetail.be\/wp-content\/uploads\/2025\/11\/shutterstock_2150268079-1.jpg","jetpack_sharing_enabled":true,"_links":{"self":[{"href":"https:\/\/www.retaildetail.be\/fr\/wp-json\/wp\/v2\/posts\/135111","targetHints":{"allow":["GET"]}}],"collection":[{"href":"https:\/\/www.retaildetail.be\/fr\/wp-json\/wp\/v2\/posts"}],"about":[{"href":"https:\/\/www.retaildetail.be\/fr\/wp-json\/wp\/v2\/types\/post"}],"author":[{"embeddable":true,"href":"https:\/\/www.retaildetail.be\/fr\/wp-json\/wp\/v2\/users\/3"}],"replies":[{"embeddable":true,"href":"https:\/\/www.retaildetail.be\/fr\/wp-json\/wp\/v2\/comments?post=135111"}],"version-history":[{"count":1,"href":"https:\/\/www.retaildetail.be\/fr\/wp-json\/wp\/v2\/posts\/135111\/revisions"}],"predecessor-version":[{"id":135114,"href":"https:\/\/www.retaildetail.be\/fr\/wp-json\/wp\/v2\/posts\/135111\/revisions\/135114"}],"wp:featuredmedia":[{"embeddable":true,"href":"https:\/\/www.retaildetail.be\/fr\/wp-json\/wp\/v2\/media\/135112"}],"wp:attachment":[{"href":"https:\/\/www.retaildetail.be\/fr\/wp-json\/wp\/v2\/media?parent=135111"}],"wp:term":[{"taxonomy":"category","embeddable":true,"href":"https:\/\/www.retaildetail.be\/fr\/wp-json\/wp\/v2\/categories?post=135111"},{"taxonomy":"post_tag","embeddable":true,"href":"https:\/\/www.retaildetail.be\/fr\/wp-json\/wp\/v2\/tags?post=135111"},{"taxonomy":"people","embeddable":true,"href":"https:\/\/www.retaildetail.be\/fr\/wp-json\/wp\/v2\/people?post=135111"},{"taxonomy":"extra","embeddable":true,"href":"https:\/\/www.retaildetail.be\/fr\/wp-json\/wp\/v2\/extra?post=135111"},{"taxonomy":"company","embeddable":true,"href":"https:\/\/www.retaildetail.be\/fr\/wp-json\/wp\/v2\/company?post=135111"},{"taxonomy":"topic","embeddable":true,"href":"https:\/\/www.retaildetail.be\/fr\/wp-json\/wp\/v2\/topic?post=135111"},{"taxonomy":"region","embeddable":true,"href":"https:\/\/www.retaildetail.be\/fr\/wp-json\/wp\/v2\/region?post=135111"}],"curies":[{"name":"wp","href":"https:\/\/api.w.org\/{rel}","templated":true}]}}