{"id":135841,"date":"2025-11-26T14:20:20","date_gmt":"2025-11-26T13:20:20","guid":{"rendered":"https:\/\/www.retaildetail.be\/?p=135841"},"modified":"2025-11-26T14:34:05","modified_gmt":"2025-11-26T13:34:05","slug":"le-parquet-ne-souhaite-pas-bloquer-shein-en-france","status":"publish","type":"post","link":"https:\/\/www.retaildetail.be\/fr\/news\/mode\/le-parquet-ne-souhaite-pas-bloquer-shein-en-france\/","title":{"rendered":"Le parquet ne souhaite pas bloquer Shein en France"},"content":{"rendered":"\n<p>La tentative du gouvernement fran\u00e7ais de mettre hors ligne pendant<strong> <\/strong>trois mois la plateforme de fast fashion <strong>Shein <\/strong>commence par un revers. Le minist\u00e8re public d\u00e9clare qu&rsquo;il \u00ab ne s&rsquo;associera pas \u00e0 la demande de blocage du site \u00bb \u00e0 l&rsquo;ouverture de l&rsquo;audience d&rsquo;urgence \u00e0 Paris.<\/p>\n\n\n\n<h2 class=\"wp-block-heading\">Faux d\u00e9part : report imm\u00e9diat<\/h2>\n\n\n\n<p>Aujourd&rsquo;hui, Shein et le gouvernement fran\u00e7ais se sont affront\u00e9s pour la premi\u00e8re fois lors de la premi\u00e8re audience de la proc\u00e9dure d&rsquo;urgence engag\u00e9e par l&rsquo;\u00c9tat contre la plateforme de fast fashion. Le gouvernement fran\u00e7ais demande au tribunal de Paris de fermer le site web de Shein dans toute la France pendant trois mois, apr\u00e8s que des poup\u00e9es sexuelles enfantines et des armes interdites aient \u00e9t\u00e9 propos\u00e9es sur la plateforme. <\/p>\n\n\n\n<p>Bien que la partie \u00ab marketplace \u00bb ait d\u00e9j\u00e0 \u00e9t\u00e9 supprim\u00e9e, la partie du site o\u00f9 Shein vend ses propres v\u00eatements reste accessible aux consommateurs fran\u00e7ais. Les autorit\u00e9s souhaitent d\u00e9sormais \u00e9tendre la suspension temporaire \u00e0 l&rsquo;ensemble du site, dans l&rsquo;espoir de mettre en place des m\u00e9canismes de contr\u00f4le plus stricts sur la plateforme. <\/p>\n\n\n\n<p>Il est \u00e0 noter que l\u2019huissier audiencier a d\u00e9clar\u00e9 \u00ab ne pas s&rsquo;associer \u00e0 la demande de blocage du site \u00bb. Shein a r\u00e9agi avec soulagement, mais l&rsquo;affaire est loin d&rsquo;\u00eatre close : une nouvelle audience aura lieu le 5 d\u00e9cembre, au cours de laquelle le gouvernement plaidera \u00e0 nouveau en faveur d&rsquo;une interdiction g\u00e9n\u00e9rale de l&rsquo;ensemble du site web. L&rsquo;avocat de l&rsquo;\u00c9tat fran\u00e7ais a en effet demand\u00e9 un report, car Shein n&rsquo;a soumis certains arguments \u00e9crits que la veille, et il l&rsquo;a obtenu.<\/p>\n\n\n\n<h2 class=\"wp-block-heading\">Voie alternative via l&rsquo;Europe<\/h2>\n\n\n\n<p>En parall\u00e8le, la France fait pression \u00e0 Bruxelles. En vertu du Digital Services Act, la commission peut imposer des sanctions pouvant atteindre 6 % du chiffre d&rsquo;affaires mondial d&rsquo;une plateforme. Une suspension europ\u00e9enne est \u00e9galement envisageable. De plus, Paris examine la possibilit\u00e9 d&rsquo;imposer un filtre d&rsquo;\u00e2ge pour certains articles, \u00e9galement sur la base du DSA.<\/p>\n\n\n\n<p>Au sein du gouvernement fran\u00e7ais, on est convaincu que Shein dispose des moyens n\u00e9cessaires pour renforcer consid\u00e9rablement ses contr\u00f4les. Comme l&rsquo;a d\u00e9clar\u00e9 un fonctionnaire : \u00ab Nous savons \u00e0 quel point Shein est puissant d&rsquo;un point de vue technique, et m\u00eame en termes d&rsquo;utilisation de l&rsquo;intelligence artificielle pour la production, nous pouvons donc supposer qu&rsquo;il dispose des moyens techniques, technologiques et financiers pour effectuer ces contr\u00f4les. Le fait est qu&rsquo;il ne le fait pas. \u00bb<\/p>\n","protected":false},"excerpt":{"rendered":"<p>La tentative du gouvernement fran\u00e7ais de mettre hors ligne pendant trois mois la plateforme de fast fashion Shein commence par un revers. Le minist\u00e8re public d\u00e9clare qu&rsquo;il \u00ab ne donnera pas suite \u00e0 la demande de blocage du site \u00bb \u00e0 l&rsquo;ouverture de l&rsquo;audience d&rsquo;urgence \u00e0 Paris.<\/p>\n","protected":false},"author":5,"featured_media":135842,"comment_status":"closed","ping_status":"closed","sticky":false,"template":"","format":"standard","meta":{"_acf_changed":false,"inline_featured_image":false,"_jetpack_memberships_contains_paid_content":false,"footnotes":""},"categories":[14,22],"tags":[595],"people":[],"extra":[43],"company":[571],"topic":[756],"region":[342],"class_list":{"0":"post-135841","1":"post","2":"type-post","3":"status-publish","4":"format-standard","5":"has-post-thumbnail","6":"hentry","7":"category-mode","9":"tag-marktplaats","10":"extra-plus","11":"company-shein","12":"topic-litige","13":"region-france"},"acf":[],"yoast_head":"<!-- This site is optimized with the Yoast SEO plugin v27.3 - https:\/\/yoast.com\/product\/yoast-seo-wordpress\/ -->\n<title>Le parquet ne souhaite pas bloquer Shein en France - RetailDetail BE<\/title>\n<meta name=\"description\" content=\"La tentative du gouvernement fran\u00e7ais de mettre hors ligne pendant trois mois la plateforme de fast fashion Shein commence par un revers.\" \/>\n<meta name=\"robots\" content=\"index, follow, max-snippet:-1, max-image-preview:large, max-video-preview:-1\" \/>\n<link rel=\"canonical\" href=\"https:\/\/www.retaildetail.be\/fr\/news\/mode\/le-parquet-ne-souhaite-pas-bloquer-shein-en-france\/\" \/>\n<meta property=\"og:locale\" content=\"fr_FR\" \/>\n<meta property=\"og:type\" content=\"article\" \/>\n<meta property=\"og:title\" content=\"Le parquet ne souhaite pas bloquer Shein en France - RetailDetail BE\" \/>\n<meta property=\"og:description\" content=\"La tentative du gouvernement fran\u00e7ais de mettre hors ligne pendant trois mois la plateforme de fast fashion Shein commence par un revers.\" \/>\n<meta property=\"og:url\" content=\"https:\/\/www.retaildetail.be\/fr\/news\/mode\/le-parquet-ne-souhaite-pas-bloquer-shein-en-france\/\" \/>\n<meta property=\"og:site_name\" content=\"RetailDetail BE\" \/>\n<meta property=\"article:published_time\" content=\"2025-11-26T13:20:20+00:00\" \/>\n<meta property=\"article:modified_time\" content=\"2025-11-26T13:34:05+00:00\" \/>\n<meta property=\"og:image\" content=\"https:\/\/www.retaildetail.be\/wp-content\/uploads\/2025\/11\/shutterstock_shein-bvhmarais-2.jpg\" \/>\n\t<meta property=\"og:image:width\" content=\"1000\" \/>\n\t<meta property=\"og:image:height\" content=\"667\" \/>\n\t<meta property=\"og:image:type\" content=\"image\/jpeg\" \/>\n<meta name=\"author\" content=\"Pauline Neerman\" \/>\n<meta name=\"twitter:card\" content=\"summary_large_image\" \/>\n<meta name=\"twitter:label1\" content=\"\u00c9crit par\" \/>\n\t<meta name=\"twitter:data1\" content=\"Pauline Neerman\" \/>\n\t<meta name=\"twitter:label2\" content=\"Dur\u00e9e de lecture estim\u00e9e\" \/>\n\t<meta name=\"twitter:data2\" content=\"2 minutes\" \/>\n<script type=\"application\/ld+json\" class=\"yoast-schema-graph\">{\"@context\":\"https:\\\/\\\/schema.org\",\"@graph\":[{\"@type\":\"NewsArticle\",\"@id\":\"https:\\\/\\\/www.retaildetail.be\\\/fr\\\/news\\\/mode\\\/le-parquet-ne-souhaite-pas-bloquer-shein-en-france\\\/#article\",\"isPartOf\":{\"@id\":\"https:\\\/\\\/www.retaildetail.be\\\/fr\\\/news\\\/mode\\\/le-parquet-ne-souhaite-pas-bloquer-shein-en-france\\\/\"},\"author\":{\"name\":\"Pauline Neerman\",\"@id\":\"https:\\\/\\\/www.retaildetail.be\\\/nl\\\/#\\\/schema\\\/person\\\/66b54803fa10759039079458ea89e307\"},\"headline\":\"Le parquet ne souhaite pas bloquer Shein en France\",\"datePublished\":\"2025-11-26T13:20:20+00:00\",\"dateModified\":\"2025-11-26T13:34:05+00:00\",\"mainEntityOfPage\":{\"@id\":\"https:\\\/\\\/www.retaildetail.be\\\/fr\\\/news\\\/mode\\\/le-parquet-ne-souhaite-pas-bloquer-shein-en-france\\\/\"},\"wordCount\":446,\"publisher\":{\"@id\":\"https:\\\/\\\/www.retaildetail.be\\\/nl\\\/#organization\"},\"image\":{\"@id\":\"https:\\\/\\\/www.retaildetail.be\\\/fr\\\/news\\\/mode\\\/le-parquet-ne-souhaite-pas-bloquer-shein-en-france\\\/#primaryimage\"},\"thumbnailUrl\":\"https:\\\/\\\/www.retaildetail.be\\\/wp-content\\\/uploads\\\/2025\\\/11\\\/shutterstock_shein-bvhmarais-2.jpg\",\"keywords\":[\"Marktplaats\"],\"articleSection\":[\"Mode\",\"Mode\"],\"inLanguage\":\"fr-FR\",\"copyrightYear\":\"2025\",\"copyrightHolder\":{\"@id\":\"https:\\\/\\\/www.retaildetail.be\\\/#organization\"}},{\"@type\":\"WebPage\",\"@id\":\"https:\\\/\\\/www.retaildetail.be\\\/fr\\\/news\\\/mode\\\/le-parquet-ne-souhaite-pas-bloquer-shein-en-france\\\/\",\"url\":\"https:\\\/\\\/www.retaildetail.be\\\/fr\\\/news\\\/mode\\\/le-parquet-ne-souhaite-pas-bloquer-shein-en-france\\\/\",\"name\":\"Le parquet ne souhaite pas bloquer Shein en France - RetailDetail BE\",\"isPartOf\":{\"@id\":\"https:\\\/\\\/www.retaildetail.be\\\/nl\\\/#website\"},\"primaryImageOfPage\":{\"@id\":\"https:\\\/\\\/www.retaildetail.be\\\/fr\\\/news\\\/mode\\\/le-parquet-ne-souhaite-pas-bloquer-shein-en-france\\\/#primaryimage\"},\"image\":{\"@id\":\"https:\\\/\\\/www.retaildetail.be\\\/fr\\\/news\\\/mode\\\/le-parquet-ne-souhaite-pas-bloquer-shein-en-france\\\/#primaryimage\"},\"thumbnailUrl\":\"https:\\\/\\\/www.retaildetail.be\\\/wp-content\\\/uploads\\\/2025\\\/11\\\/shutterstock_shein-bvhmarais-2.jpg\",\"datePublished\":\"2025-11-26T13:20:20+00:00\",\"dateModified\":\"2025-11-26T13:34:05+00:00\",\"description\":\"La tentative du gouvernement fran\u00e7ais de mettre hors ligne pendant trois mois la plateforme de fast fashion Shein commence par un revers.\",\"breadcrumb\":{\"@id\":\"https:\\\/\\\/www.retaildetail.be\\\/fr\\\/news\\\/mode\\\/le-parquet-ne-souhaite-pas-bloquer-shein-en-france\\\/#breadcrumb\"},\"inLanguage\":\"fr-FR\",\"potentialAction\":[{\"@type\":\"ReadAction\",\"target\":[\"https:\\\/\\\/www.retaildetail.be\\\/fr\\\/news\\\/mode\\\/le-parquet-ne-souhaite-pas-bloquer-shein-en-france\\\/\"]}]},{\"@type\":\"ImageObject\",\"inLanguage\":\"fr-FR\",\"@id\":\"https:\\\/\\\/www.retaildetail.be\\\/fr\\\/news\\\/mode\\\/le-parquet-ne-souhaite-pas-bloquer-shein-en-france\\\/#primaryimage\",\"url\":\"https:\\\/\\\/www.retaildetail.be\\\/wp-content\\\/uploads\\\/2025\\\/11\\\/shutterstock_shein-bvhmarais-2.jpg\",\"contentUrl\":\"https:\\\/\\\/www.retaildetail.be\\\/wp-content\\\/uploads\\\/2025\\\/11\\\/shutterstock_shein-bvhmarais-2.jpg\",\"width\":1000,\"height\":667},{\"@type\":\"BreadcrumbList\",\"@id\":\"https:\\\/\\\/www.retaildetail.be\\\/fr\\\/news\\\/mode\\\/le-parquet-ne-souhaite-pas-bloquer-shein-en-france\\\/#breadcrumb\",\"itemListElement\":[{\"@type\":\"ListItem\",\"position\":1,\"name\":\"Home\",\"item\":\"https:\\\/\\\/www.retaildetail.be\\\/fr\\\/\"},{\"@type\":\"ListItem\",\"position\":2,\"name\":\"Le parquet ne souhaite pas bloquer Shein en France\"}]},{\"@type\":\"WebSite\",\"@id\":\"https:\\\/\\\/www.retaildetail.be\\\/nl\\\/#website\",\"url\":\"https:\\\/\\\/www.retaildetail.be\\\/nl\\\/\",\"name\":\"RetailDetail BE\",\"description\":\"News\",\"publisher\":{\"@id\":\"https:\\\/\\\/www.retaildetail.be\\\/nl\\\/#organization\"},\"potentialAction\":[{\"@type\":\"SearchAction\",\"target\":{\"@type\":\"EntryPoint\",\"urlTemplate\":\"https:\\\/\\\/www.retaildetail.be\\\/nl\\\/?s={search_term_string}\"},\"query-input\":{\"@type\":\"PropertyValueSpecification\",\"valueRequired\":true,\"valueName\":\"search_term_string\"}}],\"inLanguage\":\"fr-FR\"},{\"@type\":\"Organization\",\"@id\":\"https:\\\/\\\/www.retaildetail.be\\\/nl\\\/#organization\",\"name\":\"RetailDetail BE\",\"url\":\"https:\\\/\\\/www.retaildetail.be\\\/nl\\\/\",\"logo\":{\"@type\":\"ImageObject\",\"inLanguage\":\"fr-FR\",\"@id\":\"https:\\\/\\\/www.retaildetail.be\\\/nl\\\/#\\\/schema\\\/logo\\\/image\\\/\",\"url\":\"https:\\\/\\\/www.retaildetail.be\\\/wp-content\\\/uploads\\\/2022\\\/04\\\/logo.svg\",\"contentUrl\":\"https:\\\/\\\/www.retaildetail.be\\\/wp-content\\\/uploads\\\/2022\\\/04\\\/logo.svg\",\"width\":131,\"height\":70,\"caption\":\"RetailDetail BE\"},\"image\":{\"@id\":\"https:\\\/\\\/www.retaildetail.be\\\/nl\\\/#\\\/schema\\\/logo\\\/image\\\/\"}},{\"@type\":\"Person\",\"@id\":\"https:\\\/\\\/www.retaildetail.be\\\/nl\\\/#\\\/schema\\\/person\\\/66b54803fa10759039079458ea89e307\",\"name\":\"Pauline Neerman\",\"image\":{\"@type\":\"ImageObject\",\"inLanguage\":\"fr-FR\",\"@id\":\"https:\\\/\\\/secure.gravatar.com\\\/avatar\\\/58db22aee589a691f9603e5765ac06010427a923f9b2728b951eb7fe27214d70?s=96&d=mm&r=g\",\"url\":\"https:\\\/\\\/secure.gravatar.com\\\/avatar\\\/58db22aee589a691f9603e5765ac06010427a923f9b2728b951eb7fe27214d70?s=96&d=mm&r=g\",\"contentUrl\":\"https:\\\/\\\/secure.gravatar.com\\\/avatar\\\/58db22aee589a691f9603e5765ac06010427a923f9b2728b951eb7fe27214d70?s=96&d=mm&r=g\",\"caption\":\"Pauline Neerman\"},\"url\":\"https:\\\/\\\/www.retaildetail.be\\\/fr\\\/author\\\/paulineneerman\\\/\"}]}<\/script>\n<!-- \/ Yoast SEO plugin. -->","yoast_head_json":{"title":"Le parquet ne souhaite pas bloquer Shein en France - RetailDetail BE","description":"La tentative du gouvernement fran\u00e7ais de mettre hors ligne pendant trois mois la plateforme de fast fashion Shein commence par un revers.","robots":{"index":"index","follow":"follow","max-snippet":"max-snippet:-1","max-image-preview":"max-image-preview:large","max-video-preview":"max-video-preview:-1"},"canonical":"https:\/\/www.retaildetail.be\/fr\/news\/mode\/le-parquet-ne-souhaite-pas-bloquer-shein-en-france\/","og_locale":"fr_FR","og_type":"article","og_title":"Le parquet ne souhaite pas bloquer Shein en France - RetailDetail BE","og_description":"La tentative du gouvernement fran\u00e7ais de mettre hors ligne pendant trois mois la plateforme de fast fashion Shein commence par un revers.","og_url":"https:\/\/www.retaildetail.be\/fr\/news\/mode\/le-parquet-ne-souhaite-pas-bloquer-shein-en-france\/","og_site_name":"RetailDetail BE","article_published_time":"2025-11-26T13:20:20+00:00","article_modified_time":"2025-11-26T13:34:05+00:00","og_image":[{"width":1000,"height":667,"url":"https:\/\/www.retaildetail.be\/wp-content\/uploads\/2025\/11\/shutterstock_shein-bvhmarais-2.jpg","type":"image\/jpeg"}],"author":"Pauline Neerman","twitter_card":"summary_large_image","twitter_misc":{"\u00c9crit par":"Pauline Neerman","Dur\u00e9e de lecture estim\u00e9e":"2 minutes"},"schema":{"@context":"https:\/\/schema.org","@graph":[{"@type":"NewsArticle","@id":"https:\/\/www.retaildetail.be\/fr\/news\/mode\/le-parquet-ne-souhaite-pas-bloquer-shein-en-france\/#article","isPartOf":{"@id":"https:\/\/www.retaildetail.be\/fr\/news\/mode\/le-parquet-ne-souhaite-pas-bloquer-shein-en-france\/"},"author":{"name":"Pauline Neerman","@id":"https:\/\/www.retaildetail.be\/nl\/#\/schema\/person\/66b54803fa10759039079458ea89e307"},"headline":"Le parquet ne souhaite pas bloquer Shein en France","datePublished":"2025-11-26T13:20:20+00:00","dateModified":"2025-11-26T13:34:05+00:00","mainEntityOfPage":{"@id":"https:\/\/www.retaildetail.be\/fr\/news\/mode\/le-parquet-ne-souhaite-pas-bloquer-shein-en-france\/"},"wordCount":446,"publisher":{"@id":"https:\/\/www.retaildetail.be\/nl\/#organization"},"image":{"@id":"https:\/\/www.retaildetail.be\/fr\/news\/mode\/le-parquet-ne-souhaite-pas-bloquer-shein-en-france\/#primaryimage"},"thumbnailUrl":"https:\/\/www.retaildetail.be\/wp-content\/uploads\/2025\/11\/shutterstock_shein-bvhmarais-2.jpg","keywords":["Marktplaats"],"articleSection":["Mode","Mode"],"inLanguage":"fr-FR","copyrightYear":"2025","copyrightHolder":{"@id":"https:\/\/www.retaildetail.be\/#organization"}},{"@type":"WebPage","@id":"https:\/\/www.retaildetail.be\/fr\/news\/mode\/le-parquet-ne-souhaite-pas-bloquer-shein-en-france\/","url":"https:\/\/www.retaildetail.be\/fr\/news\/mode\/le-parquet-ne-souhaite-pas-bloquer-shein-en-france\/","name":"Le parquet ne souhaite pas bloquer Shein en France - RetailDetail BE","isPartOf":{"@id":"https:\/\/www.retaildetail.be\/nl\/#website"},"primaryImageOfPage":{"@id":"https:\/\/www.retaildetail.be\/fr\/news\/mode\/le-parquet-ne-souhaite-pas-bloquer-shein-en-france\/#primaryimage"},"image":{"@id":"https:\/\/www.retaildetail.be\/fr\/news\/mode\/le-parquet-ne-souhaite-pas-bloquer-shein-en-france\/#primaryimage"},"thumbnailUrl":"https:\/\/www.retaildetail.be\/wp-content\/uploads\/2025\/11\/shutterstock_shein-bvhmarais-2.jpg","datePublished":"2025-11-26T13:20:20+00:00","dateModified":"2025-11-26T13:34:05+00:00","description":"La tentative du gouvernement fran\u00e7ais de mettre hors ligne pendant trois mois la plateforme de fast fashion Shein commence par un revers.","breadcrumb":{"@id":"https:\/\/www.retaildetail.be\/fr\/news\/mode\/le-parquet-ne-souhaite-pas-bloquer-shein-en-france\/#breadcrumb"},"inLanguage":"fr-FR","potentialAction":[{"@type":"ReadAction","target":["https:\/\/www.retaildetail.be\/fr\/news\/mode\/le-parquet-ne-souhaite-pas-bloquer-shein-en-france\/"]}]},{"@type":"ImageObject","inLanguage":"fr-FR","@id":"https:\/\/www.retaildetail.be\/fr\/news\/mode\/le-parquet-ne-souhaite-pas-bloquer-shein-en-france\/#primaryimage","url":"https:\/\/www.retaildetail.be\/wp-content\/uploads\/2025\/11\/shutterstock_shein-bvhmarais-2.jpg","contentUrl":"https:\/\/www.retaildetail.be\/wp-content\/uploads\/2025\/11\/shutterstock_shein-bvhmarais-2.jpg","width":1000,"height":667},{"@type":"BreadcrumbList","@id":"https:\/\/www.retaildetail.be\/fr\/news\/mode\/le-parquet-ne-souhaite-pas-bloquer-shein-en-france\/#breadcrumb","itemListElement":[{"@type":"ListItem","position":1,"name":"Home","item":"https:\/\/www.retaildetail.be\/fr\/"},{"@type":"ListItem","position":2,"name":"Le parquet ne souhaite pas bloquer Shein en France"}]},{"@type":"WebSite","@id":"https:\/\/www.retaildetail.be\/nl\/#website","url":"https:\/\/www.retaildetail.be\/nl\/","name":"RetailDetail BE","description":"News","publisher":{"@id":"https:\/\/www.retaildetail.be\/nl\/#organization"},"potentialAction":[{"@type":"SearchAction","target":{"@type":"EntryPoint","urlTemplate":"https:\/\/www.retaildetail.be\/nl\/?s={search_term_string}"},"query-input":{"@type":"PropertyValueSpecification","valueRequired":true,"valueName":"search_term_string"}}],"inLanguage":"fr-FR"},{"@type":"Organization","@id":"https:\/\/www.retaildetail.be\/nl\/#organization","name":"RetailDetail BE","url":"https:\/\/www.retaildetail.be\/nl\/","logo":{"@type":"ImageObject","inLanguage":"fr-FR","@id":"https:\/\/www.retaildetail.be\/nl\/#\/schema\/logo\/image\/","url":"https:\/\/www.retaildetail.be\/wp-content\/uploads\/2022\/04\/logo.svg","contentUrl":"https:\/\/www.retaildetail.be\/wp-content\/uploads\/2022\/04\/logo.svg","width":131,"height":70,"caption":"RetailDetail BE"},"image":{"@id":"https:\/\/www.retaildetail.be\/nl\/#\/schema\/logo\/image\/"}},{"@type":"Person","@id":"https:\/\/www.retaildetail.be\/nl\/#\/schema\/person\/66b54803fa10759039079458ea89e307","name":"Pauline Neerman","image":{"@type":"ImageObject","inLanguage":"fr-FR","@id":"https:\/\/secure.gravatar.com\/avatar\/58db22aee589a691f9603e5765ac06010427a923f9b2728b951eb7fe27214d70?s=96&d=mm&r=g","url":"https:\/\/secure.gravatar.com\/avatar\/58db22aee589a691f9603e5765ac06010427a923f9b2728b951eb7fe27214d70?s=96&d=mm&r=g","contentUrl":"https:\/\/secure.gravatar.com\/avatar\/58db22aee589a691f9603e5765ac06010427a923f9b2728b951eb7fe27214d70?s=96&d=mm&r=g","caption":"Pauline Neerman"},"url":"https:\/\/www.retaildetail.be\/fr\/author\/paulineneerman\/"}]}},"jetpack_featured_media_url":"https:\/\/www.retaildetail.be\/wp-content\/uploads\/2025\/11\/shutterstock_shein-bvhmarais-2.jpg","jetpack_sharing_enabled":true,"_links":{"self":[{"href":"https:\/\/www.retaildetail.be\/fr\/wp-json\/wp\/v2\/posts\/135841","targetHints":{"allow":["GET"]}}],"collection":[{"href":"https:\/\/www.retaildetail.be\/fr\/wp-json\/wp\/v2\/posts"}],"about":[{"href":"https:\/\/www.retaildetail.be\/fr\/wp-json\/wp\/v2\/types\/post"}],"author":[{"embeddable":true,"href":"https:\/\/www.retaildetail.be\/fr\/wp-json\/wp\/v2\/users\/5"}],"replies":[{"embeddable":true,"href":"https:\/\/www.retaildetail.be\/fr\/wp-json\/wp\/v2\/comments?post=135841"}],"version-history":[{"count":2,"href":"https:\/\/www.retaildetail.be\/fr\/wp-json\/wp\/v2\/posts\/135841\/revisions"}],"predecessor-version":[{"id":135853,"href":"https:\/\/www.retaildetail.be\/fr\/wp-json\/wp\/v2\/posts\/135841\/revisions\/135853"}],"wp:featuredmedia":[{"embeddable":true,"href":"https:\/\/www.retaildetail.be\/fr\/wp-json\/wp\/v2\/media\/135842"}],"wp:attachment":[{"href":"https:\/\/www.retaildetail.be\/fr\/wp-json\/wp\/v2\/media?parent=135841"}],"wp:term":[{"taxonomy":"category","embeddable":true,"href":"https:\/\/www.retaildetail.be\/fr\/wp-json\/wp\/v2\/categories?post=135841"},{"taxonomy":"post_tag","embeddable":true,"href":"https:\/\/www.retaildetail.be\/fr\/wp-json\/wp\/v2\/tags?post=135841"},{"taxonomy":"people","embeddable":true,"href":"https:\/\/www.retaildetail.be\/fr\/wp-json\/wp\/v2\/people?post=135841"},{"taxonomy":"extra","embeddable":true,"href":"https:\/\/www.retaildetail.be\/fr\/wp-json\/wp\/v2\/extra?post=135841"},{"taxonomy":"company","embeddable":true,"href":"https:\/\/www.retaildetail.be\/fr\/wp-json\/wp\/v2\/company?post=135841"},{"taxonomy":"topic","embeddable":true,"href":"https:\/\/www.retaildetail.be\/fr\/wp-json\/wp\/v2\/topic?post=135841"},{"taxonomy":"region","embeddable":true,"href":"https:\/\/www.retaildetail.be\/fr\/wp-json\/wp\/v2\/region?post=135841"}],"curies":[{"name":"wp","href":"https:\/\/api.w.org\/{rel}","templated":true}]}}