{"id":135964,"date":"2025-11-27T15:49:39","date_gmt":"2025-11-27T14:49:39","guid":{"rendered":"https:\/\/www.retaildetail.be\/?p=135964"},"modified":"2025-11-27T15:49:41","modified_gmt":"2025-11-27T14:49:41","slug":"agitation-chez-intermarche-les-anciens-franchises-mestdagh-tirent-la-sonnette-dalarme","status":"publish","type":"post","link":"https:\/\/www.retaildetail.be\/fr\/news\/food\/agitation-chez-intermarche-les-anciens-franchises-mestdagh-tirent-la-sonnette-dalarme\/","title":{"rendered":"Malaise chez Intermarch\u00e9 : des anciens franchis\u00e9s Mestdagh se plaignent"},"content":{"rendered":"\n<p>Trois ans apr\u00e8s le rachat du groupe de supermarch\u00e9s <strong>Mestdagh<\/strong>, l&rsquo;agitation grandit au sein du r\u00e9seau de franchises belge <strong>Intermarch\u00e9<\/strong>. Quelques exploitants font \u00e9tat de probl\u00e8mes logistiques structurels et d&rsquo;une rentabilit\u00e9 en chute libre.<\/p>\n\n\n\n<h2 class=\"wp-block-heading\">\u00ab Intermarch\u00e9 n\u2019arrive pas \u00e0 g\u00e9rer sa logistique \u00bb<\/h2>\n\n\n\n<p>Lorsque Intermarch\u00e9 a rachet\u00e9 le groupe Mestdagh en mars 2022 \u2013 87 magasins, un si\u00e8ge social et un centre de distribution \u2013, la cha\u00eene a qualifi\u00e9 cette acquisition de \u00ab deal en or \u00bb qui doublait d&rsquo;un seul coup sa pr\u00e9sence en Wallonie. Mais aujourd&rsquo;hui, deux ans apr\u00e8s l&rsquo;int\u00e9gration compl\u00e8te, les franchis\u00e9s se plaignent dans Le Soir et L&rsquo;Echo de difficult\u00e9s persistantes. Plusieurs exploitants, qui restent anonymes, <a href=\"https:\/\/www.lesoir.be\/713429\/article\/2025-11-27\/quelque-chose-ne-tourne-pas-rond-des-franchises-intermarche-tirent-la-sonnette\">affirment que leur entreprise est \u00ab en difficult\u00e9<\/a> \u00bb. Ils expriment leur inqui\u00e9tude tant au sujet de leur marge brute que de la continuit\u00e9 op\u00e9rationnelle.<\/p>\n\n\n\n<p>L&rsquo;avocat Pierre Demolin, qui repr\u00e9sente une vingtaine de magasins, le dit sans d\u00e9tour : \u00ab Nous faisons face \u00e0 un franchiseur qui n\u2019arrive pas \u00e0 g\u00e9rer sa logistique et qui nie sa responsabilit\u00e9. \u00bb Il y aurait ainsi r\u00e9guli\u00e8rement des probl\u00e8mes avec les livraisons, notamment des erreurs, des marchandises manquantes et des calendriers de livraison mal communiqu\u00e9s. Selon les franchis\u00e9s, la politique uniforme d&rsquo;Intermarch\u00e9 en mati\u00e8re de promotion et de prix aggrave le probl\u00e8me : elle ne tient pas suffisamment compte de la dynamique du march\u00e9 local, de la taille des magasins et du pouvoir d&rsquo;achat.<\/p>\n\n\n\n<h2 class=\"wp-block-heading\">\u00ab Normal que cela prenne du temps \u00bb<\/h2>\n\n\n\n<p>Entre-temps, la pression financi\u00e8re s&rsquo;accentue. Les anciens magasins Mestdagh ont souvent d\u00fb investir plus d&rsquo;un million d&rsquo;euros dans leur transformation en Intermarch\u00e9. Mais <a href=\"https:\/\/www.lecho.be\/entreprises\/grande-distribution\/intermarche-fait-face-a-la-fronde-d-une-partie-de-ses-franchises\/10637287.html\">la croissance promise se fait attendre<\/a>, affirment les exploitants. \u00ab Je n\u2019ai jamais vu un r\u00e9seau o\u00f9 pr\u00e8s de deux tiers des points de vente sont en d\u00e9ficit. Ce n\u2019est pas parce que le chiffre d\u2019affaires augmente que la rentabilit\u00e9 est l\u00e0. Quelque chose ne tourne pas rond \u00bb, estime l&rsquo;avocat Demolin.<\/p>\n\n\n\n<p>Intermarch\u00e9 r\u00e9fute ces critiques et nie l&rsquo;existence d&rsquo;un probl\u00e8me structurel. En 2024, la cha\u00eene a enregistr\u00e9 une croissance de 11 % de son chiffre d&rsquo;affaires, qui a atteint 1,89 milliard d&rsquo;euros. Le r\u00e9seau compte 159 magasins et ses parts de march\u00e9 \u2013 environ 5 % au niveau national et 12 % dans le sud \u2013 ont atteint un niveau record en octobre. Selon le porte-parole, les probl\u00e8mes sont en partie dus \u00e0 la mauvaise sant\u00e9 financi\u00e8re de Mestdagh avant le rachat.<\/p>\n\n\n\n<p>\u00ab Il s\u2019agit d\u2019une transformation majeure. Il est normal qu\u2019elle demande du temps. Nous ne pourrions pas enregistrer une telle progression de chiffre d\u2019affaires si nos rayons \u00e9taient vides et si notre strat\u00e9gie \u00e9tait d\u00e9faillante \u00bb, a d\u00e9clar\u00e9 le porte-parole. Les 70 magasins Intermarch\u00e9 historiques ont enregistr\u00e9 ensemble 5,8 millions d&rsquo;euros de b\u00e9n\u00e9fices avant imp\u00f4ts en 2024, selon les calculs de Le Soir. Les anciens magasins Mestdagh ont en revanche subi plus de 8 millions d&rsquo;euros de pertes, m\u00eame si les investissements importants y ont bien s\u00fbr \u00e9galement jou\u00e9 un r\u00f4le.<\/p>\n","protected":false},"excerpt":{"rendered":"<p>Trois ans apr\u00e8s le rachat du groupe de supermarch\u00e9s Mestdagh, l&rsquo;agitation grandit au sein du r\u00e9seau de franchises belge Intermarch\u00e9. Quelques exploitants font \u00e9tat de probl\u00e8mes logistiques structurels et d&rsquo;une rentabilit\u00e9 en chute libre.<\/p>\n","protected":false},"author":5,"featured_media":135965,"comment_status":"closed","ping_status":"closed","sticky":false,"template":"","format":"standard","meta":{"_acf_changed":false,"inline_featured_image":false,"_jetpack_memberships_contains_paid_content":false,"footnotes":""},"categories":[18,24],"tags":[],"people":[],"extra":[43],"company":[624,625],"topic":[409,266],"region":[226],"class_list":{"0":"post-135964","1":"post","2":"type-post","3":"status-publish","4":"format-standard","5":"has-post-thumbnail","6":"hentry","7":"category-food","9":"extra-plus","10":"company-intermarche","11":"company-mestdagh","12":"topic-logistique","13":"topic-resultats-financiers","14":"region-belgique"},"acf":[],"yoast_head":"<!-- This site is optimized with the Yoast SEO plugin v27.3 - https:\/\/yoast.com\/product\/yoast-seo-wordpress\/ -->\n<title>Malaise chez Intermarch\u00e9 : des anciens franchis\u00e9s Mestdagh se plaignent - RetailDetail BE<\/title>\n<meta name=\"description\" content=\"Trois ans apr\u00e8s le rachat du groupe de supermarch\u00e9s Mestdagh, l&#039;agitation grandit au sein du r\u00e9seau de franchises belge Intermarch\u00e9.\" \/>\n<meta name=\"robots\" content=\"index, follow, max-snippet:-1, max-image-preview:large, max-video-preview:-1\" \/>\n<link rel=\"canonical\" href=\"https:\/\/www.retaildetail.be\/fr\/news\/food\/agitation-chez-intermarche-les-anciens-franchises-mestdagh-tirent-la-sonnette-dalarme\/\" \/>\n<meta property=\"og:locale\" content=\"fr_FR\" \/>\n<meta property=\"og:type\" content=\"article\" \/>\n<meta property=\"og:title\" content=\"Malaise chez Intermarch\u00e9 : des anciens franchis\u00e9s Mestdagh se plaignent - RetailDetail BE\" \/>\n<meta property=\"og:description\" content=\"Trois ans apr\u00e8s le rachat du groupe de supermarch\u00e9s Mestdagh, l&#039;agitation grandit au sein du r\u00e9seau de franchises belge Intermarch\u00e9.\" \/>\n<meta property=\"og:url\" content=\"https:\/\/www.retaildetail.be\/fr\/news\/food\/agitation-chez-intermarche-les-anciens-franchises-mestdagh-tirent-la-sonnette-dalarme\/\" \/>\n<meta property=\"og:site_name\" content=\"RetailDetail BE\" \/>\n<meta property=\"article:published_time\" content=\"2025-11-27T14:49:39+00:00\" \/>\n<meta property=\"article:modified_time\" content=\"2025-11-27T14:49:41+00:00\" \/>\n<meta property=\"og:image\" content=\"https:\/\/www.retaildetail.be\/wp-content\/uploads\/2025\/11\/Intermarche-by-Mestdagh-Sint-Gillis.jpg\" \/>\n\t<meta property=\"og:image:width\" content=\"1182\" \/>\n\t<meta property=\"og:image:height\" content=\"856\" \/>\n\t<meta property=\"og:image:type\" content=\"image\/jpeg\" \/>\n<meta name=\"author\" content=\"Pauline Neerman\" \/>\n<meta name=\"twitter:card\" content=\"summary_large_image\" \/>\n<meta name=\"twitter:label1\" content=\"\u00c9crit par\" \/>\n\t<meta name=\"twitter:data1\" content=\"Pauline Neerman\" \/>\n\t<meta name=\"twitter:label2\" content=\"Dur\u00e9e de lecture estim\u00e9e\" \/>\n\t<meta name=\"twitter:data2\" content=\"3 minutes\" \/>\n<script type=\"application\/ld+json\" class=\"yoast-schema-graph\">{\"@context\":\"https:\\\/\\\/schema.org\",\"@graph\":[{\"@type\":\"NewsArticle\",\"@id\":\"https:\\\/\\\/www.retaildetail.be\\\/fr\\\/news\\\/food\\\/agitation-chez-intermarche-les-anciens-franchises-mestdagh-tirent-la-sonnette-dalarme\\\/#article\",\"isPartOf\":{\"@id\":\"https:\\\/\\\/www.retaildetail.be\\\/fr\\\/news\\\/food\\\/agitation-chez-intermarche-les-anciens-franchises-mestdagh-tirent-la-sonnette-dalarme\\\/\"},\"author\":{\"name\":\"Pauline Neerman\",\"@id\":\"https:\\\/\\\/www.retaildetail.be\\\/nl\\\/#\\\/schema\\\/person\\\/66b54803fa10759039079458ea89e307\"},\"headline\":\"Malaise chez Intermarch\u00e9 : des anciens franchis\u00e9s Mestdagh se plaignent\",\"datePublished\":\"2025-11-27T14:49:39+00:00\",\"dateModified\":\"2025-11-27T14:49:41+00:00\",\"mainEntityOfPage\":{\"@id\":\"https:\\\/\\\/www.retaildetail.be\\\/fr\\\/news\\\/food\\\/agitation-chez-intermarche-les-anciens-franchises-mestdagh-tirent-la-sonnette-dalarme\\\/\"},\"wordCount\":529,\"publisher\":{\"@id\":\"https:\\\/\\\/www.retaildetail.be\\\/nl\\\/#organization\"},\"image\":{\"@id\":\"https:\\\/\\\/www.retaildetail.be\\\/fr\\\/news\\\/food\\\/agitation-chez-intermarche-les-anciens-franchises-mestdagh-tirent-la-sonnette-dalarme\\\/#primaryimage\"},\"thumbnailUrl\":\"https:\\\/\\\/www.retaildetail.be\\\/wp-content\\\/uploads\\\/2025\\\/11\\\/Intermarche-by-Mestdagh-Sint-Gillis.jpg\",\"articleSection\":[\"Food\",\"Food\"],\"inLanguage\":\"fr-FR\",\"copyrightYear\":\"2025\",\"copyrightHolder\":{\"@id\":\"https:\\\/\\\/www.retaildetail.be\\\/#organization\"}},{\"@type\":\"WebPage\",\"@id\":\"https:\\\/\\\/www.retaildetail.be\\\/fr\\\/news\\\/food\\\/agitation-chez-intermarche-les-anciens-franchises-mestdagh-tirent-la-sonnette-dalarme\\\/\",\"url\":\"https:\\\/\\\/www.retaildetail.be\\\/fr\\\/news\\\/food\\\/agitation-chez-intermarche-les-anciens-franchises-mestdagh-tirent-la-sonnette-dalarme\\\/\",\"name\":\"Malaise chez Intermarch\u00e9 : des anciens franchis\u00e9s Mestdagh se plaignent - RetailDetail BE\",\"isPartOf\":{\"@id\":\"https:\\\/\\\/www.retaildetail.be\\\/nl\\\/#website\"},\"primaryImageOfPage\":{\"@id\":\"https:\\\/\\\/www.retaildetail.be\\\/fr\\\/news\\\/food\\\/agitation-chez-intermarche-les-anciens-franchises-mestdagh-tirent-la-sonnette-dalarme\\\/#primaryimage\"},\"image\":{\"@id\":\"https:\\\/\\\/www.retaildetail.be\\\/fr\\\/news\\\/food\\\/agitation-chez-intermarche-les-anciens-franchises-mestdagh-tirent-la-sonnette-dalarme\\\/#primaryimage\"},\"thumbnailUrl\":\"https:\\\/\\\/www.retaildetail.be\\\/wp-content\\\/uploads\\\/2025\\\/11\\\/Intermarche-by-Mestdagh-Sint-Gillis.jpg\",\"datePublished\":\"2025-11-27T14:49:39+00:00\",\"dateModified\":\"2025-11-27T14:49:41+00:00\",\"description\":\"Trois ans apr\u00e8s le rachat du groupe de supermarch\u00e9s Mestdagh, l'agitation grandit au sein du r\u00e9seau de franchises belge Intermarch\u00e9.\",\"breadcrumb\":{\"@id\":\"https:\\\/\\\/www.retaildetail.be\\\/fr\\\/news\\\/food\\\/agitation-chez-intermarche-les-anciens-franchises-mestdagh-tirent-la-sonnette-dalarme\\\/#breadcrumb\"},\"inLanguage\":\"fr-FR\",\"potentialAction\":[{\"@type\":\"ReadAction\",\"target\":[\"https:\\\/\\\/www.retaildetail.be\\\/fr\\\/news\\\/food\\\/agitation-chez-intermarche-les-anciens-franchises-mestdagh-tirent-la-sonnette-dalarme\\\/\"]}]},{\"@type\":\"ImageObject\",\"inLanguage\":\"fr-FR\",\"@id\":\"https:\\\/\\\/www.retaildetail.be\\\/fr\\\/news\\\/food\\\/agitation-chez-intermarche-les-anciens-franchises-mestdagh-tirent-la-sonnette-dalarme\\\/#primaryimage\",\"url\":\"https:\\\/\\\/www.retaildetail.be\\\/wp-content\\\/uploads\\\/2025\\\/11\\\/Intermarche-by-Mestdagh-Sint-Gillis.jpg\",\"contentUrl\":\"https:\\\/\\\/www.retaildetail.be\\\/wp-content\\\/uploads\\\/2025\\\/11\\\/Intermarche-by-Mestdagh-Sint-Gillis.jpg\",\"width\":1182,\"height\":856,\"caption\":\"\u00a9 RetailDetail\"},{\"@type\":\"BreadcrumbList\",\"@id\":\"https:\\\/\\\/www.retaildetail.be\\\/fr\\\/news\\\/food\\\/agitation-chez-intermarche-les-anciens-franchises-mestdagh-tirent-la-sonnette-dalarme\\\/#breadcrumb\",\"itemListElement\":[{\"@type\":\"ListItem\",\"position\":1,\"name\":\"Home\",\"item\":\"https:\\\/\\\/www.retaildetail.be\\\/fr\\\/\"},{\"@type\":\"ListItem\",\"position\":2,\"name\":\"Malaise chez Intermarch\u00e9 : des anciens franchis\u00e9s Mestdagh se plaignent\"}]},{\"@type\":\"WebSite\",\"@id\":\"https:\\\/\\\/www.retaildetail.be\\\/nl\\\/#website\",\"url\":\"https:\\\/\\\/www.retaildetail.be\\\/nl\\\/\",\"name\":\"RetailDetail BE\",\"description\":\"News\",\"publisher\":{\"@id\":\"https:\\\/\\\/www.retaildetail.be\\\/nl\\\/#organization\"},\"potentialAction\":[{\"@type\":\"SearchAction\",\"target\":{\"@type\":\"EntryPoint\",\"urlTemplate\":\"https:\\\/\\\/www.retaildetail.be\\\/nl\\\/?s={search_term_string}\"},\"query-input\":{\"@type\":\"PropertyValueSpecification\",\"valueRequired\":true,\"valueName\":\"search_term_string\"}}],\"inLanguage\":\"fr-FR\"},{\"@type\":\"Organization\",\"@id\":\"https:\\\/\\\/www.retaildetail.be\\\/nl\\\/#organization\",\"name\":\"RetailDetail BE\",\"url\":\"https:\\\/\\\/www.retaildetail.be\\\/nl\\\/\",\"logo\":{\"@type\":\"ImageObject\",\"inLanguage\":\"fr-FR\",\"@id\":\"https:\\\/\\\/www.retaildetail.be\\\/nl\\\/#\\\/schema\\\/logo\\\/image\\\/\",\"url\":\"https:\\\/\\\/www.retaildetail.be\\\/wp-content\\\/uploads\\\/2022\\\/04\\\/logo.svg\",\"contentUrl\":\"https:\\\/\\\/www.retaildetail.be\\\/wp-content\\\/uploads\\\/2022\\\/04\\\/logo.svg\",\"width\":131,\"height\":70,\"caption\":\"RetailDetail BE\"},\"image\":{\"@id\":\"https:\\\/\\\/www.retaildetail.be\\\/nl\\\/#\\\/schema\\\/logo\\\/image\\\/\"}},{\"@type\":\"Person\",\"@id\":\"https:\\\/\\\/www.retaildetail.be\\\/nl\\\/#\\\/schema\\\/person\\\/66b54803fa10759039079458ea89e307\",\"name\":\"Pauline Neerman\",\"image\":{\"@type\":\"ImageObject\",\"inLanguage\":\"fr-FR\",\"@id\":\"https:\\\/\\\/secure.gravatar.com\\\/avatar\\\/58db22aee589a691f9603e5765ac06010427a923f9b2728b951eb7fe27214d70?s=96&d=mm&r=g\",\"url\":\"https:\\\/\\\/secure.gravatar.com\\\/avatar\\\/58db22aee589a691f9603e5765ac06010427a923f9b2728b951eb7fe27214d70?s=96&d=mm&r=g\",\"contentUrl\":\"https:\\\/\\\/secure.gravatar.com\\\/avatar\\\/58db22aee589a691f9603e5765ac06010427a923f9b2728b951eb7fe27214d70?s=96&d=mm&r=g\",\"caption\":\"Pauline Neerman\"},\"url\":\"https:\\\/\\\/www.retaildetail.be\\\/fr\\\/author\\\/paulineneerman\\\/\"}]}<\/script>\n<!-- \/ Yoast SEO plugin. -->","yoast_head_json":{"title":"Malaise chez Intermarch\u00e9 : des anciens franchis\u00e9s Mestdagh se plaignent - RetailDetail BE","description":"Trois ans apr\u00e8s le rachat du groupe de supermarch\u00e9s Mestdagh, l'agitation grandit au sein du r\u00e9seau de franchises belge Intermarch\u00e9.","robots":{"index":"index","follow":"follow","max-snippet":"max-snippet:-1","max-image-preview":"max-image-preview:large","max-video-preview":"max-video-preview:-1"},"canonical":"https:\/\/www.retaildetail.be\/fr\/news\/food\/agitation-chez-intermarche-les-anciens-franchises-mestdagh-tirent-la-sonnette-dalarme\/","og_locale":"fr_FR","og_type":"article","og_title":"Malaise chez Intermarch\u00e9 : des anciens franchis\u00e9s Mestdagh se plaignent - RetailDetail BE","og_description":"Trois ans apr\u00e8s le rachat du groupe de supermarch\u00e9s Mestdagh, l'agitation grandit au sein du r\u00e9seau de franchises belge Intermarch\u00e9.","og_url":"https:\/\/www.retaildetail.be\/fr\/news\/food\/agitation-chez-intermarche-les-anciens-franchises-mestdagh-tirent-la-sonnette-dalarme\/","og_site_name":"RetailDetail BE","article_published_time":"2025-11-27T14:49:39+00:00","article_modified_time":"2025-11-27T14:49:41+00:00","og_image":[{"width":1182,"height":856,"url":"https:\/\/www.retaildetail.be\/wp-content\/uploads\/2025\/11\/Intermarche-by-Mestdagh-Sint-Gillis.jpg","type":"image\/jpeg"}],"author":"Pauline Neerman","twitter_card":"summary_large_image","twitter_misc":{"\u00c9crit par":"Pauline Neerman","Dur\u00e9e de lecture estim\u00e9e":"3 minutes"},"schema":{"@context":"https:\/\/schema.org","@graph":[{"@type":"NewsArticle","@id":"https:\/\/www.retaildetail.be\/fr\/news\/food\/agitation-chez-intermarche-les-anciens-franchises-mestdagh-tirent-la-sonnette-dalarme\/#article","isPartOf":{"@id":"https:\/\/www.retaildetail.be\/fr\/news\/food\/agitation-chez-intermarche-les-anciens-franchises-mestdagh-tirent-la-sonnette-dalarme\/"},"author":{"name":"Pauline Neerman","@id":"https:\/\/www.retaildetail.be\/nl\/#\/schema\/person\/66b54803fa10759039079458ea89e307"},"headline":"Malaise chez Intermarch\u00e9 : des anciens franchis\u00e9s Mestdagh se plaignent","datePublished":"2025-11-27T14:49:39+00:00","dateModified":"2025-11-27T14:49:41+00:00","mainEntityOfPage":{"@id":"https:\/\/www.retaildetail.be\/fr\/news\/food\/agitation-chez-intermarche-les-anciens-franchises-mestdagh-tirent-la-sonnette-dalarme\/"},"wordCount":529,"publisher":{"@id":"https:\/\/www.retaildetail.be\/nl\/#organization"},"image":{"@id":"https:\/\/www.retaildetail.be\/fr\/news\/food\/agitation-chez-intermarche-les-anciens-franchises-mestdagh-tirent-la-sonnette-dalarme\/#primaryimage"},"thumbnailUrl":"https:\/\/www.retaildetail.be\/wp-content\/uploads\/2025\/11\/Intermarche-by-Mestdagh-Sint-Gillis.jpg","articleSection":["Food","Food"],"inLanguage":"fr-FR","copyrightYear":"2025","copyrightHolder":{"@id":"https:\/\/www.retaildetail.be\/#organization"}},{"@type":"WebPage","@id":"https:\/\/www.retaildetail.be\/fr\/news\/food\/agitation-chez-intermarche-les-anciens-franchises-mestdagh-tirent-la-sonnette-dalarme\/","url":"https:\/\/www.retaildetail.be\/fr\/news\/food\/agitation-chez-intermarche-les-anciens-franchises-mestdagh-tirent-la-sonnette-dalarme\/","name":"Malaise chez Intermarch\u00e9 : des anciens franchis\u00e9s Mestdagh se plaignent - RetailDetail BE","isPartOf":{"@id":"https:\/\/www.retaildetail.be\/nl\/#website"},"primaryImageOfPage":{"@id":"https:\/\/www.retaildetail.be\/fr\/news\/food\/agitation-chez-intermarche-les-anciens-franchises-mestdagh-tirent-la-sonnette-dalarme\/#primaryimage"},"image":{"@id":"https:\/\/www.retaildetail.be\/fr\/news\/food\/agitation-chez-intermarche-les-anciens-franchises-mestdagh-tirent-la-sonnette-dalarme\/#primaryimage"},"thumbnailUrl":"https:\/\/www.retaildetail.be\/wp-content\/uploads\/2025\/11\/Intermarche-by-Mestdagh-Sint-Gillis.jpg","datePublished":"2025-11-27T14:49:39+00:00","dateModified":"2025-11-27T14:49:41+00:00","description":"Trois ans apr\u00e8s le rachat du groupe de supermarch\u00e9s Mestdagh, l'agitation grandit au sein du r\u00e9seau de franchises belge Intermarch\u00e9.","breadcrumb":{"@id":"https:\/\/www.retaildetail.be\/fr\/news\/food\/agitation-chez-intermarche-les-anciens-franchises-mestdagh-tirent-la-sonnette-dalarme\/#breadcrumb"},"inLanguage":"fr-FR","potentialAction":[{"@type":"ReadAction","target":["https:\/\/www.retaildetail.be\/fr\/news\/food\/agitation-chez-intermarche-les-anciens-franchises-mestdagh-tirent-la-sonnette-dalarme\/"]}]},{"@type":"ImageObject","inLanguage":"fr-FR","@id":"https:\/\/www.retaildetail.be\/fr\/news\/food\/agitation-chez-intermarche-les-anciens-franchises-mestdagh-tirent-la-sonnette-dalarme\/#primaryimage","url":"https:\/\/www.retaildetail.be\/wp-content\/uploads\/2025\/11\/Intermarche-by-Mestdagh-Sint-Gillis.jpg","contentUrl":"https:\/\/www.retaildetail.be\/wp-content\/uploads\/2025\/11\/Intermarche-by-Mestdagh-Sint-Gillis.jpg","width":1182,"height":856,"caption":"\u00a9 RetailDetail"},{"@type":"BreadcrumbList","@id":"https:\/\/www.retaildetail.be\/fr\/news\/food\/agitation-chez-intermarche-les-anciens-franchises-mestdagh-tirent-la-sonnette-dalarme\/#breadcrumb","itemListElement":[{"@type":"ListItem","position":1,"name":"Home","item":"https:\/\/www.retaildetail.be\/fr\/"},{"@type":"ListItem","position":2,"name":"Malaise chez Intermarch\u00e9 : des anciens franchis\u00e9s Mestdagh se plaignent"}]},{"@type":"WebSite","@id":"https:\/\/www.retaildetail.be\/nl\/#website","url":"https:\/\/www.retaildetail.be\/nl\/","name":"RetailDetail BE","description":"News","publisher":{"@id":"https:\/\/www.retaildetail.be\/nl\/#organization"},"potentialAction":[{"@type":"SearchAction","target":{"@type":"EntryPoint","urlTemplate":"https:\/\/www.retaildetail.be\/nl\/?s={search_term_string}"},"query-input":{"@type":"PropertyValueSpecification","valueRequired":true,"valueName":"search_term_string"}}],"inLanguage":"fr-FR"},{"@type":"Organization","@id":"https:\/\/www.retaildetail.be\/nl\/#organization","name":"RetailDetail BE","url":"https:\/\/www.retaildetail.be\/nl\/","logo":{"@type":"ImageObject","inLanguage":"fr-FR","@id":"https:\/\/www.retaildetail.be\/nl\/#\/schema\/logo\/image\/","url":"https:\/\/www.retaildetail.be\/wp-content\/uploads\/2022\/04\/logo.svg","contentUrl":"https:\/\/www.retaildetail.be\/wp-content\/uploads\/2022\/04\/logo.svg","width":131,"height":70,"caption":"RetailDetail BE"},"image":{"@id":"https:\/\/www.retaildetail.be\/nl\/#\/schema\/logo\/image\/"}},{"@type":"Person","@id":"https:\/\/www.retaildetail.be\/nl\/#\/schema\/person\/66b54803fa10759039079458ea89e307","name":"Pauline Neerman","image":{"@type":"ImageObject","inLanguage":"fr-FR","@id":"https:\/\/secure.gravatar.com\/avatar\/58db22aee589a691f9603e5765ac06010427a923f9b2728b951eb7fe27214d70?s=96&d=mm&r=g","url":"https:\/\/secure.gravatar.com\/avatar\/58db22aee589a691f9603e5765ac06010427a923f9b2728b951eb7fe27214d70?s=96&d=mm&r=g","contentUrl":"https:\/\/secure.gravatar.com\/avatar\/58db22aee589a691f9603e5765ac06010427a923f9b2728b951eb7fe27214d70?s=96&d=mm&r=g","caption":"Pauline Neerman"},"url":"https:\/\/www.retaildetail.be\/fr\/author\/paulineneerman\/"}]}},"jetpack_featured_media_url":"https:\/\/www.retaildetail.be\/wp-content\/uploads\/2025\/11\/Intermarche-by-Mestdagh-Sint-Gillis.jpg","jetpack_sharing_enabled":true,"_links":{"self":[{"href":"https:\/\/www.retaildetail.be\/fr\/wp-json\/wp\/v2\/posts\/135964","targetHints":{"allow":["GET"]}}],"collection":[{"href":"https:\/\/www.retaildetail.be\/fr\/wp-json\/wp\/v2\/posts"}],"about":[{"href":"https:\/\/www.retaildetail.be\/fr\/wp-json\/wp\/v2\/types\/post"}],"author":[{"embeddable":true,"href":"https:\/\/www.retaildetail.be\/fr\/wp-json\/wp\/v2\/users\/5"}],"replies":[{"embeddable":true,"href":"https:\/\/www.retaildetail.be\/fr\/wp-json\/wp\/v2\/comments?post=135964"}],"version-history":[{"count":1,"href":"https:\/\/www.retaildetail.be\/fr\/wp-json\/wp\/v2\/posts\/135964\/revisions"}],"predecessor-version":[{"id":135977,"href":"https:\/\/www.retaildetail.be\/fr\/wp-json\/wp\/v2\/posts\/135964\/revisions\/135977"}],"wp:featuredmedia":[{"embeddable":true,"href":"https:\/\/www.retaildetail.be\/fr\/wp-json\/wp\/v2\/media\/135965"}],"wp:attachment":[{"href":"https:\/\/www.retaildetail.be\/fr\/wp-json\/wp\/v2\/media?parent=135964"}],"wp:term":[{"taxonomy":"category","embeddable":true,"href":"https:\/\/www.retaildetail.be\/fr\/wp-json\/wp\/v2\/categories?post=135964"},{"taxonomy":"post_tag","embeddable":true,"href":"https:\/\/www.retaildetail.be\/fr\/wp-json\/wp\/v2\/tags?post=135964"},{"taxonomy":"people","embeddable":true,"href":"https:\/\/www.retaildetail.be\/fr\/wp-json\/wp\/v2\/people?post=135964"},{"taxonomy":"extra","embeddable":true,"href":"https:\/\/www.retaildetail.be\/fr\/wp-json\/wp\/v2\/extra?post=135964"},{"taxonomy":"company","embeddable":true,"href":"https:\/\/www.retaildetail.be\/fr\/wp-json\/wp\/v2\/company?post=135964"},{"taxonomy":"topic","embeddable":true,"href":"https:\/\/www.retaildetail.be\/fr\/wp-json\/wp\/v2\/topic?post=135964"},{"taxonomy":"region","embeddable":true,"href":"https:\/\/www.retaildetail.be\/fr\/wp-json\/wp\/v2\/region?post=135964"}],"curies":[{"name":"wp","href":"https:\/\/api.w.org\/{rel}","templated":true}]}}