{"id":136395,"date":"2025-12-02T10:52:39","date_gmt":"2025-12-02T09:52:39","guid":{"rendered":"https:\/\/www.retaildetail.be\/?p=136395"},"modified":"2025-12-02T10:52:40","modified_gmt":"2025-12-02T09:52:40","slug":"la-famille-van-eerd-jumbo-rachete-entierement-hema","status":"publish","type":"post","link":"https:\/\/www.retaildetail.be\/fr\/news\/general\/la-famille-van-eerd-jumbo-rachete-entierement-hema\/","title":{"rendered":"La famille van Eerd (Jumbo) rach\u00e8te enti\u00e8rement Hema"},"content":{"rendered":"\n<p>Le fonds d&rsquo;investissement Parcom vend sa participation de 50 % dans la cha\u00eene de grands magasins <strong>Hema<\/strong> \u00e0 Mississippi Ventures, le v\u00e9hicule d&rsquo;investissement de la famille van Eerd, \u00e9galement propri\u00e9taire de la cha\u00eene de supermarch\u00e9s <strong>Jumbo<\/strong>.<\/p>\n\n\n\n<h2 class=\"wp-block-heading\">Poursuite des investissements<\/h2>\n\n\n\n<p>Les deux actionnaires ont annonc\u00e9 la nouvelle dans un communiqu\u00e9 de presse, sans donner de d\u00e9tails financiers. La reprise doit \u00eatre approuv\u00e9e par l&rsquo;autorit\u00e9 de r\u00e9gulation Autoriteit Consument &amp; Markt (ACM) et d\u00e9pend \u00e9galement de l&rsquo;avis du comit\u00e9 d&rsquo;entreprise de Hema.<\/p>\n\n\n\n<p>Jumbo et Hema continueront \u00e0 fonctionner s\u00e9par\u00e9ment, mais pourront se renforcer mutuellement, indique le communiqu\u00e9. La transaction permettra \u00e0 Hema de continuer \u00e0 investir dans la marque et l&rsquo;exp\u00e9rience client au cours des prochaines ann\u00e9es \u00ab afin de poursuivre sur la voie de la croissance et de l&rsquo;attractivit\u00e9 \u00bb. Le d\u00e9taillant pr\u00e9voit de r\u00e9nover une centaine de magasins et d&rsquo;en ouvrir 15 nouveaux, notamment en Belgique et en France.<\/p>\n\n\n\n<h2 class=\"wp-block-heading\">\u00ab Une \u00e9tape importante \u00bb<\/h2>\n\n\n\n<p>\u00ab Nous sommes entr\u00e9s dans le capital il y a pr\u00e8s de cinq ans et nous sommes tomb\u00e9s encore plus amoureux de Hema. La mani\u00e8re dont Saskia et son \u00e9quipe ont renforc\u00e9 la marque est impressionnante \u00bb, d\u00e9clare Colette Cloosterman-van Eerd, au nom de la famille van Eerd.<\/p>\n\n\n\n<p>Saskia Egas Reparaz, CEO de Hema, qualifie cette acquisition d&rsquo;\u00e9tape importante. \u00ab Jumbo et Hema sont deux marques qui jouent un r\u00f4le dans la vie quotidienne des clients. Nous avons constat\u00e9 \u00e0 quel point cela \u00e9tait pr\u00e9cieux ces derni\u00e8res ann\u00e9es. Nous nous r\u00e9jouissons de cette nouvelle phase de notre collaboration. \u00bb<\/p>\n\n\n\n<p>Mississippi Ventures et Parcom <a href=\"https:\/\/www.retaildetail.be\/fr\/news\/general\/le-rachat-de-hema-est-acte-2\/\">ont finalis\u00e9 l&rsquo;acquisition de Hema d\u00e9but 2021<\/a>. Ils ont alors pris chacun une participation de 50 % dans le d\u00e9taillant, qui \u00e9tait alors d\u00e9tenu par les cr\u00e9anciers apr\u00e8s que le propri\u00e9taire Marcel Boekhoorn ait \u00e9t\u00e9 \u00e9cart\u00e9. Selon Mississippi Ventures et Parcom, la cha\u00eene de magasins a connu une croissance en termes de chiffre d&rsquo;affaires, de volume, de b\u00e9n\u00e9fices et de satisfaction client ces derni\u00e8res ann\u00e9es. Cette op\u00e9ration permettra aux quelque 17 000 employ\u00e9s de conserver leur emploi.<\/p>\n","protected":false},"excerpt":{"rendered":"<p>Le fonds d&rsquo;investissement Parcom vend sa participation de 50 % dans la cha\u00eene de grands magasins Hema \u00e0 Mississippi Ventures, le v\u00e9hicule d&rsquo;investissement de la famille Van Eerd, \u00e9galement propri\u00e9taire de la cha\u00eene de supermarch\u00e9s Jumbo.<\/p>\n","protected":false},"author":3,"featured_media":136396,"comment_status":"closed","ping_status":"closed","sticky":false,"template":"","format":"standard","meta":{"_acf_changed":false,"inline_featured_image":false,"_jetpack_memberships_contains_paid_content":false,"footnotes":""},"categories":[15,25],"tags":[],"people":[],"extra":[44],"company":[419,217],"topic":[282],"region":[524],"class_list":["post-136395","post","type-post","status-publish","format-standard","has-post-thumbnail","hentry","category-algemeen","category-general","extra-hot","company-hema","company-jumbo","topic-acquisition","region-pays-bas"],"acf":[],"yoast_head":"<!-- This site is optimized with the Yoast SEO plugin v27.3 - https:\/\/yoast.com\/product\/yoast-seo-wordpress\/ -->\n<title>La famille van Eerd (Jumbo) rach\u00e8te enti\u00e8rement Hema - RetailDetail BE<\/title>\n<meta name=\"description\" content=\"Parcom vend sa participation de 50 % dans la cha\u00eene de grands magasins Hema \u00e0 Mississippi Ventures, le v\u00e9hicule d&#039;investissement de la famille van Eerd.\" \/>\n<meta name=\"robots\" content=\"index, follow, max-snippet:-1, max-image-preview:large, max-video-preview:-1\" \/>\n<link rel=\"canonical\" href=\"https:\/\/www.retaildetail.be\/fr\/news\/general\/la-famille-van-eerd-jumbo-rachete-entierement-hema\/\" \/>\n<meta property=\"og:locale\" content=\"fr_FR\" \/>\n<meta property=\"og:type\" content=\"article\" \/>\n<meta property=\"og:title\" content=\"La famille van Eerd (Jumbo) rach\u00e8te enti\u00e8rement Hema - RetailDetail BE\" \/>\n<meta property=\"og:description\" content=\"Parcom vend sa participation de 50 % dans la cha\u00eene de grands magasins Hema \u00e0 Mississippi Ventures, le v\u00e9hicule d&#039;investissement de la famille van Eerd.\" \/>\n<meta property=\"og:url\" content=\"https:\/\/www.retaildetail.be\/fr\/news\/general\/la-famille-van-eerd-jumbo-rachete-entierement-hema\/\" \/>\n<meta property=\"og:site_name\" content=\"RetailDetail BE\" \/>\n<meta property=\"article:published_time\" content=\"2025-12-02T09:52:39+00:00\" \/>\n<meta property=\"article:modified_time\" content=\"2025-12-02T09:52:40+00:00\" \/>\n<meta property=\"og:image\" content=\"https:\/\/www.retaildetail.be\/wp-content\/uploads\/2025\/12\/Hema-Saskia-Egas-Reparaz-.jpg\" \/>\n\t<meta property=\"og:image:width\" content=\"1247\" \/>\n\t<meta property=\"og:image:height\" content=\"941\" \/>\n\t<meta property=\"og:image:type\" content=\"image\/jpeg\" \/>\n<meta name=\"author\" content=\"Stefan Van Rompaey\" \/>\n<meta name=\"twitter:card\" content=\"summary_large_image\" \/>\n<meta name=\"twitter:label1\" content=\"\u00c9crit par\" \/>\n\t<meta name=\"twitter:data1\" content=\"Stefan Van Rompaey\" \/>\n\t<meta name=\"twitter:label2\" content=\"Dur\u00e9e de lecture estim\u00e9e\" \/>\n\t<meta name=\"twitter:data2\" content=\"2 minutes\" \/>\n<script type=\"application\/ld+json\" class=\"yoast-schema-graph\">{\"@context\":\"https:\\\/\\\/schema.org\",\"@graph\":[{\"@type\":\"NewsArticle\",\"@id\":\"https:\\\/\\\/www.retaildetail.be\\\/fr\\\/news\\\/general\\\/la-famille-van-eerd-jumbo-rachete-entierement-hema\\\/#article\",\"isPartOf\":{\"@id\":\"https:\\\/\\\/www.retaildetail.be\\\/fr\\\/news\\\/general\\\/la-famille-van-eerd-jumbo-rachete-entierement-hema\\\/\"},\"author\":{\"name\":\"Stefan Van Rompaey\",\"@id\":\"https:\\\/\\\/www.retaildetail.be\\\/nl\\\/#\\\/schema\\\/person\\\/51aec6069c4416aa2f68b2e4ff3455df\"},\"headline\":\"La famille van Eerd (Jumbo) rach\u00e8te enti\u00e8rement Hema\",\"datePublished\":\"2025-12-02T09:52:39+00:00\",\"dateModified\":\"2025-12-02T09:52:40+00:00\",\"mainEntityOfPage\":{\"@id\":\"https:\\\/\\\/www.retaildetail.be\\\/fr\\\/news\\\/general\\\/la-famille-van-eerd-jumbo-rachete-entierement-hema\\\/\"},\"wordCount\":373,\"publisher\":{\"@id\":\"https:\\\/\\\/www.retaildetail.be\\\/nl\\\/#organization\"},\"image\":{\"@id\":\"https:\\\/\\\/www.retaildetail.be\\\/fr\\\/news\\\/general\\\/la-famille-van-eerd-jumbo-rachete-entierement-hema\\\/#primaryimage\"},\"thumbnailUrl\":\"https:\\\/\\\/www.retaildetail.be\\\/wp-content\\\/uploads\\\/2025\\\/12\\\/Hema-Saskia-Egas-Reparaz-.jpg\",\"articleSection\":[\"Algemeen\",\"G\u00e9n\u00e9ral\"],\"inLanguage\":\"fr-FR\",\"copyrightYear\":\"2025\",\"copyrightHolder\":{\"@id\":\"https:\\\/\\\/www.retaildetail.be\\\/#organization\"}},{\"@type\":\"WebPage\",\"@id\":\"https:\\\/\\\/www.retaildetail.be\\\/fr\\\/news\\\/general\\\/la-famille-van-eerd-jumbo-rachete-entierement-hema\\\/\",\"url\":\"https:\\\/\\\/www.retaildetail.be\\\/fr\\\/news\\\/general\\\/la-famille-van-eerd-jumbo-rachete-entierement-hema\\\/\",\"name\":\"La famille van Eerd (Jumbo) rach\u00e8te enti\u00e8rement Hema - RetailDetail BE\",\"isPartOf\":{\"@id\":\"https:\\\/\\\/www.retaildetail.be\\\/nl\\\/#website\"},\"primaryImageOfPage\":{\"@id\":\"https:\\\/\\\/www.retaildetail.be\\\/fr\\\/news\\\/general\\\/la-famille-van-eerd-jumbo-rachete-entierement-hema\\\/#primaryimage\"},\"image\":{\"@id\":\"https:\\\/\\\/www.retaildetail.be\\\/fr\\\/news\\\/general\\\/la-famille-van-eerd-jumbo-rachete-entierement-hema\\\/#primaryimage\"},\"thumbnailUrl\":\"https:\\\/\\\/www.retaildetail.be\\\/wp-content\\\/uploads\\\/2025\\\/12\\\/Hema-Saskia-Egas-Reparaz-.jpg\",\"datePublished\":\"2025-12-02T09:52:39+00:00\",\"dateModified\":\"2025-12-02T09:52:40+00:00\",\"description\":\"Parcom vend sa participation de 50 % dans la cha\u00eene de grands magasins Hema \u00e0 Mississippi Ventures, le v\u00e9hicule d'investissement de la famille van Eerd.\",\"breadcrumb\":{\"@id\":\"https:\\\/\\\/www.retaildetail.be\\\/fr\\\/news\\\/general\\\/la-famille-van-eerd-jumbo-rachete-entierement-hema\\\/#breadcrumb\"},\"inLanguage\":\"fr-FR\",\"potentialAction\":[{\"@type\":\"ReadAction\",\"target\":[\"https:\\\/\\\/www.retaildetail.be\\\/fr\\\/news\\\/general\\\/la-famille-van-eerd-jumbo-rachete-entierement-hema\\\/\"]}]},{\"@type\":\"ImageObject\",\"inLanguage\":\"fr-FR\",\"@id\":\"https:\\\/\\\/www.retaildetail.be\\\/fr\\\/news\\\/general\\\/la-famille-van-eerd-jumbo-rachete-entierement-hema\\\/#primaryimage\",\"url\":\"https:\\\/\\\/www.retaildetail.be\\\/wp-content\\\/uploads\\\/2025\\\/12\\\/Hema-Saskia-Egas-Reparaz-.jpg\",\"contentUrl\":\"https:\\\/\\\/www.retaildetail.be\\\/wp-content\\\/uploads\\\/2025\\\/12\\\/Hema-Saskia-Egas-Reparaz-.jpg\",\"width\":1247,\"height\":941,\"caption\":\"Saskia Egas Reparaz, Hema\"},{\"@type\":\"BreadcrumbList\",\"@id\":\"https:\\\/\\\/www.retaildetail.be\\\/fr\\\/news\\\/general\\\/la-famille-van-eerd-jumbo-rachete-entierement-hema\\\/#breadcrumb\",\"itemListElement\":[{\"@type\":\"ListItem\",\"position\":1,\"name\":\"Home\",\"item\":\"https:\\\/\\\/www.retaildetail.be\\\/fr\\\/\"},{\"@type\":\"ListItem\",\"position\":2,\"name\":\"La famille van Eerd (Jumbo) rach\u00e8te enti\u00e8rement Hema\"}]},{\"@type\":\"WebSite\",\"@id\":\"https:\\\/\\\/www.retaildetail.be\\\/nl\\\/#website\",\"url\":\"https:\\\/\\\/www.retaildetail.be\\\/nl\\\/\",\"name\":\"RetailDetail BE\",\"description\":\"News\",\"publisher\":{\"@id\":\"https:\\\/\\\/www.retaildetail.be\\\/nl\\\/#organization\"},\"potentialAction\":[{\"@type\":\"SearchAction\",\"target\":{\"@type\":\"EntryPoint\",\"urlTemplate\":\"https:\\\/\\\/www.retaildetail.be\\\/nl\\\/?s={search_term_string}\"},\"query-input\":{\"@type\":\"PropertyValueSpecification\",\"valueRequired\":true,\"valueName\":\"search_term_string\"}}],\"inLanguage\":\"fr-FR\"},{\"@type\":\"Organization\",\"@id\":\"https:\\\/\\\/www.retaildetail.be\\\/nl\\\/#organization\",\"name\":\"RetailDetail BE\",\"url\":\"https:\\\/\\\/www.retaildetail.be\\\/nl\\\/\",\"logo\":{\"@type\":\"ImageObject\",\"inLanguage\":\"fr-FR\",\"@id\":\"https:\\\/\\\/www.retaildetail.be\\\/nl\\\/#\\\/schema\\\/logo\\\/image\\\/\",\"url\":\"https:\\\/\\\/www.retaildetail.be\\\/wp-content\\\/uploads\\\/2022\\\/04\\\/logo.svg\",\"contentUrl\":\"https:\\\/\\\/www.retaildetail.be\\\/wp-content\\\/uploads\\\/2022\\\/04\\\/logo.svg\",\"width\":131,\"height\":70,\"caption\":\"RetailDetail BE\"},\"image\":{\"@id\":\"https:\\\/\\\/www.retaildetail.be\\\/nl\\\/#\\\/schema\\\/logo\\\/image\\\/\"}},{\"@type\":\"Person\",\"@id\":\"https:\\\/\\\/www.retaildetail.be\\\/nl\\\/#\\\/schema\\\/person\\\/51aec6069c4416aa2f68b2e4ff3455df\",\"name\":\"Stefan Van Rompaey\",\"image\":{\"@type\":\"ImageObject\",\"inLanguage\":\"fr-FR\",\"@id\":\"https:\\\/\\\/secure.gravatar.com\\\/avatar\\\/fbbb4a80a0f109888b2a5ab8ae255617499ecde533749b3ab2fa6c23b5d65dac?s=96&d=mm&r=g\",\"url\":\"https:\\\/\\\/secure.gravatar.com\\\/avatar\\\/fbbb4a80a0f109888b2a5ab8ae255617499ecde533749b3ab2fa6c23b5d65dac?s=96&d=mm&r=g\",\"contentUrl\":\"https:\\\/\\\/secure.gravatar.com\\\/avatar\\\/fbbb4a80a0f109888b2a5ab8ae255617499ecde533749b3ab2fa6c23b5d65dac?s=96&d=mm&r=g\",\"caption\":\"Stefan Van Rompaey\"},\"url\":\"https:\\\/\\\/www.retaildetail.be\\\/fr\\\/author\\\/stefanvanrompaey\\\/\"}]}<\/script>\n<!-- \/ Yoast SEO plugin. -->","yoast_head_json":{"title":"La famille van Eerd (Jumbo) rach\u00e8te enti\u00e8rement Hema - RetailDetail BE","description":"Parcom vend sa participation de 50 % dans la cha\u00eene de grands magasins Hema \u00e0 Mississippi Ventures, le v\u00e9hicule d'investissement de la famille van Eerd.","robots":{"index":"index","follow":"follow","max-snippet":"max-snippet:-1","max-image-preview":"max-image-preview:large","max-video-preview":"max-video-preview:-1"},"canonical":"https:\/\/www.retaildetail.be\/fr\/news\/general\/la-famille-van-eerd-jumbo-rachete-entierement-hema\/","og_locale":"fr_FR","og_type":"article","og_title":"La famille van Eerd (Jumbo) rach\u00e8te enti\u00e8rement Hema - RetailDetail BE","og_description":"Parcom vend sa participation de 50 % dans la cha\u00eene de grands magasins Hema \u00e0 Mississippi Ventures, le v\u00e9hicule d'investissement de la famille van Eerd.","og_url":"https:\/\/www.retaildetail.be\/fr\/news\/general\/la-famille-van-eerd-jumbo-rachete-entierement-hema\/","og_site_name":"RetailDetail BE","article_published_time":"2025-12-02T09:52:39+00:00","article_modified_time":"2025-12-02T09:52:40+00:00","og_image":[{"width":1247,"height":941,"url":"https:\/\/www.retaildetail.be\/wp-content\/uploads\/2025\/12\/Hema-Saskia-Egas-Reparaz-.jpg","type":"image\/jpeg"}],"author":"Stefan Van Rompaey","twitter_card":"summary_large_image","twitter_misc":{"\u00c9crit par":"Stefan Van Rompaey","Dur\u00e9e de lecture estim\u00e9e":"2 minutes"},"schema":{"@context":"https:\/\/schema.org","@graph":[{"@type":"NewsArticle","@id":"https:\/\/www.retaildetail.be\/fr\/news\/general\/la-famille-van-eerd-jumbo-rachete-entierement-hema\/#article","isPartOf":{"@id":"https:\/\/www.retaildetail.be\/fr\/news\/general\/la-famille-van-eerd-jumbo-rachete-entierement-hema\/"},"author":{"name":"Stefan Van Rompaey","@id":"https:\/\/www.retaildetail.be\/nl\/#\/schema\/person\/51aec6069c4416aa2f68b2e4ff3455df"},"headline":"La famille van Eerd (Jumbo) rach\u00e8te enti\u00e8rement Hema","datePublished":"2025-12-02T09:52:39+00:00","dateModified":"2025-12-02T09:52:40+00:00","mainEntityOfPage":{"@id":"https:\/\/www.retaildetail.be\/fr\/news\/general\/la-famille-van-eerd-jumbo-rachete-entierement-hema\/"},"wordCount":373,"publisher":{"@id":"https:\/\/www.retaildetail.be\/nl\/#organization"},"image":{"@id":"https:\/\/www.retaildetail.be\/fr\/news\/general\/la-famille-van-eerd-jumbo-rachete-entierement-hema\/#primaryimage"},"thumbnailUrl":"https:\/\/www.retaildetail.be\/wp-content\/uploads\/2025\/12\/Hema-Saskia-Egas-Reparaz-.jpg","articleSection":["Algemeen","G\u00e9n\u00e9ral"],"inLanguage":"fr-FR","copyrightYear":"2025","copyrightHolder":{"@id":"https:\/\/www.retaildetail.be\/#organization"}},{"@type":"WebPage","@id":"https:\/\/www.retaildetail.be\/fr\/news\/general\/la-famille-van-eerd-jumbo-rachete-entierement-hema\/","url":"https:\/\/www.retaildetail.be\/fr\/news\/general\/la-famille-van-eerd-jumbo-rachete-entierement-hema\/","name":"La famille van Eerd (Jumbo) rach\u00e8te enti\u00e8rement Hema - RetailDetail BE","isPartOf":{"@id":"https:\/\/www.retaildetail.be\/nl\/#website"},"primaryImageOfPage":{"@id":"https:\/\/www.retaildetail.be\/fr\/news\/general\/la-famille-van-eerd-jumbo-rachete-entierement-hema\/#primaryimage"},"image":{"@id":"https:\/\/www.retaildetail.be\/fr\/news\/general\/la-famille-van-eerd-jumbo-rachete-entierement-hema\/#primaryimage"},"thumbnailUrl":"https:\/\/www.retaildetail.be\/wp-content\/uploads\/2025\/12\/Hema-Saskia-Egas-Reparaz-.jpg","datePublished":"2025-12-02T09:52:39+00:00","dateModified":"2025-12-02T09:52:40+00:00","description":"Parcom vend sa participation de 50 % dans la cha\u00eene de grands magasins Hema \u00e0 Mississippi Ventures, le v\u00e9hicule d'investissement de la famille van Eerd.","breadcrumb":{"@id":"https:\/\/www.retaildetail.be\/fr\/news\/general\/la-famille-van-eerd-jumbo-rachete-entierement-hema\/#breadcrumb"},"inLanguage":"fr-FR","potentialAction":[{"@type":"ReadAction","target":["https:\/\/www.retaildetail.be\/fr\/news\/general\/la-famille-van-eerd-jumbo-rachete-entierement-hema\/"]}]},{"@type":"ImageObject","inLanguage":"fr-FR","@id":"https:\/\/www.retaildetail.be\/fr\/news\/general\/la-famille-van-eerd-jumbo-rachete-entierement-hema\/#primaryimage","url":"https:\/\/www.retaildetail.be\/wp-content\/uploads\/2025\/12\/Hema-Saskia-Egas-Reparaz-.jpg","contentUrl":"https:\/\/www.retaildetail.be\/wp-content\/uploads\/2025\/12\/Hema-Saskia-Egas-Reparaz-.jpg","width":1247,"height":941,"caption":"Saskia Egas Reparaz, Hema"},{"@type":"BreadcrumbList","@id":"https:\/\/www.retaildetail.be\/fr\/news\/general\/la-famille-van-eerd-jumbo-rachete-entierement-hema\/#breadcrumb","itemListElement":[{"@type":"ListItem","position":1,"name":"Home","item":"https:\/\/www.retaildetail.be\/fr\/"},{"@type":"ListItem","position":2,"name":"La famille van Eerd (Jumbo) rach\u00e8te enti\u00e8rement Hema"}]},{"@type":"WebSite","@id":"https:\/\/www.retaildetail.be\/nl\/#website","url":"https:\/\/www.retaildetail.be\/nl\/","name":"RetailDetail BE","description":"News","publisher":{"@id":"https:\/\/www.retaildetail.be\/nl\/#organization"},"potentialAction":[{"@type":"SearchAction","target":{"@type":"EntryPoint","urlTemplate":"https:\/\/www.retaildetail.be\/nl\/?s={search_term_string}"},"query-input":{"@type":"PropertyValueSpecification","valueRequired":true,"valueName":"search_term_string"}}],"inLanguage":"fr-FR"},{"@type":"Organization","@id":"https:\/\/www.retaildetail.be\/nl\/#organization","name":"RetailDetail BE","url":"https:\/\/www.retaildetail.be\/nl\/","logo":{"@type":"ImageObject","inLanguage":"fr-FR","@id":"https:\/\/www.retaildetail.be\/nl\/#\/schema\/logo\/image\/","url":"https:\/\/www.retaildetail.be\/wp-content\/uploads\/2022\/04\/logo.svg","contentUrl":"https:\/\/www.retaildetail.be\/wp-content\/uploads\/2022\/04\/logo.svg","width":131,"height":70,"caption":"RetailDetail BE"},"image":{"@id":"https:\/\/www.retaildetail.be\/nl\/#\/schema\/logo\/image\/"}},{"@type":"Person","@id":"https:\/\/www.retaildetail.be\/nl\/#\/schema\/person\/51aec6069c4416aa2f68b2e4ff3455df","name":"Stefan Van Rompaey","image":{"@type":"ImageObject","inLanguage":"fr-FR","@id":"https:\/\/secure.gravatar.com\/avatar\/fbbb4a80a0f109888b2a5ab8ae255617499ecde533749b3ab2fa6c23b5d65dac?s=96&d=mm&r=g","url":"https:\/\/secure.gravatar.com\/avatar\/fbbb4a80a0f109888b2a5ab8ae255617499ecde533749b3ab2fa6c23b5d65dac?s=96&d=mm&r=g","contentUrl":"https:\/\/secure.gravatar.com\/avatar\/fbbb4a80a0f109888b2a5ab8ae255617499ecde533749b3ab2fa6c23b5d65dac?s=96&d=mm&r=g","caption":"Stefan Van Rompaey"},"url":"https:\/\/www.retaildetail.be\/fr\/author\/stefanvanrompaey\/"}]}},"jetpack_featured_media_url":"https:\/\/www.retaildetail.be\/wp-content\/uploads\/2025\/12\/Hema-Saskia-Egas-Reparaz-.jpg","jetpack_sharing_enabled":true,"_links":{"self":[{"href":"https:\/\/www.retaildetail.be\/fr\/wp-json\/wp\/v2\/posts\/136395","targetHints":{"allow":["GET"]}}],"collection":[{"href":"https:\/\/www.retaildetail.be\/fr\/wp-json\/wp\/v2\/posts"}],"about":[{"href":"https:\/\/www.retaildetail.be\/fr\/wp-json\/wp\/v2\/types\/post"}],"author":[{"embeddable":true,"href":"https:\/\/www.retaildetail.be\/fr\/wp-json\/wp\/v2\/users\/3"}],"replies":[{"embeddable":true,"href":"https:\/\/www.retaildetail.be\/fr\/wp-json\/wp\/v2\/comments?post=136395"}],"version-history":[{"count":1,"href":"https:\/\/www.retaildetail.be\/fr\/wp-json\/wp\/v2\/posts\/136395\/revisions"}],"predecessor-version":[{"id":136398,"href":"https:\/\/www.retaildetail.be\/fr\/wp-json\/wp\/v2\/posts\/136395\/revisions\/136398"}],"wp:featuredmedia":[{"embeddable":true,"href":"https:\/\/www.retaildetail.be\/fr\/wp-json\/wp\/v2\/media\/136396"}],"wp:attachment":[{"href":"https:\/\/www.retaildetail.be\/fr\/wp-json\/wp\/v2\/media?parent=136395"}],"wp:term":[{"taxonomy":"category","embeddable":true,"href":"https:\/\/www.retaildetail.be\/fr\/wp-json\/wp\/v2\/categories?post=136395"},{"taxonomy":"post_tag","embeddable":true,"href":"https:\/\/www.retaildetail.be\/fr\/wp-json\/wp\/v2\/tags?post=136395"},{"taxonomy":"people","embeddable":true,"href":"https:\/\/www.retaildetail.be\/fr\/wp-json\/wp\/v2\/people?post=136395"},{"taxonomy":"extra","embeddable":true,"href":"https:\/\/www.retaildetail.be\/fr\/wp-json\/wp\/v2\/extra?post=136395"},{"taxonomy":"company","embeddable":true,"href":"https:\/\/www.retaildetail.be\/fr\/wp-json\/wp\/v2\/company?post=136395"},{"taxonomy":"topic","embeddable":true,"href":"https:\/\/www.retaildetail.be\/fr\/wp-json\/wp\/v2\/topic?post=136395"},{"taxonomy":"region","embeddable":true,"href":"https:\/\/www.retaildetail.be\/fr\/wp-json\/wp\/v2\/region?post=136395"}],"curies":[{"name":"wp","href":"https:\/\/api.w.org\/{rel}","templated":true}]}}