{"id":137617,"date":"2025-12-15T12:47:03","date_gmt":"2025-12-15T11:47:03","guid":{"rendered":"https:\/\/www.retaildetail.be\/?p=137617"},"modified":"2025-12-15T12:47:04","modified_gmt":"2025-12-15T11:47:04","slug":"en-images-pret-a-manger-ouvre-ses-portes-dans-la-gare-danvers-central","status":"publish","type":"post","link":"https:\/\/www.retaildetail.be\/fr\/news\/food\/en-images-pret-a-manger-ouvre-ses-portes-dans-la-gare-danvers-central\/","title":{"rendered":"[En images] Pret A Manger ouvre ses portes dans la gare d&rsquo;Anvers-Central"},"content":{"rendered":"\n<div class=\"wp-block-jetpack-slideshow aligncenter\" data-effect=\"slide\"><div class=\"wp-block-jetpack-slideshow_container swiper\"><ul class=\"wp-block-jetpack-slideshow_swiper-wrapper swiper-wrapper\"><li class=\"wp-block-jetpack-slideshow_slide swiper-slide\"><figure><img loading=\"lazy\" decoding=\"async\" width=\"960\" height=\"640\" alt=\"\" class=\"wp-block-jetpack-slideshow_image wp-image-137604\" data-id=\"137604\" src=\"https:\/\/www.retaildetail.be\/wp-content\/uploads\/2025\/12\/A7401848-Aangepast.jpg\" srcset=\"https:\/\/www.retaildetail.be\/wp-content\/uploads\/2025\/12\/A7401848-Aangepast.jpg 960w, https:\/\/www.retaildetail.be\/wp-content\/uploads\/2025\/12\/A7401848-Aangepast-300x200.jpg 300w, https:\/\/www.retaildetail.be\/wp-content\/uploads\/2025\/12\/A7401848-Aangepast-768x512.jpg 768w, https:\/\/www.retaildetail.be\/wp-content\/uploads\/2025\/12\/A7401848-Aangepast-185x122.jpg 185w\" sizes=\"(max-width: 960px) 100vw, 960px\" \/><\/figure><\/li><li class=\"wp-block-jetpack-slideshow_slide swiper-slide\"><figure><img loading=\"lazy\" decoding=\"async\" width=\"960\" height=\"640\" alt=\"\" class=\"wp-block-jetpack-slideshow_image wp-image-137610\" data-id=\"137610\" src=\"https:\/\/www.retaildetail.be\/wp-content\/uploads\/2025\/12\/A7401854-Aangepast.jpg\" srcset=\"https:\/\/www.retaildetail.be\/wp-content\/uploads\/2025\/12\/A7401854-Aangepast.jpg 960w, https:\/\/www.retaildetail.be\/wp-content\/uploads\/2025\/12\/A7401854-Aangepast-300x200.jpg 300w, https:\/\/www.retaildetail.be\/wp-content\/uploads\/2025\/12\/A7401854-Aangepast-768x512.jpg 768w, https:\/\/www.retaildetail.be\/wp-content\/uploads\/2025\/12\/A7401854-Aangepast-185x122.jpg 185w\" sizes=\"(max-width: 960px) 100vw, 960px\" \/><\/figure><\/li><li class=\"wp-block-jetpack-slideshow_slide swiper-slide\"><figure><img loading=\"lazy\" decoding=\"async\" width=\"960\" height=\"640\" alt=\"\" class=\"wp-block-jetpack-slideshow_image wp-image-137606\" data-id=\"137606\" src=\"https:\/\/www.retaildetail.be\/wp-content\/uploads\/2025\/12\/A7401863-Aangepast.jpg\" srcset=\"https:\/\/www.retaildetail.be\/wp-content\/uploads\/2025\/12\/A7401863-Aangepast.jpg 960w, https:\/\/www.retaildetail.be\/wp-content\/uploads\/2025\/12\/A7401863-Aangepast-300x200.jpg 300w, https:\/\/www.retaildetail.be\/wp-content\/uploads\/2025\/12\/A7401863-Aangepast-768x512.jpg 768w, https:\/\/www.retaildetail.be\/wp-content\/uploads\/2025\/12\/A7401863-Aangepast-185x122.jpg 185w\" sizes=\"(max-width: 960px) 100vw, 960px\" \/><\/figure><\/li><li class=\"wp-block-jetpack-slideshow_slide swiper-slide\"><figure><img loading=\"lazy\" decoding=\"async\" width=\"960\" height=\"640\" alt=\"\" class=\"wp-block-jetpack-slideshow_image wp-image-137612\" data-id=\"137612\" src=\"https:\/\/www.retaildetail.be\/wp-content\/uploads\/2025\/12\/A7401859-Aangepast.jpg\" srcset=\"https:\/\/www.retaildetail.be\/wp-content\/uploads\/2025\/12\/A7401859-Aangepast.jpg 960w, https:\/\/www.retaildetail.be\/wp-content\/uploads\/2025\/12\/A7401859-Aangepast-300x200.jpg 300w, https:\/\/www.retaildetail.be\/wp-content\/uploads\/2025\/12\/A7401859-Aangepast-768x512.jpg 768w, https:\/\/www.retaildetail.be\/wp-content\/uploads\/2025\/12\/A7401859-Aangepast-185x122.jpg 185w\" sizes=\"(max-width: 960px) 100vw, 960px\" \/><\/figure><\/li><li class=\"wp-block-jetpack-slideshow_slide swiper-slide\"><figure><img loading=\"lazy\" decoding=\"async\" width=\"960\" height=\"640\" alt=\"\" class=\"wp-block-jetpack-slideshow_image wp-image-137608\" data-id=\"137608\" src=\"https:\/\/www.retaildetail.be\/wp-content\/uploads\/2025\/12\/A7401801-Aangepast.jpg\" srcset=\"https:\/\/www.retaildetail.be\/wp-content\/uploads\/2025\/12\/A7401801-Aangepast.jpg 960w, https:\/\/www.retaildetail.be\/wp-content\/uploads\/2025\/12\/A7401801-Aangepast-300x200.jpg 300w, https:\/\/www.retaildetail.be\/wp-content\/uploads\/2025\/12\/A7401801-Aangepast-768x512.jpg 768w, https:\/\/www.retaildetail.be\/wp-content\/uploads\/2025\/12\/A7401801-Aangepast-185x122.jpg 185w\" sizes=\"(max-width: 960px) 100vw, 960px\" \/><\/figure><\/li><li class=\"wp-block-jetpack-slideshow_slide swiper-slide\"><figure><img loading=\"lazy\" decoding=\"async\" width=\"640\" height=\"960\" alt=\"\" class=\"wp-block-jetpack-slideshow_image wp-image-137602\" data-id=\"137602\" src=\"https:\/\/www.retaildetail.be\/wp-content\/uploads\/2025\/12\/A7401813-Aangepast.jpg\" srcset=\"https:\/\/www.retaildetail.be\/wp-content\/uploads\/2025\/12\/A7401813-Aangepast.jpg 640w, https:\/\/www.retaildetail.be\/wp-content\/uploads\/2025\/12\/A7401813-Aangepast-200x300.jpg 200w\" sizes=\"(max-width: 640px) 100vw, 640px\" \/><\/figure><\/li><li class=\"wp-block-jetpack-slideshow_slide swiper-slide\"><figure><img loading=\"lazy\" decoding=\"async\" width=\"640\" height=\"800\" alt=\"\" class=\"wp-block-jetpack-slideshow_image wp-image-137600\" data-id=\"137600\" src=\"https:\/\/www.retaildetail.be\/wp-content\/uploads\/2025\/12\/MG_0056-Aangepast.jpg\" srcset=\"https:\/\/www.retaildetail.be\/wp-content\/uploads\/2025\/12\/MG_0056-Aangepast.jpg 640w, https:\/\/www.retaildetail.be\/wp-content\/uploads\/2025\/12\/MG_0056-Aangepast-240x300.jpg 240w\" sizes=\"(max-width: 640px) 100vw, 640px\" \/><\/figure><\/li><\/ul><a class=\"wp-block-jetpack-slideshow_button-prev swiper-button-prev swiper-button-white\" role=\"button\"><\/a><a class=\"wp-block-jetpack-slideshow_button-next swiper-button-next swiper-button-white\" role=\"button\"><\/a><a aria-label=\"Pause Slideshow\" class=\"wp-block-jetpack-slideshow_button-pause\" role=\"button\"><\/a><div class=\"wp-block-jetpack-slideshow_pagination swiper-pagination swiper-pagination-white\"><\/div><\/div><\/div>\n\n\n\n<p>Le mardi 16 d\u00e9cembre, la cha\u00eene britannique de sandwicheries <strong>Pret A Manger<\/strong> ouvrira son premier \u00e9tablissement en Flandre, le deuxi\u00e8me en Belgique. C&rsquo;est la gare d&rsquo;Anvers-Central qui aura l&rsquo;honneur d&rsquo;accueillir cette premi\u00e8re.<\/p>\n\n\n\n<h2 class=\"wp-block-heading\">Adapt\u00e9 aux voyageurs<\/h2>\n\n\n\n<p>Le nouveau magasin Pret A Manger, situ\u00e9 dans l&rsquo;ancienne salle des guichets de la gare et \u00e0 deux pas de l&rsquo;entr\u00e9e du zoo d&rsquo;Anvers, dispose de 78 places assises, dont 32 en terrasse. Le restaurant est ouvert sept jours sur sept : du lundi au samedi de 6 h \u00e0 21 h et le dimanche de 7 h \u00e0 21 h.<\/p>\n\n\n\n<p>Le concept est con\u00e7u sur mesure pour les voyageurs : rapide et pratique, avec des produits chauds ou froids faciles \u00e0 emporter et disponibles toute la journ\u00e9e. Des sandwichs, des baguettes, des wraps, des pains pita et des salades sont pr\u00e9par\u00e9s chaque jour sur place avec des ingr\u00e9dients de saison. Les clients trouveront \u00e9galement dans l&rsquo;offre une large gamme de produits v\u00e9g\u00e9tariens et sans gluten, du caf\u00e9 biologique, des smoothies, des frapp\u00e9s et des boissons fra\u00eeches.<\/p>\n\n\n\n<h2 class=\"wp-block-heading\">Exploit\u00e9 par SSP<\/h2>\n\n\n\n<p>Fond\u00e9 \u00e0 Londres en 1986, Pret A Manger compte aujourd&rsquo;hui plus de 700 \u00e9tablissements dans 20 pays \u00e0 travers le monde. Les \u00e9tablissements belges sont exploit\u00e9s par SSP, un sp\u00e9cialiste international des points de vente dans les lieux tr\u00e8s fr\u00e9quent\u00e9s, pr\u00e9sent dans 38 pays. SSP Belgium exploite 74 points de vente, dont 33 Panos.<\/p>\n\n\n\n<p>\u00ab L&rsquo;ouverture du premier \u00e9tablissement Pret A Manger en Flandre, dans la gare d&rsquo;Anvers, un joyau architectural et l&rsquo;une des plus belles gares au monde, constitue une \u00e9tape importante pour SSP en Belgique. Il s&rsquo;agit du deuxi\u00e8me Pret A Manger en Belgique, apr\u00e8s celui de Bruxelles-Midi ouvert en 2019, et de notre 42e \u00e9tablissement de la c\u00e9l\u00e8bre marque britannique sous SSP dans le monde \u00bb, d\u00e9clare Stan Monheim, directeur de SSP FraBeLux.<\/p>\n","protected":false},"excerpt":{"rendered":"<p>Le mardi 16 d\u00e9cembre, la cha\u00eene britannique de sandwicheries Pret A Manger ouvrira son premier \u00e9tablissement en Flandre, le deuxi\u00e8me en Belgique. C&rsquo;est la gare d&rsquo;Anvers-Central qui aura l&rsquo;honneur d&rsquo;accueillir cette premi\u00e8re.<\/p>\n","protected":false},"author":3,"featured_media":137618,"comment_status":"closed","ping_status":"closed","sticky":false,"template":"template-gallery.php","format":"standard","meta":{"_acf_changed":false,"inline_featured_image":false,"_jetpack_memberships_contains_paid_content":false,"footnotes":""},"categories":[18,24],"tags":[],"people":[],"extra":[],"company":[1917],"topic":[1262,310],"region":[561],"class_list":{"0":"post-137617","1":"post","2":"type-post","3":"status-publish","4":"format-standard","5":"has-post-thumbnail","6":"hentry","7":"category-food","9":"company-pret-a-manger","10":"topic-en-images","11":"topic-ouverture-de-magasin","12":"region-anvers"},"acf":[],"yoast_head":"<!-- This site is optimized with the Yoast SEO plugin v27.3 - https:\/\/yoast.com\/product\/yoast-seo-wordpress\/ -->\n<title>[En images] Pret A Manger ouvre ses portes dans la gare d&#039;Anvers-Central - RetailDetail BE<\/title>\n<meta name=\"description\" content=\"Le mardi 16 d\u00e9cembre, la cha\u00eene britannique de sandwicheries Pret A Manger ouvrira son premier \u00e9tablissement en Flandre, le deuxi\u00e8me en Belgique.\" \/>\n<meta name=\"robots\" content=\"index, follow, max-snippet:-1, max-image-preview:large, max-video-preview:-1\" \/>\n<link rel=\"canonical\" href=\"https:\/\/www.retaildetail.be\/fr\/news\/food\/en-images-pret-a-manger-ouvre-ses-portes-dans-la-gare-danvers-central\/\" \/>\n<meta property=\"og:locale\" content=\"fr_FR\" \/>\n<meta property=\"og:type\" content=\"article\" \/>\n<meta property=\"og:title\" content=\"[En images] Pret A Manger ouvre ses portes dans la gare d&#039;Anvers-Central - RetailDetail BE\" \/>\n<meta property=\"og:description\" content=\"Le mardi 16 d\u00e9cembre, la cha\u00eene britannique de sandwicheries Pret A Manger ouvrira son premier \u00e9tablissement en Flandre, le deuxi\u00e8me en Belgique.\" \/>\n<meta property=\"og:url\" content=\"https:\/\/www.retaildetail.be\/fr\/news\/food\/en-images-pret-a-manger-ouvre-ses-portes-dans-la-gare-danvers-central\/\" \/>\n<meta property=\"og:site_name\" content=\"RetailDetail BE\" \/>\n<meta property=\"article:published_time\" content=\"2025-12-15T11:47:03+00:00\" \/>\n<meta property=\"article:modified_time\" content=\"2025-12-15T11:47:04+00:00\" \/>\n<meta property=\"og:image\" content=\"https:\/\/www.retaildetail.be\/wp-content\/uploads\/2025\/12\/A7401859-Aangepast-1.jpg\" \/>\n\t<meta property=\"og:image:width\" content=\"960\" \/>\n\t<meta property=\"og:image:height\" content=\"640\" \/>\n\t<meta property=\"og:image:type\" content=\"image\/jpeg\" \/>\n<meta name=\"author\" content=\"Stefan Van Rompaey\" \/>\n<meta name=\"twitter:card\" content=\"summary_large_image\" \/>\n<meta name=\"twitter:label1\" content=\"\u00c9crit par\" \/>\n\t<meta name=\"twitter:data1\" content=\"Stefan Van Rompaey\" \/>\n\t<meta name=\"twitter:label2\" content=\"Dur\u00e9e de lecture estim\u00e9e\" \/>\n\t<meta name=\"twitter:data2\" content=\"2 minutes\" \/>\n<script type=\"application\/ld+json\" class=\"yoast-schema-graph\">{\"@context\":\"https:\\\/\\\/schema.org\",\"@graph\":[{\"@type\":\"NewsArticle\",\"@id\":\"https:\\\/\\\/www.retaildetail.be\\\/fr\\\/news\\\/food\\\/en-images-pret-a-manger-ouvre-ses-portes-dans-la-gare-danvers-central\\\/#article\",\"isPartOf\":{\"@id\":\"https:\\\/\\\/www.retaildetail.be\\\/fr\\\/news\\\/food\\\/en-images-pret-a-manger-ouvre-ses-portes-dans-la-gare-danvers-central\\\/\"},\"author\":{\"name\":\"Stefan Van Rompaey\",\"@id\":\"https:\\\/\\\/www.retaildetail.be\\\/nl\\\/#\\\/schema\\\/person\\\/51aec6069c4416aa2f68b2e4ff3455df\"},\"headline\":\"[En images] Pret A Manger ouvre ses portes dans la gare d&rsquo;Anvers-Central\",\"datePublished\":\"2025-12-15T11:47:03+00:00\",\"dateModified\":\"2025-12-15T11:47:04+00:00\",\"mainEntityOfPage\":{\"@id\":\"https:\\\/\\\/www.retaildetail.be\\\/fr\\\/news\\\/food\\\/en-images-pret-a-manger-ouvre-ses-portes-dans-la-gare-danvers-central\\\/\"},\"wordCount\":328,\"publisher\":{\"@id\":\"https:\\\/\\\/www.retaildetail.be\\\/nl\\\/#organization\"},\"image\":{\"@id\":\"https:\\\/\\\/www.retaildetail.be\\\/fr\\\/news\\\/food\\\/en-images-pret-a-manger-ouvre-ses-portes-dans-la-gare-danvers-central\\\/#primaryimage\"},\"thumbnailUrl\":\"https:\\\/\\\/www.retaildetail.be\\\/wp-content\\\/uploads\\\/2025\\\/12\\\/A7401859-Aangepast-1.jpg\",\"articleSection\":[\"Food\",\"Food\"],\"inLanguage\":\"fr-FR\",\"copyrightYear\":\"2025\",\"copyrightHolder\":{\"@id\":\"https:\\\/\\\/www.retaildetail.be\\\/#organization\"}},{\"@type\":\"WebPage\",\"@id\":\"https:\\\/\\\/www.retaildetail.be\\\/fr\\\/news\\\/food\\\/en-images-pret-a-manger-ouvre-ses-portes-dans-la-gare-danvers-central\\\/\",\"url\":\"https:\\\/\\\/www.retaildetail.be\\\/fr\\\/news\\\/food\\\/en-images-pret-a-manger-ouvre-ses-portes-dans-la-gare-danvers-central\\\/\",\"name\":\"[En images] Pret A Manger ouvre ses portes dans la gare d'Anvers-Central - RetailDetail BE\",\"isPartOf\":{\"@id\":\"https:\\\/\\\/www.retaildetail.be\\\/nl\\\/#website\"},\"primaryImageOfPage\":{\"@id\":\"https:\\\/\\\/www.retaildetail.be\\\/fr\\\/news\\\/food\\\/en-images-pret-a-manger-ouvre-ses-portes-dans-la-gare-danvers-central\\\/#primaryimage\"},\"image\":{\"@id\":\"https:\\\/\\\/www.retaildetail.be\\\/fr\\\/news\\\/food\\\/en-images-pret-a-manger-ouvre-ses-portes-dans-la-gare-danvers-central\\\/#primaryimage\"},\"thumbnailUrl\":\"https:\\\/\\\/www.retaildetail.be\\\/wp-content\\\/uploads\\\/2025\\\/12\\\/A7401859-Aangepast-1.jpg\",\"datePublished\":\"2025-12-15T11:47:03+00:00\",\"dateModified\":\"2025-12-15T11:47:04+00:00\",\"description\":\"Le mardi 16 d\u00e9cembre, la cha\u00eene britannique de sandwicheries Pret A Manger ouvrira son premier \u00e9tablissement en Flandre, le deuxi\u00e8me en Belgique.\",\"breadcrumb\":{\"@id\":\"https:\\\/\\\/www.retaildetail.be\\\/fr\\\/news\\\/food\\\/en-images-pret-a-manger-ouvre-ses-portes-dans-la-gare-danvers-central\\\/#breadcrumb\"},\"inLanguage\":\"fr-FR\",\"potentialAction\":[{\"@type\":\"ReadAction\",\"target\":[\"https:\\\/\\\/www.retaildetail.be\\\/fr\\\/news\\\/food\\\/en-images-pret-a-manger-ouvre-ses-portes-dans-la-gare-danvers-central\\\/\"]}]},{\"@type\":\"ImageObject\",\"inLanguage\":\"fr-FR\",\"@id\":\"https:\\\/\\\/www.retaildetail.be\\\/fr\\\/news\\\/food\\\/en-images-pret-a-manger-ouvre-ses-portes-dans-la-gare-danvers-central\\\/#primaryimage\",\"url\":\"https:\\\/\\\/www.retaildetail.be\\\/wp-content\\\/uploads\\\/2025\\\/12\\\/A7401859-Aangepast-1.jpg\",\"contentUrl\":\"https:\\\/\\\/www.retaildetail.be\\\/wp-content\\\/uploads\\\/2025\\\/12\\\/A7401859-Aangepast-1.jpg\",\"width\":960,\"height\":640},{\"@type\":\"BreadcrumbList\",\"@id\":\"https:\\\/\\\/www.retaildetail.be\\\/fr\\\/news\\\/food\\\/en-images-pret-a-manger-ouvre-ses-portes-dans-la-gare-danvers-central\\\/#breadcrumb\",\"itemListElement\":[{\"@type\":\"ListItem\",\"position\":1,\"name\":\"Home\",\"item\":\"https:\\\/\\\/www.retaildetail.be\\\/fr\\\/\"},{\"@type\":\"ListItem\",\"position\":2,\"name\":\"[En images] Pret A Manger ouvre ses portes dans la gare d&#8217;Anvers-Central\"}]},{\"@type\":\"WebSite\",\"@id\":\"https:\\\/\\\/www.retaildetail.be\\\/nl\\\/#website\",\"url\":\"https:\\\/\\\/www.retaildetail.be\\\/nl\\\/\",\"name\":\"RetailDetail BE\",\"description\":\"News\",\"publisher\":{\"@id\":\"https:\\\/\\\/www.retaildetail.be\\\/nl\\\/#organization\"},\"potentialAction\":[{\"@type\":\"SearchAction\",\"target\":{\"@type\":\"EntryPoint\",\"urlTemplate\":\"https:\\\/\\\/www.retaildetail.be\\\/nl\\\/?s={search_term_string}\"},\"query-input\":{\"@type\":\"PropertyValueSpecification\",\"valueRequired\":true,\"valueName\":\"search_term_string\"}}],\"inLanguage\":\"fr-FR\"},{\"@type\":\"Organization\",\"@id\":\"https:\\\/\\\/www.retaildetail.be\\\/nl\\\/#organization\",\"name\":\"RetailDetail BE\",\"url\":\"https:\\\/\\\/www.retaildetail.be\\\/nl\\\/\",\"logo\":{\"@type\":\"ImageObject\",\"inLanguage\":\"fr-FR\",\"@id\":\"https:\\\/\\\/www.retaildetail.be\\\/nl\\\/#\\\/schema\\\/logo\\\/image\\\/\",\"url\":\"https:\\\/\\\/www.retaildetail.be\\\/wp-content\\\/uploads\\\/2022\\\/04\\\/logo.svg\",\"contentUrl\":\"https:\\\/\\\/www.retaildetail.be\\\/wp-content\\\/uploads\\\/2022\\\/04\\\/logo.svg\",\"width\":131,\"height\":70,\"caption\":\"RetailDetail BE\"},\"image\":{\"@id\":\"https:\\\/\\\/www.retaildetail.be\\\/nl\\\/#\\\/schema\\\/logo\\\/image\\\/\"}},{\"@type\":\"Person\",\"@id\":\"https:\\\/\\\/www.retaildetail.be\\\/nl\\\/#\\\/schema\\\/person\\\/51aec6069c4416aa2f68b2e4ff3455df\",\"name\":\"Stefan Van Rompaey\",\"image\":{\"@type\":\"ImageObject\",\"inLanguage\":\"fr-FR\",\"@id\":\"https:\\\/\\\/secure.gravatar.com\\\/avatar\\\/fbbb4a80a0f109888b2a5ab8ae255617499ecde533749b3ab2fa6c23b5d65dac?s=96&d=mm&r=g\",\"url\":\"https:\\\/\\\/secure.gravatar.com\\\/avatar\\\/fbbb4a80a0f109888b2a5ab8ae255617499ecde533749b3ab2fa6c23b5d65dac?s=96&d=mm&r=g\",\"contentUrl\":\"https:\\\/\\\/secure.gravatar.com\\\/avatar\\\/fbbb4a80a0f109888b2a5ab8ae255617499ecde533749b3ab2fa6c23b5d65dac?s=96&d=mm&r=g\",\"caption\":\"Stefan Van Rompaey\"},\"url\":\"https:\\\/\\\/www.retaildetail.be\\\/fr\\\/author\\\/stefanvanrompaey\\\/\"}]}<\/script>\n<!-- \/ Yoast SEO plugin. -->","yoast_head_json":{"title":"[En images] Pret A Manger ouvre ses portes dans la gare d'Anvers-Central - RetailDetail BE","description":"Le mardi 16 d\u00e9cembre, la cha\u00eene britannique de sandwicheries Pret A Manger ouvrira son premier \u00e9tablissement en Flandre, le deuxi\u00e8me en Belgique.","robots":{"index":"index","follow":"follow","max-snippet":"max-snippet:-1","max-image-preview":"max-image-preview:large","max-video-preview":"max-video-preview:-1"},"canonical":"https:\/\/www.retaildetail.be\/fr\/news\/food\/en-images-pret-a-manger-ouvre-ses-portes-dans-la-gare-danvers-central\/","og_locale":"fr_FR","og_type":"article","og_title":"[En images] Pret A Manger ouvre ses portes dans la gare d'Anvers-Central - RetailDetail BE","og_description":"Le mardi 16 d\u00e9cembre, la cha\u00eene britannique de sandwicheries Pret A Manger ouvrira son premier \u00e9tablissement en Flandre, le deuxi\u00e8me en Belgique.","og_url":"https:\/\/www.retaildetail.be\/fr\/news\/food\/en-images-pret-a-manger-ouvre-ses-portes-dans-la-gare-danvers-central\/","og_site_name":"RetailDetail BE","article_published_time":"2025-12-15T11:47:03+00:00","article_modified_time":"2025-12-15T11:47:04+00:00","og_image":[{"width":960,"height":640,"url":"https:\/\/www.retaildetail.be\/wp-content\/uploads\/2025\/12\/A7401859-Aangepast-1.jpg","type":"image\/jpeg"}],"author":"Stefan Van Rompaey","twitter_card":"summary_large_image","twitter_misc":{"\u00c9crit par":"Stefan Van Rompaey","Dur\u00e9e de lecture estim\u00e9e":"2 minutes"},"schema":{"@context":"https:\/\/schema.org","@graph":[{"@type":"NewsArticle","@id":"https:\/\/www.retaildetail.be\/fr\/news\/food\/en-images-pret-a-manger-ouvre-ses-portes-dans-la-gare-danvers-central\/#article","isPartOf":{"@id":"https:\/\/www.retaildetail.be\/fr\/news\/food\/en-images-pret-a-manger-ouvre-ses-portes-dans-la-gare-danvers-central\/"},"author":{"name":"Stefan Van Rompaey","@id":"https:\/\/www.retaildetail.be\/nl\/#\/schema\/person\/51aec6069c4416aa2f68b2e4ff3455df"},"headline":"[En images] Pret A Manger ouvre ses portes dans la gare d&rsquo;Anvers-Central","datePublished":"2025-12-15T11:47:03+00:00","dateModified":"2025-12-15T11:47:04+00:00","mainEntityOfPage":{"@id":"https:\/\/www.retaildetail.be\/fr\/news\/food\/en-images-pret-a-manger-ouvre-ses-portes-dans-la-gare-danvers-central\/"},"wordCount":328,"publisher":{"@id":"https:\/\/www.retaildetail.be\/nl\/#organization"},"image":{"@id":"https:\/\/www.retaildetail.be\/fr\/news\/food\/en-images-pret-a-manger-ouvre-ses-portes-dans-la-gare-danvers-central\/#primaryimage"},"thumbnailUrl":"https:\/\/www.retaildetail.be\/wp-content\/uploads\/2025\/12\/A7401859-Aangepast-1.jpg","articleSection":["Food","Food"],"inLanguage":"fr-FR","copyrightYear":"2025","copyrightHolder":{"@id":"https:\/\/www.retaildetail.be\/#organization"}},{"@type":"WebPage","@id":"https:\/\/www.retaildetail.be\/fr\/news\/food\/en-images-pret-a-manger-ouvre-ses-portes-dans-la-gare-danvers-central\/","url":"https:\/\/www.retaildetail.be\/fr\/news\/food\/en-images-pret-a-manger-ouvre-ses-portes-dans-la-gare-danvers-central\/","name":"[En images] Pret A Manger ouvre ses portes dans la gare d'Anvers-Central - RetailDetail BE","isPartOf":{"@id":"https:\/\/www.retaildetail.be\/nl\/#website"},"primaryImageOfPage":{"@id":"https:\/\/www.retaildetail.be\/fr\/news\/food\/en-images-pret-a-manger-ouvre-ses-portes-dans-la-gare-danvers-central\/#primaryimage"},"image":{"@id":"https:\/\/www.retaildetail.be\/fr\/news\/food\/en-images-pret-a-manger-ouvre-ses-portes-dans-la-gare-danvers-central\/#primaryimage"},"thumbnailUrl":"https:\/\/www.retaildetail.be\/wp-content\/uploads\/2025\/12\/A7401859-Aangepast-1.jpg","datePublished":"2025-12-15T11:47:03+00:00","dateModified":"2025-12-15T11:47:04+00:00","description":"Le mardi 16 d\u00e9cembre, la cha\u00eene britannique de sandwicheries Pret A Manger ouvrira son premier \u00e9tablissement en Flandre, le deuxi\u00e8me en Belgique.","breadcrumb":{"@id":"https:\/\/www.retaildetail.be\/fr\/news\/food\/en-images-pret-a-manger-ouvre-ses-portes-dans-la-gare-danvers-central\/#breadcrumb"},"inLanguage":"fr-FR","potentialAction":[{"@type":"ReadAction","target":["https:\/\/www.retaildetail.be\/fr\/news\/food\/en-images-pret-a-manger-ouvre-ses-portes-dans-la-gare-danvers-central\/"]}]},{"@type":"ImageObject","inLanguage":"fr-FR","@id":"https:\/\/www.retaildetail.be\/fr\/news\/food\/en-images-pret-a-manger-ouvre-ses-portes-dans-la-gare-danvers-central\/#primaryimage","url":"https:\/\/www.retaildetail.be\/wp-content\/uploads\/2025\/12\/A7401859-Aangepast-1.jpg","contentUrl":"https:\/\/www.retaildetail.be\/wp-content\/uploads\/2025\/12\/A7401859-Aangepast-1.jpg","width":960,"height":640},{"@type":"BreadcrumbList","@id":"https:\/\/www.retaildetail.be\/fr\/news\/food\/en-images-pret-a-manger-ouvre-ses-portes-dans-la-gare-danvers-central\/#breadcrumb","itemListElement":[{"@type":"ListItem","position":1,"name":"Home","item":"https:\/\/www.retaildetail.be\/fr\/"},{"@type":"ListItem","position":2,"name":"[En images] Pret A Manger ouvre ses portes dans la gare d&#8217;Anvers-Central"}]},{"@type":"WebSite","@id":"https:\/\/www.retaildetail.be\/nl\/#website","url":"https:\/\/www.retaildetail.be\/nl\/","name":"RetailDetail BE","description":"News","publisher":{"@id":"https:\/\/www.retaildetail.be\/nl\/#organization"},"potentialAction":[{"@type":"SearchAction","target":{"@type":"EntryPoint","urlTemplate":"https:\/\/www.retaildetail.be\/nl\/?s={search_term_string}"},"query-input":{"@type":"PropertyValueSpecification","valueRequired":true,"valueName":"search_term_string"}}],"inLanguage":"fr-FR"},{"@type":"Organization","@id":"https:\/\/www.retaildetail.be\/nl\/#organization","name":"RetailDetail BE","url":"https:\/\/www.retaildetail.be\/nl\/","logo":{"@type":"ImageObject","inLanguage":"fr-FR","@id":"https:\/\/www.retaildetail.be\/nl\/#\/schema\/logo\/image\/","url":"https:\/\/www.retaildetail.be\/wp-content\/uploads\/2022\/04\/logo.svg","contentUrl":"https:\/\/www.retaildetail.be\/wp-content\/uploads\/2022\/04\/logo.svg","width":131,"height":70,"caption":"RetailDetail BE"},"image":{"@id":"https:\/\/www.retaildetail.be\/nl\/#\/schema\/logo\/image\/"}},{"@type":"Person","@id":"https:\/\/www.retaildetail.be\/nl\/#\/schema\/person\/51aec6069c4416aa2f68b2e4ff3455df","name":"Stefan Van Rompaey","image":{"@type":"ImageObject","inLanguage":"fr-FR","@id":"https:\/\/secure.gravatar.com\/avatar\/fbbb4a80a0f109888b2a5ab8ae255617499ecde533749b3ab2fa6c23b5d65dac?s=96&d=mm&r=g","url":"https:\/\/secure.gravatar.com\/avatar\/fbbb4a80a0f109888b2a5ab8ae255617499ecde533749b3ab2fa6c23b5d65dac?s=96&d=mm&r=g","contentUrl":"https:\/\/secure.gravatar.com\/avatar\/fbbb4a80a0f109888b2a5ab8ae255617499ecde533749b3ab2fa6c23b5d65dac?s=96&d=mm&r=g","caption":"Stefan Van Rompaey"},"url":"https:\/\/www.retaildetail.be\/fr\/author\/stefanvanrompaey\/"}]}},"jetpack_featured_media_url":"https:\/\/www.retaildetail.be\/wp-content\/uploads\/2025\/12\/A7401859-Aangepast-1.jpg","jetpack_sharing_enabled":true,"_links":{"self":[{"href":"https:\/\/www.retaildetail.be\/fr\/wp-json\/wp\/v2\/posts\/137617","targetHints":{"allow":["GET"]}}],"collection":[{"href":"https:\/\/www.retaildetail.be\/fr\/wp-json\/wp\/v2\/posts"}],"about":[{"href":"https:\/\/www.retaildetail.be\/fr\/wp-json\/wp\/v2\/types\/post"}],"author":[{"embeddable":true,"href":"https:\/\/www.retaildetail.be\/fr\/wp-json\/wp\/v2\/users\/3"}],"replies":[{"embeddable":true,"href":"https:\/\/www.retaildetail.be\/fr\/wp-json\/wp\/v2\/comments?post=137617"}],"version-history":[{"count":1,"href":"https:\/\/www.retaildetail.be\/fr\/wp-json\/wp\/v2\/posts\/137617\/revisions"}],"predecessor-version":[{"id":137621,"href":"https:\/\/www.retaildetail.be\/fr\/wp-json\/wp\/v2\/posts\/137617\/revisions\/137621"}],"wp:featuredmedia":[{"embeddable":true,"href":"https:\/\/www.retaildetail.be\/fr\/wp-json\/wp\/v2\/media\/137618"}],"wp:attachment":[{"href":"https:\/\/www.retaildetail.be\/fr\/wp-json\/wp\/v2\/media?parent=137617"}],"wp:term":[{"taxonomy":"category","embeddable":true,"href":"https:\/\/www.retaildetail.be\/fr\/wp-json\/wp\/v2\/categories?post=137617"},{"taxonomy":"post_tag","embeddable":true,"href":"https:\/\/www.retaildetail.be\/fr\/wp-json\/wp\/v2\/tags?post=137617"},{"taxonomy":"people","embeddable":true,"href":"https:\/\/www.retaildetail.be\/fr\/wp-json\/wp\/v2\/people?post=137617"},{"taxonomy":"extra","embeddable":true,"href":"https:\/\/www.retaildetail.be\/fr\/wp-json\/wp\/v2\/extra?post=137617"},{"taxonomy":"company","embeddable":true,"href":"https:\/\/www.retaildetail.be\/fr\/wp-json\/wp\/v2\/company?post=137617"},{"taxonomy":"topic","embeddable":true,"href":"https:\/\/www.retaildetail.be\/fr\/wp-json\/wp\/v2\/topic?post=137617"},{"taxonomy":"region","embeddable":true,"href":"https:\/\/www.retaildetail.be\/fr\/wp-json\/wp\/v2\/region?post=137617"}],"curies":[{"name":"wp","href":"https:\/\/api.w.org\/{rel}","templated":true}]}}